{"id":268395,"date":"2020-09-28T14:00:39","date_gmt":"2020-09-28T17:00:39","guid":{"rendered":"http:\/\/quersaberpolitica.com.br\/2016\/?p=268395"},"modified":"2020-09-28T13:14:33","modified_gmt":"2020-09-28T16:14:33","slug":"eleicoes-2020-coronel-anselmo-e-targino-gondim-colocam-campanha-na-rua-com-primeiro-dia-intenso-no-projeto-manicoba","status":"publish","type":"post","link":"https:\/\/blogdofarnesio.com.br\/?p=268395","title":{"rendered":"Elei\u00e7\u00f5es 2020: Coronel Anselmo e Targino Gondim colocam campanha na rua, com primeiro dia intenso no projeto Mani\u00e7oba"},"content":{"rendered":"<p dir=\"ltr\">Em seu primeiro dia de campanha, o Coronel Anselmo Bispo (DEM) e o cantor Targino Gondim (Cidadania), candidatos a prefeito e a vice na Coliga\u00e7\u00e3o Juazeiro Daqui Pra Frente\u00a0 participaram neste domingo (27), de uma reuni\u00e3o com produtores no Projeto de Irriga\u00e7\u00e3o\u00a0 Mani\u00e7oba.<\/p>\n<p dir=\"ltr\">O Coronel Anselmo exp\u00f4s as suas ideias para os projetos irrigados de Juazeiro e respondeu aos questionamentos dos produtores. A reuni\u00e3o aconteceu na casa da fam\u00edlia do produtor rural, Jo\u00e3o Alves, apoiador do Coronel e quem solicitou o encontro.<\/p>\n<p dir=\"ltr\">A falta de infraestrutura como pavimenta\u00e7\u00e3o e saneamento foram apresentadas como as maiores demandas dos agricultores que moram no Projeto Mani\u00e7oba.<\/p>\n<p dir=\"ltr\">O Coronel disse que vai inverter a l\u00f3gica da atual gest\u00e3o: &#8220;N\u00f3s vamos governar do interior para a sede e da periferia para o centro, onde h\u00e1 menos a\u00e7\u00f5es do poder p\u00fablico municipal\u02dc.<\/p>\n","protected":false},"excerpt":{"rendered":"<p>Em seu primeiro dia de campanha, o Coronel Anselmo Bispo (DEM) e o cantor Targino Gondim (Cidadania), candidatos a prefeito e a vice na Coliga\u00e7\u00e3o Juazeiro Daqui Pra Frente\u00a0 participaram neste domingo (27), de uma reuni\u00e3o com produtores no Projeto de Irriga\u00e7\u00e3o\u00a0 Mani\u00e7oba. O Coronel Anselmo exp\u00f4s as suas ideias para os projetos irrigados de Juazeiro e respondeu aos questionamentos dos produtores. A reuni\u00e3o aconteceu na casa da fam\u00edlia do produtor rural, Jo\u00e3o Alves, apoiador do Coronel e quem solicitou o encontro. A falta de infraestrutura como pavimenta\u00e7\u00e3o e saneamento foram apresentadas como as maiores demandas dos agricultores que moram no Projeto Mani\u00e7oba. O Coronel disse que vai inverter a l\u00f3gica da atual gest\u00e3o: &#8220;N\u00f3s vamos governar do interior para&hellip; <\/p>\n","protected":false},"author":1,"featured_media":268397,"comment_status":"closed","ping_status":"closed","sticky":false,"template":"","format":"standard","meta":{"_acf_changed":false,"footnotes":""},"categories":[34],"tags":[],"class_list":["post-268395","post","type-post","status-publish","format-standard","has-post-thumbnail","hentry","category-eleicoes"],"acf":[],"yoast_head":"<!-- This site is optimized with the Yoast SEO plugin v27.4 - https:\/\/yoast.com\/product\/yoast-seo-wordpress\/ -->\n<title>Elei\u00e7\u00f5es 2020: Coronel Anselmo e Targino Gondim colocam campanha na rua, com primeiro dia intenso no projeto Mani\u00e7oba - Blog do Farn\u00e9sio<\/title>\n<meta name=\"robots\" content=\"index, follow, max-snippet:-1, max-image-preview:large, max-video-preview:-1\" \/>\n<link rel=\"canonical\" href=\"https:\/\/blogdofarnesio.com.br\/?p=268395\" \/>\n<meta property=\"og:locale\" content=\"pt_BR\" \/>\n<meta property=\"og:type\" content=\"article\" \/>\n<meta property=\"og:title\" content=\"Elei\u00e7\u00f5es 2020: Coronel Anselmo e Targino Gondim colocam campanha na rua, com primeiro dia intenso no projeto Mani\u00e7oba - Blog do Farn\u00e9sio\" \/>\n<meta property=\"og:description\" content=\"Em seu primeiro dia de campanha, o Coronel Anselmo Bispo (DEM) e o cantor Targino Gondim (Cidadania), candidatos a prefeito e a vice na Coliga\u00e7\u00e3o Juazeiro Daqui Pra Frente\u00a0 participaram neste domingo (27), de uma reuni\u00e3o com produtores no Projeto de Irriga\u00e7\u00e3o\u00a0 Mani\u00e7oba. O Coronel Anselmo exp\u00f4s as suas ideias para os projetos irrigados de Juazeiro e respondeu aos questionamentos dos produtores. A reuni\u00e3o aconteceu na casa da fam\u00edlia do produtor rural, Jo\u00e3o Alves, apoiador do Coronel e quem solicitou o encontro. A falta de infraestrutura como pavimenta\u00e7\u00e3o e saneamento foram apresentadas como as maiores demandas dos agricultores que moram no Projeto Mani\u00e7oba. O Coronel disse que vai inverter a l\u00f3gica da atual gest\u00e3o: &#8220;N\u00f3s vamos governar do interior para&hellip;\" \/>\n<meta property=\"og:url\" content=\"https:\/\/blogdofarnesio.com.br\/?p=268395\" \/>\n<meta property=\"og:site_name\" content=\"Blog do Farn\u00e9sio\" \/>\n<meta property=\"article:publisher\" content=\"https:\/\/www.facebook.com\/BlogQuerSaberPolitica\/\" \/>\n<meta property=\"article:published_time\" content=\"2020-09-28T17:00:39+00:00\" \/>\n<meta property=\"og:image\" content=\"https:\/\/blogdofarnesio.com.br\/wp-content\/uploads\/2020\/09\/blogqspjua-cor-anselmo-targino-1-e1601309579112.jpg\" \/>\n\t<meta property=\"og:image:width\" content=\"720\" \/>\n\t<meta property=\"og:image:height\" content=\"480\" \/>\n\t<meta property=\"og:image:type\" content=\"image\/jpeg\" \/>\n<meta name=\"author\" content=\"Farn\u00e9sio\" \/>\n<meta name=\"twitter:card\" content=\"summary_large_image\" \/>\n<meta name=\"twitter:label1\" content=\"Escrito por\" \/>\n\t<meta name=\"twitter:data1\" content=\"Farn\u00e9sio\" \/>\n\t<meta name=\"twitter:label2\" content=\"Est. tempo de leitura\" \/>\n\t<meta name=\"twitter:data2\" content=\"1 minuto\" \/>\n<script type=\"application\/ld+json\" class=\"yoast-schema-graph\">{\"@context\":\"https:\\\/\\\/schema.org\",\"@graph\":[{\"@type\":\"Article\",\"@id\":\"https:\\\/\\\/blogdofarnesio.com.br\\\/?p=268395#article\",\"isPartOf\":{\"@id\":\"https:\\\/\\\/blogdofarnesio.com.br\\\/?p=268395\"},\"author\":{\"name\":\"Farn\u00e9sio\",\"@id\":\"https:\\\/\\\/blogdofarnesio.com.br\\\/#\\\/schema\\\/person\\\/301c4acf522bccbfdb45af95b5b906a1\"},\"headline\":\"Elei\u00e7\u00f5es 2020: Coronel Anselmo e Targino Gondim colocam campanha na rua, com primeiro dia intenso no projeto Mani\u00e7oba\",\"datePublished\":\"2020-09-28T17:00:39+00:00\",\"mainEntityOfPage\":{\"@id\":\"https:\\\/\\\/blogdofarnesio.com.br\\\/?p=268395\"},\"wordCount\":169,\"publisher\":{\"@id\":\"https:\\\/\\\/blogdofarnesio.com.br\\\/#organization\"},\"image\":{\"@id\":\"https:\\\/\\\/blogdofarnesio.com.br\\\/?p=268395#primaryimage\"},\"thumbnailUrl\":\"https:\\\/\\\/blogdofarnesio.com.br\\\/wp-content\\\/uploads\\\/2020\\\/09\\\/blogqspjua-cor-anselmo-targino-1-e1601309579112.jpg\",\"articleSection\":[\"Elei\u00e7\u00f5es\"],\"inLanguage\":\"pt-BR\"},{\"@type\":\"WebPage\",\"@id\":\"https:\\\/\\\/blogdofarnesio.com.br\\\/?p=268395\",\"url\":\"https:\\\/\\\/blogdofarnesio.com.br\\\/?p=268395\",\"name\":\"Elei\u00e7\u00f5es 2020: Coronel Anselmo e Targino Gondim colocam campanha na rua, com primeiro dia intenso no projeto Mani\u00e7oba - Blog do Farn\u00e9sio\",\"isPartOf\":{\"@id\":\"https:\\\/\\\/blogdofarnesio.com.br\\\/#website\"},\"primaryImageOfPage\":{\"@id\":\"https:\\\/\\\/blogdofarnesio.com.br\\\/?p=268395#primaryimage\"},\"image\":{\"@id\":\"https:\\\/\\\/blogdofarnesio.com.br\\\/?p=268395#primaryimage\"},\"thumbnailUrl\":\"https:\\\/\\\/blogdofarnesio.com.br\\\/wp-content\\\/uploads\\\/2020\\\/09\\\/blogqspjua-cor-anselmo-targino-1-e1601309579112.jpg\",\"datePublished\":\"2020-09-28T17:00:39+00:00\",\"breadcrumb\":{\"@id\":\"https:\\\/\\\/blogdofarnesio.com.br\\\/?p=268395#breadcrumb\"},\"inLanguage\":\"pt-BR\",\"potentialAction\":[{\"@type\":\"ReadAction\",\"target\":[\"https:\\\/\\\/blogdofarnesio.com.br\\\/?p=268395\"]}]},{\"@type\":\"ImageObject\",\"inLanguage\":\"pt-BR\",\"@id\":\"https:\\\/\\\/blogdofarnesio.com.br\\\/?p=268395#primaryimage\",\"url\":\"https:\\\/\\\/blogdofarnesio.com.br\\\/wp-content\\\/uploads\\\/2020\\\/09\\\/blogqspjua-cor-anselmo-targino-1-e1601309579112.jpg\",\"contentUrl\":\"https:\\\/\\\/blogdofarnesio.com.br\\\/wp-content\\\/uploads\\\/2020\\\/09\\\/blogqspjua-cor-anselmo-targino-1-e1601309579112.jpg\",\"width\":720,\"height\":480},{\"@type\":\"BreadcrumbList\",\"@id\":\"https:\\\/\\\/blogdofarnesio.com.br\\\/?p=268395#breadcrumb\",\"itemListElement\":[{\"@type\":\"ListItem\",\"position\":1,\"name\":\"In\u00edcio\",\"item\":\"https:\\\/\\\/blogdofarnesio.com.br\\\/\"},{\"@type\":\"ListItem\",\"position\":2,\"name\":\"Elei\u00e7\u00f5es 2020: Coronel Anselmo e Targino Gondim colocam campanha na rua, com primeiro dia intenso no projeto Mani\u00e7oba\"}]},{\"@type\":\"WebSite\",\"@id\":\"https:\\\/\\\/blogdofarnesio.com.br\\\/#website\",\"url\":\"https:\\\/\\\/blogdofarnesio.com.br\\\/\",\"name\":\"Blog do Farn\u00e9sio\",\"description\":\"Quer Saber Pol\u00edtica?\",\"publisher\":{\"@id\":\"https:\\\/\\\/blogdofarnesio.com.br\\\/#organization\"},\"potentialAction\":[{\"@type\":\"SearchAction\",\"target\":{\"@type\":\"EntryPoint\",\"urlTemplate\":\"https:\\\/\\\/blogdofarnesio.com.br\\\/?s={search_term_string}\"},\"query-input\":{\"@type\":\"PropertyValueSpecification\",\"valueRequired\":true,\"valueName\":\"search_term_string\"}}],\"inLanguage\":\"pt-BR\"},{\"@type\":\"Organization\",\"@id\":\"https:\\\/\\\/blogdofarnesio.com.br\\\/#organization\",\"name\":\"Blog do Farn\u00e9sio\",\"url\":\"https:\\\/\\\/blogdofarnesio.com.br\\\/\",\"logo\":{\"@type\":\"ImageObject\",\"inLanguage\":\"pt-BR\",\"@id\":\"https:\\\/\\\/blogdofarnesio.com.br\\\/#\\\/schema\\\/logo\\\/image\\\/\",\"url\":\"https:\\\/\\\/blogdofarnesio.com.br\\\/wp-content\\\/uploads\\\/2026\\\/03\\\/cropped-logo_new-1.png\",\"contentUrl\":\"https:\\\/\\\/blogdofarnesio.com.br\\\/wp-content\\\/uploads\\\/2026\\\/03\\\/cropped-logo_new-1.png\",\"width\":881,\"height\":685,\"caption\":\"Blog do Farn\u00e9sio\"},\"image\":{\"@id\":\"https:\\\/\\\/blogdofarnesio.com.br\\\/#\\\/schema\\\/logo\\\/image\\\/\"},\"sameAs\":[\"https:\\\/\\\/www.facebook.com\\\/BlogQuerSaberPolitica\\\/\"]},{\"@type\":\"Person\",\"@id\":\"https:\\\/\\\/blogdofarnesio.com.br\\\/#\\\/schema\\\/person\\\/301c4acf522bccbfdb45af95b5b906a1\",\"name\":\"Farn\u00e9sio\",\"image\":{\"@type\":\"ImageObject\",\"inLanguage\":\"pt-BR\",\"@id\":\"https:\\\/\\\/secure.gravatar.com\\\/avatar\\\/df0c9a14567c056f8ad6876ba5bbd1e3e2c48023eb6807342fc4663adf549f38?s=96&d=mm&r=g\",\"url\":\"https:\\\/\\\/secure.gravatar.com\\\/avatar\\\/df0c9a14567c056f8ad6876ba5bbd1e3e2c48023eb6807342fc4663adf549f38?s=96&d=mm&r=g\",\"contentUrl\":\"https:\\\/\\\/secure.gravatar.com\\\/avatar\\\/df0c9a14567c056f8ad6876ba5bbd1e3e2c48023eb6807342fc4663adf549f38?s=96&d=mm&r=g\",\"caption\":\"Farn\u00e9sio\"},\"sameAs\":[\"https:\\\/\\\/quersaberpolitica.com.br\"],\"url\":\"https:\\\/\\\/blogdofarnesio.com.br\\\/?author=1\"}]}<\/script>\n<!-- \/ Yoast SEO plugin. -->","yoast_head_json":{"title":"Elei\u00e7\u00f5es 2020: Coronel Anselmo e Targino Gondim colocam campanha na rua, com primeiro dia intenso no projeto Mani\u00e7oba - Blog do Farn\u00e9sio","robots":{"index":"index","follow":"follow","max-snippet":"max-snippet:-1","max-image-preview":"max-image-preview:large","max-video-preview":"max-video-preview:-1"},"canonical":"https:\/\/blogdofarnesio.com.br\/?p=268395","og_locale":"pt_BR","og_type":"article","og_title":"Elei\u00e7\u00f5es 2020: Coronel Anselmo e Targino Gondim colocam campanha na rua, com primeiro dia intenso no projeto Mani\u00e7oba - Blog do Farn\u00e9sio","og_description":"Em seu primeiro dia de campanha, o Coronel Anselmo Bispo (DEM) e o cantor Targino Gondim (Cidadania), candidatos a prefeito e a vice na Coliga\u00e7\u00e3o Juazeiro Daqui Pra Frente\u00a0 participaram neste domingo (27), de uma reuni\u00e3o com produtores no Projeto de Irriga\u00e7\u00e3o\u00a0 Mani\u00e7oba. O Coronel Anselmo exp\u00f4s as suas ideias para os projetos irrigados de Juazeiro e respondeu aos questionamentos dos produtores. A reuni\u00e3o aconteceu na casa da fam\u00edlia do produtor rural, Jo\u00e3o Alves, apoiador do Coronel e quem solicitou o encontro. A falta de infraestrutura como pavimenta\u00e7\u00e3o e saneamento foram apresentadas como as maiores demandas dos agricultores que moram no Projeto Mani\u00e7oba. O Coronel disse que vai inverter a l\u00f3gica da atual gest\u00e3o: &#8220;N\u00f3s vamos governar do interior para&hellip;","og_url":"https:\/\/blogdofarnesio.com.br\/?p=268395","og_site_name":"Blog do Farn\u00e9sio","article_publisher":"https:\/\/www.facebook.com\/BlogQuerSaberPolitica\/","article_published_time":"2020-09-28T17:00:39+00:00","og_image":[{"width":720,"height":480,"url":"https:\/\/blogdofarnesio.com.br\/wp-content\/uploads\/2020\/09\/blogqspjua-cor-anselmo-targino-1-e1601309579112.jpg","type":"image\/jpeg"}],"author":"Farn\u00e9sio","twitter_card":"summary_large_image","twitter_misc":{"Escrito por":"Farn\u00e9sio","Est. tempo de leitura":"1 minuto"},"schema":{"@context":"https:\/\/schema.org","@graph":[{"@type":"Article","@id":"https:\/\/blogdofarnesio.com.br\/?p=268395#article","isPartOf":{"@id":"https:\/\/blogdofarnesio.com.br\/?p=268395"},"author":{"name":"Farn\u00e9sio","@id":"https:\/\/blogdofarnesio.com.br\/#\/schema\/person\/301c4acf522bccbfdb45af95b5b906a1"},"headline":"Elei\u00e7\u00f5es 2020: Coronel Anselmo e Targino Gondim colocam campanha na rua, com primeiro dia intenso no projeto Mani\u00e7oba","datePublished":"2020-09-28T17:00:39+00:00","mainEntityOfPage":{"@id":"https:\/\/blogdofarnesio.com.br\/?p=268395"},"wordCount":169,"publisher":{"@id":"https:\/\/blogdofarnesio.com.br\/#organization"},"image":{"@id":"https:\/\/blogdofarnesio.com.br\/?p=268395#primaryimage"},"thumbnailUrl":"https:\/\/blogdofarnesio.com.br\/wp-content\/uploads\/2020\/09\/blogqspjua-cor-anselmo-targino-1-e1601309579112.jpg","articleSection":["Elei\u00e7\u00f5es"],"inLanguage":"pt-BR"},{"@type":"WebPage","@id":"https:\/\/blogdofarnesio.com.br\/?p=268395","url":"https:\/\/blogdofarnesio.com.br\/?p=268395","name":"Elei\u00e7\u00f5es 2020: Coronel Anselmo e Targino Gondim colocam campanha na rua, com primeiro dia intenso no projeto Mani\u00e7oba - Blog do Farn\u00e9sio","isPartOf":{"@id":"https:\/\/blogdofarnesio.com.br\/#website"},"primaryImageOfPage":{"@id":"https:\/\/blogdofarnesio.com.br\/?p=268395#primaryimage"},"image":{"@id":"https:\/\/blogdofarnesio.com.br\/?p=268395#primaryimage"},"thumbnailUrl":"https:\/\/blogdofarnesio.com.br\/wp-content\/uploads\/2020\/09\/blogqspjua-cor-anselmo-targino-1-e1601309579112.jpg","datePublished":"2020-09-28T17:00:39+00:00","breadcrumb":{"@id":"https:\/\/blogdofarnesio.com.br\/?p=268395#breadcrumb"},"inLanguage":"pt-BR","potentialAction":[{"@type":"ReadAction","target":["https:\/\/blogdofarnesio.com.br\/?p=268395"]}]},{"@type":"ImageObject","inLanguage":"pt-BR","@id":"https:\/\/blogdofarnesio.com.br\/?p=268395#primaryimage","url":"https:\/\/blogdofarnesio.com.br\/wp-content\/uploads\/2020\/09\/blogqspjua-cor-anselmo-targino-1-e1601309579112.jpg","contentUrl":"https:\/\/blogdofarnesio.com.br\/wp-content\/uploads\/2020\/09\/blogqspjua-cor-anselmo-targino-1-e1601309579112.jpg","width":720,"height":480},{"@type":"BreadcrumbList","@id":"https:\/\/blogdofarnesio.com.br\/?p=268395#breadcrumb","itemListElement":[{"@type":"ListItem","position":1,"name":"In\u00edcio","item":"https:\/\/blogdofarnesio.com.br\/"},{"@type":"ListItem","position":2,"name":"Elei\u00e7\u00f5es 2020: Coronel Anselmo e Targino Gondim colocam campanha na rua, com primeiro dia intenso no projeto Mani\u00e7oba"}]},{"@type":"WebSite","@id":"https:\/\/blogdofarnesio.com.br\/#website","url":"https:\/\/blogdofarnesio.com.br\/","name":"Blog do Farn\u00e9sio","description":"Quer Saber Pol\u00edtica?","publisher":{"@id":"https:\/\/blogdofarnesio.com.br\/#organization"},"potentialAction":[{"@type":"SearchAction","target":{"@type":"EntryPoint","urlTemplate":"https:\/\/blogdofarnesio.com.br\/?s={search_term_string}"},"query-input":{"@type":"PropertyValueSpecification","valueRequired":true,"valueName":"search_term_string"}}],"inLanguage":"pt-BR"},{"@type":"Organization","@id":"https:\/\/blogdofarnesio.com.br\/#organization","name":"Blog do Farn\u00e9sio","url":"https:\/\/blogdofarnesio.com.br\/","logo":{"@type":"ImageObject","inLanguage":"pt-BR","@id":"https:\/\/blogdofarnesio.com.br\/#\/schema\/logo\/image\/","url":"https:\/\/blogdofarnesio.com.br\/wp-content\/uploads\/2026\/03\/cropped-logo_new-1.png","contentUrl":"https:\/\/blogdofarnesio.com.br\/wp-content\/uploads\/2026\/03\/cropped-logo_new-1.png","width":881,"height":685,"caption":"Blog do Farn\u00e9sio"},"image":{"@id":"https:\/\/blogdofarnesio.com.br\/#\/schema\/logo\/image\/"},"sameAs":["https:\/\/www.facebook.com\/BlogQuerSaberPolitica\/"]},{"@type":"Person","@id":"https:\/\/blogdofarnesio.com.br\/#\/schema\/person\/301c4acf522bccbfdb45af95b5b906a1","name":"Farn\u00e9sio","image":{"@type":"ImageObject","inLanguage":"pt-BR","@id":"https:\/\/secure.gravatar.com\/avatar\/df0c9a14567c056f8ad6876ba5bbd1e3e2c48023eb6807342fc4663adf549f38?s=96&d=mm&r=g","url":"https:\/\/secure.gravatar.com\/avatar\/df0c9a14567c056f8ad6876ba5bbd1e3e2c48023eb6807342fc4663adf549f38?s=96&d=mm&r=g","contentUrl":"https:\/\/secure.gravatar.com\/avatar\/df0c9a14567c056f8ad6876ba5bbd1e3e2c48023eb6807342fc4663adf549f38?s=96&d=mm&r=g","caption":"Farn\u00e9sio"},"sameAs":["https:\/\/quersaberpolitica.com.br"],"url":"https:\/\/blogdofarnesio.com.br\/?author=1"}]}},"_links":{"self":[{"href":"https:\/\/blogdofarnesio.com.br\/index.php?rest_route=\/wp\/v2\/posts\/268395","targetHints":{"allow":["GET"]}}],"collection":[{"href":"https:\/\/blogdofarnesio.com.br\/index.php?rest_route=\/wp\/v2\/posts"}],"about":[{"href":"https:\/\/blogdofarnesio.com.br\/index.php?rest_route=\/wp\/v2\/types\/post"}],"author":[{"embeddable":true,"href":"https:\/\/blogdofarnesio.com.br\/index.php?rest_route=\/wp\/v2\/users\/1"}],"replies":[{"embeddable":true,"href":"https:\/\/blogdofarnesio.com.br\/index.php?rest_route=%2Fwp%2Fv2%2Fcomments&post=268395"}],"version-history":[{"count":0,"href":"https:\/\/blogdofarnesio.com.br\/index.php?rest_route=\/wp\/v2\/posts\/268395\/revisions"}],"wp:featuredmedia":[{"embeddable":true,"href":"https:\/\/blogdofarnesio.com.br\/index.php?rest_route=\/wp\/v2\/media\/268397"}],"wp:attachment":[{"href":"https:\/\/blogdofarnesio.com.br\/index.php?rest_route=%2Fwp%2Fv2%2Fmedia&parent=268395"}],"wp:term":[{"taxonomy":"category","embeddable":true,"href":"https:\/\/blogdofarnesio.com.br\/index.php?rest_route=%2Fwp%2Fv2%2Fcategories&post=268395"},{"taxonomy":"post_tag","embeddable":true,"href":"https:\/\/blogdofarnesio.com.br\/index.php?rest_route=%2Fwp%2Fv2%2Ftags&post=268395"}],"curies":[{"name":"wp","href":"https:\/\/api.w.org\/{rel}","templated":true}]}}