{"id":268363,"date":"2020-09-28T13:00:07","date_gmt":"2020-09-28T16:00:07","guid":{"rendered":"http:\/\/quersaberpolitica.com.br\/2016\/?p=268363"},"modified":"2020-09-28T09:37:58","modified_gmt":"2020-09-28T12:37:58","slug":"agenda-de-miguel-desta-segunda-feira-tem-visitas-a-regiao-irrigada-e-nos-bairros","status":"publish","type":"post","link":"https:\/\/blogdofarnesio.com.br\/?p=268363","title":{"rendered":"Agenda de Miguel desta segunda-feira tem visitas a regi\u00e3o irrigada e nos bairros"},"content":{"rendered":"<div class=\"Ah oj\">\n<div class=\"rj\">No segundo dia de campanha eleitoral, o candidato a reelei\u00e7\u00e3o de prefeito, Miguel Coelho (MDB), cumpre agenda nas zonas rural e urbana de Petrolina. Nesta segunda-feira (28), Miguel vai visitar fazendas no Projeto Irrigado Senador Nilo Coelho (N-5), passar por empresas e estabelecimentos comeciais do S\u00e3o Gon\u00e7alo e Cohab, al\u00e9m de participar de reuni\u00f5es com candidatos a vereador da base aliada e apoiadores de diversas comunidades.<\/div>\n<\/div>\n<div class=\"Ph\" data-onclick=\"w\">\n<div id=\"cvcmsg_174d206438943692\" class=\"yh\">\n<div id=\"cvcfullmsg_174d206438943692\" class=\"Vh\">\n<div id=\"cvcmsgbod_174d206438943692\" class=\"aj\">\n<div class=\"Ni\">\n<div class=\"ni pi \" dir=\"ltr\">\n<div dir=\"auto\">\n<div dir=\"auto\"><\/div>\n<div dir=\"auto\">Confira a agenda completa:<\/div>\n<div dir=\"auto\"><\/div>\n<div dir=\"auto\"><b>Agenda 15 Miguel Coelho (MDB)<\/b><\/div>\n<div dir=\"auto\">Segunda (28\/09)<\/div>\n<div dir=\"auto\"><\/div>\n<div dir=\"auto\">6h15 &#8211; visita fazendas no N-5<\/div>\n<div dir=\"auto\"><\/div>\n<div dir=\"auto\">8h &#8211; reuni\u00e3o com colaboradores, professores e gestores do Plenus da Orla<\/div>\n<div dir=\"auto\"><\/div>\n<div dir=\"auto\">9h &#8211; visita empresa no Centro<\/div>\n<div dir=\"auto\"><\/div>\n<div dir=\"auto\">14h &#8211; visita empresas e com\u00e9rcios da COHAB Massangano<\/div>\n<div dir=\"auto\"><\/div>\n<div dir=\"auto\">17h &#8211; caminhada no com\u00e9rcio do bairro S\u00e3o Gon\u00e7alo<\/div>\n<div dir=\"auto\"><\/div>\n<div dir=\"auto\">18h &#8211; reuni\u00e3o com moradores do Maria Auxiliadora e o candidato a vereador Inspetor Diniz<\/div>\n<div dir=\"auto\"><\/div>\n<div dir=\"auto\">19h &#8211; reuni\u00e3o na Vila Eduardo com o candidato Ibamar Fernandes<\/div>\n<div dir=\"auto\"><\/div>\n<div dir=\"auto\">20h &#8211; reuni\u00e3o com o candidato a vereador Serra e apoiadores no S\u00e3o Jos\u00e9<\/div>\n<\/div>\n<\/div>\n<\/div>\n<\/div>\n<\/div>\n<\/div>\n<\/div>\n","protected":false},"excerpt":{"rendered":"<p>No segundo dia de campanha eleitoral, o candidato a reelei\u00e7\u00e3o de prefeito, Miguel Coelho (MDB), cumpre agenda nas zonas rural e urbana de Petrolina. Nesta segunda-feira (28), Miguel vai visitar fazendas no Projeto Irrigado Senador Nilo Coelho (N-5), passar por empresas e estabelecimentos comeciais do S\u00e3o Gon\u00e7alo e Cohab, al\u00e9m de participar de reuni\u00f5es com candidatos a vereador da base aliada e apoiadores de diversas comunidades. Confira a agenda completa: Agenda 15 Miguel Coelho (MDB) Segunda (28\/09) 6h15 &#8211; visita fazendas no N-5 8h &#8211; reuni\u00e3o com colaboradores, professores e gestores do Plenus da Orla 9h &#8211; visita empresa no Centro 14h &#8211; visita empresas e com\u00e9rcios da COHAB Massangano 17h &#8211; caminhada no com\u00e9rcio do bairro S\u00e3o Gon\u00e7alo 18h&hellip; <\/p>\n","protected":false},"author":1,"featured_media":268364,"comment_status":"closed","ping_status":"closed","sticky":false,"template":"","format":"standard","meta":{"_acf_changed":false,"footnotes":""},"categories":[34],"tags":[],"class_list":["post-268363","post","type-post","status-publish","format-standard","has-post-thumbnail","hentry","category-eleicoes"],"acf":[],"yoast_head":"<!-- This site is optimized with the Yoast SEO plugin v27.4 - https:\/\/yoast.com\/product\/yoast-seo-wordpress\/ -->\n<title>Agenda de Miguel desta segunda-feira tem visitas a regi\u00e3o irrigada e nos bairros - Blog do Farn\u00e9sio<\/title>\n<meta name=\"robots\" content=\"index, follow, max-snippet:-1, max-image-preview:large, max-video-preview:-1\" \/>\n<link rel=\"canonical\" href=\"https:\/\/blogdofarnesio.com.br\/?p=268363\" \/>\n<meta property=\"og:locale\" content=\"pt_BR\" \/>\n<meta property=\"og:type\" content=\"article\" \/>\n<meta property=\"og:title\" content=\"Agenda de Miguel desta segunda-feira tem visitas a regi\u00e3o irrigada e nos bairros - Blog do Farn\u00e9sio\" \/>\n<meta property=\"og:description\" content=\"No segundo dia de campanha eleitoral, o candidato a reelei\u00e7\u00e3o de prefeito, Miguel Coelho (MDB), cumpre agenda nas zonas rural e urbana de Petrolina. Nesta segunda-feira (28), Miguel vai visitar fazendas no Projeto Irrigado Senador Nilo Coelho (N-5), passar por empresas e estabelecimentos comeciais do S\u00e3o Gon\u00e7alo e Cohab, al\u00e9m de participar de reuni\u00f5es com candidatos a vereador da base aliada e apoiadores de diversas comunidades. Confira a agenda completa: Agenda 15 Miguel Coelho (MDB) Segunda (28\/09) 6h15 &#8211; visita fazendas no N-5 8h &#8211; reuni\u00e3o com colaboradores, professores e gestores do Plenus da Orla 9h &#8211; visita empresa no Centro 14h &#8211; visita empresas e com\u00e9rcios da COHAB Massangano 17h &#8211; caminhada no com\u00e9rcio do bairro S\u00e3o Gon\u00e7alo 18h&hellip;\" \/>\n<meta property=\"og:url\" content=\"https:\/\/blogdofarnesio.com.br\/?p=268363\" \/>\n<meta property=\"og:site_name\" content=\"Blog do Farn\u00e9sio\" \/>\n<meta property=\"article:publisher\" content=\"https:\/\/www.facebook.com\/BlogQuerSaberPolitica\/\" \/>\n<meta property=\"article:published_time\" content=\"2020-09-28T16:00:07+00:00\" \/>\n<meta property=\"og:image\" content=\"https:\/\/blogdofarnesio.com.br\/wp-content\/uploads\/2020\/09\/IMG-20200927-WA0178-e1601296650641.jpg\" \/>\n\t<meta property=\"og:image:width\" content=\"644\" \/>\n\t<meta property=\"og:image:height\" content=\"403\" \/>\n\t<meta property=\"og:image:type\" content=\"image\/jpeg\" \/>\n<meta name=\"author\" content=\"Farn\u00e9sio\" \/>\n<meta name=\"twitter:card\" content=\"summary_large_image\" \/>\n<meta name=\"twitter:label1\" content=\"Escrito por\" \/>\n\t<meta name=\"twitter:data1\" content=\"Farn\u00e9sio\" \/>\n\t<meta name=\"twitter:label2\" content=\"Est. tempo de leitura\" \/>\n\t<meta name=\"twitter:data2\" content=\"1 minuto\" \/>\n<script type=\"application\/ld+json\" class=\"yoast-schema-graph\">{\"@context\":\"https:\\\/\\\/schema.org\",\"@graph\":[{\"@type\":\"Article\",\"@id\":\"https:\\\/\\\/blogdofarnesio.com.br\\\/?p=268363#article\",\"isPartOf\":{\"@id\":\"https:\\\/\\\/blogdofarnesio.com.br\\\/?p=268363\"},\"author\":{\"name\":\"Farn\u00e9sio\",\"@id\":\"https:\\\/\\\/blogdofarnesio.com.br\\\/#\\\/schema\\\/person\\\/301c4acf522bccbfdb45af95b5b906a1\"},\"headline\":\"Agenda de Miguel desta segunda-feira tem visitas a regi\u00e3o irrigada e nos bairros\",\"datePublished\":\"2020-09-28T16:00:07+00:00\",\"mainEntityOfPage\":{\"@id\":\"https:\\\/\\\/blogdofarnesio.com.br\\\/?p=268363\"},\"wordCount\":184,\"publisher\":{\"@id\":\"https:\\\/\\\/blogdofarnesio.com.br\\\/#organization\"},\"image\":{\"@id\":\"https:\\\/\\\/blogdofarnesio.com.br\\\/?p=268363#primaryimage\"},\"thumbnailUrl\":\"https:\\\/\\\/blogdofarnesio.com.br\\\/wp-content\\\/uploads\\\/2020\\\/09\\\/IMG-20200927-WA0178-e1601296650641.jpg\",\"articleSection\":[\"Elei\u00e7\u00f5es\"],\"inLanguage\":\"pt-BR\"},{\"@type\":\"WebPage\",\"@id\":\"https:\\\/\\\/blogdofarnesio.com.br\\\/?p=268363\",\"url\":\"https:\\\/\\\/blogdofarnesio.com.br\\\/?p=268363\",\"name\":\"Agenda de Miguel desta segunda-feira tem visitas a regi\u00e3o irrigada e nos bairros - Blog do Farn\u00e9sio\",\"isPartOf\":{\"@id\":\"https:\\\/\\\/blogdofarnesio.com.br\\\/#website\"},\"primaryImageOfPage\":{\"@id\":\"https:\\\/\\\/blogdofarnesio.com.br\\\/?p=268363#primaryimage\"},\"image\":{\"@id\":\"https:\\\/\\\/blogdofarnesio.com.br\\\/?p=268363#primaryimage\"},\"thumbnailUrl\":\"https:\\\/\\\/blogdofarnesio.com.br\\\/wp-content\\\/uploads\\\/2020\\\/09\\\/IMG-20200927-WA0178-e1601296650641.jpg\",\"datePublished\":\"2020-09-28T16:00:07+00:00\",\"breadcrumb\":{\"@id\":\"https:\\\/\\\/blogdofarnesio.com.br\\\/?p=268363#breadcrumb\"},\"inLanguage\":\"pt-BR\",\"potentialAction\":[{\"@type\":\"ReadAction\",\"target\":[\"https:\\\/\\\/blogdofarnesio.com.br\\\/?p=268363\"]}]},{\"@type\":\"ImageObject\",\"inLanguage\":\"pt-BR\",\"@id\":\"https:\\\/\\\/blogdofarnesio.com.br\\\/?p=268363#primaryimage\",\"url\":\"https:\\\/\\\/blogdofarnesio.com.br\\\/wp-content\\\/uploads\\\/2020\\\/09\\\/IMG-20200927-WA0178-e1601296650641.jpg\",\"contentUrl\":\"https:\\\/\\\/blogdofarnesio.com.br\\\/wp-content\\\/uploads\\\/2020\\\/09\\\/IMG-20200927-WA0178-e1601296650641.jpg\",\"width\":644,\"height\":403},{\"@type\":\"BreadcrumbList\",\"@id\":\"https:\\\/\\\/blogdofarnesio.com.br\\\/?p=268363#breadcrumb\",\"itemListElement\":[{\"@type\":\"ListItem\",\"position\":1,\"name\":\"In\u00edcio\",\"item\":\"https:\\\/\\\/blogdofarnesio.com.br\\\/\"},{\"@type\":\"ListItem\",\"position\":2,\"name\":\"Agenda de Miguel desta segunda-feira tem visitas a regi\u00e3o irrigada e nos bairros\"}]},{\"@type\":\"WebSite\",\"@id\":\"https:\\\/\\\/blogdofarnesio.com.br\\\/#website\",\"url\":\"https:\\\/\\\/blogdofarnesio.com.br\\\/\",\"name\":\"Blog do Farn\u00e9sio\",\"description\":\"Quer Saber Pol\u00edtica?\",\"publisher\":{\"@id\":\"https:\\\/\\\/blogdofarnesio.com.br\\\/#organization\"},\"potentialAction\":[{\"@type\":\"SearchAction\",\"target\":{\"@type\":\"EntryPoint\",\"urlTemplate\":\"https:\\\/\\\/blogdofarnesio.com.br\\\/?s={search_term_string}\"},\"query-input\":{\"@type\":\"PropertyValueSpecification\",\"valueRequired\":true,\"valueName\":\"search_term_string\"}}],\"inLanguage\":\"pt-BR\"},{\"@type\":\"Organization\",\"@id\":\"https:\\\/\\\/blogdofarnesio.com.br\\\/#organization\",\"name\":\"Blog do Farn\u00e9sio\",\"url\":\"https:\\\/\\\/blogdofarnesio.com.br\\\/\",\"logo\":{\"@type\":\"ImageObject\",\"inLanguage\":\"pt-BR\",\"@id\":\"https:\\\/\\\/blogdofarnesio.com.br\\\/#\\\/schema\\\/logo\\\/image\\\/\",\"url\":\"https:\\\/\\\/blogdofarnesio.com.br\\\/wp-content\\\/uploads\\\/2026\\\/03\\\/cropped-logo_new-1.png\",\"contentUrl\":\"https:\\\/\\\/blogdofarnesio.com.br\\\/wp-content\\\/uploads\\\/2026\\\/03\\\/cropped-logo_new-1.png\",\"width\":881,\"height\":685,\"caption\":\"Blog do Farn\u00e9sio\"},\"image\":{\"@id\":\"https:\\\/\\\/blogdofarnesio.com.br\\\/#\\\/schema\\\/logo\\\/image\\\/\"},\"sameAs\":[\"https:\\\/\\\/www.facebook.com\\\/BlogQuerSaberPolitica\\\/\"]},{\"@type\":\"Person\",\"@id\":\"https:\\\/\\\/blogdofarnesio.com.br\\\/#\\\/schema\\\/person\\\/301c4acf522bccbfdb45af95b5b906a1\",\"name\":\"Farn\u00e9sio\",\"image\":{\"@type\":\"ImageObject\",\"inLanguage\":\"pt-BR\",\"@id\":\"https:\\\/\\\/secure.gravatar.com\\\/avatar\\\/df0c9a14567c056f8ad6876ba5bbd1e3e2c48023eb6807342fc4663adf549f38?s=96&d=mm&r=g\",\"url\":\"https:\\\/\\\/secure.gravatar.com\\\/avatar\\\/df0c9a14567c056f8ad6876ba5bbd1e3e2c48023eb6807342fc4663adf549f38?s=96&d=mm&r=g\",\"contentUrl\":\"https:\\\/\\\/secure.gravatar.com\\\/avatar\\\/df0c9a14567c056f8ad6876ba5bbd1e3e2c48023eb6807342fc4663adf549f38?s=96&d=mm&r=g\",\"caption\":\"Farn\u00e9sio\"},\"sameAs\":[\"https:\\\/\\\/quersaberpolitica.com.br\"],\"url\":\"https:\\\/\\\/blogdofarnesio.com.br\\\/?author=1\"}]}<\/script>\n<!-- \/ Yoast SEO plugin. -->","yoast_head_json":{"title":"Agenda de Miguel desta segunda-feira tem visitas a regi\u00e3o irrigada e nos bairros - Blog do Farn\u00e9sio","robots":{"index":"index","follow":"follow","max-snippet":"max-snippet:-1","max-image-preview":"max-image-preview:large","max-video-preview":"max-video-preview:-1"},"canonical":"https:\/\/blogdofarnesio.com.br\/?p=268363","og_locale":"pt_BR","og_type":"article","og_title":"Agenda de Miguel desta segunda-feira tem visitas a regi\u00e3o irrigada e nos bairros - Blog do Farn\u00e9sio","og_description":"No segundo dia de campanha eleitoral, o candidato a reelei\u00e7\u00e3o de prefeito, Miguel Coelho (MDB), cumpre agenda nas zonas rural e urbana de Petrolina. Nesta segunda-feira (28), Miguel vai visitar fazendas no Projeto Irrigado Senador Nilo Coelho (N-5), passar por empresas e estabelecimentos comeciais do S\u00e3o Gon\u00e7alo e Cohab, al\u00e9m de participar de reuni\u00f5es com candidatos a vereador da base aliada e apoiadores de diversas comunidades. Confira a agenda completa: Agenda 15 Miguel Coelho (MDB) Segunda (28\/09) 6h15 &#8211; visita fazendas no N-5 8h &#8211; reuni\u00e3o com colaboradores, professores e gestores do Plenus da Orla 9h &#8211; visita empresa no Centro 14h &#8211; visita empresas e com\u00e9rcios da COHAB Massangano 17h &#8211; caminhada no com\u00e9rcio do bairro S\u00e3o Gon\u00e7alo 18h&hellip;","og_url":"https:\/\/blogdofarnesio.com.br\/?p=268363","og_site_name":"Blog do Farn\u00e9sio","article_publisher":"https:\/\/www.facebook.com\/BlogQuerSaberPolitica\/","article_published_time":"2020-09-28T16:00:07+00:00","og_image":[{"width":644,"height":403,"url":"https:\/\/blogdofarnesio.com.br\/wp-content\/uploads\/2020\/09\/IMG-20200927-WA0178-e1601296650641.jpg","type":"image\/jpeg"}],"author":"Farn\u00e9sio","twitter_card":"summary_large_image","twitter_misc":{"Escrito por":"Farn\u00e9sio","Est. tempo de leitura":"1 minuto"},"schema":{"@context":"https:\/\/schema.org","@graph":[{"@type":"Article","@id":"https:\/\/blogdofarnesio.com.br\/?p=268363#article","isPartOf":{"@id":"https:\/\/blogdofarnesio.com.br\/?p=268363"},"author":{"name":"Farn\u00e9sio","@id":"https:\/\/blogdofarnesio.com.br\/#\/schema\/person\/301c4acf522bccbfdb45af95b5b906a1"},"headline":"Agenda de Miguel desta segunda-feira tem visitas a regi\u00e3o irrigada e nos bairros","datePublished":"2020-09-28T16:00:07+00:00","mainEntityOfPage":{"@id":"https:\/\/blogdofarnesio.com.br\/?p=268363"},"wordCount":184,"publisher":{"@id":"https:\/\/blogdofarnesio.com.br\/#organization"},"image":{"@id":"https:\/\/blogdofarnesio.com.br\/?p=268363#primaryimage"},"thumbnailUrl":"https:\/\/blogdofarnesio.com.br\/wp-content\/uploads\/2020\/09\/IMG-20200927-WA0178-e1601296650641.jpg","articleSection":["Elei\u00e7\u00f5es"],"inLanguage":"pt-BR"},{"@type":"WebPage","@id":"https:\/\/blogdofarnesio.com.br\/?p=268363","url":"https:\/\/blogdofarnesio.com.br\/?p=268363","name":"Agenda de Miguel desta segunda-feira tem visitas a regi\u00e3o irrigada e nos bairros - Blog do Farn\u00e9sio","isPartOf":{"@id":"https:\/\/blogdofarnesio.com.br\/#website"},"primaryImageOfPage":{"@id":"https:\/\/blogdofarnesio.com.br\/?p=268363#primaryimage"},"image":{"@id":"https:\/\/blogdofarnesio.com.br\/?p=268363#primaryimage"},"thumbnailUrl":"https:\/\/blogdofarnesio.com.br\/wp-content\/uploads\/2020\/09\/IMG-20200927-WA0178-e1601296650641.jpg","datePublished":"2020-09-28T16:00:07+00:00","breadcrumb":{"@id":"https:\/\/blogdofarnesio.com.br\/?p=268363#breadcrumb"},"inLanguage":"pt-BR","potentialAction":[{"@type":"ReadAction","target":["https:\/\/blogdofarnesio.com.br\/?p=268363"]}]},{"@type":"ImageObject","inLanguage":"pt-BR","@id":"https:\/\/blogdofarnesio.com.br\/?p=268363#primaryimage","url":"https:\/\/blogdofarnesio.com.br\/wp-content\/uploads\/2020\/09\/IMG-20200927-WA0178-e1601296650641.jpg","contentUrl":"https:\/\/blogdofarnesio.com.br\/wp-content\/uploads\/2020\/09\/IMG-20200927-WA0178-e1601296650641.jpg","width":644,"height":403},{"@type":"BreadcrumbList","@id":"https:\/\/blogdofarnesio.com.br\/?p=268363#breadcrumb","itemListElement":[{"@type":"ListItem","position":1,"name":"In\u00edcio","item":"https:\/\/blogdofarnesio.com.br\/"},{"@type":"ListItem","position":2,"name":"Agenda de Miguel desta segunda-feira tem visitas a regi\u00e3o irrigada e nos bairros"}]},{"@type":"WebSite","@id":"https:\/\/blogdofarnesio.com.br\/#website","url":"https:\/\/blogdofarnesio.com.br\/","name":"Blog do Farn\u00e9sio","description":"Quer Saber Pol\u00edtica?","publisher":{"@id":"https:\/\/blogdofarnesio.com.br\/#organization"},"potentialAction":[{"@type":"SearchAction","target":{"@type":"EntryPoint","urlTemplate":"https:\/\/blogdofarnesio.com.br\/?s={search_term_string}"},"query-input":{"@type":"PropertyValueSpecification","valueRequired":true,"valueName":"search_term_string"}}],"inLanguage":"pt-BR"},{"@type":"Organization","@id":"https:\/\/blogdofarnesio.com.br\/#organization","name":"Blog do Farn\u00e9sio","url":"https:\/\/blogdofarnesio.com.br\/","logo":{"@type":"ImageObject","inLanguage":"pt-BR","@id":"https:\/\/blogdofarnesio.com.br\/#\/schema\/logo\/image\/","url":"https:\/\/blogdofarnesio.com.br\/wp-content\/uploads\/2026\/03\/cropped-logo_new-1.png","contentUrl":"https:\/\/blogdofarnesio.com.br\/wp-content\/uploads\/2026\/03\/cropped-logo_new-1.png","width":881,"height":685,"caption":"Blog do Farn\u00e9sio"},"image":{"@id":"https:\/\/blogdofarnesio.com.br\/#\/schema\/logo\/image\/"},"sameAs":["https:\/\/www.facebook.com\/BlogQuerSaberPolitica\/"]},{"@type":"Person","@id":"https:\/\/blogdofarnesio.com.br\/#\/schema\/person\/301c4acf522bccbfdb45af95b5b906a1","name":"Farn\u00e9sio","image":{"@type":"ImageObject","inLanguage":"pt-BR","@id":"https:\/\/secure.gravatar.com\/avatar\/df0c9a14567c056f8ad6876ba5bbd1e3e2c48023eb6807342fc4663adf549f38?s=96&d=mm&r=g","url":"https:\/\/secure.gravatar.com\/avatar\/df0c9a14567c056f8ad6876ba5bbd1e3e2c48023eb6807342fc4663adf549f38?s=96&d=mm&r=g","contentUrl":"https:\/\/secure.gravatar.com\/avatar\/df0c9a14567c056f8ad6876ba5bbd1e3e2c48023eb6807342fc4663adf549f38?s=96&d=mm&r=g","caption":"Farn\u00e9sio"},"sameAs":["https:\/\/quersaberpolitica.com.br"],"url":"https:\/\/blogdofarnesio.com.br\/?author=1"}]}},"_links":{"self":[{"href":"https:\/\/blogdofarnesio.com.br\/index.php?rest_route=\/wp\/v2\/posts\/268363","targetHints":{"allow":["GET"]}}],"collection":[{"href":"https:\/\/blogdofarnesio.com.br\/index.php?rest_route=\/wp\/v2\/posts"}],"about":[{"href":"https:\/\/blogdofarnesio.com.br\/index.php?rest_route=\/wp\/v2\/types\/post"}],"author":[{"embeddable":true,"href":"https:\/\/blogdofarnesio.com.br\/index.php?rest_route=\/wp\/v2\/users\/1"}],"replies":[{"embeddable":true,"href":"https:\/\/blogdofarnesio.com.br\/index.php?rest_route=%2Fwp%2Fv2%2Fcomments&post=268363"}],"version-history":[{"count":0,"href":"https:\/\/blogdofarnesio.com.br\/index.php?rest_route=\/wp\/v2\/posts\/268363\/revisions"}],"wp:featuredmedia":[{"embeddable":true,"href":"https:\/\/blogdofarnesio.com.br\/index.php?rest_route=\/wp\/v2\/media\/268364"}],"wp:attachment":[{"href":"https:\/\/blogdofarnesio.com.br\/index.php?rest_route=%2Fwp%2Fv2%2Fmedia&parent=268363"}],"wp:term":[{"taxonomy":"category","embeddable":true,"href":"https:\/\/blogdofarnesio.com.br\/index.php?rest_route=%2Fwp%2Fv2%2Fcategories&post=268363"},{"taxonomy":"post_tag","embeddable":true,"href":"https:\/\/blogdofarnesio.com.br\/index.php?rest_route=%2Fwp%2Fv2%2Ftags&post=268363"}],"curies":[{"name":"wp","href":"https:\/\/api.w.org\/{rel}","templated":true}]}}