{"id":268360,"date":"2020-09-28T13:30:52","date_gmt":"2020-09-28T16:30:52","guid":{"rendered":"http:\/\/quersaberpolitica.com.br\/2016\/?p=268360"},"modified":"2020-09-28T13:23:49","modified_gmt":"2020-09-28T16:23:49","slug":"eleicoes-2020-henrique-diniz-dem-iniciou-campanha-com-visita-a-feira-de-vermelhos-e-reunioes-no-interior","status":"publish","type":"post","link":"https:\/\/blogdofarnesio.com.br\/?p=268360","title":{"rendered":"Elei\u00e7\u00f5es 2020: Henrique Diniz (DEM) iniciou campanha com visita \u00e0 feira de Vermelhos e reuni\u00f5es no interior"},"content":{"rendered":"<div class=\"Ah oj\">\n<div class=\"rj\">O candidato a prefeito de Lagoa Grande, Henrique Diniz (DEM) deu a largada neste domingo (27) em sua campanha oficial rumo a prefeitura da cidade. Em seu primeiro dia de agenda, o prefeitur\u00e1vel alavancou uma onda azul por onde passou na sede e no interior.<\/div>\n<\/div>\n<div class=\"Ph\" data-onclick=\"w\">\n<div id=\"cvcmsg_174d21f75aee9cf9\" class=\"yh\">\n<div id=\"cvcfullmsg_174d21f75aee9cf9\" class=\"Vh\">\n<div id=\"cvcmsgbod_174d21f75aee9cf9\" class=\"aj\">\n<div class=\"Ni\">\n<div class=\"ni pi \" dir=\"ltr\">\n<div class=\"gmail_quote\">\n<div dir=\"auto\">\n<div dir=\"auto\"><\/div>\n<div dir=\"auto\">Pela manh\u00e3, esteve na feira livre do distrito de Vermelhos, onde foi bem recebido e elogiado pelo seu projeto de governo e pela sua postura sempre equilibrada e comprometida.<\/div>\n<div dir=\"auto\"><\/div>\n<div dir=\"auto\">Na parte da tarde, Henrique esteve no S\u00edtio Caieiras. Durante a reuni\u00e3o com os moradores, o candidato ouviu as demandas da popula\u00e7\u00e3o sobre sa\u00fade, educa\u00e7\u00e3o e principalmente saneamento b\u00e1sico, que \u00e9 um problema antigo entre a comunidade e a prefeitura de Lagoa Grande, uma vez que grande parte dos dejetos da cidade \u00e9 jogada sem tratamento em um riacho que \u00e9 bastante utilizado pelos moradores.<\/div>\n<div dir=\"auto\"><\/div>\n<div dir=\"auto\">Henrique finalizou o dia intenso de agendas afirmando estar bastante motivado e impressionado com a grande aceita\u00e7\u00e3o que vem recebendo todos os dias. \u201cEstou motivado com o carinho da popula\u00e7\u00e3o por onde eu passo\u201d, disse ressaltando que est\u00e1 \u201cbastante ansioso para conversar com cada pessoa, cada fam\u00edlia que precisa conhecer esse novo projeto. Eu fa\u00e7o quest\u00e3o de ir de casa em casa\u201d, ressaltou.<\/div>\n<div dir=\"auto\"><\/div>\n<div dir=\"auto\">Ascom HD<\/div>\n<\/div>\n<\/div>\n<\/div>\n<\/div>\n<\/div>\n<\/div>\n<\/div>\n<\/div>\n","protected":false},"excerpt":{"rendered":"<p>O candidato a prefeito de Lagoa Grande, Henrique Diniz (DEM) deu a largada neste domingo (27) em sua campanha oficial rumo a prefeitura da cidade. Em seu primeiro dia de agenda, o prefeitur\u00e1vel alavancou uma onda azul por onde passou na sede e no interior. Pela manh\u00e3, esteve na feira livre do distrito de Vermelhos, onde foi bem recebido e elogiado pelo seu projeto de governo e pela sua postura sempre equilibrada e comprometida. Na parte da tarde, Henrique esteve no S\u00edtio Caieiras. Durante a reuni\u00e3o com os moradores, o candidato ouviu as demandas da popula\u00e7\u00e3o sobre sa\u00fade, educa\u00e7\u00e3o e principalmente saneamento b\u00e1sico, que \u00e9 um problema antigo entre a comunidade e a prefeitura de Lagoa Grande, uma vez que&hellip; <\/p>\n","protected":false},"author":1,"featured_media":268361,"comment_status":"closed","ping_status":"closed","sticky":false,"template":"","format":"standard","meta":{"_acf_changed":false,"footnotes":""},"categories":[34],"tags":[],"class_list":["post-268360","post","type-post","status-publish","format-standard","has-post-thumbnail","hentry","category-eleicoes"],"acf":[],"yoast_head":"<!-- This site is optimized with the Yoast SEO plugin v27.4 - https:\/\/yoast.com\/product\/yoast-seo-wordpress\/ -->\n<title>Elei\u00e7\u00f5es 2020: Henrique Diniz (DEM) iniciou campanha com visita \u00e0 feira de Vermelhos e reuni\u00f5es no interior - Blog do Farn\u00e9sio<\/title>\n<meta name=\"robots\" content=\"index, follow, max-snippet:-1, max-image-preview:large, max-video-preview:-1\" \/>\n<link rel=\"canonical\" href=\"https:\/\/blogdofarnesio.com.br\/?p=268360\" \/>\n<meta property=\"og:locale\" content=\"pt_BR\" \/>\n<meta property=\"og:type\" content=\"article\" \/>\n<meta property=\"og:title\" content=\"Elei\u00e7\u00f5es 2020: Henrique Diniz (DEM) iniciou campanha com visita \u00e0 feira de Vermelhos e reuni\u00f5es no interior - Blog do Farn\u00e9sio\" \/>\n<meta property=\"og:description\" content=\"O candidato a prefeito de Lagoa Grande, Henrique Diniz (DEM) deu a largada neste domingo (27) em sua campanha oficial rumo a prefeitura da cidade. Em seu primeiro dia de agenda, o prefeitur\u00e1vel alavancou uma onda azul por onde passou na sede e no interior. Pela manh\u00e3, esteve na feira livre do distrito de Vermelhos, onde foi bem recebido e elogiado pelo seu projeto de governo e pela sua postura sempre equilibrada e comprometida. Na parte da tarde, Henrique esteve no S\u00edtio Caieiras. Durante a reuni\u00e3o com os moradores, o candidato ouviu as demandas da popula\u00e7\u00e3o sobre sa\u00fade, educa\u00e7\u00e3o e principalmente saneamento b\u00e1sico, que \u00e9 um problema antigo entre a comunidade e a prefeitura de Lagoa Grande, uma vez que&hellip;\" \/>\n<meta property=\"og:url\" content=\"https:\/\/blogdofarnesio.com.br\/?p=268360\" \/>\n<meta property=\"og:site_name\" content=\"Blog do Farn\u00e9sio\" \/>\n<meta property=\"article:publisher\" content=\"https:\/\/www.facebook.com\/BlogQuerSaberPolitica\/\" \/>\n<meta property=\"article:published_time\" content=\"2020-09-28T16:30:52+00:00\" \/>\n<meta property=\"og:image\" content=\"https:\/\/blogdofarnesio.com.br\/wp-content\/uploads\/2020\/09\/IMG-20200927-WA0134.jpg\" \/>\n\t<meta property=\"og:image:width\" content=\"1280\" \/>\n\t<meta property=\"og:image:height\" content=\"853\" \/>\n\t<meta property=\"og:image:type\" content=\"image\/jpeg\" \/>\n<meta name=\"author\" content=\"Farn\u00e9sio\" \/>\n<meta name=\"twitter:card\" content=\"summary_large_image\" \/>\n<meta name=\"twitter:label1\" content=\"Escrito por\" \/>\n\t<meta name=\"twitter:data1\" content=\"Farn\u00e9sio\" \/>\n\t<meta name=\"twitter:label2\" content=\"Est. tempo de leitura\" \/>\n\t<meta name=\"twitter:data2\" content=\"1 minuto\" \/>\n<script type=\"application\/ld+json\" class=\"yoast-schema-graph\">{\"@context\":\"https:\\\/\\\/schema.org\",\"@graph\":[{\"@type\":\"Article\",\"@id\":\"https:\\\/\\\/blogdofarnesio.com.br\\\/?p=268360#article\",\"isPartOf\":{\"@id\":\"https:\\\/\\\/blogdofarnesio.com.br\\\/?p=268360\"},\"author\":{\"name\":\"Farn\u00e9sio\",\"@id\":\"https:\\\/\\\/blogdofarnesio.com.br\\\/#\\\/schema\\\/person\\\/301c4acf522bccbfdb45af95b5b906a1\"},\"headline\":\"Elei\u00e7\u00f5es 2020: Henrique Diniz (DEM) iniciou campanha com visita \u00e0 feira de Vermelhos e reuni\u00f5es no interior\",\"datePublished\":\"2020-09-28T16:30:52+00:00\",\"mainEntityOfPage\":{\"@id\":\"https:\\\/\\\/blogdofarnesio.com.br\\\/?p=268360\"},\"wordCount\":229,\"publisher\":{\"@id\":\"https:\\\/\\\/blogdofarnesio.com.br\\\/#organization\"},\"image\":{\"@id\":\"https:\\\/\\\/blogdofarnesio.com.br\\\/?p=268360#primaryimage\"},\"thumbnailUrl\":\"https:\\\/\\\/blogdofarnesio.com.br\\\/wp-content\\\/uploads\\\/2020\\\/09\\\/IMG-20200927-WA0134.jpg\",\"articleSection\":[\"Elei\u00e7\u00f5es\"],\"inLanguage\":\"pt-BR\"},{\"@type\":\"WebPage\",\"@id\":\"https:\\\/\\\/blogdofarnesio.com.br\\\/?p=268360\",\"url\":\"https:\\\/\\\/blogdofarnesio.com.br\\\/?p=268360\",\"name\":\"Elei\u00e7\u00f5es 2020: Henrique Diniz (DEM) iniciou campanha com visita \u00e0 feira de Vermelhos e reuni\u00f5es no interior - Blog do Farn\u00e9sio\",\"isPartOf\":{\"@id\":\"https:\\\/\\\/blogdofarnesio.com.br\\\/#website\"},\"primaryImageOfPage\":{\"@id\":\"https:\\\/\\\/blogdofarnesio.com.br\\\/?p=268360#primaryimage\"},\"image\":{\"@id\":\"https:\\\/\\\/blogdofarnesio.com.br\\\/?p=268360#primaryimage\"},\"thumbnailUrl\":\"https:\\\/\\\/blogdofarnesio.com.br\\\/wp-content\\\/uploads\\\/2020\\\/09\\\/IMG-20200927-WA0134.jpg\",\"datePublished\":\"2020-09-28T16:30:52+00:00\",\"breadcrumb\":{\"@id\":\"https:\\\/\\\/blogdofarnesio.com.br\\\/?p=268360#breadcrumb\"},\"inLanguage\":\"pt-BR\",\"potentialAction\":[{\"@type\":\"ReadAction\",\"target\":[\"https:\\\/\\\/blogdofarnesio.com.br\\\/?p=268360\"]}]},{\"@type\":\"ImageObject\",\"inLanguage\":\"pt-BR\",\"@id\":\"https:\\\/\\\/blogdofarnesio.com.br\\\/?p=268360#primaryimage\",\"url\":\"https:\\\/\\\/blogdofarnesio.com.br\\\/wp-content\\\/uploads\\\/2020\\\/09\\\/IMG-20200927-WA0134.jpg\",\"contentUrl\":\"https:\\\/\\\/blogdofarnesio.com.br\\\/wp-content\\\/uploads\\\/2020\\\/09\\\/IMG-20200927-WA0134.jpg\",\"width\":1280,\"height\":853},{\"@type\":\"BreadcrumbList\",\"@id\":\"https:\\\/\\\/blogdofarnesio.com.br\\\/?p=268360#breadcrumb\",\"itemListElement\":[{\"@type\":\"ListItem\",\"position\":1,\"name\":\"In\u00edcio\",\"item\":\"https:\\\/\\\/blogdofarnesio.com.br\\\/\"},{\"@type\":\"ListItem\",\"position\":2,\"name\":\"Elei\u00e7\u00f5es 2020: Henrique Diniz (DEM) iniciou campanha com visita \u00e0 feira de Vermelhos e reuni\u00f5es no interior\"}]},{\"@type\":\"WebSite\",\"@id\":\"https:\\\/\\\/blogdofarnesio.com.br\\\/#website\",\"url\":\"https:\\\/\\\/blogdofarnesio.com.br\\\/\",\"name\":\"Blog do Farn\u00e9sio\",\"description\":\"Quer Saber Pol\u00edtica?\",\"publisher\":{\"@id\":\"https:\\\/\\\/blogdofarnesio.com.br\\\/#organization\"},\"potentialAction\":[{\"@type\":\"SearchAction\",\"target\":{\"@type\":\"EntryPoint\",\"urlTemplate\":\"https:\\\/\\\/blogdofarnesio.com.br\\\/?s={search_term_string}\"},\"query-input\":{\"@type\":\"PropertyValueSpecification\",\"valueRequired\":true,\"valueName\":\"search_term_string\"}}],\"inLanguage\":\"pt-BR\"},{\"@type\":\"Organization\",\"@id\":\"https:\\\/\\\/blogdofarnesio.com.br\\\/#organization\",\"name\":\"Blog do Farn\u00e9sio\",\"url\":\"https:\\\/\\\/blogdofarnesio.com.br\\\/\",\"logo\":{\"@type\":\"ImageObject\",\"inLanguage\":\"pt-BR\",\"@id\":\"https:\\\/\\\/blogdofarnesio.com.br\\\/#\\\/schema\\\/logo\\\/image\\\/\",\"url\":\"https:\\\/\\\/blogdofarnesio.com.br\\\/wp-content\\\/uploads\\\/2026\\\/03\\\/cropped-logo_new-1.png\",\"contentUrl\":\"https:\\\/\\\/blogdofarnesio.com.br\\\/wp-content\\\/uploads\\\/2026\\\/03\\\/cropped-logo_new-1.png\",\"width\":881,\"height\":685,\"caption\":\"Blog do Farn\u00e9sio\"},\"image\":{\"@id\":\"https:\\\/\\\/blogdofarnesio.com.br\\\/#\\\/schema\\\/logo\\\/image\\\/\"},\"sameAs\":[\"https:\\\/\\\/www.facebook.com\\\/BlogQuerSaberPolitica\\\/\"]},{\"@type\":\"Person\",\"@id\":\"https:\\\/\\\/blogdofarnesio.com.br\\\/#\\\/schema\\\/person\\\/301c4acf522bccbfdb45af95b5b906a1\",\"name\":\"Farn\u00e9sio\",\"image\":{\"@type\":\"ImageObject\",\"inLanguage\":\"pt-BR\",\"@id\":\"https:\\\/\\\/secure.gravatar.com\\\/avatar\\\/df0c9a14567c056f8ad6876ba5bbd1e3e2c48023eb6807342fc4663adf549f38?s=96&d=mm&r=g\",\"url\":\"https:\\\/\\\/secure.gravatar.com\\\/avatar\\\/df0c9a14567c056f8ad6876ba5bbd1e3e2c48023eb6807342fc4663adf549f38?s=96&d=mm&r=g\",\"contentUrl\":\"https:\\\/\\\/secure.gravatar.com\\\/avatar\\\/df0c9a14567c056f8ad6876ba5bbd1e3e2c48023eb6807342fc4663adf549f38?s=96&d=mm&r=g\",\"caption\":\"Farn\u00e9sio\"},\"sameAs\":[\"https:\\\/\\\/quersaberpolitica.com.br\"],\"url\":\"https:\\\/\\\/blogdofarnesio.com.br\\\/?author=1\"}]}<\/script>\n<!-- \/ Yoast SEO plugin. -->","yoast_head_json":{"title":"Elei\u00e7\u00f5es 2020: Henrique Diniz (DEM) iniciou campanha com visita \u00e0 feira de Vermelhos e reuni\u00f5es no interior - Blog do Farn\u00e9sio","robots":{"index":"index","follow":"follow","max-snippet":"max-snippet:-1","max-image-preview":"max-image-preview:large","max-video-preview":"max-video-preview:-1"},"canonical":"https:\/\/blogdofarnesio.com.br\/?p=268360","og_locale":"pt_BR","og_type":"article","og_title":"Elei\u00e7\u00f5es 2020: Henrique Diniz (DEM) iniciou campanha com visita \u00e0 feira de Vermelhos e reuni\u00f5es no interior - Blog do Farn\u00e9sio","og_description":"O candidato a prefeito de Lagoa Grande, Henrique Diniz (DEM) deu a largada neste domingo (27) em sua campanha oficial rumo a prefeitura da cidade. Em seu primeiro dia de agenda, o prefeitur\u00e1vel alavancou uma onda azul por onde passou na sede e no interior. Pela manh\u00e3, esteve na feira livre do distrito de Vermelhos, onde foi bem recebido e elogiado pelo seu projeto de governo e pela sua postura sempre equilibrada e comprometida. Na parte da tarde, Henrique esteve no S\u00edtio Caieiras. Durante a reuni\u00e3o com os moradores, o candidato ouviu as demandas da popula\u00e7\u00e3o sobre sa\u00fade, educa\u00e7\u00e3o e principalmente saneamento b\u00e1sico, que \u00e9 um problema antigo entre a comunidade e a prefeitura de Lagoa Grande, uma vez que&hellip;","og_url":"https:\/\/blogdofarnesio.com.br\/?p=268360","og_site_name":"Blog do Farn\u00e9sio","article_publisher":"https:\/\/www.facebook.com\/BlogQuerSaberPolitica\/","article_published_time":"2020-09-28T16:30:52+00:00","og_image":[{"width":1280,"height":853,"url":"https:\/\/blogdofarnesio.com.br\/wp-content\/uploads\/2020\/09\/IMG-20200927-WA0134.jpg","type":"image\/jpeg"}],"author":"Farn\u00e9sio","twitter_card":"summary_large_image","twitter_misc":{"Escrito por":"Farn\u00e9sio","Est. tempo de leitura":"1 minuto"},"schema":{"@context":"https:\/\/schema.org","@graph":[{"@type":"Article","@id":"https:\/\/blogdofarnesio.com.br\/?p=268360#article","isPartOf":{"@id":"https:\/\/blogdofarnesio.com.br\/?p=268360"},"author":{"name":"Farn\u00e9sio","@id":"https:\/\/blogdofarnesio.com.br\/#\/schema\/person\/301c4acf522bccbfdb45af95b5b906a1"},"headline":"Elei\u00e7\u00f5es 2020: Henrique Diniz (DEM) iniciou campanha com visita \u00e0 feira de Vermelhos e reuni\u00f5es no interior","datePublished":"2020-09-28T16:30:52+00:00","mainEntityOfPage":{"@id":"https:\/\/blogdofarnesio.com.br\/?p=268360"},"wordCount":229,"publisher":{"@id":"https:\/\/blogdofarnesio.com.br\/#organization"},"image":{"@id":"https:\/\/blogdofarnesio.com.br\/?p=268360#primaryimage"},"thumbnailUrl":"https:\/\/blogdofarnesio.com.br\/wp-content\/uploads\/2020\/09\/IMG-20200927-WA0134.jpg","articleSection":["Elei\u00e7\u00f5es"],"inLanguage":"pt-BR"},{"@type":"WebPage","@id":"https:\/\/blogdofarnesio.com.br\/?p=268360","url":"https:\/\/blogdofarnesio.com.br\/?p=268360","name":"Elei\u00e7\u00f5es 2020: Henrique Diniz (DEM) iniciou campanha com visita \u00e0 feira de Vermelhos e reuni\u00f5es no interior - Blog do Farn\u00e9sio","isPartOf":{"@id":"https:\/\/blogdofarnesio.com.br\/#website"},"primaryImageOfPage":{"@id":"https:\/\/blogdofarnesio.com.br\/?p=268360#primaryimage"},"image":{"@id":"https:\/\/blogdofarnesio.com.br\/?p=268360#primaryimage"},"thumbnailUrl":"https:\/\/blogdofarnesio.com.br\/wp-content\/uploads\/2020\/09\/IMG-20200927-WA0134.jpg","datePublished":"2020-09-28T16:30:52+00:00","breadcrumb":{"@id":"https:\/\/blogdofarnesio.com.br\/?p=268360#breadcrumb"},"inLanguage":"pt-BR","potentialAction":[{"@type":"ReadAction","target":["https:\/\/blogdofarnesio.com.br\/?p=268360"]}]},{"@type":"ImageObject","inLanguage":"pt-BR","@id":"https:\/\/blogdofarnesio.com.br\/?p=268360#primaryimage","url":"https:\/\/blogdofarnesio.com.br\/wp-content\/uploads\/2020\/09\/IMG-20200927-WA0134.jpg","contentUrl":"https:\/\/blogdofarnesio.com.br\/wp-content\/uploads\/2020\/09\/IMG-20200927-WA0134.jpg","width":1280,"height":853},{"@type":"BreadcrumbList","@id":"https:\/\/blogdofarnesio.com.br\/?p=268360#breadcrumb","itemListElement":[{"@type":"ListItem","position":1,"name":"In\u00edcio","item":"https:\/\/blogdofarnesio.com.br\/"},{"@type":"ListItem","position":2,"name":"Elei\u00e7\u00f5es 2020: Henrique Diniz (DEM) iniciou campanha com visita \u00e0 feira de Vermelhos e reuni\u00f5es no interior"}]},{"@type":"WebSite","@id":"https:\/\/blogdofarnesio.com.br\/#website","url":"https:\/\/blogdofarnesio.com.br\/","name":"Blog do Farn\u00e9sio","description":"Quer Saber Pol\u00edtica?","publisher":{"@id":"https:\/\/blogdofarnesio.com.br\/#organization"},"potentialAction":[{"@type":"SearchAction","target":{"@type":"EntryPoint","urlTemplate":"https:\/\/blogdofarnesio.com.br\/?s={search_term_string}"},"query-input":{"@type":"PropertyValueSpecification","valueRequired":true,"valueName":"search_term_string"}}],"inLanguage":"pt-BR"},{"@type":"Organization","@id":"https:\/\/blogdofarnesio.com.br\/#organization","name":"Blog do Farn\u00e9sio","url":"https:\/\/blogdofarnesio.com.br\/","logo":{"@type":"ImageObject","inLanguage":"pt-BR","@id":"https:\/\/blogdofarnesio.com.br\/#\/schema\/logo\/image\/","url":"https:\/\/blogdofarnesio.com.br\/wp-content\/uploads\/2026\/03\/cropped-logo_new-1.png","contentUrl":"https:\/\/blogdofarnesio.com.br\/wp-content\/uploads\/2026\/03\/cropped-logo_new-1.png","width":881,"height":685,"caption":"Blog do Farn\u00e9sio"},"image":{"@id":"https:\/\/blogdofarnesio.com.br\/#\/schema\/logo\/image\/"},"sameAs":["https:\/\/www.facebook.com\/BlogQuerSaberPolitica\/"]},{"@type":"Person","@id":"https:\/\/blogdofarnesio.com.br\/#\/schema\/person\/301c4acf522bccbfdb45af95b5b906a1","name":"Farn\u00e9sio","image":{"@type":"ImageObject","inLanguage":"pt-BR","@id":"https:\/\/secure.gravatar.com\/avatar\/df0c9a14567c056f8ad6876ba5bbd1e3e2c48023eb6807342fc4663adf549f38?s=96&d=mm&r=g","url":"https:\/\/secure.gravatar.com\/avatar\/df0c9a14567c056f8ad6876ba5bbd1e3e2c48023eb6807342fc4663adf549f38?s=96&d=mm&r=g","contentUrl":"https:\/\/secure.gravatar.com\/avatar\/df0c9a14567c056f8ad6876ba5bbd1e3e2c48023eb6807342fc4663adf549f38?s=96&d=mm&r=g","caption":"Farn\u00e9sio"},"sameAs":["https:\/\/quersaberpolitica.com.br"],"url":"https:\/\/blogdofarnesio.com.br\/?author=1"}]}},"_links":{"self":[{"href":"https:\/\/blogdofarnesio.com.br\/index.php?rest_route=\/wp\/v2\/posts\/268360","targetHints":{"allow":["GET"]}}],"collection":[{"href":"https:\/\/blogdofarnesio.com.br\/index.php?rest_route=\/wp\/v2\/posts"}],"about":[{"href":"https:\/\/blogdofarnesio.com.br\/index.php?rest_route=\/wp\/v2\/types\/post"}],"author":[{"embeddable":true,"href":"https:\/\/blogdofarnesio.com.br\/index.php?rest_route=\/wp\/v2\/users\/1"}],"replies":[{"embeddable":true,"href":"https:\/\/blogdofarnesio.com.br\/index.php?rest_route=%2Fwp%2Fv2%2Fcomments&post=268360"}],"version-history":[{"count":0,"href":"https:\/\/blogdofarnesio.com.br\/index.php?rest_route=\/wp\/v2\/posts\/268360\/revisions"}],"wp:featuredmedia":[{"embeddable":true,"href":"https:\/\/blogdofarnesio.com.br\/index.php?rest_route=\/wp\/v2\/media\/268361"}],"wp:attachment":[{"href":"https:\/\/blogdofarnesio.com.br\/index.php?rest_route=%2Fwp%2Fv2%2Fmedia&parent=268360"}],"wp:term":[{"taxonomy":"category","embeddable":true,"href":"https:\/\/blogdofarnesio.com.br\/index.php?rest_route=%2Fwp%2Fv2%2Fcategories&post=268360"},{"taxonomy":"post_tag","embeddable":true,"href":"https:\/\/blogdofarnesio.com.br\/index.php?rest_route=%2Fwp%2Fv2%2Ftags&post=268360"}],"curies":[{"name":"wp","href":"https:\/\/api.w.org\/{rel}","templated":true}]}}