{"id":268339,"date":"2020-09-28T12:00:36","date_gmt":"2020-09-28T15:00:36","guid":{"rendered":"http:\/\/quersaberpolitica.com.br\/2016\/?p=268339"},"modified":"2020-09-28T10:19:15","modified_gmt":"2020-09-28T13:19:15","slug":"vanusa-se-recupera-esta-consciente-e-ja-respira-sozinha-diz-boletim","status":"publish","type":"post","link":"https:\/\/blogdofarnesio.com.br\/?p=268339","title":{"rendered":"Vanusa se recupera est\u00e1 consciente e j\u00e1 respira sozinha, diz boletim"},"content":{"rendered":"<header class=\"\">\n<div class=\"authorship\">\n<ul>\n<li>\n<address id=\"article-author\">REDA\u00c7\u00c3O MARIE CLAIRE &#8211;\u00a0<\/address>\n<\/li>\n<\/ul>\n<\/div>\n<\/header>\n<div class=\"protected-content\">\n<figure><\/figure>\n<p>A cantora<strong>\u00a0Vanusa<\/strong>\u00a0apresentou melhora nas \u00faltimas 24 horas, segundo boletim m\u00e9dico divulgado neste domingo (27). Ela permanece internada na Unidade de Terapia Intensiva do Complexo Hospitalar dos Estivadores, em Santos, no litoral de S\u00e3o Paulo.<\/p>\n<p>&#8220;Encontra-se consciente, com quadro cl\u00ednico est\u00e1vel e respirando espontaneamente com cateter de oxig\u00eanio&#8221;, diz o boletim assinado pelos m\u00e9dicos<strong>\u00a0Luiz Ot\u00e1vio Lopes Abrantes<\/strong>\u00a0e\u00a0<strong>Caio Genovez Medina<\/strong>.<\/p>\n<p>At\u00e9 s\u00e1bado o comunicado informava que seu estado de sa\u00fade era grave &#8211; informa\u00e7\u00e3o retirada do boletim deste domingo.<\/p>\n<\/div>\n","protected":false},"excerpt":{"rendered":"<p>REDA\u00c7\u00c3O MARIE CLAIRE &#8211;\u00a0 A cantora\u00a0Vanusa\u00a0apresentou melhora nas \u00faltimas 24 horas, segundo boletim m\u00e9dico divulgado neste domingo (27). Ela permanece internada na Unidade de Terapia Intensiva do Complexo Hospitalar dos Estivadores, em Santos, no litoral de S\u00e3o Paulo. &#8220;Encontra-se consciente, com quadro cl\u00ednico est\u00e1vel e respirando espontaneamente com cateter de oxig\u00eanio&#8221;, diz o boletim assinado pelos m\u00e9dicos\u00a0Luiz Ot\u00e1vio Lopes Abrantes\u00a0e\u00a0Caio Genovez Medina. At\u00e9 s\u00e1bado o comunicado informava que seu estado de sa\u00fade era grave &#8211; informa\u00e7\u00e3o retirada do boletim deste domingo.<\/p>\n","protected":false},"author":1,"featured_media":268340,"comment_status":"closed","ping_status":"closed","sticky":false,"template":"","format":"standard","meta":{"_acf_changed":false,"footnotes":""},"categories":[1],"tags":[],"class_list":["post-268339","post","type-post","status-publish","format-standard","has-post-thumbnail","hentry","category-politica"],"acf":[],"yoast_head":"<!-- This site is optimized with the Yoast SEO plugin v27.4 - https:\/\/yoast.com\/product\/yoast-seo-wordpress\/ -->\n<title>Vanusa se recupera est\u00e1 consciente e j\u00e1 respira sozinha, diz boletim - Blog do Farn\u00e9sio<\/title>\n<meta name=\"robots\" content=\"index, follow, max-snippet:-1, max-image-preview:large, max-video-preview:-1\" \/>\n<link rel=\"canonical\" href=\"https:\/\/blogdofarnesio.com.br\/?p=268339\" \/>\n<meta property=\"og:locale\" content=\"pt_BR\" \/>\n<meta property=\"og:type\" content=\"article\" \/>\n<meta property=\"og:title\" content=\"Vanusa se recupera est\u00e1 consciente e j\u00e1 respira sozinha, diz boletim - Blog do Farn\u00e9sio\" \/>\n<meta property=\"og:description\" content=\"REDA\u00c7\u00c3O MARIE CLAIRE &#8211;\u00a0 A cantora\u00a0Vanusa\u00a0apresentou melhora nas \u00faltimas 24 horas, segundo boletim m\u00e9dico divulgado neste domingo (27). Ela permanece internada na Unidade de Terapia Intensiva do Complexo Hospitalar dos Estivadores, em Santos, no litoral de S\u00e3o Paulo. &#8220;Encontra-se consciente, com quadro cl\u00ednico est\u00e1vel e respirando espontaneamente com cateter de oxig\u00eanio&#8221;, diz o boletim assinado pelos m\u00e9dicos\u00a0Luiz Ot\u00e1vio Lopes Abrantes\u00a0e\u00a0Caio Genovez Medina. At\u00e9 s\u00e1bado o comunicado informava que seu estado de sa\u00fade era grave &#8211; informa\u00e7\u00e3o retirada do boletim deste domingo.\" \/>\n<meta property=\"og:url\" content=\"https:\/\/blogdofarnesio.com.br\/?p=268339\" \/>\n<meta property=\"og:site_name\" content=\"Blog do Farn\u00e9sio\" \/>\n<meta property=\"article:publisher\" content=\"https:\/\/www.facebook.com\/BlogQuerSaberPolitica\/\" \/>\n<meta property=\"article:published_time\" content=\"2020-09-28T15:00:36+00:00\" \/>\n<meta property=\"og:image\" content=\"https:\/\/blogdofarnesio.com.br\/wp-content\/uploads\/2020\/09\/blogqspvanusacantoraoficial_11375217_1013784651975381_637728923_n-e1601242974838.jpg\" \/>\n\t<meta property=\"og:image:width\" content=\"640\" \/>\n\t<meta property=\"og:image:height\" content=\"537\" \/>\n\t<meta property=\"og:image:type\" content=\"image\/jpeg\" \/>\n<meta name=\"author\" content=\"Farn\u00e9sio\" \/>\n<meta name=\"twitter:card\" content=\"summary_large_image\" \/>\n<meta name=\"twitter:label1\" content=\"Escrito por\" \/>\n\t<meta name=\"twitter:data1\" content=\"Farn\u00e9sio\" \/>\n<script type=\"application\/ld+json\" class=\"yoast-schema-graph\">{\"@context\":\"https:\\\/\\\/schema.org\",\"@graph\":[{\"@type\":\"Article\",\"@id\":\"https:\\\/\\\/blogdofarnesio.com.br\\\/?p=268339#article\",\"isPartOf\":{\"@id\":\"https:\\\/\\\/blogdofarnesio.com.br\\\/?p=268339\"},\"author\":{\"name\":\"Farn\u00e9sio\",\"@id\":\"https:\\\/\\\/blogdofarnesio.com.br\\\/#\\\/schema\\\/person\\\/301c4acf522bccbfdb45af95b5b906a1\"},\"headline\":\"Vanusa se recupera est\u00e1 consciente e j\u00e1 respira sozinha, diz boletim\",\"datePublished\":\"2020-09-28T15:00:36+00:00\",\"mainEntityOfPage\":{\"@id\":\"https:\\\/\\\/blogdofarnesio.com.br\\\/?p=268339\"},\"wordCount\":106,\"publisher\":{\"@id\":\"https:\\\/\\\/blogdofarnesio.com.br\\\/#organization\"},\"image\":{\"@id\":\"https:\\\/\\\/blogdofarnesio.com.br\\\/?p=268339#primaryimage\"},\"thumbnailUrl\":\"https:\\\/\\\/blogdofarnesio.com.br\\\/wp-content\\\/uploads\\\/2020\\\/09\\\/blogqspvanusacantoraoficial_11375217_1013784651975381_637728923_n-e1601242974838.jpg\",\"articleSection\":[\"Pol\u00edtica\"],\"inLanguage\":\"pt-BR\"},{\"@type\":\"WebPage\",\"@id\":\"https:\\\/\\\/blogdofarnesio.com.br\\\/?p=268339\",\"url\":\"https:\\\/\\\/blogdofarnesio.com.br\\\/?p=268339\",\"name\":\"Vanusa se recupera est\u00e1 consciente e j\u00e1 respira sozinha, diz boletim - Blog do Farn\u00e9sio\",\"isPartOf\":{\"@id\":\"https:\\\/\\\/blogdofarnesio.com.br\\\/#website\"},\"primaryImageOfPage\":{\"@id\":\"https:\\\/\\\/blogdofarnesio.com.br\\\/?p=268339#primaryimage\"},\"image\":{\"@id\":\"https:\\\/\\\/blogdofarnesio.com.br\\\/?p=268339#primaryimage\"},\"thumbnailUrl\":\"https:\\\/\\\/blogdofarnesio.com.br\\\/wp-content\\\/uploads\\\/2020\\\/09\\\/blogqspvanusacantoraoficial_11375217_1013784651975381_637728923_n-e1601242974838.jpg\",\"datePublished\":\"2020-09-28T15:00:36+00:00\",\"breadcrumb\":{\"@id\":\"https:\\\/\\\/blogdofarnesio.com.br\\\/?p=268339#breadcrumb\"},\"inLanguage\":\"pt-BR\",\"potentialAction\":[{\"@type\":\"ReadAction\",\"target\":[\"https:\\\/\\\/blogdofarnesio.com.br\\\/?p=268339\"]}]},{\"@type\":\"ImageObject\",\"inLanguage\":\"pt-BR\",\"@id\":\"https:\\\/\\\/blogdofarnesio.com.br\\\/?p=268339#primaryimage\",\"url\":\"https:\\\/\\\/blogdofarnesio.com.br\\\/wp-content\\\/uploads\\\/2020\\\/09\\\/blogqspvanusacantoraoficial_11375217_1013784651975381_637728923_n-e1601242974838.jpg\",\"contentUrl\":\"https:\\\/\\\/blogdofarnesio.com.br\\\/wp-content\\\/uploads\\\/2020\\\/09\\\/blogqspvanusacantoraoficial_11375217_1013784651975381_637728923_n-e1601242974838.jpg\",\"width\":640,\"height\":537},{\"@type\":\"BreadcrumbList\",\"@id\":\"https:\\\/\\\/blogdofarnesio.com.br\\\/?p=268339#breadcrumb\",\"itemListElement\":[{\"@type\":\"ListItem\",\"position\":1,\"name\":\"In\u00edcio\",\"item\":\"https:\\\/\\\/blogdofarnesio.com.br\\\/\"},{\"@type\":\"ListItem\",\"position\":2,\"name\":\"Vanusa se recupera est\u00e1 consciente e j\u00e1 respira sozinha, diz boletim\"}]},{\"@type\":\"WebSite\",\"@id\":\"https:\\\/\\\/blogdofarnesio.com.br\\\/#website\",\"url\":\"https:\\\/\\\/blogdofarnesio.com.br\\\/\",\"name\":\"Blog do Farn\u00e9sio\",\"description\":\"Quer Saber Pol\u00edtica?\",\"publisher\":{\"@id\":\"https:\\\/\\\/blogdofarnesio.com.br\\\/#organization\"},\"potentialAction\":[{\"@type\":\"SearchAction\",\"target\":{\"@type\":\"EntryPoint\",\"urlTemplate\":\"https:\\\/\\\/blogdofarnesio.com.br\\\/?s={search_term_string}\"},\"query-input\":{\"@type\":\"PropertyValueSpecification\",\"valueRequired\":true,\"valueName\":\"search_term_string\"}}],\"inLanguage\":\"pt-BR\"},{\"@type\":\"Organization\",\"@id\":\"https:\\\/\\\/blogdofarnesio.com.br\\\/#organization\",\"name\":\"Blog do Farn\u00e9sio\",\"url\":\"https:\\\/\\\/blogdofarnesio.com.br\\\/\",\"logo\":{\"@type\":\"ImageObject\",\"inLanguage\":\"pt-BR\",\"@id\":\"https:\\\/\\\/blogdofarnesio.com.br\\\/#\\\/schema\\\/logo\\\/image\\\/\",\"url\":\"https:\\\/\\\/blogdofarnesio.com.br\\\/wp-content\\\/uploads\\\/2026\\\/03\\\/cropped-logo_new-1.png\",\"contentUrl\":\"https:\\\/\\\/blogdofarnesio.com.br\\\/wp-content\\\/uploads\\\/2026\\\/03\\\/cropped-logo_new-1.png\",\"width\":881,\"height\":685,\"caption\":\"Blog do Farn\u00e9sio\"},\"image\":{\"@id\":\"https:\\\/\\\/blogdofarnesio.com.br\\\/#\\\/schema\\\/logo\\\/image\\\/\"},\"sameAs\":[\"https:\\\/\\\/www.facebook.com\\\/BlogQuerSaberPolitica\\\/\"]},{\"@type\":\"Person\",\"@id\":\"https:\\\/\\\/blogdofarnesio.com.br\\\/#\\\/schema\\\/person\\\/301c4acf522bccbfdb45af95b5b906a1\",\"name\":\"Farn\u00e9sio\",\"image\":{\"@type\":\"ImageObject\",\"inLanguage\":\"pt-BR\",\"@id\":\"https:\\\/\\\/secure.gravatar.com\\\/avatar\\\/df0c9a14567c056f8ad6876ba5bbd1e3e2c48023eb6807342fc4663adf549f38?s=96&d=mm&r=g\",\"url\":\"https:\\\/\\\/secure.gravatar.com\\\/avatar\\\/df0c9a14567c056f8ad6876ba5bbd1e3e2c48023eb6807342fc4663adf549f38?s=96&d=mm&r=g\",\"contentUrl\":\"https:\\\/\\\/secure.gravatar.com\\\/avatar\\\/df0c9a14567c056f8ad6876ba5bbd1e3e2c48023eb6807342fc4663adf549f38?s=96&d=mm&r=g\",\"caption\":\"Farn\u00e9sio\"},\"sameAs\":[\"https:\\\/\\\/quersaberpolitica.com.br\"],\"url\":\"https:\\\/\\\/blogdofarnesio.com.br\\\/?author=1\"}]}<\/script>\n<!-- \/ Yoast SEO plugin. -->","yoast_head_json":{"title":"Vanusa se recupera est\u00e1 consciente e j\u00e1 respira sozinha, diz boletim - Blog do Farn\u00e9sio","robots":{"index":"index","follow":"follow","max-snippet":"max-snippet:-1","max-image-preview":"max-image-preview:large","max-video-preview":"max-video-preview:-1"},"canonical":"https:\/\/blogdofarnesio.com.br\/?p=268339","og_locale":"pt_BR","og_type":"article","og_title":"Vanusa se recupera est\u00e1 consciente e j\u00e1 respira sozinha, diz boletim - Blog do Farn\u00e9sio","og_description":"REDA\u00c7\u00c3O MARIE CLAIRE &#8211;\u00a0 A cantora\u00a0Vanusa\u00a0apresentou melhora nas \u00faltimas 24 horas, segundo boletim m\u00e9dico divulgado neste domingo (27). Ela permanece internada na Unidade de Terapia Intensiva do Complexo Hospitalar dos Estivadores, em Santos, no litoral de S\u00e3o Paulo. &#8220;Encontra-se consciente, com quadro cl\u00ednico est\u00e1vel e respirando espontaneamente com cateter de oxig\u00eanio&#8221;, diz o boletim assinado pelos m\u00e9dicos\u00a0Luiz Ot\u00e1vio Lopes Abrantes\u00a0e\u00a0Caio Genovez Medina. At\u00e9 s\u00e1bado o comunicado informava que seu estado de sa\u00fade era grave &#8211; informa\u00e7\u00e3o retirada do boletim deste domingo.","og_url":"https:\/\/blogdofarnesio.com.br\/?p=268339","og_site_name":"Blog do Farn\u00e9sio","article_publisher":"https:\/\/www.facebook.com\/BlogQuerSaberPolitica\/","article_published_time":"2020-09-28T15:00:36+00:00","og_image":[{"width":640,"height":537,"url":"https:\/\/blogdofarnesio.com.br\/wp-content\/uploads\/2020\/09\/blogqspvanusacantoraoficial_11375217_1013784651975381_637728923_n-e1601242974838.jpg","type":"image\/jpeg"}],"author":"Farn\u00e9sio","twitter_card":"summary_large_image","twitter_misc":{"Escrito por":"Farn\u00e9sio"},"schema":{"@context":"https:\/\/schema.org","@graph":[{"@type":"Article","@id":"https:\/\/blogdofarnesio.com.br\/?p=268339#article","isPartOf":{"@id":"https:\/\/blogdofarnesio.com.br\/?p=268339"},"author":{"name":"Farn\u00e9sio","@id":"https:\/\/blogdofarnesio.com.br\/#\/schema\/person\/301c4acf522bccbfdb45af95b5b906a1"},"headline":"Vanusa se recupera est\u00e1 consciente e j\u00e1 respira sozinha, diz boletim","datePublished":"2020-09-28T15:00:36+00:00","mainEntityOfPage":{"@id":"https:\/\/blogdofarnesio.com.br\/?p=268339"},"wordCount":106,"publisher":{"@id":"https:\/\/blogdofarnesio.com.br\/#organization"},"image":{"@id":"https:\/\/blogdofarnesio.com.br\/?p=268339#primaryimage"},"thumbnailUrl":"https:\/\/blogdofarnesio.com.br\/wp-content\/uploads\/2020\/09\/blogqspvanusacantoraoficial_11375217_1013784651975381_637728923_n-e1601242974838.jpg","articleSection":["Pol\u00edtica"],"inLanguage":"pt-BR"},{"@type":"WebPage","@id":"https:\/\/blogdofarnesio.com.br\/?p=268339","url":"https:\/\/blogdofarnesio.com.br\/?p=268339","name":"Vanusa se recupera est\u00e1 consciente e j\u00e1 respira sozinha, diz boletim - Blog do Farn\u00e9sio","isPartOf":{"@id":"https:\/\/blogdofarnesio.com.br\/#website"},"primaryImageOfPage":{"@id":"https:\/\/blogdofarnesio.com.br\/?p=268339#primaryimage"},"image":{"@id":"https:\/\/blogdofarnesio.com.br\/?p=268339#primaryimage"},"thumbnailUrl":"https:\/\/blogdofarnesio.com.br\/wp-content\/uploads\/2020\/09\/blogqspvanusacantoraoficial_11375217_1013784651975381_637728923_n-e1601242974838.jpg","datePublished":"2020-09-28T15:00:36+00:00","breadcrumb":{"@id":"https:\/\/blogdofarnesio.com.br\/?p=268339#breadcrumb"},"inLanguage":"pt-BR","potentialAction":[{"@type":"ReadAction","target":["https:\/\/blogdofarnesio.com.br\/?p=268339"]}]},{"@type":"ImageObject","inLanguage":"pt-BR","@id":"https:\/\/blogdofarnesio.com.br\/?p=268339#primaryimage","url":"https:\/\/blogdofarnesio.com.br\/wp-content\/uploads\/2020\/09\/blogqspvanusacantoraoficial_11375217_1013784651975381_637728923_n-e1601242974838.jpg","contentUrl":"https:\/\/blogdofarnesio.com.br\/wp-content\/uploads\/2020\/09\/blogqspvanusacantoraoficial_11375217_1013784651975381_637728923_n-e1601242974838.jpg","width":640,"height":537},{"@type":"BreadcrumbList","@id":"https:\/\/blogdofarnesio.com.br\/?p=268339#breadcrumb","itemListElement":[{"@type":"ListItem","position":1,"name":"In\u00edcio","item":"https:\/\/blogdofarnesio.com.br\/"},{"@type":"ListItem","position":2,"name":"Vanusa se recupera est\u00e1 consciente e j\u00e1 respira sozinha, diz boletim"}]},{"@type":"WebSite","@id":"https:\/\/blogdofarnesio.com.br\/#website","url":"https:\/\/blogdofarnesio.com.br\/","name":"Blog do Farn\u00e9sio","description":"Quer Saber Pol\u00edtica?","publisher":{"@id":"https:\/\/blogdofarnesio.com.br\/#organization"},"potentialAction":[{"@type":"SearchAction","target":{"@type":"EntryPoint","urlTemplate":"https:\/\/blogdofarnesio.com.br\/?s={search_term_string}"},"query-input":{"@type":"PropertyValueSpecification","valueRequired":true,"valueName":"search_term_string"}}],"inLanguage":"pt-BR"},{"@type":"Organization","@id":"https:\/\/blogdofarnesio.com.br\/#organization","name":"Blog do Farn\u00e9sio","url":"https:\/\/blogdofarnesio.com.br\/","logo":{"@type":"ImageObject","inLanguage":"pt-BR","@id":"https:\/\/blogdofarnesio.com.br\/#\/schema\/logo\/image\/","url":"https:\/\/blogdofarnesio.com.br\/wp-content\/uploads\/2026\/03\/cropped-logo_new-1.png","contentUrl":"https:\/\/blogdofarnesio.com.br\/wp-content\/uploads\/2026\/03\/cropped-logo_new-1.png","width":881,"height":685,"caption":"Blog do Farn\u00e9sio"},"image":{"@id":"https:\/\/blogdofarnesio.com.br\/#\/schema\/logo\/image\/"},"sameAs":["https:\/\/www.facebook.com\/BlogQuerSaberPolitica\/"]},{"@type":"Person","@id":"https:\/\/blogdofarnesio.com.br\/#\/schema\/person\/301c4acf522bccbfdb45af95b5b906a1","name":"Farn\u00e9sio","image":{"@type":"ImageObject","inLanguage":"pt-BR","@id":"https:\/\/secure.gravatar.com\/avatar\/df0c9a14567c056f8ad6876ba5bbd1e3e2c48023eb6807342fc4663adf549f38?s=96&d=mm&r=g","url":"https:\/\/secure.gravatar.com\/avatar\/df0c9a14567c056f8ad6876ba5bbd1e3e2c48023eb6807342fc4663adf549f38?s=96&d=mm&r=g","contentUrl":"https:\/\/secure.gravatar.com\/avatar\/df0c9a14567c056f8ad6876ba5bbd1e3e2c48023eb6807342fc4663adf549f38?s=96&d=mm&r=g","caption":"Farn\u00e9sio"},"sameAs":["https:\/\/quersaberpolitica.com.br"],"url":"https:\/\/blogdofarnesio.com.br\/?author=1"}]}},"_links":{"self":[{"href":"https:\/\/blogdofarnesio.com.br\/index.php?rest_route=\/wp\/v2\/posts\/268339","targetHints":{"allow":["GET"]}}],"collection":[{"href":"https:\/\/blogdofarnesio.com.br\/index.php?rest_route=\/wp\/v2\/posts"}],"about":[{"href":"https:\/\/blogdofarnesio.com.br\/index.php?rest_route=\/wp\/v2\/types\/post"}],"author":[{"embeddable":true,"href":"https:\/\/blogdofarnesio.com.br\/index.php?rest_route=\/wp\/v2\/users\/1"}],"replies":[{"embeddable":true,"href":"https:\/\/blogdofarnesio.com.br\/index.php?rest_route=%2Fwp%2Fv2%2Fcomments&post=268339"}],"version-history":[{"count":0,"href":"https:\/\/blogdofarnesio.com.br\/index.php?rest_route=\/wp\/v2\/posts\/268339\/revisions"}],"wp:featuredmedia":[{"embeddable":true,"href":"https:\/\/blogdofarnesio.com.br\/index.php?rest_route=\/wp\/v2\/media\/268340"}],"wp:attachment":[{"href":"https:\/\/blogdofarnesio.com.br\/index.php?rest_route=%2Fwp%2Fv2%2Fmedia&parent=268339"}],"wp:term":[{"taxonomy":"category","embeddable":true,"href":"https:\/\/blogdofarnesio.com.br\/index.php?rest_route=%2Fwp%2Fv2%2Fcategories&post=268339"},{"taxonomy":"post_tag","embeddable":true,"href":"https:\/\/blogdofarnesio.com.br\/index.php?rest_route=%2Fwp%2Fv2%2Ftags&post=268339"}],"curies":[{"name":"wp","href":"https:\/\/api.w.org\/{rel}","templated":true}]}}