{"id":267960,"date":"2020-09-22T18:50:08","date_gmt":"2020-09-22T21:50:08","guid":{"rendered":"http:\/\/quersaberpolitica.com.br\/2016\/?p=267960"},"modified":"2020-09-22T18:50:08","modified_gmt":"2020-09-22T21:50:08","slug":"boletim-desta-terca-feira-registra-17-novos-casos-da-covid-19-em-juazeiro","status":"publish","type":"post","link":"https:\/\/blogdofarnesio.com.br\/?p=267960","title":{"rendered":"Boletim desta ter\u00e7a-feira registra 17 novos casos da COVID-19 em Juazeiro"},"content":{"rendered":"<div dir=\"auto\">No boletim desta ter\u00e7a-feira (22), a Secretaria da Sa\u00fade registra que 17 pessoas testaram positivo para a COVID-19, s\u00e3o 08 do sexo feminino e 09 do sexo masculino, com idades entre 01 e 64 anos, sendo 02 profissionais da sa\u00fade.\u00a0 Dos resultados obtidos 08 foram por meio do teste r\u00e1pido e 05 por swab r\u00e1pido e 04 pelo LACEN de Salvador, os mesmos em isolamento domiciliar.<\/div>\n<div dir=\"auto\"><\/div>\n<div dir=\"auto\">Com estes novos dados, agora s\u00e3o 4.348 pessoas que j\u00e1 contra\u00edram a doen\u00e7a. Juazeiro tem ainda\u00a0 3.254 pessoas clinicamente curadas da doen\u00e7a e h\u00e1 ainda o registro de 99 \u00f3bitos ocasionados pela COVID-19.<\/div>\n<div dir=\"auto\"><\/div>\n<div dir=\"auto\">Com os novos n\u00fameros, o munic\u00edpio chega a 15.561 exames realizados com 11.213 resultados negativos para a COVID-19, sendo considerados descartados. Dos 4.348 casos confirmados, 2.352 s\u00e3o do sexo feminino, 1.996 do sexo masculino, sendo 268 profissionais de sa\u00fade. Seguem em isolamento domiciliar 985 pessoas, 10 est\u00e3o internadas, sendo 09\u00a0 em UTIs e 01 em leitos intermedi\u00e1rios.<\/div>\n<div dir=\"auto\"><\/div>\n<div dir=\"auto\">Confira a lista completa dos casos internados: <a href=\"http:\/\/quersaberpolitica.com.br\/2016\/wp-content\/uploads\/2020\/09\/LEITOS-OCUPADOS-22092020.pdf\">LEITOS OCUPADOS 22092020<\/a><\/div>\n","protected":false},"excerpt":{"rendered":"<p>No boletim desta ter\u00e7a-feira (22), a Secretaria da Sa\u00fade registra que 17 pessoas testaram positivo para a COVID-19, s\u00e3o 08 do sexo feminino e 09 do sexo masculino, com idades entre 01 e 64 anos, sendo 02 profissionais da sa\u00fade.\u00a0 Dos resultados obtidos 08 foram por meio do teste r\u00e1pido e 05 por swab r\u00e1pido e 04 pelo LACEN de Salvador, os mesmos em isolamento domiciliar. Com estes novos dados, agora s\u00e3o 4.348 pessoas que j\u00e1 contra\u00edram a doen\u00e7a. Juazeiro tem ainda\u00a0 3.254 pessoas clinicamente curadas da doen\u00e7a e h\u00e1 ainda o registro de 99 \u00f3bitos ocasionados pela COVID-19. Com os novos n\u00fameros, o munic\u00edpio chega a 15.561 exames realizados com 11.213 resultados negativos para a COVID-19, sendo considerados descartados.&hellip; <\/p>\n","protected":false},"author":1,"featured_media":267961,"comment_status":"closed","ping_status":"closed","sticky":false,"template":"","format":"standard","meta":{"_acf_changed":false,"footnotes":""},"categories":[4],"tags":[],"class_list":["post-267960","post","type-post","status-publish","format-standard","has-post-thumbnail","hentry","category-saude"],"acf":[],"yoast_head":"<!-- This site is optimized with the Yoast SEO plugin v27.4 - https:\/\/yoast.com\/product\/yoast-seo-wordpress\/ -->\n<title>Boletim desta ter\u00e7a-feira registra 17 novos casos da COVID-19 em Juazeiro - Blog do Farn\u00e9sio<\/title>\n<meta name=\"robots\" content=\"index, follow, max-snippet:-1, max-image-preview:large, max-video-preview:-1\" \/>\n<link rel=\"canonical\" href=\"https:\/\/blogdofarnesio.com.br\/?p=267960\" \/>\n<meta property=\"og:locale\" content=\"pt_BR\" \/>\n<meta property=\"og:type\" content=\"article\" \/>\n<meta property=\"og:title\" content=\"Boletim desta ter\u00e7a-feira registra 17 novos casos da COVID-19 em Juazeiro - Blog do Farn\u00e9sio\" \/>\n<meta property=\"og:description\" content=\"No boletim desta ter\u00e7a-feira (22), a Secretaria da Sa\u00fade registra que 17 pessoas testaram positivo para a COVID-19, s\u00e3o 08 do sexo feminino e 09 do sexo masculino, com idades entre 01 e 64 anos, sendo 02 profissionais da sa\u00fade.\u00a0 Dos resultados obtidos 08 foram por meio do teste r\u00e1pido e 05 por swab r\u00e1pido e 04 pelo LACEN de Salvador, os mesmos em isolamento domiciliar. Com estes novos dados, agora s\u00e3o 4.348 pessoas que j\u00e1 contra\u00edram a doen\u00e7a. Juazeiro tem ainda\u00a0 3.254 pessoas clinicamente curadas da doen\u00e7a e h\u00e1 ainda o registro de 99 \u00f3bitos ocasionados pela COVID-19. Com os novos n\u00fameros, o munic\u00edpio chega a 15.561 exames realizados com 11.213 resultados negativos para a COVID-19, sendo considerados descartados.&hellip;\" \/>\n<meta property=\"og:url\" content=\"https:\/\/blogdofarnesio.com.br\/?p=267960\" \/>\n<meta property=\"og:site_name\" content=\"Blog do Farn\u00e9sio\" \/>\n<meta property=\"article:publisher\" content=\"https:\/\/www.facebook.com\/BlogQuerSaberPolitica\/\" \/>\n<meta property=\"article:published_time\" content=\"2020-09-22T21:50:08+00:00\" \/>\n<meta property=\"og:image\" content=\"https:\/\/blogdofarnesio.com.br\/wp-content\/uploads\/2020\/09\/IMG-20200922-WA0009-e1600811370944.jpg\" \/>\n\t<meta property=\"og:image:width\" content=\"624\" \/>\n\t<meta property=\"og:image:height\" content=\"542\" \/>\n\t<meta property=\"og:image:type\" content=\"image\/jpeg\" \/>\n<meta name=\"author\" content=\"Farn\u00e9sio\" \/>\n<meta name=\"twitter:card\" content=\"summary_large_image\" \/>\n<meta name=\"twitter:label1\" content=\"Escrito por\" \/>\n\t<meta name=\"twitter:data1\" content=\"Farn\u00e9sio\" \/>\n\t<meta name=\"twitter:label2\" content=\"Est. tempo de leitura\" \/>\n\t<meta name=\"twitter:data2\" content=\"1 minuto\" \/>\n<script type=\"application\/ld+json\" class=\"yoast-schema-graph\">{\"@context\":\"https:\\\/\\\/schema.org\",\"@graph\":[{\"@type\":\"Article\",\"@id\":\"https:\\\/\\\/blogdofarnesio.com.br\\\/?p=267960#article\",\"isPartOf\":{\"@id\":\"https:\\\/\\\/blogdofarnesio.com.br\\\/?p=267960\"},\"author\":{\"name\":\"Farn\u00e9sio\",\"@id\":\"https:\\\/\\\/blogdofarnesio.com.br\\\/#\\\/schema\\\/person\\\/301c4acf522bccbfdb45af95b5b906a1\"},\"headline\":\"Boletim desta ter\u00e7a-feira registra 17 novos casos da COVID-19 em Juazeiro\",\"datePublished\":\"2020-09-22T21:50:08+00:00\",\"mainEntityOfPage\":{\"@id\":\"https:\\\/\\\/blogdofarnesio.com.br\\\/?p=267960\"},\"wordCount\":169,\"publisher\":{\"@id\":\"https:\\\/\\\/blogdofarnesio.com.br\\\/#organization\"},\"image\":{\"@id\":\"https:\\\/\\\/blogdofarnesio.com.br\\\/?p=267960#primaryimage\"},\"thumbnailUrl\":\"https:\\\/\\\/blogdofarnesio.com.br\\\/wp-content\\\/uploads\\\/2020\\\/09\\\/IMG-20200922-WA0009-e1600811370944.jpg\",\"articleSection\":[\"Sa\u00fade\"],\"inLanguage\":\"pt-BR\"},{\"@type\":\"WebPage\",\"@id\":\"https:\\\/\\\/blogdofarnesio.com.br\\\/?p=267960\",\"url\":\"https:\\\/\\\/blogdofarnesio.com.br\\\/?p=267960\",\"name\":\"Boletim desta ter\u00e7a-feira registra 17 novos casos da COVID-19 em Juazeiro - Blog do Farn\u00e9sio\",\"isPartOf\":{\"@id\":\"https:\\\/\\\/blogdofarnesio.com.br\\\/#website\"},\"primaryImageOfPage\":{\"@id\":\"https:\\\/\\\/blogdofarnesio.com.br\\\/?p=267960#primaryimage\"},\"image\":{\"@id\":\"https:\\\/\\\/blogdofarnesio.com.br\\\/?p=267960#primaryimage\"},\"thumbnailUrl\":\"https:\\\/\\\/blogdofarnesio.com.br\\\/wp-content\\\/uploads\\\/2020\\\/09\\\/IMG-20200922-WA0009-e1600811370944.jpg\",\"datePublished\":\"2020-09-22T21:50:08+00:00\",\"breadcrumb\":{\"@id\":\"https:\\\/\\\/blogdofarnesio.com.br\\\/?p=267960#breadcrumb\"},\"inLanguage\":\"pt-BR\",\"potentialAction\":[{\"@type\":\"ReadAction\",\"target\":[\"https:\\\/\\\/blogdofarnesio.com.br\\\/?p=267960\"]}]},{\"@type\":\"ImageObject\",\"inLanguage\":\"pt-BR\",\"@id\":\"https:\\\/\\\/blogdofarnesio.com.br\\\/?p=267960#primaryimage\",\"url\":\"https:\\\/\\\/blogdofarnesio.com.br\\\/wp-content\\\/uploads\\\/2020\\\/09\\\/IMG-20200922-WA0009-e1600811370944.jpg\",\"contentUrl\":\"https:\\\/\\\/blogdofarnesio.com.br\\\/wp-content\\\/uploads\\\/2020\\\/09\\\/IMG-20200922-WA0009-e1600811370944.jpg\",\"width\":624,\"height\":542},{\"@type\":\"BreadcrumbList\",\"@id\":\"https:\\\/\\\/blogdofarnesio.com.br\\\/?p=267960#breadcrumb\",\"itemListElement\":[{\"@type\":\"ListItem\",\"position\":1,\"name\":\"In\u00edcio\",\"item\":\"https:\\\/\\\/blogdofarnesio.com.br\\\/\"},{\"@type\":\"ListItem\",\"position\":2,\"name\":\"Boletim desta ter\u00e7a-feira registra 17 novos casos da COVID-19 em Juazeiro\"}]},{\"@type\":\"WebSite\",\"@id\":\"https:\\\/\\\/blogdofarnesio.com.br\\\/#website\",\"url\":\"https:\\\/\\\/blogdofarnesio.com.br\\\/\",\"name\":\"Blog do Farn\u00e9sio\",\"description\":\"Quer Saber Pol\u00edtica?\",\"publisher\":{\"@id\":\"https:\\\/\\\/blogdofarnesio.com.br\\\/#organization\"},\"potentialAction\":[{\"@type\":\"SearchAction\",\"target\":{\"@type\":\"EntryPoint\",\"urlTemplate\":\"https:\\\/\\\/blogdofarnesio.com.br\\\/?s={search_term_string}\"},\"query-input\":{\"@type\":\"PropertyValueSpecification\",\"valueRequired\":true,\"valueName\":\"search_term_string\"}}],\"inLanguage\":\"pt-BR\"},{\"@type\":\"Organization\",\"@id\":\"https:\\\/\\\/blogdofarnesio.com.br\\\/#organization\",\"name\":\"Blog do Farn\u00e9sio\",\"url\":\"https:\\\/\\\/blogdofarnesio.com.br\\\/\",\"logo\":{\"@type\":\"ImageObject\",\"inLanguage\":\"pt-BR\",\"@id\":\"https:\\\/\\\/blogdofarnesio.com.br\\\/#\\\/schema\\\/logo\\\/image\\\/\",\"url\":\"https:\\\/\\\/blogdofarnesio.com.br\\\/wp-content\\\/uploads\\\/2026\\\/03\\\/cropped-logo_new-1.png\",\"contentUrl\":\"https:\\\/\\\/blogdofarnesio.com.br\\\/wp-content\\\/uploads\\\/2026\\\/03\\\/cropped-logo_new-1.png\",\"width\":881,\"height\":685,\"caption\":\"Blog do Farn\u00e9sio\"},\"image\":{\"@id\":\"https:\\\/\\\/blogdofarnesio.com.br\\\/#\\\/schema\\\/logo\\\/image\\\/\"},\"sameAs\":[\"https:\\\/\\\/www.facebook.com\\\/BlogQuerSaberPolitica\\\/\"]},{\"@type\":\"Person\",\"@id\":\"https:\\\/\\\/blogdofarnesio.com.br\\\/#\\\/schema\\\/person\\\/301c4acf522bccbfdb45af95b5b906a1\",\"name\":\"Farn\u00e9sio\",\"image\":{\"@type\":\"ImageObject\",\"inLanguage\":\"pt-BR\",\"@id\":\"https:\\\/\\\/secure.gravatar.com\\\/avatar\\\/df0c9a14567c056f8ad6876ba5bbd1e3e2c48023eb6807342fc4663adf549f38?s=96&d=mm&r=g\",\"url\":\"https:\\\/\\\/secure.gravatar.com\\\/avatar\\\/df0c9a14567c056f8ad6876ba5bbd1e3e2c48023eb6807342fc4663adf549f38?s=96&d=mm&r=g\",\"contentUrl\":\"https:\\\/\\\/secure.gravatar.com\\\/avatar\\\/df0c9a14567c056f8ad6876ba5bbd1e3e2c48023eb6807342fc4663adf549f38?s=96&d=mm&r=g\",\"caption\":\"Farn\u00e9sio\"},\"sameAs\":[\"https:\\\/\\\/quersaberpolitica.com.br\"],\"url\":\"https:\\\/\\\/blogdofarnesio.com.br\\\/?author=1\"}]}<\/script>\n<!-- \/ Yoast SEO plugin. -->","yoast_head_json":{"title":"Boletim desta ter\u00e7a-feira registra 17 novos casos da COVID-19 em Juazeiro - Blog do Farn\u00e9sio","robots":{"index":"index","follow":"follow","max-snippet":"max-snippet:-1","max-image-preview":"max-image-preview:large","max-video-preview":"max-video-preview:-1"},"canonical":"https:\/\/blogdofarnesio.com.br\/?p=267960","og_locale":"pt_BR","og_type":"article","og_title":"Boletim desta ter\u00e7a-feira registra 17 novos casos da COVID-19 em Juazeiro - Blog do Farn\u00e9sio","og_description":"No boletim desta ter\u00e7a-feira (22), a Secretaria da Sa\u00fade registra que 17 pessoas testaram positivo para a COVID-19, s\u00e3o 08 do sexo feminino e 09 do sexo masculino, com idades entre 01 e 64 anos, sendo 02 profissionais da sa\u00fade.\u00a0 Dos resultados obtidos 08 foram por meio do teste r\u00e1pido e 05 por swab r\u00e1pido e 04 pelo LACEN de Salvador, os mesmos em isolamento domiciliar. Com estes novos dados, agora s\u00e3o 4.348 pessoas que j\u00e1 contra\u00edram a doen\u00e7a. Juazeiro tem ainda\u00a0 3.254 pessoas clinicamente curadas da doen\u00e7a e h\u00e1 ainda o registro de 99 \u00f3bitos ocasionados pela COVID-19. Com os novos n\u00fameros, o munic\u00edpio chega a 15.561 exames realizados com 11.213 resultados negativos para a COVID-19, sendo considerados descartados.&hellip;","og_url":"https:\/\/blogdofarnesio.com.br\/?p=267960","og_site_name":"Blog do Farn\u00e9sio","article_publisher":"https:\/\/www.facebook.com\/BlogQuerSaberPolitica\/","article_published_time":"2020-09-22T21:50:08+00:00","og_image":[{"width":624,"height":542,"url":"https:\/\/blogdofarnesio.com.br\/wp-content\/uploads\/2020\/09\/IMG-20200922-WA0009-e1600811370944.jpg","type":"image\/jpeg"}],"author":"Farn\u00e9sio","twitter_card":"summary_large_image","twitter_misc":{"Escrito por":"Farn\u00e9sio","Est. tempo de leitura":"1 minuto"},"schema":{"@context":"https:\/\/schema.org","@graph":[{"@type":"Article","@id":"https:\/\/blogdofarnesio.com.br\/?p=267960#article","isPartOf":{"@id":"https:\/\/blogdofarnesio.com.br\/?p=267960"},"author":{"name":"Farn\u00e9sio","@id":"https:\/\/blogdofarnesio.com.br\/#\/schema\/person\/301c4acf522bccbfdb45af95b5b906a1"},"headline":"Boletim desta ter\u00e7a-feira registra 17 novos casos da COVID-19 em Juazeiro","datePublished":"2020-09-22T21:50:08+00:00","mainEntityOfPage":{"@id":"https:\/\/blogdofarnesio.com.br\/?p=267960"},"wordCount":169,"publisher":{"@id":"https:\/\/blogdofarnesio.com.br\/#organization"},"image":{"@id":"https:\/\/blogdofarnesio.com.br\/?p=267960#primaryimage"},"thumbnailUrl":"https:\/\/blogdofarnesio.com.br\/wp-content\/uploads\/2020\/09\/IMG-20200922-WA0009-e1600811370944.jpg","articleSection":["Sa\u00fade"],"inLanguage":"pt-BR"},{"@type":"WebPage","@id":"https:\/\/blogdofarnesio.com.br\/?p=267960","url":"https:\/\/blogdofarnesio.com.br\/?p=267960","name":"Boletim desta ter\u00e7a-feira registra 17 novos casos da COVID-19 em Juazeiro - Blog do Farn\u00e9sio","isPartOf":{"@id":"https:\/\/blogdofarnesio.com.br\/#website"},"primaryImageOfPage":{"@id":"https:\/\/blogdofarnesio.com.br\/?p=267960#primaryimage"},"image":{"@id":"https:\/\/blogdofarnesio.com.br\/?p=267960#primaryimage"},"thumbnailUrl":"https:\/\/blogdofarnesio.com.br\/wp-content\/uploads\/2020\/09\/IMG-20200922-WA0009-e1600811370944.jpg","datePublished":"2020-09-22T21:50:08+00:00","breadcrumb":{"@id":"https:\/\/blogdofarnesio.com.br\/?p=267960#breadcrumb"},"inLanguage":"pt-BR","potentialAction":[{"@type":"ReadAction","target":["https:\/\/blogdofarnesio.com.br\/?p=267960"]}]},{"@type":"ImageObject","inLanguage":"pt-BR","@id":"https:\/\/blogdofarnesio.com.br\/?p=267960#primaryimage","url":"https:\/\/blogdofarnesio.com.br\/wp-content\/uploads\/2020\/09\/IMG-20200922-WA0009-e1600811370944.jpg","contentUrl":"https:\/\/blogdofarnesio.com.br\/wp-content\/uploads\/2020\/09\/IMG-20200922-WA0009-e1600811370944.jpg","width":624,"height":542},{"@type":"BreadcrumbList","@id":"https:\/\/blogdofarnesio.com.br\/?p=267960#breadcrumb","itemListElement":[{"@type":"ListItem","position":1,"name":"In\u00edcio","item":"https:\/\/blogdofarnesio.com.br\/"},{"@type":"ListItem","position":2,"name":"Boletim desta ter\u00e7a-feira registra 17 novos casos da COVID-19 em Juazeiro"}]},{"@type":"WebSite","@id":"https:\/\/blogdofarnesio.com.br\/#website","url":"https:\/\/blogdofarnesio.com.br\/","name":"Blog do Farn\u00e9sio","description":"Quer Saber Pol\u00edtica?","publisher":{"@id":"https:\/\/blogdofarnesio.com.br\/#organization"},"potentialAction":[{"@type":"SearchAction","target":{"@type":"EntryPoint","urlTemplate":"https:\/\/blogdofarnesio.com.br\/?s={search_term_string}"},"query-input":{"@type":"PropertyValueSpecification","valueRequired":true,"valueName":"search_term_string"}}],"inLanguage":"pt-BR"},{"@type":"Organization","@id":"https:\/\/blogdofarnesio.com.br\/#organization","name":"Blog do Farn\u00e9sio","url":"https:\/\/blogdofarnesio.com.br\/","logo":{"@type":"ImageObject","inLanguage":"pt-BR","@id":"https:\/\/blogdofarnesio.com.br\/#\/schema\/logo\/image\/","url":"https:\/\/blogdofarnesio.com.br\/wp-content\/uploads\/2026\/03\/cropped-logo_new-1.png","contentUrl":"https:\/\/blogdofarnesio.com.br\/wp-content\/uploads\/2026\/03\/cropped-logo_new-1.png","width":881,"height":685,"caption":"Blog do Farn\u00e9sio"},"image":{"@id":"https:\/\/blogdofarnesio.com.br\/#\/schema\/logo\/image\/"},"sameAs":["https:\/\/www.facebook.com\/BlogQuerSaberPolitica\/"]},{"@type":"Person","@id":"https:\/\/blogdofarnesio.com.br\/#\/schema\/person\/301c4acf522bccbfdb45af95b5b906a1","name":"Farn\u00e9sio","image":{"@type":"ImageObject","inLanguage":"pt-BR","@id":"https:\/\/secure.gravatar.com\/avatar\/df0c9a14567c056f8ad6876ba5bbd1e3e2c48023eb6807342fc4663adf549f38?s=96&d=mm&r=g","url":"https:\/\/secure.gravatar.com\/avatar\/df0c9a14567c056f8ad6876ba5bbd1e3e2c48023eb6807342fc4663adf549f38?s=96&d=mm&r=g","contentUrl":"https:\/\/secure.gravatar.com\/avatar\/df0c9a14567c056f8ad6876ba5bbd1e3e2c48023eb6807342fc4663adf549f38?s=96&d=mm&r=g","caption":"Farn\u00e9sio"},"sameAs":["https:\/\/quersaberpolitica.com.br"],"url":"https:\/\/blogdofarnesio.com.br\/?author=1"}]}},"_links":{"self":[{"href":"https:\/\/blogdofarnesio.com.br\/index.php?rest_route=\/wp\/v2\/posts\/267960","targetHints":{"allow":["GET"]}}],"collection":[{"href":"https:\/\/blogdofarnesio.com.br\/index.php?rest_route=\/wp\/v2\/posts"}],"about":[{"href":"https:\/\/blogdofarnesio.com.br\/index.php?rest_route=\/wp\/v2\/types\/post"}],"author":[{"embeddable":true,"href":"https:\/\/blogdofarnesio.com.br\/index.php?rest_route=\/wp\/v2\/users\/1"}],"replies":[{"embeddable":true,"href":"https:\/\/blogdofarnesio.com.br\/index.php?rest_route=%2Fwp%2Fv2%2Fcomments&post=267960"}],"version-history":[{"count":0,"href":"https:\/\/blogdofarnesio.com.br\/index.php?rest_route=\/wp\/v2\/posts\/267960\/revisions"}],"wp:featuredmedia":[{"embeddable":true,"href":"https:\/\/blogdofarnesio.com.br\/index.php?rest_route=\/wp\/v2\/media\/267961"}],"wp:attachment":[{"href":"https:\/\/blogdofarnesio.com.br\/index.php?rest_route=%2Fwp%2Fv2%2Fmedia&parent=267960"}],"wp:term":[{"taxonomy":"category","embeddable":true,"href":"https:\/\/blogdofarnesio.com.br\/index.php?rest_route=%2Fwp%2Fv2%2Fcategories&post=267960"},{"taxonomy":"post_tag","embeddable":true,"href":"https:\/\/blogdofarnesio.com.br\/index.php?rest_route=%2Fwp%2Fv2%2Ftags&post=267960"}],"curies":[{"name":"wp","href":"https:\/\/api.w.org\/{rel}","templated":true}]}}