{"id":267939,"date":"2020-09-23T10:02:08","date_gmt":"2020-09-23T13:02:08","guid":{"rendered":"http:\/\/quersaberpolitica.com.br\/2016\/?p=267939"},"modified":"2020-09-22T17:39:58","modified_gmt":"2020-09-22T20:39:58","slug":"manifestacao-por-um-orcamento-justo-para-educacao-confira-os-locais-e-horarios-dos-atos","status":"publish","type":"post","link":"https:\/\/blogdofarnesio.com.br\/?p=267939","title":{"rendered":"MANIFESTA\u00c7\u00c3O POR UM OR\u00c7AMENTO JUSTO PARA EDUCA\u00c7\u00c3O: CONFIRA OS LOCAIS E HOR\u00c1RIOS DOS ATOS"},"content":{"rendered":"<div>Em diversas capitais brasileiras haver\u00e1 manifesta\u00e7\u00f5es de estudantes e entidades ligadas \u00e0 educa\u00e7\u00e3o, nesta quarta-feira, 23.09, convocadas pelas entidades estudantis, UNE ( Uni\u00e3o Nacional dos Estudantes), UBES (Uni\u00e3o Brasileira dos Estudantes Secundaristas) e ANPG ( (Associa\u00e7\u00e3o Nacional de P\u00f3s-Graduandos).<\/div>\n<div><\/div>\n<div>Entre as reivindica\u00e7\u00f5es est\u00e3o a urg\u00eancia em aprovar um or\u00e7amento justo para a educa\u00e7\u00e3o em 2021.<\/div>\n<div><\/div>\n<div>Conforme proposta do governo, pode ocorrer um corte de R$ 1,8 bi\u00a0 nas despesas\u00a0discricion\u00e1rias ( n\u00e3o obrigat\u00f3rias), que afetar\u00e1 a adapta\u00e7\u00e3o para o retorno das aulas presenciais e o Programa de Assist\u00eancia Estudantil nas universidades e institutos federais.<\/div>\n<div><\/div>\n<div><\/div>\n<div>Diversos setores da educa\u00e7\u00e3o est\u00e3o realizando amplas mobiliza\u00e7\u00f5es para pressionar pela altera\u00e7\u00e3o da proposta antes de ser votada no Congresso Nacional. 16 Frentes Parlamentares no Congresso Nacional e 70 entidades e movimento lan\u00e7aram um manifesto contra os cortes no or\u00e7amento. Diversos parlamentares tamb\u00e9m assinam o texto.<\/div>\n<div><\/div>\n<div>O grupo tamb\u00e9m marca posi\u00e7\u00e3o em defesa da autonomia universit\u00e1ria e da nomea\u00e7\u00e3o de reitores e concursados, al\u00e9m de solicitar a imediata instala\u00e7\u00e3o da Comiss\u00e3o Mista de Or\u00e7amento e uma Comiss\u00e3o-Geral no Parlamento brasileiro para discutir os recursos para a Educa\u00e7\u00e3o em 2021.<\/div>\n<div><\/div>\n<div>Confira a lista de locais e hor\u00e1rios em anexo:<\/div>\n<div><\/div>\n<div>\n<table border=\"0\" width=\"297\" cellspacing=\"0\" cellpadding=\"0\">\n<colgroup>\n<col width=\"73\" \/>\n<col width=\"64\" \/>\n<col width=\"160\" \/><\/colgroup>\n<tbody>\n<tr>\n<td width=\"73\" height=\"20\">Bel\u00e9m<\/td>\n<td width=\"64\">9h<\/td>\n<td width=\"160\">Pra\u00e7a dos Estivadores<\/td>\n<\/tr>\n<tr>\n<td height=\"20\">Macap\u00e1<\/td>\n<td>8h<\/td>\n<td>UNIFAP<\/td>\n<\/tr>\n<tr>\n<td height=\"20\">Manaus<\/td>\n<td>17h<\/td>\n<td>Dijalma Batista<\/td>\n<\/tr>\n<tr>\n<td height=\"20\">Brasilia<\/td>\n<td>9H<\/td>\n<td>Esplanada dos Minist\u00e9rios<\/td>\n<\/tr>\n<tr>\n<td height=\"20\">Recife<\/td>\n<td>11H<\/td>\n<td>UFPE<\/td>\n<\/tr>\n<tr>\n<td height=\"20\">S\u00e3o Paulo<\/td>\n<td>12h30<\/td>\n<td>Pra\u00e7a da Liberdade<\/td>\n<\/tr>\n<tr>\n<td height=\"20\">Salvador<\/td>\n<td>15H<\/td>\n<td>UFBA- Viaduto do PAC<\/td>\n<\/tr>\n<tr>\n<td height=\"20\">Vi\u00e7osa<\/td>\n<td>15h<\/td>\n<td>Pra\u00e7a Silviano Brand\u00e3o(Vi\u00e7osa)<\/td>\n<\/tr>\n<tr>\n<td height=\"20\">Belo Horizonte<\/td>\n<td>09h<\/td>\n<td>UFMG<\/td>\n<\/tr>\n<tr>\n<td height=\"20\">Florianopolis<\/td>\n<td>08H<\/td>\n<td>UFSC\/IFSC<\/td>\n<\/tr>\n<tr>\n<td height=\"20\">Fortaleza<\/td>\n<td>09H<\/td>\n<td>UFC<\/td>\n<\/tr>\n<tr>\n<td height=\"20\">Natal<\/td>\n<td>14H<\/td>\n<td>IFRN<\/td>\n<\/tr>\n<tr>\n<td height=\"20\">Aracaju<\/td>\n<td>7H<\/td>\n<td>REITORIA UFS<\/td>\n<\/tr>\n<tr>\n<td height=\"20\">S\u00e3o Luis<\/td>\n<td>16H<\/td>\n<td>Pra\u00e7a Deodoro<\/td>\n<\/tr>\n<tr>\n<td height=\"20\">Curitiba<\/td>\n<td>10H<\/td>\n<td>Rua 15<\/td>\n<\/tr>\n<tr>\n<td height=\"20\">Goi\u00e2nia<\/td>\n<td>14H<\/td>\n<td>Centro de Goi\u00e2nia<\/td>\n<\/tr>\n<tr>\n<td height=\"20\">Rio de Janeiro<\/td>\n<td>10H<\/td>\n<td>Avenida Brasil<\/td>\n<\/tr>\n<tr>\n<td height=\"20\">Porto Alegre<\/td>\n<td>10H<\/td>\n<td>Pra\u00e7a Matriz<\/td>\n<\/tr>\n<tr>\n<td height=\"20\">Jo\u00e3o Pessoa<\/td>\n<td>15H<\/td>\n<td>UFPB<\/td>\n<\/tr>\n<\/tbody>\n<\/table>\n<\/div>\n<div><\/div>\n<div><b>Os atos ser\u00e3o realizados respeitando as orienta\u00e7\u00f5es de distanciamento social e\u00a0 uso de m\u00e1scara.<\/b><\/div>\n","protected":false},"excerpt":{"rendered":"<p>Em diversas capitais brasileiras haver\u00e1 manifesta\u00e7\u00f5es de estudantes e entidades ligadas \u00e0 educa\u00e7\u00e3o, nesta quarta-feira, 23.09, convocadas pelas entidades estudantis, UNE ( Uni\u00e3o Nacional dos Estudantes), UBES (Uni\u00e3o Brasileira dos Estudantes Secundaristas) e ANPG ( (Associa\u00e7\u00e3o Nacional de P\u00f3s-Graduandos). Entre as reivindica\u00e7\u00f5es est\u00e3o a urg\u00eancia em aprovar um or\u00e7amento justo para a educa\u00e7\u00e3o em 2021. Conforme proposta do governo, pode ocorrer um corte de R$ 1,8 bi\u00a0 nas despesas\u00a0discricion\u00e1rias ( n\u00e3o obrigat\u00f3rias), que afetar\u00e1 a adapta\u00e7\u00e3o para o retorno das aulas presenciais e o Programa de Assist\u00eancia Estudantil nas universidades e institutos federais. Diversos setores da educa\u00e7\u00e3o est\u00e3o realizando amplas mobiliza\u00e7\u00f5es para pressionar pela altera\u00e7\u00e3o da proposta antes de ser votada no Congresso Nacional. 16 Frentes Parlamentares no Congresso Nacional&hellip; <\/p>\n","protected":false},"author":1,"featured_media":267353,"comment_status":"closed","ping_status":"closed","sticky":false,"template":"","format":"standard","meta":{"_acf_changed":false,"footnotes":""},"categories":[1],"tags":[],"class_list":["post-267939","post","type-post","status-publish","format-standard","has-post-thumbnail","hentry","category-politica"],"acf":[],"yoast_head":"<!-- This site is optimized with the Yoast SEO plugin v27.4 - https:\/\/yoast.com\/product\/yoast-seo-wordpress\/ -->\n<title>MANIFESTA\u00c7\u00c3O POR UM OR\u00c7AMENTO JUSTO PARA EDUCA\u00c7\u00c3O: CONFIRA OS LOCAIS E HOR\u00c1RIOS DOS ATOS - Blog do Farn\u00e9sio<\/title>\n<meta name=\"robots\" content=\"index, follow, max-snippet:-1, max-image-preview:large, max-video-preview:-1\" \/>\n<link rel=\"canonical\" href=\"https:\/\/blogdofarnesio.com.br\/?p=267939\" \/>\n<meta property=\"og:locale\" content=\"pt_BR\" \/>\n<meta property=\"og:type\" content=\"article\" \/>\n<meta property=\"og:title\" content=\"MANIFESTA\u00c7\u00c3O POR UM OR\u00c7AMENTO JUSTO PARA EDUCA\u00c7\u00c3O: CONFIRA OS LOCAIS E HOR\u00c1RIOS DOS ATOS - Blog do Farn\u00e9sio\" \/>\n<meta property=\"og:description\" content=\"Em diversas capitais brasileiras haver\u00e1 manifesta\u00e7\u00f5es de estudantes e entidades ligadas \u00e0 educa\u00e7\u00e3o, nesta quarta-feira, 23.09, convocadas pelas entidades estudantis, UNE ( Uni\u00e3o Nacional dos Estudantes), UBES (Uni\u00e3o Brasileira dos Estudantes Secundaristas) e ANPG ( (Associa\u00e7\u00e3o Nacional de P\u00f3s-Graduandos). Entre as reivindica\u00e7\u00f5es est\u00e3o a urg\u00eancia em aprovar um or\u00e7amento justo para a educa\u00e7\u00e3o em 2021. Conforme proposta do governo, pode ocorrer um corte de R$ 1,8 bi\u00a0 nas despesas\u00a0discricion\u00e1rias ( n\u00e3o obrigat\u00f3rias), que afetar\u00e1 a adapta\u00e7\u00e3o para o retorno das aulas presenciais e o Programa de Assist\u00eancia Estudantil nas universidades e institutos federais. Diversos setores da educa\u00e7\u00e3o est\u00e3o realizando amplas mobiliza\u00e7\u00f5es para pressionar pela altera\u00e7\u00e3o da proposta antes de ser votada no Congresso Nacional. 16 Frentes Parlamentares no Congresso Nacional&hellip;\" \/>\n<meta property=\"og:url\" content=\"https:\/\/blogdofarnesio.com.br\/?p=267939\" \/>\n<meta property=\"og:site_name\" content=\"Blog do Farn\u00e9sio\" \/>\n<meta property=\"article:publisher\" content=\"https:\/\/www.facebook.com\/BlogQuerSaberPolitica\/\" \/>\n<meta property=\"article:published_time\" content=\"2020-09-23T13:02:08+00:00\" \/>\n<meta property=\"og:image\" content=\"https:\/\/blogdofarnesio.com.br\/wp-content\/uploads\/2020\/09\/blogqspmanifestacao-70-anos-do-amigo-da-onca-scaled-e1600132675785.gif\" \/>\n\t<meta property=\"og:image:width\" content=\"660\" \/>\n\t<meta property=\"og:image:height\" content=\"570\" \/>\n\t<meta property=\"og:image:type\" content=\"image\/gif\" \/>\n<meta name=\"author\" content=\"Farn\u00e9sio\" \/>\n<meta name=\"twitter:card\" content=\"summary_large_image\" \/>\n<meta name=\"twitter:label1\" content=\"Escrito por\" \/>\n\t<meta name=\"twitter:data1\" content=\"Farn\u00e9sio\" \/>\n\t<meta name=\"twitter:label2\" content=\"Est. tempo de leitura\" \/>\n\t<meta name=\"twitter:data2\" content=\"2 minutos\" \/>\n<script type=\"application\/ld+json\" class=\"yoast-schema-graph\">{\"@context\":\"https:\\\/\\\/schema.org\",\"@graph\":[{\"@type\":\"Article\",\"@id\":\"https:\\\/\\\/blogdofarnesio.com.br\\\/?p=267939#article\",\"isPartOf\":{\"@id\":\"https:\\\/\\\/blogdofarnesio.com.br\\\/?p=267939\"},\"author\":{\"name\":\"Farn\u00e9sio\",\"@id\":\"https:\\\/\\\/blogdofarnesio.com.br\\\/#\\\/schema\\\/person\\\/301c4acf522bccbfdb45af95b5b906a1\"},\"headline\":\"MANIFESTA\u00c7\u00c3O POR UM OR\u00c7AMENTO JUSTO PARA EDUCA\u00c7\u00c3O: CONFIRA OS LOCAIS E HOR\u00c1RIOS DOS ATOS\",\"datePublished\":\"2020-09-23T13:02:08+00:00\",\"mainEntityOfPage\":{\"@id\":\"https:\\\/\\\/blogdofarnesio.com.br\\\/?p=267939\"},\"wordCount\":350,\"publisher\":{\"@id\":\"https:\\\/\\\/blogdofarnesio.com.br\\\/#organization\"},\"image\":{\"@id\":\"https:\\\/\\\/blogdofarnesio.com.br\\\/?p=267939#primaryimage\"},\"thumbnailUrl\":\"https:\\\/\\\/blogdofarnesio.com.br\\\/wp-content\\\/uploads\\\/2020\\\/09\\\/blogqspmanifestacao-70-anos-do-amigo-da-onca-scaled-e1600132675785.gif\",\"articleSection\":[\"Pol\u00edtica\"],\"inLanguage\":\"pt-BR\"},{\"@type\":\"WebPage\",\"@id\":\"https:\\\/\\\/blogdofarnesio.com.br\\\/?p=267939\",\"url\":\"https:\\\/\\\/blogdofarnesio.com.br\\\/?p=267939\",\"name\":\"MANIFESTA\u00c7\u00c3O POR UM OR\u00c7AMENTO JUSTO PARA EDUCA\u00c7\u00c3O: CONFIRA OS LOCAIS E HOR\u00c1RIOS DOS ATOS - Blog do Farn\u00e9sio\",\"isPartOf\":{\"@id\":\"https:\\\/\\\/blogdofarnesio.com.br\\\/#website\"},\"primaryImageOfPage\":{\"@id\":\"https:\\\/\\\/blogdofarnesio.com.br\\\/?p=267939#primaryimage\"},\"image\":{\"@id\":\"https:\\\/\\\/blogdofarnesio.com.br\\\/?p=267939#primaryimage\"},\"thumbnailUrl\":\"https:\\\/\\\/blogdofarnesio.com.br\\\/wp-content\\\/uploads\\\/2020\\\/09\\\/blogqspmanifestacao-70-anos-do-amigo-da-onca-scaled-e1600132675785.gif\",\"datePublished\":\"2020-09-23T13:02:08+00:00\",\"breadcrumb\":{\"@id\":\"https:\\\/\\\/blogdofarnesio.com.br\\\/?p=267939#breadcrumb\"},\"inLanguage\":\"pt-BR\",\"potentialAction\":[{\"@type\":\"ReadAction\",\"target\":[\"https:\\\/\\\/blogdofarnesio.com.br\\\/?p=267939\"]}]},{\"@type\":\"ImageObject\",\"inLanguage\":\"pt-BR\",\"@id\":\"https:\\\/\\\/blogdofarnesio.com.br\\\/?p=267939#primaryimage\",\"url\":\"https:\\\/\\\/blogdofarnesio.com.br\\\/wp-content\\\/uploads\\\/2020\\\/09\\\/blogqspmanifestacao-70-anos-do-amigo-da-onca-scaled-e1600132675785.gif\",\"contentUrl\":\"https:\\\/\\\/blogdofarnesio.com.br\\\/wp-content\\\/uploads\\\/2020\\\/09\\\/blogqspmanifestacao-70-anos-do-amigo-da-onca-scaled-e1600132675785.gif\",\"width\":660,\"height\":570},{\"@type\":\"BreadcrumbList\",\"@id\":\"https:\\\/\\\/blogdofarnesio.com.br\\\/?p=267939#breadcrumb\",\"itemListElement\":[{\"@type\":\"ListItem\",\"position\":1,\"name\":\"In\u00edcio\",\"item\":\"https:\\\/\\\/blogdofarnesio.com.br\\\/\"},{\"@type\":\"ListItem\",\"position\":2,\"name\":\"MANIFESTA\u00c7\u00c3O POR UM OR\u00c7AMENTO JUSTO PARA EDUCA\u00c7\u00c3O: CONFIRA OS LOCAIS E HOR\u00c1RIOS DOS ATOS\"}]},{\"@type\":\"WebSite\",\"@id\":\"https:\\\/\\\/blogdofarnesio.com.br\\\/#website\",\"url\":\"https:\\\/\\\/blogdofarnesio.com.br\\\/\",\"name\":\"Blog do Farn\u00e9sio\",\"description\":\"Quer Saber Pol\u00edtica?\",\"publisher\":{\"@id\":\"https:\\\/\\\/blogdofarnesio.com.br\\\/#organization\"},\"potentialAction\":[{\"@type\":\"SearchAction\",\"target\":{\"@type\":\"EntryPoint\",\"urlTemplate\":\"https:\\\/\\\/blogdofarnesio.com.br\\\/?s={search_term_string}\"},\"query-input\":{\"@type\":\"PropertyValueSpecification\",\"valueRequired\":true,\"valueName\":\"search_term_string\"}}],\"inLanguage\":\"pt-BR\"},{\"@type\":\"Organization\",\"@id\":\"https:\\\/\\\/blogdofarnesio.com.br\\\/#organization\",\"name\":\"Blog do Farn\u00e9sio\",\"url\":\"https:\\\/\\\/blogdofarnesio.com.br\\\/\",\"logo\":{\"@type\":\"ImageObject\",\"inLanguage\":\"pt-BR\",\"@id\":\"https:\\\/\\\/blogdofarnesio.com.br\\\/#\\\/schema\\\/logo\\\/image\\\/\",\"url\":\"https:\\\/\\\/blogdofarnesio.com.br\\\/wp-content\\\/uploads\\\/2026\\\/03\\\/cropped-logo_new-1.png\",\"contentUrl\":\"https:\\\/\\\/blogdofarnesio.com.br\\\/wp-content\\\/uploads\\\/2026\\\/03\\\/cropped-logo_new-1.png\",\"width\":881,\"height\":685,\"caption\":\"Blog do Farn\u00e9sio\"},\"image\":{\"@id\":\"https:\\\/\\\/blogdofarnesio.com.br\\\/#\\\/schema\\\/logo\\\/image\\\/\"},\"sameAs\":[\"https:\\\/\\\/www.facebook.com\\\/BlogQuerSaberPolitica\\\/\"]},{\"@type\":\"Person\",\"@id\":\"https:\\\/\\\/blogdofarnesio.com.br\\\/#\\\/schema\\\/person\\\/301c4acf522bccbfdb45af95b5b906a1\",\"name\":\"Farn\u00e9sio\",\"image\":{\"@type\":\"ImageObject\",\"inLanguage\":\"pt-BR\",\"@id\":\"https:\\\/\\\/secure.gravatar.com\\\/avatar\\\/df0c9a14567c056f8ad6876ba5bbd1e3e2c48023eb6807342fc4663adf549f38?s=96&d=mm&r=g\",\"url\":\"https:\\\/\\\/secure.gravatar.com\\\/avatar\\\/df0c9a14567c056f8ad6876ba5bbd1e3e2c48023eb6807342fc4663adf549f38?s=96&d=mm&r=g\",\"contentUrl\":\"https:\\\/\\\/secure.gravatar.com\\\/avatar\\\/df0c9a14567c056f8ad6876ba5bbd1e3e2c48023eb6807342fc4663adf549f38?s=96&d=mm&r=g\",\"caption\":\"Farn\u00e9sio\"},\"sameAs\":[\"https:\\\/\\\/quersaberpolitica.com.br\"],\"url\":\"https:\\\/\\\/blogdofarnesio.com.br\\\/?author=1\"}]}<\/script>\n<!-- \/ Yoast SEO plugin. -->","yoast_head_json":{"title":"MANIFESTA\u00c7\u00c3O POR UM OR\u00c7AMENTO JUSTO PARA EDUCA\u00c7\u00c3O: CONFIRA OS LOCAIS E HOR\u00c1RIOS DOS ATOS - Blog do Farn\u00e9sio","robots":{"index":"index","follow":"follow","max-snippet":"max-snippet:-1","max-image-preview":"max-image-preview:large","max-video-preview":"max-video-preview:-1"},"canonical":"https:\/\/blogdofarnesio.com.br\/?p=267939","og_locale":"pt_BR","og_type":"article","og_title":"MANIFESTA\u00c7\u00c3O POR UM OR\u00c7AMENTO JUSTO PARA EDUCA\u00c7\u00c3O: CONFIRA OS LOCAIS E HOR\u00c1RIOS DOS ATOS - Blog do Farn\u00e9sio","og_description":"Em diversas capitais brasileiras haver\u00e1 manifesta\u00e7\u00f5es de estudantes e entidades ligadas \u00e0 educa\u00e7\u00e3o, nesta quarta-feira, 23.09, convocadas pelas entidades estudantis, UNE ( Uni\u00e3o Nacional dos Estudantes), UBES (Uni\u00e3o Brasileira dos Estudantes Secundaristas) e ANPG ( (Associa\u00e7\u00e3o Nacional de P\u00f3s-Graduandos). Entre as reivindica\u00e7\u00f5es est\u00e3o a urg\u00eancia em aprovar um or\u00e7amento justo para a educa\u00e7\u00e3o em 2021. Conforme proposta do governo, pode ocorrer um corte de R$ 1,8 bi\u00a0 nas despesas\u00a0discricion\u00e1rias ( n\u00e3o obrigat\u00f3rias), que afetar\u00e1 a adapta\u00e7\u00e3o para o retorno das aulas presenciais e o Programa de Assist\u00eancia Estudantil nas universidades e institutos federais. Diversos setores da educa\u00e7\u00e3o est\u00e3o realizando amplas mobiliza\u00e7\u00f5es para pressionar pela altera\u00e7\u00e3o da proposta antes de ser votada no Congresso Nacional. 16 Frentes Parlamentares no Congresso Nacional&hellip;","og_url":"https:\/\/blogdofarnesio.com.br\/?p=267939","og_site_name":"Blog do Farn\u00e9sio","article_publisher":"https:\/\/www.facebook.com\/BlogQuerSaberPolitica\/","article_published_time":"2020-09-23T13:02:08+00:00","og_image":[{"width":660,"height":570,"url":"https:\/\/blogdofarnesio.com.br\/wp-content\/uploads\/2020\/09\/blogqspmanifestacao-70-anos-do-amigo-da-onca-scaled-e1600132675785.gif","type":"image\/gif"}],"author":"Farn\u00e9sio","twitter_card":"summary_large_image","twitter_misc":{"Escrito por":"Farn\u00e9sio","Est. tempo de leitura":"2 minutos"},"schema":{"@context":"https:\/\/schema.org","@graph":[{"@type":"Article","@id":"https:\/\/blogdofarnesio.com.br\/?p=267939#article","isPartOf":{"@id":"https:\/\/blogdofarnesio.com.br\/?p=267939"},"author":{"name":"Farn\u00e9sio","@id":"https:\/\/blogdofarnesio.com.br\/#\/schema\/person\/301c4acf522bccbfdb45af95b5b906a1"},"headline":"MANIFESTA\u00c7\u00c3O POR UM OR\u00c7AMENTO JUSTO PARA EDUCA\u00c7\u00c3O: CONFIRA OS LOCAIS E HOR\u00c1RIOS DOS ATOS","datePublished":"2020-09-23T13:02:08+00:00","mainEntityOfPage":{"@id":"https:\/\/blogdofarnesio.com.br\/?p=267939"},"wordCount":350,"publisher":{"@id":"https:\/\/blogdofarnesio.com.br\/#organization"},"image":{"@id":"https:\/\/blogdofarnesio.com.br\/?p=267939#primaryimage"},"thumbnailUrl":"https:\/\/blogdofarnesio.com.br\/wp-content\/uploads\/2020\/09\/blogqspmanifestacao-70-anos-do-amigo-da-onca-scaled-e1600132675785.gif","articleSection":["Pol\u00edtica"],"inLanguage":"pt-BR"},{"@type":"WebPage","@id":"https:\/\/blogdofarnesio.com.br\/?p=267939","url":"https:\/\/blogdofarnesio.com.br\/?p=267939","name":"MANIFESTA\u00c7\u00c3O POR UM OR\u00c7AMENTO JUSTO PARA EDUCA\u00c7\u00c3O: CONFIRA OS LOCAIS E HOR\u00c1RIOS DOS ATOS - Blog do Farn\u00e9sio","isPartOf":{"@id":"https:\/\/blogdofarnesio.com.br\/#website"},"primaryImageOfPage":{"@id":"https:\/\/blogdofarnesio.com.br\/?p=267939#primaryimage"},"image":{"@id":"https:\/\/blogdofarnesio.com.br\/?p=267939#primaryimage"},"thumbnailUrl":"https:\/\/blogdofarnesio.com.br\/wp-content\/uploads\/2020\/09\/blogqspmanifestacao-70-anos-do-amigo-da-onca-scaled-e1600132675785.gif","datePublished":"2020-09-23T13:02:08+00:00","breadcrumb":{"@id":"https:\/\/blogdofarnesio.com.br\/?p=267939#breadcrumb"},"inLanguage":"pt-BR","potentialAction":[{"@type":"ReadAction","target":["https:\/\/blogdofarnesio.com.br\/?p=267939"]}]},{"@type":"ImageObject","inLanguage":"pt-BR","@id":"https:\/\/blogdofarnesio.com.br\/?p=267939#primaryimage","url":"https:\/\/blogdofarnesio.com.br\/wp-content\/uploads\/2020\/09\/blogqspmanifestacao-70-anos-do-amigo-da-onca-scaled-e1600132675785.gif","contentUrl":"https:\/\/blogdofarnesio.com.br\/wp-content\/uploads\/2020\/09\/blogqspmanifestacao-70-anos-do-amigo-da-onca-scaled-e1600132675785.gif","width":660,"height":570},{"@type":"BreadcrumbList","@id":"https:\/\/blogdofarnesio.com.br\/?p=267939#breadcrumb","itemListElement":[{"@type":"ListItem","position":1,"name":"In\u00edcio","item":"https:\/\/blogdofarnesio.com.br\/"},{"@type":"ListItem","position":2,"name":"MANIFESTA\u00c7\u00c3O POR UM OR\u00c7AMENTO JUSTO PARA EDUCA\u00c7\u00c3O: CONFIRA OS LOCAIS E HOR\u00c1RIOS DOS ATOS"}]},{"@type":"WebSite","@id":"https:\/\/blogdofarnesio.com.br\/#website","url":"https:\/\/blogdofarnesio.com.br\/","name":"Blog do Farn\u00e9sio","description":"Quer Saber Pol\u00edtica?","publisher":{"@id":"https:\/\/blogdofarnesio.com.br\/#organization"},"potentialAction":[{"@type":"SearchAction","target":{"@type":"EntryPoint","urlTemplate":"https:\/\/blogdofarnesio.com.br\/?s={search_term_string}"},"query-input":{"@type":"PropertyValueSpecification","valueRequired":true,"valueName":"search_term_string"}}],"inLanguage":"pt-BR"},{"@type":"Organization","@id":"https:\/\/blogdofarnesio.com.br\/#organization","name":"Blog do Farn\u00e9sio","url":"https:\/\/blogdofarnesio.com.br\/","logo":{"@type":"ImageObject","inLanguage":"pt-BR","@id":"https:\/\/blogdofarnesio.com.br\/#\/schema\/logo\/image\/","url":"https:\/\/blogdofarnesio.com.br\/wp-content\/uploads\/2026\/03\/cropped-logo_new-1.png","contentUrl":"https:\/\/blogdofarnesio.com.br\/wp-content\/uploads\/2026\/03\/cropped-logo_new-1.png","width":881,"height":685,"caption":"Blog do Farn\u00e9sio"},"image":{"@id":"https:\/\/blogdofarnesio.com.br\/#\/schema\/logo\/image\/"},"sameAs":["https:\/\/www.facebook.com\/BlogQuerSaberPolitica\/"]},{"@type":"Person","@id":"https:\/\/blogdofarnesio.com.br\/#\/schema\/person\/301c4acf522bccbfdb45af95b5b906a1","name":"Farn\u00e9sio","image":{"@type":"ImageObject","inLanguage":"pt-BR","@id":"https:\/\/secure.gravatar.com\/avatar\/df0c9a14567c056f8ad6876ba5bbd1e3e2c48023eb6807342fc4663adf549f38?s=96&d=mm&r=g","url":"https:\/\/secure.gravatar.com\/avatar\/df0c9a14567c056f8ad6876ba5bbd1e3e2c48023eb6807342fc4663adf549f38?s=96&d=mm&r=g","contentUrl":"https:\/\/secure.gravatar.com\/avatar\/df0c9a14567c056f8ad6876ba5bbd1e3e2c48023eb6807342fc4663adf549f38?s=96&d=mm&r=g","caption":"Farn\u00e9sio"},"sameAs":["https:\/\/quersaberpolitica.com.br"],"url":"https:\/\/blogdofarnesio.com.br\/?author=1"}]}},"_links":{"self":[{"href":"https:\/\/blogdofarnesio.com.br\/index.php?rest_route=\/wp\/v2\/posts\/267939","targetHints":{"allow":["GET"]}}],"collection":[{"href":"https:\/\/blogdofarnesio.com.br\/index.php?rest_route=\/wp\/v2\/posts"}],"about":[{"href":"https:\/\/blogdofarnesio.com.br\/index.php?rest_route=\/wp\/v2\/types\/post"}],"author":[{"embeddable":true,"href":"https:\/\/blogdofarnesio.com.br\/index.php?rest_route=\/wp\/v2\/users\/1"}],"replies":[{"embeddable":true,"href":"https:\/\/blogdofarnesio.com.br\/index.php?rest_route=%2Fwp%2Fv2%2Fcomments&post=267939"}],"version-history":[{"count":0,"href":"https:\/\/blogdofarnesio.com.br\/index.php?rest_route=\/wp\/v2\/posts\/267939\/revisions"}],"wp:featuredmedia":[{"embeddable":true,"href":"https:\/\/blogdofarnesio.com.br\/index.php?rest_route=\/wp\/v2\/media\/267353"}],"wp:attachment":[{"href":"https:\/\/blogdofarnesio.com.br\/index.php?rest_route=%2Fwp%2Fv2%2Fmedia&parent=267939"}],"wp:term":[{"taxonomy":"category","embeddable":true,"href":"https:\/\/blogdofarnesio.com.br\/index.php?rest_route=%2Fwp%2Fv2%2Fcategories&post=267939"},{"taxonomy":"post_tag","embeddable":true,"href":"https:\/\/blogdofarnesio.com.br\/index.php?rest_route=%2Fwp%2Fv2%2Ftags&post=267939"}],"curies":[{"name":"wp","href":"https:\/\/api.w.org\/{rel}","templated":true}]}}