{"id":267882,"date":"2020-09-22T10:42:37","date_gmt":"2020-09-22T13:42:37","guid":{"rendered":"http:\/\/quersaberpolitica.com.br\/2016\/?p=267882"},"modified":"2020-09-22T08:50:02","modified_gmt":"2020-09-22T11:50:02","slug":"prefeito-de-remanso-ze-filho-registra-candidatura-a-reeleicao","status":"publish","type":"post","link":"https:\/\/blogdofarnesio.com.br\/?p=267882","title":{"rendered":"PREFEITO DE REMANSO, Z\u00c9 FILHO, REGISTRA CANDIDATURA \u00c0 REELEI\u00c7\u00c3O"},"content":{"rendered":"<div class=\"single-post-header\">\n<div class=\"single-title post-title entry-title is-size-1\"><\/div>\n<\/div>\n<div class=\"single-post-body\">\n<div class=\"single-content-wrap\">\n<div class=\"single-entry-wrap\">\n<div class=\"entry single-entry clearfix iframe-loaded\">\n<div data-wpusb-component=\"buttons-section\">\n<div id=\"wpusb-container-default\" class=\"wpusb wpusb-default  \" data-element-url=\"https%3A%2F%2Fwww.remanso-noticias.com%2F2020%2F09%2Fze-filho-registra-candidatura-a-reeleicao-na-justica-eleitoral%2F\" data-element-title=\"Z%C3%A9%20Filho%20registra%20candidatura%20%C3%A0%20reelei%C3%A7%C3%A3o%20na%20Justi%C3%A7a%20Eleitoral\" data-attr-reference=\"61534\" data-attr-nonce=\"4729de2675\" data-is-term=\"0\" data-wpusb-component=\"counter-social-share\">\n<div class=\"wpusb-item wpusb-share \">O prefeito de Remanso, Z\u00e9 Filho (PSD), registrou o pedido de candidatura \u00e0 reelei\u00e7\u00e3o na Justi\u00e7a Eleitoral. Z\u00e9 Filho, ter\u00e1 como vice Jo\u00e3o Neto (PT). O prazo para o registro termina em 26 de setembro, tanto de candidatos a prefeito, quanto para disputa de vereador e vereadora.<\/div>\n<div><\/div>\n<div class=\"wpusb-item wpusb-share \">A campanha eleitoral, inclusive na internet, com propaganda e pedido de voto \u00e9 permitida pela legisla\u00e7\u00e3o eleitoral a partir de 27 de setembro.<\/div>\n<\/div>\n<\/div>\n<p>Al\u00e9m de Z\u00e9 Filho, apenas Eul\u00e1lio Braga solicitou tamb\u00e9m o pedido de candidatura.<\/p>\n<\/div>\n<\/div>\n<\/div>\n<\/div>\n","protected":false},"excerpt":{"rendered":"<p>O prefeito de Remanso, Z\u00e9 Filho (PSD), registrou o pedido de candidatura \u00e0 reelei\u00e7\u00e3o na Justi\u00e7a Eleitoral. Z\u00e9 Filho, ter\u00e1 como vice Jo\u00e3o Neto (PT). O prazo para o registro termina em 26 de setembro, tanto de candidatos a prefeito, quanto para disputa de vereador e vereadora. A campanha eleitoral, inclusive na internet, com propaganda e pedido de voto \u00e9 permitida pela legisla\u00e7\u00e3o eleitoral a partir de 27 de setembro. Al\u00e9m de Z\u00e9 Filho, apenas Eul\u00e1lio Braga solicitou tamb\u00e9m o pedido de candidatura.<\/p>\n","protected":false},"author":1,"featured_media":267883,"comment_status":"closed","ping_status":"closed","sticky":false,"template":"","format":"standard","meta":{"_acf_changed":false,"footnotes":""},"categories":[34],"tags":[],"class_list":["post-267882","post","type-post","status-publish","format-standard","has-post-thumbnail","hentry","category-eleicoes"],"acf":[],"yoast_head":"<!-- This site is optimized with the Yoast SEO plugin v27.4 - https:\/\/yoast.com\/product\/yoast-seo-wordpress\/ -->\n<title>PREFEITO DE REMANSO, Z\u00c9 FILHO, REGISTRA CANDIDATURA \u00c0 REELEI\u00c7\u00c3O - Blog do Farn\u00e9sio<\/title>\n<meta name=\"robots\" content=\"index, follow, max-snippet:-1, max-image-preview:large, max-video-preview:-1\" \/>\n<link rel=\"canonical\" href=\"https:\/\/blogdofarnesio.com.br\/?p=267882\" \/>\n<meta property=\"og:locale\" content=\"pt_BR\" \/>\n<meta property=\"og:type\" content=\"article\" \/>\n<meta property=\"og:title\" content=\"PREFEITO DE REMANSO, Z\u00c9 FILHO, REGISTRA CANDIDATURA \u00c0 REELEI\u00c7\u00c3O - Blog do Farn\u00e9sio\" \/>\n<meta property=\"og:description\" content=\"O prefeito de Remanso, Z\u00e9 Filho (PSD), registrou o pedido de candidatura \u00e0 reelei\u00e7\u00e3o na Justi\u00e7a Eleitoral. Z\u00e9 Filho, ter\u00e1 como vice Jo\u00e3o Neto (PT). O prazo para o registro termina em 26 de setembro, tanto de candidatos a prefeito, quanto para disputa de vereador e vereadora. A campanha eleitoral, inclusive na internet, com propaganda e pedido de voto \u00e9 permitida pela legisla\u00e7\u00e3o eleitoral a partir de 27 de setembro. Al\u00e9m de Z\u00e9 Filho, apenas Eul\u00e1lio Braga solicitou tamb\u00e9m o pedido de candidatura.\" \/>\n<meta property=\"og:url\" content=\"https:\/\/blogdofarnesio.com.br\/?p=267882\" \/>\n<meta property=\"og:site_name\" content=\"Blog do Farn\u00e9sio\" \/>\n<meta property=\"article:publisher\" content=\"https:\/\/www.facebook.com\/BlogQuerSaberPolitica\/\" \/>\n<meta property=\"article:published_time\" content=\"2020-09-22T13:42:37+00:00\" \/>\n<meta property=\"og:image\" content=\"https:\/\/blogdofarnesio.com.br\/wp-content\/uploads\/2020\/09\/blogqspeleicao-ze-filho-3-1024x431-1-e1600775361522.jpg\" \/>\n\t<meta property=\"og:image:width\" content=\"724\" \/>\n\t<meta property=\"og:image:height\" content=\"305\" \/>\n\t<meta property=\"og:image:type\" content=\"image\/jpeg\" \/>\n<meta name=\"author\" content=\"Farn\u00e9sio\" \/>\n<meta name=\"twitter:card\" content=\"summary_large_image\" \/>\n<meta name=\"twitter:label1\" content=\"Escrito por\" \/>\n\t<meta name=\"twitter:data1\" content=\"Farn\u00e9sio\" \/>\n<script type=\"application\/ld+json\" class=\"yoast-schema-graph\">{\"@context\":\"https:\\\/\\\/schema.org\",\"@graph\":[{\"@type\":\"Article\",\"@id\":\"https:\\\/\\\/blogdofarnesio.com.br\\\/?p=267882#article\",\"isPartOf\":{\"@id\":\"https:\\\/\\\/blogdofarnesio.com.br\\\/?p=267882\"},\"author\":{\"name\":\"Farn\u00e9sio\",\"@id\":\"https:\\\/\\\/blogdofarnesio.com.br\\\/#\\\/schema\\\/person\\\/301c4acf522bccbfdb45af95b5b906a1\"},\"headline\":\"PREFEITO DE REMANSO, Z\u00c9 FILHO, REGISTRA CANDIDATURA \u00c0 REELEI\u00c7\u00c3O\",\"datePublished\":\"2020-09-22T13:42:37+00:00\",\"mainEntityOfPage\":{\"@id\":\"https:\\\/\\\/blogdofarnesio.com.br\\\/?p=267882\"},\"wordCount\":95,\"publisher\":{\"@id\":\"https:\\\/\\\/blogdofarnesio.com.br\\\/#organization\"},\"image\":{\"@id\":\"https:\\\/\\\/blogdofarnesio.com.br\\\/?p=267882#primaryimage\"},\"thumbnailUrl\":\"https:\\\/\\\/blogdofarnesio.com.br\\\/wp-content\\\/uploads\\\/2020\\\/09\\\/blogqspeleicao-ze-filho-3-1024x431-1-e1600775361522.jpg\",\"articleSection\":[\"Elei\u00e7\u00f5es\"],\"inLanguage\":\"pt-BR\"},{\"@type\":\"WebPage\",\"@id\":\"https:\\\/\\\/blogdofarnesio.com.br\\\/?p=267882\",\"url\":\"https:\\\/\\\/blogdofarnesio.com.br\\\/?p=267882\",\"name\":\"PREFEITO DE REMANSO, Z\u00c9 FILHO, REGISTRA CANDIDATURA \u00c0 REELEI\u00c7\u00c3O - Blog do Farn\u00e9sio\",\"isPartOf\":{\"@id\":\"https:\\\/\\\/blogdofarnesio.com.br\\\/#website\"},\"primaryImageOfPage\":{\"@id\":\"https:\\\/\\\/blogdofarnesio.com.br\\\/?p=267882#primaryimage\"},\"image\":{\"@id\":\"https:\\\/\\\/blogdofarnesio.com.br\\\/?p=267882#primaryimage\"},\"thumbnailUrl\":\"https:\\\/\\\/blogdofarnesio.com.br\\\/wp-content\\\/uploads\\\/2020\\\/09\\\/blogqspeleicao-ze-filho-3-1024x431-1-e1600775361522.jpg\",\"datePublished\":\"2020-09-22T13:42:37+00:00\",\"breadcrumb\":{\"@id\":\"https:\\\/\\\/blogdofarnesio.com.br\\\/?p=267882#breadcrumb\"},\"inLanguage\":\"pt-BR\",\"potentialAction\":[{\"@type\":\"ReadAction\",\"target\":[\"https:\\\/\\\/blogdofarnesio.com.br\\\/?p=267882\"]}]},{\"@type\":\"ImageObject\",\"inLanguage\":\"pt-BR\",\"@id\":\"https:\\\/\\\/blogdofarnesio.com.br\\\/?p=267882#primaryimage\",\"url\":\"https:\\\/\\\/blogdofarnesio.com.br\\\/wp-content\\\/uploads\\\/2020\\\/09\\\/blogqspeleicao-ze-filho-3-1024x431-1-e1600775361522.jpg\",\"contentUrl\":\"https:\\\/\\\/blogdofarnesio.com.br\\\/wp-content\\\/uploads\\\/2020\\\/09\\\/blogqspeleicao-ze-filho-3-1024x431-1-e1600775361522.jpg\",\"width\":724,\"height\":305},{\"@type\":\"BreadcrumbList\",\"@id\":\"https:\\\/\\\/blogdofarnesio.com.br\\\/?p=267882#breadcrumb\",\"itemListElement\":[{\"@type\":\"ListItem\",\"position\":1,\"name\":\"In\u00edcio\",\"item\":\"https:\\\/\\\/blogdofarnesio.com.br\\\/\"},{\"@type\":\"ListItem\",\"position\":2,\"name\":\"PREFEITO DE REMANSO, Z\u00c9 FILHO, REGISTRA CANDIDATURA \u00c0 REELEI\u00c7\u00c3O\"}]},{\"@type\":\"WebSite\",\"@id\":\"https:\\\/\\\/blogdofarnesio.com.br\\\/#website\",\"url\":\"https:\\\/\\\/blogdofarnesio.com.br\\\/\",\"name\":\"Blog do Farn\u00e9sio\",\"description\":\"Quer Saber Pol\u00edtica?\",\"publisher\":{\"@id\":\"https:\\\/\\\/blogdofarnesio.com.br\\\/#organization\"},\"potentialAction\":[{\"@type\":\"SearchAction\",\"target\":{\"@type\":\"EntryPoint\",\"urlTemplate\":\"https:\\\/\\\/blogdofarnesio.com.br\\\/?s={search_term_string}\"},\"query-input\":{\"@type\":\"PropertyValueSpecification\",\"valueRequired\":true,\"valueName\":\"search_term_string\"}}],\"inLanguage\":\"pt-BR\"},{\"@type\":\"Organization\",\"@id\":\"https:\\\/\\\/blogdofarnesio.com.br\\\/#organization\",\"name\":\"Blog do Farn\u00e9sio\",\"url\":\"https:\\\/\\\/blogdofarnesio.com.br\\\/\",\"logo\":{\"@type\":\"ImageObject\",\"inLanguage\":\"pt-BR\",\"@id\":\"https:\\\/\\\/blogdofarnesio.com.br\\\/#\\\/schema\\\/logo\\\/image\\\/\",\"url\":\"https:\\\/\\\/blogdofarnesio.com.br\\\/wp-content\\\/uploads\\\/2026\\\/03\\\/cropped-logo_new-1.png\",\"contentUrl\":\"https:\\\/\\\/blogdofarnesio.com.br\\\/wp-content\\\/uploads\\\/2026\\\/03\\\/cropped-logo_new-1.png\",\"width\":881,\"height\":685,\"caption\":\"Blog do Farn\u00e9sio\"},\"image\":{\"@id\":\"https:\\\/\\\/blogdofarnesio.com.br\\\/#\\\/schema\\\/logo\\\/image\\\/\"},\"sameAs\":[\"https:\\\/\\\/www.facebook.com\\\/BlogQuerSaberPolitica\\\/\"]},{\"@type\":\"Person\",\"@id\":\"https:\\\/\\\/blogdofarnesio.com.br\\\/#\\\/schema\\\/person\\\/301c4acf522bccbfdb45af95b5b906a1\",\"name\":\"Farn\u00e9sio\",\"image\":{\"@type\":\"ImageObject\",\"inLanguage\":\"pt-BR\",\"@id\":\"https:\\\/\\\/secure.gravatar.com\\\/avatar\\\/df0c9a14567c056f8ad6876ba5bbd1e3e2c48023eb6807342fc4663adf549f38?s=96&d=mm&r=g\",\"url\":\"https:\\\/\\\/secure.gravatar.com\\\/avatar\\\/df0c9a14567c056f8ad6876ba5bbd1e3e2c48023eb6807342fc4663adf549f38?s=96&d=mm&r=g\",\"contentUrl\":\"https:\\\/\\\/secure.gravatar.com\\\/avatar\\\/df0c9a14567c056f8ad6876ba5bbd1e3e2c48023eb6807342fc4663adf549f38?s=96&d=mm&r=g\",\"caption\":\"Farn\u00e9sio\"},\"sameAs\":[\"https:\\\/\\\/quersaberpolitica.com.br\"],\"url\":\"https:\\\/\\\/blogdofarnesio.com.br\\\/?author=1\"}]}<\/script>\n<!-- \/ Yoast SEO plugin. -->","yoast_head_json":{"title":"PREFEITO DE REMANSO, Z\u00c9 FILHO, REGISTRA CANDIDATURA \u00c0 REELEI\u00c7\u00c3O - Blog do Farn\u00e9sio","robots":{"index":"index","follow":"follow","max-snippet":"max-snippet:-1","max-image-preview":"max-image-preview:large","max-video-preview":"max-video-preview:-1"},"canonical":"https:\/\/blogdofarnesio.com.br\/?p=267882","og_locale":"pt_BR","og_type":"article","og_title":"PREFEITO DE REMANSO, Z\u00c9 FILHO, REGISTRA CANDIDATURA \u00c0 REELEI\u00c7\u00c3O - Blog do Farn\u00e9sio","og_description":"O prefeito de Remanso, Z\u00e9 Filho (PSD), registrou o pedido de candidatura \u00e0 reelei\u00e7\u00e3o na Justi\u00e7a Eleitoral. Z\u00e9 Filho, ter\u00e1 como vice Jo\u00e3o Neto (PT). O prazo para o registro termina em 26 de setembro, tanto de candidatos a prefeito, quanto para disputa de vereador e vereadora. A campanha eleitoral, inclusive na internet, com propaganda e pedido de voto \u00e9 permitida pela legisla\u00e7\u00e3o eleitoral a partir de 27 de setembro. Al\u00e9m de Z\u00e9 Filho, apenas Eul\u00e1lio Braga solicitou tamb\u00e9m o pedido de candidatura.","og_url":"https:\/\/blogdofarnesio.com.br\/?p=267882","og_site_name":"Blog do Farn\u00e9sio","article_publisher":"https:\/\/www.facebook.com\/BlogQuerSaberPolitica\/","article_published_time":"2020-09-22T13:42:37+00:00","og_image":[{"width":724,"height":305,"url":"https:\/\/blogdofarnesio.com.br\/wp-content\/uploads\/2020\/09\/blogqspeleicao-ze-filho-3-1024x431-1-e1600775361522.jpg","type":"image\/jpeg"}],"author":"Farn\u00e9sio","twitter_card":"summary_large_image","twitter_misc":{"Escrito por":"Farn\u00e9sio"},"schema":{"@context":"https:\/\/schema.org","@graph":[{"@type":"Article","@id":"https:\/\/blogdofarnesio.com.br\/?p=267882#article","isPartOf":{"@id":"https:\/\/blogdofarnesio.com.br\/?p=267882"},"author":{"name":"Farn\u00e9sio","@id":"https:\/\/blogdofarnesio.com.br\/#\/schema\/person\/301c4acf522bccbfdb45af95b5b906a1"},"headline":"PREFEITO DE REMANSO, Z\u00c9 FILHO, REGISTRA CANDIDATURA \u00c0 REELEI\u00c7\u00c3O","datePublished":"2020-09-22T13:42:37+00:00","mainEntityOfPage":{"@id":"https:\/\/blogdofarnesio.com.br\/?p=267882"},"wordCount":95,"publisher":{"@id":"https:\/\/blogdofarnesio.com.br\/#organization"},"image":{"@id":"https:\/\/blogdofarnesio.com.br\/?p=267882#primaryimage"},"thumbnailUrl":"https:\/\/blogdofarnesio.com.br\/wp-content\/uploads\/2020\/09\/blogqspeleicao-ze-filho-3-1024x431-1-e1600775361522.jpg","articleSection":["Elei\u00e7\u00f5es"],"inLanguage":"pt-BR"},{"@type":"WebPage","@id":"https:\/\/blogdofarnesio.com.br\/?p=267882","url":"https:\/\/blogdofarnesio.com.br\/?p=267882","name":"PREFEITO DE REMANSO, Z\u00c9 FILHO, REGISTRA CANDIDATURA \u00c0 REELEI\u00c7\u00c3O - Blog do Farn\u00e9sio","isPartOf":{"@id":"https:\/\/blogdofarnesio.com.br\/#website"},"primaryImageOfPage":{"@id":"https:\/\/blogdofarnesio.com.br\/?p=267882#primaryimage"},"image":{"@id":"https:\/\/blogdofarnesio.com.br\/?p=267882#primaryimage"},"thumbnailUrl":"https:\/\/blogdofarnesio.com.br\/wp-content\/uploads\/2020\/09\/blogqspeleicao-ze-filho-3-1024x431-1-e1600775361522.jpg","datePublished":"2020-09-22T13:42:37+00:00","breadcrumb":{"@id":"https:\/\/blogdofarnesio.com.br\/?p=267882#breadcrumb"},"inLanguage":"pt-BR","potentialAction":[{"@type":"ReadAction","target":["https:\/\/blogdofarnesio.com.br\/?p=267882"]}]},{"@type":"ImageObject","inLanguage":"pt-BR","@id":"https:\/\/blogdofarnesio.com.br\/?p=267882#primaryimage","url":"https:\/\/blogdofarnesio.com.br\/wp-content\/uploads\/2020\/09\/blogqspeleicao-ze-filho-3-1024x431-1-e1600775361522.jpg","contentUrl":"https:\/\/blogdofarnesio.com.br\/wp-content\/uploads\/2020\/09\/blogqspeleicao-ze-filho-3-1024x431-1-e1600775361522.jpg","width":724,"height":305},{"@type":"BreadcrumbList","@id":"https:\/\/blogdofarnesio.com.br\/?p=267882#breadcrumb","itemListElement":[{"@type":"ListItem","position":1,"name":"In\u00edcio","item":"https:\/\/blogdofarnesio.com.br\/"},{"@type":"ListItem","position":2,"name":"PREFEITO DE REMANSO, Z\u00c9 FILHO, REGISTRA CANDIDATURA \u00c0 REELEI\u00c7\u00c3O"}]},{"@type":"WebSite","@id":"https:\/\/blogdofarnesio.com.br\/#website","url":"https:\/\/blogdofarnesio.com.br\/","name":"Blog do Farn\u00e9sio","description":"Quer Saber Pol\u00edtica?","publisher":{"@id":"https:\/\/blogdofarnesio.com.br\/#organization"},"potentialAction":[{"@type":"SearchAction","target":{"@type":"EntryPoint","urlTemplate":"https:\/\/blogdofarnesio.com.br\/?s={search_term_string}"},"query-input":{"@type":"PropertyValueSpecification","valueRequired":true,"valueName":"search_term_string"}}],"inLanguage":"pt-BR"},{"@type":"Organization","@id":"https:\/\/blogdofarnesio.com.br\/#organization","name":"Blog do Farn\u00e9sio","url":"https:\/\/blogdofarnesio.com.br\/","logo":{"@type":"ImageObject","inLanguage":"pt-BR","@id":"https:\/\/blogdofarnesio.com.br\/#\/schema\/logo\/image\/","url":"https:\/\/blogdofarnesio.com.br\/wp-content\/uploads\/2026\/03\/cropped-logo_new-1.png","contentUrl":"https:\/\/blogdofarnesio.com.br\/wp-content\/uploads\/2026\/03\/cropped-logo_new-1.png","width":881,"height":685,"caption":"Blog do Farn\u00e9sio"},"image":{"@id":"https:\/\/blogdofarnesio.com.br\/#\/schema\/logo\/image\/"},"sameAs":["https:\/\/www.facebook.com\/BlogQuerSaberPolitica\/"]},{"@type":"Person","@id":"https:\/\/blogdofarnesio.com.br\/#\/schema\/person\/301c4acf522bccbfdb45af95b5b906a1","name":"Farn\u00e9sio","image":{"@type":"ImageObject","inLanguage":"pt-BR","@id":"https:\/\/secure.gravatar.com\/avatar\/df0c9a14567c056f8ad6876ba5bbd1e3e2c48023eb6807342fc4663adf549f38?s=96&d=mm&r=g","url":"https:\/\/secure.gravatar.com\/avatar\/df0c9a14567c056f8ad6876ba5bbd1e3e2c48023eb6807342fc4663adf549f38?s=96&d=mm&r=g","contentUrl":"https:\/\/secure.gravatar.com\/avatar\/df0c9a14567c056f8ad6876ba5bbd1e3e2c48023eb6807342fc4663adf549f38?s=96&d=mm&r=g","caption":"Farn\u00e9sio"},"sameAs":["https:\/\/quersaberpolitica.com.br"],"url":"https:\/\/blogdofarnesio.com.br\/?author=1"}]}},"_links":{"self":[{"href":"https:\/\/blogdofarnesio.com.br\/index.php?rest_route=\/wp\/v2\/posts\/267882","targetHints":{"allow":["GET"]}}],"collection":[{"href":"https:\/\/blogdofarnesio.com.br\/index.php?rest_route=\/wp\/v2\/posts"}],"about":[{"href":"https:\/\/blogdofarnesio.com.br\/index.php?rest_route=\/wp\/v2\/types\/post"}],"author":[{"embeddable":true,"href":"https:\/\/blogdofarnesio.com.br\/index.php?rest_route=\/wp\/v2\/users\/1"}],"replies":[{"embeddable":true,"href":"https:\/\/blogdofarnesio.com.br\/index.php?rest_route=%2Fwp%2Fv2%2Fcomments&post=267882"}],"version-history":[{"count":0,"href":"https:\/\/blogdofarnesio.com.br\/index.php?rest_route=\/wp\/v2\/posts\/267882\/revisions"}],"wp:featuredmedia":[{"embeddable":true,"href":"https:\/\/blogdofarnesio.com.br\/index.php?rest_route=\/wp\/v2\/media\/267883"}],"wp:attachment":[{"href":"https:\/\/blogdofarnesio.com.br\/index.php?rest_route=%2Fwp%2Fv2%2Fmedia&parent=267882"}],"wp:term":[{"taxonomy":"category","embeddable":true,"href":"https:\/\/blogdofarnesio.com.br\/index.php?rest_route=%2Fwp%2Fv2%2Fcategories&post=267882"},{"taxonomy":"post_tag","embeddable":true,"href":"https:\/\/blogdofarnesio.com.br\/index.php?rest_route=%2Fwp%2Fv2%2Ftags&post=267882"}],"curies":[{"name":"wp","href":"https:\/\/api.w.org\/{rel}","templated":true}]}}