{"id":267881,"date":"2020-09-22T17:31:32","date_gmt":"2020-09-22T20:31:32","guid":{"rendered":"http:\/\/quersaberpolitica.com.br\/2016\/?p=267881"},"modified":"2020-09-22T16:34:29","modified_gmt":"2020-09-22T19:34:29","slug":"flavio-bolsonaro-debocha-da-justica-nao-comparece-a-acareacao-e-participa-de-programa-na-mesma-hora","status":"publish","type":"post","link":"https:\/\/blogdofarnesio.com.br\/?p=267881","title":{"rendered":"FLAVIO BOLSONARO DEBOCHA DA JUSTI\u00c7A, N\u00c3O COMPARECE A ACAREA\u00c7\u00c3O E PARTICIPA DE PROGRAMA NA MESMA HORA"},"content":{"rendered":"<div class=\"&quot;GoogleActiveViewInnerContainer&quot;style=&quot;left:0px;top:0px;width:100%;height:100%;position:fixed;pointer-events:none;z-index:-9999;&quot;\">De acordo com o advogado do senador, Fl\u00e1vio n\u00e3o p\u00f4de comparecer na Pol\u00edcia Federal para a acarea\u00e7\u00e3o porque est\u00e1 em agenda oficial no Amazonas. Ele entrou com uma peti\u00e7\u00e3o para remarcar o encontro para 5 de outubro no gabinete dele, em Bras\u00edlia.<\/div>\n<p>Em fotos publicadas nas redes sociais, o senador aparece ao lado da equipe do apresentador Sik\u00eara Jr.. Eduardo, que estava presente, chegou a publicar uma sequ\u00eancia de v\u00eddeos ao lado dos personagens do programa.<\/p>\n<p>Em outro v\u00eddeo, mesmo em meio \u00e0 pandemia do novo coronav\u00edrus e o maior desastre necrol\u00f3gico da hist\u00f3ria do Brasil em curso, Fl\u00e1vio aparece dan\u00e7ando uma m\u00fasica vinculada a Sik\u00eara Jr, que brinca com os \u201cmaconheiros\u201d. De bra\u00e7os dados, o senador e o deputado federal cantam a m\u00fasica: &#8220;Todo maconheiro d\u00e1 o toba: yoga, yoga, yoga&#8221;.<\/p>\n<p><strong>Entenda<\/strong><br \/>\nDurante os depoimentos da investiga\u00e7\u00e3o da Opera\u00e7\u00e3o Furna da On\u00e7a, que apura um esquema de corrup\u00e7\u00e3o na Assembleia Legislativa (Alerj), Paulo Marinho afirmou ao Minist\u00e9rio P\u00fablico que Fl\u00e1vio Bolsonaro disse que um delegado da Pol\u00edcia Federal vazou a informa\u00e7\u00e3o sobre a opera\u00e7\u00e3o. O senador nega.<\/p>\n<p>Marcada pelo MPF nesta segunda-feira, a acarea\u00e7\u00e3o tinha como objetivo descobrir se algum dos dois estava mentindo nos depoimentos. &#8220;Com certeza algu\u00e9m mentiu, n\u00e9? E n\u00e3o fui eu&#8221;, disse Marinho ao chegar no local.<\/p>\n<p>*Estagi\u00e1ria sob supervis\u00e3o da editora-assistente Vera Schmitz<\/p>\n","protected":false},"excerpt":{"rendered":"<p>De acordo com o advogado do senador, Fl\u00e1vio n\u00e3o p\u00f4de comparecer na Pol\u00edcia Federal para a acarea\u00e7\u00e3o porque est\u00e1 em agenda oficial no Amazonas. Ele entrou com uma peti\u00e7\u00e3o para remarcar o encontro para 5 de outubro no gabinete dele, em Bras\u00edlia. Em fotos publicadas nas redes sociais, o senador aparece ao lado da equipe do apresentador Sik\u00eara Jr.. Eduardo, que estava presente, chegou a publicar uma sequ\u00eancia de v\u00eddeos ao lado dos personagens do programa. Em outro v\u00eddeo, mesmo em meio \u00e0 pandemia do novo coronav\u00edrus e o maior desastre necrol\u00f3gico da hist\u00f3ria do Brasil em curso, Fl\u00e1vio aparece dan\u00e7ando uma m\u00fasica vinculada a Sik\u00eara Jr, que brinca com os \u201cmaconheiros\u201d. De bra\u00e7os dados, o senador e o deputado&hellip; <\/p>\n","protected":false},"author":1,"featured_media":228100,"comment_status":"closed","ping_status":"closed","sticky":false,"template":"","format":"standard","meta":{"_acf_changed":false,"footnotes":""},"categories":[1],"tags":[],"class_list":["post-267881","post","type-post","status-publish","format-standard","has-post-thumbnail","hentry","category-politica"],"acf":[],"yoast_head":"<!-- This site is optimized with the Yoast SEO plugin v27.4 - https:\/\/yoast.com\/product\/yoast-seo-wordpress\/ -->\n<title>FLAVIO BOLSONARO DEBOCHA DA JUSTI\u00c7A, N\u00c3O COMPARECE A ACAREA\u00c7\u00c3O E PARTICIPA DE PROGRAMA NA MESMA HORA - Blog do Farn\u00e9sio<\/title>\n<meta name=\"robots\" content=\"index, follow, max-snippet:-1, max-image-preview:large, max-video-preview:-1\" \/>\n<link rel=\"canonical\" href=\"https:\/\/blogdofarnesio.com.br\/?p=267881\" \/>\n<meta property=\"og:locale\" content=\"pt_BR\" \/>\n<meta property=\"og:type\" content=\"article\" \/>\n<meta property=\"og:title\" content=\"FLAVIO BOLSONARO DEBOCHA DA JUSTI\u00c7A, N\u00c3O COMPARECE A ACAREA\u00c7\u00c3O E PARTICIPA DE PROGRAMA NA MESMA HORA - Blog do Farn\u00e9sio\" \/>\n<meta property=\"og:description\" content=\"De acordo com o advogado do senador, Fl\u00e1vio n\u00e3o p\u00f4de comparecer na Pol\u00edcia Federal para a acarea\u00e7\u00e3o porque est\u00e1 em agenda oficial no Amazonas. Ele entrou com uma peti\u00e7\u00e3o para remarcar o encontro para 5 de outubro no gabinete dele, em Bras\u00edlia. Em fotos publicadas nas redes sociais, o senador aparece ao lado da equipe do apresentador Sik\u00eara Jr.. Eduardo, que estava presente, chegou a publicar uma sequ\u00eancia de v\u00eddeos ao lado dos personagens do programa. Em outro v\u00eddeo, mesmo em meio \u00e0 pandemia do novo coronav\u00edrus e o maior desastre necrol\u00f3gico da hist\u00f3ria do Brasil em curso, Fl\u00e1vio aparece dan\u00e7ando uma m\u00fasica vinculada a Sik\u00eara Jr, que brinca com os \u201cmaconheiros\u201d. De bra\u00e7os dados, o senador e o deputado&hellip;\" \/>\n<meta property=\"og:url\" content=\"https:\/\/blogdofarnesio.com.br\/?p=267881\" \/>\n<meta property=\"og:site_name\" content=\"Blog do Farn\u00e9sio\" \/>\n<meta property=\"article:publisher\" content=\"https:\/\/www.facebook.com\/BlogQuerSaberPolitica\/\" \/>\n<meta property=\"article:published_time\" content=\"2020-09-22T20:31:32+00:00\" \/>\n<meta property=\"og:image\" content=\"https:\/\/blogdofarnesio.com.br\/wp-content\/uploads\/2019\/05\/blogqsp-flaviobolsonaro.jpg\" \/>\n\t<meta property=\"og:image:width\" content=\"380\" \/>\n\t<meta property=\"og:image:height\" content=\"280\" \/>\n\t<meta property=\"og:image:type\" content=\"image\/jpeg\" \/>\n<meta name=\"author\" content=\"Farn\u00e9sio\" \/>\n<meta name=\"twitter:card\" content=\"summary_large_image\" \/>\n<meta name=\"twitter:label1\" content=\"Escrito por\" \/>\n\t<meta name=\"twitter:data1\" content=\"Farn\u00e9sio\" \/>\n\t<meta name=\"twitter:label2\" content=\"Est. tempo de leitura\" \/>\n\t<meta name=\"twitter:data2\" content=\"1 minuto\" \/>\n<script type=\"application\/ld+json\" class=\"yoast-schema-graph\">{\"@context\":\"https:\\\/\\\/schema.org\",\"@graph\":[{\"@type\":\"Article\",\"@id\":\"https:\\\/\\\/blogdofarnesio.com.br\\\/?p=267881#article\",\"isPartOf\":{\"@id\":\"https:\\\/\\\/blogdofarnesio.com.br\\\/?p=267881\"},\"author\":{\"name\":\"Farn\u00e9sio\",\"@id\":\"https:\\\/\\\/blogdofarnesio.com.br\\\/#\\\/schema\\\/person\\\/301c4acf522bccbfdb45af95b5b906a1\"},\"headline\":\"FLAVIO BOLSONARO DEBOCHA DA JUSTI\u00c7A, N\u00c3O COMPARECE A ACAREA\u00c7\u00c3O E PARTICIPA DE PROGRAMA NA MESMA HORA\",\"datePublished\":\"2020-09-22T20:31:32+00:00\",\"mainEntityOfPage\":{\"@id\":\"https:\\\/\\\/blogdofarnesio.com.br\\\/?p=267881\"},\"wordCount\":271,\"publisher\":{\"@id\":\"https:\\\/\\\/blogdofarnesio.com.br\\\/#organization\"},\"image\":{\"@id\":\"https:\\\/\\\/blogdofarnesio.com.br\\\/?p=267881#primaryimage\"},\"thumbnailUrl\":\"https:\\\/\\\/blogdofarnesio.com.br\\\/wp-content\\\/uploads\\\/2019\\\/05\\\/blogqsp-flaviobolsonaro.jpg\",\"articleSection\":[\"Pol\u00edtica\"],\"inLanguage\":\"pt-BR\"},{\"@type\":\"WebPage\",\"@id\":\"https:\\\/\\\/blogdofarnesio.com.br\\\/?p=267881\",\"url\":\"https:\\\/\\\/blogdofarnesio.com.br\\\/?p=267881\",\"name\":\"FLAVIO BOLSONARO DEBOCHA DA JUSTI\u00c7A, N\u00c3O COMPARECE A ACAREA\u00c7\u00c3O E PARTICIPA DE PROGRAMA NA MESMA HORA - Blog do Farn\u00e9sio\",\"isPartOf\":{\"@id\":\"https:\\\/\\\/blogdofarnesio.com.br\\\/#website\"},\"primaryImageOfPage\":{\"@id\":\"https:\\\/\\\/blogdofarnesio.com.br\\\/?p=267881#primaryimage\"},\"image\":{\"@id\":\"https:\\\/\\\/blogdofarnesio.com.br\\\/?p=267881#primaryimage\"},\"thumbnailUrl\":\"https:\\\/\\\/blogdofarnesio.com.br\\\/wp-content\\\/uploads\\\/2019\\\/05\\\/blogqsp-flaviobolsonaro.jpg\",\"datePublished\":\"2020-09-22T20:31:32+00:00\",\"breadcrumb\":{\"@id\":\"https:\\\/\\\/blogdofarnesio.com.br\\\/?p=267881#breadcrumb\"},\"inLanguage\":\"pt-BR\",\"potentialAction\":[{\"@type\":\"ReadAction\",\"target\":[\"https:\\\/\\\/blogdofarnesio.com.br\\\/?p=267881\"]}]},{\"@type\":\"ImageObject\",\"inLanguage\":\"pt-BR\",\"@id\":\"https:\\\/\\\/blogdofarnesio.com.br\\\/?p=267881#primaryimage\",\"url\":\"https:\\\/\\\/blogdofarnesio.com.br\\\/wp-content\\\/uploads\\\/2019\\\/05\\\/blogqsp-flaviobolsonaro.jpg\",\"contentUrl\":\"https:\\\/\\\/blogdofarnesio.com.br\\\/wp-content\\\/uploads\\\/2019\\\/05\\\/blogqsp-flaviobolsonaro.jpg\",\"width\":380,\"height\":280},{\"@type\":\"BreadcrumbList\",\"@id\":\"https:\\\/\\\/blogdofarnesio.com.br\\\/?p=267881#breadcrumb\",\"itemListElement\":[{\"@type\":\"ListItem\",\"position\":1,\"name\":\"In\u00edcio\",\"item\":\"https:\\\/\\\/blogdofarnesio.com.br\\\/\"},{\"@type\":\"ListItem\",\"position\":2,\"name\":\"FLAVIO BOLSONARO DEBOCHA DA JUSTI\u00c7A, N\u00c3O COMPARECE A ACAREA\u00c7\u00c3O E PARTICIPA DE PROGRAMA NA MESMA HORA\"}]},{\"@type\":\"WebSite\",\"@id\":\"https:\\\/\\\/blogdofarnesio.com.br\\\/#website\",\"url\":\"https:\\\/\\\/blogdofarnesio.com.br\\\/\",\"name\":\"Blog do Farn\u00e9sio\",\"description\":\"Quer Saber Pol\u00edtica?\",\"publisher\":{\"@id\":\"https:\\\/\\\/blogdofarnesio.com.br\\\/#organization\"},\"potentialAction\":[{\"@type\":\"SearchAction\",\"target\":{\"@type\":\"EntryPoint\",\"urlTemplate\":\"https:\\\/\\\/blogdofarnesio.com.br\\\/?s={search_term_string}\"},\"query-input\":{\"@type\":\"PropertyValueSpecification\",\"valueRequired\":true,\"valueName\":\"search_term_string\"}}],\"inLanguage\":\"pt-BR\"},{\"@type\":\"Organization\",\"@id\":\"https:\\\/\\\/blogdofarnesio.com.br\\\/#organization\",\"name\":\"Blog do Farn\u00e9sio\",\"url\":\"https:\\\/\\\/blogdofarnesio.com.br\\\/\",\"logo\":{\"@type\":\"ImageObject\",\"inLanguage\":\"pt-BR\",\"@id\":\"https:\\\/\\\/blogdofarnesio.com.br\\\/#\\\/schema\\\/logo\\\/image\\\/\",\"url\":\"https:\\\/\\\/blogdofarnesio.com.br\\\/wp-content\\\/uploads\\\/2026\\\/03\\\/cropped-logo_new-1.png\",\"contentUrl\":\"https:\\\/\\\/blogdofarnesio.com.br\\\/wp-content\\\/uploads\\\/2026\\\/03\\\/cropped-logo_new-1.png\",\"width\":881,\"height\":685,\"caption\":\"Blog do Farn\u00e9sio\"},\"image\":{\"@id\":\"https:\\\/\\\/blogdofarnesio.com.br\\\/#\\\/schema\\\/logo\\\/image\\\/\"},\"sameAs\":[\"https:\\\/\\\/www.facebook.com\\\/BlogQuerSaberPolitica\\\/\"]},{\"@type\":\"Person\",\"@id\":\"https:\\\/\\\/blogdofarnesio.com.br\\\/#\\\/schema\\\/person\\\/301c4acf522bccbfdb45af95b5b906a1\",\"name\":\"Farn\u00e9sio\",\"image\":{\"@type\":\"ImageObject\",\"inLanguage\":\"pt-BR\",\"@id\":\"https:\\\/\\\/secure.gravatar.com\\\/avatar\\\/df0c9a14567c056f8ad6876ba5bbd1e3e2c48023eb6807342fc4663adf549f38?s=96&d=mm&r=g\",\"url\":\"https:\\\/\\\/secure.gravatar.com\\\/avatar\\\/df0c9a14567c056f8ad6876ba5bbd1e3e2c48023eb6807342fc4663adf549f38?s=96&d=mm&r=g\",\"contentUrl\":\"https:\\\/\\\/secure.gravatar.com\\\/avatar\\\/df0c9a14567c056f8ad6876ba5bbd1e3e2c48023eb6807342fc4663adf549f38?s=96&d=mm&r=g\",\"caption\":\"Farn\u00e9sio\"},\"sameAs\":[\"https:\\\/\\\/quersaberpolitica.com.br\"],\"url\":\"https:\\\/\\\/blogdofarnesio.com.br\\\/?author=1\"}]}<\/script>\n<!-- \/ Yoast SEO plugin. -->","yoast_head_json":{"title":"FLAVIO BOLSONARO DEBOCHA DA JUSTI\u00c7A, N\u00c3O COMPARECE A ACAREA\u00c7\u00c3O E PARTICIPA DE PROGRAMA NA MESMA HORA - Blog do Farn\u00e9sio","robots":{"index":"index","follow":"follow","max-snippet":"max-snippet:-1","max-image-preview":"max-image-preview:large","max-video-preview":"max-video-preview:-1"},"canonical":"https:\/\/blogdofarnesio.com.br\/?p=267881","og_locale":"pt_BR","og_type":"article","og_title":"FLAVIO BOLSONARO DEBOCHA DA JUSTI\u00c7A, N\u00c3O COMPARECE A ACAREA\u00c7\u00c3O E PARTICIPA DE PROGRAMA NA MESMA HORA - Blog do Farn\u00e9sio","og_description":"De acordo com o advogado do senador, Fl\u00e1vio n\u00e3o p\u00f4de comparecer na Pol\u00edcia Federal para a acarea\u00e7\u00e3o porque est\u00e1 em agenda oficial no Amazonas. Ele entrou com uma peti\u00e7\u00e3o para remarcar o encontro para 5 de outubro no gabinete dele, em Bras\u00edlia. Em fotos publicadas nas redes sociais, o senador aparece ao lado da equipe do apresentador Sik\u00eara Jr.. Eduardo, que estava presente, chegou a publicar uma sequ\u00eancia de v\u00eddeos ao lado dos personagens do programa. Em outro v\u00eddeo, mesmo em meio \u00e0 pandemia do novo coronav\u00edrus e o maior desastre necrol\u00f3gico da hist\u00f3ria do Brasil em curso, Fl\u00e1vio aparece dan\u00e7ando uma m\u00fasica vinculada a Sik\u00eara Jr, que brinca com os \u201cmaconheiros\u201d. De bra\u00e7os dados, o senador e o deputado&hellip;","og_url":"https:\/\/blogdofarnesio.com.br\/?p=267881","og_site_name":"Blog do Farn\u00e9sio","article_publisher":"https:\/\/www.facebook.com\/BlogQuerSaberPolitica\/","article_published_time":"2020-09-22T20:31:32+00:00","og_image":[{"width":380,"height":280,"url":"https:\/\/blogdofarnesio.com.br\/wp-content\/uploads\/2019\/05\/blogqsp-flaviobolsonaro.jpg","type":"image\/jpeg"}],"author":"Farn\u00e9sio","twitter_card":"summary_large_image","twitter_misc":{"Escrito por":"Farn\u00e9sio","Est. tempo de leitura":"1 minuto"},"schema":{"@context":"https:\/\/schema.org","@graph":[{"@type":"Article","@id":"https:\/\/blogdofarnesio.com.br\/?p=267881#article","isPartOf":{"@id":"https:\/\/blogdofarnesio.com.br\/?p=267881"},"author":{"name":"Farn\u00e9sio","@id":"https:\/\/blogdofarnesio.com.br\/#\/schema\/person\/301c4acf522bccbfdb45af95b5b906a1"},"headline":"FLAVIO BOLSONARO DEBOCHA DA JUSTI\u00c7A, N\u00c3O COMPARECE A ACAREA\u00c7\u00c3O E PARTICIPA DE PROGRAMA NA MESMA HORA","datePublished":"2020-09-22T20:31:32+00:00","mainEntityOfPage":{"@id":"https:\/\/blogdofarnesio.com.br\/?p=267881"},"wordCount":271,"publisher":{"@id":"https:\/\/blogdofarnesio.com.br\/#organization"},"image":{"@id":"https:\/\/blogdofarnesio.com.br\/?p=267881#primaryimage"},"thumbnailUrl":"https:\/\/blogdofarnesio.com.br\/wp-content\/uploads\/2019\/05\/blogqsp-flaviobolsonaro.jpg","articleSection":["Pol\u00edtica"],"inLanguage":"pt-BR"},{"@type":"WebPage","@id":"https:\/\/blogdofarnesio.com.br\/?p=267881","url":"https:\/\/blogdofarnesio.com.br\/?p=267881","name":"FLAVIO BOLSONARO DEBOCHA DA JUSTI\u00c7A, N\u00c3O COMPARECE A ACAREA\u00c7\u00c3O E PARTICIPA DE PROGRAMA NA MESMA HORA - Blog do Farn\u00e9sio","isPartOf":{"@id":"https:\/\/blogdofarnesio.com.br\/#website"},"primaryImageOfPage":{"@id":"https:\/\/blogdofarnesio.com.br\/?p=267881#primaryimage"},"image":{"@id":"https:\/\/blogdofarnesio.com.br\/?p=267881#primaryimage"},"thumbnailUrl":"https:\/\/blogdofarnesio.com.br\/wp-content\/uploads\/2019\/05\/blogqsp-flaviobolsonaro.jpg","datePublished":"2020-09-22T20:31:32+00:00","breadcrumb":{"@id":"https:\/\/blogdofarnesio.com.br\/?p=267881#breadcrumb"},"inLanguage":"pt-BR","potentialAction":[{"@type":"ReadAction","target":["https:\/\/blogdofarnesio.com.br\/?p=267881"]}]},{"@type":"ImageObject","inLanguage":"pt-BR","@id":"https:\/\/blogdofarnesio.com.br\/?p=267881#primaryimage","url":"https:\/\/blogdofarnesio.com.br\/wp-content\/uploads\/2019\/05\/blogqsp-flaviobolsonaro.jpg","contentUrl":"https:\/\/blogdofarnesio.com.br\/wp-content\/uploads\/2019\/05\/blogqsp-flaviobolsonaro.jpg","width":380,"height":280},{"@type":"BreadcrumbList","@id":"https:\/\/blogdofarnesio.com.br\/?p=267881#breadcrumb","itemListElement":[{"@type":"ListItem","position":1,"name":"In\u00edcio","item":"https:\/\/blogdofarnesio.com.br\/"},{"@type":"ListItem","position":2,"name":"FLAVIO BOLSONARO DEBOCHA DA JUSTI\u00c7A, N\u00c3O COMPARECE A ACAREA\u00c7\u00c3O E PARTICIPA DE PROGRAMA NA MESMA HORA"}]},{"@type":"WebSite","@id":"https:\/\/blogdofarnesio.com.br\/#website","url":"https:\/\/blogdofarnesio.com.br\/","name":"Blog do Farn\u00e9sio","description":"Quer Saber Pol\u00edtica?","publisher":{"@id":"https:\/\/blogdofarnesio.com.br\/#organization"},"potentialAction":[{"@type":"SearchAction","target":{"@type":"EntryPoint","urlTemplate":"https:\/\/blogdofarnesio.com.br\/?s={search_term_string}"},"query-input":{"@type":"PropertyValueSpecification","valueRequired":true,"valueName":"search_term_string"}}],"inLanguage":"pt-BR"},{"@type":"Organization","@id":"https:\/\/blogdofarnesio.com.br\/#organization","name":"Blog do Farn\u00e9sio","url":"https:\/\/blogdofarnesio.com.br\/","logo":{"@type":"ImageObject","inLanguage":"pt-BR","@id":"https:\/\/blogdofarnesio.com.br\/#\/schema\/logo\/image\/","url":"https:\/\/blogdofarnesio.com.br\/wp-content\/uploads\/2026\/03\/cropped-logo_new-1.png","contentUrl":"https:\/\/blogdofarnesio.com.br\/wp-content\/uploads\/2026\/03\/cropped-logo_new-1.png","width":881,"height":685,"caption":"Blog do Farn\u00e9sio"},"image":{"@id":"https:\/\/blogdofarnesio.com.br\/#\/schema\/logo\/image\/"},"sameAs":["https:\/\/www.facebook.com\/BlogQuerSaberPolitica\/"]},{"@type":"Person","@id":"https:\/\/blogdofarnesio.com.br\/#\/schema\/person\/301c4acf522bccbfdb45af95b5b906a1","name":"Farn\u00e9sio","image":{"@type":"ImageObject","inLanguage":"pt-BR","@id":"https:\/\/secure.gravatar.com\/avatar\/df0c9a14567c056f8ad6876ba5bbd1e3e2c48023eb6807342fc4663adf549f38?s=96&d=mm&r=g","url":"https:\/\/secure.gravatar.com\/avatar\/df0c9a14567c056f8ad6876ba5bbd1e3e2c48023eb6807342fc4663adf549f38?s=96&d=mm&r=g","contentUrl":"https:\/\/secure.gravatar.com\/avatar\/df0c9a14567c056f8ad6876ba5bbd1e3e2c48023eb6807342fc4663adf549f38?s=96&d=mm&r=g","caption":"Farn\u00e9sio"},"sameAs":["https:\/\/quersaberpolitica.com.br"],"url":"https:\/\/blogdofarnesio.com.br\/?author=1"}]}},"_links":{"self":[{"href":"https:\/\/blogdofarnesio.com.br\/index.php?rest_route=\/wp\/v2\/posts\/267881","targetHints":{"allow":["GET"]}}],"collection":[{"href":"https:\/\/blogdofarnesio.com.br\/index.php?rest_route=\/wp\/v2\/posts"}],"about":[{"href":"https:\/\/blogdofarnesio.com.br\/index.php?rest_route=\/wp\/v2\/types\/post"}],"author":[{"embeddable":true,"href":"https:\/\/blogdofarnesio.com.br\/index.php?rest_route=\/wp\/v2\/users\/1"}],"replies":[{"embeddable":true,"href":"https:\/\/blogdofarnesio.com.br\/index.php?rest_route=%2Fwp%2Fv2%2Fcomments&post=267881"}],"version-history":[{"count":0,"href":"https:\/\/blogdofarnesio.com.br\/index.php?rest_route=\/wp\/v2\/posts\/267881\/revisions"}],"wp:featuredmedia":[{"embeddable":true,"href":"https:\/\/blogdofarnesio.com.br\/index.php?rest_route=\/wp\/v2\/media\/228100"}],"wp:attachment":[{"href":"https:\/\/blogdofarnesio.com.br\/index.php?rest_route=%2Fwp%2Fv2%2Fmedia&parent=267881"}],"wp:term":[{"taxonomy":"category","embeddable":true,"href":"https:\/\/blogdofarnesio.com.br\/index.php?rest_route=%2Fwp%2Fv2%2Fcategories&post=267881"},{"taxonomy":"post_tag","embeddable":true,"href":"https:\/\/blogdofarnesio.com.br\/index.php?rest_route=%2Fwp%2Fv2%2Ftags&post=267881"}],"curies":[{"name":"wp","href":"https:\/\/api.w.org\/{rel}","templated":true}]}}