{"id":2677,"date":"2011-04-05T16:00:40","date_gmt":"2011-04-05T16:00:40","guid":{"rendered":"http:\/\/www.quersaberpolitica.com.br?p=2677"},"modified":"-0001-11-30T00:00:00","modified_gmt":"-0001-11-30T03:00:00","slug":"secretario-diz-que-parque-de-vaquejada-esta-fora-da-area-do-loteamento","status":"publish","type":"post","link":"https:\/\/blogdofarnesio.com.br\/?p=2677","title":{"rendered":"Secret\u00e1rio diz que parque de Vaquejada esta fora da \u00e1rea do loteamento"},"content":{"rendered":"<p>&nbsp;<\/p>\n<div>\n<p><a rel=\"lightbox\" href=\"http:\/\/www.quersaberpolitica.com.br\/2016\/wp-content\/uploads\/2012\/12\/blogqspflavioluiz.jpg\"><img loading=\"lazy\" decoding=\"async\" src=\"http:\/\/www.quersaberpolitica.com.br\/2016\/wp-content\/uploads\/2012\/12\/blogqspflavioluiz.jpg\" alt=\"\" width=\"200\" height=\"133\" \/><\/a><span style=\"font-size: medium;\"><span style=\"font-family: arial, helvetica, sans-serif;\">Em contato agora a pouco com o Assessor de Obras e Projetos Estruturantes da prefeitura de Juazeiro, Fl&aacute;vio Luiz, o&nbsp;<strong>BlogQSP<\/strong>conversou com o mesmo sobre as den&uacute;ncias feitas esta manh&atilde; na c&acirc;mara de verdores, pelo bloco de oposi&ccedil;&atilde;o liderado pelo vereador Alex Tanury<strong>.&nbsp;<\/strong>O secret&aacute;rio rebateu as acusa&ccedil;&otilde;es e disse que o munic&iacute;pio&nbsp;&nbsp;est&aacute; entrando com v&aacute;rios processos (4), contra o &nbsp;vereador Alex Tanury, por conta das den&uacute;ncias feitas contra a administra&ccedil;&atilde;o municipal e a sua pessoa. Segundo Dr Fl&aacute;vio Luiz, nesta quarta feira, outros dois processos chegar&atilde;o na justi&ccedil;a, estes para que o vereador do PSDB apresente as provas das denuncias feitas esta manh&atilde;.<\/span><\/span><\/p>\n<p><span style=\"font-size: medium;\"><span style=\"font-family: arial, helvetica, sans-serif;\">Adiantou o assessor de projetos e obras estruturantes da prefeitura de Juazeiro, que o parque de vaqueijada a que se refere a denuncia do vereador, estar fora da &aacute;rea do loteamento. Ainda esta tarde teremos mais detalhes a cerca da quest&atilde;o.<\/span><\/span><\/p>\n<\/div>\n<p>&nbsp;<\/p>\n","protected":false},"excerpt":{"rendered":"<p>&nbsp; Em contato agora a pouco com o Assessor de Obras e Projetos Estruturantes da prefeitura de Juazeiro, Fl&aacute;vio Luiz, o&nbsp;BlogQSPconversou com o mesmo sobre as den&uacute;ncias feitas esta manh&atilde; na c&acirc;mara de verdores, pelo bloco de oposi&ccedil;&atilde;o liderado pelo vereador Alex Tanury.&nbsp;O secret&aacute;rio rebateu as acusa&ccedil;&otilde;es e disse que o munic&iacute;pio&nbsp;&nbsp;est&aacute; entrando com v&aacute;rios processos (4), contra o &nbsp;vereador Alex Tanury, por conta das den&uacute;ncias feitas contra a administra&ccedil;&atilde;o municipal e a sua pessoa. Segundo Dr Fl&aacute;vio Luiz, nesta quarta feira, outros dois processos chegar&atilde;o na justi&ccedil;a, estes para que o vereador do PSDB apresente as provas das denuncias feitas esta manh&atilde;. Adiantou o assessor de projetos e obras estruturantes da prefeitura de Juazeiro, que o parque de vaqueijada&hellip; <\/p>\n","protected":false},"author":0,"featured_media":0,"comment_status":"open","ping_status":"open","sticky":false,"template":"","format":"standard","meta":{"_acf_changed":false,"footnotes":""},"categories":[43],"tags":[],"class_list":["post-2677","post","type-post","status-publish","format-standard","hentry","category-sem-categoria"],"acf":[],"yoast_head":"<!-- This site is optimized with the Yoast SEO plugin v27.4 - https:\/\/yoast.com\/product\/yoast-seo-wordpress\/ -->\n<title>Secret\u00e1rio diz que parque de Vaquejada esta fora da \u00e1rea do loteamento - Blog do Farn\u00e9sio<\/title>\n<meta name=\"robots\" content=\"index, follow, max-snippet:-1, max-image-preview:large, max-video-preview:-1\" \/>\n<link rel=\"canonical\" href=\"https:\/\/blogdofarnesio.com.br\/?p=2677\" \/>\n<meta property=\"og:locale\" content=\"pt_BR\" \/>\n<meta property=\"og:type\" content=\"article\" \/>\n<meta property=\"og:title\" content=\"Secret\u00e1rio diz que parque de Vaquejada esta fora da \u00e1rea do loteamento - Blog do Farn\u00e9sio\" \/>\n<meta property=\"og:description\" content=\"&nbsp; Em contato agora a pouco com o Assessor de Obras e Projetos Estruturantes da prefeitura de Juazeiro, Fl&aacute;vio Luiz, o&nbsp;BlogQSPconversou com o mesmo sobre as den&uacute;ncias feitas esta manh&atilde; na c&acirc;mara de verdores, pelo bloco de oposi&ccedil;&atilde;o liderado pelo vereador Alex Tanury.&nbsp;O secret&aacute;rio rebateu as acusa&ccedil;&otilde;es e disse que o munic&iacute;pio&nbsp;&nbsp;est&aacute; entrando com v&aacute;rios processos (4), contra o &nbsp;vereador Alex Tanury, por conta das den&uacute;ncias feitas contra a administra&ccedil;&atilde;o municipal e a sua pessoa. Segundo Dr Fl&aacute;vio Luiz, nesta quarta feira, outros dois processos chegar&atilde;o na justi&ccedil;a, estes para que o vereador do PSDB apresente as provas das denuncias feitas esta manh&atilde;. Adiantou o assessor de projetos e obras estruturantes da prefeitura de Juazeiro, que o parque de vaqueijada&hellip;\" \/>\n<meta property=\"og:url\" content=\"https:\/\/blogdofarnesio.com.br\/?p=2677\" \/>\n<meta property=\"og:site_name\" content=\"Blog do Farn\u00e9sio\" \/>\n<meta property=\"article:publisher\" content=\"https:\/\/www.facebook.com\/BlogQuerSaberPolitica\/\" \/>\n<meta property=\"article:published_time\" content=\"2011-04-05T16:00:40+00:00\" \/>\n<meta property=\"og:image\" content=\"http:\/\/www.quersaberpolitica.com.br\/2016\/wp-content\/uploads\/2012\/12\/blogqspflavioluiz.jpg\" \/>\n<meta name=\"twitter:card\" content=\"summary_large_image\" \/>\n<meta name=\"twitter:label1\" content=\"Est. tempo de leitura\" \/>\n\t<meta name=\"twitter:data1\" content=\"1 minuto\" \/>\n<script type=\"application\/ld+json\" class=\"yoast-schema-graph\">{\"@context\":\"https:\\\/\\\/schema.org\",\"@graph\":[{\"@type\":\"Article\",\"@id\":\"https:\\\/\\\/blogdofarnesio.com.br\\\/?p=2677#article\",\"isPartOf\":{\"@id\":\"https:\\\/\\\/blogdofarnesio.com.br\\\/?p=2677\"},\"author\":{\"name\":\"\",\"@id\":\"\"},\"headline\":\"Secret\u00e1rio diz que parque de Vaquejada esta fora da \u00e1rea do loteamento\",\"datePublished\":\"2011-04-05T16:00:40+00:00\",\"mainEntityOfPage\":{\"@id\":\"https:\\\/\\\/blogdofarnesio.com.br\\\/?p=2677\"},\"wordCount\":200,\"commentCount\":0,\"publisher\":{\"@id\":\"https:\\\/\\\/blogdofarnesio.com.br\\\/#organization\"},\"image\":{\"@id\":\"https:\\\/\\\/blogdofarnesio.com.br\\\/?p=2677#primaryimage\"},\"thumbnailUrl\":\"http:\\\/\\\/www.quersaberpolitica.com.br\\\/2016\\\/wp-content\\\/uploads\\\/2012\\\/12\\\/blogqspflavioluiz.jpg\",\"inLanguage\":\"pt-BR\",\"potentialAction\":[{\"@type\":\"CommentAction\",\"name\":\"Comment\",\"target\":[\"https:\\\/\\\/blogdofarnesio.com.br\\\/?p=2677#respond\"]}]},{\"@type\":\"WebPage\",\"@id\":\"https:\\\/\\\/blogdofarnesio.com.br\\\/?p=2677\",\"url\":\"https:\\\/\\\/blogdofarnesio.com.br\\\/?p=2677\",\"name\":\"Secret\u00e1rio diz que parque de Vaquejada esta fora da \u00e1rea do loteamento - Blog do Farn\u00e9sio\",\"isPartOf\":{\"@id\":\"https:\\\/\\\/blogdofarnesio.com.br\\\/#website\"},\"primaryImageOfPage\":{\"@id\":\"https:\\\/\\\/blogdofarnesio.com.br\\\/?p=2677#primaryimage\"},\"image\":{\"@id\":\"https:\\\/\\\/blogdofarnesio.com.br\\\/?p=2677#primaryimage\"},\"thumbnailUrl\":\"http:\\\/\\\/www.quersaberpolitica.com.br\\\/2016\\\/wp-content\\\/uploads\\\/2012\\\/12\\\/blogqspflavioluiz.jpg\",\"datePublished\":\"2011-04-05T16:00:40+00:00\",\"breadcrumb\":{\"@id\":\"https:\\\/\\\/blogdofarnesio.com.br\\\/?p=2677#breadcrumb\"},\"inLanguage\":\"pt-BR\",\"potentialAction\":[{\"@type\":\"ReadAction\",\"target\":[\"https:\\\/\\\/blogdofarnesio.com.br\\\/?p=2677\"]}]},{\"@type\":\"ImageObject\",\"inLanguage\":\"pt-BR\",\"@id\":\"https:\\\/\\\/blogdofarnesio.com.br\\\/?p=2677#primaryimage\",\"url\":\"http:\\\/\\\/www.quersaberpolitica.com.br\\\/2016\\\/wp-content\\\/uploads\\\/2012\\\/12\\\/blogqspflavioluiz.jpg\",\"contentUrl\":\"http:\\\/\\\/www.quersaberpolitica.com.br\\\/2016\\\/wp-content\\\/uploads\\\/2012\\\/12\\\/blogqspflavioluiz.jpg\"},{\"@type\":\"BreadcrumbList\",\"@id\":\"https:\\\/\\\/blogdofarnesio.com.br\\\/?p=2677#breadcrumb\",\"itemListElement\":[{\"@type\":\"ListItem\",\"position\":1,\"name\":\"In\u00edcio\",\"item\":\"https:\\\/\\\/blogdofarnesio.com.br\\\/\"},{\"@type\":\"ListItem\",\"position\":2,\"name\":\"Secret\u00e1rio diz que parque de Vaquejada esta fora da \u00e1rea do loteamento\"}]},{\"@type\":\"WebSite\",\"@id\":\"https:\\\/\\\/blogdofarnesio.com.br\\\/#website\",\"url\":\"https:\\\/\\\/blogdofarnesio.com.br\\\/\",\"name\":\"Blog do Farn\u00e9sio\",\"description\":\"Quer Saber Pol\u00edtica?\",\"publisher\":{\"@id\":\"https:\\\/\\\/blogdofarnesio.com.br\\\/#organization\"},\"potentialAction\":[{\"@type\":\"SearchAction\",\"target\":{\"@type\":\"EntryPoint\",\"urlTemplate\":\"https:\\\/\\\/blogdofarnesio.com.br\\\/?s={search_term_string}\"},\"query-input\":{\"@type\":\"PropertyValueSpecification\",\"valueRequired\":true,\"valueName\":\"search_term_string\"}}],\"inLanguage\":\"pt-BR\"},{\"@type\":\"Organization\",\"@id\":\"https:\\\/\\\/blogdofarnesio.com.br\\\/#organization\",\"name\":\"Blog do Farn\u00e9sio\",\"url\":\"https:\\\/\\\/blogdofarnesio.com.br\\\/\",\"logo\":{\"@type\":\"ImageObject\",\"inLanguage\":\"pt-BR\",\"@id\":\"https:\\\/\\\/blogdofarnesio.com.br\\\/#\\\/schema\\\/logo\\\/image\\\/\",\"url\":\"https:\\\/\\\/blogdofarnesio.com.br\\\/wp-content\\\/uploads\\\/2026\\\/03\\\/cropped-logo_new-1.png\",\"contentUrl\":\"https:\\\/\\\/blogdofarnesio.com.br\\\/wp-content\\\/uploads\\\/2026\\\/03\\\/cropped-logo_new-1.png\",\"width\":881,\"height\":685,\"caption\":\"Blog do Farn\u00e9sio\"},\"image\":{\"@id\":\"https:\\\/\\\/blogdofarnesio.com.br\\\/#\\\/schema\\\/logo\\\/image\\\/\"},\"sameAs\":[\"https:\\\/\\\/www.facebook.com\\\/BlogQuerSaberPolitica\\\/\"]}]}<\/script>\n<!-- \/ Yoast SEO plugin. -->","yoast_head_json":{"title":"Secret\u00e1rio diz que parque de Vaquejada esta fora da \u00e1rea do loteamento - Blog do Farn\u00e9sio","robots":{"index":"index","follow":"follow","max-snippet":"max-snippet:-1","max-image-preview":"max-image-preview:large","max-video-preview":"max-video-preview:-1"},"canonical":"https:\/\/blogdofarnesio.com.br\/?p=2677","og_locale":"pt_BR","og_type":"article","og_title":"Secret\u00e1rio diz que parque de Vaquejada esta fora da \u00e1rea do loteamento - Blog do Farn\u00e9sio","og_description":"&nbsp; Em contato agora a pouco com o Assessor de Obras e Projetos Estruturantes da prefeitura de Juazeiro, Fl&aacute;vio Luiz, o&nbsp;BlogQSPconversou com o mesmo sobre as den&uacute;ncias feitas esta manh&atilde; na c&acirc;mara de verdores, pelo bloco de oposi&ccedil;&atilde;o liderado pelo vereador Alex Tanury.&nbsp;O secret&aacute;rio rebateu as acusa&ccedil;&otilde;es e disse que o munic&iacute;pio&nbsp;&nbsp;est&aacute; entrando com v&aacute;rios processos (4), contra o &nbsp;vereador Alex Tanury, por conta das den&uacute;ncias feitas contra a administra&ccedil;&atilde;o municipal e a sua pessoa. Segundo Dr Fl&aacute;vio Luiz, nesta quarta feira, outros dois processos chegar&atilde;o na justi&ccedil;a, estes para que o vereador do PSDB apresente as provas das denuncias feitas esta manh&atilde;. Adiantou o assessor de projetos e obras estruturantes da prefeitura de Juazeiro, que o parque de vaqueijada&hellip;","og_url":"https:\/\/blogdofarnesio.com.br\/?p=2677","og_site_name":"Blog do Farn\u00e9sio","article_publisher":"https:\/\/www.facebook.com\/BlogQuerSaberPolitica\/","article_published_time":"2011-04-05T16:00:40+00:00","og_image":[{"url":"http:\/\/www.quersaberpolitica.com.br\/2016\/wp-content\/uploads\/2012\/12\/blogqspflavioluiz.jpg","type":"","width":"","height":""}],"twitter_card":"summary_large_image","twitter_misc":{"Est. tempo de leitura":"1 minuto"},"schema":{"@context":"https:\/\/schema.org","@graph":[{"@type":"Article","@id":"https:\/\/blogdofarnesio.com.br\/?p=2677#article","isPartOf":{"@id":"https:\/\/blogdofarnesio.com.br\/?p=2677"},"author":{"name":"","@id":""},"headline":"Secret\u00e1rio diz que parque de Vaquejada esta fora da \u00e1rea do loteamento","datePublished":"2011-04-05T16:00:40+00:00","mainEntityOfPage":{"@id":"https:\/\/blogdofarnesio.com.br\/?p=2677"},"wordCount":200,"commentCount":0,"publisher":{"@id":"https:\/\/blogdofarnesio.com.br\/#organization"},"image":{"@id":"https:\/\/blogdofarnesio.com.br\/?p=2677#primaryimage"},"thumbnailUrl":"http:\/\/www.quersaberpolitica.com.br\/2016\/wp-content\/uploads\/2012\/12\/blogqspflavioluiz.jpg","inLanguage":"pt-BR","potentialAction":[{"@type":"CommentAction","name":"Comment","target":["https:\/\/blogdofarnesio.com.br\/?p=2677#respond"]}]},{"@type":"WebPage","@id":"https:\/\/blogdofarnesio.com.br\/?p=2677","url":"https:\/\/blogdofarnesio.com.br\/?p=2677","name":"Secret\u00e1rio diz que parque de Vaquejada esta fora da \u00e1rea do loteamento - Blog do Farn\u00e9sio","isPartOf":{"@id":"https:\/\/blogdofarnesio.com.br\/#website"},"primaryImageOfPage":{"@id":"https:\/\/blogdofarnesio.com.br\/?p=2677#primaryimage"},"image":{"@id":"https:\/\/blogdofarnesio.com.br\/?p=2677#primaryimage"},"thumbnailUrl":"http:\/\/www.quersaberpolitica.com.br\/2016\/wp-content\/uploads\/2012\/12\/blogqspflavioluiz.jpg","datePublished":"2011-04-05T16:00:40+00:00","breadcrumb":{"@id":"https:\/\/blogdofarnesio.com.br\/?p=2677#breadcrumb"},"inLanguage":"pt-BR","potentialAction":[{"@type":"ReadAction","target":["https:\/\/blogdofarnesio.com.br\/?p=2677"]}]},{"@type":"ImageObject","inLanguage":"pt-BR","@id":"https:\/\/blogdofarnesio.com.br\/?p=2677#primaryimage","url":"http:\/\/www.quersaberpolitica.com.br\/2016\/wp-content\/uploads\/2012\/12\/blogqspflavioluiz.jpg","contentUrl":"http:\/\/www.quersaberpolitica.com.br\/2016\/wp-content\/uploads\/2012\/12\/blogqspflavioluiz.jpg"},{"@type":"BreadcrumbList","@id":"https:\/\/blogdofarnesio.com.br\/?p=2677#breadcrumb","itemListElement":[{"@type":"ListItem","position":1,"name":"In\u00edcio","item":"https:\/\/blogdofarnesio.com.br\/"},{"@type":"ListItem","position":2,"name":"Secret\u00e1rio diz que parque de Vaquejada esta fora da \u00e1rea do loteamento"}]},{"@type":"WebSite","@id":"https:\/\/blogdofarnesio.com.br\/#website","url":"https:\/\/blogdofarnesio.com.br\/","name":"Blog do Farn\u00e9sio","description":"Quer Saber Pol\u00edtica?","publisher":{"@id":"https:\/\/blogdofarnesio.com.br\/#organization"},"potentialAction":[{"@type":"SearchAction","target":{"@type":"EntryPoint","urlTemplate":"https:\/\/blogdofarnesio.com.br\/?s={search_term_string}"},"query-input":{"@type":"PropertyValueSpecification","valueRequired":true,"valueName":"search_term_string"}}],"inLanguage":"pt-BR"},{"@type":"Organization","@id":"https:\/\/blogdofarnesio.com.br\/#organization","name":"Blog do Farn\u00e9sio","url":"https:\/\/blogdofarnesio.com.br\/","logo":{"@type":"ImageObject","inLanguage":"pt-BR","@id":"https:\/\/blogdofarnesio.com.br\/#\/schema\/logo\/image\/","url":"https:\/\/blogdofarnesio.com.br\/wp-content\/uploads\/2026\/03\/cropped-logo_new-1.png","contentUrl":"https:\/\/blogdofarnesio.com.br\/wp-content\/uploads\/2026\/03\/cropped-logo_new-1.png","width":881,"height":685,"caption":"Blog do Farn\u00e9sio"},"image":{"@id":"https:\/\/blogdofarnesio.com.br\/#\/schema\/logo\/image\/"},"sameAs":["https:\/\/www.facebook.com\/BlogQuerSaberPolitica\/"]}]}},"_links":{"self":[{"href":"https:\/\/blogdofarnesio.com.br\/index.php?rest_route=\/wp\/v2\/posts\/2677","targetHints":{"allow":["GET"]}}],"collection":[{"href":"https:\/\/blogdofarnesio.com.br\/index.php?rest_route=\/wp\/v2\/posts"}],"about":[{"href":"https:\/\/blogdofarnesio.com.br\/index.php?rest_route=\/wp\/v2\/types\/post"}],"replies":[{"embeddable":true,"href":"https:\/\/blogdofarnesio.com.br\/index.php?rest_route=%2Fwp%2Fv2%2Fcomments&post=2677"}],"version-history":[{"count":0,"href":"https:\/\/blogdofarnesio.com.br\/index.php?rest_route=\/wp\/v2\/posts\/2677\/revisions"}],"wp:attachment":[{"href":"https:\/\/blogdofarnesio.com.br\/index.php?rest_route=%2Fwp%2Fv2%2Fmedia&parent=2677"}],"wp:term":[{"taxonomy":"category","embeddable":true,"href":"https:\/\/blogdofarnesio.com.br\/index.php?rest_route=%2Fwp%2Fv2%2Fcategories&post=2677"},{"taxonomy":"post_tag","embeddable":true,"href":"https:\/\/blogdofarnesio.com.br\/index.php?rest_route=%2Fwp%2Fv2%2Ftags&post=2677"}],"curies":[{"name":"wp","href":"https:\/\/api.w.org\/{rel}","templated":true}]}}