{"id":267630,"date":"2020-09-18T08:32:42","date_gmt":"2020-09-18T11:32:42","guid":{"rendered":"http:\/\/quersaberpolitica.com.br\/2016\/?p=267630"},"modified":"2020-09-18T08:02:15","modified_gmt":"2020-09-18T11:02:15","slug":"bolsonaro-lidera-corrida-eleitoral-para-2022-com-35-lula-tem-21","status":"publish","type":"post","link":"https:\/\/blogdofarnesio.com.br\/?p=267630","title":{"rendered":"Bolsonaro lidera corrida eleitoral para 2022 com 35%; Lula tem 21%"},"content":{"rendered":"<header>\n<p class=\"author\"><a class=\"author url fn\" title=\"Posts de Rafael Barbosa\" href=\"https:\/\/www.poder360.com.br\/author\/rafael-barbosa\/\" rel=\"author\">RAFAEL BARBOSA &#8211;\u00a0<\/a><\/p>\n<\/header>\n<div class=\"content wp js-mediator-article\" data-ga-ano=\"2020\" data-ga-categoria=\"Elei\u00e7\u00f5es\" data-ga-autor=\"Rafael Barbosa\">\n<p>Pesquisa realizada pelo\u00a0<strong>PoderData<\/strong>\u00a0mostra o presidente\u00a0<a href=\"https:\/\/eleicoes.poder360.com.br\/candidato\/630212#2018\" target=\"_blank\" rel=\"noopener noreferrer\">Jair Bolsonaro<\/a>\u00a0\u00e0 frente na corrida eleitoral para 2022, com 35% das inten\u00e7\u00f5es de voto. O ex-presidente\u00a0<a href=\"https:\/\/eleicoes.poder360.com.br\/candidato\/929674#2018\" target=\"_blank\" rel=\"noopener noreferrer\">Lula (PT)<\/a> aparece em 2\u00ba lugar, com 21%. O ex-ministro Sergio Moro foi citado por 11% dos entrevistados. Outros 11% afirmaram que iriam votar branco ou nulo.<\/p>\n<p>Os dados foram coletados de 14 a 16 de setembro, por meio de liga\u00e7\u00f5es para celulares e telefones fixos. Foram 2.500 entrevistas em 459 munic\u00edpios, nas 27 unidades da Federa\u00e7\u00e3o. A margem de erro \u00e9 de 2 pontos percentuais.\u00a0<a href=\"https:\/\/www.poder360.com.br\/datapoder360\/entenda-como-foi-realizada-a-pesquisa-datapoder360\/\">Saiba mais sobre a metodologia lendo este texto<\/a>.<\/p>\n<p><img loading=\"lazy\" decoding=\"async\" class=\"aligncenter wp-image-544071 \" src=\"https:\/\/static.poder360.com.br\/2020\/09\/pd-intencao-presidente-16-set-2020-cenario1-04.png\" sizes=\"auto, (max-width: 801px) 100vw, 801px\" srcset=\"\/\/static.poder360.com.br\/2020\/09\/pd-intencao-presidente-16-set-2020-cenario1-04.png 801w, \/\/static.poder360.com.br\/2020\/09\/pd-intencao-presidente-16-set-2020-cenario1-04-450x450.png 450w, \/\/static.poder360.com.br\/2020\/09\/pd-intencao-presidente-16-set-2020-cenario1-04-768x768.png 768w\" alt=\"\" width=\"628\" height=\"628\" \/><\/p>\n<p>A pesquisa foi realizada pelo\u00a0<strong>PoderData<\/strong>,\u00a0<a href=\"https:\/\/www.poder360.com.br\/pesquisas-datapoder360\/\">divis\u00e3o de estudos estat\u00edsticos<\/a>\u00a0do\u00a0<strong>Poder360<\/strong>. A divulga\u00e7\u00e3o do levantamento \u00e9 realizada em\u00a0<a href=\"https:\/\/www.poder360.com.br\/institucional-poder360\/poder360-e-grupo-bandeirantes-fazem-parceria-para-a-divulgacao-de-pesquisas\/\">parceria editorial<\/a>\u00a0com o\u00a0<em>Grupo Bandeirantes<\/em>.<\/p>\n<p>Em 2018, mesmo preso em Curitiba, Lula foi registrado candidato \u00e0 Presid\u00eancia da Rep\u00fablica. Seu vice foi Fernando Haddad, que acabou encabe\u00e7ando a chapa quando o\u00a0<a href=\"https:\/\/www.poder360.com.br\/eleicoes\/tse-barra-lula-por-6-votos-a-1\/\" target=\"_blank\" rel=\"noopener noreferrer\">TSE (Tribunal Superior Eleitoral) rejeitou a candidatura do petista<\/a>.<\/p>\n<p>Hoje, o cen\u00e1rio \u00e9 diferente. Lula\u00a0<a href=\"https:\/\/www.poder360.com.br\/lava-jato\/lula-livre-ex-presidente-deixa-a-prisao-em-curitiba\/\">foi solto<\/a>\u00a0em novembro de 2019. Tamb\u00e9m h\u00e1 1 processo no STF (Superior Tribunal Federal) que pede a suspei\u00e7\u00e3o do ex-juiz Sergio Moro na opera\u00e7\u00e3o Lava Jato. Atualmente, o pol\u00edtico est\u00e1 ineleg\u00edvel pela\u00a0<a href=\"http:\/\/www.planalto.gov.br\/ccivil_03\/leis\/lcp\/lcp135.htm\" target=\"_blank\" rel=\"noopener noreferrer\">Lei da Ficha Limpa<\/a>. Tenta na Justi\u00e7a recuperar seus direitos pol\u00edticos.<\/p>\n<p>A decis\u00e3o dos ministros da Corte, se favor\u00e1vel a Lula, pode anular 1 dos processos que impedem o petista de se candidatar. O ministro Gilmar Mendes j\u00e1 afirmou que quer pautar o tema\u00a0<em>\u201cassim que poss\u00edvel\u201d.<\/em><\/p>\n<p>Al\u00e9m de duas condena\u00e7\u00f5es (casos\u00a0<a href=\"https:\/\/www.poder360.com.br\/justica\/lula-e-o-processo-do-triplex-da-denuncia-a-decretacao-de-prisao\/\" target=\"_blank\" rel=\"noopener noreferrer\">tr\u00edplex do Guaruj\u00e1<\/a>\u00a0e\u00a0<a href=\"https:\/\/www.poder360.com.br\/justica\/trf-4-mantem-condenacao-de-lula-no-caso-do-sitio-de-atibaia\/\" target=\"_blank\" rel=\"noopener noreferrer\">s\u00edtio de Atibaia<\/a>), Lula enfrenta\u00a0<a href=\"https:\/\/www.poder360.com.br\/lava-jato\/lava-jato-denuncia-lula-pela-4a-vez-em-curitiba\/\" target=\"_blank\" rel=\"noopener noreferrer\">duas den\u00fancias da Lava Jato<\/a>\u00a0em Curitiba, 4\u00a0<a href=\"https:\/\/www.poder360.com.br\/lava-jato\/lula-pode-ser-julgado-em-6-processos-em-2020\/\" target=\"_blank\" rel=\"noopener noreferrer\">a\u00e7\u00f5es<\/a>\u00a0na Justi\u00e7a Federal do Distrito Federal e uma na Justi\u00e7a Federal de S\u00e3o Paulo.<\/p>\n<h2><strong>HIGHLIGHTS DEMOGR\u00c1FICOS<\/strong><\/h2>\n<p>O\u00a0<strong>PoderData<\/strong>\u00a0separou recortes para as respostas \u00e0 pergunta sobre as inten\u00e7\u00f5es de voto em 2022. Foram analisados os perfis por sexo, idade, n\u00edvel de instru\u00e7\u00e3o, regi\u00e3o e renda.<\/p>\n<p><strong>Jair Bolsonaro\u00a0<\/strong><\/p>\n<ul>\n<li><strong>melhor entre:\u00a0<\/strong>homens (42%); residentes do Centro-Oeste (51%); e desempregados ou sem renda fixa (39%);<\/li>\n<li><strong>pior entre:<\/strong>\u00a0mulheres (30%); os que t\u00eam de 16 a 24 anos (24%); os com ensino superior (23%); e residentes do Norte (24%).<\/li>\n<\/ul>\n<p><strong>Lula<\/strong><\/p>\n<ul>\n<li><strong>melhor entre:<\/strong>\u00a0os que t\u00eam de 45 a 59 anos (28%); os que ganham at\u00e9 2 sal\u00e1rios m\u00ednimos (26%) e de 2 a 5 sal\u00e1rios m\u00ednimos (27%);<\/li>\n<li><strong>pior entre:<\/strong>\u00a0os que ganham mais de 10 sal\u00e1rios m\u00ednimos (12%).<\/li>\n<\/ul>\n<p>Leia a estratifica\u00e7\u00e3o completa no infogr\u00e1fico abaixo:<\/p>\n<p><img loading=\"lazy\" decoding=\"async\" class=\"aligncenter wp-image-544075 \" src=\"https:\/\/static.poder360.com.br\/2020\/09\/pd-intencao-presidente-16-set-2020-estratificacao-lula-05.png\" sizes=\"auto, (max-width: 801px) 100vw, 801px\" srcset=\"\/\/static.poder360.com.br\/2020\/09\/pd-intencao-presidente-16-set-2020-estratificacao-lula-05.png 801w, \/\/static.poder360.com.br\/2020\/09\/pd-intencao-presidente-16-set-2020-estratificacao-lula-05-305x600.png 305w, \/\/static.poder360.com.br\/2020\/09\/pd-intencao-presidente-16-set-2020-estratificacao-lula-05-520x1024.png 520w, \/\/static.poder360.com.br\/2020\/09\/pd-intencao-presidente-16-set-2020-estratificacao-lula-05-768x1512.png 768w, \/\/static.poder360.com.br\/2020\/09\/pd-intencao-presidente-16-set-2020-estratificacao-lula-05-780x1536.png 780w\" alt=\"\" width=\"597\" height=\"1175\" \/><\/p>\n<h2><strong>APOIADORES DE BOLSONARO<\/strong><\/h2>\n<p>O\u00a0<strong>PoderData<\/strong>\u00a0analisou as inten\u00e7\u00f5es de voto dos entrevistados conforme a avalia\u00e7\u00e3o sobre o trabalho de Bolsonaro como presidente.<\/p>\n<p>Quase metade (49%) dos que consideram o chefe do Executivo \u201c<em>ruim<\/em>\u201d ou \u201c<em>p\u00e9ssimo<\/em>\u201d afirmaram que votariam em Lula. J\u00e1 entre os que acham o presidente \u201c<em>regular<\/em>\u201d, 23% preferem Sergio Moro.<\/p>\n<p>Quase 8 em 10 (78%) dos que avaliaram positivamente (\u201c<em>\u00f3timo<\/em>\u201d + \u201c<em>bom<\/em>\u201d) o trabalho do presidente querem sua reelei\u00e7\u00e3o.<\/p>\n<p><img loading=\"lazy\" decoding=\"async\" class=\"aligncenter wp-image-544077 \" src=\"https:\/\/static.poder360.com.br\/2020\/09\/pd-intencao-presidente-16-set-2020-trabalho-pessoal-06.png\" sizes=\"auto, (max-width: 801px) 100vw, 801px\" srcset=\"\/\/static.poder360.com.br\/2020\/09\/pd-intencao-presidente-16-set-2020-trabalho-pessoal-06.png 801w, \/\/static.poder360.com.br\/2020\/09\/pd-intencao-presidente-16-set-2020-trabalho-pessoal-06-450x537.png 450w, \/\/static.poder360.com.br\/2020\/09\/pd-intencao-presidente-16-set-2020-trabalho-pessoal-06-768x917.png 768w\" alt=\"\" width=\"593\" height=\"708\" \/><\/p>\n<h2><strong>CEN\u00c1RIO 2<\/strong><\/h2>\n<p>Os entrevistados tamb\u00e9m foram consultados sobre as inten\u00e7\u00f5es de voto em 1 cen\u00e1rio com\u00a0<a href=\"https:\/\/eleicoes.poder360.com.br\/candidato\/465123#2018\" target=\"_blank\" rel=\"noopener noreferrer\">Fernando Haddad (PT)<\/a>\u00a0na disputa, em vez de Lula. Nessa simula\u00e7\u00e3o, Jair Bolsonaro permanece com a prefer\u00eancia de 35% dos eleitores. Aparecem empatados na 2\u00aa posi\u00e7\u00e3o Sergio Moro (13%) e Fernando Haddad (10%), considerando a margem de erro.<\/p>\n<p>O petista empata ainda tecnicamente com\u00a0<a href=\"https:\/\/eleicoes.poder360.com.br\/candidato\/253108#2018\" target=\"_blank\" rel=\"noopener noreferrer\">Ciro Gomes<\/a>\u00a0(7%) e\u00a0<a href=\"https:\/\/eleicoes.poder360.com.br\/candidato\/929341#2014\" target=\"_blank\" rel=\"noopener noreferrer\">Luiz Henrique Mandetta<\/a>\u00a0(7%), do DEM.<\/p>\n<p>Os percentuais variaram dentro da margem de erro desde a \u00faltima vez que o\u00a0<strong>PoderData<\/strong>\u00a0abordou o assunto, no in\u00edcio de agosto.<\/p>\n<p><img loading=\"lazy\" decoding=\"async\" class=\"aligncenter wp-image-544074 \" src=\"https:\/\/static.poder360.com.br\/2020\/09\/pd-intencao-presidente-16-set-2020-cenario2-01.png\" sizes=\"auto, (max-width: 801px) 100vw, 801px\" srcset=\"\/\/static.poder360.com.br\/2020\/09\/pd-intencao-presidente-16-set-2020-cenario2-01.png 801w, \/\/static.poder360.com.br\/2020\/09\/pd-intencao-presidente-16-set-2020-cenario2-01-450x450.png 450w, \/\/static.poder360.com.br\/2020\/09\/pd-intencao-presidente-16-set-2020-cenario2-01-768x767.png 768w\" alt=\"\" width=\"594\" height=\"593\" \/><\/p>\n<p>Como no 1\u00ba cen\u00e1rio, Bolsonaro se sai melhor entre homens (41%), moradores do Centro-Oeste (46%) e os que recebem de 2 a 5 sal\u00e1rios m\u00ednimos (42%).<\/p>\n<p>J\u00e1 Moro se sai melhor entre os que t\u00eam 60 anos ou mais (18%), os com ensino superior (18%), os moradores do Centro-Oeste (18%) e os que ganham at\u00e9 2 sal\u00e1rios m\u00ednimos (19%) e de 5 a 10 sal\u00e1rios m\u00ednimos (21%).<\/p>\n<p>Leia a estratifica\u00e7\u00e3o completa e saiba onde qual candidato se sai melhor e pior:<\/p>\n<p><img loading=\"lazy\" decoding=\"async\" class=\"wp-image-544336 aligncenter\" src=\"https:\/\/static.poder360.com.br\/2020\/09\/pd-intencao-presidente-estratificacao-drive-16-set-2020-copy-02.png\" sizes=\"auto, (max-width: 801px) 100vw, 801px\" srcset=\"\/\/static.poder360.com.br\/2020\/09\/pd-intencao-presidente-estratificacao-drive-16-set-2020-copy-02.png 801w, \/\/static.poder360.com.br\/2020\/09\/pd-intencao-presidente-estratificacao-drive-16-set-2020-copy-02-305x600.png 305w, \/\/static.poder360.com.br\/2020\/09\/pd-intencao-presidente-estratificacao-drive-16-set-2020-copy-02-520x1024.png 520w, \/\/static.poder360.com.br\/2020\/09\/pd-intencao-presidente-estratificacao-drive-16-set-2020-copy-02-768x1512.png 768w, \/\/static.poder360.com.br\/2020\/09\/pd-intencao-presidente-estratificacao-drive-16-set-2020-copy-02-780x1536.png 780w\" alt=\"\" width=\"614\" height=\"1209\" \/><\/p>\n<h2><strong>APOIADORES DE BOLSONARO<\/strong><\/h2>\n<p>Dos que rejeitam o trabalho do presidente, 25% afirmaram que votariam em Fernando Haddad, e 17%, em Mandetta.<\/p>\n<p>Os que consideram a atua\u00e7\u00e3o de Bolsonaro \u201c<em>regular<\/em>\u201d preferem Moro, que tem 26% das inten\u00e7\u00f5es de voto nesse grupo.<\/p>\n<p>J\u00e1 78% dos que acham o trabalho do chefe do Executivo \u201c<em>\u00f3timo<\/em>\u201d ou \u201c<em>bom<\/em>\u201d querem sua reelei\u00e7\u00e3o.<\/p>\n<p><img loading=\"lazy\" decoding=\"async\" class=\"aligncenter wp-image-544072 \" src=\"https:\/\/static.poder360.com.br\/2020\/09\/pd-intencao-presidente-16-set-2020-avaliacao-03.png\" sizes=\"auto, (max-width: 801px) 100vw, 801px\" srcset=\"\/\/static.poder360.com.br\/2020\/09\/pd-intencao-presidente-16-set-2020-avaliacao-03.png 801w, \/\/static.poder360.com.br\/2020\/09\/pd-intencao-presidente-16-set-2020-avaliacao-03-450x537.png 450w, \/\/static.poder360.com.br\/2020\/09\/pd-intencao-presidente-16-set-2020-avaliacao-03-768x917.png 768w\" alt=\"\" width=\"646\" height=\"771\" \/><\/p>\n<h2>2\u00ba TURNO: EMPATE BOLSOLULA<\/h2>\n<p>Em 1 cen\u00e1rio com disputa entre Bolsonaro e Lula no 2\u00ba turno, h\u00e1 empate. Ambos t\u00eam 41%.<\/p>\n<p>Os resultados s\u00e3o parecidos quando os entrevistados s\u00e3o questionados sobre a possibilidade de uma disputa entre Bolsonaro e Moro. Nesse caso tamb\u00e9m h\u00e1 empate, considerando a margem de erro do estudo, de 2 pontos percentuais para mais ou para menos.<\/p>\n<p><img loading=\"lazy\" decoding=\"async\" class=\"aligncenter wp-image-544328\" src=\"https:\/\/static.poder360.com.br\/2020\/09\/pd-intencao-presidente-16-set-2020-2turno-07-novo.png\" sizes=\"auto, (max-width: 801px) 100vw, 801px\" srcset=\"\/\/static.poder360.com.br\/2020\/09\/pd-intencao-presidente-16-set-2020-2turno-07-novo.png 801w, \/\/static.poder360.com.br\/2020\/09\/pd-intencao-presidente-16-set-2020-2turno-07-novo-289x600.png 289w, \/\/static.poder360.com.br\/2020\/09\/pd-intencao-presidente-16-set-2020-2turno-07-novo-494x1024.png 494w, \/\/static.poder360.com.br\/2020\/09\/pd-intencao-presidente-16-set-2020-2turno-07-novo-768x1593.png 768w, \/\/static.poder360.com.br\/2020\/09\/pd-intencao-presidente-16-set-2020-2turno-07-novo-741x1536.png 741w\" alt=\"\" width=\"613\" height=\"1271\" \/><\/p>\n<p>Leia os demais cen\u00e1rios de 2\u00ba turno\u00a0<a href=\"https:\/\/poder360.com.br\/poderdata\/bolsonaro-empataria-com-lula-e-moro-no-2o-turno-mostra-poderdata\/\">nesta reportagem<\/a>\u00a0do\u00a0<strong>Poder360<\/strong>.<\/p>\n<h2>PT: CANDIDATO DE FORA, S\u00d3 COM VOTO<\/h2>\n<p>A presidente nacional do partido e deputada federal,\u00a0<a href=\"https:\/\/eleicoes.poder360.com.br\/candidato\/555967#2018\" target=\"_blank\" rel=\"noopener noreferrer\">Gleisi Hoffmann<\/a>\u00a0(PR),\u00a0<a href=\"https:\/\/www.poder360.com.br\/poder-em-foco\/candidato-de-fora-do-pt-em-2022-so-se-tiver-voto-diz-gleisi-hoffmann\/\" target=\"_blank\" rel=\"noopener noreferrer\">afirmou<\/a>\u00a0em entrevista ao Poder em Foco veiculada no \u00faltimo domingo (13.set.2020) que \u00e9 \u201c<em>poss\u00edvel<\/em>\u201d seu partido fazer uma composi\u00e7\u00e3o com outra sigla de esquerda e abrir m\u00e3o da cabe\u00e7a de chapa na elei\u00e7\u00e3o presidencial DE 2022. Ela acrescenta, no entanto, que \u00e9 preciso<em>\u00a0\u201cter voto\u201d<\/em>\u00a0para assumir essa posi\u00e7\u00e3o.<\/p>\n<p>Neste momento, mostra o\u00a0<strong>PoderData<\/strong>, n\u00e3o h\u00e1 nenhum nome de esquerda \u00e0 frente de Lula ou Haddad.<\/p>\n<p>&nbsp;<\/p>\n<div class=\"video-container\"><iframe loading=\"lazy\" title=\"Poder em Foco: Gleisi diz que PT s\u00f3 recusa cabe\u00e7a de chapa se candidato da esquerda \u201ctiver voto\u201d\" src=\"https:\/\/www.youtube.com\/embed\/-vFFdI0wsUw?feature=oembed\" width=\"500\" height=\"281\" frameborder=\"0\" allowfullscreen=\"allowfullscreen\" data-mce-fragment=\"1\"><\/iframe><\/div>\n<p>&nbsp;<\/p>\n<h2>PODERDATA<\/h2>\n<p>Leia mais sobre a pesquisa\u00a0<strong>PoderData<\/strong>:<\/p>\n<ul>\n<li><a href=\"https:\/\/www.poder360.com.br\/poderdata\/governo-bolsonaro-e-aprovado-por-49-e-desaprovado-por-44\/\" target=\"_blank\" rel=\"noopener noreferrer\">Governo Bolsonaro \u00e9 aprovado por 49% e desaprovado por 44%<\/a>;<\/li>\n<li><a href=\"https:\/\/poder360.com.br\/poderdata\/bolsonaro-empataria-com-lula-e-moro-no-2o-turno-mostra-poderdata\/\">Bolsonaro empataria com Lula e Moro no 2\u00ba turno, mostra PoderData<\/a>.<\/li>\n<\/ul>\n<p>O conte\u00fado do\u00a0<strong>PoderData<\/strong>\u00a0pode ser lido nas redes sociais, onde s\u00e3o compartilhados os infogr\u00e1ficos e as not\u00edcias. Siga os perfis da divis\u00e3o de pesquisas do\u00a0<strong>Poder360<\/strong>\u00a0no\u00a0<a href=\"https:\/\/twitter.com\/PoderData_\">Twitter<\/a>, no\u00a0<a href=\"https:\/\/web.facebook.com\/poderdata\">Facebook<\/a>, no\u00a0<a href=\"https:\/\/www.instagram.com\/poderdata\">Instagram<\/a>\u00a0e no\u00a0<a href=\"https:\/\/www.linkedin.com\/company\/poderdata\">LinkedIn<\/a>.<\/p>\n<div class=\"content wp js-mediator-article\" data-ga-ano=\"2020\" data-ga-categoria=\"Elei\u00e7\u00f5es\" data-ga-autor=\"Sabrina Freire\">\n<hr \/>\n<p><em>Informa\u00e7\u00f5es deste post foram publicadas antes pelo\u00a0<strong>Drive<\/strong>, com exclusividade. A newsletter \u00e9 produzida para assinantes pela equipe de jornalistas do<strong>\u00a0Poder360<\/strong>. Conhe\u00e7a mais o\u00a0<strong>Drive\u00a0<a href=\"https:\/\/www.poder360.com.br\/drive-premium\/\" target=\"_blank\" rel=\"noopener noreferrer\" data-saferedirecturl=\"https:\/\/www.google.com\/url?hl=pt-BR&amp;q=http:\/\/www.poder360.com.br\/drive-premium\/&amp;source=gmail&amp;ust=1484674870347000&amp;usg=AFQjCNF5a7Dl6JWxIBCzNbHGE1RJUTA-cw\">aqui<\/a><\/strong>\u00a0e saiba como receber com anteced\u00eancia todas as principais informa\u00e7\u00f5es do poder e da pol\u00edtica.<\/em><\/p>\n<\/div>\n<p>&nbsp;<\/p>\n<\/div>\n<footer>\n<div class=\"mod mod-trust-project\">\n<div class=\"logo-trust row text-center-xs\">\n<div class=\"col lg9 xs12\">\n<h3>O Poder360 integra o<\/h3>\n<p><a title=\"Trust Project\" href=\"https:\/\/thetrustproject.org\/\" target=\"_blank\" rel=\"noopener noreferrer\"><img decoding=\"async\" src=\"https:\/\/www.poder360.com.br\/wp-content\/themes\/poder360\/css\/svg\/src\/sprite_trust-project.svg\" \/><\/a><\/p>\n<\/div>\n<\/div>\n<\/div>\n<\/footer>\n","protected":false},"excerpt":{"rendered":"<p>RAFAEL BARBOSA &#8211;\u00a0 Pesquisa realizada pelo\u00a0PoderData\u00a0mostra o presidente\u00a0Jair Bolsonaro\u00a0\u00e0 frente na corrida eleitoral para 2022, com 35% das inten\u00e7\u00f5es de voto. O ex-presidente\u00a0Lula (PT) aparece em 2\u00ba lugar, com 21%. O ex-ministro Sergio Moro foi citado por 11% dos entrevistados. Outros 11% afirmaram que iriam votar branco ou nulo. Os dados foram coletados de 14 a 16 de setembro, por meio de liga\u00e7\u00f5es para celulares e telefones fixos. Foram 2.500 entrevistas em 459 munic\u00edpios, nas 27 unidades da Federa\u00e7\u00e3o. A margem de erro \u00e9 de 2 pontos percentuais.\u00a0Saiba mais sobre a metodologia lendo este texto. A pesquisa foi realizada pelo\u00a0PoderData,\u00a0divis\u00e3o de estudos estat\u00edsticos\u00a0do\u00a0Poder360. A divulga\u00e7\u00e3o do levantamento \u00e9 realizada em\u00a0parceria editorial\u00a0com o\u00a0Grupo Bandeirantes. Em 2018, mesmo preso em Curitiba, Lula&hellip; <\/p>\n","protected":false},"author":1,"featured_media":267631,"comment_status":"closed","ping_status":"closed","sticky":false,"template":"","format":"standard","meta":{"_acf_changed":false,"footnotes":""},"categories":[1],"tags":[],"class_list":["post-267630","post","type-post","status-publish","format-standard","has-post-thumbnail","hentry","category-politica"],"acf":[],"yoast_head":"<!-- This site is optimized with the Yoast SEO plugin v27.4 - https:\/\/yoast.com\/product\/yoast-seo-wordpress\/ -->\n<title>Bolsonaro lidera corrida eleitoral para 2022 com 35%; Lula tem 21% - Blog do Farn\u00e9sio<\/title>\n<meta name=\"robots\" content=\"index, follow, max-snippet:-1, max-image-preview:large, max-video-preview:-1\" \/>\n<link rel=\"canonical\" href=\"https:\/\/blogdofarnesio.com.br\/?p=267630\" \/>\n<meta property=\"og:locale\" content=\"pt_BR\" \/>\n<meta property=\"og:type\" content=\"article\" \/>\n<meta property=\"og:title\" content=\"Bolsonaro lidera corrida eleitoral para 2022 com 35%; Lula tem 21% - Blog do Farn\u00e9sio\" \/>\n<meta property=\"og:description\" content=\"RAFAEL BARBOSA &#8211;\u00a0 Pesquisa realizada pelo\u00a0PoderData\u00a0mostra o presidente\u00a0Jair Bolsonaro\u00a0\u00e0 frente na corrida eleitoral para 2022, com 35% das inten\u00e7\u00f5es de voto. O ex-presidente\u00a0Lula (PT) aparece em 2\u00ba lugar, com 21%. O ex-ministro Sergio Moro foi citado por 11% dos entrevistados. Outros 11% afirmaram que iriam votar branco ou nulo. Os dados foram coletados de 14 a 16 de setembro, por meio de liga\u00e7\u00f5es para celulares e telefones fixos. Foram 2.500 entrevistas em 459 munic\u00edpios, nas 27 unidades da Federa\u00e7\u00e3o. A margem de erro \u00e9 de 2 pontos percentuais.\u00a0Saiba mais sobre a metodologia lendo este texto. A pesquisa foi realizada pelo\u00a0PoderData,\u00a0divis\u00e3o de estudos estat\u00edsticos\u00a0do\u00a0Poder360. A divulga\u00e7\u00e3o do levantamento \u00e9 realizada em\u00a0parceria editorial\u00a0com o\u00a0Grupo Bandeirantes. Em 2018, mesmo preso em Curitiba, Lula&hellip;\" \/>\n<meta property=\"og:url\" content=\"https:\/\/blogdofarnesio.com.br\/?p=267630\" \/>\n<meta property=\"og:site_name\" content=\"Blog do Farn\u00e9sio\" \/>\n<meta property=\"article:publisher\" content=\"https:\/\/www.facebook.com\/BlogQuerSaberPolitica\/\" \/>\n<meta property=\"article:published_time\" content=\"2020-09-18T11:32:42+00:00\" \/>\n<meta property=\"og:image\" content=\"https:\/\/blogdofarnesio.com.br\/wp-content\/uploads\/2020\/09\/blogqsplula-bolsonaro-868x644-1.jpg\" \/>\n\t<meta property=\"og:image:width\" content=\"868\" \/>\n\t<meta property=\"og:image:height\" content=\"644\" \/>\n\t<meta property=\"og:image:type\" content=\"image\/jpeg\" \/>\n<meta name=\"author\" content=\"Farn\u00e9sio\" \/>\n<meta name=\"twitter:card\" content=\"summary_large_image\" \/>\n<meta name=\"twitter:label1\" content=\"Escrito por\" \/>\n\t<meta name=\"twitter:data1\" content=\"Farn\u00e9sio\" \/>\n\t<meta name=\"twitter:label2\" content=\"Est. tempo de leitura\" \/>\n\t<meta name=\"twitter:data2\" content=\"5 minutos\" \/>\n<script type=\"application\/ld+json\" class=\"yoast-schema-graph\">{\"@context\":\"https:\\\/\\\/schema.org\",\"@graph\":[{\"@type\":\"Article\",\"@id\":\"https:\\\/\\\/blogdofarnesio.com.br\\\/?p=267630#article\",\"isPartOf\":{\"@id\":\"https:\\\/\\\/blogdofarnesio.com.br\\\/?p=267630\"},\"author\":{\"name\":\"Farn\u00e9sio\",\"@id\":\"https:\\\/\\\/blogdofarnesio.com.br\\\/#\\\/schema\\\/person\\\/301c4acf522bccbfdb45af95b5b906a1\"},\"headline\":\"Bolsonaro lidera corrida eleitoral para 2022 com 35%; Lula tem 21%\",\"datePublished\":\"2020-09-18T11:32:42+00:00\",\"mainEntityOfPage\":{\"@id\":\"https:\\\/\\\/blogdofarnesio.com.br\\\/?p=267630\"},\"wordCount\":981,\"publisher\":{\"@id\":\"https:\\\/\\\/blogdofarnesio.com.br\\\/#organization\"},\"image\":{\"@id\":\"https:\\\/\\\/blogdofarnesio.com.br\\\/?p=267630#primaryimage\"},\"thumbnailUrl\":\"https:\\\/\\\/blogdofarnesio.com.br\\\/wp-content\\\/uploads\\\/2020\\\/09\\\/blogqsplula-bolsonaro-868x644-1.jpg\",\"articleSection\":[\"Pol\u00edtica\"],\"inLanguage\":\"pt-BR\"},{\"@type\":\"WebPage\",\"@id\":\"https:\\\/\\\/blogdofarnesio.com.br\\\/?p=267630\",\"url\":\"https:\\\/\\\/blogdofarnesio.com.br\\\/?p=267630\",\"name\":\"Bolsonaro lidera corrida eleitoral para 2022 com 35%; Lula tem 21% - Blog do Farn\u00e9sio\",\"isPartOf\":{\"@id\":\"https:\\\/\\\/blogdofarnesio.com.br\\\/#website\"},\"primaryImageOfPage\":{\"@id\":\"https:\\\/\\\/blogdofarnesio.com.br\\\/?p=267630#primaryimage\"},\"image\":{\"@id\":\"https:\\\/\\\/blogdofarnesio.com.br\\\/?p=267630#primaryimage\"},\"thumbnailUrl\":\"https:\\\/\\\/blogdofarnesio.com.br\\\/wp-content\\\/uploads\\\/2020\\\/09\\\/blogqsplula-bolsonaro-868x644-1.jpg\",\"datePublished\":\"2020-09-18T11:32:42+00:00\",\"breadcrumb\":{\"@id\":\"https:\\\/\\\/blogdofarnesio.com.br\\\/?p=267630#breadcrumb\"},\"inLanguage\":\"pt-BR\",\"potentialAction\":[{\"@type\":\"ReadAction\",\"target\":[\"https:\\\/\\\/blogdofarnesio.com.br\\\/?p=267630\"]}]},{\"@type\":\"ImageObject\",\"inLanguage\":\"pt-BR\",\"@id\":\"https:\\\/\\\/blogdofarnesio.com.br\\\/?p=267630#primaryimage\",\"url\":\"https:\\\/\\\/blogdofarnesio.com.br\\\/wp-content\\\/uploads\\\/2020\\\/09\\\/blogqsplula-bolsonaro-868x644-1.jpg\",\"contentUrl\":\"https:\\\/\\\/blogdofarnesio.com.br\\\/wp-content\\\/uploads\\\/2020\\\/09\\\/blogqsplula-bolsonaro-868x644-1.jpg\",\"width\":868,\"height\":644},{\"@type\":\"BreadcrumbList\",\"@id\":\"https:\\\/\\\/blogdofarnesio.com.br\\\/?p=267630#breadcrumb\",\"itemListElement\":[{\"@type\":\"ListItem\",\"position\":1,\"name\":\"In\u00edcio\",\"item\":\"https:\\\/\\\/blogdofarnesio.com.br\\\/\"},{\"@type\":\"ListItem\",\"position\":2,\"name\":\"Bolsonaro lidera corrida eleitoral para 2022 com 35%; Lula tem 21%\"}]},{\"@type\":\"WebSite\",\"@id\":\"https:\\\/\\\/blogdofarnesio.com.br\\\/#website\",\"url\":\"https:\\\/\\\/blogdofarnesio.com.br\\\/\",\"name\":\"Blog do Farn\u00e9sio\",\"description\":\"Quer Saber Pol\u00edtica?\",\"publisher\":{\"@id\":\"https:\\\/\\\/blogdofarnesio.com.br\\\/#organization\"},\"potentialAction\":[{\"@type\":\"SearchAction\",\"target\":{\"@type\":\"EntryPoint\",\"urlTemplate\":\"https:\\\/\\\/blogdofarnesio.com.br\\\/?s={search_term_string}\"},\"query-input\":{\"@type\":\"PropertyValueSpecification\",\"valueRequired\":true,\"valueName\":\"search_term_string\"}}],\"inLanguage\":\"pt-BR\"},{\"@type\":\"Organization\",\"@id\":\"https:\\\/\\\/blogdofarnesio.com.br\\\/#organization\",\"name\":\"Blog do Farn\u00e9sio\",\"url\":\"https:\\\/\\\/blogdofarnesio.com.br\\\/\",\"logo\":{\"@type\":\"ImageObject\",\"inLanguage\":\"pt-BR\",\"@id\":\"https:\\\/\\\/blogdofarnesio.com.br\\\/#\\\/schema\\\/logo\\\/image\\\/\",\"url\":\"https:\\\/\\\/blogdofarnesio.com.br\\\/wp-content\\\/uploads\\\/2026\\\/03\\\/cropped-logo_new-1.png\",\"contentUrl\":\"https:\\\/\\\/blogdofarnesio.com.br\\\/wp-content\\\/uploads\\\/2026\\\/03\\\/cropped-logo_new-1.png\",\"width\":881,\"height\":685,\"caption\":\"Blog do Farn\u00e9sio\"},\"image\":{\"@id\":\"https:\\\/\\\/blogdofarnesio.com.br\\\/#\\\/schema\\\/logo\\\/image\\\/\"},\"sameAs\":[\"https:\\\/\\\/www.facebook.com\\\/BlogQuerSaberPolitica\\\/\"]},{\"@type\":\"Person\",\"@id\":\"https:\\\/\\\/blogdofarnesio.com.br\\\/#\\\/schema\\\/person\\\/301c4acf522bccbfdb45af95b5b906a1\",\"name\":\"Farn\u00e9sio\",\"image\":{\"@type\":\"ImageObject\",\"inLanguage\":\"pt-BR\",\"@id\":\"https:\\\/\\\/secure.gravatar.com\\\/avatar\\\/df0c9a14567c056f8ad6876ba5bbd1e3e2c48023eb6807342fc4663adf549f38?s=96&d=mm&r=g\",\"url\":\"https:\\\/\\\/secure.gravatar.com\\\/avatar\\\/df0c9a14567c056f8ad6876ba5bbd1e3e2c48023eb6807342fc4663adf549f38?s=96&d=mm&r=g\",\"contentUrl\":\"https:\\\/\\\/secure.gravatar.com\\\/avatar\\\/df0c9a14567c056f8ad6876ba5bbd1e3e2c48023eb6807342fc4663adf549f38?s=96&d=mm&r=g\",\"caption\":\"Farn\u00e9sio\"},\"sameAs\":[\"https:\\\/\\\/quersaberpolitica.com.br\"],\"url\":\"https:\\\/\\\/blogdofarnesio.com.br\\\/?author=1\"}]}<\/script>\n<!-- \/ Yoast SEO plugin. -->","yoast_head_json":{"title":"Bolsonaro lidera corrida eleitoral para 2022 com 35%; Lula tem 21% - Blog do Farn\u00e9sio","robots":{"index":"index","follow":"follow","max-snippet":"max-snippet:-1","max-image-preview":"max-image-preview:large","max-video-preview":"max-video-preview:-1"},"canonical":"https:\/\/blogdofarnesio.com.br\/?p=267630","og_locale":"pt_BR","og_type":"article","og_title":"Bolsonaro lidera corrida eleitoral para 2022 com 35%; Lula tem 21% - Blog do Farn\u00e9sio","og_description":"RAFAEL BARBOSA &#8211;\u00a0 Pesquisa realizada pelo\u00a0PoderData\u00a0mostra o presidente\u00a0Jair Bolsonaro\u00a0\u00e0 frente na corrida eleitoral para 2022, com 35% das inten\u00e7\u00f5es de voto. O ex-presidente\u00a0Lula (PT) aparece em 2\u00ba lugar, com 21%. O ex-ministro Sergio Moro foi citado por 11% dos entrevistados. Outros 11% afirmaram que iriam votar branco ou nulo. Os dados foram coletados de 14 a 16 de setembro, por meio de liga\u00e7\u00f5es para celulares e telefones fixos. Foram 2.500 entrevistas em 459 munic\u00edpios, nas 27 unidades da Federa\u00e7\u00e3o. A margem de erro \u00e9 de 2 pontos percentuais.\u00a0Saiba mais sobre a metodologia lendo este texto. A pesquisa foi realizada pelo\u00a0PoderData,\u00a0divis\u00e3o de estudos estat\u00edsticos\u00a0do\u00a0Poder360. A divulga\u00e7\u00e3o do levantamento \u00e9 realizada em\u00a0parceria editorial\u00a0com o\u00a0Grupo Bandeirantes. Em 2018, mesmo preso em Curitiba, Lula&hellip;","og_url":"https:\/\/blogdofarnesio.com.br\/?p=267630","og_site_name":"Blog do Farn\u00e9sio","article_publisher":"https:\/\/www.facebook.com\/BlogQuerSaberPolitica\/","article_published_time":"2020-09-18T11:32:42+00:00","og_image":[{"width":868,"height":644,"url":"https:\/\/blogdofarnesio.com.br\/wp-content\/uploads\/2020\/09\/blogqsplula-bolsonaro-868x644-1.jpg","type":"image\/jpeg"}],"author":"Farn\u00e9sio","twitter_card":"summary_large_image","twitter_misc":{"Escrito por":"Farn\u00e9sio","Est. tempo de leitura":"5 minutos"},"schema":{"@context":"https:\/\/schema.org","@graph":[{"@type":"Article","@id":"https:\/\/blogdofarnesio.com.br\/?p=267630#article","isPartOf":{"@id":"https:\/\/blogdofarnesio.com.br\/?p=267630"},"author":{"name":"Farn\u00e9sio","@id":"https:\/\/blogdofarnesio.com.br\/#\/schema\/person\/301c4acf522bccbfdb45af95b5b906a1"},"headline":"Bolsonaro lidera corrida eleitoral para 2022 com 35%; Lula tem 21%","datePublished":"2020-09-18T11:32:42+00:00","mainEntityOfPage":{"@id":"https:\/\/blogdofarnesio.com.br\/?p=267630"},"wordCount":981,"publisher":{"@id":"https:\/\/blogdofarnesio.com.br\/#organization"},"image":{"@id":"https:\/\/blogdofarnesio.com.br\/?p=267630#primaryimage"},"thumbnailUrl":"https:\/\/blogdofarnesio.com.br\/wp-content\/uploads\/2020\/09\/blogqsplula-bolsonaro-868x644-1.jpg","articleSection":["Pol\u00edtica"],"inLanguage":"pt-BR"},{"@type":"WebPage","@id":"https:\/\/blogdofarnesio.com.br\/?p=267630","url":"https:\/\/blogdofarnesio.com.br\/?p=267630","name":"Bolsonaro lidera corrida eleitoral para 2022 com 35%; Lula tem 21% - Blog do Farn\u00e9sio","isPartOf":{"@id":"https:\/\/blogdofarnesio.com.br\/#website"},"primaryImageOfPage":{"@id":"https:\/\/blogdofarnesio.com.br\/?p=267630#primaryimage"},"image":{"@id":"https:\/\/blogdofarnesio.com.br\/?p=267630#primaryimage"},"thumbnailUrl":"https:\/\/blogdofarnesio.com.br\/wp-content\/uploads\/2020\/09\/blogqsplula-bolsonaro-868x644-1.jpg","datePublished":"2020-09-18T11:32:42+00:00","breadcrumb":{"@id":"https:\/\/blogdofarnesio.com.br\/?p=267630#breadcrumb"},"inLanguage":"pt-BR","potentialAction":[{"@type":"ReadAction","target":["https:\/\/blogdofarnesio.com.br\/?p=267630"]}]},{"@type":"ImageObject","inLanguage":"pt-BR","@id":"https:\/\/blogdofarnesio.com.br\/?p=267630#primaryimage","url":"https:\/\/blogdofarnesio.com.br\/wp-content\/uploads\/2020\/09\/blogqsplula-bolsonaro-868x644-1.jpg","contentUrl":"https:\/\/blogdofarnesio.com.br\/wp-content\/uploads\/2020\/09\/blogqsplula-bolsonaro-868x644-1.jpg","width":868,"height":644},{"@type":"BreadcrumbList","@id":"https:\/\/blogdofarnesio.com.br\/?p=267630#breadcrumb","itemListElement":[{"@type":"ListItem","position":1,"name":"In\u00edcio","item":"https:\/\/blogdofarnesio.com.br\/"},{"@type":"ListItem","position":2,"name":"Bolsonaro lidera corrida eleitoral para 2022 com 35%; Lula tem 21%"}]},{"@type":"WebSite","@id":"https:\/\/blogdofarnesio.com.br\/#website","url":"https:\/\/blogdofarnesio.com.br\/","name":"Blog do Farn\u00e9sio","description":"Quer Saber Pol\u00edtica?","publisher":{"@id":"https:\/\/blogdofarnesio.com.br\/#organization"},"potentialAction":[{"@type":"SearchAction","target":{"@type":"EntryPoint","urlTemplate":"https:\/\/blogdofarnesio.com.br\/?s={search_term_string}"},"query-input":{"@type":"PropertyValueSpecification","valueRequired":true,"valueName":"search_term_string"}}],"inLanguage":"pt-BR"},{"@type":"Organization","@id":"https:\/\/blogdofarnesio.com.br\/#organization","name":"Blog do Farn\u00e9sio","url":"https:\/\/blogdofarnesio.com.br\/","logo":{"@type":"ImageObject","inLanguage":"pt-BR","@id":"https:\/\/blogdofarnesio.com.br\/#\/schema\/logo\/image\/","url":"https:\/\/blogdofarnesio.com.br\/wp-content\/uploads\/2026\/03\/cropped-logo_new-1.png","contentUrl":"https:\/\/blogdofarnesio.com.br\/wp-content\/uploads\/2026\/03\/cropped-logo_new-1.png","width":881,"height":685,"caption":"Blog do Farn\u00e9sio"},"image":{"@id":"https:\/\/blogdofarnesio.com.br\/#\/schema\/logo\/image\/"},"sameAs":["https:\/\/www.facebook.com\/BlogQuerSaberPolitica\/"]},{"@type":"Person","@id":"https:\/\/blogdofarnesio.com.br\/#\/schema\/person\/301c4acf522bccbfdb45af95b5b906a1","name":"Farn\u00e9sio","image":{"@type":"ImageObject","inLanguage":"pt-BR","@id":"https:\/\/secure.gravatar.com\/avatar\/df0c9a14567c056f8ad6876ba5bbd1e3e2c48023eb6807342fc4663adf549f38?s=96&d=mm&r=g","url":"https:\/\/secure.gravatar.com\/avatar\/df0c9a14567c056f8ad6876ba5bbd1e3e2c48023eb6807342fc4663adf549f38?s=96&d=mm&r=g","contentUrl":"https:\/\/secure.gravatar.com\/avatar\/df0c9a14567c056f8ad6876ba5bbd1e3e2c48023eb6807342fc4663adf549f38?s=96&d=mm&r=g","caption":"Farn\u00e9sio"},"sameAs":["https:\/\/quersaberpolitica.com.br"],"url":"https:\/\/blogdofarnesio.com.br\/?author=1"}]}},"_links":{"self":[{"href":"https:\/\/blogdofarnesio.com.br\/index.php?rest_route=\/wp\/v2\/posts\/267630","targetHints":{"allow":["GET"]}}],"collection":[{"href":"https:\/\/blogdofarnesio.com.br\/index.php?rest_route=\/wp\/v2\/posts"}],"about":[{"href":"https:\/\/blogdofarnesio.com.br\/index.php?rest_route=\/wp\/v2\/types\/post"}],"author":[{"embeddable":true,"href":"https:\/\/blogdofarnesio.com.br\/index.php?rest_route=\/wp\/v2\/users\/1"}],"replies":[{"embeddable":true,"href":"https:\/\/blogdofarnesio.com.br\/index.php?rest_route=%2Fwp%2Fv2%2Fcomments&post=267630"}],"version-history":[{"count":0,"href":"https:\/\/blogdofarnesio.com.br\/index.php?rest_route=\/wp\/v2\/posts\/267630\/revisions"}],"wp:featuredmedia":[{"embeddable":true,"href":"https:\/\/blogdofarnesio.com.br\/index.php?rest_route=\/wp\/v2\/media\/267631"}],"wp:attachment":[{"href":"https:\/\/blogdofarnesio.com.br\/index.php?rest_route=%2Fwp%2Fv2%2Fmedia&parent=267630"}],"wp:term":[{"taxonomy":"category","embeddable":true,"href":"https:\/\/blogdofarnesio.com.br\/index.php?rest_route=%2Fwp%2Fv2%2Fcategories&post=267630"},{"taxonomy":"post_tag","embeddable":true,"href":"https:\/\/blogdofarnesio.com.br\/index.php?rest_route=%2Fwp%2Fv2%2Ftags&post=267630"}],"curies":[{"name":"wp","href":"https:\/\/api.w.org\/{rel}","templated":true}]}}