{"id":267620,"date":"2020-09-18T08:02:21","date_gmt":"2020-09-18T11:02:21","guid":{"rendered":"http:\/\/quersaberpolitica.com.br\/2016\/?p=267620"},"modified":"2020-09-18T07:39:35","modified_gmt":"2020-09-18T10:39:35","slug":"profissionais-da-imprensa-foram-agredidas-em-convencao-partidaria-do-prefeito-de-remanso-ze-filho-veja-o-video","status":"publish","type":"post","link":"https:\/\/blogdofarnesio.com.br\/?p=267620","title":{"rendered":"Profissionais da imprensa foram agredidas em conven\u00e7\u00e3o partid\u00e1ria do prefeito de Remanso, Z\u00e9 Filho: Veja o v\u00eddeo"},"content":{"rendered":"<p>Lidiane Lopes da Silva e Carolina de Ara\u00fajo Barbosa, profissionais da imprensa, trabalhando em Remanso, norte da Bahia, cidade a 719 quil\u00f4metros de Salvador, em um v\u00eddeo postado em suas redes sociais denunciam agress\u00f5es sofridas durante a realiza\u00e7\u00e3o da Conven\u00e7\u00e3o partid\u00e1ria de Z\u00e9 Filho (PSD), atual prefeito e candidato \u00e0 reelei\u00e7\u00e3o na cidade.<\/p>\n<p><img loading=\"lazy\" decoding=\"async\" class=\"aligncenter size-full wp-image-267623\" src=\"http:\/\/quersaberpolitica.com.br\/2016\/wp-content\/uploads\/2020\/09\/Segurancas-agrediram-e-empurraram-ate-criancas.jpg.jpeg\" alt=\"\" width=\"640\" height=\"360\" srcset=\"https:\/\/blogdofarnesio.com.br\/wp-content\/uploads\/2020\/09\/Segurancas-agrediram-e-empurraram-ate-criancas.jpg.jpeg 640w, https:\/\/blogdofarnesio.com.br\/wp-content\/uploads\/2020\/09\/Segurancas-agrediram-e-empurraram-ate-criancas.jpg-300x169.jpeg 300w, https:\/\/blogdofarnesio.com.br\/wp-content\/uploads\/2020\/09\/Segurancas-agrediram-e-empurraram-ate-criancas.jpg-360x203.jpeg 360w\" sizes=\"auto, (max-width: 640px) 100vw, 640px\" \/>O prefeito, que chegou \u00e0 Conven\u00e7\u00e3o cercado de seguran\u00e7as, determinou a inquisi\u00e7\u00e3o das profissionais que s\u00f3 estavam no local para registrar o evento. Elas foram empurradas e ofendidas al\u00e9m de tratadas de forma discriminat\u00f3ria e ofensiva pelos prepostos de Z\u00e9 Filho.<\/p>\n<p>As v\u00edtimas postaram um v\u00eddeo em suas redes sociais: \u201cGravamos este v\u00eddeo para compartilhar com voc\u00eas uma situa\u00e7\u00e3o desagrad\u00e1vel que vivemos aqui em Remanso. Z\u00e9 Filho colocou carros de som nas ruas de Remanso convidando a toda a popula\u00e7\u00e3o para estar presente no evento. Nos sentimos convidadas para estar presentes, mas ao nos aproximarmos do evento, um grupo de cinco homens nos abordaram, gritando, de forma violenta, nos circulando e tentando colocar adesivos de seu partido, o PSD, em nossas costas. Nos sentimos coagidas, ficamos com medo\u201d.<\/p>\n<p>Lidiane Lopes resume: \u201cNos sentimos muito assustadas! Muito expostas, invadidas e principalmente, censuradas. Eu, como jornalista, tenho a liberdade de imprensa, de fotografar e filmar agentes e eventos p\u00fablicos. Est\u00e1vamos em um evento p\u00fablico! \u201d<\/p>\n<p>As profissionais dizem que, apesar da coa\u00e7\u00e3o e agress\u00f5es, tentaram entrar no espe\u00e7o do evento e os prepostos de Z\u00e9 Filho voltaram a tentar colocar adesivos nas suas vestes. \u201cUm deles fotografou minhas pernas e minha bunda, num ato claro de ass\u00e9dio\u201d \u2013 revolta-se Lidiane Lopes.<\/p>\n<p>Ao final refor\u00e7am sua disposi\u00e7\u00e3o de n\u00e3o silenciar diante das agress\u00f5es, refor\u00e7am a import\u00e2ncia do trabalho que realizam e dizem ter identificado os agressores e o assediador, denunciando ainda que, no dia posterior \u00e0 conven\u00e7\u00e3o, diversas postagens circularam na cidade com a imagem delas, acusando-as de produzir Fake News. As v\u00edtimas deixaram claro que v\u00e3o procurar as medidas cab\u00edveis e os respons\u00e1veis ser\u00e3o punidos.<\/p>\n<p>\u201cSin\u00f4nimo de mulher \u00e9 luta! \u201d \u2013 Encerram.<\/p>\n<p>Assista aqui o v\u00eddeo:\u00a0<a href=\"https:\/\/www.instagram.com\/tv\/CFM-NqwBFyI\/?igshid=1pdfhgl2fhu6i\" target=\"_blank\" rel=\"noopener noreferrer\" data-saferedirecturl=\"https:\/\/www.google.com\/url?q=https:\/\/www.instagram.com\/tv\/CFM-NqwBFyI\/?igshid%3D1pdfhgl2fhu6i&amp;source=gmail&amp;ust=1600511598106000&amp;usg=AFQjCNEhX1RSZMh1HUB4X9FrNZJaIqFuLg\">https:\/\/www.instagram.com\/tv\/<wbr \/>CFM-NqwBFyI\/?igshid=<wbr \/>1pdfhgl2fhu6i<\/a><\/p>\n","protected":false},"excerpt":{"rendered":"<p>Lidiane Lopes da Silva e Carolina de Ara\u00fajo Barbosa, profissionais da imprensa, trabalhando em Remanso, norte da Bahia, cidade a 719 quil\u00f4metros de Salvador, em um v\u00eddeo postado em suas redes sociais denunciam agress\u00f5es sofridas durante a realiza\u00e7\u00e3o da Conven\u00e7\u00e3o partid\u00e1ria de Z\u00e9 Filho (PSD), atual prefeito e candidato \u00e0 reelei\u00e7\u00e3o na cidade. O prefeito, que chegou \u00e0 Conven\u00e7\u00e3o cercado de seguran\u00e7as, determinou a inquisi\u00e7\u00e3o das profissionais que s\u00f3 estavam no local para registrar o evento. Elas foram empurradas e ofendidas al\u00e9m de tratadas de forma discriminat\u00f3ria e ofensiva pelos prepostos de Z\u00e9 Filho. As v\u00edtimas postaram um v\u00eddeo em suas redes sociais: \u201cGravamos este v\u00eddeo para compartilhar com voc\u00eas uma situa\u00e7\u00e3o desagrad\u00e1vel que vivemos aqui em Remanso. Z\u00e9 Filho&hellip; <\/p>\n","protected":false},"author":1,"featured_media":267622,"comment_status":"closed","ping_status":"closed","sticky":false,"template":"","format":"standard","meta":{"_acf_changed":false,"footnotes":""},"categories":[1],"tags":[],"class_list":["post-267620","post","type-post","status-publish","format-standard","has-post-thumbnail","hentry","category-politica"],"acf":[],"yoast_head":"<!-- This site is optimized with the Yoast SEO plugin v27.4 - https:\/\/yoast.com\/product\/yoast-seo-wordpress\/ -->\n<title>Profissionais da imprensa foram agredidas em conven\u00e7\u00e3o partid\u00e1ria do prefeito de Remanso, Z\u00e9 Filho: Veja o v\u00eddeo - Blog do Farn\u00e9sio<\/title>\n<meta name=\"robots\" content=\"index, follow, max-snippet:-1, max-image-preview:large, max-video-preview:-1\" \/>\n<link rel=\"canonical\" href=\"https:\/\/blogdofarnesio.com.br\/?p=267620\" \/>\n<meta property=\"og:locale\" content=\"pt_BR\" \/>\n<meta property=\"og:type\" content=\"article\" \/>\n<meta property=\"og:title\" content=\"Profissionais da imprensa foram agredidas em conven\u00e7\u00e3o partid\u00e1ria do prefeito de Remanso, Z\u00e9 Filho: Veja o v\u00eddeo - Blog do Farn\u00e9sio\" \/>\n<meta property=\"og:description\" content=\"Lidiane Lopes da Silva e Carolina de Ara\u00fajo Barbosa, profissionais da imprensa, trabalhando em Remanso, norte da Bahia, cidade a 719 quil\u00f4metros de Salvador, em um v\u00eddeo postado em suas redes sociais denunciam agress\u00f5es sofridas durante a realiza\u00e7\u00e3o da Conven\u00e7\u00e3o partid\u00e1ria de Z\u00e9 Filho (PSD), atual prefeito e candidato \u00e0 reelei\u00e7\u00e3o na cidade. O prefeito, que chegou \u00e0 Conven\u00e7\u00e3o cercado de seguran\u00e7as, determinou a inquisi\u00e7\u00e3o das profissionais que s\u00f3 estavam no local para registrar o evento. Elas foram empurradas e ofendidas al\u00e9m de tratadas de forma discriminat\u00f3ria e ofensiva pelos prepostos de Z\u00e9 Filho. As v\u00edtimas postaram um v\u00eddeo em suas redes sociais: \u201cGravamos este v\u00eddeo para compartilhar com voc\u00eas uma situa\u00e7\u00e3o desagrad\u00e1vel que vivemos aqui em Remanso. Z\u00e9 Filho&hellip;\" \/>\n<meta property=\"og:url\" content=\"https:\/\/blogdofarnesio.com.br\/?p=267620\" \/>\n<meta property=\"og:site_name\" content=\"Blog do Farn\u00e9sio\" \/>\n<meta property=\"article:publisher\" content=\"https:\/\/www.facebook.com\/BlogQuerSaberPolitica\/\" \/>\n<meta property=\"article:published_time\" content=\"2020-09-18T11:02:21+00:00\" \/>\n<meta property=\"og:image\" content=\"https:\/\/blogdofarnesio.com.br\/wp-content\/uploads\/2020\/09\/O-assediador-foi-indetificado-e-denunciado.jpg.jpeg\" \/>\n\t<meta property=\"og:image:width\" content=\"640\" \/>\n\t<meta property=\"og:image:height\" content=\"360\" \/>\n\t<meta property=\"og:image:type\" content=\"image\/jpeg\" \/>\n<meta name=\"author\" content=\"Farn\u00e9sio\" \/>\n<meta name=\"twitter:card\" content=\"summary_large_image\" \/>\n<meta name=\"twitter:label1\" content=\"Escrito por\" \/>\n\t<meta name=\"twitter:data1\" content=\"Farn\u00e9sio\" \/>\n\t<meta name=\"twitter:label2\" content=\"Est. tempo de leitura\" \/>\n\t<meta name=\"twitter:data2\" content=\"2 minutos\" \/>\n<script type=\"application\/ld+json\" class=\"yoast-schema-graph\">{\"@context\":\"https:\\\/\\\/schema.org\",\"@graph\":[{\"@type\":\"Article\",\"@id\":\"https:\\\/\\\/blogdofarnesio.com.br\\\/?p=267620#article\",\"isPartOf\":{\"@id\":\"https:\\\/\\\/blogdofarnesio.com.br\\\/?p=267620\"},\"author\":{\"name\":\"Farn\u00e9sio\",\"@id\":\"https:\\\/\\\/blogdofarnesio.com.br\\\/#\\\/schema\\\/person\\\/301c4acf522bccbfdb45af95b5b906a1\"},\"headline\":\"Profissionais da imprensa foram agredidas em conven\u00e7\u00e3o partid\u00e1ria do prefeito de Remanso, Z\u00e9 Filho: Veja o v\u00eddeo\",\"datePublished\":\"2020-09-18T11:02:21+00:00\",\"mainEntityOfPage\":{\"@id\":\"https:\\\/\\\/blogdofarnesio.com.br\\\/?p=267620\"},\"wordCount\":400,\"publisher\":{\"@id\":\"https:\\\/\\\/blogdofarnesio.com.br\\\/#organization\"},\"image\":{\"@id\":\"https:\\\/\\\/blogdofarnesio.com.br\\\/?p=267620#primaryimage\"},\"thumbnailUrl\":\"https:\\\/\\\/blogdofarnesio.com.br\\\/wp-content\\\/uploads\\\/2020\\\/09\\\/O-assediador-foi-indetificado-e-denunciado.jpg.jpeg\",\"articleSection\":[\"Pol\u00edtica\"],\"inLanguage\":\"pt-BR\"},{\"@type\":\"WebPage\",\"@id\":\"https:\\\/\\\/blogdofarnesio.com.br\\\/?p=267620\",\"url\":\"https:\\\/\\\/blogdofarnesio.com.br\\\/?p=267620\",\"name\":\"Profissionais da imprensa foram agredidas em conven\u00e7\u00e3o partid\u00e1ria do prefeito de Remanso, Z\u00e9 Filho: Veja o v\u00eddeo - Blog do Farn\u00e9sio\",\"isPartOf\":{\"@id\":\"https:\\\/\\\/blogdofarnesio.com.br\\\/#website\"},\"primaryImageOfPage\":{\"@id\":\"https:\\\/\\\/blogdofarnesio.com.br\\\/?p=267620#primaryimage\"},\"image\":{\"@id\":\"https:\\\/\\\/blogdofarnesio.com.br\\\/?p=267620#primaryimage\"},\"thumbnailUrl\":\"https:\\\/\\\/blogdofarnesio.com.br\\\/wp-content\\\/uploads\\\/2020\\\/09\\\/O-assediador-foi-indetificado-e-denunciado.jpg.jpeg\",\"datePublished\":\"2020-09-18T11:02:21+00:00\",\"breadcrumb\":{\"@id\":\"https:\\\/\\\/blogdofarnesio.com.br\\\/?p=267620#breadcrumb\"},\"inLanguage\":\"pt-BR\",\"potentialAction\":[{\"@type\":\"ReadAction\",\"target\":[\"https:\\\/\\\/blogdofarnesio.com.br\\\/?p=267620\"]}]},{\"@type\":\"ImageObject\",\"inLanguage\":\"pt-BR\",\"@id\":\"https:\\\/\\\/blogdofarnesio.com.br\\\/?p=267620#primaryimage\",\"url\":\"https:\\\/\\\/blogdofarnesio.com.br\\\/wp-content\\\/uploads\\\/2020\\\/09\\\/O-assediador-foi-indetificado-e-denunciado.jpg.jpeg\",\"contentUrl\":\"https:\\\/\\\/blogdofarnesio.com.br\\\/wp-content\\\/uploads\\\/2020\\\/09\\\/O-assediador-foi-indetificado-e-denunciado.jpg.jpeg\",\"width\":640,\"height\":360,\"caption\":\"O agressor\"},{\"@type\":\"BreadcrumbList\",\"@id\":\"https:\\\/\\\/blogdofarnesio.com.br\\\/?p=267620#breadcrumb\",\"itemListElement\":[{\"@type\":\"ListItem\",\"position\":1,\"name\":\"In\u00edcio\",\"item\":\"https:\\\/\\\/blogdofarnesio.com.br\\\/\"},{\"@type\":\"ListItem\",\"position\":2,\"name\":\"Profissionais da imprensa foram agredidas em conven\u00e7\u00e3o partid\u00e1ria do prefeito de Remanso, Z\u00e9 Filho: Veja o v\u00eddeo\"}]},{\"@type\":\"WebSite\",\"@id\":\"https:\\\/\\\/blogdofarnesio.com.br\\\/#website\",\"url\":\"https:\\\/\\\/blogdofarnesio.com.br\\\/\",\"name\":\"Blog do Farn\u00e9sio\",\"description\":\"Quer Saber Pol\u00edtica?\",\"publisher\":{\"@id\":\"https:\\\/\\\/blogdofarnesio.com.br\\\/#organization\"},\"potentialAction\":[{\"@type\":\"SearchAction\",\"target\":{\"@type\":\"EntryPoint\",\"urlTemplate\":\"https:\\\/\\\/blogdofarnesio.com.br\\\/?s={search_term_string}\"},\"query-input\":{\"@type\":\"PropertyValueSpecification\",\"valueRequired\":true,\"valueName\":\"search_term_string\"}}],\"inLanguage\":\"pt-BR\"},{\"@type\":\"Organization\",\"@id\":\"https:\\\/\\\/blogdofarnesio.com.br\\\/#organization\",\"name\":\"Blog do Farn\u00e9sio\",\"url\":\"https:\\\/\\\/blogdofarnesio.com.br\\\/\",\"logo\":{\"@type\":\"ImageObject\",\"inLanguage\":\"pt-BR\",\"@id\":\"https:\\\/\\\/blogdofarnesio.com.br\\\/#\\\/schema\\\/logo\\\/image\\\/\",\"url\":\"https:\\\/\\\/blogdofarnesio.com.br\\\/wp-content\\\/uploads\\\/2026\\\/03\\\/cropped-logo_new-1.png\",\"contentUrl\":\"https:\\\/\\\/blogdofarnesio.com.br\\\/wp-content\\\/uploads\\\/2026\\\/03\\\/cropped-logo_new-1.png\",\"width\":881,\"height\":685,\"caption\":\"Blog do Farn\u00e9sio\"},\"image\":{\"@id\":\"https:\\\/\\\/blogdofarnesio.com.br\\\/#\\\/schema\\\/logo\\\/image\\\/\"},\"sameAs\":[\"https:\\\/\\\/www.facebook.com\\\/BlogQuerSaberPolitica\\\/\"]},{\"@type\":\"Person\",\"@id\":\"https:\\\/\\\/blogdofarnesio.com.br\\\/#\\\/schema\\\/person\\\/301c4acf522bccbfdb45af95b5b906a1\",\"name\":\"Farn\u00e9sio\",\"image\":{\"@type\":\"ImageObject\",\"inLanguage\":\"pt-BR\",\"@id\":\"https:\\\/\\\/secure.gravatar.com\\\/avatar\\\/df0c9a14567c056f8ad6876ba5bbd1e3e2c48023eb6807342fc4663adf549f38?s=96&d=mm&r=g\",\"url\":\"https:\\\/\\\/secure.gravatar.com\\\/avatar\\\/df0c9a14567c056f8ad6876ba5bbd1e3e2c48023eb6807342fc4663adf549f38?s=96&d=mm&r=g\",\"contentUrl\":\"https:\\\/\\\/secure.gravatar.com\\\/avatar\\\/df0c9a14567c056f8ad6876ba5bbd1e3e2c48023eb6807342fc4663adf549f38?s=96&d=mm&r=g\",\"caption\":\"Farn\u00e9sio\"},\"sameAs\":[\"https:\\\/\\\/quersaberpolitica.com.br\"],\"url\":\"https:\\\/\\\/blogdofarnesio.com.br\\\/?author=1\"}]}<\/script>\n<!-- \/ Yoast SEO plugin. -->","yoast_head_json":{"title":"Profissionais da imprensa foram agredidas em conven\u00e7\u00e3o partid\u00e1ria do prefeito de Remanso, Z\u00e9 Filho: Veja o v\u00eddeo - Blog do Farn\u00e9sio","robots":{"index":"index","follow":"follow","max-snippet":"max-snippet:-1","max-image-preview":"max-image-preview:large","max-video-preview":"max-video-preview:-1"},"canonical":"https:\/\/blogdofarnesio.com.br\/?p=267620","og_locale":"pt_BR","og_type":"article","og_title":"Profissionais da imprensa foram agredidas em conven\u00e7\u00e3o partid\u00e1ria do prefeito de Remanso, Z\u00e9 Filho: Veja o v\u00eddeo - Blog do Farn\u00e9sio","og_description":"Lidiane Lopes da Silva e Carolina de Ara\u00fajo Barbosa, profissionais da imprensa, trabalhando em Remanso, norte da Bahia, cidade a 719 quil\u00f4metros de Salvador, em um v\u00eddeo postado em suas redes sociais denunciam agress\u00f5es sofridas durante a realiza\u00e7\u00e3o da Conven\u00e7\u00e3o partid\u00e1ria de Z\u00e9 Filho (PSD), atual prefeito e candidato \u00e0 reelei\u00e7\u00e3o na cidade. O prefeito, que chegou \u00e0 Conven\u00e7\u00e3o cercado de seguran\u00e7as, determinou a inquisi\u00e7\u00e3o das profissionais que s\u00f3 estavam no local para registrar o evento. Elas foram empurradas e ofendidas al\u00e9m de tratadas de forma discriminat\u00f3ria e ofensiva pelos prepostos de Z\u00e9 Filho. As v\u00edtimas postaram um v\u00eddeo em suas redes sociais: \u201cGravamos este v\u00eddeo para compartilhar com voc\u00eas uma situa\u00e7\u00e3o desagrad\u00e1vel que vivemos aqui em Remanso. Z\u00e9 Filho&hellip;","og_url":"https:\/\/blogdofarnesio.com.br\/?p=267620","og_site_name":"Blog do Farn\u00e9sio","article_publisher":"https:\/\/www.facebook.com\/BlogQuerSaberPolitica\/","article_published_time":"2020-09-18T11:02:21+00:00","og_image":[{"width":640,"height":360,"url":"https:\/\/blogdofarnesio.com.br\/wp-content\/uploads\/2020\/09\/O-assediador-foi-indetificado-e-denunciado.jpg.jpeg","type":"image\/jpeg"}],"author":"Farn\u00e9sio","twitter_card":"summary_large_image","twitter_misc":{"Escrito por":"Farn\u00e9sio","Est. tempo de leitura":"2 minutos"},"schema":{"@context":"https:\/\/schema.org","@graph":[{"@type":"Article","@id":"https:\/\/blogdofarnesio.com.br\/?p=267620#article","isPartOf":{"@id":"https:\/\/blogdofarnesio.com.br\/?p=267620"},"author":{"name":"Farn\u00e9sio","@id":"https:\/\/blogdofarnesio.com.br\/#\/schema\/person\/301c4acf522bccbfdb45af95b5b906a1"},"headline":"Profissionais da imprensa foram agredidas em conven\u00e7\u00e3o partid\u00e1ria do prefeito de Remanso, Z\u00e9 Filho: Veja o v\u00eddeo","datePublished":"2020-09-18T11:02:21+00:00","mainEntityOfPage":{"@id":"https:\/\/blogdofarnesio.com.br\/?p=267620"},"wordCount":400,"publisher":{"@id":"https:\/\/blogdofarnesio.com.br\/#organization"},"image":{"@id":"https:\/\/blogdofarnesio.com.br\/?p=267620#primaryimage"},"thumbnailUrl":"https:\/\/blogdofarnesio.com.br\/wp-content\/uploads\/2020\/09\/O-assediador-foi-indetificado-e-denunciado.jpg.jpeg","articleSection":["Pol\u00edtica"],"inLanguage":"pt-BR"},{"@type":"WebPage","@id":"https:\/\/blogdofarnesio.com.br\/?p=267620","url":"https:\/\/blogdofarnesio.com.br\/?p=267620","name":"Profissionais da imprensa foram agredidas em conven\u00e7\u00e3o partid\u00e1ria do prefeito de Remanso, Z\u00e9 Filho: Veja o v\u00eddeo - Blog do Farn\u00e9sio","isPartOf":{"@id":"https:\/\/blogdofarnesio.com.br\/#website"},"primaryImageOfPage":{"@id":"https:\/\/blogdofarnesio.com.br\/?p=267620#primaryimage"},"image":{"@id":"https:\/\/blogdofarnesio.com.br\/?p=267620#primaryimage"},"thumbnailUrl":"https:\/\/blogdofarnesio.com.br\/wp-content\/uploads\/2020\/09\/O-assediador-foi-indetificado-e-denunciado.jpg.jpeg","datePublished":"2020-09-18T11:02:21+00:00","breadcrumb":{"@id":"https:\/\/blogdofarnesio.com.br\/?p=267620#breadcrumb"},"inLanguage":"pt-BR","potentialAction":[{"@type":"ReadAction","target":["https:\/\/blogdofarnesio.com.br\/?p=267620"]}]},{"@type":"ImageObject","inLanguage":"pt-BR","@id":"https:\/\/blogdofarnesio.com.br\/?p=267620#primaryimage","url":"https:\/\/blogdofarnesio.com.br\/wp-content\/uploads\/2020\/09\/O-assediador-foi-indetificado-e-denunciado.jpg.jpeg","contentUrl":"https:\/\/blogdofarnesio.com.br\/wp-content\/uploads\/2020\/09\/O-assediador-foi-indetificado-e-denunciado.jpg.jpeg","width":640,"height":360,"caption":"O agressor"},{"@type":"BreadcrumbList","@id":"https:\/\/blogdofarnesio.com.br\/?p=267620#breadcrumb","itemListElement":[{"@type":"ListItem","position":1,"name":"In\u00edcio","item":"https:\/\/blogdofarnesio.com.br\/"},{"@type":"ListItem","position":2,"name":"Profissionais da imprensa foram agredidas em conven\u00e7\u00e3o partid\u00e1ria do prefeito de Remanso, Z\u00e9 Filho: Veja o v\u00eddeo"}]},{"@type":"WebSite","@id":"https:\/\/blogdofarnesio.com.br\/#website","url":"https:\/\/blogdofarnesio.com.br\/","name":"Blog do Farn\u00e9sio","description":"Quer Saber Pol\u00edtica?","publisher":{"@id":"https:\/\/blogdofarnesio.com.br\/#organization"},"potentialAction":[{"@type":"SearchAction","target":{"@type":"EntryPoint","urlTemplate":"https:\/\/blogdofarnesio.com.br\/?s={search_term_string}"},"query-input":{"@type":"PropertyValueSpecification","valueRequired":true,"valueName":"search_term_string"}}],"inLanguage":"pt-BR"},{"@type":"Organization","@id":"https:\/\/blogdofarnesio.com.br\/#organization","name":"Blog do Farn\u00e9sio","url":"https:\/\/blogdofarnesio.com.br\/","logo":{"@type":"ImageObject","inLanguage":"pt-BR","@id":"https:\/\/blogdofarnesio.com.br\/#\/schema\/logo\/image\/","url":"https:\/\/blogdofarnesio.com.br\/wp-content\/uploads\/2026\/03\/cropped-logo_new-1.png","contentUrl":"https:\/\/blogdofarnesio.com.br\/wp-content\/uploads\/2026\/03\/cropped-logo_new-1.png","width":881,"height":685,"caption":"Blog do Farn\u00e9sio"},"image":{"@id":"https:\/\/blogdofarnesio.com.br\/#\/schema\/logo\/image\/"},"sameAs":["https:\/\/www.facebook.com\/BlogQuerSaberPolitica\/"]},{"@type":"Person","@id":"https:\/\/blogdofarnesio.com.br\/#\/schema\/person\/301c4acf522bccbfdb45af95b5b906a1","name":"Farn\u00e9sio","image":{"@type":"ImageObject","inLanguage":"pt-BR","@id":"https:\/\/secure.gravatar.com\/avatar\/df0c9a14567c056f8ad6876ba5bbd1e3e2c48023eb6807342fc4663adf549f38?s=96&d=mm&r=g","url":"https:\/\/secure.gravatar.com\/avatar\/df0c9a14567c056f8ad6876ba5bbd1e3e2c48023eb6807342fc4663adf549f38?s=96&d=mm&r=g","contentUrl":"https:\/\/secure.gravatar.com\/avatar\/df0c9a14567c056f8ad6876ba5bbd1e3e2c48023eb6807342fc4663adf549f38?s=96&d=mm&r=g","caption":"Farn\u00e9sio"},"sameAs":["https:\/\/quersaberpolitica.com.br"],"url":"https:\/\/blogdofarnesio.com.br\/?author=1"}]}},"_links":{"self":[{"href":"https:\/\/blogdofarnesio.com.br\/index.php?rest_route=\/wp\/v2\/posts\/267620","targetHints":{"allow":["GET"]}}],"collection":[{"href":"https:\/\/blogdofarnesio.com.br\/index.php?rest_route=\/wp\/v2\/posts"}],"about":[{"href":"https:\/\/blogdofarnesio.com.br\/index.php?rest_route=\/wp\/v2\/types\/post"}],"author":[{"embeddable":true,"href":"https:\/\/blogdofarnesio.com.br\/index.php?rest_route=\/wp\/v2\/users\/1"}],"replies":[{"embeddable":true,"href":"https:\/\/blogdofarnesio.com.br\/index.php?rest_route=%2Fwp%2Fv2%2Fcomments&post=267620"}],"version-history":[{"count":0,"href":"https:\/\/blogdofarnesio.com.br\/index.php?rest_route=\/wp\/v2\/posts\/267620\/revisions"}],"wp:featuredmedia":[{"embeddable":true,"href":"https:\/\/blogdofarnesio.com.br\/index.php?rest_route=\/wp\/v2\/media\/267622"}],"wp:attachment":[{"href":"https:\/\/blogdofarnesio.com.br\/index.php?rest_route=%2Fwp%2Fv2%2Fmedia&parent=267620"}],"wp:term":[{"taxonomy":"category","embeddable":true,"href":"https:\/\/blogdofarnesio.com.br\/index.php?rest_route=%2Fwp%2Fv2%2Fcategories&post=267620"},{"taxonomy":"post_tag","embeddable":true,"href":"https:\/\/blogdofarnesio.com.br\/index.php?rest_route=%2Fwp%2Fv2%2Ftags&post=267620"}],"curies":[{"name":"wp","href":"https:\/\/api.w.org\/{rel}","templated":true}]}}