{"id":266461,"date":"2020-09-02T16:30:56","date_gmt":"2020-09-02T19:30:56","guid":{"rendered":"http:\/\/quersaberpolitica.com.br\/2016\/?p=266461"},"modified":"2020-09-02T11:16:13","modified_gmt":"2020-09-02T14:16:13","slug":"campanha-setembro-amarelo-incentiva-valorizacao-da-vida","status":"publish","type":"post","link":"https:\/\/blogdofarnesio.com.br\/?p=266461","title":{"rendered":"Campanha \u201cSetembro Amarelo\u201d incentiva valoriza\u00e7\u00e3o da vida"},"content":{"rendered":"<div class=\"single-post-header\"><\/div>\n<div class=\"single-post-body\">\n<div class=\"single-content-wrap\">\n<div class=\"single-entry-wrap\">\n<div class=\"entry single-entry clearfix iframe-loaded\">\n<p>Celebrada mundialmente no dia 10 deste m\u00eas, a campanha \u201cSetembro Amarelo\u201d refor\u00e7a \u00e0 popula\u00e7\u00e3o a import\u00e2ncia da valoriza\u00e7\u00e3o da vida e a preven\u00e7\u00e3o contra o suic\u00eddio. De acordo com dados do Centro de Valoriza\u00e7\u00e3o \u00e0 Vida (CVV), a autodestrui\u00e7\u00e3o de jovens entre 15 a 24 anos \u00e9 a segunda maior causa de morte no pa\u00eds, perdendo apenas para os acidentes.<\/p>\n<p>Com o distanciamento social ocasionado pela pandemia do novo coronav\u00edrus, diversos problemas de sa\u00fade mental podem vir \u00e0 tona, principalmente, no p\u00f3s-pandemia. As quest\u00f5es socioecon\u00f4micas, o desemprego, o afastamento das atividades sociais, o distanciamento de entes queridos e a conviv\u00eancia em um lar abusivo s\u00e3o indicativos agravantes para o aumento do n\u00famero de casos.<\/p>\n<p>A psic\u00f3loga do Sistema Hapvida, Geane Santos, explica como o tratamento correto dos transtornos mentais pode ajudar a salvar vidas. De acordo com a especialista, esse per\u00edodo de pandemia e quarentena interferiu no estado emocional da popula\u00e7\u00e3o, por isso, \u00e9 preciso ficar atento aos sinais que podem vir a surgir a partir de agora, com a flexibiliza\u00e7\u00e3o e retorno das atividades.<\/p>\n<p>\u201cA mudan\u00e7a de comportamento \u00e9 o ponto chave para se obter uma interven\u00e7\u00e3o inicial\u201d, afirma Geane.<\/p>\n<p>O reconhecimento pr\u00e9vio de fatores de risco, como a depress\u00e3o, transtorno bipolar, abuso de subst\u00e2ncias, casos de suic\u00eddio na fam\u00edlia ou abuso sexual, e, em adolescentes a pr\u00f3pria automutila\u00e7\u00e3o, vinculado a um tratamento imediato podem proporcionar menos sofrimento ps\u00edquico para essa pessoa, evitando assim, poss\u00edveis tentativas suicidas. Segundo a psic\u00f3loga \u00e9 importante n\u00e3o desmerecer a fala de quem est\u00e1 passando por momentos dif\u00edceis.<\/p>\n<p>\u201cNem todos relatam ou manifestam fatores que sustentem a possibilidade de uma idea\u00e7\u00e3o suicida. E, por isso, \u00e9 t\u00e3o dif\u00edcil, em situa\u00e7\u00f5es que se chegam \u00e0s vias de fato, entender que um parente ou amigo estava passando por esse tipo de sofrimento\u201d, conta.<\/p>\n<p>Algumas atitudes simples de familiares e amigos podem ajudar uma pessoa que est\u00e1 com idea\u00e7\u00f5es suicidas a superar esse momento. \u201cIncentiv\u00e1-la a procurar ajuda profissional; oferecer-se para acompanhar no atendimento e percebendo que essa pessoa est\u00e1 em perigo imediato, n\u00e3o a deixar sozinha; demonstrar afeto; ajud\u00e1-la a descobrir novos talentos; encoraj\u00e1-la a falar com algu\u00e9m sobre suas dores e sentimentos s\u00e3o pequenos gestos que refor\u00e7am a import\u00e2ncia do amor e na valoriza\u00e7\u00e3o da vida\u201d, afirma a especialista.<\/p>\n<p>Geane ainda alerta sobre as poss\u00edveis melhoras. \u201cSentir-se melhor n\u00e3o indica cura. \u00c9 necess\u00e1rio realizar acompanhamento m\u00e9dico e psicol\u00f3gico para que qualquer conclus\u00e3o seja tomada\u201d, finaliza.<\/p>\n<\/div>\n<\/div>\n<\/div>\n<\/div>\n","protected":false},"excerpt":{"rendered":"<p>Celebrada mundialmente no dia 10 deste m\u00eas, a campanha \u201cSetembro Amarelo\u201d refor\u00e7a \u00e0 popula\u00e7\u00e3o a import\u00e2ncia da valoriza\u00e7\u00e3o da vida e a preven\u00e7\u00e3o contra o suic\u00eddio. De acordo com dados do Centro de Valoriza\u00e7\u00e3o \u00e0 Vida (CVV), a autodestrui\u00e7\u00e3o de jovens entre 15 a 24 anos \u00e9 a segunda maior causa de morte no pa\u00eds, perdendo apenas para os acidentes. Com o distanciamento social ocasionado pela pandemia do novo coronav\u00edrus, diversos problemas de sa\u00fade mental podem vir \u00e0 tona, principalmente, no p\u00f3s-pandemia. As quest\u00f5es socioecon\u00f4micas, o desemprego, o afastamento das atividades sociais, o distanciamento de entes queridos e a conviv\u00eancia em um lar abusivo s\u00e3o indicativos agravantes para o aumento do n\u00famero de casos. A psic\u00f3loga do Sistema Hapvida, Geane&hellip; <\/p>\n","protected":false},"author":1,"featured_media":209304,"comment_status":"closed","ping_status":"closed","sticky":false,"template":"","format":"standard","meta":{"_acf_changed":false,"footnotes":""},"categories":[4],"tags":[],"class_list":["post-266461","post","type-post","status-publish","format-standard","has-post-thumbnail","hentry","category-saude"],"acf":[],"yoast_head":"<!-- This site is optimized with the Yoast SEO plugin v27.4 - https:\/\/yoast.com\/product\/yoast-seo-wordpress\/ -->\n<title>Campanha \u201cSetembro Amarelo\u201d incentiva valoriza\u00e7\u00e3o da vida - Blog do Farn\u00e9sio<\/title>\n<meta name=\"robots\" content=\"index, follow, max-snippet:-1, max-image-preview:large, max-video-preview:-1\" \/>\n<link rel=\"canonical\" href=\"https:\/\/blogdofarnesio.com.br\/?p=266461\" \/>\n<meta property=\"og:locale\" content=\"pt_BR\" \/>\n<meta property=\"og:type\" content=\"article\" \/>\n<meta property=\"og:title\" content=\"Campanha \u201cSetembro Amarelo\u201d incentiva valoriza\u00e7\u00e3o da vida - Blog do Farn\u00e9sio\" \/>\n<meta property=\"og:description\" content=\"Celebrada mundialmente no dia 10 deste m\u00eas, a campanha \u201cSetembro Amarelo\u201d refor\u00e7a \u00e0 popula\u00e7\u00e3o a import\u00e2ncia da valoriza\u00e7\u00e3o da vida e a preven\u00e7\u00e3o contra o suic\u00eddio. De acordo com dados do Centro de Valoriza\u00e7\u00e3o \u00e0 Vida (CVV), a autodestrui\u00e7\u00e3o de jovens entre 15 a 24 anos \u00e9 a segunda maior causa de morte no pa\u00eds, perdendo apenas para os acidentes. Com o distanciamento social ocasionado pela pandemia do novo coronav\u00edrus, diversos problemas de sa\u00fade mental podem vir \u00e0 tona, principalmente, no p\u00f3s-pandemia. As quest\u00f5es socioecon\u00f4micas, o desemprego, o afastamento das atividades sociais, o distanciamento de entes queridos e a conviv\u00eancia em um lar abusivo s\u00e3o indicativos agravantes para o aumento do n\u00famero de casos. A psic\u00f3loga do Sistema Hapvida, Geane&hellip;\" \/>\n<meta property=\"og:url\" content=\"https:\/\/blogdofarnesio.com.br\/?p=266461\" \/>\n<meta property=\"og:site_name\" content=\"Blog do Farn\u00e9sio\" \/>\n<meta property=\"article:publisher\" content=\"https:\/\/www.facebook.com\/BlogQuerSaberPolitica\/\" \/>\n<meta property=\"article:published_time\" content=\"2020-09-02T19:30:56+00:00\" \/>\n<meta property=\"og:image\" content=\"https:\/\/blogdofarnesio.com.br\/wp-content\/uploads\/2018\/09\/blogqspSETEMBRO-AMARELO-e1536584082595.jpeg\" \/>\n\t<meta property=\"og:image:width\" content=\"500\" \/>\n\t<meta property=\"og:image:height\" content=\"254\" \/>\n\t<meta property=\"og:image:type\" content=\"image\/jpeg\" \/>\n<meta name=\"author\" content=\"Farn\u00e9sio\" \/>\n<meta name=\"twitter:card\" content=\"summary_large_image\" \/>\n<meta name=\"twitter:label1\" content=\"Escrito por\" \/>\n\t<meta name=\"twitter:data1\" content=\"Farn\u00e9sio\" \/>\n\t<meta name=\"twitter:label2\" content=\"Est. tempo de leitura\" \/>\n\t<meta name=\"twitter:data2\" content=\"2 minutos\" \/>\n<script type=\"application\/ld+json\" class=\"yoast-schema-graph\">{\"@context\":\"https:\\\/\\\/schema.org\",\"@graph\":[{\"@type\":\"Article\",\"@id\":\"https:\\\/\\\/blogdofarnesio.com.br\\\/?p=266461#article\",\"isPartOf\":{\"@id\":\"https:\\\/\\\/blogdofarnesio.com.br\\\/?p=266461\"},\"author\":{\"name\":\"Farn\u00e9sio\",\"@id\":\"https:\\\/\\\/blogdofarnesio.com.br\\\/#\\\/schema\\\/person\\\/301c4acf522bccbfdb45af95b5b906a1\"},\"headline\":\"Campanha \u201cSetembro Amarelo\u201d incentiva valoriza\u00e7\u00e3o da vida\",\"datePublished\":\"2020-09-02T19:30:56+00:00\",\"mainEntityOfPage\":{\"@id\":\"https:\\\/\\\/blogdofarnesio.com.br\\\/?p=266461\"},\"wordCount\":452,\"publisher\":{\"@id\":\"https:\\\/\\\/blogdofarnesio.com.br\\\/#organization\"},\"image\":{\"@id\":\"https:\\\/\\\/blogdofarnesio.com.br\\\/?p=266461#primaryimage\"},\"thumbnailUrl\":\"https:\\\/\\\/blogdofarnesio.com.br\\\/wp-content\\\/uploads\\\/2018\\\/09\\\/blogqspSETEMBRO-AMARELO-e1536584082595.jpeg\",\"articleSection\":[\"Sa\u00fade\"],\"inLanguage\":\"pt-BR\"},{\"@type\":\"WebPage\",\"@id\":\"https:\\\/\\\/blogdofarnesio.com.br\\\/?p=266461\",\"url\":\"https:\\\/\\\/blogdofarnesio.com.br\\\/?p=266461\",\"name\":\"Campanha \u201cSetembro Amarelo\u201d incentiva valoriza\u00e7\u00e3o da vida - Blog do Farn\u00e9sio\",\"isPartOf\":{\"@id\":\"https:\\\/\\\/blogdofarnesio.com.br\\\/#website\"},\"primaryImageOfPage\":{\"@id\":\"https:\\\/\\\/blogdofarnesio.com.br\\\/?p=266461#primaryimage\"},\"image\":{\"@id\":\"https:\\\/\\\/blogdofarnesio.com.br\\\/?p=266461#primaryimage\"},\"thumbnailUrl\":\"https:\\\/\\\/blogdofarnesio.com.br\\\/wp-content\\\/uploads\\\/2018\\\/09\\\/blogqspSETEMBRO-AMARELO-e1536584082595.jpeg\",\"datePublished\":\"2020-09-02T19:30:56+00:00\",\"breadcrumb\":{\"@id\":\"https:\\\/\\\/blogdofarnesio.com.br\\\/?p=266461#breadcrumb\"},\"inLanguage\":\"pt-BR\",\"potentialAction\":[{\"@type\":\"ReadAction\",\"target\":[\"https:\\\/\\\/blogdofarnesio.com.br\\\/?p=266461\"]}]},{\"@type\":\"ImageObject\",\"inLanguage\":\"pt-BR\",\"@id\":\"https:\\\/\\\/blogdofarnesio.com.br\\\/?p=266461#primaryimage\",\"url\":\"https:\\\/\\\/blogdofarnesio.com.br\\\/wp-content\\\/uploads\\\/2018\\\/09\\\/blogqspSETEMBRO-AMARELO-e1536584082595.jpeg\",\"contentUrl\":\"https:\\\/\\\/blogdofarnesio.com.br\\\/wp-content\\\/uploads\\\/2018\\\/09\\\/blogqspSETEMBRO-AMARELO-e1536584082595.jpeg\",\"width\":500,\"height\":254},{\"@type\":\"BreadcrumbList\",\"@id\":\"https:\\\/\\\/blogdofarnesio.com.br\\\/?p=266461#breadcrumb\",\"itemListElement\":[{\"@type\":\"ListItem\",\"position\":1,\"name\":\"In\u00edcio\",\"item\":\"https:\\\/\\\/blogdofarnesio.com.br\\\/\"},{\"@type\":\"ListItem\",\"position\":2,\"name\":\"Campanha \u201cSetembro Amarelo\u201d incentiva valoriza\u00e7\u00e3o da vida\"}]},{\"@type\":\"WebSite\",\"@id\":\"https:\\\/\\\/blogdofarnesio.com.br\\\/#website\",\"url\":\"https:\\\/\\\/blogdofarnesio.com.br\\\/\",\"name\":\"Blog do Farn\u00e9sio\",\"description\":\"Quer Saber Pol\u00edtica?\",\"publisher\":{\"@id\":\"https:\\\/\\\/blogdofarnesio.com.br\\\/#organization\"},\"potentialAction\":[{\"@type\":\"SearchAction\",\"target\":{\"@type\":\"EntryPoint\",\"urlTemplate\":\"https:\\\/\\\/blogdofarnesio.com.br\\\/?s={search_term_string}\"},\"query-input\":{\"@type\":\"PropertyValueSpecification\",\"valueRequired\":true,\"valueName\":\"search_term_string\"}}],\"inLanguage\":\"pt-BR\"},{\"@type\":\"Organization\",\"@id\":\"https:\\\/\\\/blogdofarnesio.com.br\\\/#organization\",\"name\":\"Blog do Farn\u00e9sio\",\"url\":\"https:\\\/\\\/blogdofarnesio.com.br\\\/\",\"logo\":{\"@type\":\"ImageObject\",\"inLanguage\":\"pt-BR\",\"@id\":\"https:\\\/\\\/blogdofarnesio.com.br\\\/#\\\/schema\\\/logo\\\/image\\\/\",\"url\":\"https:\\\/\\\/blogdofarnesio.com.br\\\/wp-content\\\/uploads\\\/2026\\\/03\\\/cropped-logo_new-1.png\",\"contentUrl\":\"https:\\\/\\\/blogdofarnesio.com.br\\\/wp-content\\\/uploads\\\/2026\\\/03\\\/cropped-logo_new-1.png\",\"width\":881,\"height\":685,\"caption\":\"Blog do Farn\u00e9sio\"},\"image\":{\"@id\":\"https:\\\/\\\/blogdofarnesio.com.br\\\/#\\\/schema\\\/logo\\\/image\\\/\"},\"sameAs\":[\"https:\\\/\\\/www.facebook.com\\\/BlogQuerSaberPolitica\\\/\"]},{\"@type\":\"Person\",\"@id\":\"https:\\\/\\\/blogdofarnesio.com.br\\\/#\\\/schema\\\/person\\\/301c4acf522bccbfdb45af95b5b906a1\",\"name\":\"Farn\u00e9sio\",\"image\":{\"@type\":\"ImageObject\",\"inLanguage\":\"pt-BR\",\"@id\":\"https:\\\/\\\/secure.gravatar.com\\\/avatar\\\/df0c9a14567c056f8ad6876ba5bbd1e3e2c48023eb6807342fc4663adf549f38?s=96&d=mm&r=g\",\"url\":\"https:\\\/\\\/secure.gravatar.com\\\/avatar\\\/df0c9a14567c056f8ad6876ba5bbd1e3e2c48023eb6807342fc4663adf549f38?s=96&d=mm&r=g\",\"contentUrl\":\"https:\\\/\\\/secure.gravatar.com\\\/avatar\\\/df0c9a14567c056f8ad6876ba5bbd1e3e2c48023eb6807342fc4663adf549f38?s=96&d=mm&r=g\",\"caption\":\"Farn\u00e9sio\"},\"sameAs\":[\"https:\\\/\\\/quersaberpolitica.com.br\"],\"url\":\"https:\\\/\\\/blogdofarnesio.com.br\\\/?author=1\"}]}<\/script>\n<!-- \/ Yoast SEO plugin. -->","yoast_head_json":{"title":"Campanha \u201cSetembro Amarelo\u201d incentiva valoriza\u00e7\u00e3o da vida - Blog do Farn\u00e9sio","robots":{"index":"index","follow":"follow","max-snippet":"max-snippet:-1","max-image-preview":"max-image-preview:large","max-video-preview":"max-video-preview:-1"},"canonical":"https:\/\/blogdofarnesio.com.br\/?p=266461","og_locale":"pt_BR","og_type":"article","og_title":"Campanha \u201cSetembro Amarelo\u201d incentiva valoriza\u00e7\u00e3o da vida - Blog do Farn\u00e9sio","og_description":"Celebrada mundialmente no dia 10 deste m\u00eas, a campanha \u201cSetembro Amarelo\u201d refor\u00e7a \u00e0 popula\u00e7\u00e3o a import\u00e2ncia da valoriza\u00e7\u00e3o da vida e a preven\u00e7\u00e3o contra o suic\u00eddio. De acordo com dados do Centro de Valoriza\u00e7\u00e3o \u00e0 Vida (CVV), a autodestrui\u00e7\u00e3o de jovens entre 15 a 24 anos \u00e9 a segunda maior causa de morte no pa\u00eds, perdendo apenas para os acidentes. Com o distanciamento social ocasionado pela pandemia do novo coronav\u00edrus, diversos problemas de sa\u00fade mental podem vir \u00e0 tona, principalmente, no p\u00f3s-pandemia. As quest\u00f5es socioecon\u00f4micas, o desemprego, o afastamento das atividades sociais, o distanciamento de entes queridos e a conviv\u00eancia em um lar abusivo s\u00e3o indicativos agravantes para o aumento do n\u00famero de casos. A psic\u00f3loga do Sistema Hapvida, Geane&hellip;","og_url":"https:\/\/blogdofarnesio.com.br\/?p=266461","og_site_name":"Blog do Farn\u00e9sio","article_publisher":"https:\/\/www.facebook.com\/BlogQuerSaberPolitica\/","article_published_time":"2020-09-02T19:30:56+00:00","og_image":[{"width":500,"height":254,"url":"https:\/\/blogdofarnesio.com.br\/wp-content\/uploads\/2018\/09\/blogqspSETEMBRO-AMARELO-e1536584082595.jpeg","type":"image\/jpeg"}],"author":"Farn\u00e9sio","twitter_card":"summary_large_image","twitter_misc":{"Escrito por":"Farn\u00e9sio","Est. tempo de leitura":"2 minutos"},"schema":{"@context":"https:\/\/schema.org","@graph":[{"@type":"Article","@id":"https:\/\/blogdofarnesio.com.br\/?p=266461#article","isPartOf":{"@id":"https:\/\/blogdofarnesio.com.br\/?p=266461"},"author":{"name":"Farn\u00e9sio","@id":"https:\/\/blogdofarnesio.com.br\/#\/schema\/person\/301c4acf522bccbfdb45af95b5b906a1"},"headline":"Campanha \u201cSetembro Amarelo\u201d incentiva valoriza\u00e7\u00e3o da vida","datePublished":"2020-09-02T19:30:56+00:00","mainEntityOfPage":{"@id":"https:\/\/blogdofarnesio.com.br\/?p=266461"},"wordCount":452,"publisher":{"@id":"https:\/\/blogdofarnesio.com.br\/#organization"},"image":{"@id":"https:\/\/blogdofarnesio.com.br\/?p=266461#primaryimage"},"thumbnailUrl":"https:\/\/blogdofarnesio.com.br\/wp-content\/uploads\/2018\/09\/blogqspSETEMBRO-AMARELO-e1536584082595.jpeg","articleSection":["Sa\u00fade"],"inLanguage":"pt-BR"},{"@type":"WebPage","@id":"https:\/\/blogdofarnesio.com.br\/?p=266461","url":"https:\/\/blogdofarnesio.com.br\/?p=266461","name":"Campanha \u201cSetembro Amarelo\u201d incentiva valoriza\u00e7\u00e3o da vida - Blog do Farn\u00e9sio","isPartOf":{"@id":"https:\/\/blogdofarnesio.com.br\/#website"},"primaryImageOfPage":{"@id":"https:\/\/blogdofarnesio.com.br\/?p=266461#primaryimage"},"image":{"@id":"https:\/\/blogdofarnesio.com.br\/?p=266461#primaryimage"},"thumbnailUrl":"https:\/\/blogdofarnesio.com.br\/wp-content\/uploads\/2018\/09\/blogqspSETEMBRO-AMARELO-e1536584082595.jpeg","datePublished":"2020-09-02T19:30:56+00:00","breadcrumb":{"@id":"https:\/\/blogdofarnesio.com.br\/?p=266461#breadcrumb"},"inLanguage":"pt-BR","potentialAction":[{"@type":"ReadAction","target":["https:\/\/blogdofarnesio.com.br\/?p=266461"]}]},{"@type":"ImageObject","inLanguage":"pt-BR","@id":"https:\/\/blogdofarnesio.com.br\/?p=266461#primaryimage","url":"https:\/\/blogdofarnesio.com.br\/wp-content\/uploads\/2018\/09\/blogqspSETEMBRO-AMARELO-e1536584082595.jpeg","contentUrl":"https:\/\/blogdofarnesio.com.br\/wp-content\/uploads\/2018\/09\/blogqspSETEMBRO-AMARELO-e1536584082595.jpeg","width":500,"height":254},{"@type":"BreadcrumbList","@id":"https:\/\/blogdofarnesio.com.br\/?p=266461#breadcrumb","itemListElement":[{"@type":"ListItem","position":1,"name":"In\u00edcio","item":"https:\/\/blogdofarnesio.com.br\/"},{"@type":"ListItem","position":2,"name":"Campanha \u201cSetembro Amarelo\u201d incentiva valoriza\u00e7\u00e3o da vida"}]},{"@type":"WebSite","@id":"https:\/\/blogdofarnesio.com.br\/#website","url":"https:\/\/blogdofarnesio.com.br\/","name":"Blog do Farn\u00e9sio","description":"Quer Saber Pol\u00edtica?","publisher":{"@id":"https:\/\/blogdofarnesio.com.br\/#organization"},"potentialAction":[{"@type":"SearchAction","target":{"@type":"EntryPoint","urlTemplate":"https:\/\/blogdofarnesio.com.br\/?s={search_term_string}"},"query-input":{"@type":"PropertyValueSpecification","valueRequired":true,"valueName":"search_term_string"}}],"inLanguage":"pt-BR"},{"@type":"Organization","@id":"https:\/\/blogdofarnesio.com.br\/#organization","name":"Blog do Farn\u00e9sio","url":"https:\/\/blogdofarnesio.com.br\/","logo":{"@type":"ImageObject","inLanguage":"pt-BR","@id":"https:\/\/blogdofarnesio.com.br\/#\/schema\/logo\/image\/","url":"https:\/\/blogdofarnesio.com.br\/wp-content\/uploads\/2026\/03\/cropped-logo_new-1.png","contentUrl":"https:\/\/blogdofarnesio.com.br\/wp-content\/uploads\/2026\/03\/cropped-logo_new-1.png","width":881,"height":685,"caption":"Blog do Farn\u00e9sio"},"image":{"@id":"https:\/\/blogdofarnesio.com.br\/#\/schema\/logo\/image\/"},"sameAs":["https:\/\/www.facebook.com\/BlogQuerSaberPolitica\/"]},{"@type":"Person","@id":"https:\/\/blogdofarnesio.com.br\/#\/schema\/person\/301c4acf522bccbfdb45af95b5b906a1","name":"Farn\u00e9sio","image":{"@type":"ImageObject","inLanguage":"pt-BR","@id":"https:\/\/secure.gravatar.com\/avatar\/df0c9a14567c056f8ad6876ba5bbd1e3e2c48023eb6807342fc4663adf549f38?s=96&d=mm&r=g","url":"https:\/\/secure.gravatar.com\/avatar\/df0c9a14567c056f8ad6876ba5bbd1e3e2c48023eb6807342fc4663adf549f38?s=96&d=mm&r=g","contentUrl":"https:\/\/secure.gravatar.com\/avatar\/df0c9a14567c056f8ad6876ba5bbd1e3e2c48023eb6807342fc4663adf549f38?s=96&d=mm&r=g","caption":"Farn\u00e9sio"},"sameAs":["https:\/\/quersaberpolitica.com.br"],"url":"https:\/\/blogdofarnesio.com.br\/?author=1"}]}},"_links":{"self":[{"href":"https:\/\/blogdofarnesio.com.br\/index.php?rest_route=\/wp\/v2\/posts\/266461","targetHints":{"allow":["GET"]}}],"collection":[{"href":"https:\/\/blogdofarnesio.com.br\/index.php?rest_route=\/wp\/v2\/posts"}],"about":[{"href":"https:\/\/blogdofarnesio.com.br\/index.php?rest_route=\/wp\/v2\/types\/post"}],"author":[{"embeddable":true,"href":"https:\/\/blogdofarnesio.com.br\/index.php?rest_route=\/wp\/v2\/users\/1"}],"replies":[{"embeddable":true,"href":"https:\/\/blogdofarnesio.com.br\/index.php?rest_route=%2Fwp%2Fv2%2Fcomments&post=266461"}],"version-history":[{"count":0,"href":"https:\/\/blogdofarnesio.com.br\/index.php?rest_route=\/wp\/v2\/posts\/266461\/revisions"}],"wp:featuredmedia":[{"embeddable":true,"href":"https:\/\/blogdofarnesio.com.br\/index.php?rest_route=\/wp\/v2\/media\/209304"}],"wp:attachment":[{"href":"https:\/\/blogdofarnesio.com.br\/index.php?rest_route=%2Fwp%2Fv2%2Fmedia&parent=266461"}],"wp:term":[{"taxonomy":"category","embeddable":true,"href":"https:\/\/blogdofarnesio.com.br\/index.php?rest_route=%2Fwp%2Fv2%2Fcategories&post=266461"},{"taxonomy":"post_tag","embeddable":true,"href":"https:\/\/blogdofarnesio.com.br\/index.php?rest_route=%2Fwp%2Fv2%2Ftags&post=266461"}],"curies":[{"name":"wp","href":"https:\/\/api.w.org\/{rel}","templated":true}]}}