{"id":266437,"date":"2020-09-02T17:30:32","date_gmt":"2020-09-02T20:30:32","guid":{"rendered":"http:\/\/quersaberpolitica.com.br\/2016\/?p=266437"},"modified":"2020-09-02T13:55:53","modified_gmt":"2020-09-02T16:55:53","slug":"partido-verde-solicita-informacoes-ao-tcu-sobre-aquisicao-de-microssatelite-pela-defesa","status":"publish","type":"post","link":"https:\/\/blogdofarnesio.com.br\/?p=266437","title":{"rendered":"Partido Verde solicita informa\u00e7\u00f5es ao TCU sobre aquisi\u00e7\u00e3o de microssat\u00e9lite pela Defesa"},"content":{"rendered":"<div class=\"Ah oj\">\n<div class=\"rj\"><strong>\u00a0<\/strong><\/div>\n<\/div>\n<div class=\"Ph\" data-onclick=\"w\">\n<div id=\"cvcmsg_1744b82da9d8efd0\" class=\"yh\">\n<div id=\"cvcfullmsg_1744b82da9d8efd0\" class=\"Vh\">\n<div id=\"cvcmsgbod_1744b82da9d8efd0\" class=\"aj\">\n<div class=\"Ni\">\n<div class=\"ni pi \" dir=\"ltr\">\n<div><em>Valor da compra de equipamento e falta de licita\u00e7\u00f5es motivaram solicita\u00e7\u00e3o de informa\u00e7\u00f5es via C\u00e2mara dos Deputados, pela bancada federal\u00a0<\/em><\/div>\n<div><\/div>\n<div>O Partido Verde, por meio da atua\u00e7\u00e3o de seus deputados federais, submeteu nesta ter\u00e7a-feira (1) ao Tribunal de Contas da Uni\u00e3o, solicita\u00e7\u00e3o de informa\u00e7\u00f5es acerca da aquisi\u00e7\u00e3o de microssat\u00e9lite para monitoramento da Amaz\u00f4nia pelo Minist\u00e9rio da Defesa. A compra, no valor de R$ 145 milh\u00f5es, ser\u00e1 realizada por meio de recursos recuperados pela Opera\u00e7\u00e3o Lava-Jato e sem realiza\u00e7\u00e3o de processo licitat\u00f3rio.<\/div>\n<div><\/div>\n<div>Na \u00faltima semana, a bancada j\u00e1 havia protocolado of\u00edcio ao presidente do TCU, ministro Jos\u00e9 M\u00facio Monteiro. Na ocasi\u00e3o, a bancada questionou o empenho do montante provenientes dos valores recuperados pela Opera\u00e7\u00e3o Lava Jato. Segundo o documento, \u201c\u00e9 inadmiss\u00edvel que se diminua o tamanho e a import\u00e2ncia do INPE, cujo trabalho \u00e9 respeitado no mundo inteiro, gastando recursos t\u00e3o vultosos, em plena pandemia, para se fazer uma aquisi\u00e7\u00e3o para uma outra ag\u00eancia governamental, sem licita\u00e7\u00e3o, cujos resultados, em nada agregar\u00e1, efetivamente, a melhoria do controle, monitoramento e fiscaliza\u00e7\u00e3o da Amaz\u00f4nia\u201d.<\/div>\n<div><\/div>\n<div>O valor destinado \u00e0 aquisi\u00e7\u00e3o do equipamento representa quase o dobro do or\u00e7amento do Instituto Nacional de Pesquisas Espaciais \u2013 INPE. An\u00e1lises or\u00e7ament\u00e1rias apontam o sufocamento de todos os \u00f3rg\u00e3os relativos ao tema \u2013 como Instituto Brasileiro de Meio Ambiente e Recursos Naturais Renov\u00e1veis (Ibama) e Instituto Chico Mendes para Conserva\u00e7\u00e3o da biodiversidade (IcmBio).<\/div>\n<div><\/div>\n<div>No documento, o Partido Verde questiona a necessidade desta aquisi\u00e7\u00e3o, o valor da tecnologia, bem como a aus\u00eancia de processo e licita\u00e7\u00e3o para a compra do sat\u00e9lite. O Minist\u00e9rio da Defesa, por meio do Conselho da Amaz\u00f4nia, recebeu 84% dos recursos recuperados pela Opera\u00e7\u00e3o Lava-Jato, que resgatou divisas no montante superior a R$ 4 bilh\u00f5es de reais.<\/div>\n<div><\/div>\n<div>Vale ressaltar ainda que o INPE, atua desde 1988 no monitoramento especiais sendo, inclusive, refer\u00eancia em todo o mundo. O \u00f3rg\u00e3o teve um corte anunciado de 33% no or\u00e7amento previsto para 2021.<\/div>\n<div><\/div>\n<div>A Solicita\u00e7\u00e3o de Informa\u00e7\u00f5es aos Tribunais \u00e9 prevista na Constitui\u00e7\u00e3o Federal, como parte da fiscaliza\u00e7\u00e3o cont\u00e1bil, financeira e or\u00e7ament\u00e1ria de prerrogativa dos parlamentares. Segundo Regimento Interno da C\u00e2mara dos Deputados, ap\u00f3s aprova\u00e7\u00e3o da solicita\u00e7\u00e3o, a submiss\u00e3o \u00e9 realizada pela Presid\u00eancia da Mesa Diretora ao \u00f3rg\u00e3o destinat\u00e1rio. Assinam a solicita\u00e7\u00e3o os deputados C\u00e9lio Studart (PV\/CE), Enrico Misasi (PV\/SP), Israel Batista (PV\/DF) e Leandre (PV\/PR).<\/div>\n<\/div>\n<\/div>\n<\/div>\n<\/div>\n<\/div>\n<\/div>\n","protected":false},"excerpt":{"rendered":"<p>\u00a0 Valor da compra de equipamento e falta de licita\u00e7\u00f5es motivaram solicita\u00e7\u00e3o de informa\u00e7\u00f5es via C\u00e2mara dos Deputados, pela bancada federal\u00a0 O Partido Verde, por meio da atua\u00e7\u00e3o de seus deputados federais, submeteu nesta ter\u00e7a-feira (1) ao Tribunal de Contas da Uni\u00e3o, solicita\u00e7\u00e3o de informa\u00e7\u00f5es acerca da aquisi\u00e7\u00e3o de microssat\u00e9lite para monitoramento da Amaz\u00f4nia pelo Minist\u00e9rio da Defesa. A compra, no valor de R$ 145 milh\u00f5es, ser\u00e1 realizada por meio de recursos recuperados pela Opera\u00e7\u00e3o Lava-Jato e sem realiza\u00e7\u00e3o de processo licitat\u00f3rio. Na \u00faltima semana, a bancada j\u00e1 havia protocolado of\u00edcio ao presidente do TCU, ministro Jos\u00e9 M\u00facio Monteiro. Na ocasi\u00e3o, a bancada questionou o empenho do montante provenientes dos valores recuperados pela Opera\u00e7\u00e3o Lava Jato. Segundo o documento, \u201c\u00e9&hellip; <\/p>\n","protected":false},"author":1,"featured_media":153158,"comment_status":"closed","ping_status":"closed","sticky":false,"template":"","format":"standard","meta":{"_acf_changed":false,"footnotes":""},"categories":[5],"tags":[],"class_list":["post-266437","post","type-post","status-publish","format-standard","has-post-thumbnail","hentry","category-seguranca"],"acf":[],"yoast_head":"<!-- This site is optimized with the Yoast SEO plugin v27.4 - https:\/\/yoast.com\/product\/yoast-seo-wordpress\/ -->\n<title>Partido Verde solicita informa\u00e7\u00f5es ao TCU sobre aquisi\u00e7\u00e3o de microssat\u00e9lite pela Defesa - Blog do Farn\u00e9sio<\/title>\n<meta name=\"robots\" content=\"index, follow, max-snippet:-1, max-image-preview:large, max-video-preview:-1\" \/>\n<link rel=\"canonical\" href=\"https:\/\/blogdofarnesio.com.br\/?p=266437\" \/>\n<meta property=\"og:locale\" content=\"pt_BR\" \/>\n<meta property=\"og:type\" content=\"article\" \/>\n<meta property=\"og:title\" content=\"Partido Verde solicita informa\u00e7\u00f5es ao TCU sobre aquisi\u00e7\u00e3o de microssat\u00e9lite pela Defesa - Blog do Farn\u00e9sio\" \/>\n<meta property=\"og:description\" content=\"\u00a0 Valor da compra de equipamento e falta de licita\u00e7\u00f5es motivaram solicita\u00e7\u00e3o de informa\u00e7\u00f5es via C\u00e2mara dos Deputados, pela bancada federal\u00a0 O Partido Verde, por meio da atua\u00e7\u00e3o de seus deputados federais, submeteu nesta ter\u00e7a-feira (1) ao Tribunal de Contas da Uni\u00e3o, solicita\u00e7\u00e3o de informa\u00e7\u00f5es acerca da aquisi\u00e7\u00e3o de microssat\u00e9lite para monitoramento da Amaz\u00f4nia pelo Minist\u00e9rio da Defesa. A compra, no valor de R$ 145 milh\u00f5es, ser\u00e1 realizada por meio de recursos recuperados pela Opera\u00e7\u00e3o Lava-Jato e sem realiza\u00e7\u00e3o de processo licitat\u00f3rio. Na \u00faltima semana, a bancada j\u00e1 havia protocolado of\u00edcio ao presidente do TCU, ministro Jos\u00e9 M\u00facio Monteiro. Na ocasi\u00e3o, a bancada questionou o empenho do montante provenientes dos valores recuperados pela Opera\u00e7\u00e3o Lava Jato. Segundo o documento, \u201c\u00e9&hellip;\" \/>\n<meta property=\"og:url\" content=\"https:\/\/blogdofarnesio.com.br\/?p=266437\" \/>\n<meta property=\"og:site_name\" content=\"Blog do Farn\u00e9sio\" \/>\n<meta property=\"article:publisher\" content=\"https:\/\/www.facebook.com\/BlogQuerSaberPolitica\/\" \/>\n<meta property=\"article:published_time\" content=\"2020-09-02T20:30:32+00:00\" \/>\n<meta property=\"og:image\" content=\"https:\/\/blogdofarnesio.com.br\/wp-content\/uploads\/2017\/01\/blogqspsatelite-blog-da-engenharia-1-e1483792238525.jpg\" \/>\n\t<meta property=\"og:image:width\" content=\"600\" \/>\n\t<meta property=\"og:image:height\" content=\"338\" \/>\n\t<meta property=\"og:image:type\" content=\"image\/jpeg\" \/>\n<meta name=\"author\" content=\"Farn\u00e9sio\" \/>\n<meta name=\"twitter:card\" content=\"summary_large_image\" \/>\n<meta name=\"twitter:label1\" content=\"Escrito por\" \/>\n\t<meta name=\"twitter:data1\" content=\"Farn\u00e9sio\" \/>\n\t<meta name=\"twitter:label2\" content=\"Est. tempo de leitura\" \/>\n\t<meta name=\"twitter:data2\" content=\"2 minutos\" \/>\n<script type=\"application\/ld+json\" class=\"yoast-schema-graph\">{\"@context\":\"https:\\\/\\\/schema.org\",\"@graph\":[{\"@type\":\"Article\",\"@id\":\"https:\\\/\\\/blogdofarnesio.com.br\\\/?p=266437#article\",\"isPartOf\":{\"@id\":\"https:\\\/\\\/blogdofarnesio.com.br\\\/?p=266437\"},\"author\":{\"name\":\"Farn\u00e9sio\",\"@id\":\"https:\\\/\\\/blogdofarnesio.com.br\\\/#\\\/schema\\\/person\\\/301c4acf522bccbfdb45af95b5b906a1\"},\"headline\":\"Partido Verde solicita informa\u00e7\u00f5es ao TCU sobre aquisi\u00e7\u00e3o de microssat\u00e9lite pela Defesa\",\"datePublished\":\"2020-09-02T20:30:32+00:00\",\"mainEntityOfPage\":{\"@id\":\"https:\\\/\\\/blogdofarnesio.com.br\\\/?p=266437\"},\"wordCount\":447,\"publisher\":{\"@id\":\"https:\\\/\\\/blogdofarnesio.com.br\\\/#organization\"},\"image\":{\"@id\":\"https:\\\/\\\/blogdofarnesio.com.br\\\/?p=266437#primaryimage\"},\"thumbnailUrl\":\"https:\\\/\\\/blogdofarnesio.com.br\\\/wp-content\\\/uploads\\\/2017\\\/01\\\/blogqspsatelite-blog-da-engenharia-1-e1483792238525.jpg\",\"articleSection\":[\"Seguran\u00e7a\"],\"inLanguage\":\"pt-BR\"},{\"@type\":\"WebPage\",\"@id\":\"https:\\\/\\\/blogdofarnesio.com.br\\\/?p=266437\",\"url\":\"https:\\\/\\\/blogdofarnesio.com.br\\\/?p=266437\",\"name\":\"Partido Verde solicita informa\u00e7\u00f5es ao TCU sobre aquisi\u00e7\u00e3o de microssat\u00e9lite pela Defesa - Blog do Farn\u00e9sio\",\"isPartOf\":{\"@id\":\"https:\\\/\\\/blogdofarnesio.com.br\\\/#website\"},\"primaryImageOfPage\":{\"@id\":\"https:\\\/\\\/blogdofarnesio.com.br\\\/?p=266437#primaryimage\"},\"image\":{\"@id\":\"https:\\\/\\\/blogdofarnesio.com.br\\\/?p=266437#primaryimage\"},\"thumbnailUrl\":\"https:\\\/\\\/blogdofarnesio.com.br\\\/wp-content\\\/uploads\\\/2017\\\/01\\\/blogqspsatelite-blog-da-engenharia-1-e1483792238525.jpg\",\"datePublished\":\"2020-09-02T20:30:32+00:00\",\"breadcrumb\":{\"@id\":\"https:\\\/\\\/blogdofarnesio.com.br\\\/?p=266437#breadcrumb\"},\"inLanguage\":\"pt-BR\",\"potentialAction\":[{\"@type\":\"ReadAction\",\"target\":[\"https:\\\/\\\/blogdofarnesio.com.br\\\/?p=266437\"]}]},{\"@type\":\"ImageObject\",\"inLanguage\":\"pt-BR\",\"@id\":\"https:\\\/\\\/blogdofarnesio.com.br\\\/?p=266437#primaryimage\",\"url\":\"https:\\\/\\\/blogdofarnesio.com.br\\\/wp-content\\\/uploads\\\/2017\\\/01\\\/blogqspsatelite-blog-da-engenharia-1-e1483792238525.jpg\",\"contentUrl\":\"https:\\\/\\\/blogdofarnesio.com.br\\\/wp-content\\\/uploads\\\/2017\\\/01\\\/blogqspsatelite-blog-da-engenharia-1-e1483792238525.jpg\",\"width\":600,\"height\":338},{\"@type\":\"BreadcrumbList\",\"@id\":\"https:\\\/\\\/blogdofarnesio.com.br\\\/?p=266437#breadcrumb\",\"itemListElement\":[{\"@type\":\"ListItem\",\"position\":1,\"name\":\"In\u00edcio\",\"item\":\"https:\\\/\\\/blogdofarnesio.com.br\\\/\"},{\"@type\":\"ListItem\",\"position\":2,\"name\":\"Partido Verde solicita informa\u00e7\u00f5es ao TCU sobre aquisi\u00e7\u00e3o de microssat\u00e9lite pela Defesa\"}]},{\"@type\":\"WebSite\",\"@id\":\"https:\\\/\\\/blogdofarnesio.com.br\\\/#website\",\"url\":\"https:\\\/\\\/blogdofarnesio.com.br\\\/\",\"name\":\"Blog do Farn\u00e9sio\",\"description\":\"Quer Saber Pol\u00edtica?\",\"publisher\":{\"@id\":\"https:\\\/\\\/blogdofarnesio.com.br\\\/#organization\"},\"potentialAction\":[{\"@type\":\"SearchAction\",\"target\":{\"@type\":\"EntryPoint\",\"urlTemplate\":\"https:\\\/\\\/blogdofarnesio.com.br\\\/?s={search_term_string}\"},\"query-input\":{\"@type\":\"PropertyValueSpecification\",\"valueRequired\":true,\"valueName\":\"search_term_string\"}}],\"inLanguage\":\"pt-BR\"},{\"@type\":\"Organization\",\"@id\":\"https:\\\/\\\/blogdofarnesio.com.br\\\/#organization\",\"name\":\"Blog do Farn\u00e9sio\",\"url\":\"https:\\\/\\\/blogdofarnesio.com.br\\\/\",\"logo\":{\"@type\":\"ImageObject\",\"inLanguage\":\"pt-BR\",\"@id\":\"https:\\\/\\\/blogdofarnesio.com.br\\\/#\\\/schema\\\/logo\\\/image\\\/\",\"url\":\"https:\\\/\\\/blogdofarnesio.com.br\\\/wp-content\\\/uploads\\\/2026\\\/03\\\/cropped-logo_new-1.png\",\"contentUrl\":\"https:\\\/\\\/blogdofarnesio.com.br\\\/wp-content\\\/uploads\\\/2026\\\/03\\\/cropped-logo_new-1.png\",\"width\":881,\"height\":685,\"caption\":\"Blog do Farn\u00e9sio\"},\"image\":{\"@id\":\"https:\\\/\\\/blogdofarnesio.com.br\\\/#\\\/schema\\\/logo\\\/image\\\/\"},\"sameAs\":[\"https:\\\/\\\/www.facebook.com\\\/BlogQuerSaberPolitica\\\/\"]},{\"@type\":\"Person\",\"@id\":\"https:\\\/\\\/blogdofarnesio.com.br\\\/#\\\/schema\\\/person\\\/301c4acf522bccbfdb45af95b5b906a1\",\"name\":\"Farn\u00e9sio\",\"image\":{\"@type\":\"ImageObject\",\"inLanguage\":\"pt-BR\",\"@id\":\"https:\\\/\\\/secure.gravatar.com\\\/avatar\\\/df0c9a14567c056f8ad6876ba5bbd1e3e2c48023eb6807342fc4663adf549f38?s=96&d=mm&r=g\",\"url\":\"https:\\\/\\\/secure.gravatar.com\\\/avatar\\\/df0c9a14567c056f8ad6876ba5bbd1e3e2c48023eb6807342fc4663adf549f38?s=96&d=mm&r=g\",\"contentUrl\":\"https:\\\/\\\/secure.gravatar.com\\\/avatar\\\/df0c9a14567c056f8ad6876ba5bbd1e3e2c48023eb6807342fc4663adf549f38?s=96&d=mm&r=g\",\"caption\":\"Farn\u00e9sio\"},\"sameAs\":[\"https:\\\/\\\/quersaberpolitica.com.br\"],\"url\":\"https:\\\/\\\/blogdofarnesio.com.br\\\/?author=1\"}]}<\/script>\n<!-- \/ Yoast SEO plugin. -->","yoast_head_json":{"title":"Partido Verde solicita informa\u00e7\u00f5es ao TCU sobre aquisi\u00e7\u00e3o de microssat\u00e9lite pela Defesa - Blog do Farn\u00e9sio","robots":{"index":"index","follow":"follow","max-snippet":"max-snippet:-1","max-image-preview":"max-image-preview:large","max-video-preview":"max-video-preview:-1"},"canonical":"https:\/\/blogdofarnesio.com.br\/?p=266437","og_locale":"pt_BR","og_type":"article","og_title":"Partido Verde solicita informa\u00e7\u00f5es ao TCU sobre aquisi\u00e7\u00e3o de microssat\u00e9lite pela Defesa - Blog do Farn\u00e9sio","og_description":"\u00a0 Valor da compra de equipamento e falta de licita\u00e7\u00f5es motivaram solicita\u00e7\u00e3o de informa\u00e7\u00f5es via C\u00e2mara dos Deputados, pela bancada federal\u00a0 O Partido Verde, por meio da atua\u00e7\u00e3o de seus deputados federais, submeteu nesta ter\u00e7a-feira (1) ao Tribunal de Contas da Uni\u00e3o, solicita\u00e7\u00e3o de informa\u00e7\u00f5es acerca da aquisi\u00e7\u00e3o de microssat\u00e9lite para monitoramento da Amaz\u00f4nia pelo Minist\u00e9rio da Defesa. A compra, no valor de R$ 145 milh\u00f5es, ser\u00e1 realizada por meio de recursos recuperados pela Opera\u00e7\u00e3o Lava-Jato e sem realiza\u00e7\u00e3o de processo licitat\u00f3rio. Na \u00faltima semana, a bancada j\u00e1 havia protocolado of\u00edcio ao presidente do TCU, ministro Jos\u00e9 M\u00facio Monteiro. Na ocasi\u00e3o, a bancada questionou o empenho do montante provenientes dos valores recuperados pela Opera\u00e7\u00e3o Lava Jato. Segundo o documento, \u201c\u00e9&hellip;","og_url":"https:\/\/blogdofarnesio.com.br\/?p=266437","og_site_name":"Blog do Farn\u00e9sio","article_publisher":"https:\/\/www.facebook.com\/BlogQuerSaberPolitica\/","article_published_time":"2020-09-02T20:30:32+00:00","og_image":[{"width":600,"height":338,"url":"https:\/\/blogdofarnesio.com.br\/wp-content\/uploads\/2017\/01\/blogqspsatelite-blog-da-engenharia-1-e1483792238525.jpg","type":"image\/jpeg"}],"author":"Farn\u00e9sio","twitter_card":"summary_large_image","twitter_misc":{"Escrito por":"Farn\u00e9sio","Est. tempo de leitura":"2 minutos"},"schema":{"@context":"https:\/\/schema.org","@graph":[{"@type":"Article","@id":"https:\/\/blogdofarnesio.com.br\/?p=266437#article","isPartOf":{"@id":"https:\/\/blogdofarnesio.com.br\/?p=266437"},"author":{"name":"Farn\u00e9sio","@id":"https:\/\/blogdofarnesio.com.br\/#\/schema\/person\/301c4acf522bccbfdb45af95b5b906a1"},"headline":"Partido Verde solicita informa\u00e7\u00f5es ao TCU sobre aquisi\u00e7\u00e3o de microssat\u00e9lite pela Defesa","datePublished":"2020-09-02T20:30:32+00:00","mainEntityOfPage":{"@id":"https:\/\/blogdofarnesio.com.br\/?p=266437"},"wordCount":447,"publisher":{"@id":"https:\/\/blogdofarnesio.com.br\/#organization"},"image":{"@id":"https:\/\/blogdofarnesio.com.br\/?p=266437#primaryimage"},"thumbnailUrl":"https:\/\/blogdofarnesio.com.br\/wp-content\/uploads\/2017\/01\/blogqspsatelite-blog-da-engenharia-1-e1483792238525.jpg","articleSection":["Seguran\u00e7a"],"inLanguage":"pt-BR"},{"@type":"WebPage","@id":"https:\/\/blogdofarnesio.com.br\/?p=266437","url":"https:\/\/blogdofarnesio.com.br\/?p=266437","name":"Partido Verde solicita informa\u00e7\u00f5es ao TCU sobre aquisi\u00e7\u00e3o de microssat\u00e9lite pela Defesa - Blog do Farn\u00e9sio","isPartOf":{"@id":"https:\/\/blogdofarnesio.com.br\/#website"},"primaryImageOfPage":{"@id":"https:\/\/blogdofarnesio.com.br\/?p=266437#primaryimage"},"image":{"@id":"https:\/\/blogdofarnesio.com.br\/?p=266437#primaryimage"},"thumbnailUrl":"https:\/\/blogdofarnesio.com.br\/wp-content\/uploads\/2017\/01\/blogqspsatelite-blog-da-engenharia-1-e1483792238525.jpg","datePublished":"2020-09-02T20:30:32+00:00","breadcrumb":{"@id":"https:\/\/blogdofarnesio.com.br\/?p=266437#breadcrumb"},"inLanguage":"pt-BR","potentialAction":[{"@type":"ReadAction","target":["https:\/\/blogdofarnesio.com.br\/?p=266437"]}]},{"@type":"ImageObject","inLanguage":"pt-BR","@id":"https:\/\/blogdofarnesio.com.br\/?p=266437#primaryimage","url":"https:\/\/blogdofarnesio.com.br\/wp-content\/uploads\/2017\/01\/blogqspsatelite-blog-da-engenharia-1-e1483792238525.jpg","contentUrl":"https:\/\/blogdofarnesio.com.br\/wp-content\/uploads\/2017\/01\/blogqspsatelite-blog-da-engenharia-1-e1483792238525.jpg","width":600,"height":338},{"@type":"BreadcrumbList","@id":"https:\/\/blogdofarnesio.com.br\/?p=266437#breadcrumb","itemListElement":[{"@type":"ListItem","position":1,"name":"In\u00edcio","item":"https:\/\/blogdofarnesio.com.br\/"},{"@type":"ListItem","position":2,"name":"Partido Verde solicita informa\u00e7\u00f5es ao TCU sobre aquisi\u00e7\u00e3o de microssat\u00e9lite pela Defesa"}]},{"@type":"WebSite","@id":"https:\/\/blogdofarnesio.com.br\/#website","url":"https:\/\/blogdofarnesio.com.br\/","name":"Blog do Farn\u00e9sio","description":"Quer Saber Pol\u00edtica?","publisher":{"@id":"https:\/\/blogdofarnesio.com.br\/#organization"},"potentialAction":[{"@type":"SearchAction","target":{"@type":"EntryPoint","urlTemplate":"https:\/\/blogdofarnesio.com.br\/?s={search_term_string}"},"query-input":{"@type":"PropertyValueSpecification","valueRequired":true,"valueName":"search_term_string"}}],"inLanguage":"pt-BR"},{"@type":"Organization","@id":"https:\/\/blogdofarnesio.com.br\/#organization","name":"Blog do Farn\u00e9sio","url":"https:\/\/blogdofarnesio.com.br\/","logo":{"@type":"ImageObject","inLanguage":"pt-BR","@id":"https:\/\/blogdofarnesio.com.br\/#\/schema\/logo\/image\/","url":"https:\/\/blogdofarnesio.com.br\/wp-content\/uploads\/2026\/03\/cropped-logo_new-1.png","contentUrl":"https:\/\/blogdofarnesio.com.br\/wp-content\/uploads\/2026\/03\/cropped-logo_new-1.png","width":881,"height":685,"caption":"Blog do Farn\u00e9sio"},"image":{"@id":"https:\/\/blogdofarnesio.com.br\/#\/schema\/logo\/image\/"},"sameAs":["https:\/\/www.facebook.com\/BlogQuerSaberPolitica\/"]},{"@type":"Person","@id":"https:\/\/blogdofarnesio.com.br\/#\/schema\/person\/301c4acf522bccbfdb45af95b5b906a1","name":"Farn\u00e9sio","image":{"@type":"ImageObject","inLanguage":"pt-BR","@id":"https:\/\/secure.gravatar.com\/avatar\/df0c9a14567c056f8ad6876ba5bbd1e3e2c48023eb6807342fc4663adf549f38?s=96&d=mm&r=g","url":"https:\/\/secure.gravatar.com\/avatar\/df0c9a14567c056f8ad6876ba5bbd1e3e2c48023eb6807342fc4663adf549f38?s=96&d=mm&r=g","contentUrl":"https:\/\/secure.gravatar.com\/avatar\/df0c9a14567c056f8ad6876ba5bbd1e3e2c48023eb6807342fc4663adf549f38?s=96&d=mm&r=g","caption":"Farn\u00e9sio"},"sameAs":["https:\/\/quersaberpolitica.com.br"],"url":"https:\/\/blogdofarnesio.com.br\/?author=1"}]}},"_links":{"self":[{"href":"https:\/\/blogdofarnesio.com.br\/index.php?rest_route=\/wp\/v2\/posts\/266437","targetHints":{"allow":["GET"]}}],"collection":[{"href":"https:\/\/blogdofarnesio.com.br\/index.php?rest_route=\/wp\/v2\/posts"}],"about":[{"href":"https:\/\/blogdofarnesio.com.br\/index.php?rest_route=\/wp\/v2\/types\/post"}],"author":[{"embeddable":true,"href":"https:\/\/blogdofarnesio.com.br\/index.php?rest_route=\/wp\/v2\/users\/1"}],"replies":[{"embeddable":true,"href":"https:\/\/blogdofarnesio.com.br\/index.php?rest_route=%2Fwp%2Fv2%2Fcomments&post=266437"}],"version-history":[{"count":0,"href":"https:\/\/blogdofarnesio.com.br\/index.php?rest_route=\/wp\/v2\/posts\/266437\/revisions"}],"wp:featuredmedia":[{"embeddable":true,"href":"https:\/\/blogdofarnesio.com.br\/index.php?rest_route=\/wp\/v2\/media\/153158"}],"wp:attachment":[{"href":"https:\/\/blogdofarnesio.com.br\/index.php?rest_route=%2Fwp%2Fv2%2Fmedia&parent=266437"}],"wp:term":[{"taxonomy":"category","embeddable":true,"href":"https:\/\/blogdofarnesio.com.br\/index.php?rest_route=%2Fwp%2Fv2%2Fcategories&post=266437"},{"taxonomy":"post_tag","embeddable":true,"href":"https:\/\/blogdofarnesio.com.br\/index.php?rest_route=%2Fwp%2Fv2%2Ftags&post=266437"}],"curies":[{"name":"wp","href":"https:\/\/api.w.org\/{rel}","templated":true}]}}