{"id":26615,"date":"2013-02-06T07:00:52","date_gmt":"2013-02-06T10:00:52","guid":{"rendered":"http:\/\/www.quersaberpolitica.com.br\/?p=26615"},"modified":"2013-02-06T07:01:05","modified_gmt":"2013-02-06T10:01:05","slug":"lossio-participa-de-sessao-na-camara-municipal-de-vereadores","status":"publish","type":"post","link":"https:\/\/blogdofarnesio.com.br\/?p=26615","title":{"rendered":"Lossio participa de sess\u00e3o na C\u00e2mara Municipal de Vereadores"},"content":{"rendered":"<p style=\"text-align: justify\"><a href=\"http:\/\/www.quersaberpolitica.com.br\/?attachment_id=26616\" rel=\"attachment wp-att-26616\"><img loading=\"lazy\" decoding=\"async\" class=\"aligncenter size-full wp-image-26616\" alt=\"blogqsp.lossio vereadores\" src=\"http:\/\/www.quersaberpolitica.com.br\/2016\/wp-content\/uploads\/2013\/02\/blogqsp.lossio-vereadores.jpg\" width=\"448\" height=\"320\" srcset=\"https:\/\/blogdofarnesio.com.br\/wp-content\/uploads\/2013\/02\/blogqsp.lossio-vereadores.jpg 448w, https:\/\/blogdofarnesio.com.br\/wp-content\/uploads\/2013\/02\/blogqsp.lossio-vereadores-300x214.jpg 300w, https:\/\/blogdofarnesio.com.br\/wp-content\/uploads\/2013\/02\/blogqsp.lossio-vereadores-420x300.jpg 420w\" sizes=\"auto, (max-width: 448px) 100vw, 448px\" \/><\/a>Nesta ter\u00e7a-feira (05) o prefeito de Petrolina, Julio Lossio, compareceu \u00e0 primeira se\u00e7\u00e3o ordin\u00e1ria da Casa Pl\u00ednio Amorim. Na oportunidade, o gestor municipal retratou os planos de governo e a\u00e7\u00f5es que ser\u00e3o desenvolvidas nos pr\u00f3ximos quatro anos, assim como tamb\u00e9m respondeu aos questionamentos dos vereadores.<\/p>\n<p style=\"text-align: justify\">Um dos destaques da fala de L\u00f3ssio disse respeito ao maior programa habitacional do Norte\/Nordeste do Brasil, que vem sendo implementado no munic\u00edpio, com a previs\u00e3o, inclusive, da constru\u00e7\u00e3o de cinco mil resid\u00eancias atrav\u00e9s do programa do governo Federal Minha Casa Minha Vida.<\/p>\n<p style=\"text-align: justify\">Na \u00e1rea da educa\u00e7\u00e3o, o prefeito enfatizou as atividades referentes \u00e0 educa\u00e7\u00e3o infantil,sublinhando sobretudo, o programa Nova Semente. \u201cDas oito maiores cidade de Pernambuco, o nosso munic\u00edpio ocupa o 8\u00b0 lugar no IDEB e o meu compromisso continuar\u00e1 sendo com as crian\u00e7as. O nosso objetivo \u00e9 alfabetiz\u00e1-las at\u00e9 os seis anos de idade o que ultrapassar\u00e1 uma m\u00e9dia nacional.<!--more--><\/p>\n<p style=\"text-align: justify\">N\u00f3s iremos inserir 18 mil crian\u00e7as nas unidades de ensino infantil e para isso precisaremos de pol\u00edticas p\u00fablicas que j\u00e1 est\u00e3o sendo pensadas pela secretaria da Primeira Inf\u00e2ncia\u201d, frisou. De antem\u00e3o, o prefeito reinteirou que nenhuma creche ser\u00e1 fechada e que os servidores continuar\u00e3o atuando nos seus cargos.<\/p>\n<p style=\"text-align: justify\">Sobre as metas para a sa\u00fade, o prefeito retratou as a\u00e7\u00f5es firmadas pela gest\u00e3o e pontuou os benef\u00edcios alcan\u00e7ados como a diminui\u00e7\u00e3o da mortalidade infantil e o acr\u00e9scimo no n\u00famero de exames laboratoriais realizados nos \u00faltimos anos.<\/p>\n<p style=\"text-align: justify\">Para o desenvolvimento econ\u00f4mico e sustent\u00e1vel de Petrolina, Lossio destacou o incentivo a agricultura familiar atrav\u00e9s do Programa de Aquisi\u00e7\u00e3o de Alimentos e da piscicultura.<\/p>\n<p style=\"text-align: justify\">Ao final dos questionamentos dos vereadores, o gestor destacou o projeto de mapeamento dos transportes coletivos da cidade nos hor\u00e1rios de pico para uma melhor circula\u00e7\u00e3o da popula\u00e7\u00e3o, bem como frisou o projeto para a implanta\u00e7\u00e3o do Ve\u00edculo Leve sobre Trilhos(VLT).<\/p>\n","protected":false},"excerpt":{"rendered":"<p>Nesta ter\u00e7a-feira (05) o prefeito de Petrolina, Julio Lossio, compareceu \u00e0 primeira se\u00e7\u00e3o ordin\u00e1ria da Casa Pl\u00ednio Amorim. Na oportunidade, o gestor municipal retratou os planos de governo e a\u00e7\u00f5es que ser\u00e3o desenvolvidas nos pr\u00f3ximos quatro anos, assim como tamb\u00e9m respondeu aos questionamentos dos vereadores. Um dos destaques da fala de L\u00f3ssio disse respeito ao maior programa habitacional do Norte\/Nordeste do Brasil, que vem sendo implementado no munic\u00edpio, com a previs\u00e3o, inclusive, da constru\u00e7\u00e3o de cinco mil resid\u00eancias atrav\u00e9s do programa do governo Federal Minha Casa Minha Vida. Na \u00e1rea da educa\u00e7\u00e3o, o prefeito enfatizou as atividades referentes \u00e0 educa\u00e7\u00e3o infantil,sublinhando sobretudo, o programa Nova Semente. \u201cDas oito maiores cidade de Pernambuco, o nosso munic\u00edpio ocupa o 8\u00b0 lugar no&hellip; <\/p>\n","protected":false},"author":3,"featured_media":0,"comment_status":"open","ping_status":"open","sticky":false,"template":"","format":"standard","meta":{"_acf_changed":false,"footnotes":""},"categories":[1],"tags":[],"class_list":["post-26615","post","type-post","status-publish","format-standard","hentry","category-politica"],"acf":[],"yoast_head":"<!-- This site is optimized with the Yoast SEO plugin v27.4 - https:\/\/yoast.com\/product\/yoast-seo-wordpress\/ -->\n<title>Lossio participa de sess\u00e3o na C\u00e2mara Municipal de Vereadores - Blog do Farn\u00e9sio<\/title>\n<meta name=\"robots\" content=\"index, follow, max-snippet:-1, max-image-preview:large, max-video-preview:-1\" \/>\n<link rel=\"canonical\" href=\"https:\/\/blogdofarnesio.com.br\/?p=26615\" \/>\n<meta property=\"og:locale\" content=\"pt_BR\" \/>\n<meta property=\"og:type\" content=\"article\" \/>\n<meta property=\"og:title\" content=\"Lossio participa de sess\u00e3o na C\u00e2mara Municipal de Vereadores - Blog do Farn\u00e9sio\" \/>\n<meta property=\"og:description\" content=\"Nesta ter\u00e7a-feira (05) o prefeito de Petrolina, Julio Lossio, compareceu \u00e0 primeira se\u00e7\u00e3o ordin\u00e1ria da Casa Pl\u00ednio Amorim. Na oportunidade, o gestor municipal retratou os planos de governo e a\u00e7\u00f5es que ser\u00e3o desenvolvidas nos pr\u00f3ximos quatro anos, assim como tamb\u00e9m respondeu aos questionamentos dos vereadores. Um dos destaques da fala de L\u00f3ssio disse respeito ao maior programa habitacional do Norte\/Nordeste do Brasil, que vem sendo implementado no munic\u00edpio, com a previs\u00e3o, inclusive, da constru\u00e7\u00e3o de cinco mil resid\u00eancias atrav\u00e9s do programa do governo Federal Minha Casa Minha Vida. Na \u00e1rea da educa\u00e7\u00e3o, o prefeito enfatizou as atividades referentes \u00e0 educa\u00e7\u00e3o infantil,sublinhando sobretudo, o programa Nova Semente. \u201cDas oito maiores cidade de Pernambuco, o nosso munic\u00edpio ocupa o 8\u00b0 lugar no&hellip;\" \/>\n<meta property=\"og:url\" content=\"https:\/\/blogdofarnesio.com.br\/?p=26615\" \/>\n<meta property=\"og:site_name\" content=\"Blog do Farn\u00e9sio\" \/>\n<meta property=\"article:publisher\" content=\"https:\/\/www.facebook.com\/BlogQuerSaberPolitica\/\" \/>\n<meta property=\"article:published_time\" content=\"2013-02-06T10:00:52+00:00\" \/>\n<meta property=\"article:modified_time\" content=\"2013-02-06T10:01:05+00:00\" \/>\n<meta property=\"og:image\" content=\"http:\/\/www.quersaberpolitica.com.br\/2016\/wp-content\/uploads\/2013\/02\/blogqsp.lossio-vereadores.jpg\" \/>\n<meta name=\"author\" content=\"teste\" \/>\n<meta name=\"twitter:card\" content=\"summary_large_image\" \/>\n<meta name=\"twitter:label1\" content=\"Escrito por\" \/>\n\t<meta name=\"twitter:data1\" content=\"teste\" \/>\n\t<meta name=\"twitter:label2\" content=\"Est. tempo de leitura\" \/>\n\t<meta name=\"twitter:data2\" content=\"2 minutos\" \/>\n<script type=\"application\/ld+json\" class=\"yoast-schema-graph\">{\"@context\":\"https:\\\/\\\/schema.org\",\"@graph\":[{\"@type\":\"Article\",\"@id\":\"https:\\\/\\\/blogdofarnesio.com.br\\\/?p=26615#article\",\"isPartOf\":{\"@id\":\"https:\\\/\\\/blogdofarnesio.com.br\\\/?p=26615\"},\"author\":{\"name\":\"teste\",\"@id\":\"https:\\\/\\\/blogdofarnesio.com.br\\\/#\\\/schema\\\/person\\\/dd1bf5eba40b687199ba45ca6b97dff9\"},\"headline\":\"Lossio participa de sess\u00e3o na C\u00e2mara Municipal de Vereadores\",\"datePublished\":\"2013-02-06T10:00:52+00:00\",\"dateModified\":\"2013-02-06T10:01:05+00:00\",\"mainEntityOfPage\":{\"@id\":\"https:\\\/\\\/blogdofarnesio.com.br\\\/?p=26615\"},\"wordCount\":351,\"commentCount\":0,\"publisher\":{\"@id\":\"https:\\\/\\\/blogdofarnesio.com.br\\\/#organization\"},\"image\":{\"@id\":\"https:\\\/\\\/blogdofarnesio.com.br\\\/?p=26615#primaryimage\"},\"thumbnailUrl\":\"http:\\\/\\\/www.quersaberpolitica.com.br\\\/2016\\\/wp-content\\\/uploads\\\/2013\\\/02\\\/blogqsp.lossio-vereadores.jpg\",\"articleSection\":[\"Pol\u00edtica\"],\"inLanguage\":\"pt-BR\",\"potentialAction\":[{\"@type\":\"CommentAction\",\"name\":\"Comment\",\"target\":[\"https:\\\/\\\/blogdofarnesio.com.br\\\/?p=26615#respond\"]}]},{\"@type\":\"WebPage\",\"@id\":\"https:\\\/\\\/blogdofarnesio.com.br\\\/?p=26615\",\"url\":\"https:\\\/\\\/blogdofarnesio.com.br\\\/?p=26615\",\"name\":\"Lossio participa de sess\u00e3o na C\u00e2mara Municipal de Vereadores - Blog do Farn\u00e9sio\",\"isPartOf\":{\"@id\":\"https:\\\/\\\/blogdofarnesio.com.br\\\/#website\"},\"primaryImageOfPage\":{\"@id\":\"https:\\\/\\\/blogdofarnesio.com.br\\\/?p=26615#primaryimage\"},\"image\":{\"@id\":\"https:\\\/\\\/blogdofarnesio.com.br\\\/?p=26615#primaryimage\"},\"thumbnailUrl\":\"http:\\\/\\\/www.quersaberpolitica.com.br\\\/2016\\\/wp-content\\\/uploads\\\/2013\\\/02\\\/blogqsp.lossio-vereadores.jpg\",\"datePublished\":\"2013-02-06T10:00:52+00:00\",\"dateModified\":\"2013-02-06T10:01:05+00:00\",\"breadcrumb\":{\"@id\":\"https:\\\/\\\/blogdofarnesio.com.br\\\/?p=26615#breadcrumb\"},\"inLanguage\":\"pt-BR\",\"potentialAction\":[{\"@type\":\"ReadAction\",\"target\":[\"https:\\\/\\\/blogdofarnesio.com.br\\\/?p=26615\"]}]},{\"@type\":\"ImageObject\",\"inLanguage\":\"pt-BR\",\"@id\":\"https:\\\/\\\/blogdofarnesio.com.br\\\/?p=26615#primaryimage\",\"url\":\"http:\\\/\\\/www.quersaberpolitica.com.br\\\/2016\\\/wp-content\\\/uploads\\\/2013\\\/02\\\/blogqsp.lossio-vereadores.jpg\",\"contentUrl\":\"http:\\\/\\\/www.quersaberpolitica.com.br\\\/2016\\\/wp-content\\\/uploads\\\/2013\\\/02\\\/blogqsp.lossio-vereadores.jpg\"},{\"@type\":\"BreadcrumbList\",\"@id\":\"https:\\\/\\\/blogdofarnesio.com.br\\\/?p=26615#breadcrumb\",\"itemListElement\":[{\"@type\":\"ListItem\",\"position\":1,\"name\":\"In\u00edcio\",\"item\":\"https:\\\/\\\/blogdofarnesio.com.br\\\/\"},{\"@type\":\"ListItem\",\"position\":2,\"name\":\"Lossio participa de sess\u00e3o na C\u00e2mara Municipal de Vereadores\"}]},{\"@type\":\"WebSite\",\"@id\":\"https:\\\/\\\/blogdofarnesio.com.br\\\/#website\",\"url\":\"https:\\\/\\\/blogdofarnesio.com.br\\\/\",\"name\":\"Blog do Farn\u00e9sio\",\"description\":\"Quer Saber Pol\u00edtica?\",\"publisher\":{\"@id\":\"https:\\\/\\\/blogdofarnesio.com.br\\\/#organization\"},\"potentialAction\":[{\"@type\":\"SearchAction\",\"target\":{\"@type\":\"EntryPoint\",\"urlTemplate\":\"https:\\\/\\\/blogdofarnesio.com.br\\\/?s={search_term_string}\"},\"query-input\":{\"@type\":\"PropertyValueSpecification\",\"valueRequired\":true,\"valueName\":\"search_term_string\"}}],\"inLanguage\":\"pt-BR\"},{\"@type\":\"Organization\",\"@id\":\"https:\\\/\\\/blogdofarnesio.com.br\\\/#organization\",\"name\":\"Blog do Farn\u00e9sio\",\"url\":\"https:\\\/\\\/blogdofarnesio.com.br\\\/\",\"logo\":{\"@type\":\"ImageObject\",\"inLanguage\":\"pt-BR\",\"@id\":\"https:\\\/\\\/blogdofarnesio.com.br\\\/#\\\/schema\\\/logo\\\/image\\\/\",\"url\":\"https:\\\/\\\/blogdofarnesio.com.br\\\/wp-content\\\/uploads\\\/2026\\\/03\\\/cropped-logo_new-1.png\",\"contentUrl\":\"https:\\\/\\\/blogdofarnesio.com.br\\\/wp-content\\\/uploads\\\/2026\\\/03\\\/cropped-logo_new-1.png\",\"width\":881,\"height\":685,\"caption\":\"Blog do Farn\u00e9sio\"},\"image\":{\"@id\":\"https:\\\/\\\/blogdofarnesio.com.br\\\/#\\\/schema\\\/logo\\\/image\\\/\"},\"sameAs\":[\"https:\\\/\\\/www.facebook.com\\\/BlogQuerSaberPolitica\\\/\"]},{\"@type\":\"Person\",\"@id\":\"https:\\\/\\\/blogdofarnesio.com.br\\\/#\\\/schema\\\/person\\\/dd1bf5eba40b687199ba45ca6b97dff9\",\"name\":\"teste\",\"image\":{\"@type\":\"ImageObject\",\"inLanguage\":\"pt-BR\",\"@id\":\"https:\\\/\\\/secure.gravatar.com\\\/avatar\\\/2172498d4914b51e1d89a0f97957b035ac4938723a5cac208135d389b6972a6d?s=96&d=mm&r=g\",\"url\":\"https:\\\/\\\/secure.gravatar.com\\\/avatar\\\/2172498d4914b51e1d89a0f97957b035ac4938723a5cac208135d389b6972a6d?s=96&d=mm&r=g\",\"contentUrl\":\"https:\\\/\\\/secure.gravatar.com\\\/avatar\\\/2172498d4914b51e1d89a0f97957b035ac4938723a5cac208135d389b6972a6d?s=96&d=mm&r=g\",\"caption\":\"teste\"},\"url\":\"https:\\\/\\\/blogdofarnesio.com.br\\\/?author=3\"}]}<\/script>\n<!-- \/ Yoast SEO plugin. -->","yoast_head_json":{"title":"Lossio participa de sess\u00e3o na C\u00e2mara Municipal de Vereadores - Blog do Farn\u00e9sio","robots":{"index":"index","follow":"follow","max-snippet":"max-snippet:-1","max-image-preview":"max-image-preview:large","max-video-preview":"max-video-preview:-1"},"canonical":"https:\/\/blogdofarnesio.com.br\/?p=26615","og_locale":"pt_BR","og_type":"article","og_title":"Lossio participa de sess\u00e3o na C\u00e2mara Municipal de Vereadores - Blog do Farn\u00e9sio","og_description":"Nesta ter\u00e7a-feira (05) o prefeito de Petrolina, Julio Lossio, compareceu \u00e0 primeira se\u00e7\u00e3o ordin\u00e1ria da Casa Pl\u00ednio Amorim. Na oportunidade, o gestor municipal retratou os planos de governo e a\u00e7\u00f5es que ser\u00e3o desenvolvidas nos pr\u00f3ximos quatro anos, assim como tamb\u00e9m respondeu aos questionamentos dos vereadores. Um dos destaques da fala de L\u00f3ssio disse respeito ao maior programa habitacional do Norte\/Nordeste do Brasil, que vem sendo implementado no munic\u00edpio, com a previs\u00e3o, inclusive, da constru\u00e7\u00e3o de cinco mil resid\u00eancias atrav\u00e9s do programa do governo Federal Minha Casa Minha Vida. Na \u00e1rea da educa\u00e7\u00e3o, o prefeito enfatizou as atividades referentes \u00e0 educa\u00e7\u00e3o infantil,sublinhando sobretudo, o programa Nova Semente. \u201cDas oito maiores cidade de Pernambuco, o nosso munic\u00edpio ocupa o 8\u00b0 lugar no&hellip;","og_url":"https:\/\/blogdofarnesio.com.br\/?p=26615","og_site_name":"Blog do Farn\u00e9sio","article_publisher":"https:\/\/www.facebook.com\/BlogQuerSaberPolitica\/","article_published_time":"2013-02-06T10:00:52+00:00","article_modified_time":"2013-02-06T10:01:05+00:00","og_image":[{"url":"http:\/\/www.quersaberpolitica.com.br\/2016\/wp-content\/uploads\/2013\/02\/blogqsp.lossio-vereadores.jpg","type":"","width":"","height":""}],"author":"teste","twitter_card":"summary_large_image","twitter_misc":{"Escrito por":"teste","Est. tempo de leitura":"2 minutos"},"schema":{"@context":"https:\/\/schema.org","@graph":[{"@type":"Article","@id":"https:\/\/blogdofarnesio.com.br\/?p=26615#article","isPartOf":{"@id":"https:\/\/blogdofarnesio.com.br\/?p=26615"},"author":{"name":"teste","@id":"https:\/\/blogdofarnesio.com.br\/#\/schema\/person\/dd1bf5eba40b687199ba45ca6b97dff9"},"headline":"Lossio participa de sess\u00e3o na C\u00e2mara Municipal de Vereadores","datePublished":"2013-02-06T10:00:52+00:00","dateModified":"2013-02-06T10:01:05+00:00","mainEntityOfPage":{"@id":"https:\/\/blogdofarnesio.com.br\/?p=26615"},"wordCount":351,"commentCount":0,"publisher":{"@id":"https:\/\/blogdofarnesio.com.br\/#organization"},"image":{"@id":"https:\/\/blogdofarnesio.com.br\/?p=26615#primaryimage"},"thumbnailUrl":"http:\/\/www.quersaberpolitica.com.br\/2016\/wp-content\/uploads\/2013\/02\/blogqsp.lossio-vereadores.jpg","articleSection":["Pol\u00edtica"],"inLanguage":"pt-BR","potentialAction":[{"@type":"CommentAction","name":"Comment","target":["https:\/\/blogdofarnesio.com.br\/?p=26615#respond"]}]},{"@type":"WebPage","@id":"https:\/\/blogdofarnesio.com.br\/?p=26615","url":"https:\/\/blogdofarnesio.com.br\/?p=26615","name":"Lossio participa de sess\u00e3o na C\u00e2mara Municipal de Vereadores - Blog do Farn\u00e9sio","isPartOf":{"@id":"https:\/\/blogdofarnesio.com.br\/#website"},"primaryImageOfPage":{"@id":"https:\/\/blogdofarnesio.com.br\/?p=26615#primaryimage"},"image":{"@id":"https:\/\/blogdofarnesio.com.br\/?p=26615#primaryimage"},"thumbnailUrl":"http:\/\/www.quersaberpolitica.com.br\/2016\/wp-content\/uploads\/2013\/02\/blogqsp.lossio-vereadores.jpg","datePublished":"2013-02-06T10:00:52+00:00","dateModified":"2013-02-06T10:01:05+00:00","breadcrumb":{"@id":"https:\/\/blogdofarnesio.com.br\/?p=26615#breadcrumb"},"inLanguage":"pt-BR","potentialAction":[{"@type":"ReadAction","target":["https:\/\/blogdofarnesio.com.br\/?p=26615"]}]},{"@type":"ImageObject","inLanguage":"pt-BR","@id":"https:\/\/blogdofarnesio.com.br\/?p=26615#primaryimage","url":"http:\/\/www.quersaberpolitica.com.br\/2016\/wp-content\/uploads\/2013\/02\/blogqsp.lossio-vereadores.jpg","contentUrl":"http:\/\/www.quersaberpolitica.com.br\/2016\/wp-content\/uploads\/2013\/02\/blogqsp.lossio-vereadores.jpg"},{"@type":"BreadcrumbList","@id":"https:\/\/blogdofarnesio.com.br\/?p=26615#breadcrumb","itemListElement":[{"@type":"ListItem","position":1,"name":"In\u00edcio","item":"https:\/\/blogdofarnesio.com.br\/"},{"@type":"ListItem","position":2,"name":"Lossio participa de sess\u00e3o na C\u00e2mara Municipal de Vereadores"}]},{"@type":"WebSite","@id":"https:\/\/blogdofarnesio.com.br\/#website","url":"https:\/\/blogdofarnesio.com.br\/","name":"Blog do Farn\u00e9sio","description":"Quer Saber Pol\u00edtica?","publisher":{"@id":"https:\/\/blogdofarnesio.com.br\/#organization"},"potentialAction":[{"@type":"SearchAction","target":{"@type":"EntryPoint","urlTemplate":"https:\/\/blogdofarnesio.com.br\/?s={search_term_string}"},"query-input":{"@type":"PropertyValueSpecification","valueRequired":true,"valueName":"search_term_string"}}],"inLanguage":"pt-BR"},{"@type":"Organization","@id":"https:\/\/blogdofarnesio.com.br\/#organization","name":"Blog do Farn\u00e9sio","url":"https:\/\/blogdofarnesio.com.br\/","logo":{"@type":"ImageObject","inLanguage":"pt-BR","@id":"https:\/\/blogdofarnesio.com.br\/#\/schema\/logo\/image\/","url":"https:\/\/blogdofarnesio.com.br\/wp-content\/uploads\/2026\/03\/cropped-logo_new-1.png","contentUrl":"https:\/\/blogdofarnesio.com.br\/wp-content\/uploads\/2026\/03\/cropped-logo_new-1.png","width":881,"height":685,"caption":"Blog do Farn\u00e9sio"},"image":{"@id":"https:\/\/blogdofarnesio.com.br\/#\/schema\/logo\/image\/"},"sameAs":["https:\/\/www.facebook.com\/BlogQuerSaberPolitica\/"]},{"@type":"Person","@id":"https:\/\/blogdofarnesio.com.br\/#\/schema\/person\/dd1bf5eba40b687199ba45ca6b97dff9","name":"teste","image":{"@type":"ImageObject","inLanguage":"pt-BR","@id":"https:\/\/secure.gravatar.com\/avatar\/2172498d4914b51e1d89a0f97957b035ac4938723a5cac208135d389b6972a6d?s=96&d=mm&r=g","url":"https:\/\/secure.gravatar.com\/avatar\/2172498d4914b51e1d89a0f97957b035ac4938723a5cac208135d389b6972a6d?s=96&d=mm&r=g","contentUrl":"https:\/\/secure.gravatar.com\/avatar\/2172498d4914b51e1d89a0f97957b035ac4938723a5cac208135d389b6972a6d?s=96&d=mm&r=g","caption":"teste"},"url":"https:\/\/blogdofarnesio.com.br\/?author=3"}]}},"_links":{"self":[{"href":"https:\/\/blogdofarnesio.com.br\/index.php?rest_route=\/wp\/v2\/posts\/26615","targetHints":{"allow":["GET"]}}],"collection":[{"href":"https:\/\/blogdofarnesio.com.br\/index.php?rest_route=\/wp\/v2\/posts"}],"about":[{"href":"https:\/\/blogdofarnesio.com.br\/index.php?rest_route=\/wp\/v2\/types\/post"}],"author":[{"embeddable":true,"href":"https:\/\/blogdofarnesio.com.br\/index.php?rest_route=\/wp\/v2\/users\/3"}],"replies":[{"embeddable":true,"href":"https:\/\/blogdofarnesio.com.br\/index.php?rest_route=%2Fwp%2Fv2%2Fcomments&post=26615"}],"version-history":[{"count":0,"href":"https:\/\/blogdofarnesio.com.br\/index.php?rest_route=\/wp\/v2\/posts\/26615\/revisions"}],"wp:attachment":[{"href":"https:\/\/blogdofarnesio.com.br\/index.php?rest_route=%2Fwp%2Fv2%2Fmedia&parent=26615"}],"wp:term":[{"taxonomy":"category","embeddable":true,"href":"https:\/\/blogdofarnesio.com.br\/index.php?rest_route=%2Fwp%2Fv2%2Fcategories&post=26615"},{"taxonomy":"post_tag","embeddable":true,"href":"https:\/\/blogdofarnesio.com.br\/index.php?rest_route=%2Fwp%2Fv2%2Ftags&post=26615"}],"curies":[{"name":"wp","href":"https:\/\/api.w.org\/{rel}","templated":true}]}}