{"id":265930,"date":"2020-08-26T14:21:31","date_gmt":"2020-08-26T17:21:31","guid":{"rendered":"http:\/\/quersaberpolitica.com.br\/2016\/?p=265930"},"modified":"2020-08-26T13:58:00","modified_gmt":"2020-08-26T16:58:00","slug":"iel-abre-inscricoes-para-o-curso-metodologias-ageis-na-gestao-do-rh","status":"publish","type":"post","link":"https:\/\/blogdofarnesio.com.br\/?p=265930","title":{"rendered":"IEL abre inscri\u00e7\u00f5es para o curso Metodologias \u00c1geis na Gest\u00e3o do RH"},"content":{"rendered":"<p>Empres\u00e1rios, gestores, consultores, coordenadores, supervisores, analistas, assistentes que atuam com RH e gest\u00e3o de pessoas ou interessados na tem\u00e1tica j\u00e1 podem realizar a inscri\u00e7\u00e3o para a nova turma do curso on-line e ao vivo \u2018RH \u00c1GIL \u2013 Metodologias \u00e1geis na Gest\u00e3o do RH\u2019, promovido pelo Instituto Euvaldo Lodi (IEL-PE).<\/p>\n<p>Entre os dias 21 e 25 de setembro, os interessados ir\u00e3o conhecer as principais abordagens de metodologia \u00e1gil, conceito e m\u00e9todos para aplicar no RH, visando potencializar os fluxos de trabalho e desenvolvimento de habilidades com os conte\u00fados voltados para a transforma\u00e7\u00e3o digital, RH 4.0, gest\u00e3o \u00e1gil, o papel do RH na transforma\u00e7\u00e3o \u00e1gil, designer thinking e as metodologias \u00e1geis para o RH.<\/p>\n<p>O curso ser\u00e1 ministrado pelo s\u00f3cio-fundador da RH Tech, professor no MBA, colunista de inova\u00e7\u00f5es e empreendedorismo no Jornal do Commercio e diretor na SUCESU Minas \u2013 VP Startups e Empreendedorismo, Bruno Lacerda.<\/p>\n<p>\u201cO curso apresenta uma metodologia \u00e1gil aplicada na gest\u00e3o do RH. Ser\u00e3o apresentados m\u00e9todos e t\u00e9cnicas para que os participantes possam compreender o papel estrat\u00e9gico do RH \u00c1gil nas organiza\u00e7\u00f5es que s\u00e3o fundamentais para o processo de transforma\u00e7\u00e3o na \u00e1rea de Gest\u00e3o de Pessoas\u201d, disse o palestrante em grandes eventos pelo Brasil. Com um curr\u00edculo extenso e preparado, Lacerda tamb\u00e9m \u00e9 mentor em programas de pr\u00e9 \u2013 acelera\u00e7\u00e3o de startups e neg\u00f3cios de impacto.<\/p>\n<p><strong>Mais informa\u00e7\u00f5es<\/strong>:<\/p>\n<p>telefone (81) 3412.8400; Whataspp (81) 99164.9752 ou atrav\u00e9s do e-mail:\u00a0<a href=\"mailto:capacitcao@sistemafiepe.br\">capacitcao@sistemafiepe.br<\/a>.<\/p>\n<p><strong>CLAS Comunica\u00e7\u00e3o &amp; Marketing<\/strong><\/p>\n","protected":false},"excerpt":{"rendered":"<p>Empres\u00e1rios, gestores, consultores, coordenadores, supervisores, analistas, assistentes que atuam com RH e gest\u00e3o de pessoas ou interessados na tem\u00e1tica j\u00e1 podem realizar a inscri\u00e7\u00e3o para a nova turma do curso on-line e ao vivo \u2018RH \u00c1GIL \u2013 Metodologias \u00e1geis na Gest\u00e3o do RH\u2019, promovido pelo Instituto Euvaldo Lodi (IEL-PE). Entre os dias 21 e 25 de setembro, os interessados ir\u00e3o conhecer as principais abordagens de metodologia \u00e1gil, conceito e m\u00e9todos para aplicar no RH, visando potencializar os fluxos de trabalho e desenvolvimento de habilidades com os conte\u00fados voltados para a transforma\u00e7\u00e3o digital, RH 4.0, gest\u00e3o \u00e1gil, o papel do RH na transforma\u00e7\u00e3o \u00e1gil, designer thinking e as metodologias \u00e1geis para o RH. O curso ser\u00e1 ministrado pelo s\u00f3cio-fundador da RH&hellip; <\/p>\n","protected":false},"author":1,"featured_media":265931,"comment_status":"closed","ping_status":"closed","sticky":false,"template":"","format":"standard","meta":{"_acf_changed":false,"footnotes":""},"categories":[1],"tags":[],"class_list":["post-265930","post","type-post","status-publish","format-standard","has-post-thumbnail","hentry","category-politica"],"acf":[],"yoast_head":"<!-- This site is optimized with the Yoast SEO plugin v27.4 - https:\/\/yoast.com\/product\/yoast-seo-wordpress\/ -->\n<title>IEL abre inscri\u00e7\u00f5es para o curso Metodologias \u00c1geis na Gest\u00e3o do RH - Blog do Farn\u00e9sio<\/title>\n<meta name=\"robots\" content=\"index, follow, max-snippet:-1, max-image-preview:large, max-video-preview:-1\" \/>\n<link rel=\"canonical\" href=\"https:\/\/blogdofarnesio.com.br\/?p=265930\" \/>\n<meta property=\"og:locale\" content=\"pt_BR\" \/>\n<meta property=\"og:type\" content=\"article\" \/>\n<meta property=\"og:title\" content=\"IEL abre inscri\u00e7\u00f5es para o curso Metodologias \u00c1geis na Gest\u00e3o do RH - Blog do Farn\u00e9sio\" \/>\n<meta property=\"og:description\" content=\"Empres\u00e1rios, gestores, consultores, coordenadores, supervisores, analistas, assistentes que atuam com RH e gest\u00e3o de pessoas ou interessados na tem\u00e1tica j\u00e1 podem realizar a inscri\u00e7\u00e3o para a nova turma do curso on-line e ao vivo \u2018RH \u00c1GIL \u2013 Metodologias \u00e1geis na Gest\u00e3o do RH\u2019, promovido pelo Instituto Euvaldo Lodi (IEL-PE). Entre os dias 21 e 25 de setembro, os interessados ir\u00e3o conhecer as principais abordagens de metodologia \u00e1gil, conceito e m\u00e9todos para aplicar no RH, visando potencializar os fluxos de trabalho e desenvolvimento de habilidades com os conte\u00fados voltados para a transforma\u00e7\u00e3o digital, RH 4.0, gest\u00e3o \u00e1gil, o papel do RH na transforma\u00e7\u00e3o \u00e1gil, designer thinking e as metodologias \u00e1geis para o RH. O curso ser\u00e1 ministrado pelo s\u00f3cio-fundador da RH&hellip;\" \/>\n<meta property=\"og:url\" content=\"https:\/\/blogdofarnesio.com.br\/?p=265930\" \/>\n<meta property=\"og:site_name\" content=\"Blog do Farn\u00e9sio\" \/>\n<meta property=\"article:publisher\" content=\"https:\/\/www.facebook.com\/BlogQuerSaberPolitica\/\" \/>\n<meta property=\"article:published_time\" content=\"2020-08-26T17:21:31+00:00\" \/>\n<meta property=\"og:image\" content=\"https:\/\/blogdofarnesio.com.br\/wp-content\/uploads\/2020\/08\/unnamed-1-1-e1598460890286.jpg\" \/>\n\t<meta property=\"og:image:width\" content=\"498\" \/>\n\t<meta property=\"og:image:height\" content=\"590\" \/>\n\t<meta property=\"og:image:type\" content=\"image\/jpeg\" \/>\n<meta name=\"author\" content=\"Farn\u00e9sio\" \/>\n<meta name=\"twitter:card\" content=\"summary_large_image\" \/>\n<meta name=\"twitter:label1\" content=\"Escrito por\" \/>\n\t<meta name=\"twitter:data1\" content=\"Farn\u00e9sio\" \/>\n\t<meta name=\"twitter:label2\" content=\"Est. tempo de leitura\" \/>\n\t<meta name=\"twitter:data2\" content=\"1 minuto\" \/>\n<script type=\"application\/ld+json\" class=\"yoast-schema-graph\">{\"@context\":\"https:\\\/\\\/schema.org\",\"@graph\":[{\"@type\":\"Article\",\"@id\":\"https:\\\/\\\/blogdofarnesio.com.br\\\/?p=265930#article\",\"isPartOf\":{\"@id\":\"https:\\\/\\\/blogdofarnesio.com.br\\\/?p=265930\"},\"author\":{\"name\":\"Farn\u00e9sio\",\"@id\":\"https:\\\/\\\/blogdofarnesio.com.br\\\/#\\\/schema\\\/person\\\/301c4acf522bccbfdb45af95b5b906a1\"},\"headline\":\"IEL abre inscri\u00e7\u00f5es para o curso Metodologias \u00c1geis na Gest\u00e3o do RH\",\"datePublished\":\"2020-08-26T17:21:31+00:00\",\"mainEntityOfPage\":{\"@id\":\"https:\\\/\\\/blogdofarnesio.com.br\\\/?p=265930\"},\"wordCount\":270,\"publisher\":{\"@id\":\"https:\\\/\\\/blogdofarnesio.com.br\\\/#organization\"},\"image\":{\"@id\":\"https:\\\/\\\/blogdofarnesio.com.br\\\/?p=265930#primaryimage\"},\"thumbnailUrl\":\"https:\\\/\\\/blogdofarnesio.com.br\\\/wp-content\\\/uploads\\\/2020\\\/08\\\/unnamed-1-1-e1598460890286.jpg\",\"articleSection\":[\"Pol\u00edtica\"],\"inLanguage\":\"pt-BR\"},{\"@type\":\"WebPage\",\"@id\":\"https:\\\/\\\/blogdofarnesio.com.br\\\/?p=265930\",\"url\":\"https:\\\/\\\/blogdofarnesio.com.br\\\/?p=265930\",\"name\":\"IEL abre inscri\u00e7\u00f5es para o curso Metodologias \u00c1geis na Gest\u00e3o do RH - Blog do Farn\u00e9sio\",\"isPartOf\":{\"@id\":\"https:\\\/\\\/blogdofarnesio.com.br\\\/#website\"},\"primaryImageOfPage\":{\"@id\":\"https:\\\/\\\/blogdofarnesio.com.br\\\/?p=265930#primaryimage\"},\"image\":{\"@id\":\"https:\\\/\\\/blogdofarnesio.com.br\\\/?p=265930#primaryimage\"},\"thumbnailUrl\":\"https:\\\/\\\/blogdofarnesio.com.br\\\/wp-content\\\/uploads\\\/2020\\\/08\\\/unnamed-1-1-e1598460890286.jpg\",\"datePublished\":\"2020-08-26T17:21:31+00:00\",\"breadcrumb\":{\"@id\":\"https:\\\/\\\/blogdofarnesio.com.br\\\/?p=265930#breadcrumb\"},\"inLanguage\":\"pt-BR\",\"potentialAction\":[{\"@type\":\"ReadAction\",\"target\":[\"https:\\\/\\\/blogdofarnesio.com.br\\\/?p=265930\"]}]},{\"@type\":\"ImageObject\",\"inLanguage\":\"pt-BR\",\"@id\":\"https:\\\/\\\/blogdofarnesio.com.br\\\/?p=265930#primaryimage\",\"url\":\"https:\\\/\\\/blogdofarnesio.com.br\\\/wp-content\\\/uploads\\\/2020\\\/08\\\/unnamed-1-1-e1598460890286.jpg\",\"contentUrl\":\"https:\\\/\\\/blogdofarnesio.com.br\\\/wp-content\\\/uploads\\\/2020\\\/08\\\/unnamed-1-1-e1598460890286.jpg\",\"width\":498,\"height\":590},{\"@type\":\"BreadcrumbList\",\"@id\":\"https:\\\/\\\/blogdofarnesio.com.br\\\/?p=265930#breadcrumb\",\"itemListElement\":[{\"@type\":\"ListItem\",\"position\":1,\"name\":\"In\u00edcio\",\"item\":\"https:\\\/\\\/blogdofarnesio.com.br\\\/\"},{\"@type\":\"ListItem\",\"position\":2,\"name\":\"IEL abre inscri\u00e7\u00f5es para o curso Metodologias \u00c1geis na Gest\u00e3o do RH\"}]},{\"@type\":\"WebSite\",\"@id\":\"https:\\\/\\\/blogdofarnesio.com.br\\\/#website\",\"url\":\"https:\\\/\\\/blogdofarnesio.com.br\\\/\",\"name\":\"Blog do Farn\u00e9sio\",\"description\":\"Quer Saber Pol\u00edtica?\",\"publisher\":{\"@id\":\"https:\\\/\\\/blogdofarnesio.com.br\\\/#organization\"},\"potentialAction\":[{\"@type\":\"SearchAction\",\"target\":{\"@type\":\"EntryPoint\",\"urlTemplate\":\"https:\\\/\\\/blogdofarnesio.com.br\\\/?s={search_term_string}\"},\"query-input\":{\"@type\":\"PropertyValueSpecification\",\"valueRequired\":true,\"valueName\":\"search_term_string\"}}],\"inLanguage\":\"pt-BR\"},{\"@type\":\"Organization\",\"@id\":\"https:\\\/\\\/blogdofarnesio.com.br\\\/#organization\",\"name\":\"Blog do Farn\u00e9sio\",\"url\":\"https:\\\/\\\/blogdofarnesio.com.br\\\/\",\"logo\":{\"@type\":\"ImageObject\",\"inLanguage\":\"pt-BR\",\"@id\":\"https:\\\/\\\/blogdofarnesio.com.br\\\/#\\\/schema\\\/logo\\\/image\\\/\",\"url\":\"https:\\\/\\\/blogdofarnesio.com.br\\\/wp-content\\\/uploads\\\/2026\\\/03\\\/cropped-logo_new-1.png\",\"contentUrl\":\"https:\\\/\\\/blogdofarnesio.com.br\\\/wp-content\\\/uploads\\\/2026\\\/03\\\/cropped-logo_new-1.png\",\"width\":881,\"height\":685,\"caption\":\"Blog do Farn\u00e9sio\"},\"image\":{\"@id\":\"https:\\\/\\\/blogdofarnesio.com.br\\\/#\\\/schema\\\/logo\\\/image\\\/\"},\"sameAs\":[\"https:\\\/\\\/www.facebook.com\\\/BlogQuerSaberPolitica\\\/\"]},{\"@type\":\"Person\",\"@id\":\"https:\\\/\\\/blogdofarnesio.com.br\\\/#\\\/schema\\\/person\\\/301c4acf522bccbfdb45af95b5b906a1\",\"name\":\"Farn\u00e9sio\",\"image\":{\"@type\":\"ImageObject\",\"inLanguage\":\"pt-BR\",\"@id\":\"https:\\\/\\\/secure.gravatar.com\\\/avatar\\\/df0c9a14567c056f8ad6876ba5bbd1e3e2c48023eb6807342fc4663adf549f38?s=96&d=mm&r=g\",\"url\":\"https:\\\/\\\/secure.gravatar.com\\\/avatar\\\/df0c9a14567c056f8ad6876ba5bbd1e3e2c48023eb6807342fc4663adf549f38?s=96&d=mm&r=g\",\"contentUrl\":\"https:\\\/\\\/secure.gravatar.com\\\/avatar\\\/df0c9a14567c056f8ad6876ba5bbd1e3e2c48023eb6807342fc4663adf549f38?s=96&d=mm&r=g\",\"caption\":\"Farn\u00e9sio\"},\"sameAs\":[\"https:\\\/\\\/quersaberpolitica.com.br\"],\"url\":\"https:\\\/\\\/blogdofarnesio.com.br\\\/?author=1\"}]}<\/script>\n<!-- \/ Yoast SEO plugin. -->","yoast_head_json":{"title":"IEL abre inscri\u00e7\u00f5es para o curso Metodologias \u00c1geis na Gest\u00e3o do RH - Blog do Farn\u00e9sio","robots":{"index":"index","follow":"follow","max-snippet":"max-snippet:-1","max-image-preview":"max-image-preview:large","max-video-preview":"max-video-preview:-1"},"canonical":"https:\/\/blogdofarnesio.com.br\/?p=265930","og_locale":"pt_BR","og_type":"article","og_title":"IEL abre inscri\u00e7\u00f5es para o curso Metodologias \u00c1geis na Gest\u00e3o do RH - Blog do Farn\u00e9sio","og_description":"Empres\u00e1rios, gestores, consultores, coordenadores, supervisores, analistas, assistentes que atuam com RH e gest\u00e3o de pessoas ou interessados na tem\u00e1tica j\u00e1 podem realizar a inscri\u00e7\u00e3o para a nova turma do curso on-line e ao vivo \u2018RH \u00c1GIL \u2013 Metodologias \u00e1geis na Gest\u00e3o do RH\u2019, promovido pelo Instituto Euvaldo Lodi (IEL-PE). Entre os dias 21 e 25 de setembro, os interessados ir\u00e3o conhecer as principais abordagens de metodologia \u00e1gil, conceito e m\u00e9todos para aplicar no RH, visando potencializar os fluxos de trabalho e desenvolvimento de habilidades com os conte\u00fados voltados para a transforma\u00e7\u00e3o digital, RH 4.0, gest\u00e3o \u00e1gil, o papel do RH na transforma\u00e7\u00e3o \u00e1gil, designer thinking e as metodologias \u00e1geis para o RH. O curso ser\u00e1 ministrado pelo s\u00f3cio-fundador da RH&hellip;","og_url":"https:\/\/blogdofarnesio.com.br\/?p=265930","og_site_name":"Blog do Farn\u00e9sio","article_publisher":"https:\/\/www.facebook.com\/BlogQuerSaberPolitica\/","article_published_time":"2020-08-26T17:21:31+00:00","og_image":[{"width":498,"height":590,"url":"https:\/\/blogdofarnesio.com.br\/wp-content\/uploads\/2020\/08\/unnamed-1-1-e1598460890286.jpg","type":"image\/jpeg"}],"author":"Farn\u00e9sio","twitter_card":"summary_large_image","twitter_misc":{"Escrito por":"Farn\u00e9sio","Est. tempo de leitura":"1 minuto"},"schema":{"@context":"https:\/\/schema.org","@graph":[{"@type":"Article","@id":"https:\/\/blogdofarnesio.com.br\/?p=265930#article","isPartOf":{"@id":"https:\/\/blogdofarnesio.com.br\/?p=265930"},"author":{"name":"Farn\u00e9sio","@id":"https:\/\/blogdofarnesio.com.br\/#\/schema\/person\/301c4acf522bccbfdb45af95b5b906a1"},"headline":"IEL abre inscri\u00e7\u00f5es para o curso Metodologias \u00c1geis na Gest\u00e3o do RH","datePublished":"2020-08-26T17:21:31+00:00","mainEntityOfPage":{"@id":"https:\/\/blogdofarnesio.com.br\/?p=265930"},"wordCount":270,"publisher":{"@id":"https:\/\/blogdofarnesio.com.br\/#organization"},"image":{"@id":"https:\/\/blogdofarnesio.com.br\/?p=265930#primaryimage"},"thumbnailUrl":"https:\/\/blogdofarnesio.com.br\/wp-content\/uploads\/2020\/08\/unnamed-1-1-e1598460890286.jpg","articleSection":["Pol\u00edtica"],"inLanguage":"pt-BR"},{"@type":"WebPage","@id":"https:\/\/blogdofarnesio.com.br\/?p=265930","url":"https:\/\/blogdofarnesio.com.br\/?p=265930","name":"IEL abre inscri\u00e7\u00f5es para o curso Metodologias \u00c1geis na Gest\u00e3o do RH - Blog do Farn\u00e9sio","isPartOf":{"@id":"https:\/\/blogdofarnesio.com.br\/#website"},"primaryImageOfPage":{"@id":"https:\/\/blogdofarnesio.com.br\/?p=265930#primaryimage"},"image":{"@id":"https:\/\/blogdofarnesio.com.br\/?p=265930#primaryimage"},"thumbnailUrl":"https:\/\/blogdofarnesio.com.br\/wp-content\/uploads\/2020\/08\/unnamed-1-1-e1598460890286.jpg","datePublished":"2020-08-26T17:21:31+00:00","breadcrumb":{"@id":"https:\/\/blogdofarnesio.com.br\/?p=265930#breadcrumb"},"inLanguage":"pt-BR","potentialAction":[{"@type":"ReadAction","target":["https:\/\/blogdofarnesio.com.br\/?p=265930"]}]},{"@type":"ImageObject","inLanguage":"pt-BR","@id":"https:\/\/blogdofarnesio.com.br\/?p=265930#primaryimage","url":"https:\/\/blogdofarnesio.com.br\/wp-content\/uploads\/2020\/08\/unnamed-1-1-e1598460890286.jpg","contentUrl":"https:\/\/blogdofarnesio.com.br\/wp-content\/uploads\/2020\/08\/unnamed-1-1-e1598460890286.jpg","width":498,"height":590},{"@type":"BreadcrumbList","@id":"https:\/\/blogdofarnesio.com.br\/?p=265930#breadcrumb","itemListElement":[{"@type":"ListItem","position":1,"name":"In\u00edcio","item":"https:\/\/blogdofarnesio.com.br\/"},{"@type":"ListItem","position":2,"name":"IEL abre inscri\u00e7\u00f5es para o curso Metodologias \u00c1geis na Gest\u00e3o do RH"}]},{"@type":"WebSite","@id":"https:\/\/blogdofarnesio.com.br\/#website","url":"https:\/\/blogdofarnesio.com.br\/","name":"Blog do Farn\u00e9sio","description":"Quer Saber Pol\u00edtica?","publisher":{"@id":"https:\/\/blogdofarnesio.com.br\/#organization"},"potentialAction":[{"@type":"SearchAction","target":{"@type":"EntryPoint","urlTemplate":"https:\/\/blogdofarnesio.com.br\/?s={search_term_string}"},"query-input":{"@type":"PropertyValueSpecification","valueRequired":true,"valueName":"search_term_string"}}],"inLanguage":"pt-BR"},{"@type":"Organization","@id":"https:\/\/blogdofarnesio.com.br\/#organization","name":"Blog do Farn\u00e9sio","url":"https:\/\/blogdofarnesio.com.br\/","logo":{"@type":"ImageObject","inLanguage":"pt-BR","@id":"https:\/\/blogdofarnesio.com.br\/#\/schema\/logo\/image\/","url":"https:\/\/blogdofarnesio.com.br\/wp-content\/uploads\/2026\/03\/cropped-logo_new-1.png","contentUrl":"https:\/\/blogdofarnesio.com.br\/wp-content\/uploads\/2026\/03\/cropped-logo_new-1.png","width":881,"height":685,"caption":"Blog do Farn\u00e9sio"},"image":{"@id":"https:\/\/blogdofarnesio.com.br\/#\/schema\/logo\/image\/"},"sameAs":["https:\/\/www.facebook.com\/BlogQuerSaberPolitica\/"]},{"@type":"Person","@id":"https:\/\/blogdofarnesio.com.br\/#\/schema\/person\/301c4acf522bccbfdb45af95b5b906a1","name":"Farn\u00e9sio","image":{"@type":"ImageObject","inLanguage":"pt-BR","@id":"https:\/\/secure.gravatar.com\/avatar\/df0c9a14567c056f8ad6876ba5bbd1e3e2c48023eb6807342fc4663adf549f38?s=96&d=mm&r=g","url":"https:\/\/secure.gravatar.com\/avatar\/df0c9a14567c056f8ad6876ba5bbd1e3e2c48023eb6807342fc4663adf549f38?s=96&d=mm&r=g","contentUrl":"https:\/\/secure.gravatar.com\/avatar\/df0c9a14567c056f8ad6876ba5bbd1e3e2c48023eb6807342fc4663adf549f38?s=96&d=mm&r=g","caption":"Farn\u00e9sio"},"sameAs":["https:\/\/quersaberpolitica.com.br"],"url":"https:\/\/blogdofarnesio.com.br\/?author=1"}]}},"_links":{"self":[{"href":"https:\/\/blogdofarnesio.com.br\/index.php?rest_route=\/wp\/v2\/posts\/265930","targetHints":{"allow":["GET"]}}],"collection":[{"href":"https:\/\/blogdofarnesio.com.br\/index.php?rest_route=\/wp\/v2\/posts"}],"about":[{"href":"https:\/\/blogdofarnesio.com.br\/index.php?rest_route=\/wp\/v2\/types\/post"}],"author":[{"embeddable":true,"href":"https:\/\/blogdofarnesio.com.br\/index.php?rest_route=\/wp\/v2\/users\/1"}],"replies":[{"embeddable":true,"href":"https:\/\/blogdofarnesio.com.br\/index.php?rest_route=%2Fwp%2Fv2%2Fcomments&post=265930"}],"version-history":[{"count":0,"href":"https:\/\/blogdofarnesio.com.br\/index.php?rest_route=\/wp\/v2\/posts\/265930\/revisions"}],"wp:featuredmedia":[{"embeddable":true,"href":"https:\/\/blogdofarnesio.com.br\/index.php?rest_route=\/wp\/v2\/media\/265931"}],"wp:attachment":[{"href":"https:\/\/blogdofarnesio.com.br\/index.php?rest_route=%2Fwp%2Fv2%2Fmedia&parent=265930"}],"wp:term":[{"taxonomy":"category","embeddable":true,"href":"https:\/\/blogdofarnesio.com.br\/index.php?rest_route=%2Fwp%2Fv2%2Fcategories&post=265930"},{"taxonomy":"post_tag","embeddable":true,"href":"https:\/\/blogdofarnesio.com.br\/index.php?rest_route=%2Fwp%2Fv2%2Ftags&post=265930"}],"curies":[{"name":"wp","href":"https:\/\/api.w.org\/{rel}","templated":true}]}}