{"id":265920,"date":"2020-08-26T13:00:50","date_gmt":"2020-08-26T16:00:50","guid":{"rendered":"http:\/\/quersaberpolitica.com.br\/2016\/?p=265920"},"modified":"2020-08-26T10:12:44","modified_gmt":"2020-08-26T13:12:44","slug":"privatizacao-da-caixa-e-iminente-greve-dos-bancarios-seis-ex-presidentes-do-banco-se-reunem-nesta-terca-feira","status":"publish","type":"post","link":"https:\/\/blogdofarnesio.com.br\/?p=265920","title":{"rendered":"Privatiza\u00e7\u00e3o da Caixa e iminente greve dos banc\u00e1rios: seis ex-presidentes do banco se re\u00fanem nesta ter\u00e7a-feira"},"content":{"rendered":"<p><strong>Bras\u00edlia, 25\/08\/2020\u00a0<\/strong>\u2014<strong>\u00a0<\/strong>Seis ex-presidentes da Caixa Econ\u00f4mica estiveram reunidos nesta ter\u00e7a-feira (25), em um debate virtual sobre o processo de privatiza\u00e7\u00e3o do banco p\u00fablico e a tentativa de retirada de direitos dos empregados da estatal \u2014 cen\u00e1rio que est\u00e1 edificando uma greve dos banc\u00e1rios por tempo indeterminado.\u00a0\u00a0Participam da <em>live \u201cO X da Quest\u00e3o\u201d<\/em>, especialistas renomados que dirigiram a estatal a partir de 1992 at\u00e9 2018: Danilo de Castro (1992-1994), Jorge Mattoso (2003-2006), Maria Fernanda Coelho (2006-2011), Jorge Hereda (2011-2015), Miriam Belchior (2015-2016) e Gilberto Occhi (2016-2018).<\/p>\n<p>Conduzido pela representante dos empregados da Caixa no Conselho de Administra\u00e7\u00e3o do banco, Rita Serrano, o encontro tamb\u00e9m contar\u00e1 com a participa\u00e7\u00e3o do presidente da Federa\u00e7\u00e3o Nacional das Associa\u00e7\u00f5es do Pessoal da Caixa Econ\u00f4mica Federal (Fenae), S\u00e9rgio Takemoto. Ainda estar\u00e3o no debate \u2014 transmitido pelas p\u00e1ginas de\u00a0<a href=\"https:\/\/www.facebook.com\/ritaserranoca\/\" target=\"_blank\" rel=\"noopener noreferrer\" data-saferedirecturl=\"https:\/\/www.google.com\/url?q=https:\/\/www.facebook.com\/ritaserranoca\/&amp;source=gmail&amp;ust=1598532371365000&amp;usg=AFQjCNE3--u6e_9FsfZsL-Utfe-zRt5g2w\">Rita Serrano<\/a>\u00a0e da\u00a0<a href=\"https:\/\/www.facebook.com\/FenaeFederacao\/\" target=\"_blank\" rel=\"noopener noreferrer\" data-saferedirecturl=\"https:\/\/www.google.com\/url?q=https:\/\/www.facebook.com\/FenaeFederacao\/&amp;source=gmail&amp;ust=1598532371365000&amp;usg=AFQjCNEWI9cKV-0s0Jv-Rq7J2Lew2Z52YA\">Fenae<\/a>\u00a0no Facebook \u2014 representantes de entidades, como Anna Claudia de Vasconcellos (Advocef\/advogados da Caixa), Mairton Neves (Fenag\/gestores da Caixa), Marcelo Barbosa de Andrade Pereira Silveira (AudiCaixa\/auditores internos da Caixa), Giuliano Jo\u00e3o Paulo da Silva (SocialCaixa\/projetos sociais da Caixa) e Fernando de Carvalho Turino (Aneac\/\u201dempresas de acesso por corda\u201d).<\/p>\n<p>\u201cO encontro de seis ex-presidentes e de tantas entidades representativas demonstra a preocupante situa\u00e7\u00e3o em que a Caixa est\u00e1 inserida neste governo privatista de Bolsonaro e na atual dire\u00e7\u00e3o do banco p\u00fablico\u201d, afirma S\u00e9rgio Takemoto. \u201c\u00c9 um debate essencial, que vai discutir o futuro do banco que mais faz pela popula\u00e7\u00e3o deste pa\u00eds\u201d, refor\u00e7a o presidente da Fenae.<\/p>\n<p>DIREITOS EM RISCO \u2014 Em campanha salarial deste o in\u00edcio deste m\u00eas para a renova\u00e7\u00e3o da Conven\u00e7\u00e3o Coletiva de Trabalho (CCT), os empregados da Caixa correm o risco de terem direitos hist\u00f3ricos retirados pela dire\u00e7\u00e3o do banco. Uma das principais perdas para os trabalhadores \u00e9 a tentativa do governo de inviabilizar o plano de sa\u00fade dos empregados. A Caixa Econ\u00f4mica prop\u00f5e altera\u00e7\u00f5es no modelo de custeio do Sa\u00fade Caixa, que v\u00e3o encarecer o custo para todos os usu\u00e1rios.<\/p>\n<p>Desde o primeiro m\u00eas da pandemia do coronav\u00edrus e do in\u00edcio do pagamento do aux\u00edlio, os banc\u00e1rios da Caixa Econ\u00f4mica est\u00e3o na linha de frente do pagamento do Aux\u00edlio Emergencial para 67 milh\u00f5es de brasileiros como tamb\u00e9m do Fundo de Garantia do Tempo de Servi\u00e7o e de todos os outros benef\u00edcios sociais operacionalizados pelo banco: assist\u00eancia que chega a 100 milh\u00f5es de pessoas, metade da popula\u00e7\u00e3o brasileira.<\/p>\n<p>\u201cEm um momento de pandemia e com os empregados da Caixa na linha de frente do atendimento e expostos aos riscos de cont\u00e1gio, o banco quer restringir o acesso a esse direito b\u00e1sico sob a falsa alega\u00e7\u00e3o de que a inten\u00e7\u00e3o \u00e9 manter a sustentabilidade do plano de sa\u00fade\u201d, ressalta o presidente da Fenae.<\/p>\n<p>Na manh\u00e3 desta ter\u00e7a-feira, durante cerim\u00f4nia de apresenta\u00e7\u00e3o do \u201cCasa Verde e Amarela\u201d \u2014 programa que substituir\u00e1 o Minha Casa Minha Vida \u2014 o presidente da Caixa, Pedro Guimar\u00e3es, disse que o banco \u201cnunca teve tanto lucro, mesmo reduzindo juros&#8221;.<\/p>\n<p>Entre os itens da proposta financeira dentro da campanha salarial \u2014 al\u00e9m de \u201creajuste zero\u201d, o que implicar\u00e1 em uma diminui\u00e7\u00e3o de 2,65% nos sal\u00e1rios (considerando as perdas inflacion\u00e1rias) \u2014 a Caixa Econ\u00f4mica e outros bancos pretendem reduzir a Participa\u00e7\u00e3o nos Lucros e Resultados (PLR) em quase metade (at\u00e9 48%), diminuir a gratifica\u00e7\u00e3o de fun\u00e7\u00e3o (de 55% para 50%) e at\u00e9 alterar direitos dos banc\u00e1rios que sofreram acidente de trabalho.<\/p>\n<p>Conforme observa o presidente da Fenae, o lucro dos cinco maiores bancos do pa\u00eds somou R$ 108 bilh\u00f5es, ano passado, com alta de 30,3% em doze meses. \u201cE mesmo em plena crise econ\u00f4mica, os bancos seguem lucrando\u201d, destaca S\u00e9rgio Takemoto. Neste primeiro semestre, o lucro dos quatro maiores \u2014 Ita\u00fa, Bradesco, Santander e Banco do Brasil \u2014 chegou a R$ 28,5 bilh\u00f5es.<\/p>\n<p>A Caixa Econ\u00f4mica ainda n\u00e3o divulgou o balan\u00e7o do primeiro semestre de 2020. Mas, ano passado, o lucro do banco foi de R$ 21,057 bilh\u00f5es, representando aumento em rela\u00e7\u00e3o a 2018 (103,4%).<\/p>\n<p>PRIVATIZA\u00c7\u00c3O \u2014 \u201c\u00c9 essa empresa rent\u00e1vel, que tem importante papel para a economia e o desenvolvimento do pa\u00eds, que Pedro Guimar\u00e3es [presidente da Caixa], Paulo Guedes [ministro da Economia] e o presidente Bolsonaro querem privatizar a todo custo\u201d, adverte Takemoto.<\/p>\n<p>Editada pelo governo Bolsonaro no \u00faltimo dia 7 e encaminhada ao Congresso, a Medida Provis\u00f3ria 995 abre caminho para a venda do banco p\u00fablico. A MP permite a cria\u00e7\u00e3o de subsidi\u00e1rias da Caixa e, a partir delas, a cria\u00e7\u00e3o de outras subsidi\u00e1rias, com o objetivo de privatiza\u00e7\u00e3o da estatal.<\/p>\n<p>Um total de 412 emendas \u00e0 medida provis\u00f3ria foram apresentadas por deputados e senadores; mais de uma dezena delas, sugeridas pela Fenae. Um total de 271\u00a0parlamentares e entidades da sociedade civil assinam Manifesto contra a MP e a privatiza\u00e7\u00e3o da Caixa.<\/p>\n<p>O presidente da Fenae tamb\u00e9m chama a aten\u00e7\u00e3o para o fato de que o fatiamento do banco \u2014 conforme permite a Medida Provis\u00f3ria 995 \u2014 constitui uma manobra para burlar a necessidade de consentimento do Legislativo \u00e0 venda de estatais. S\u00e9rgio Takemoto ainda observa o desrespeito do Executivo e ao Supremo Tribunal Federal.<\/p>\n<p>\u201cPara burlar decis\u00e3o do STF, que veta a venda de estatais sem autoriza\u00e7\u00e3o do Poder Legislativo, o governo Bolsonaro promove o fatiamento da Caixa, a exemplo do que vem fazendo com a Petrobras \u2014 fato j\u00e1 questionado pelas presid\u00eancias da C\u00e2mara dos Deputados e do Senado \u2014 para posteriormente consolidar a privatiza\u00e7\u00e3o da empresa-matriz\u201d, afirma S\u00e9rgio Takemoto.<\/p>\n<p>Segundo refor\u00e7a o presidente da Federa\u00e7\u00e3o, n\u00e3o restam d\u00favidas sobre as reais inten\u00e7\u00f5es do governo. \u201cO objetivo \u00e9 tentar dar suposta seguran\u00e7a jur\u00eddica ao processo de \u2018subsidiariza\u00e7\u00e3o\u2019 da Caixa, com inten\u00e7\u00e3o de privatiz\u00e1-la aos poucos, at\u00e9 vend\u00ea-la por completo\u201d, afirma. \u201cO fato \u00e9 que isso n\u00e3o \u00e9 leg\u00edtimo e j\u00e1 gerou A\u00e7\u00f5es Diretas de Inconstitucionalidade (ADIs) no Supremo e vai gerar outras\u201d, completa Takemoto.<\/p>\n","protected":false},"excerpt":{"rendered":"<p>Bras\u00edlia, 25\/08\/2020\u00a0\u2014\u00a0Seis ex-presidentes da Caixa Econ\u00f4mica estiveram reunidos nesta ter\u00e7a-feira (25), em um debate virtual sobre o processo de privatiza\u00e7\u00e3o do banco p\u00fablico e a tentativa de retirada de direitos dos empregados da estatal \u2014 cen\u00e1rio que est\u00e1 edificando uma greve dos banc\u00e1rios por tempo indeterminado.\u00a0\u00a0Participam da live \u201cO X da Quest\u00e3o\u201d, especialistas renomados que dirigiram a estatal a partir de 1992 at\u00e9 2018: Danilo de Castro (1992-1994), Jorge Mattoso (2003-2006), Maria Fernanda Coelho (2006-2011), Jorge Hereda (2011-2015), Miriam Belchior (2015-2016) e Gilberto Occhi (2016-2018). Conduzido pela representante dos empregados da Caixa no Conselho de Administra\u00e7\u00e3o do banco, Rita Serrano, o encontro tamb\u00e9m contar\u00e1 com a participa\u00e7\u00e3o do presidente da Federa\u00e7\u00e3o Nacional das Associa\u00e7\u00f5es do Pessoal da Caixa Econ\u00f4mica Federal&hellip; <\/p>\n","protected":false},"author":1,"featured_media":257376,"comment_status":"closed","ping_status":"closed","sticky":false,"template":"","format":"standard","meta":{"_acf_changed":false,"footnotes":""},"categories":[1],"tags":[],"class_list":["post-265920","post","type-post","status-publish","format-standard","has-post-thumbnail","hentry","category-politica"],"acf":[],"yoast_head":"<!-- This site is optimized with the Yoast SEO plugin v27.4 - https:\/\/yoast.com\/product\/yoast-seo-wordpress\/ -->\n<title>Privatiza\u00e7\u00e3o da Caixa e iminente greve dos banc\u00e1rios: seis ex-presidentes do banco se re\u00fanem nesta ter\u00e7a-feira - Blog do Farn\u00e9sio<\/title>\n<meta name=\"robots\" content=\"index, follow, max-snippet:-1, max-image-preview:large, max-video-preview:-1\" \/>\n<link rel=\"canonical\" href=\"https:\/\/blogdofarnesio.com.br\/?p=265920\" \/>\n<meta property=\"og:locale\" content=\"pt_BR\" \/>\n<meta property=\"og:type\" content=\"article\" \/>\n<meta property=\"og:title\" content=\"Privatiza\u00e7\u00e3o da Caixa e iminente greve dos banc\u00e1rios: seis ex-presidentes do banco se re\u00fanem nesta ter\u00e7a-feira - Blog do Farn\u00e9sio\" \/>\n<meta property=\"og:description\" content=\"Bras\u00edlia, 25\/08\/2020\u00a0\u2014\u00a0Seis ex-presidentes da Caixa Econ\u00f4mica estiveram reunidos nesta ter\u00e7a-feira (25), em um debate virtual sobre o processo de privatiza\u00e7\u00e3o do banco p\u00fablico e a tentativa de retirada de direitos dos empregados da estatal \u2014 cen\u00e1rio que est\u00e1 edificando uma greve dos banc\u00e1rios por tempo indeterminado.\u00a0\u00a0Participam da live \u201cO X da Quest\u00e3o\u201d, especialistas renomados que dirigiram a estatal a partir de 1992 at\u00e9 2018: Danilo de Castro (1992-1994), Jorge Mattoso (2003-2006), Maria Fernanda Coelho (2006-2011), Jorge Hereda (2011-2015), Miriam Belchior (2015-2016) e Gilberto Occhi (2016-2018). Conduzido pela representante dos empregados da Caixa no Conselho de Administra\u00e7\u00e3o do banco, Rita Serrano, o encontro tamb\u00e9m contar\u00e1 com a participa\u00e7\u00e3o do presidente da Federa\u00e7\u00e3o Nacional das Associa\u00e7\u00f5es do Pessoal da Caixa Econ\u00f4mica Federal&hellip;\" \/>\n<meta property=\"og:url\" content=\"https:\/\/blogdofarnesio.com.br\/?p=265920\" \/>\n<meta property=\"og:site_name\" content=\"Blog do Farn\u00e9sio\" \/>\n<meta property=\"article:publisher\" content=\"https:\/\/www.facebook.com\/BlogQuerSaberPolitica\/\" \/>\n<meta property=\"article:published_time\" content=\"2020-08-26T16:00:50+00:00\" \/>\n<meta property=\"og:image\" content=\"https:\/\/blogdofarnesio.com.br\/wp-content\/uploads\/2020\/05\/blogqspcaixa-federa\u00e7\u00e3o-fenae.jpg\" \/>\n\t<meta property=\"og:image:width\" content=\"600\" \/>\n\t<meta property=\"og:image:height\" content=\"170\" \/>\n\t<meta property=\"og:image:type\" content=\"image\/jpeg\" \/>\n<meta name=\"author\" content=\"Farn\u00e9sio\" \/>\n<meta name=\"twitter:card\" content=\"summary_large_image\" \/>\n<meta name=\"twitter:label1\" content=\"Escrito por\" \/>\n\t<meta name=\"twitter:data1\" content=\"Farn\u00e9sio\" \/>\n\t<meta name=\"twitter:label2\" content=\"Est. tempo de leitura\" \/>\n\t<meta name=\"twitter:data2\" content=\"5 minutos\" \/>\n<script type=\"application\/ld+json\" class=\"yoast-schema-graph\">{\"@context\":\"https:\\\/\\\/schema.org\",\"@graph\":[{\"@type\":\"Article\",\"@id\":\"https:\\\/\\\/blogdofarnesio.com.br\\\/?p=265920#article\",\"isPartOf\":{\"@id\":\"https:\\\/\\\/blogdofarnesio.com.br\\\/?p=265920\"},\"author\":{\"name\":\"Farn\u00e9sio\",\"@id\":\"https:\\\/\\\/blogdofarnesio.com.br\\\/#\\\/schema\\\/person\\\/301c4acf522bccbfdb45af95b5b906a1\"},\"headline\":\"Privatiza\u00e7\u00e3o da Caixa e iminente greve dos banc\u00e1rios: seis ex-presidentes do banco se re\u00fanem nesta ter\u00e7a-feira\",\"datePublished\":\"2020-08-26T16:00:50+00:00\",\"mainEntityOfPage\":{\"@id\":\"https:\\\/\\\/blogdofarnesio.com.br\\\/?p=265920\"},\"wordCount\":1050,\"publisher\":{\"@id\":\"https:\\\/\\\/blogdofarnesio.com.br\\\/#organization\"},\"image\":{\"@id\":\"https:\\\/\\\/blogdofarnesio.com.br\\\/?p=265920#primaryimage\"},\"thumbnailUrl\":\"https:\\\/\\\/blogdofarnesio.com.br\\\/wp-content\\\/uploads\\\/2020\\\/05\\\/blogqspcaixa-federa\u00e7\u00e3o-fenae.jpg\",\"articleSection\":[\"Pol\u00edtica\"],\"inLanguage\":\"pt-BR\"},{\"@type\":\"WebPage\",\"@id\":\"https:\\\/\\\/blogdofarnesio.com.br\\\/?p=265920\",\"url\":\"https:\\\/\\\/blogdofarnesio.com.br\\\/?p=265920\",\"name\":\"Privatiza\u00e7\u00e3o da Caixa e iminente greve dos banc\u00e1rios: seis ex-presidentes do banco se re\u00fanem nesta ter\u00e7a-feira - Blog do Farn\u00e9sio\",\"isPartOf\":{\"@id\":\"https:\\\/\\\/blogdofarnesio.com.br\\\/#website\"},\"primaryImageOfPage\":{\"@id\":\"https:\\\/\\\/blogdofarnesio.com.br\\\/?p=265920#primaryimage\"},\"image\":{\"@id\":\"https:\\\/\\\/blogdofarnesio.com.br\\\/?p=265920#primaryimage\"},\"thumbnailUrl\":\"https:\\\/\\\/blogdofarnesio.com.br\\\/wp-content\\\/uploads\\\/2020\\\/05\\\/blogqspcaixa-federa\u00e7\u00e3o-fenae.jpg\",\"datePublished\":\"2020-08-26T16:00:50+00:00\",\"breadcrumb\":{\"@id\":\"https:\\\/\\\/blogdofarnesio.com.br\\\/?p=265920#breadcrumb\"},\"inLanguage\":\"pt-BR\",\"potentialAction\":[{\"@type\":\"ReadAction\",\"target\":[\"https:\\\/\\\/blogdofarnesio.com.br\\\/?p=265920\"]}]},{\"@type\":\"ImageObject\",\"inLanguage\":\"pt-BR\",\"@id\":\"https:\\\/\\\/blogdofarnesio.com.br\\\/?p=265920#primaryimage\",\"url\":\"https:\\\/\\\/blogdofarnesio.com.br\\\/wp-content\\\/uploads\\\/2020\\\/05\\\/blogqspcaixa-federa\u00e7\u00e3o-fenae.jpg\",\"contentUrl\":\"https:\\\/\\\/blogdofarnesio.com.br\\\/wp-content\\\/uploads\\\/2020\\\/05\\\/blogqspcaixa-federa\u00e7\u00e3o-fenae.jpg\",\"width\":600,\"height\":170},{\"@type\":\"BreadcrumbList\",\"@id\":\"https:\\\/\\\/blogdofarnesio.com.br\\\/?p=265920#breadcrumb\",\"itemListElement\":[{\"@type\":\"ListItem\",\"position\":1,\"name\":\"In\u00edcio\",\"item\":\"https:\\\/\\\/blogdofarnesio.com.br\\\/\"},{\"@type\":\"ListItem\",\"position\":2,\"name\":\"Privatiza\u00e7\u00e3o da Caixa e iminente greve dos banc\u00e1rios: seis ex-presidentes do banco se re\u00fanem nesta ter\u00e7a-feira\"}]},{\"@type\":\"WebSite\",\"@id\":\"https:\\\/\\\/blogdofarnesio.com.br\\\/#website\",\"url\":\"https:\\\/\\\/blogdofarnesio.com.br\\\/\",\"name\":\"Blog do Farn\u00e9sio\",\"description\":\"Quer Saber Pol\u00edtica?\",\"publisher\":{\"@id\":\"https:\\\/\\\/blogdofarnesio.com.br\\\/#organization\"},\"potentialAction\":[{\"@type\":\"SearchAction\",\"target\":{\"@type\":\"EntryPoint\",\"urlTemplate\":\"https:\\\/\\\/blogdofarnesio.com.br\\\/?s={search_term_string}\"},\"query-input\":{\"@type\":\"PropertyValueSpecification\",\"valueRequired\":true,\"valueName\":\"search_term_string\"}}],\"inLanguage\":\"pt-BR\"},{\"@type\":\"Organization\",\"@id\":\"https:\\\/\\\/blogdofarnesio.com.br\\\/#organization\",\"name\":\"Blog do Farn\u00e9sio\",\"url\":\"https:\\\/\\\/blogdofarnesio.com.br\\\/\",\"logo\":{\"@type\":\"ImageObject\",\"inLanguage\":\"pt-BR\",\"@id\":\"https:\\\/\\\/blogdofarnesio.com.br\\\/#\\\/schema\\\/logo\\\/image\\\/\",\"url\":\"https:\\\/\\\/blogdofarnesio.com.br\\\/wp-content\\\/uploads\\\/2026\\\/03\\\/cropped-logo_new-1.png\",\"contentUrl\":\"https:\\\/\\\/blogdofarnesio.com.br\\\/wp-content\\\/uploads\\\/2026\\\/03\\\/cropped-logo_new-1.png\",\"width\":881,\"height\":685,\"caption\":\"Blog do Farn\u00e9sio\"},\"image\":{\"@id\":\"https:\\\/\\\/blogdofarnesio.com.br\\\/#\\\/schema\\\/logo\\\/image\\\/\"},\"sameAs\":[\"https:\\\/\\\/www.facebook.com\\\/BlogQuerSaberPolitica\\\/\"]},{\"@type\":\"Person\",\"@id\":\"https:\\\/\\\/blogdofarnesio.com.br\\\/#\\\/schema\\\/person\\\/301c4acf522bccbfdb45af95b5b906a1\",\"name\":\"Farn\u00e9sio\",\"image\":{\"@type\":\"ImageObject\",\"inLanguage\":\"pt-BR\",\"@id\":\"https:\\\/\\\/secure.gravatar.com\\\/avatar\\\/df0c9a14567c056f8ad6876ba5bbd1e3e2c48023eb6807342fc4663adf549f38?s=96&d=mm&r=g\",\"url\":\"https:\\\/\\\/secure.gravatar.com\\\/avatar\\\/df0c9a14567c056f8ad6876ba5bbd1e3e2c48023eb6807342fc4663adf549f38?s=96&d=mm&r=g\",\"contentUrl\":\"https:\\\/\\\/secure.gravatar.com\\\/avatar\\\/df0c9a14567c056f8ad6876ba5bbd1e3e2c48023eb6807342fc4663adf549f38?s=96&d=mm&r=g\",\"caption\":\"Farn\u00e9sio\"},\"sameAs\":[\"https:\\\/\\\/quersaberpolitica.com.br\"],\"url\":\"https:\\\/\\\/blogdofarnesio.com.br\\\/?author=1\"}]}<\/script>\n<!-- \/ Yoast SEO plugin. -->","yoast_head_json":{"title":"Privatiza\u00e7\u00e3o da Caixa e iminente greve dos banc\u00e1rios: seis ex-presidentes do banco se re\u00fanem nesta ter\u00e7a-feira - Blog do Farn\u00e9sio","robots":{"index":"index","follow":"follow","max-snippet":"max-snippet:-1","max-image-preview":"max-image-preview:large","max-video-preview":"max-video-preview:-1"},"canonical":"https:\/\/blogdofarnesio.com.br\/?p=265920","og_locale":"pt_BR","og_type":"article","og_title":"Privatiza\u00e7\u00e3o da Caixa e iminente greve dos banc\u00e1rios: seis ex-presidentes do banco se re\u00fanem nesta ter\u00e7a-feira - Blog do Farn\u00e9sio","og_description":"Bras\u00edlia, 25\/08\/2020\u00a0\u2014\u00a0Seis ex-presidentes da Caixa Econ\u00f4mica estiveram reunidos nesta ter\u00e7a-feira (25), em um debate virtual sobre o processo de privatiza\u00e7\u00e3o do banco p\u00fablico e a tentativa de retirada de direitos dos empregados da estatal \u2014 cen\u00e1rio que est\u00e1 edificando uma greve dos banc\u00e1rios por tempo indeterminado.\u00a0\u00a0Participam da live \u201cO X da Quest\u00e3o\u201d, especialistas renomados que dirigiram a estatal a partir de 1992 at\u00e9 2018: Danilo de Castro (1992-1994), Jorge Mattoso (2003-2006), Maria Fernanda Coelho (2006-2011), Jorge Hereda (2011-2015), Miriam Belchior (2015-2016) e Gilberto Occhi (2016-2018). Conduzido pela representante dos empregados da Caixa no Conselho de Administra\u00e7\u00e3o do banco, Rita Serrano, o encontro tamb\u00e9m contar\u00e1 com a participa\u00e7\u00e3o do presidente da Federa\u00e7\u00e3o Nacional das Associa\u00e7\u00f5es do Pessoal da Caixa Econ\u00f4mica Federal&hellip;","og_url":"https:\/\/blogdofarnesio.com.br\/?p=265920","og_site_name":"Blog do Farn\u00e9sio","article_publisher":"https:\/\/www.facebook.com\/BlogQuerSaberPolitica\/","article_published_time":"2020-08-26T16:00:50+00:00","og_image":[{"width":600,"height":170,"url":"https:\/\/blogdofarnesio.com.br\/wp-content\/uploads\/2020\/05\/blogqspcaixa-federa\u00e7\u00e3o-fenae.jpg","type":"image\/jpeg"}],"author":"Farn\u00e9sio","twitter_card":"summary_large_image","twitter_misc":{"Escrito por":"Farn\u00e9sio","Est. tempo de leitura":"5 minutos"},"schema":{"@context":"https:\/\/schema.org","@graph":[{"@type":"Article","@id":"https:\/\/blogdofarnesio.com.br\/?p=265920#article","isPartOf":{"@id":"https:\/\/blogdofarnesio.com.br\/?p=265920"},"author":{"name":"Farn\u00e9sio","@id":"https:\/\/blogdofarnesio.com.br\/#\/schema\/person\/301c4acf522bccbfdb45af95b5b906a1"},"headline":"Privatiza\u00e7\u00e3o da Caixa e iminente greve dos banc\u00e1rios: seis ex-presidentes do banco se re\u00fanem nesta ter\u00e7a-feira","datePublished":"2020-08-26T16:00:50+00:00","mainEntityOfPage":{"@id":"https:\/\/blogdofarnesio.com.br\/?p=265920"},"wordCount":1050,"publisher":{"@id":"https:\/\/blogdofarnesio.com.br\/#organization"},"image":{"@id":"https:\/\/blogdofarnesio.com.br\/?p=265920#primaryimage"},"thumbnailUrl":"https:\/\/blogdofarnesio.com.br\/wp-content\/uploads\/2020\/05\/blogqspcaixa-federa\u00e7\u00e3o-fenae.jpg","articleSection":["Pol\u00edtica"],"inLanguage":"pt-BR"},{"@type":"WebPage","@id":"https:\/\/blogdofarnesio.com.br\/?p=265920","url":"https:\/\/blogdofarnesio.com.br\/?p=265920","name":"Privatiza\u00e7\u00e3o da Caixa e iminente greve dos banc\u00e1rios: seis ex-presidentes do banco se re\u00fanem nesta ter\u00e7a-feira - Blog do Farn\u00e9sio","isPartOf":{"@id":"https:\/\/blogdofarnesio.com.br\/#website"},"primaryImageOfPage":{"@id":"https:\/\/blogdofarnesio.com.br\/?p=265920#primaryimage"},"image":{"@id":"https:\/\/blogdofarnesio.com.br\/?p=265920#primaryimage"},"thumbnailUrl":"https:\/\/blogdofarnesio.com.br\/wp-content\/uploads\/2020\/05\/blogqspcaixa-federa\u00e7\u00e3o-fenae.jpg","datePublished":"2020-08-26T16:00:50+00:00","breadcrumb":{"@id":"https:\/\/blogdofarnesio.com.br\/?p=265920#breadcrumb"},"inLanguage":"pt-BR","potentialAction":[{"@type":"ReadAction","target":["https:\/\/blogdofarnesio.com.br\/?p=265920"]}]},{"@type":"ImageObject","inLanguage":"pt-BR","@id":"https:\/\/blogdofarnesio.com.br\/?p=265920#primaryimage","url":"https:\/\/blogdofarnesio.com.br\/wp-content\/uploads\/2020\/05\/blogqspcaixa-federa\u00e7\u00e3o-fenae.jpg","contentUrl":"https:\/\/blogdofarnesio.com.br\/wp-content\/uploads\/2020\/05\/blogqspcaixa-federa\u00e7\u00e3o-fenae.jpg","width":600,"height":170},{"@type":"BreadcrumbList","@id":"https:\/\/blogdofarnesio.com.br\/?p=265920#breadcrumb","itemListElement":[{"@type":"ListItem","position":1,"name":"In\u00edcio","item":"https:\/\/blogdofarnesio.com.br\/"},{"@type":"ListItem","position":2,"name":"Privatiza\u00e7\u00e3o da Caixa e iminente greve dos banc\u00e1rios: seis ex-presidentes do banco se re\u00fanem nesta ter\u00e7a-feira"}]},{"@type":"WebSite","@id":"https:\/\/blogdofarnesio.com.br\/#website","url":"https:\/\/blogdofarnesio.com.br\/","name":"Blog do Farn\u00e9sio","description":"Quer Saber Pol\u00edtica?","publisher":{"@id":"https:\/\/blogdofarnesio.com.br\/#organization"},"potentialAction":[{"@type":"SearchAction","target":{"@type":"EntryPoint","urlTemplate":"https:\/\/blogdofarnesio.com.br\/?s={search_term_string}"},"query-input":{"@type":"PropertyValueSpecification","valueRequired":true,"valueName":"search_term_string"}}],"inLanguage":"pt-BR"},{"@type":"Organization","@id":"https:\/\/blogdofarnesio.com.br\/#organization","name":"Blog do Farn\u00e9sio","url":"https:\/\/blogdofarnesio.com.br\/","logo":{"@type":"ImageObject","inLanguage":"pt-BR","@id":"https:\/\/blogdofarnesio.com.br\/#\/schema\/logo\/image\/","url":"https:\/\/blogdofarnesio.com.br\/wp-content\/uploads\/2026\/03\/cropped-logo_new-1.png","contentUrl":"https:\/\/blogdofarnesio.com.br\/wp-content\/uploads\/2026\/03\/cropped-logo_new-1.png","width":881,"height":685,"caption":"Blog do Farn\u00e9sio"},"image":{"@id":"https:\/\/blogdofarnesio.com.br\/#\/schema\/logo\/image\/"},"sameAs":["https:\/\/www.facebook.com\/BlogQuerSaberPolitica\/"]},{"@type":"Person","@id":"https:\/\/blogdofarnesio.com.br\/#\/schema\/person\/301c4acf522bccbfdb45af95b5b906a1","name":"Farn\u00e9sio","image":{"@type":"ImageObject","inLanguage":"pt-BR","@id":"https:\/\/secure.gravatar.com\/avatar\/df0c9a14567c056f8ad6876ba5bbd1e3e2c48023eb6807342fc4663adf549f38?s=96&d=mm&r=g","url":"https:\/\/secure.gravatar.com\/avatar\/df0c9a14567c056f8ad6876ba5bbd1e3e2c48023eb6807342fc4663adf549f38?s=96&d=mm&r=g","contentUrl":"https:\/\/secure.gravatar.com\/avatar\/df0c9a14567c056f8ad6876ba5bbd1e3e2c48023eb6807342fc4663adf549f38?s=96&d=mm&r=g","caption":"Farn\u00e9sio"},"sameAs":["https:\/\/quersaberpolitica.com.br"],"url":"https:\/\/blogdofarnesio.com.br\/?author=1"}]}},"_links":{"self":[{"href":"https:\/\/blogdofarnesio.com.br\/index.php?rest_route=\/wp\/v2\/posts\/265920","targetHints":{"allow":["GET"]}}],"collection":[{"href":"https:\/\/blogdofarnesio.com.br\/index.php?rest_route=\/wp\/v2\/posts"}],"about":[{"href":"https:\/\/blogdofarnesio.com.br\/index.php?rest_route=\/wp\/v2\/types\/post"}],"author":[{"embeddable":true,"href":"https:\/\/blogdofarnesio.com.br\/index.php?rest_route=\/wp\/v2\/users\/1"}],"replies":[{"embeddable":true,"href":"https:\/\/blogdofarnesio.com.br\/index.php?rest_route=%2Fwp%2Fv2%2Fcomments&post=265920"}],"version-history":[{"count":0,"href":"https:\/\/blogdofarnesio.com.br\/index.php?rest_route=\/wp\/v2\/posts\/265920\/revisions"}],"wp:featuredmedia":[{"embeddable":true,"href":"https:\/\/blogdofarnesio.com.br\/index.php?rest_route=\/wp\/v2\/media\/257376"}],"wp:attachment":[{"href":"https:\/\/blogdofarnesio.com.br\/index.php?rest_route=%2Fwp%2Fv2%2Fmedia&parent=265920"}],"wp:term":[{"taxonomy":"category","embeddable":true,"href":"https:\/\/blogdofarnesio.com.br\/index.php?rest_route=%2Fwp%2Fv2%2Fcategories&post=265920"},{"taxonomy":"post_tag","embeddable":true,"href":"https:\/\/blogdofarnesio.com.br\/index.php?rest_route=%2Fwp%2Fv2%2Ftags&post=265920"}],"curies":[{"name":"wp","href":"https:\/\/api.w.org\/{rel}","templated":true}]}}