{"id":265914,"date":"2020-08-26T11:02:38","date_gmt":"2020-08-26T14:02:38","guid":{"rendered":"http:\/\/quersaberpolitica.com.br\/2016\/?p=265914"},"modified":"2020-08-26T09:56:19","modified_gmt":"2020-08-26T12:56:19","slug":"com-cinco-candidatos-embolados-disputa-pela-prefeitura-do-recife-permanece-em-aberto","status":"publish","type":"post","link":"https:\/\/blogdofarnesio.com.br\/?p=265914","title":{"rendered":"Com cinco candidatos \u2018embolados\u2019, disputa pela prefeitura do Recife permanece em aberto"},"content":{"rendered":"<p>A segunda pesquisa que o instituto Conectar faz e divulga na cidade de Recife, nesse m\u00eas de agosto de 2020, mostra que a disputa pela Prefeitura da Cidade do Recife continua em aberto. H\u00e1 cinco candidatos \u201cembolados\u201d, todos eles empatados tecnicamente na margem de erro de 3,5% do levantamento.<\/p>\n<div id=\"texto-noticia\">\n<p>\u201cTecnicamente, Jo\u00e3o Campos, Mendon\u00e7a Filho, Daniel Coelho, Mar\u00edlia Arraes e a delegada Patr\u00edcia Domingos podem estar liderando a disputa, dentro da margem de erro dos resultados obtidos. Num futuro pr\u00f3ximo, com a defini\u00e7\u00e3o oficial das candidatura pelas conven\u00e7\u00f5es partid\u00e1rias, poderemos ter uma no\u00e7\u00e3o mais clara do que pode ocorrer nessa disputa\u201d, explica o coordenador da pesquisa, Maur\u00edcio Garcia.<\/p>\n<p><a href=\"https:\/\/blogs.ne10.uol.com.br\/jamildo\/2020\/08\/10\/pesquisa-mostra-candidatos-a-esquerda-e-a-direita-embolados-na-disputa-pelo-recife\/\"><strong>Pesquisa mostra candidatos \u00e0 esquerda e \u00e0 direita \u2018embolados\u2019 na disputa pelo Recife<\/strong><\/a><\/p>\n<p>Comparativamente com o \u00faltimo estudo da Conectar, houve uma eleva\u00e7\u00e3o do percentual dos que se disp\u00f5em a votar em branco ou anular seu voto, passando de 20%, nessa simula\u00e7\u00e3o com uma quantidade maior de candidatos, para 24% ou at\u00e9 25% dependendo do cen\u00e1rio.<\/p>\n<p><img loading=\"lazy\" decoding=\"async\" class=\"wp-image-231824 img-responsive  aligncenter\" src=\"https:\/\/imagens4.ne10.uol.com.br\/blogsne10\/jamildo\/uploads\/\/2020\/08\/pesquisa-cen%C3%A1rio-1.jpg\" sizes=\"auto, (max-width: 1431px) 100vw, 1431px\" srcset=\"https:\/\/imagens1.ne10.uol.com.br\/blogsne10\/jamildo\/uploads\/2020\/08\/pesquisa-cen\u00e1rio-1.jpg 1431w, https:\/\/imagens1.ne10.uol.com.br\/blogsne10\/jamildo\/uploads\/2020\/08\/pesquisa-cen\u00e1rio-1-300x169.jpg 300w, https:\/\/imagens1.ne10.uol.com.br\/blogsne10\/jamildo\/uploads\/2020\/08\/pesquisa-cen\u00e1rio-1-727x410.jpg 727w\" alt=\"\" width=\"649\" height=\"366\" \/><\/p>\n<p><strong>Primeiro cen\u00e1rio<\/strong><\/p>\n<p>Dos cinco pr\u00e9-candidatos com a melhor pontua\u00e7\u00e3o na pesquisa, qualquer um pode estar liderando a disputa, dentro da margem de erro de 3,5%.<\/p>\n<p>Neste primeiro cen\u00e1rio, com oito candidatos, \u00e0 esquerda e \u00e0 direita, Jo\u00e3o Campos lidera, seguido de perto por Daniel Coelho, Mar\u00edlia Arraes e Mendon\u00e7a Filho. Marco Aur\u00e9lio, aliado do vice Mour\u00e3o, que n\u00e3o apareceu na primeira pesquisa e reclamou, surge com 2% das inten\u00e7\u00f5es de voto. Com a inclus\u00e3o de tantos nomes, a op\u00e7\u00e3o dos eleitores por votar em nenhum, branco ou nulo chega a 24%. O pr\u00e9-candidato do Novo Charbel Moroun n\u00e3o pontuou nesta parte do levantamento.<\/p>\n<p><a href=\"https:\/\/blogs.ne10.uol.com.br\/jamildo\/2020\/08\/24\/joao-campos-bate-na-gestao-do-pt-no-recife-e-defende-legado-de-geraldo-julio\/\"><strong>Jo\u00e3o Campos bate na gest\u00e3o do PT no Recife e defende legado de Geraldo Julio<\/strong><\/a><\/p>\n<p><img loading=\"lazy\" decoding=\"async\" class=\"wp-image-231825 img-responsive  aligncenter\" src=\"https:\/\/imagens4.ne10.uol.com.br\/blogsne10\/jamildo\/uploads\/\/2020\/08\/pesquisa-cenario-2.jpg\" sizes=\"auto, (max-width: 1439px) 100vw, 1439px\" srcset=\"https:\/\/imagens1.ne10.uol.com.br\/blogsne10\/jamildo\/uploads\/2020\/08\/pesquisa-cenario-2.jpg 1439w, https:\/\/imagens1.ne10.uol.com.br\/blogsne10\/jamildo\/uploads\/2020\/08\/pesquisa-cenario-2-300x169.jpg 300w, https:\/\/imagens1.ne10.uol.com.br\/blogsne10\/jamildo\/uploads\/2020\/08\/pesquisa-cenario-2-726x410.jpg 726w\" alt=\"\" width=\"675\" height=\"381\" \/><\/p>\n<p><strong>Segundo cen\u00e1rio<\/strong><\/p>\n<p>Mesmo no segundo cen\u00e1rio, sem Daniel Coelho, Gadelha, Marco Aur\u00e9lio e Feitosa, a indefini\u00e7\u00e3o se mant\u00e9m. Jo\u00e3o Campos, Mendon\u00e7a Filho, Mar\u00edlia Arraes e a delegada Patr\u00edcia Domingos, estatisticamente lideram a disputa, j\u00e1 que apenas 3 pontos percentuais separam, numericamente o primeiro colocado da quarta colocada. No primeiro cen\u00e1rio reduzido, Jo\u00e3o Campos tem 19%, Mendon\u00e7a Filho 17%, Mar\u00edlia Arraes, 17%, Patricia Domingos 16% e Charbel, 2%.<\/p>\n<p><img loading=\"lazy\" decoding=\"async\" class=\"wp-image-231826 img-responsive  aligncenter\" src=\"https:\/\/imagens4.ne10.uol.com.br\/blogsne10\/jamildo\/uploads\/\/2020\/08\/pesquisa-cenario-3.jpg\" sizes=\"auto, (max-width: 1437px) 100vw, 1437px\" srcset=\"https:\/\/imagens1.ne10.uol.com.br\/blogsne10\/jamildo\/uploads\/2020\/08\/pesquisa-cenario-3.jpg 1437w, https:\/\/imagens1.ne10.uol.com.br\/blogsne10\/jamildo\/uploads\/2020\/08\/pesquisa-cenario-3-300x169.jpg 300w, https:\/\/imagens1.ne10.uol.com.br\/blogsne10\/jamildo\/uploads\/2020\/08\/pesquisa-cenario-3-728x410.jpg 728w\" alt=\"\" width=\"640\" height=\"360\" \/><\/p>\n<p><strong>Terceiro cen\u00e1rio<\/strong><\/p>\n<p>No terceiro cen\u00e1rio testado, dessa vez com Daniel Coelho no lugar de Mendon\u00e7a Filho, mas sem Gadelha, Marco Aur\u00e9lio e Feitosa, h\u00e1 outro empate t\u00e9cnico. Apenas 4 pontos percentuais separam, numericamente, o primeiro do quarto colocado.<\/p>\n<p>\u201cVale destacar que da pesquisa do in\u00edcio de agosto para essa, a diferen\u00e7a nas duas simula\u00e7\u00f5es, \u00e9 a inclus\u00e3o da delegada Patr\u00edcia Domingos nos dois cen\u00e1rios\u201d, cita o pesquisador. Este \u00e9 o melhor cen\u00e1rio da policial civil, que obt\u00e9m o terceiro lugar numericamente, sem Mendon\u00e7a Filho na disputa.<\/p>\n<p>No segundo cen\u00e1rio \u2013 sem Mendon\u00e7a e com Daniel -, Jo\u00e3o Campos oscila um ponto percentual positivo e vai para 20%. O mesmo acontece com Mar\u00edlia, que passa para a segunda coloca\u00e7\u00e3o num\u00e9rica com 18%. Patr\u00edcia Domingos permanece com 16%, empatada com Daniel, 16% e Charbel 1%.<\/p>\n<p><strong>Pesquisa espont\u00e2nea<\/strong><\/p>\n<p>O dado mais significativo da pergunta espont\u00e2nea de inten\u00e7\u00e3o de voto \u00e9 a redu\u00e7\u00e3o, em cerca de 20 dias apenas, do n\u00famero de indecisos em rela\u00e7\u00e3o ao voto para prefeito espontaneamente, uma recuo de 15 pontos percentuais. Consequentemente,os percentuais de cita\u00e7\u00f5es dos poss\u00edveis candidatos crescem.<\/p>\n<p>Para os organizadores, isso demonstra que, mesmo com a pandemia, aos poucos, a elei\u00e7\u00e3o j\u00e1 come\u00e7a a ganhar espa\u00e7o na cabe\u00e7a do eleitor recifense.<\/p>\n<p>Al\u00e9m disso, como era esperado, h\u00e1 um recuo das cita\u00e7\u00f5es do atual prefeito Geraldo J\u00falio, j\u00e1 que ele n\u00e3o pode se candidatar novamente, e um crescimento de sete pontos percentuais dos que dizem que pretendem votar em branco ou anular o seu voto.<\/p>\n<p><strong>Quem \u00e9 o nome de Bolsonaro?<\/strong><\/p>\n<p>O levantamento mediu ainda a rejei\u00e7\u00e3o dos candidatos e o grau de avalia\u00e7\u00e3o do prefeito Geraldo Julio, o governador Paulo C\u00e2mara e presidente Bolsonaro, em rela\u00e7\u00e3o ao pleito deste ano, na capital pernambucana. A pesquisa tamb\u00e9m perguntou ao eleitor qual dos candidatos ele associa ao presidente Jair Bolsonaro.<\/p>\n<p><strong>Dados da pesquisa<\/strong><\/p>\n<p>A coleta das entrevistas foi realizada entre os dias 21 e 24de agosto de 2020.<\/p>\n<p>Foram realizadas 800 entrevistas com eleitores de Recife, consequentemente, a margem de erro m\u00e1xima estimada da pesquisa \u00e9 de 3,5pontos percentuais para mais ou para menos sobre os resultados totais apresentados.<\/p>\n<p>O n\u00edvel de confian\u00e7a da pesquisa \u00e9 de 95%.<\/p>\n<p>A pesquisa foi contratada pelo Democratas de Pernambuco.<\/p>\n<p>A pesquisa foi registrada sob o n\u00famero PE-07000\/2020<\/p>\n<p>O Instituto Conectar \u00e9 comandado pelo soci\u00f3logo, Maur\u00edcio Garcia, soci\u00f3logo, um dos pesquisadores mais respeitados do mercado, tendo trabalhado durante mais de 20 anos no IBOPE, onde coordenou centenas estudos quantitativos e qualitativos de pesquisa. Tamb\u00e9m trabalhou no instituto de pesquisas pernambucano Ipespe durante mais de 3 anos. Maur\u00edcio Garcia \u00e9 associado \u00e0 Wapor (World Association for Public Opinion.<\/p>\n<p><strong>Blogdejamildo<\/strong><\/p>\n<\/div>\n","protected":false},"excerpt":{"rendered":"<p>A segunda pesquisa que o instituto Conectar faz e divulga na cidade de Recife, nesse m\u00eas de agosto de 2020, mostra que a disputa pela Prefeitura da Cidade do Recife continua em aberto. H\u00e1 cinco candidatos \u201cembolados\u201d, todos eles empatados tecnicamente na margem de erro de 3,5% do levantamento. \u201cTecnicamente, Jo\u00e3o Campos, Mendon\u00e7a Filho, Daniel Coelho, Mar\u00edlia Arraes e a delegada Patr\u00edcia Domingos podem estar liderando a disputa, dentro da margem de erro dos resultados obtidos. Num futuro pr\u00f3ximo, com a defini\u00e7\u00e3o oficial das candidatura pelas conven\u00e7\u00f5es partid\u00e1rias, poderemos ter uma no\u00e7\u00e3o mais clara do que pode ocorrer nessa disputa\u201d, explica o coordenador da pesquisa, Maur\u00edcio Garcia. Pesquisa mostra candidatos \u00e0 esquerda e \u00e0 direita \u2018embolados\u2019 na disputa pelo Recife&hellip; <\/p>\n","protected":false},"author":1,"featured_media":254669,"comment_status":"closed","ping_status":"closed","sticky":false,"template":"","format":"standard","meta":{"_acf_changed":false,"footnotes":""},"categories":[34],"tags":[],"class_list":["post-265914","post","type-post","status-publish","format-standard","has-post-thumbnail","hentry","category-eleicoes"],"acf":[],"yoast_head":"<!-- This site is optimized with the Yoast SEO plugin v27.4 - https:\/\/yoast.com\/product\/yoast-seo-wordpress\/ -->\n<title>Com cinco candidatos \u2018embolados\u2019, disputa pela prefeitura do Recife permanece em aberto - Blog do Farn\u00e9sio<\/title>\n<meta name=\"robots\" content=\"index, follow, max-snippet:-1, max-image-preview:large, max-video-preview:-1\" \/>\n<link rel=\"canonical\" href=\"https:\/\/blogdofarnesio.com.br\/?p=265914\" \/>\n<meta property=\"og:locale\" content=\"pt_BR\" \/>\n<meta property=\"og:type\" content=\"article\" \/>\n<meta property=\"og:title\" content=\"Com cinco candidatos \u2018embolados\u2019, disputa pela prefeitura do Recife permanece em aberto - Blog do Farn\u00e9sio\" \/>\n<meta property=\"og:description\" content=\"A segunda pesquisa que o instituto Conectar faz e divulga na cidade de Recife, nesse m\u00eas de agosto de 2020, mostra que a disputa pela Prefeitura da Cidade do Recife continua em aberto. H\u00e1 cinco candidatos \u201cembolados\u201d, todos eles empatados tecnicamente na margem de erro de 3,5% do levantamento. \u201cTecnicamente, Jo\u00e3o Campos, Mendon\u00e7a Filho, Daniel Coelho, Mar\u00edlia Arraes e a delegada Patr\u00edcia Domingos podem estar liderando a disputa, dentro da margem de erro dos resultados obtidos. Num futuro pr\u00f3ximo, com a defini\u00e7\u00e3o oficial das candidatura pelas conven\u00e7\u00f5es partid\u00e1rias, poderemos ter uma no\u00e7\u00e3o mais clara do que pode ocorrer nessa disputa\u201d, explica o coordenador da pesquisa, Maur\u00edcio Garcia. Pesquisa mostra candidatos \u00e0 esquerda e \u00e0 direita \u2018embolados\u2019 na disputa pelo Recife&hellip;\" \/>\n<meta property=\"og:url\" content=\"https:\/\/blogdofarnesio.com.br\/?p=265914\" \/>\n<meta property=\"og:site_name\" content=\"Blog do Farn\u00e9sio\" \/>\n<meta property=\"article:publisher\" content=\"https:\/\/www.facebook.com\/BlogQuerSaberPolitica\/\" \/>\n<meta property=\"article:published_time\" content=\"2020-08-26T14:02:38+00:00\" \/>\n<meta property=\"og:image\" content=\"https:\/\/blogdofarnesio.com.br\/wp-content\/uploads\/2020\/04\/blogqspelei\u00e7\u00f5es-prefeito-2.jpg\" \/>\n\t<meta property=\"og:image:width\" content=\"382\" \/>\n\t<meta property=\"og:image:height\" content=\"277\" \/>\n\t<meta property=\"og:image:type\" content=\"image\/jpeg\" \/>\n<meta name=\"author\" content=\"Farn\u00e9sio\" \/>\n<meta name=\"twitter:card\" content=\"summary_large_image\" \/>\n<meta name=\"twitter:label1\" content=\"Escrito por\" \/>\n\t<meta name=\"twitter:data1\" content=\"Farn\u00e9sio\" \/>\n\t<meta name=\"twitter:label2\" content=\"Est. tempo de leitura\" \/>\n\t<meta name=\"twitter:data2\" content=\"4 minutos\" \/>\n<script type=\"application\/ld+json\" class=\"yoast-schema-graph\">{\"@context\":\"https:\\\/\\\/schema.org\",\"@graph\":[{\"@type\":\"Article\",\"@id\":\"https:\\\/\\\/blogdofarnesio.com.br\\\/?p=265914#article\",\"isPartOf\":{\"@id\":\"https:\\\/\\\/blogdofarnesio.com.br\\\/?p=265914\"},\"author\":{\"name\":\"Farn\u00e9sio\",\"@id\":\"https:\\\/\\\/blogdofarnesio.com.br\\\/#\\\/schema\\\/person\\\/301c4acf522bccbfdb45af95b5b906a1\"},\"headline\":\"Com cinco candidatos \u2018embolados\u2019, disputa pela prefeitura do Recife permanece em aberto\",\"datePublished\":\"2020-08-26T14:02:38+00:00\",\"mainEntityOfPage\":{\"@id\":\"https:\\\/\\\/blogdofarnesio.com.br\\\/?p=265914\"},\"wordCount\":850,\"publisher\":{\"@id\":\"https:\\\/\\\/blogdofarnesio.com.br\\\/#organization\"},\"image\":{\"@id\":\"https:\\\/\\\/blogdofarnesio.com.br\\\/?p=265914#primaryimage\"},\"thumbnailUrl\":\"https:\\\/\\\/blogdofarnesio.com.br\\\/wp-content\\\/uploads\\\/2020\\\/04\\\/blogqspelei\u00e7\u00f5es-prefeito-2.jpg\",\"articleSection\":[\"Elei\u00e7\u00f5es\"],\"inLanguage\":\"pt-BR\"},{\"@type\":\"WebPage\",\"@id\":\"https:\\\/\\\/blogdofarnesio.com.br\\\/?p=265914\",\"url\":\"https:\\\/\\\/blogdofarnesio.com.br\\\/?p=265914\",\"name\":\"Com cinco candidatos \u2018embolados\u2019, disputa pela prefeitura do Recife permanece em aberto - Blog do Farn\u00e9sio\",\"isPartOf\":{\"@id\":\"https:\\\/\\\/blogdofarnesio.com.br\\\/#website\"},\"primaryImageOfPage\":{\"@id\":\"https:\\\/\\\/blogdofarnesio.com.br\\\/?p=265914#primaryimage\"},\"image\":{\"@id\":\"https:\\\/\\\/blogdofarnesio.com.br\\\/?p=265914#primaryimage\"},\"thumbnailUrl\":\"https:\\\/\\\/blogdofarnesio.com.br\\\/wp-content\\\/uploads\\\/2020\\\/04\\\/blogqspelei\u00e7\u00f5es-prefeito-2.jpg\",\"datePublished\":\"2020-08-26T14:02:38+00:00\",\"breadcrumb\":{\"@id\":\"https:\\\/\\\/blogdofarnesio.com.br\\\/?p=265914#breadcrumb\"},\"inLanguage\":\"pt-BR\",\"potentialAction\":[{\"@type\":\"ReadAction\",\"target\":[\"https:\\\/\\\/blogdofarnesio.com.br\\\/?p=265914\"]}]},{\"@type\":\"ImageObject\",\"inLanguage\":\"pt-BR\",\"@id\":\"https:\\\/\\\/blogdofarnesio.com.br\\\/?p=265914#primaryimage\",\"url\":\"https:\\\/\\\/blogdofarnesio.com.br\\\/wp-content\\\/uploads\\\/2020\\\/04\\\/blogqspelei\u00e7\u00f5es-prefeito-2.jpg\",\"contentUrl\":\"https:\\\/\\\/blogdofarnesio.com.br\\\/wp-content\\\/uploads\\\/2020\\\/04\\\/blogqspelei\u00e7\u00f5es-prefeito-2.jpg\",\"width\":382,\"height\":277,\"caption\":\"Charge-Quem quer ser candidato?\"},{\"@type\":\"BreadcrumbList\",\"@id\":\"https:\\\/\\\/blogdofarnesio.com.br\\\/?p=265914#breadcrumb\",\"itemListElement\":[{\"@type\":\"ListItem\",\"position\":1,\"name\":\"In\u00edcio\",\"item\":\"https:\\\/\\\/blogdofarnesio.com.br\\\/\"},{\"@type\":\"ListItem\",\"position\":2,\"name\":\"Com cinco candidatos \u2018embolados\u2019, disputa pela prefeitura do Recife permanece em aberto\"}]},{\"@type\":\"WebSite\",\"@id\":\"https:\\\/\\\/blogdofarnesio.com.br\\\/#website\",\"url\":\"https:\\\/\\\/blogdofarnesio.com.br\\\/\",\"name\":\"Blog do Farn\u00e9sio\",\"description\":\"Quer Saber Pol\u00edtica?\",\"publisher\":{\"@id\":\"https:\\\/\\\/blogdofarnesio.com.br\\\/#organization\"},\"potentialAction\":[{\"@type\":\"SearchAction\",\"target\":{\"@type\":\"EntryPoint\",\"urlTemplate\":\"https:\\\/\\\/blogdofarnesio.com.br\\\/?s={search_term_string}\"},\"query-input\":{\"@type\":\"PropertyValueSpecification\",\"valueRequired\":true,\"valueName\":\"search_term_string\"}}],\"inLanguage\":\"pt-BR\"},{\"@type\":\"Organization\",\"@id\":\"https:\\\/\\\/blogdofarnesio.com.br\\\/#organization\",\"name\":\"Blog do Farn\u00e9sio\",\"url\":\"https:\\\/\\\/blogdofarnesio.com.br\\\/\",\"logo\":{\"@type\":\"ImageObject\",\"inLanguage\":\"pt-BR\",\"@id\":\"https:\\\/\\\/blogdofarnesio.com.br\\\/#\\\/schema\\\/logo\\\/image\\\/\",\"url\":\"https:\\\/\\\/blogdofarnesio.com.br\\\/wp-content\\\/uploads\\\/2026\\\/03\\\/cropped-logo_new-1.png\",\"contentUrl\":\"https:\\\/\\\/blogdofarnesio.com.br\\\/wp-content\\\/uploads\\\/2026\\\/03\\\/cropped-logo_new-1.png\",\"width\":881,\"height\":685,\"caption\":\"Blog do Farn\u00e9sio\"},\"image\":{\"@id\":\"https:\\\/\\\/blogdofarnesio.com.br\\\/#\\\/schema\\\/logo\\\/image\\\/\"},\"sameAs\":[\"https:\\\/\\\/www.facebook.com\\\/BlogQuerSaberPolitica\\\/\"]},{\"@type\":\"Person\",\"@id\":\"https:\\\/\\\/blogdofarnesio.com.br\\\/#\\\/schema\\\/person\\\/301c4acf522bccbfdb45af95b5b906a1\",\"name\":\"Farn\u00e9sio\",\"image\":{\"@type\":\"ImageObject\",\"inLanguage\":\"pt-BR\",\"@id\":\"https:\\\/\\\/secure.gravatar.com\\\/avatar\\\/df0c9a14567c056f8ad6876ba5bbd1e3e2c48023eb6807342fc4663adf549f38?s=96&d=mm&r=g\",\"url\":\"https:\\\/\\\/secure.gravatar.com\\\/avatar\\\/df0c9a14567c056f8ad6876ba5bbd1e3e2c48023eb6807342fc4663adf549f38?s=96&d=mm&r=g\",\"contentUrl\":\"https:\\\/\\\/secure.gravatar.com\\\/avatar\\\/df0c9a14567c056f8ad6876ba5bbd1e3e2c48023eb6807342fc4663adf549f38?s=96&d=mm&r=g\",\"caption\":\"Farn\u00e9sio\"},\"sameAs\":[\"https:\\\/\\\/quersaberpolitica.com.br\"],\"url\":\"https:\\\/\\\/blogdofarnesio.com.br\\\/?author=1\"}]}<\/script>\n<!-- \/ Yoast SEO plugin. -->","yoast_head_json":{"title":"Com cinco candidatos \u2018embolados\u2019, disputa pela prefeitura do Recife permanece em aberto - Blog do Farn\u00e9sio","robots":{"index":"index","follow":"follow","max-snippet":"max-snippet:-1","max-image-preview":"max-image-preview:large","max-video-preview":"max-video-preview:-1"},"canonical":"https:\/\/blogdofarnesio.com.br\/?p=265914","og_locale":"pt_BR","og_type":"article","og_title":"Com cinco candidatos \u2018embolados\u2019, disputa pela prefeitura do Recife permanece em aberto - Blog do Farn\u00e9sio","og_description":"A segunda pesquisa que o instituto Conectar faz e divulga na cidade de Recife, nesse m\u00eas de agosto de 2020, mostra que a disputa pela Prefeitura da Cidade do Recife continua em aberto. H\u00e1 cinco candidatos \u201cembolados\u201d, todos eles empatados tecnicamente na margem de erro de 3,5% do levantamento. \u201cTecnicamente, Jo\u00e3o Campos, Mendon\u00e7a Filho, Daniel Coelho, Mar\u00edlia Arraes e a delegada Patr\u00edcia Domingos podem estar liderando a disputa, dentro da margem de erro dos resultados obtidos. Num futuro pr\u00f3ximo, com a defini\u00e7\u00e3o oficial das candidatura pelas conven\u00e7\u00f5es partid\u00e1rias, poderemos ter uma no\u00e7\u00e3o mais clara do que pode ocorrer nessa disputa\u201d, explica o coordenador da pesquisa, Maur\u00edcio Garcia. Pesquisa mostra candidatos \u00e0 esquerda e \u00e0 direita \u2018embolados\u2019 na disputa pelo Recife&hellip;","og_url":"https:\/\/blogdofarnesio.com.br\/?p=265914","og_site_name":"Blog do Farn\u00e9sio","article_publisher":"https:\/\/www.facebook.com\/BlogQuerSaberPolitica\/","article_published_time":"2020-08-26T14:02:38+00:00","og_image":[{"width":382,"height":277,"url":"https:\/\/blogdofarnesio.com.br\/wp-content\/uploads\/2020\/04\/blogqspelei\u00e7\u00f5es-prefeito-2.jpg","type":"image\/jpeg"}],"author":"Farn\u00e9sio","twitter_card":"summary_large_image","twitter_misc":{"Escrito por":"Farn\u00e9sio","Est. tempo de leitura":"4 minutos"},"schema":{"@context":"https:\/\/schema.org","@graph":[{"@type":"Article","@id":"https:\/\/blogdofarnesio.com.br\/?p=265914#article","isPartOf":{"@id":"https:\/\/blogdofarnesio.com.br\/?p=265914"},"author":{"name":"Farn\u00e9sio","@id":"https:\/\/blogdofarnesio.com.br\/#\/schema\/person\/301c4acf522bccbfdb45af95b5b906a1"},"headline":"Com cinco candidatos \u2018embolados\u2019, disputa pela prefeitura do Recife permanece em aberto","datePublished":"2020-08-26T14:02:38+00:00","mainEntityOfPage":{"@id":"https:\/\/blogdofarnesio.com.br\/?p=265914"},"wordCount":850,"publisher":{"@id":"https:\/\/blogdofarnesio.com.br\/#organization"},"image":{"@id":"https:\/\/blogdofarnesio.com.br\/?p=265914#primaryimage"},"thumbnailUrl":"https:\/\/blogdofarnesio.com.br\/wp-content\/uploads\/2020\/04\/blogqspelei\u00e7\u00f5es-prefeito-2.jpg","articleSection":["Elei\u00e7\u00f5es"],"inLanguage":"pt-BR"},{"@type":"WebPage","@id":"https:\/\/blogdofarnesio.com.br\/?p=265914","url":"https:\/\/blogdofarnesio.com.br\/?p=265914","name":"Com cinco candidatos \u2018embolados\u2019, disputa pela prefeitura do Recife permanece em aberto - Blog do Farn\u00e9sio","isPartOf":{"@id":"https:\/\/blogdofarnesio.com.br\/#website"},"primaryImageOfPage":{"@id":"https:\/\/blogdofarnesio.com.br\/?p=265914#primaryimage"},"image":{"@id":"https:\/\/blogdofarnesio.com.br\/?p=265914#primaryimage"},"thumbnailUrl":"https:\/\/blogdofarnesio.com.br\/wp-content\/uploads\/2020\/04\/blogqspelei\u00e7\u00f5es-prefeito-2.jpg","datePublished":"2020-08-26T14:02:38+00:00","breadcrumb":{"@id":"https:\/\/blogdofarnesio.com.br\/?p=265914#breadcrumb"},"inLanguage":"pt-BR","potentialAction":[{"@type":"ReadAction","target":["https:\/\/blogdofarnesio.com.br\/?p=265914"]}]},{"@type":"ImageObject","inLanguage":"pt-BR","@id":"https:\/\/blogdofarnesio.com.br\/?p=265914#primaryimage","url":"https:\/\/blogdofarnesio.com.br\/wp-content\/uploads\/2020\/04\/blogqspelei\u00e7\u00f5es-prefeito-2.jpg","contentUrl":"https:\/\/blogdofarnesio.com.br\/wp-content\/uploads\/2020\/04\/blogqspelei\u00e7\u00f5es-prefeito-2.jpg","width":382,"height":277,"caption":"Charge-Quem quer ser candidato?"},{"@type":"BreadcrumbList","@id":"https:\/\/blogdofarnesio.com.br\/?p=265914#breadcrumb","itemListElement":[{"@type":"ListItem","position":1,"name":"In\u00edcio","item":"https:\/\/blogdofarnesio.com.br\/"},{"@type":"ListItem","position":2,"name":"Com cinco candidatos \u2018embolados\u2019, disputa pela prefeitura do Recife permanece em aberto"}]},{"@type":"WebSite","@id":"https:\/\/blogdofarnesio.com.br\/#website","url":"https:\/\/blogdofarnesio.com.br\/","name":"Blog do Farn\u00e9sio","description":"Quer Saber Pol\u00edtica?","publisher":{"@id":"https:\/\/blogdofarnesio.com.br\/#organization"},"potentialAction":[{"@type":"SearchAction","target":{"@type":"EntryPoint","urlTemplate":"https:\/\/blogdofarnesio.com.br\/?s={search_term_string}"},"query-input":{"@type":"PropertyValueSpecification","valueRequired":true,"valueName":"search_term_string"}}],"inLanguage":"pt-BR"},{"@type":"Organization","@id":"https:\/\/blogdofarnesio.com.br\/#organization","name":"Blog do Farn\u00e9sio","url":"https:\/\/blogdofarnesio.com.br\/","logo":{"@type":"ImageObject","inLanguage":"pt-BR","@id":"https:\/\/blogdofarnesio.com.br\/#\/schema\/logo\/image\/","url":"https:\/\/blogdofarnesio.com.br\/wp-content\/uploads\/2026\/03\/cropped-logo_new-1.png","contentUrl":"https:\/\/blogdofarnesio.com.br\/wp-content\/uploads\/2026\/03\/cropped-logo_new-1.png","width":881,"height":685,"caption":"Blog do Farn\u00e9sio"},"image":{"@id":"https:\/\/blogdofarnesio.com.br\/#\/schema\/logo\/image\/"},"sameAs":["https:\/\/www.facebook.com\/BlogQuerSaberPolitica\/"]},{"@type":"Person","@id":"https:\/\/blogdofarnesio.com.br\/#\/schema\/person\/301c4acf522bccbfdb45af95b5b906a1","name":"Farn\u00e9sio","image":{"@type":"ImageObject","inLanguage":"pt-BR","@id":"https:\/\/secure.gravatar.com\/avatar\/df0c9a14567c056f8ad6876ba5bbd1e3e2c48023eb6807342fc4663adf549f38?s=96&d=mm&r=g","url":"https:\/\/secure.gravatar.com\/avatar\/df0c9a14567c056f8ad6876ba5bbd1e3e2c48023eb6807342fc4663adf549f38?s=96&d=mm&r=g","contentUrl":"https:\/\/secure.gravatar.com\/avatar\/df0c9a14567c056f8ad6876ba5bbd1e3e2c48023eb6807342fc4663adf549f38?s=96&d=mm&r=g","caption":"Farn\u00e9sio"},"sameAs":["https:\/\/quersaberpolitica.com.br"],"url":"https:\/\/blogdofarnesio.com.br\/?author=1"}]}},"_links":{"self":[{"href":"https:\/\/blogdofarnesio.com.br\/index.php?rest_route=\/wp\/v2\/posts\/265914","targetHints":{"allow":["GET"]}}],"collection":[{"href":"https:\/\/blogdofarnesio.com.br\/index.php?rest_route=\/wp\/v2\/posts"}],"about":[{"href":"https:\/\/blogdofarnesio.com.br\/index.php?rest_route=\/wp\/v2\/types\/post"}],"author":[{"embeddable":true,"href":"https:\/\/blogdofarnesio.com.br\/index.php?rest_route=\/wp\/v2\/users\/1"}],"replies":[{"embeddable":true,"href":"https:\/\/blogdofarnesio.com.br\/index.php?rest_route=%2Fwp%2Fv2%2Fcomments&post=265914"}],"version-history":[{"count":0,"href":"https:\/\/blogdofarnesio.com.br\/index.php?rest_route=\/wp\/v2\/posts\/265914\/revisions"}],"wp:featuredmedia":[{"embeddable":true,"href":"https:\/\/blogdofarnesio.com.br\/index.php?rest_route=\/wp\/v2\/media\/254669"}],"wp:attachment":[{"href":"https:\/\/blogdofarnesio.com.br\/index.php?rest_route=%2Fwp%2Fv2%2Fmedia&parent=265914"}],"wp:term":[{"taxonomy":"category","embeddable":true,"href":"https:\/\/blogdofarnesio.com.br\/index.php?rest_route=%2Fwp%2Fv2%2Fcategories&post=265914"},{"taxonomy":"post_tag","embeddable":true,"href":"https:\/\/blogdofarnesio.com.br\/index.php?rest_route=%2Fwp%2Fv2%2Ftags&post=265914"}],"curies":[{"name":"wp","href":"https:\/\/api.w.org\/{rel}","templated":true}]}}