{"id":265910,"date":"2020-08-26T14:00:01","date_gmt":"2020-08-26T17:00:01","guid":{"rendered":"http:\/\/quersaberpolitica.com.br\/2016\/?p=265910"},"modified":"2020-08-26T09:09:16","modified_gmt":"2020-08-26T12:09:16","slug":"pre-candidata-a-vereadora-pelo-pt-no-mandato-coletivo-pretas-os-lgbt-perifericos-realiza-live-sobre-o-dia-internacional-da-igualdade-da-mulher","status":"publish","type":"post","link":"https:\/\/blogdofarnesio.com.br\/?p=265910","title":{"rendered":"Pr\u00e9-candidata a vereadora pelo PT, no mandato coletivo Pretas\/os, LGBT+, Perif\u00e9ricos realiza live sobre o Dia Internacional da Igualdade da Mulher"},"content":{"rendered":"<p>O programa Papo de Periferia, organizado pelo Coletivo Pretas\/os, LGBT+ e Perif\u00e9ricos, realiza nesta quarta (26.8), \u00e0s 19h, nas redes sociais da pr\u00e9-candidata a vereadora pelo PT, em Juazeiro \u2013 BA, Luana Rodrigues, uma live sobre o Dia Internacional da Igualdade da Mulher.<\/p>\n<p>A discuss\u00e3o vai especificar as necessidades das mulheres, a import\u00e2ncia no meio pol\u00edtico e a sua representa\u00e7\u00e3o em diversos momentos hist\u00f3ricos.<\/p>\n<p>Desta vez, Luana Rodrigues estar\u00e1 na companhia da Dra em Estudos de G\u00eanero e militante do movimento feminista, Dalila Santos; da dirigente Estadual do Sindicato dos Trabalhadores em \u00c1gua, Esgoto e Meio Ambiente da Bahia e militante feminista, Suely Nelson e da professora de Hist\u00f3ria e Filosofia, Taciana Albuquerque.<\/p>\n<p>A live acontecer\u00e1 na mesma data em que se comemora o Dia Internacional da Igualdade da Mulher, para relembrar a luta feminina por espa\u00e7o tanto no mercado de trabalho como no meio pol\u00edtico. O coletivo Pretas\/os, LGBT+ e Perif\u00e9ricos \u00e9 composto majoritariamente por mulheres, e assume as bandeiras femininas para que outras mulheres n\u00e3o se intimidem com as desigualdades e viol\u00eancias do dia a dia.<\/p>\n<p>A conversa tamb\u00e9m trar\u00e1 reflex\u00f5es sobre o que foi discutido no F\u00f3rum de Mulheres realizado em Junho pelo Coletivo Pretas\/os, LGBT+ e Perif\u00e9ricos onde buscou ouvir as den\u00fancias e sugest\u00f5es das mulheres juazeirenses que reivindicam por melhores condi\u00e7\u00f5es de vida, mais espa\u00e7o pol\u00edtico, manuten\u00e7\u00e3o e cuidado com os direitos j\u00e1 conquistados: seja nas casas de apoio \u00e0s v\u00edtimas de viol\u00eancia e pol\u00edticas p\u00fablicas de inser\u00e7\u00e3o no mercado de trabalho.<\/p>\n<p>Luana Rodrigues defende a import\u00e2ncia de ter mulheres discutindo pol\u00edtica e que elas estejam pleiteando cargos para que as demandas recorrentes sejam ouvidas. \u201cTer uma voz feminina, com direitos iguais na c\u00e2mara de Vereadores de Juazeiro, \u00e9 uma forma de mostrarmos para essas mulheres, que elas t\u00eam espa\u00e7o e n\u00e3o ser\u00e3o silenciadas.<\/p>\n<p>Precisamos mostrar que as mulheres podem estar na lideran\u00e7a\u201d, afirma. Na semana em que o Supremo Tribunal Federal (TSE) aprovou por 6&#215;1 a paridade na divis\u00e3o dos recursos do Fundo Especial de Financiamento de Campanha \u2013 FEFC &#8211; para candidaturas negras e n\u00e3o negras, \u00e9 importante ressaltar a aus\u00eancia das mulheres negras<br \/>\nem cargos de decis\u00e3o: apenas 2% ocupam o Congresso Nacional e 1% a C\u00e2mara dos<br \/>\nDeputados.<\/p>\n<p>Todos esses temas ser\u00e3o abordados no programa Papo de Periferia, que vai ser transmitido, ao vivo, atrav\u00e9s das redes sociais, Facebook e Youtube, da pr\u00e9- candidata \u00e0 vereadora, Luana Rodrigues.<\/p>\n","protected":false},"excerpt":{"rendered":"<p>O programa Papo de Periferia, organizado pelo Coletivo Pretas\/os, LGBT+ e Perif\u00e9ricos, realiza nesta quarta (26.8), \u00e0s 19h, nas redes sociais da pr\u00e9-candidata a vereadora pelo PT, em Juazeiro \u2013 BA, Luana Rodrigues, uma live sobre o Dia Internacional da Igualdade da Mulher. A discuss\u00e3o vai especificar as necessidades das mulheres, a import\u00e2ncia no meio pol\u00edtico e a sua representa\u00e7\u00e3o em diversos momentos hist\u00f3ricos. Desta vez, Luana Rodrigues estar\u00e1 na companhia da Dra em Estudos de G\u00eanero e militante do movimento feminista, Dalila Santos; da dirigente Estadual do Sindicato dos Trabalhadores em \u00c1gua, Esgoto e Meio Ambiente da Bahia e militante feminista, Suely Nelson e da professora de Hist\u00f3ria e Filosofia, Taciana Albuquerque. A live acontecer\u00e1 na mesma data em&hellip; <\/p>\n","protected":false},"author":1,"featured_media":265911,"comment_status":"closed","ping_status":"closed","sticky":false,"template":"","format":"standard","meta":{"_acf_changed":false,"footnotes":""},"categories":[34],"tags":[],"class_list":["post-265910","post","type-post","status-publish","format-standard","has-post-thumbnail","hentry","category-eleicoes"],"acf":[],"yoast_head":"<!-- This site is optimized with the Yoast SEO plugin v27.4 - https:\/\/yoast.com\/product\/yoast-seo-wordpress\/ -->\n<title>Pr\u00e9-candidata a vereadora pelo PT, no mandato coletivo Pretas\/os, LGBT+, Perif\u00e9ricos realiza live sobre o Dia Internacional da Igualdade da Mulher - Blog do Farn\u00e9sio<\/title>\n<meta name=\"robots\" content=\"index, follow, max-snippet:-1, max-image-preview:large, max-video-preview:-1\" \/>\n<link rel=\"canonical\" href=\"https:\/\/blogdofarnesio.com.br\/?p=265910\" \/>\n<meta property=\"og:locale\" content=\"pt_BR\" \/>\n<meta property=\"og:type\" content=\"article\" \/>\n<meta property=\"og:title\" content=\"Pr\u00e9-candidata a vereadora pelo PT, no mandato coletivo Pretas\/os, LGBT+, Perif\u00e9ricos realiza live sobre o Dia Internacional da Igualdade da Mulher - Blog do Farn\u00e9sio\" \/>\n<meta property=\"og:description\" content=\"O programa Papo de Periferia, organizado pelo Coletivo Pretas\/os, LGBT+ e Perif\u00e9ricos, realiza nesta quarta (26.8), \u00e0s 19h, nas redes sociais da pr\u00e9-candidata a vereadora pelo PT, em Juazeiro \u2013 BA, Luana Rodrigues, uma live sobre o Dia Internacional da Igualdade da Mulher. A discuss\u00e3o vai especificar as necessidades das mulheres, a import\u00e2ncia no meio pol\u00edtico e a sua representa\u00e7\u00e3o em diversos momentos hist\u00f3ricos. Desta vez, Luana Rodrigues estar\u00e1 na companhia da Dra em Estudos de G\u00eanero e militante do movimento feminista, Dalila Santos; da dirigente Estadual do Sindicato dos Trabalhadores em \u00c1gua, Esgoto e Meio Ambiente da Bahia e militante feminista, Suely Nelson e da professora de Hist\u00f3ria e Filosofia, Taciana Albuquerque. A live acontecer\u00e1 na mesma data em&hellip;\" \/>\n<meta property=\"og:url\" content=\"https:\/\/blogdofarnesio.com.br\/?p=265910\" \/>\n<meta property=\"og:site_name\" content=\"Blog do Farn\u00e9sio\" \/>\n<meta property=\"article:publisher\" content=\"https:\/\/www.facebook.com\/BlogQuerSaberPolitica\/\" \/>\n<meta property=\"article:published_time\" content=\"2020-08-26T17:00:01+00:00\" \/>\n<meta property=\"og:image\" content=\"https:\/\/blogdofarnesio.com.br\/wp-content\/uploads\/2020\/08\/WhatsApp-Image-2020-08-25-at-12.10.25-e1598443721799.jpeg\" \/>\n\t<meta property=\"og:image:width\" content=\"580\" \/>\n\t<meta property=\"og:image:height\" content=\"580\" \/>\n\t<meta property=\"og:image:type\" content=\"image\/jpeg\" \/>\n<meta name=\"author\" content=\"Farn\u00e9sio\" \/>\n<meta name=\"twitter:card\" content=\"summary_large_image\" \/>\n<meta name=\"twitter:label1\" content=\"Escrito por\" \/>\n\t<meta name=\"twitter:data1\" content=\"Farn\u00e9sio\" \/>\n\t<meta name=\"twitter:label2\" content=\"Est. tempo de leitura\" \/>\n\t<meta name=\"twitter:data2\" content=\"2 minutos\" \/>\n<script type=\"application\/ld+json\" class=\"yoast-schema-graph\">{\"@context\":\"https:\\\/\\\/schema.org\",\"@graph\":[{\"@type\":\"Article\",\"@id\":\"https:\\\/\\\/blogdofarnesio.com.br\\\/?p=265910#article\",\"isPartOf\":{\"@id\":\"https:\\\/\\\/blogdofarnesio.com.br\\\/?p=265910\"},\"author\":{\"name\":\"Farn\u00e9sio\",\"@id\":\"https:\\\/\\\/blogdofarnesio.com.br\\\/#\\\/schema\\\/person\\\/301c4acf522bccbfdb45af95b5b906a1\"},\"headline\":\"Pr\u00e9-candidata a vereadora pelo PT, no mandato coletivo Pretas\\\/os, LGBT+, Perif\u00e9ricos realiza live sobre o Dia Internacional da Igualdade da Mulher\",\"datePublished\":\"2020-08-26T17:00:01+00:00\",\"mainEntityOfPage\":{\"@id\":\"https:\\\/\\\/blogdofarnesio.com.br\\\/?p=265910\"},\"wordCount\":460,\"publisher\":{\"@id\":\"https:\\\/\\\/blogdofarnesio.com.br\\\/#organization\"},\"image\":{\"@id\":\"https:\\\/\\\/blogdofarnesio.com.br\\\/?p=265910#primaryimage\"},\"thumbnailUrl\":\"https:\\\/\\\/blogdofarnesio.com.br\\\/wp-content\\\/uploads\\\/2020\\\/08\\\/WhatsApp-Image-2020-08-25-at-12.10.25-e1598443721799.jpeg\",\"articleSection\":[\"Elei\u00e7\u00f5es\"],\"inLanguage\":\"pt-BR\"},{\"@type\":\"WebPage\",\"@id\":\"https:\\\/\\\/blogdofarnesio.com.br\\\/?p=265910\",\"url\":\"https:\\\/\\\/blogdofarnesio.com.br\\\/?p=265910\",\"name\":\"Pr\u00e9-candidata a vereadora pelo PT, no mandato coletivo Pretas\\\/os, LGBT+, Perif\u00e9ricos realiza live sobre o Dia Internacional da Igualdade da Mulher - Blog do Farn\u00e9sio\",\"isPartOf\":{\"@id\":\"https:\\\/\\\/blogdofarnesio.com.br\\\/#website\"},\"primaryImageOfPage\":{\"@id\":\"https:\\\/\\\/blogdofarnesio.com.br\\\/?p=265910#primaryimage\"},\"image\":{\"@id\":\"https:\\\/\\\/blogdofarnesio.com.br\\\/?p=265910#primaryimage\"},\"thumbnailUrl\":\"https:\\\/\\\/blogdofarnesio.com.br\\\/wp-content\\\/uploads\\\/2020\\\/08\\\/WhatsApp-Image-2020-08-25-at-12.10.25-e1598443721799.jpeg\",\"datePublished\":\"2020-08-26T17:00:01+00:00\",\"breadcrumb\":{\"@id\":\"https:\\\/\\\/blogdofarnesio.com.br\\\/?p=265910#breadcrumb\"},\"inLanguage\":\"pt-BR\",\"potentialAction\":[{\"@type\":\"ReadAction\",\"target\":[\"https:\\\/\\\/blogdofarnesio.com.br\\\/?p=265910\"]}]},{\"@type\":\"ImageObject\",\"inLanguage\":\"pt-BR\",\"@id\":\"https:\\\/\\\/blogdofarnesio.com.br\\\/?p=265910#primaryimage\",\"url\":\"https:\\\/\\\/blogdofarnesio.com.br\\\/wp-content\\\/uploads\\\/2020\\\/08\\\/WhatsApp-Image-2020-08-25-at-12.10.25-e1598443721799.jpeg\",\"contentUrl\":\"https:\\\/\\\/blogdofarnesio.com.br\\\/wp-content\\\/uploads\\\/2020\\\/08\\\/WhatsApp-Image-2020-08-25-at-12.10.25-e1598443721799.jpeg\",\"width\":580,\"height\":580},{\"@type\":\"BreadcrumbList\",\"@id\":\"https:\\\/\\\/blogdofarnesio.com.br\\\/?p=265910#breadcrumb\",\"itemListElement\":[{\"@type\":\"ListItem\",\"position\":1,\"name\":\"In\u00edcio\",\"item\":\"https:\\\/\\\/blogdofarnesio.com.br\\\/\"},{\"@type\":\"ListItem\",\"position\":2,\"name\":\"Pr\u00e9-candidata a vereadora pelo PT, no mandato coletivo Pretas\\\/os, LGBT+, Perif\u00e9ricos realiza live sobre o Dia Internacional da Igualdade da Mulher\"}]},{\"@type\":\"WebSite\",\"@id\":\"https:\\\/\\\/blogdofarnesio.com.br\\\/#website\",\"url\":\"https:\\\/\\\/blogdofarnesio.com.br\\\/\",\"name\":\"Blog do Farn\u00e9sio\",\"description\":\"Quer Saber Pol\u00edtica?\",\"publisher\":{\"@id\":\"https:\\\/\\\/blogdofarnesio.com.br\\\/#organization\"},\"potentialAction\":[{\"@type\":\"SearchAction\",\"target\":{\"@type\":\"EntryPoint\",\"urlTemplate\":\"https:\\\/\\\/blogdofarnesio.com.br\\\/?s={search_term_string}\"},\"query-input\":{\"@type\":\"PropertyValueSpecification\",\"valueRequired\":true,\"valueName\":\"search_term_string\"}}],\"inLanguage\":\"pt-BR\"},{\"@type\":\"Organization\",\"@id\":\"https:\\\/\\\/blogdofarnesio.com.br\\\/#organization\",\"name\":\"Blog do Farn\u00e9sio\",\"url\":\"https:\\\/\\\/blogdofarnesio.com.br\\\/\",\"logo\":{\"@type\":\"ImageObject\",\"inLanguage\":\"pt-BR\",\"@id\":\"https:\\\/\\\/blogdofarnesio.com.br\\\/#\\\/schema\\\/logo\\\/image\\\/\",\"url\":\"https:\\\/\\\/blogdofarnesio.com.br\\\/wp-content\\\/uploads\\\/2026\\\/03\\\/cropped-logo_new-1.png\",\"contentUrl\":\"https:\\\/\\\/blogdofarnesio.com.br\\\/wp-content\\\/uploads\\\/2026\\\/03\\\/cropped-logo_new-1.png\",\"width\":881,\"height\":685,\"caption\":\"Blog do Farn\u00e9sio\"},\"image\":{\"@id\":\"https:\\\/\\\/blogdofarnesio.com.br\\\/#\\\/schema\\\/logo\\\/image\\\/\"},\"sameAs\":[\"https:\\\/\\\/www.facebook.com\\\/BlogQuerSaberPolitica\\\/\"]},{\"@type\":\"Person\",\"@id\":\"https:\\\/\\\/blogdofarnesio.com.br\\\/#\\\/schema\\\/person\\\/301c4acf522bccbfdb45af95b5b906a1\",\"name\":\"Farn\u00e9sio\",\"image\":{\"@type\":\"ImageObject\",\"inLanguage\":\"pt-BR\",\"@id\":\"https:\\\/\\\/secure.gravatar.com\\\/avatar\\\/df0c9a14567c056f8ad6876ba5bbd1e3e2c48023eb6807342fc4663adf549f38?s=96&d=mm&r=g\",\"url\":\"https:\\\/\\\/secure.gravatar.com\\\/avatar\\\/df0c9a14567c056f8ad6876ba5bbd1e3e2c48023eb6807342fc4663adf549f38?s=96&d=mm&r=g\",\"contentUrl\":\"https:\\\/\\\/secure.gravatar.com\\\/avatar\\\/df0c9a14567c056f8ad6876ba5bbd1e3e2c48023eb6807342fc4663adf549f38?s=96&d=mm&r=g\",\"caption\":\"Farn\u00e9sio\"},\"sameAs\":[\"https:\\\/\\\/quersaberpolitica.com.br\"],\"url\":\"https:\\\/\\\/blogdofarnesio.com.br\\\/?author=1\"}]}<\/script>\n<!-- \/ Yoast SEO plugin. -->","yoast_head_json":{"title":"Pr\u00e9-candidata a vereadora pelo PT, no mandato coletivo Pretas\/os, LGBT+, Perif\u00e9ricos realiza live sobre o Dia Internacional da Igualdade da Mulher - Blog do Farn\u00e9sio","robots":{"index":"index","follow":"follow","max-snippet":"max-snippet:-1","max-image-preview":"max-image-preview:large","max-video-preview":"max-video-preview:-1"},"canonical":"https:\/\/blogdofarnesio.com.br\/?p=265910","og_locale":"pt_BR","og_type":"article","og_title":"Pr\u00e9-candidata a vereadora pelo PT, no mandato coletivo Pretas\/os, LGBT+, Perif\u00e9ricos realiza live sobre o Dia Internacional da Igualdade da Mulher - Blog do Farn\u00e9sio","og_description":"O programa Papo de Periferia, organizado pelo Coletivo Pretas\/os, LGBT+ e Perif\u00e9ricos, realiza nesta quarta (26.8), \u00e0s 19h, nas redes sociais da pr\u00e9-candidata a vereadora pelo PT, em Juazeiro \u2013 BA, Luana Rodrigues, uma live sobre o Dia Internacional da Igualdade da Mulher. A discuss\u00e3o vai especificar as necessidades das mulheres, a import\u00e2ncia no meio pol\u00edtico e a sua representa\u00e7\u00e3o em diversos momentos hist\u00f3ricos. Desta vez, Luana Rodrigues estar\u00e1 na companhia da Dra em Estudos de G\u00eanero e militante do movimento feminista, Dalila Santos; da dirigente Estadual do Sindicato dos Trabalhadores em \u00c1gua, Esgoto e Meio Ambiente da Bahia e militante feminista, Suely Nelson e da professora de Hist\u00f3ria e Filosofia, Taciana Albuquerque. A live acontecer\u00e1 na mesma data em&hellip;","og_url":"https:\/\/blogdofarnesio.com.br\/?p=265910","og_site_name":"Blog do Farn\u00e9sio","article_publisher":"https:\/\/www.facebook.com\/BlogQuerSaberPolitica\/","article_published_time":"2020-08-26T17:00:01+00:00","og_image":[{"width":580,"height":580,"url":"https:\/\/blogdofarnesio.com.br\/wp-content\/uploads\/2020\/08\/WhatsApp-Image-2020-08-25-at-12.10.25-e1598443721799.jpeg","type":"image\/jpeg"}],"author":"Farn\u00e9sio","twitter_card":"summary_large_image","twitter_misc":{"Escrito por":"Farn\u00e9sio","Est. tempo de leitura":"2 minutos"},"schema":{"@context":"https:\/\/schema.org","@graph":[{"@type":"Article","@id":"https:\/\/blogdofarnesio.com.br\/?p=265910#article","isPartOf":{"@id":"https:\/\/blogdofarnesio.com.br\/?p=265910"},"author":{"name":"Farn\u00e9sio","@id":"https:\/\/blogdofarnesio.com.br\/#\/schema\/person\/301c4acf522bccbfdb45af95b5b906a1"},"headline":"Pr\u00e9-candidata a vereadora pelo PT, no mandato coletivo Pretas\/os, LGBT+, Perif\u00e9ricos realiza live sobre o Dia Internacional da Igualdade da Mulher","datePublished":"2020-08-26T17:00:01+00:00","mainEntityOfPage":{"@id":"https:\/\/blogdofarnesio.com.br\/?p=265910"},"wordCount":460,"publisher":{"@id":"https:\/\/blogdofarnesio.com.br\/#organization"},"image":{"@id":"https:\/\/blogdofarnesio.com.br\/?p=265910#primaryimage"},"thumbnailUrl":"https:\/\/blogdofarnesio.com.br\/wp-content\/uploads\/2020\/08\/WhatsApp-Image-2020-08-25-at-12.10.25-e1598443721799.jpeg","articleSection":["Elei\u00e7\u00f5es"],"inLanguage":"pt-BR"},{"@type":"WebPage","@id":"https:\/\/blogdofarnesio.com.br\/?p=265910","url":"https:\/\/blogdofarnesio.com.br\/?p=265910","name":"Pr\u00e9-candidata a vereadora pelo PT, no mandato coletivo Pretas\/os, LGBT+, Perif\u00e9ricos realiza live sobre o Dia Internacional da Igualdade da Mulher - Blog do Farn\u00e9sio","isPartOf":{"@id":"https:\/\/blogdofarnesio.com.br\/#website"},"primaryImageOfPage":{"@id":"https:\/\/blogdofarnesio.com.br\/?p=265910#primaryimage"},"image":{"@id":"https:\/\/blogdofarnesio.com.br\/?p=265910#primaryimage"},"thumbnailUrl":"https:\/\/blogdofarnesio.com.br\/wp-content\/uploads\/2020\/08\/WhatsApp-Image-2020-08-25-at-12.10.25-e1598443721799.jpeg","datePublished":"2020-08-26T17:00:01+00:00","breadcrumb":{"@id":"https:\/\/blogdofarnesio.com.br\/?p=265910#breadcrumb"},"inLanguage":"pt-BR","potentialAction":[{"@type":"ReadAction","target":["https:\/\/blogdofarnesio.com.br\/?p=265910"]}]},{"@type":"ImageObject","inLanguage":"pt-BR","@id":"https:\/\/blogdofarnesio.com.br\/?p=265910#primaryimage","url":"https:\/\/blogdofarnesio.com.br\/wp-content\/uploads\/2020\/08\/WhatsApp-Image-2020-08-25-at-12.10.25-e1598443721799.jpeg","contentUrl":"https:\/\/blogdofarnesio.com.br\/wp-content\/uploads\/2020\/08\/WhatsApp-Image-2020-08-25-at-12.10.25-e1598443721799.jpeg","width":580,"height":580},{"@type":"BreadcrumbList","@id":"https:\/\/blogdofarnesio.com.br\/?p=265910#breadcrumb","itemListElement":[{"@type":"ListItem","position":1,"name":"In\u00edcio","item":"https:\/\/blogdofarnesio.com.br\/"},{"@type":"ListItem","position":2,"name":"Pr\u00e9-candidata a vereadora pelo PT, no mandato coletivo Pretas\/os, LGBT+, Perif\u00e9ricos realiza live sobre o Dia Internacional da Igualdade da Mulher"}]},{"@type":"WebSite","@id":"https:\/\/blogdofarnesio.com.br\/#website","url":"https:\/\/blogdofarnesio.com.br\/","name":"Blog do Farn\u00e9sio","description":"Quer Saber Pol\u00edtica?","publisher":{"@id":"https:\/\/blogdofarnesio.com.br\/#organization"},"potentialAction":[{"@type":"SearchAction","target":{"@type":"EntryPoint","urlTemplate":"https:\/\/blogdofarnesio.com.br\/?s={search_term_string}"},"query-input":{"@type":"PropertyValueSpecification","valueRequired":true,"valueName":"search_term_string"}}],"inLanguage":"pt-BR"},{"@type":"Organization","@id":"https:\/\/blogdofarnesio.com.br\/#organization","name":"Blog do Farn\u00e9sio","url":"https:\/\/blogdofarnesio.com.br\/","logo":{"@type":"ImageObject","inLanguage":"pt-BR","@id":"https:\/\/blogdofarnesio.com.br\/#\/schema\/logo\/image\/","url":"https:\/\/blogdofarnesio.com.br\/wp-content\/uploads\/2026\/03\/cropped-logo_new-1.png","contentUrl":"https:\/\/blogdofarnesio.com.br\/wp-content\/uploads\/2026\/03\/cropped-logo_new-1.png","width":881,"height":685,"caption":"Blog do Farn\u00e9sio"},"image":{"@id":"https:\/\/blogdofarnesio.com.br\/#\/schema\/logo\/image\/"},"sameAs":["https:\/\/www.facebook.com\/BlogQuerSaberPolitica\/"]},{"@type":"Person","@id":"https:\/\/blogdofarnesio.com.br\/#\/schema\/person\/301c4acf522bccbfdb45af95b5b906a1","name":"Farn\u00e9sio","image":{"@type":"ImageObject","inLanguage":"pt-BR","@id":"https:\/\/secure.gravatar.com\/avatar\/df0c9a14567c056f8ad6876ba5bbd1e3e2c48023eb6807342fc4663adf549f38?s=96&d=mm&r=g","url":"https:\/\/secure.gravatar.com\/avatar\/df0c9a14567c056f8ad6876ba5bbd1e3e2c48023eb6807342fc4663adf549f38?s=96&d=mm&r=g","contentUrl":"https:\/\/secure.gravatar.com\/avatar\/df0c9a14567c056f8ad6876ba5bbd1e3e2c48023eb6807342fc4663adf549f38?s=96&d=mm&r=g","caption":"Farn\u00e9sio"},"sameAs":["https:\/\/quersaberpolitica.com.br"],"url":"https:\/\/blogdofarnesio.com.br\/?author=1"}]}},"_links":{"self":[{"href":"https:\/\/blogdofarnesio.com.br\/index.php?rest_route=\/wp\/v2\/posts\/265910","targetHints":{"allow":["GET"]}}],"collection":[{"href":"https:\/\/blogdofarnesio.com.br\/index.php?rest_route=\/wp\/v2\/posts"}],"about":[{"href":"https:\/\/blogdofarnesio.com.br\/index.php?rest_route=\/wp\/v2\/types\/post"}],"author":[{"embeddable":true,"href":"https:\/\/blogdofarnesio.com.br\/index.php?rest_route=\/wp\/v2\/users\/1"}],"replies":[{"embeddable":true,"href":"https:\/\/blogdofarnesio.com.br\/index.php?rest_route=%2Fwp%2Fv2%2Fcomments&post=265910"}],"version-history":[{"count":0,"href":"https:\/\/blogdofarnesio.com.br\/index.php?rest_route=\/wp\/v2\/posts\/265910\/revisions"}],"wp:featuredmedia":[{"embeddable":true,"href":"https:\/\/blogdofarnesio.com.br\/index.php?rest_route=\/wp\/v2\/media\/265911"}],"wp:attachment":[{"href":"https:\/\/blogdofarnesio.com.br\/index.php?rest_route=%2Fwp%2Fv2%2Fmedia&parent=265910"}],"wp:term":[{"taxonomy":"category","embeddable":true,"href":"https:\/\/blogdofarnesio.com.br\/index.php?rest_route=%2Fwp%2Fv2%2Fcategories&post=265910"},{"taxonomy":"post_tag","embeddable":true,"href":"https:\/\/blogdofarnesio.com.br\/index.php?rest_route=%2Fwp%2Fv2%2Ftags&post=265910"}],"curies":[{"name":"wp","href":"https:\/\/api.w.org\/{rel}","templated":true}]}}