{"id":265905,"date":"2020-08-26T09:40:26","date_gmt":"2020-08-26T12:40:26","guid":{"rendered":"http:\/\/quersaberpolitica.com.br\/2016\/?p=265905"},"modified":"2020-08-26T08:50:56","modified_gmt":"2020-08-26T11:50:56","slug":"guarnicao-da-75a-cipm-recebe-reconhecimento-de-destaque-operacional","status":"publish","type":"post","link":"https:\/\/blogdofarnesio.com.br\/?p=265905","title":{"rendered":"GUARNI\u00c7\u00c3O DA 75\u00aa CIPM RECEBE RECONHECIMENTO DE &#8220;DESTAQUE OPERACIONAL&#8221;"},"content":{"rendered":"<p>Policiais Militares da 75\u00aa Companhia Independente de Pol\u00edcia Militar (CIPM) comandada pelo Major PM Roberto, Unidade Operacional pertencente ao Comando de Policiamento da Regi\u00e3o Norte (CPRN), comandado pelo Coronel PM Nilton Paix\u00e3o, teve Policiais eleitos para receber o Pr\u00eamio Guarni\u00e7\u00e3o Destaque Operacional 2020.<\/p>\n<p>A homenagem \u201cDestaque Operacional\u201d visa proporcionar o devido reconhecimento aos Policiais Militares (PM) que tiveram participa\u00e7\u00e3o direta em ocorr\u00eancias de natureza Policial com significativo grau de complexidade e evidente demonstra\u00e7\u00e3o de compromisso com a causa da Seguran\u00e7a P\u00fablica.<\/p>\n<p>Foram homenageados os Soldados PM Andr\u00e9 Rodrigues de Souza Carvalho; Soldado PM Allan Nunes de Souza e Soldado PM Marcos Jos\u00e9 dos Anjos Borges. Eles foram agraciados com um certificado e uma singela lembran\u00e7a.<\/p>\n<p>A Guarni\u00e7\u00e3o foi escolhida pelo seu excepcional desempenho numa ocorr\u00eancia Policial Militar, onde salvaram a vida da Senhora Ivonilde Ferreira Duarte com a\u00e7\u00f5es eficientes e eficazes de primeiros socorros.<\/p>\n<p>Comando de Policiamento da Regi\u00e3o Norte, Forte do sert\u00e3o norte-baiano.<\/p>\n<p>ASCOM \/ CPRN<\/p>\n","protected":false},"excerpt":{"rendered":"<p>Policiais Militares da 75\u00aa Companhia Independente de Pol\u00edcia Militar (CIPM) comandada pelo Major PM Roberto, Unidade Operacional pertencente ao Comando de Policiamento da Regi\u00e3o Norte (CPRN), comandado pelo Coronel PM Nilton Paix\u00e3o, teve Policiais eleitos para receber o Pr\u00eamio Guarni\u00e7\u00e3o Destaque Operacional 2020. A homenagem \u201cDestaque Operacional\u201d visa proporcionar o devido reconhecimento aos Policiais Militares (PM) que tiveram participa\u00e7\u00e3o direta em ocorr\u00eancias de natureza Policial com significativo grau de complexidade e evidente demonstra\u00e7\u00e3o de compromisso com a causa da Seguran\u00e7a P\u00fablica. Foram homenageados os Soldados PM Andr\u00e9 Rodrigues de Souza Carvalho; Soldado PM Allan Nunes de Souza e Soldado PM Marcos Jos\u00e9 dos Anjos Borges. Eles foram agraciados com um certificado e uma singela lembran\u00e7a. A Guarni\u00e7\u00e3o foi escolhida pelo&hellip; <\/p>\n","protected":false},"author":1,"featured_media":265906,"comment_status":"closed","ping_status":"closed","sticky":false,"template":"","format":"standard","meta":{"_acf_changed":false,"footnotes":""},"categories":[12,5],"tags":[],"class_list":["post-265905","post","type-post","status-publish","format-standard","has-post-thumbnail","hentry","category-confraternizacoes","category-seguranca"],"acf":[],"yoast_head":"<!-- This site is optimized with the Yoast SEO plugin v27.4 - https:\/\/yoast.com\/product\/yoast-seo-wordpress\/ -->\n<title>GUARNI\u00c7\u00c3O DA 75\u00aa CIPM RECEBE RECONHECIMENTO DE &quot;DESTAQUE OPERACIONAL&quot; - Blog do Farn\u00e9sio<\/title>\n<meta name=\"robots\" content=\"index, follow, max-snippet:-1, max-image-preview:large, max-video-preview:-1\" \/>\n<link rel=\"canonical\" href=\"https:\/\/blogdofarnesio.com.br\/?p=265905\" \/>\n<meta property=\"og:locale\" content=\"pt_BR\" \/>\n<meta property=\"og:type\" content=\"article\" \/>\n<meta property=\"og:title\" content=\"GUARNI\u00c7\u00c3O DA 75\u00aa CIPM RECEBE RECONHECIMENTO DE &quot;DESTAQUE OPERACIONAL&quot; - Blog do Farn\u00e9sio\" \/>\n<meta property=\"og:description\" content=\"Policiais Militares da 75\u00aa Companhia Independente de Pol\u00edcia Militar (CIPM) comandada pelo Major PM Roberto, Unidade Operacional pertencente ao Comando de Policiamento da Regi\u00e3o Norte (CPRN), comandado pelo Coronel PM Nilton Paix\u00e3o, teve Policiais eleitos para receber o Pr\u00eamio Guarni\u00e7\u00e3o Destaque Operacional 2020. A homenagem \u201cDestaque Operacional\u201d visa proporcionar o devido reconhecimento aos Policiais Militares (PM) que tiveram participa\u00e7\u00e3o direta em ocorr\u00eancias de natureza Policial com significativo grau de complexidade e evidente demonstra\u00e7\u00e3o de compromisso com a causa da Seguran\u00e7a P\u00fablica. Foram homenageados os Soldados PM Andr\u00e9 Rodrigues de Souza Carvalho; Soldado PM Allan Nunes de Souza e Soldado PM Marcos Jos\u00e9 dos Anjos Borges. Eles foram agraciados com um certificado e uma singela lembran\u00e7a. A Guarni\u00e7\u00e3o foi escolhida pelo&hellip;\" \/>\n<meta property=\"og:url\" content=\"https:\/\/blogdofarnesio.com.br\/?p=265905\" \/>\n<meta property=\"og:site_name\" content=\"Blog do Farn\u00e9sio\" \/>\n<meta property=\"article:publisher\" content=\"https:\/\/www.facebook.com\/BlogQuerSaberPolitica\/\" \/>\n<meta property=\"article:published_time\" content=\"2020-08-26T12:40:26+00:00\" \/>\n<meta property=\"og:image\" content=\"https:\/\/blogdofarnesio.com.br\/wp-content\/uploads\/2020\/08\/blogqsppmba-75cipm-destque-operacional-e1598442439621.jpeg\" \/>\n\t<meta property=\"og:image:width\" content=\"670\" \/>\n\t<meta property=\"og:image:height\" content=\"509\" \/>\n\t<meta property=\"og:image:type\" content=\"image\/jpeg\" \/>\n<meta name=\"author\" content=\"Farn\u00e9sio\" \/>\n<meta name=\"twitter:card\" content=\"summary_large_image\" \/>\n<meta name=\"twitter:label1\" content=\"Escrito por\" \/>\n\t<meta name=\"twitter:data1\" content=\"Farn\u00e9sio\" \/>\n\t<meta name=\"twitter:label2\" content=\"Est. tempo de leitura\" \/>\n\t<meta name=\"twitter:data2\" content=\"1 minuto\" \/>\n<script type=\"application\/ld+json\" class=\"yoast-schema-graph\">{\"@context\":\"https:\\\/\\\/schema.org\",\"@graph\":[{\"@type\":\"Article\",\"@id\":\"https:\\\/\\\/blogdofarnesio.com.br\\\/?p=265905#article\",\"isPartOf\":{\"@id\":\"https:\\\/\\\/blogdofarnesio.com.br\\\/?p=265905\"},\"author\":{\"name\":\"Farn\u00e9sio\",\"@id\":\"https:\\\/\\\/blogdofarnesio.com.br\\\/#\\\/schema\\\/person\\\/301c4acf522bccbfdb45af95b5b906a1\"},\"headline\":\"GUARNI\u00c7\u00c3O DA 75\u00aa CIPM RECEBE RECONHECIMENTO DE &#8220;DESTAQUE OPERACIONAL&#8221;\",\"datePublished\":\"2020-08-26T12:40:26+00:00\",\"mainEntityOfPage\":{\"@id\":\"https:\\\/\\\/blogdofarnesio.com.br\\\/?p=265905\"},\"wordCount\":179,\"publisher\":{\"@id\":\"https:\\\/\\\/blogdofarnesio.com.br\\\/#organization\"},\"image\":{\"@id\":\"https:\\\/\\\/blogdofarnesio.com.br\\\/?p=265905#primaryimage\"},\"thumbnailUrl\":\"https:\\\/\\\/blogdofarnesio.com.br\\\/wp-content\\\/uploads\\\/2020\\\/08\\\/blogqsppmba-75cipm-destque-operacional-e1598442439621.jpeg\",\"articleSection\":[\"Confraterniza\u00e7\u00f5es\",\"Seguran\u00e7a\"],\"inLanguage\":\"pt-BR\"},{\"@type\":\"WebPage\",\"@id\":\"https:\\\/\\\/blogdofarnesio.com.br\\\/?p=265905\",\"url\":\"https:\\\/\\\/blogdofarnesio.com.br\\\/?p=265905\",\"name\":\"GUARNI\u00c7\u00c3O DA 75\u00aa CIPM RECEBE RECONHECIMENTO DE \\\"DESTAQUE OPERACIONAL\\\" - Blog do Farn\u00e9sio\",\"isPartOf\":{\"@id\":\"https:\\\/\\\/blogdofarnesio.com.br\\\/#website\"},\"primaryImageOfPage\":{\"@id\":\"https:\\\/\\\/blogdofarnesio.com.br\\\/?p=265905#primaryimage\"},\"image\":{\"@id\":\"https:\\\/\\\/blogdofarnesio.com.br\\\/?p=265905#primaryimage\"},\"thumbnailUrl\":\"https:\\\/\\\/blogdofarnesio.com.br\\\/wp-content\\\/uploads\\\/2020\\\/08\\\/blogqsppmba-75cipm-destque-operacional-e1598442439621.jpeg\",\"datePublished\":\"2020-08-26T12:40:26+00:00\",\"breadcrumb\":{\"@id\":\"https:\\\/\\\/blogdofarnesio.com.br\\\/?p=265905#breadcrumb\"},\"inLanguage\":\"pt-BR\",\"potentialAction\":[{\"@type\":\"ReadAction\",\"target\":[\"https:\\\/\\\/blogdofarnesio.com.br\\\/?p=265905\"]}]},{\"@type\":\"ImageObject\",\"inLanguage\":\"pt-BR\",\"@id\":\"https:\\\/\\\/blogdofarnesio.com.br\\\/?p=265905#primaryimage\",\"url\":\"https:\\\/\\\/blogdofarnesio.com.br\\\/wp-content\\\/uploads\\\/2020\\\/08\\\/blogqsppmba-75cipm-destque-operacional-e1598442439621.jpeg\",\"contentUrl\":\"https:\\\/\\\/blogdofarnesio.com.br\\\/wp-content\\\/uploads\\\/2020\\\/08\\\/blogqsppmba-75cipm-destque-operacional-e1598442439621.jpeg\",\"width\":670,\"height\":509},{\"@type\":\"BreadcrumbList\",\"@id\":\"https:\\\/\\\/blogdofarnesio.com.br\\\/?p=265905#breadcrumb\",\"itemListElement\":[{\"@type\":\"ListItem\",\"position\":1,\"name\":\"In\u00edcio\",\"item\":\"https:\\\/\\\/blogdofarnesio.com.br\\\/\"},{\"@type\":\"ListItem\",\"position\":2,\"name\":\"GUARNI\u00c7\u00c3O DA 75\u00aa CIPM RECEBE RECONHECIMENTO DE &#8220;DESTAQUE OPERACIONAL&#8221;\"}]},{\"@type\":\"WebSite\",\"@id\":\"https:\\\/\\\/blogdofarnesio.com.br\\\/#website\",\"url\":\"https:\\\/\\\/blogdofarnesio.com.br\\\/\",\"name\":\"Blog do Farn\u00e9sio\",\"description\":\"Quer Saber Pol\u00edtica?\",\"publisher\":{\"@id\":\"https:\\\/\\\/blogdofarnesio.com.br\\\/#organization\"},\"potentialAction\":[{\"@type\":\"SearchAction\",\"target\":{\"@type\":\"EntryPoint\",\"urlTemplate\":\"https:\\\/\\\/blogdofarnesio.com.br\\\/?s={search_term_string}\"},\"query-input\":{\"@type\":\"PropertyValueSpecification\",\"valueRequired\":true,\"valueName\":\"search_term_string\"}}],\"inLanguage\":\"pt-BR\"},{\"@type\":\"Organization\",\"@id\":\"https:\\\/\\\/blogdofarnesio.com.br\\\/#organization\",\"name\":\"Blog do Farn\u00e9sio\",\"url\":\"https:\\\/\\\/blogdofarnesio.com.br\\\/\",\"logo\":{\"@type\":\"ImageObject\",\"inLanguage\":\"pt-BR\",\"@id\":\"https:\\\/\\\/blogdofarnesio.com.br\\\/#\\\/schema\\\/logo\\\/image\\\/\",\"url\":\"https:\\\/\\\/blogdofarnesio.com.br\\\/wp-content\\\/uploads\\\/2026\\\/03\\\/cropped-logo_new-1.png\",\"contentUrl\":\"https:\\\/\\\/blogdofarnesio.com.br\\\/wp-content\\\/uploads\\\/2026\\\/03\\\/cropped-logo_new-1.png\",\"width\":881,\"height\":685,\"caption\":\"Blog do Farn\u00e9sio\"},\"image\":{\"@id\":\"https:\\\/\\\/blogdofarnesio.com.br\\\/#\\\/schema\\\/logo\\\/image\\\/\"},\"sameAs\":[\"https:\\\/\\\/www.facebook.com\\\/BlogQuerSaberPolitica\\\/\"]},{\"@type\":\"Person\",\"@id\":\"https:\\\/\\\/blogdofarnesio.com.br\\\/#\\\/schema\\\/person\\\/301c4acf522bccbfdb45af95b5b906a1\",\"name\":\"Farn\u00e9sio\",\"image\":{\"@type\":\"ImageObject\",\"inLanguage\":\"pt-BR\",\"@id\":\"https:\\\/\\\/secure.gravatar.com\\\/avatar\\\/df0c9a14567c056f8ad6876ba5bbd1e3e2c48023eb6807342fc4663adf549f38?s=96&d=mm&r=g\",\"url\":\"https:\\\/\\\/secure.gravatar.com\\\/avatar\\\/df0c9a14567c056f8ad6876ba5bbd1e3e2c48023eb6807342fc4663adf549f38?s=96&d=mm&r=g\",\"contentUrl\":\"https:\\\/\\\/secure.gravatar.com\\\/avatar\\\/df0c9a14567c056f8ad6876ba5bbd1e3e2c48023eb6807342fc4663adf549f38?s=96&d=mm&r=g\",\"caption\":\"Farn\u00e9sio\"},\"sameAs\":[\"https:\\\/\\\/quersaberpolitica.com.br\"],\"url\":\"https:\\\/\\\/blogdofarnesio.com.br\\\/?author=1\"}]}<\/script>\n<!-- \/ Yoast SEO plugin. -->","yoast_head_json":{"title":"GUARNI\u00c7\u00c3O DA 75\u00aa CIPM RECEBE RECONHECIMENTO DE \"DESTAQUE OPERACIONAL\" - Blog do Farn\u00e9sio","robots":{"index":"index","follow":"follow","max-snippet":"max-snippet:-1","max-image-preview":"max-image-preview:large","max-video-preview":"max-video-preview:-1"},"canonical":"https:\/\/blogdofarnesio.com.br\/?p=265905","og_locale":"pt_BR","og_type":"article","og_title":"GUARNI\u00c7\u00c3O DA 75\u00aa CIPM RECEBE RECONHECIMENTO DE \"DESTAQUE OPERACIONAL\" - Blog do Farn\u00e9sio","og_description":"Policiais Militares da 75\u00aa Companhia Independente de Pol\u00edcia Militar (CIPM) comandada pelo Major PM Roberto, Unidade Operacional pertencente ao Comando de Policiamento da Regi\u00e3o Norte (CPRN), comandado pelo Coronel PM Nilton Paix\u00e3o, teve Policiais eleitos para receber o Pr\u00eamio Guarni\u00e7\u00e3o Destaque Operacional 2020. A homenagem \u201cDestaque Operacional\u201d visa proporcionar o devido reconhecimento aos Policiais Militares (PM) que tiveram participa\u00e7\u00e3o direta em ocorr\u00eancias de natureza Policial com significativo grau de complexidade e evidente demonstra\u00e7\u00e3o de compromisso com a causa da Seguran\u00e7a P\u00fablica. Foram homenageados os Soldados PM Andr\u00e9 Rodrigues de Souza Carvalho; Soldado PM Allan Nunes de Souza e Soldado PM Marcos Jos\u00e9 dos Anjos Borges. Eles foram agraciados com um certificado e uma singela lembran\u00e7a. A Guarni\u00e7\u00e3o foi escolhida pelo&hellip;","og_url":"https:\/\/blogdofarnesio.com.br\/?p=265905","og_site_name":"Blog do Farn\u00e9sio","article_publisher":"https:\/\/www.facebook.com\/BlogQuerSaberPolitica\/","article_published_time":"2020-08-26T12:40:26+00:00","og_image":[{"width":670,"height":509,"url":"https:\/\/blogdofarnesio.com.br\/wp-content\/uploads\/2020\/08\/blogqsppmba-75cipm-destque-operacional-e1598442439621.jpeg","type":"image\/jpeg"}],"author":"Farn\u00e9sio","twitter_card":"summary_large_image","twitter_misc":{"Escrito por":"Farn\u00e9sio","Est. tempo de leitura":"1 minuto"},"schema":{"@context":"https:\/\/schema.org","@graph":[{"@type":"Article","@id":"https:\/\/blogdofarnesio.com.br\/?p=265905#article","isPartOf":{"@id":"https:\/\/blogdofarnesio.com.br\/?p=265905"},"author":{"name":"Farn\u00e9sio","@id":"https:\/\/blogdofarnesio.com.br\/#\/schema\/person\/301c4acf522bccbfdb45af95b5b906a1"},"headline":"GUARNI\u00c7\u00c3O DA 75\u00aa CIPM RECEBE RECONHECIMENTO DE &#8220;DESTAQUE OPERACIONAL&#8221;","datePublished":"2020-08-26T12:40:26+00:00","mainEntityOfPage":{"@id":"https:\/\/blogdofarnesio.com.br\/?p=265905"},"wordCount":179,"publisher":{"@id":"https:\/\/blogdofarnesio.com.br\/#organization"},"image":{"@id":"https:\/\/blogdofarnesio.com.br\/?p=265905#primaryimage"},"thumbnailUrl":"https:\/\/blogdofarnesio.com.br\/wp-content\/uploads\/2020\/08\/blogqsppmba-75cipm-destque-operacional-e1598442439621.jpeg","articleSection":["Confraterniza\u00e7\u00f5es","Seguran\u00e7a"],"inLanguage":"pt-BR"},{"@type":"WebPage","@id":"https:\/\/blogdofarnesio.com.br\/?p=265905","url":"https:\/\/blogdofarnesio.com.br\/?p=265905","name":"GUARNI\u00c7\u00c3O DA 75\u00aa CIPM RECEBE RECONHECIMENTO DE \"DESTAQUE OPERACIONAL\" - Blog do Farn\u00e9sio","isPartOf":{"@id":"https:\/\/blogdofarnesio.com.br\/#website"},"primaryImageOfPage":{"@id":"https:\/\/blogdofarnesio.com.br\/?p=265905#primaryimage"},"image":{"@id":"https:\/\/blogdofarnesio.com.br\/?p=265905#primaryimage"},"thumbnailUrl":"https:\/\/blogdofarnesio.com.br\/wp-content\/uploads\/2020\/08\/blogqsppmba-75cipm-destque-operacional-e1598442439621.jpeg","datePublished":"2020-08-26T12:40:26+00:00","breadcrumb":{"@id":"https:\/\/blogdofarnesio.com.br\/?p=265905#breadcrumb"},"inLanguage":"pt-BR","potentialAction":[{"@type":"ReadAction","target":["https:\/\/blogdofarnesio.com.br\/?p=265905"]}]},{"@type":"ImageObject","inLanguage":"pt-BR","@id":"https:\/\/blogdofarnesio.com.br\/?p=265905#primaryimage","url":"https:\/\/blogdofarnesio.com.br\/wp-content\/uploads\/2020\/08\/blogqsppmba-75cipm-destque-operacional-e1598442439621.jpeg","contentUrl":"https:\/\/blogdofarnesio.com.br\/wp-content\/uploads\/2020\/08\/blogqsppmba-75cipm-destque-operacional-e1598442439621.jpeg","width":670,"height":509},{"@type":"BreadcrumbList","@id":"https:\/\/blogdofarnesio.com.br\/?p=265905#breadcrumb","itemListElement":[{"@type":"ListItem","position":1,"name":"In\u00edcio","item":"https:\/\/blogdofarnesio.com.br\/"},{"@type":"ListItem","position":2,"name":"GUARNI\u00c7\u00c3O DA 75\u00aa CIPM RECEBE RECONHECIMENTO DE &#8220;DESTAQUE OPERACIONAL&#8221;"}]},{"@type":"WebSite","@id":"https:\/\/blogdofarnesio.com.br\/#website","url":"https:\/\/blogdofarnesio.com.br\/","name":"Blog do Farn\u00e9sio","description":"Quer Saber Pol\u00edtica?","publisher":{"@id":"https:\/\/blogdofarnesio.com.br\/#organization"},"potentialAction":[{"@type":"SearchAction","target":{"@type":"EntryPoint","urlTemplate":"https:\/\/blogdofarnesio.com.br\/?s={search_term_string}"},"query-input":{"@type":"PropertyValueSpecification","valueRequired":true,"valueName":"search_term_string"}}],"inLanguage":"pt-BR"},{"@type":"Organization","@id":"https:\/\/blogdofarnesio.com.br\/#organization","name":"Blog do Farn\u00e9sio","url":"https:\/\/blogdofarnesio.com.br\/","logo":{"@type":"ImageObject","inLanguage":"pt-BR","@id":"https:\/\/blogdofarnesio.com.br\/#\/schema\/logo\/image\/","url":"https:\/\/blogdofarnesio.com.br\/wp-content\/uploads\/2026\/03\/cropped-logo_new-1.png","contentUrl":"https:\/\/blogdofarnesio.com.br\/wp-content\/uploads\/2026\/03\/cropped-logo_new-1.png","width":881,"height":685,"caption":"Blog do Farn\u00e9sio"},"image":{"@id":"https:\/\/blogdofarnesio.com.br\/#\/schema\/logo\/image\/"},"sameAs":["https:\/\/www.facebook.com\/BlogQuerSaberPolitica\/"]},{"@type":"Person","@id":"https:\/\/blogdofarnesio.com.br\/#\/schema\/person\/301c4acf522bccbfdb45af95b5b906a1","name":"Farn\u00e9sio","image":{"@type":"ImageObject","inLanguage":"pt-BR","@id":"https:\/\/secure.gravatar.com\/avatar\/df0c9a14567c056f8ad6876ba5bbd1e3e2c48023eb6807342fc4663adf549f38?s=96&d=mm&r=g","url":"https:\/\/secure.gravatar.com\/avatar\/df0c9a14567c056f8ad6876ba5bbd1e3e2c48023eb6807342fc4663adf549f38?s=96&d=mm&r=g","contentUrl":"https:\/\/secure.gravatar.com\/avatar\/df0c9a14567c056f8ad6876ba5bbd1e3e2c48023eb6807342fc4663adf549f38?s=96&d=mm&r=g","caption":"Farn\u00e9sio"},"sameAs":["https:\/\/quersaberpolitica.com.br"],"url":"https:\/\/blogdofarnesio.com.br\/?author=1"}]}},"_links":{"self":[{"href":"https:\/\/blogdofarnesio.com.br\/index.php?rest_route=\/wp\/v2\/posts\/265905","targetHints":{"allow":["GET"]}}],"collection":[{"href":"https:\/\/blogdofarnesio.com.br\/index.php?rest_route=\/wp\/v2\/posts"}],"about":[{"href":"https:\/\/blogdofarnesio.com.br\/index.php?rest_route=\/wp\/v2\/types\/post"}],"author":[{"embeddable":true,"href":"https:\/\/blogdofarnesio.com.br\/index.php?rest_route=\/wp\/v2\/users\/1"}],"replies":[{"embeddable":true,"href":"https:\/\/blogdofarnesio.com.br\/index.php?rest_route=%2Fwp%2Fv2%2Fcomments&post=265905"}],"version-history":[{"count":0,"href":"https:\/\/blogdofarnesio.com.br\/index.php?rest_route=\/wp\/v2\/posts\/265905\/revisions"}],"wp:featuredmedia":[{"embeddable":true,"href":"https:\/\/blogdofarnesio.com.br\/index.php?rest_route=\/wp\/v2\/media\/265906"}],"wp:attachment":[{"href":"https:\/\/blogdofarnesio.com.br\/index.php?rest_route=%2Fwp%2Fv2%2Fmedia&parent=265905"}],"wp:term":[{"taxonomy":"category","embeddable":true,"href":"https:\/\/blogdofarnesio.com.br\/index.php?rest_route=%2Fwp%2Fv2%2Fcategories&post=265905"},{"taxonomy":"post_tag","embeddable":true,"href":"https:\/\/blogdofarnesio.com.br\/index.php?rest_route=%2Fwp%2Fv2%2Ftags&post=265905"}],"curies":[{"name":"wp","href":"https:\/\/api.w.org\/{rel}","templated":true}]}}