{"id":265901,"date":"2020-08-26T09:21:33","date_gmt":"2020-08-26T12:21:33","guid":{"rendered":"http:\/\/quersaberpolitica.com.br\/2016\/?p=265901"},"modified":"2020-08-26T08:54:50","modified_gmt":"2020-08-26T11:54:50","slug":"boletim-da-covid-em-petrolina-desta-terca-traz-57-novas-confirmacoes-com-mais-105-curados","status":"publish","type":"post","link":"https:\/\/blogdofarnesio.com.br\/?p=265901","title":{"rendered":"Boletim da covid em Petrolina desta ter\u00e7a traz 57 novas confirma\u00e7\u00f5es, com mais 105 curados"},"content":{"rendered":"<p>Petrolina tem mais 105 pessoas curadas clinicamente da covid-19. O boletim epidemiol\u00f3gico da prefeitura desta ter\u00e7a-feira (25) mostra que o registro de pessoas confirmadas com o novo coronav\u00edrus \u00e9 de 4.094, sendo que 3.175 delas est\u00e3o recuperadas. Esse percentual equivale a 77,6% do total de casos confirmados at\u00e9 o momento.<\/p>\n<p>Mais 199 pessoas foram testadas para a covid-19 nesta ter\u00e7a. Desse total, 46 positivaram: s\u00e3o 27 pessoas do sexo feminino, com idades entre 01 a 87 anos, e 19 do sexo masculino, entre 09 a 75 anos. O boletim ainda traz 11 resultados positivos de exames laboratoriais. S\u00e3o 6 pessoas do sexo masculino, entre 25 a 54 anos, e 5 pessoas do sexo feminino, entre 22 a 49 anos.<\/p>\n<p>Foram 57 novos casos nesta segunda. Do total de confirmados at\u00e9 o momento, 3.302 foram por testes r\u00e1pidos da prefeitura e 735 diagnosticados atrav\u00e9s de exames laboratoriais.<\/p>\n<p>Petrolina tem mais um \u00f3bito por covid-19, totalizando 72. Ocorreu nesta segunda-feira (24), em um hospital privado da cidade, mas a Declara\u00e7\u00e3o de \u00d3bito (DO) s\u00f3 chegou \u00e0 Vigil\u00e2ncia em Sa\u00fade do munic\u00edpio na noite desta ter\u00e7a-feira. O paciente era um idoso, de 81 anos, com hist\u00f3rico de comorbidades.<\/p>\n<p>A prefeitura aguarda o resultado da an\u00e1lise do material biol\u00f3gico que foi coletado de uma idosa de 79 anos, com hist\u00f3rico de comorbidades, que faleceu no \u00faltimo domingo (23), em um hospital da rede privada da cidade. O \u00f3bito foi notificado como S\u00edndrome Respirat\u00f3ria Aguda Grave (SRAG).<\/p>\n<p><strong>Ocupa\u00e7\u00e3o de leitos<\/strong><\/p>\n<p>A taxa de ocupa\u00e7\u00e3o geral dos leitos de UTI da rede p\u00fablica \u00e9 de 30,35%. Dos 56 leitos dispon\u00edveis, 17 est\u00e3o ocupados, sendo que 11 pacientes s\u00e3o de Petrolina e 6 de outras cidades da regi\u00e3o. Os dados completos seguem em anexo.<\/p>\n<p><a href=\"http:\/\/quersaberpolitica.com.br\/2016\/wp-content\/uploads\/2020\/08\/Taxa-de-ocupacao-de-leitos-25.08.20-1.pdf\">Taxa de ocupa\u00e7\u00e3o de leitos 25.08.20 (1)<\/a><\/p>\n<p>Texto:\u00a0Duda\u00a0Oliveira \u2013 Assessor de Comunica\u00e7\u00e3o<\/p>\n","protected":false},"excerpt":{"rendered":"<p>Petrolina tem mais 105 pessoas curadas clinicamente da covid-19. O boletim epidemiol\u00f3gico da prefeitura desta ter\u00e7a-feira (25) mostra que o registro de pessoas confirmadas com o novo coronav\u00edrus \u00e9 de 4.094, sendo que 3.175 delas est\u00e3o recuperadas. Esse percentual equivale a 77,6% do total de casos confirmados at\u00e9 o momento. Mais 199 pessoas foram testadas para a covid-19 nesta ter\u00e7a. Desse total, 46 positivaram: s\u00e3o 27 pessoas do sexo feminino, com idades entre 01 a 87 anos, e 19 do sexo masculino, entre 09 a 75 anos. O boletim ainda traz 11 resultados positivos de exames laboratoriais. S\u00e3o 6 pessoas do sexo masculino, entre 25 a 54 anos, e 5 pessoas do sexo feminino, entre 22 a 49 anos. Foram&hellip; <\/p>\n","protected":false},"author":1,"featured_media":256019,"comment_status":"closed","ping_status":"closed","sticky":false,"template":"","format":"standard","meta":{"_acf_changed":false,"footnotes":""},"categories":[1],"tags":[],"class_list":["post-265901","post","type-post","status-publish","format-standard","has-post-thumbnail","hentry","category-politica"],"acf":[],"yoast_head":"<!-- This site is optimized with the Yoast SEO plugin v27.4 - https:\/\/yoast.com\/product\/yoast-seo-wordpress\/ -->\n<title>Boletim da covid em Petrolina desta ter\u00e7a traz 57 novas confirma\u00e7\u00f5es, com mais 105 curados - Blog do Farn\u00e9sio<\/title>\n<meta name=\"robots\" content=\"index, follow, max-snippet:-1, max-image-preview:large, max-video-preview:-1\" \/>\n<link rel=\"canonical\" href=\"https:\/\/blogdofarnesio.com.br\/?p=265901\" \/>\n<meta property=\"og:locale\" content=\"pt_BR\" \/>\n<meta property=\"og:type\" content=\"article\" \/>\n<meta property=\"og:title\" content=\"Boletim da covid em Petrolina desta ter\u00e7a traz 57 novas confirma\u00e7\u00f5es, com mais 105 curados - Blog do Farn\u00e9sio\" \/>\n<meta property=\"og:description\" content=\"Petrolina tem mais 105 pessoas curadas clinicamente da covid-19. O boletim epidemiol\u00f3gico da prefeitura desta ter\u00e7a-feira (25) mostra que o registro de pessoas confirmadas com o novo coronav\u00edrus \u00e9 de 4.094, sendo que 3.175 delas est\u00e3o recuperadas. Esse percentual equivale a 77,6% do total de casos confirmados at\u00e9 o momento. Mais 199 pessoas foram testadas para a covid-19 nesta ter\u00e7a. Desse total, 46 positivaram: s\u00e3o 27 pessoas do sexo feminino, com idades entre 01 a 87 anos, e 19 do sexo masculino, entre 09 a 75 anos. O boletim ainda traz 11 resultados positivos de exames laboratoriais. S\u00e3o 6 pessoas do sexo masculino, entre 25 a 54 anos, e 5 pessoas do sexo feminino, entre 22 a 49 anos. Foram&hellip;\" \/>\n<meta property=\"og:url\" content=\"https:\/\/blogdofarnesio.com.br\/?p=265901\" \/>\n<meta property=\"og:site_name\" content=\"Blog do Farn\u00e9sio\" \/>\n<meta property=\"article:publisher\" content=\"https:\/\/www.facebook.com\/BlogQuerSaberPolitica\/\" \/>\n<meta property=\"article:published_time\" content=\"2020-08-26T12:21:33+00:00\" \/>\n<meta property=\"og:image\" content=\"https:\/\/blogdofarnesio.com.br\/wp-content\/uploads\/2020\/04\/blogqspcoronavirus-..jpg\" \/>\n\t<meta property=\"og:image:width\" content=\"700\" \/>\n\t<meta property=\"og:image:height\" content=\"467\" \/>\n\t<meta property=\"og:image:type\" content=\"image\/jpeg\" \/>\n<meta name=\"author\" content=\"Farn\u00e9sio\" \/>\n<meta name=\"twitter:card\" content=\"summary_large_image\" \/>\n<meta name=\"twitter:label1\" content=\"Escrito por\" \/>\n\t<meta name=\"twitter:data1\" content=\"Farn\u00e9sio\" \/>\n\t<meta name=\"twitter:label2\" content=\"Est. tempo de leitura\" \/>\n\t<meta name=\"twitter:data2\" content=\"1 minuto\" \/>\n<script type=\"application\/ld+json\" class=\"yoast-schema-graph\">{\"@context\":\"https:\\\/\\\/schema.org\",\"@graph\":[{\"@type\":\"Article\",\"@id\":\"https:\\\/\\\/blogdofarnesio.com.br\\\/?p=265901#article\",\"isPartOf\":{\"@id\":\"https:\\\/\\\/blogdofarnesio.com.br\\\/?p=265901\"},\"author\":{\"name\":\"Farn\u00e9sio\",\"@id\":\"https:\\\/\\\/blogdofarnesio.com.br\\\/#\\\/schema\\\/person\\\/301c4acf522bccbfdb45af95b5b906a1\"},\"headline\":\"Boletim da covid em Petrolina desta ter\u00e7a traz 57 novas confirma\u00e7\u00f5es, com mais 105 curados\",\"datePublished\":\"2020-08-26T12:21:33+00:00\",\"mainEntityOfPage\":{\"@id\":\"https:\\\/\\\/blogdofarnesio.com.br\\\/?p=265901\"},\"wordCount\":306,\"publisher\":{\"@id\":\"https:\\\/\\\/blogdofarnesio.com.br\\\/#organization\"},\"image\":{\"@id\":\"https:\\\/\\\/blogdofarnesio.com.br\\\/?p=265901#primaryimage\"},\"thumbnailUrl\":\"https:\\\/\\\/blogdofarnesio.com.br\\\/wp-content\\\/uploads\\\/2020\\\/04\\\/blogqspcoronavirus-..jpg\",\"articleSection\":[\"Pol\u00edtica\"],\"inLanguage\":\"pt-BR\"},{\"@type\":\"WebPage\",\"@id\":\"https:\\\/\\\/blogdofarnesio.com.br\\\/?p=265901\",\"url\":\"https:\\\/\\\/blogdofarnesio.com.br\\\/?p=265901\",\"name\":\"Boletim da covid em Petrolina desta ter\u00e7a traz 57 novas confirma\u00e7\u00f5es, com mais 105 curados - Blog do Farn\u00e9sio\",\"isPartOf\":{\"@id\":\"https:\\\/\\\/blogdofarnesio.com.br\\\/#website\"},\"primaryImageOfPage\":{\"@id\":\"https:\\\/\\\/blogdofarnesio.com.br\\\/?p=265901#primaryimage\"},\"image\":{\"@id\":\"https:\\\/\\\/blogdofarnesio.com.br\\\/?p=265901#primaryimage\"},\"thumbnailUrl\":\"https:\\\/\\\/blogdofarnesio.com.br\\\/wp-content\\\/uploads\\\/2020\\\/04\\\/blogqspcoronavirus-..jpg\",\"datePublished\":\"2020-08-26T12:21:33+00:00\",\"breadcrumb\":{\"@id\":\"https:\\\/\\\/blogdofarnesio.com.br\\\/?p=265901#breadcrumb\"},\"inLanguage\":\"pt-BR\",\"potentialAction\":[{\"@type\":\"ReadAction\",\"target\":[\"https:\\\/\\\/blogdofarnesio.com.br\\\/?p=265901\"]}]},{\"@type\":\"ImageObject\",\"inLanguage\":\"pt-BR\",\"@id\":\"https:\\\/\\\/blogdofarnesio.com.br\\\/?p=265901#primaryimage\",\"url\":\"https:\\\/\\\/blogdofarnesio.com.br\\\/wp-content\\\/uploads\\\/2020\\\/04\\\/blogqspcoronavirus-..jpg\",\"contentUrl\":\"https:\\\/\\\/blogdofarnesio.com.br\\\/wp-content\\\/uploads\\\/2020\\\/04\\\/blogqspcoronavirus-..jpg\",\"width\":700,\"height\":467,\"caption\":\"Foto: Piero Cruciatti\\\/AFP\"},{\"@type\":\"BreadcrumbList\",\"@id\":\"https:\\\/\\\/blogdofarnesio.com.br\\\/?p=265901#breadcrumb\",\"itemListElement\":[{\"@type\":\"ListItem\",\"position\":1,\"name\":\"In\u00edcio\",\"item\":\"https:\\\/\\\/blogdofarnesio.com.br\\\/\"},{\"@type\":\"ListItem\",\"position\":2,\"name\":\"Boletim da covid em Petrolina desta ter\u00e7a traz 57 novas confirma\u00e7\u00f5es, com mais 105 curados\"}]},{\"@type\":\"WebSite\",\"@id\":\"https:\\\/\\\/blogdofarnesio.com.br\\\/#website\",\"url\":\"https:\\\/\\\/blogdofarnesio.com.br\\\/\",\"name\":\"Blog do Farn\u00e9sio\",\"description\":\"Quer Saber Pol\u00edtica?\",\"publisher\":{\"@id\":\"https:\\\/\\\/blogdofarnesio.com.br\\\/#organization\"},\"potentialAction\":[{\"@type\":\"SearchAction\",\"target\":{\"@type\":\"EntryPoint\",\"urlTemplate\":\"https:\\\/\\\/blogdofarnesio.com.br\\\/?s={search_term_string}\"},\"query-input\":{\"@type\":\"PropertyValueSpecification\",\"valueRequired\":true,\"valueName\":\"search_term_string\"}}],\"inLanguage\":\"pt-BR\"},{\"@type\":\"Organization\",\"@id\":\"https:\\\/\\\/blogdofarnesio.com.br\\\/#organization\",\"name\":\"Blog do Farn\u00e9sio\",\"url\":\"https:\\\/\\\/blogdofarnesio.com.br\\\/\",\"logo\":{\"@type\":\"ImageObject\",\"inLanguage\":\"pt-BR\",\"@id\":\"https:\\\/\\\/blogdofarnesio.com.br\\\/#\\\/schema\\\/logo\\\/image\\\/\",\"url\":\"https:\\\/\\\/blogdofarnesio.com.br\\\/wp-content\\\/uploads\\\/2026\\\/03\\\/cropped-logo_new-1.png\",\"contentUrl\":\"https:\\\/\\\/blogdofarnesio.com.br\\\/wp-content\\\/uploads\\\/2026\\\/03\\\/cropped-logo_new-1.png\",\"width\":881,\"height\":685,\"caption\":\"Blog do Farn\u00e9sio\"},\"image\":{\"@id\":\"https:\\\/\\\/blogdofarnesio.com.br\\\/#\\\/schema\\\/logo\\\/image\\\/\"},\"sameAs\":[\"https:\\\/\\\/www.facebook.com\\\/BlogQuerSaberPolitica\\\/\"]},{\"@type\":\"Person\",\"@id\":\"https:\\\/\\\/blogdofarnesio.com.br\\\/#\\\/schema\\\/person\\\/301c4acf522bccbfdb45af95b5b906a1\",\"name\":\"Farn\u00e9sio\",\"image\":{\"@type\":\"ImageObject\",\"inLanguage\":\"pt-BR\",\"@id\":\"https:\\\/\\\/secure.gravatar.com\\\/avatar\\\/df0c9a14567c056f8ad6876ba5bbd1e3e2c48023eb6807342fc4663adf549f38?s=96&d=mm&r=g\",\"url\":\"https:\\\/\\\/secure.gravatar.com\\\/avatar\\\/df0c9a14567c056f8ad6876ba5bbd1e3e2c48023eb6807342fc4663adf549f38?s=96&d=mm&r=g\",\"contentUrl\":\"https:\\\/\\\/secure.gravatar.com\\\/avatar\\\/df0c9a14567c056f8ad6876ba5bbd1e3e2c48023eb6807342fc4663adf549f38?s=96&d=mm&r=g\",\"caption\":\"Farn\u00e9sio\"},\"sameAs\":[\"https:\\\/\\\/quersaberpolitica.com.br\"],\"url\":\"https:\\\/\\\/blogdofarnesio.com.br\\\/?author=1\"}]}<\/script>\n<!-- \/ Yoast SEO plugin. -->","yoast_head_json":{"title":"Boletim da covid em Petrolina desta ter\u00e7a traz 57 novas confirma\u00e7\u00f5es, com mais 105 curados - Blog do Farn\u00e9sio","robots":{"index":"index","follow":"follow","max-snippet":"max-snippet:-1","max-image-preview":"max-image-preview:large","max-video-preview":"max-video-preview:-1"},"canonical":"https:\/\/blogdofarnesio.com.br\/?p=265901","og_locale":"pt_BR","og_type":"article","og_title":"Boletim da covid em Petrolina desta ter\u00e7a traz 57 novas confirma\u00e7\u00f5es, com mais 105 curados - Blog do Farn\u00e9sio","og_description":"Petrolina tem mais 105 pessoas curadas clinicamente da covid-19. O boletim epidemiol\u00f3gico da prefeitura desta ter\u00e7a-feira (25) mostra que o registro de pessoas confirmadas com o novo coronav\u00edrus \u00e9 de 4.094, sendo que 3.175 delas est\u00e3o recuperadas. Esse percentual equivale a 77,6% do total de casos confirmados at\u00e9 o momento. Mais 199 pessoas foram testadas para a covid-19 nesta ter\u00e7a. Desse total, 46 positivaram: s\u00e3o 27 pessoas do sexo feminino, com idades entre 01 a 87 anos, e 19 do sexo masculino, entre 09 a 75 anos. O boletim ainda traz 11 resultados positivos de exames laboratoriais. S\u00e3o 6 pessoas do sexo masculino, entre 25 a 54 anos, e 5 pessoas do sexo feminino, entre 22 a 49 anos. Foram&hellip;","og_url":"https:\/\/blogdofarnesio.com.br\/?p=265901","og_site_name":"Blog do Farn\u00e9sio","article_publisher":"https:\/\/www.facebook.com\/BlogQuerSaberPolitica\/","article_published_time":"2020-08-26T12:21:33+00:00","og_image":[{"width":700,"height":467,"url":"https:\/\/blogdofarnesio.com.br\/wp-content\/uploads\/2020\/04\/blogqspcoronavirus-..jpg","type":"image\/jpeg"}],"author":"Farn\u00e9sio","twitter_card":"summary_large_image","twitter_misc":{"Escrito por":"Farn\u00e9sio","Est. tempo de leitura":"1 minuto"},"schema":{"@context":"https:\/\/schema.org","@graph":[{"@type":"Article","@id":"https:\/\/blogdofarnesio.com.br\/?p=265901#article","isPartOf":{"@id":"https:\/\/blogdofarnesio.com.br\/?p=265901"},"author":{"name":"Farn\u00e9sio","@id":"https:\/\/blogdofarnesio.com.br\/#\/schema\/person\/301c4acf522bccbfdb45af95b5b906a1"},"headline":"Boletim da covid em Petrolina desta ter\u00e7a traz 57 novas confirma\u00e7\u00f5es, com mais 105 curados","datePublished":"2020-08-26T12:21:33+00:00","mainEntityOfPage":{"@id":"https:\/\/blogdofarnesio.com.br\/?p=265901"},"wordCount":306,"publisher":{"@id":"https:\/\/blogdofarnesio.com.br\/#organization"},"image":{"@id":"https:\/\/blogdofarnesio.com.br\/?p=265901#primaryimage"},"thumbnailUrl":"https:\/\/blogdofarnesio.com.br\/wp-content\/uploads\/2020\/04\/blogqspcoronavirus-..jpg","articleSection":["Pol\u00edtica"],"inLanguage":"pt-BR"},{"@type":"WebPage","@id":"https:\/\/blogdofarnesio.com.br\/?p=265901","url":"https:\/\/blogdofarnesio.com.br\/?p=265901","name":"Boletim da covid em Petrolina desta ter\u00e7a traz 57 novas confirma\u00e7\u00f5es, com mais 105 curados - Blog do Farn\u00e9sio","isPartOf":{"@id":"https:\/\/blogdofarnesio.com.br\/#website"},"primaryImageOfPage":{"@id":"https:\/\/blogdofarnesio.com.br\/?p=265901#primaryimage"},"image":{"@id":"https:\/\/blogdofarnesio.com.br\/?p=265901#primaryimage"},"thumbnailUrl":"https:\/\/blogdofarnesio.com.br\/wp-content\/uploads\/2020\/04\/blogqspcoronavirus-..jpg","datePublished":"2020-08-26T12:21:33+00:00","breadcrumb":{"@id":"https:\/\/blogdofarnesio.com.br\/?p=265901#breadcrumb"},"inLanguage":"pt-BR","potentialAction":[{"@type":"ReadAction","target":["https:\/\/blogdofarnesio.com.br\/?p=265901"]}]},{"@type":"ImageObject","inLanguage":"pt-BR","@id":"https:\/\/blogdofarnesio.com.br\/?p=265901#primaryimage","url":"https:\/\/blogdofarnesio.com.br\/wp-content\/uploads\/2020\/04\/blogqspcoronavirus-..jpg","contentUrl":"https:\/\/blogdofarnesio.com.br\/wp-content\/uploads\/2020\/04\/blogqspcoronavirus-..jpg","width":700,"height":467,"caption":"Foto: Piero Cruciatti\/AFP"},{"@type":"BreadcrumbList","@id":"https:\/\/blogdofarnesio.com.br\/?p=265901#breadcrumb","itemListElement":[{"@type":"ListItem","position":1,"name":"In\u00edcio","item":"https:\/\/blogdofarnesio.com.br\/"},{"@type":"ListItem","position":2,"name":"Boletim da covid em Petrolina desta ter\u00e7a traz 57 novas confirma\u00e7\u00f5es, com mais 105 curados"}]},{"@type":"WebSite","@id":"https:\/\/blogdofarnesio.com.br\/#website","url":"https:\/\/blogdofarnesio.com.br\/","name":"Blog do Farn\u00e9sio","description":"Quer Saber Pol\u00edtica?","publisher":{"@id":"https:\/\/blogdofarnesio.com.br\/#organization"},"potentialAction":[{"@type":"SearchAction","target":{"@type":"EntryPoint","urlTemplate":"https:\/\/blogdofarnesio.com.br\/?s={search_term_string}"},"query-input":{"@type":"PropertyValueSpecification","valueRequired":true,"valueName":"search_term_string"}}],"inLanguage":"pt-BR"},{"@type":"Organization","@id":"https:\/\/blogdofarnesio.com.br\/#organization","name":"Blog do Farn\u00e9sio","url":"https:\/\/blogdofarnesio.com.br\/","logo":{"@type":"ImageObject","inLanguage":"pt-BR","@id":"https:\/\/blogdofarnesio.com.br\/#\/schema\/logo\/image\/","url":"https:\/\/blogdofarnesio.com.br\/wp-content\/uploads\/2026\/03\/cropped-logo_new-1.png","contentUrl":"https:\/\/blogdofarnesio.com.br\/wp-content\/uploads\/2026\/03\/cropped-logo_new-1.png","width":881,"height":685,"caption":"Blog do Farn\u00e9sio"},"image":{"@id":"https:\/\/blogdofarnesio.com.br\/#\/schema\/logo\/image\/"},"sameAs":["https:\/\/www.facebook.com\/BlogQuerSaberPolitica\/"]},{"@type":"Person","@id":"https:\/\/blogdofarnesio.com.br\/#\/schema\/person\/301c4acf522bccbfdb45af95b5b906a1","name":"Farn\u00e9sio","image":{"@type":"ImageObject","inLanguage":"pt-BR","@id":"https:\/\/secure.gravatar.com\/avatar\/df0c9a14567c056f8ad6876ba5bbd1e3e2c48023eb6807342fc4663adf549f38?s=96&d=mm&r=g","url":"https:\/\/secure.gravatar.com\/avatar\/df0c9a14567c056f8ad6876ba5bbd1e3e2c48023eb6807342fc4663adf549f38?s=96&d=mm&r=g","contentUrl":"https:\/\/secure.gravatar.com\/avatar\/df0c9a14567c056f8ad6876ba5bbd1e3e2c48023eb6807342fc4663adf549f38?s=96&d=mm&r=g","caption":"Farn\u00e9sio"},"sameAs":["https:\/\/quersaberpolitica.com.br"],"url":"https:\/\/blogdofarnesio.com.br\/?author=1"}]}},"_links":{"self":[{"href":"https:\/\/blogdofarnesio.com.br\/index.php?rest_route=\/wp\/v2\/posts\/265901","targetHints":{"allow":["GET"]}}],"collection":[{"href":"https:\/\/blogdofarnesio.com.br\/index.php?rest_route=\/wp\/v2\/posts"}],"about":[{"href":"https:\/\/blogdofarnesio.com.br\/index.php?rest_route=\/wp\/v2\/types\/post"}],"author":[{"embeddable":true,"href":"https:\/\/blogdofarnesio.com.br\/index.php?rest_route=\/wp\/v2\/users\/1"}],"replies":[{"embeddable":true,"href":"https:\/\/blogdofarnesio.com.br\/index.php?rest_route=%2Fwp%2Fv2%2Fcomments&post=265901"}],"version-history":[{"count":0,"href":"https:\/\/blogdofarnesio.com.br\/index.php?rest_route=\/wp\/v2\/posts\/265901\/revisions"}],"wp:featuredmedia":[{"embeddable":true,"href":"https:\/\/blogdofarnesio.com.br\/index.php?rest_route=\/wp\/v2\/media\/256019"}],"wp:attachment":[{"href":"https:\/\/blogdofarnesio.com.br\/index.php?rest_route=%2Fwp%2Fv2%2Fmedia&parent=265901"}],"wp:term":[{"taxonomy":"category","embeddable":true,"href":"https:\/\/blogdofarnesio.com.br\/index.php?rest_route=%2Fwp%2Fv2%2Fcategories&post=265901"},{"taxonomy":"post_tag","embeddable":true,"href":"https:\/\/blogdofarnesio.com.br\/index.php?rest_route=%2Fwp%2Fv2%2Ftags&post=265901"}],"curies":[{"name":"wp","href":"https:\/\/api.w.org\/{rel}","templated":true}]}}