{"id":265897,"date":"2020-08-26T08:31:28","date_gmt":"2020-08-26T11:31:28","guid":{"rendered":"http:\/\/quersaberpolitica.com.br\/2016\/?p=265897"},"modified":"2020-08-25T19:50:12","modified_gmt":"2020-08-25T22:50:12","slug":"pe-chega-a-119-958-casos-e-7-425-mortes-por-covid-19-ao-registrou-ontem-mais-601-confirmacoes-e-26-obitos","status":"publish","type":"post","link":"https:\/\/blogdofarnesio.com.br\/?p=265897","title":{"rendered":"PE chega a 119.958 casos e 7.425 mortes por Covid-19 ao registrou ontem mais 601 confirma\u00e7\u00f5es e 26 \u00f3bitos"},"content":{"rendered":"<p>A Secretaria Estadual de Sa\u00fade (SES-PE) registrou, nesta ter\u00e7a-feira (25\/08), 601 novos casos da Covid-19. Entre os confirmados hoje, apenas 55 (9%) s\u00e3o casos de S\u00edndrome Respirat\u00f3ria Aguda Grave (Srag) e os outros 546 (91%) s\u00e3o leves, ou seja, pacientes que n\u00e3o demandaram internamento hospitalar e que j\u00e1 estavam curados, ou na fase final da doen\u00e7a. Agora, Pernambuco totaliza 119.958 casos j\u00e1 confirmados, sendo 25.242 graves e 94.716 leves.<\/p>\n<p>Al\u00e9m disso, o boletim de hoje registra, ao todo, 101.354 pessoas recuperadas da doen\u00e7a. Destas, 14.470 eram pacientes graves, que necessitaram de internamento hospitalar, e 86.884 eram casos leves.<\/p>\n<p>Os casos graves confirmados da doen\u00e7a est\u00e3o distribu\u00eddos por 183 munic\u00edpios pernambucanos (tabela 2), al\u00e9m do arquip\u00e9lago de Fernando de Noronha e da ocorr\u00eancia de pacientes e outros Estados e pa\u00edses.<\/p>\n<p>Tamb\u00e9m foram confirmados laboratorialmente 26 \u00f3bitos (sendo 14 do sexo feminino e 12 do sexo masculino). Os novos \u00f3bitos confirmados s\u00e3o de pessoas residentes nos munic\u00edpios de Bom Jardim (1), Caruaru (1), Flores (1), Garanhuns (1), Jaboat\u00e3o dos Guararapes (4), Moreno (1), Olinda (5), Pedra (1), Recife (3), Santa Cruz do Capibaribe (2), S\u00e3o Jos\u00e9 do Egito (1), S\u00e3o Vicente F\u00e9rrer (1), Serra Talhada (2), Taquaritinga do Norte (1) e Xex\u00e9u (1). Com isso, Pernambuco totaliza 7.425 mortes pela doen\u00e7a.<\/p>\n<p>As mortes registradas no boletim de hoje ocorreram entre 21 de junho e 24 de agosto. Do total de mortes do informe de hoje, 10 (38%) ocorreram nos \u00faltimos tr\u00eas dias, sendo uma morte registrada no dia de ontem (segunda, 24\/08), 4 mortes em 23\/08 e 5 em 22\/08. Os outros 16 \u00f3bitos (62%) ocorrem entre os dias 21\/06 e 21\/08. Os pacientes tinham idades entre 43 e 96 anos. As faixas et\u00e1rias s\u00e3o: 40 a 49 (2), 50 a 59 (5), 60 a 69 (2), 70 a 79 (8) e 80 ou mais (9).<\/p>\n<p>Dos 26 pacientes que vieram a \u00f3bito, 22 apresentavam comorbidades confirmadas: diabetes (12), doen\u00e7a cardiovascular (11), hipertens\u00e3o (7), doen\u00e7a renal (4), obesidade (3), c\u00e2ncer (2), doen\u00e7a hep\u00e1tica (2), doen\u00e7a respirat\u00f3ria (2), hist\u00f3rico de tabagismo (2), etilismo (1), imunossupress\u00e3o (1) &#8211; um paciente pode ter mais de uma comorbidade. Os demais est\u00e3o em investiga\u00e7\u00e3o.<\/p>\n<p>Com rela\u00e7\u00e3o \u00e0 testagem dos profissionais de sa\u00fade com sintomas de gripe, em Pernambuco, at\u00e9 agora, 20.539 casos foram confirmados e 30.093 descartados. As testagens entre os trabalhadores do setor abrangem os profissionais de todas as unidades de sa\u00fade, sejam da rede p\u00fablica (estadual e municipal) ou privada. O Governo de Pernambuco foi o primeiro do pa\u00eds a criar um protocolo para testar e afastar os profissionais da \u00e1rea da sa\u00fade com sintomas gripais.<\/p>\n<p><strong>CASOS EM QUEDA &#8211;<\/strong>\u00a0Na coletiva de imprensa desta ter\u00e7a-feira (25.08), o secret\u00e1rio estadual de Sa\u00fade, Andr\u00e9 Longo, destacou que as an\u00e1lises dos dados epidemiol\u00f3gicos da \u00faltima semana apontam para a continuidade da queda nos indicadores da doen\u00e7a, embora de forma heterog\u00eanea no Estado. Com rela\u00e7\u00e3o aos casos de S\u00edndrome Respirat\u00f3ria Aguda Grave (Srag), houve uma queda de 1,9% em rela\u00e7\u00e3o \u00e0 semana anterior (SE 33).<\/p>\n<p>Entre os \u00f3bitos, a redu\u00e7\u00e3o das mortes por Srag foi na ordem de 24,9% em rela\u00e7\u00e3o \u00e0 semana 33 e, no acumulado de 2 semanas (na compara\u00e7\u00e3o com a SE 32), a queda foi mais expressiva, de 42,2%. Com rela\u00e7\u00e3o aos \u00f3bitos de s\u00edndrome respirat\u00f3ria confirmados para a Covid-19, a queda, da semana 33 para a 34, foi de 23%.<\/p>\n<p>Na an\u00e1lise regional, a III Macrorregi\u00e3o de Sa\u00fade, que tem como cidades-polo Arcoverde, Serra Talhada e Afogados da Ingazeira, foi a \u00fanica que apresentou uma tend\u00eancia de aumento. &#8220;Por isso, estamos observando esta regi\u00e3o, com maior detalhe, na evolu\u00e7\u00e3o, inclusive dessa pr\u00f3xima semana, os indicadores todos, para avaliar medidas mais r\u00edgidas que poder\u00e3o vir a ser necess\u00e1rias para esses munic\u00edpios&#8221;, informou o secret\u00e1rio Andr\u00e9 Longo.<\/p>\n<p><strong>CASOS EM CRIAN\u00c7AS &#8211;\u00a0<\/strong>Na coletiva tamb\u00e9m foi feita uma an\u00e1lise da incid\u00eancia da Covid-19 entre as crian\u00e7as. Ao todo, foram registramos 647 ocorr\u00eancias de Srag na faixa et\u00e1ria at\u00e9 14 anos, sendo 316 casos em crian\u00e7a de at\u00e9 1 ano; 227 de 2 a 9 anos; e 104 de 10 a 14 anos. Com rela\u00e7\u00e3o aos \u00f3bitos, foram 48: 26 na faixa et\u00e1ria at\u00e9 1 ano; 18 em crian\u00e7as de 2 aos 9 anos; e 4 de 10 a 14.<\/p>\n<p>Assim, os casos graves em crian\u00e7as de 0 a 14 anos correspondem a 2,5% do total de ocorr\u00eancias de Srag por Covid-19 e 0,6% do total de \u00f3bitos. Com rela\u00e7\u00e3o \u00e0 propor\u00e7\u00e3o de positividade para Covid dos casos de Srag, a m\u00e9dia em Pernambuco, desde o in\u00edcio da doen\u00e7a, est\u00e1 em 53% em todas as idades. J\u00e1 entre as crian\u00e7as com Srag, essa propor\u00e7\u00e3o de positividade \u00e9 menor, de 26%.<\/p>\n<p>&#8220;Estes dados corroboram os relatos e estudos consolidados dentro e fora do Brasil, que apontam que, apesar de serem igualmente propensas a se infectarem pela Covid-19, as crian\u00e7as apresentam menor risco de desenvolver a forma grave da doen\u00e7a. Mas precisamos refor\u00e7ar que ningu\u00e9m est\u00e1 imune ao v\u00edrus e todos podem se tornar v\u00edtimas da doen\u00e7a, at\u00e9 crian\u00e7as. Por isso, todos, adultos e crian\u00e7as, devem seguir as regras protocolares de educa\u00e7\u00e3o sanit\u00e1ria hoje preconizadas, devendo sempre lavar as m\u00e3os com mais frequ\u00eancia, adotar o distanciamento social e usar a m\u00e1scara corretamente todas as vezes que sair de casa&#8221;, pontuou o secret\u00e1rio estadual.<\/p>\n<p>Para prestar assist\u00eancia a esse p\u00fablico, Pernambuco possui mais de 100 leitos voltados para beb\u00eas e crian\u00e7as em Pernambuco, sendo 37 de terapia intensiva. Atualmente, a ocupa\u00e7\u00e3o m\u00e9dia destas vagas est\u00e1 em 64%. Dentro do planejamento da SES-PE para a amplia\u00e7\u00e3o desta rede, foram abertas, nas \u00faltimas semanas, 10 leitos de UTI neonatal no Imip; e 10 novos leitos de UTI pedi\u00e1trica e 17 de enfermaria para crian\u00e7as no Hospital Bar\u00e3o de Lucena.<\/p>\n<p>&#8220;Estamos avaliando as possibilidades de amplia\u00e7\u00e3o de novas vagas junto aos servi\u00e7os de refer\u00eancia para Covid-19&#8221;, disse o secret\u00e1rio Andr\u00e9 Longo.<\/p>\n<p><strong>S\u00cdNDROME PEDI\u00c1TRICA &#8211;<\/strong>\u00a0Ainda sobre os casos envolvendo o p\u00fablico infantil, foram atualizados os dados da S\u00edndrome Inflamat\u00f3ria Multissist\u00eamica Pedi\u00e1trica (SIM-P) &#8211; quadro que acomete crian\u00e7as e adolescentes possivelmente relacionado \u00e0 Covid-19. At\u00e9 esta ter\u00e7a-feira (25.08), Pernambuco contabiliza 9 casos, sendo 7 com evolu\u00e7\u00e3o para alta, 1 internado em enfermaria e 1 (sexo feminino, de 11 anos, residente no Recife) que veio a \u00f3bito no final de junho. Todos tiveram resultado positivo para o novo coronav\u00edrus.<\/p>\n<p>A notifica\u00e7\u00e3o dessa s\u00edndrome foi institu\u00edda no in\u00edcio deste m\u00eas de agosto e os servi\u00e7os de sa\u00fade, al\u00e9m de casos novos, est\u00e3o resgatando ocorr\u00eancias desde o come\u00e7o da pandemia.<\/p>\n<p>&#8220;Os servi\u00e7os tinham esses relatos, mas o protocolo e a obrigatoriedade de notifica\u00e7\u00e3o saiu h\u00e1 pouco mais de 15 dias. \u00c9 importante que todos os servi\u00e7os de refer\u00eancia para pediatria no Estado estejam atentos ao diagn\u00f3stico sindr\u00f4mico para que haja a notifica\u00e7\u00e3o desses casos da S\u00edndrome Pedi\u00e1trica, possivelmente p\u00f3s-exposi\u00e7\u00e3o \u00e0 Covid-19&#8221;, frisou Andr\u00e9 Longo.<\/p>\n<p>Dos casos registrados at\u00e9 o momento, 4 s\u00e3o do sexo masculino e 5 do sexo feminino, com idades entre 4 e 13 anos e residentes nos munic\u00edpios de Joaquim Nabuco, Sirinha\u00e9m, Goiana, Limoeiro, Timba\u00faba, Caruaru, Flores e Recife, al\u00e9m de uma crian\u00e7a de Alagoas (Maragogi) assistida na rede de sa\u00fade pernambucana. Os adoecimentos ocorreram entre maio e este m\u00eas de agosto e foram atendidos nos hospitais Universit\u00e1rio Oswaldo Cruz (Huoc), Correia Pican\u00e7o, Bar\u00e3o de Lucena e Imip, no Recife; no Hospital Prof. Agamenon Magalh\u00e3es (Hospam), em Serra Talhada; e no Memorial de Goiana, na Zona da Mata Norte.<\/p>\n<p><strong>O que \u00e9:<\/strong>\u00a0Os relatos da S\u00edndrome Inflamat\u00f3ria Multissist\u00eamica Pedi\u00e1trica descrevem manifesta\u00e7\u00f5es sindr\u00f4micas caracterizadas por febre persistente e elevada acompanhada de um conjunto de sintomas que podem incluir hipotens\u00e3o (press\u00e3o baixa ou choque), comprometimento de m\u00faltiplos \u00f3rg\u00e3os e elevados marcadores inflamat\u00f3rios. O paciente hospitalizado pode apresentar manifesta\u00e7\u00f5es cardiovasculares ou gastrointestinais agudas (diarreia, v\u00f4mito, dor abdominal); conjuntivite ou manifesta\u00e7\u00f5es cut\u00e2neas; quadro inflamat\u00f3rio e confirma\u00e7\u00e3o laboratorial (t\u00e9cnica RT-PCR ou sorologia) ou hist\u00f3ria de contato com caso confirmado do novo coronav\u00edrus.<\/p>\n<p>Os sintomas respirat\u00f3rios n\u00e3o s\u00e3o presentes em todos os casos, de acordo com as evid\u00eancias atuais. As caracter\u00edsticas s\u00e3o semelhantes \u00e0 s\u00edndrome de Kawasaki e s\u00edndrome do choque t\u00f3xico. Os pacientes far\u00e3o exames para confirmar ou descartar a infec\u00e7\u00e3o pelo Covid-19, al\u00e9m de outros testes laboratoriais, especialmente os marcadores de atividade inflamat\u00f3ria. Toda a defini\u00e7\u00e3o de caso est\u00e1 explicitada em nota t\u00e9cnica da SES-PE, que refor\u00e7a a notifica\u00e7\u00e3o em at\u00e9 24 horas quando o paciente se enquadra como um caso que atende essa defini\u00e7\u00e3o da s\u00edndrome, ou seja, j\u00e1 tem os resultados dos exames e \u00e9 um caso confirmado.<\/p>\n","protected":false},"excerpt":{"rendered":"<p>A Secretaria Estadual de Sa\u00fade (SES-PE) registrou, nesta ter\u00e7a-feira (25\/08), 601 novos casos da Covid-19. Entre os confirmados hoje, apenas 55 (9%) s\u00e3o casos de S\u00edndrome Respirat\u00f3ria Aguda Grave (Srag) e os outros 546 (91%) s\u00e3o leves, ou seja, pacientes que n\u00e3o demandaram internamento hospitalar e que j\u00e1 estavam curados, ou na fase final da doen\u00e7a. Agora, Pernambuco totaliza 119.958 casos j\u00e1 confirmados, sendo 25.242 graves e 94.716 leves. Al\u00e9m disso, o boletim de hoje registra, ao todo, 101.354 pessoas recuperadas da doen\u00e7a. Destas, 14.470 eram pacientes graves, que necessitaram de internamento hospitalar, e 86.884 eram casos leves. Os casos graves confirmados da doen\u00e7a est\u00e3o distribu\u00eddos por 183 munic\u00edpios pernambucanos (tabela 2), al\u00e9m do arquip\u00e9lago de Fernando de Noronha e&hellip; <\/p>\n","protected":false},"author":1,"featured_media":251191,"comment_status":"closed","ping_status":"closed","sticky":false,"template":"","format":"standard","meta":{"_acf_changed":false,"footnotes":""},"categories":[4],"tags":[],"class_list":["post-265897","post","type-post","status-publish","format-standard","has-post-thumbnail","hentry","category-saude"],"acf":[],"yoast_head":"<!-- This site is optimized with the Yoast SEO plugin v27.4 - https:\/\/yoast.com\/product\/yoast-seo-wordpress\/ -->\n<title>PE chega a 119.958 casos e 7.425 mortes por Covid-19 ao registrou ontem mais 601 confirma\u00e7\u00f5es e 26 \u00f3bitos - Blog do Farn\u00e9sio<\/title>\n<meta name=\"robots\" content=\"index, follow, max-snippet:-1, max-image-preview:large, max-video-preview:-1\" \/>\n<link rel=\"canonical\" href=\"https:\/\/blogdofarnesio.com.br\/?p=265897\" \/>\n<meta property=\"og:locale\" content=\"pt_BR\" \/>\n<meta property=\"og:type\" content=\"article\" \/>\n<meta property=\"og:title\" content=\"PE chega a 119.958 casos e 7.425 mortes por Covid-19 ao registrou ontem mais 601 confirma\u00e7\u00f5es e 26 \u00f3bitos - Blog do Farn\u00e9sio\" \/>\n<meta property=\"og:description\" content=\"A Secretaria Estadual de Sa\u00fade (SES-PE) registrou, nesta ter\u00e7a-feira (25\/08), 601 novos casos da Covid-19. Entre os confirmados hoje, apenas 55 (9%) s\u00e3o casos de S\u00edndrome Respirat\u00f3ria Aguda Grave (Srag) e os outros 546 (91%) s\u00e3o leves, ou seja, pacientes que n\u00e3o demandaram internamento hospitalar e que j\u00e1 estavam curados, ou na fase final da doen\u00e7a. Agora, Pernambuco totaliza 119.958 casos j\u00e1 confirmados, sendo 25.242 graves e 94.716 leves. Al\u00e9m disso, o boletim de hoje registra, ao todo, 101.354 pessoas recuperadas da doen\u00e7a. Destas, 14.470 eram pacientes graves, que necessitaram de internamento hospitalar, e 86.884 eram casos leves. Os casos graves confirmados da doen\u00e7a est\u00e3o distribu\u00eddos por 183 munic\u00edpios pernambucanos (tabela 2), al\u00e9m do arquip\u00e9lago de Fernando de Noronha e&hellip;\" \/>\n<meta property=\"og:url\" content=\"https:\/\/blogdofarnesio.com.br\/?p=265897\" \/>\n<meta property=\"og:site_name\" content=\"Blog do Farn\u00e9sio\" \/>\n<meta property=\"article:publisher\" content=\"https:\/\/www.facebook.com\/BlogQuerSaberPolitica\/\" \/>\n<meta property=\"article:published_time\" content=\"2020-08-26T11:31:28+00:00\" \/>\n<meta property=\"og:image\" content=\"https:\/\/blogdofarnesio.com.br\/wp-content\/uploads\/2020\/02\/blogqspcoronavirus-pe.jpg\" \/>\n\t<meta property=\"og:image:width\" content=\"640\" \/>\n\t<meta property=\"og:image:height\" content=\"350\" \/>\n\t<meta property=\"og:image:type\" content=\"image\/jpeg\" \/>\n<meta name=\"author\" content=\"Farn\u00e9sio\" \/>\n<meta name=\"twitter:card\" content=\"summary_large_image\" \/>\n<meta name=\"twitter:label1\" content=\"Escrito por\" \/>\n\t<meta name=\"twitter:data1\" content=\"Farn\u00e9sio\" \/>\n\t<meta name=\"twitter:label2\" content=\"Est. tempo de leitura\" \/>\n\t<meta name=\"twitter:data2\" content=\"7 minutos\" \/>\n<script type=\"application\/ld+json\" class=\"yoast-schema-graph\">{\"@context\":\"https:\\\/\\\/schema.org\",\"@graph\":[{\"@type\":\"Article\",\"@id\":\"https:\\\/\\\/blogdofarnesio.com.br\\\/?p=265897#article\",\"isPartOf\":{\"@id\":\"https:\\\/\\\/blogdofarnesio.com.br\\\/?p=265897\"},\"author\":{\"name\":\"Farn\u00e9sio\",\"@id\":\"https:\\\/\\\/blogdofarnesio.com.br\\\/#\\\/schema\\\/person\\\/301c4acf522bccbfdb45af95b5b906a1\"},\"headline\":\"PE chega a 119.958 casos e 7.425 mortes por Covid-19 ao registrou ontem mais 601 confirma\u00e7\u00f5es e 26 \u00f3bitos\",\"datePublished\":\"2020-08-26T11:31:28+00:00\",\"mainEntityOfPage\":{\"@id\":\"https:\\\/\\\/blogdofarnesio.com.br\\\/?p=265897\"},\"wordCount\":1486,\"publisher\":{\"@id\":\"https:\\\/\\\/blogdofarnesio.com.br\\\/#organization\"},\"image\":{\"@id\":\"https:\\\/\\\/blogdofarnesio.com.br\\\/?p=265897#primaryimage\"},\"thumbnailUrl\":\"https:\\\/\\\/blogdofarnesio.com.br\\\/wp-content\\\/uploads\\\/2020\\\/02\\\/blogqspcoronavirus-pe.jpg\",\"articleSection\":[\"Sa\u00fade\"],\"inLanguage\":\"pt-BR\"},{\"@type\":\"WebPage\",\"@id\":\"https:\\\/\\\/blogdofarnesio.com.br\\\/?p=265897\",\"url\":\"https:\\\/\\\/blogdofarnesio.com.br\\\/?p=265897\",\"name\":\"PE chega a 119.958 casos e 7.425 mortes por Covid-19 ao registrou ontem mais 601 confirma\u00e7\u00f5es e 26 \u00f3bitos - Blog do Farn\u00e9sio\",\"isPartOf\":{\"@id\":\"https:\\\/\\\/blogdofarnesio.com.br\\\/#website\"},\"primaryImageOfPage\":{\"@id\":\"https:\\\/\\\/blogdofarnesio.com.br\\\/?p=265897#primaryimage\"},\"image\":{\"@id\":\"https:\\\/\\\/blogdofarnesio.com.br\\\/?p=265897#primaryimage\"},\"thumbnailUrl\":\"https:\\\/\\\/blogdofarnesio.com.br\\\/wp-content\\\/uploads\\\/2020\\\/02\\\/blogqspcoronavirus-pe.jpg\",\"datePublished\":\"2020-08-26T11:31:28+00:00\",\"breadcrumb\":{\"@id\":\"https:\\\/\\\/blogdofarnesio.com.br\\\/?p=265897#breadcrumb\"},\"inLanguage\":\"pt-BR\",\"potentialAction\":[{\"@type\":\"ReadAction\",\"target\":[\"https:\\\/\\\/blogdofarnesio.com.br\\\/?p=265897\"]}]},{\"@type\":\"ImageObject\",\"inLanguage\":\"pt-BR\",\"@id\":\"https:\\\/\\\/blogdofarnesio.com.br\\\/?p=265897#primaryimage\",\"url\":\"https:\\\/\\\/blogdofarnesio.com.br\\\/wp-content\\\/uploads\\\/2020\\\/02\\\/blogqspcoronavirus-pe.jpg\",\"contentUrl\":\"https:\\\/\\\/blogdofarnesio.com.br\\\/wp-content\\\/uploads\\\/2020\\\/02\\\/blogqspcoronavirus-pe.jpg\",\"width\":640,\"height\":350},{\"@type\":\"BreadcrumbList\",\"@id\":\"https:\\\/\\\/blogdofarnesio.com.br\\\/?p=265897#breadcrumb\",\"itemListElement\":[{\"@type\":\"ListItem\",\"position\":1,\"name\":\"In\u00edcio\",\"item\":\"https:\\\/\\\/blogdofarnesio.com.br\\\/\"},{\"@type\":\"ListItem\",\"position\":2,\"name\":\"PE chega a 119.958 casos e 7.425 mortes por Covid-19 ao registrou ontem mais 601 confirma\u00e7\u00f5es e 26 \u00f3bitos\"}]},{\"@type\":\"WebSite\",\"@id\":\"https:\\\/\\\/blogdofarnesio.com.br\\\/#website\",\"url\":\"https:\\\/\\\/blogdofarnesio.com.br\\\/\",\"name\":\"Blog do Farn\u00e9sio\",\"description\":\"Quer Saber Pol\u00edtica?\",\"publisher\":{\"@id\":\"https:\\\/\\\/blogdofarnesio.com.br\\\/#organization\"},\"potentialAction\":[{\"@type\":\"SearchAction\",\"target\":{\"@type\":\"EntryPoint\",\"urlTemplate\":\"https:\\\/\\\/blogdofarnesio.com.br\\\/?s={search_term_string}\"},\"query-input\":{\"@type\":\"PropertyValueSpecification\",\"valueRequired\":true,\"valueName\":\"search_term_string\"}}],\"inLanguage\":\"pt-BR\"},{\"@type\":\"Organization\",\"@id\":\"https:\\\/\\\/blogdofarnesio.com.br\\\/#organization\",\"name\":\"Blog do Farn\u00e9sio\",\"url\":\"https:\\\/\\\/blogdofarnesio.com.br\\\/\",\"logo\":{\"@type\":\"ImageObject\",\"inLanguage\":\"pt-BR\",\"@id\":\"https:\\\/\\\/blogdofarnesio.com.br\\\/#\\\/schema\\\/logo\\\/image\\\/\",\"url\":\"https:\\\/\\\/blogdofarnesio.com.br\\\/wp-content\\\/uploads\\\/2026\\\/03\\\/cropped-logo_new-1.png\",\"contentUrl\":\"https:\\\/\\\/blogdofarnesio.com.br\\\/wp-content\\\/uploads\\\/2026\\\/03\\\/cropped-logo_new-1.png\",\"width\":881,\"height\":685,\"caption\":\"Blog do Farn\u00e9sio\"},\"image\":{\"@id\":\"https:\\\/\\\/blogdofarnesio.com.br\\\/#\\\/schema\\\/logo\\\/image\\\/\"},\"sameAs\":[\"https:\\\/\\\/www.facebook.com\\\/BlogQuerSaberPolitica\\\/\"]},{\"@type\":\"Person\",\"@id\":\"https:\\\/\\\/blogdofarnesio.com.br\\\/#\\\/schema\\\/person\\\/301c4acf522bccbfdb45af95b5b906a1\",\"name\":\"Farn\u00e9sio\",\"image\":{\"@type\":\"ImageObject\",\"inLanguage\":\"pt-BR\",\"@id\":\"https:\\\/\\\/secure.gravatar.com\\\/avatar\\\/df0c9a14567c056f8ad6876ba5bbd1e3e2c48023eb6807342fc4663adf549f38?s=96&d=mm&r=g\",\"url\":\"https:\\\/\\\/secure.gravatar.com\\\/avatar\\\/df0c9a14567c056f8ad6876ba5bbd1e3e2c48023eb6807342fc4663adf549f38?s=96&d=mm&r=g\",\"contentUrl\":\"https:\\\/\\\/secure.gravatar.com\\\/avatar\\\/df0c9a14567c056f8ad6876ba5bbd1e3e2c48023eb6807342fc4663adf549f38?s=96&d=mm&r=g\",\"caption\":\"Farn\u00e9sio\"},\"sameAs\":[\"https:\\\/\\\/quersaberpolitica.com.br\"],\"url\":\"https:\\\/\\\/blogdofarnesio.com.br\\\/?author=1\"}]}<\/script>\n<!-- \/ Yoast SEO plugin. -->","yoast_head_json":{"title":"PE chega a 119.958 casos e 7.425 mortes por Covid-19 ao registrou ontem mais 601 confirma\u00e7\u00f5es e 26 \u00f3bitos - Blog do Farn\u00e9sio","robots":{"index":"index","follow":"follow","max-snippet":"max-snippet:-1","max-image-preview":"max-image-preview:large","max-video-preview":"max-video-preview:-1"},"canonical":"https:\/\/blogdofarnesio.com.br\/?p=265897","og_locale":"pt_BR","og_type":"article","og_title":"PE chega a 119.958 casos e 7.425 mortes por Covid-19 ao registrou ontem mais 601 confirma\u00e7\u00f5es e 26 \u00f3bitos - Blog do Farn\u00e9sio","og_description":"A Secretaria Estadual de Sa\u00fade (SES-PE) registrou, nesta ter\u00e7a-feira (25\/08), 601 novos casos da Covid-19. Entre os confirmados hoje, apenas 55 (9%) s\u00e3o casos de S\u00edndrome Respirat\u00f3ria Aguda Grave (Srag) e os outros 546 (91%) s\u00e3o leves, ou seja, pacientes que n\u00e3o demandaram internamento hospitalar e que j\u00e1 estavam curados, ou na fase final da doen\u00e7a. Agora, Pernambuco totaliza 119.958 casos j\u00e1 confirmados, sendo 25.242 graves e 94.716 leves. Al\u00e9m disso, o boletim de hoje registra, ao todo, 101.354 pessoas recuperadas da doen\u00e7a. Destas, 14.470 eram pacientes graves, que necessitaram de internamento hospitalar, e 86.884 eram casos leves. Os casos graves confirmados da doen\u00e7a est\u00e3o distribu\u00eddos por 183 munic\u00edpios pernambucanos (tabela 2), al\u00e9m do arquip\u00e9lago de Fernando de Noronha e&hellip;","og_url":"https:\/\/blogdofarnesio.com.br\/?p=265897","og_site_name":"Blog do Farn\u00e9sio","article_publisher":"https:\/\/www.facebook.com\/BlogQuerSaberPolitica\/","article_published_time":"2020-08-26T11:31:28+00:00","og_image":[{"width":640,"height":350,"url":"https:\/\/blogdofarnesio.com.br\/wp-content\/uploads\/2020\/02\/blogqspcoronavirus-pe.jpg","type":"image\/jpeg"}],"author":"Farn\u00e9sio","twitter_card":"summary_large_image","twitter_misc":{"Escrito por":"Farn\u00e9sio","Est. tempo de leitura":"7 minutos"},"schema":{"@context":"https:\/\/schema.org","@graph":[{"@type":"Article","@id":"https:\/\/blogdofarnesio.com.br\/?p=265897#article","isPartOf":{"@id":"https:\/\/blogdofarnesio.com.br\/?p=265897"},"author":{"name":"Farn\u00e9sio","@id":"https:\/\/blogdofarnesio.com.br\/#\/schema\/person\/301c4acf522bccbfdb45af95b5b906a1"},"headline":"PE chega a 119.958 casos e 7.425 mortes por Covid-19 ao registrou ontem mais 601 confirma\u00e7\u00f5es e 26 \u00f3bitos","datePublished":"2020-08-26T11:31:28+00:00","mainEntityOfPage":{"@id":"https:\/\/blogdofarnesio.com.br\/?p=265897"},"wordCount":1486,"publisher":{"@id":"https:\/\/blogdofarnesio.com.br\/#organization"},"image":{"@id":"https:\/\/blogdofarnesio.com.br\/?p=265897#primaryimage"},"thumbnailUrl":"https:\/\/blogdofarnesio.com.br\/wp-content\/uploads\/2020\/02\/blogqspcoronavirus-pe.jpg","articleSection":["Sa\u00fade"],"inLanguage":"pt-BR"},{"@type":"WebPage","@id":"https:\/\/blogdofarnesio.com.br\/?p=265897","url":"https:\/\/blogdofarnesio.com.br\/?p=265897","name":"PE chega a 119.958 casos e 7.425 mortes por Covid-19 ao registrou ontem mais 601 confirma\u00e7\u00f5es e 26 \u00f3bitos - Blog do Farn\u00e9sio","isPartOf":{"@id":"https:\/\/blogdofarnesio.com.br\/#website"},"primaryImageOfPage":{"@id":"https:\/\/blogdofarnesio.com.br\/?p=265897#primaryimage"},"image":{"@id":"https:\/\/blogdofarnesio.com.br\/?p=265897#primaryimage"},"thumbnailUrl":"https:\/\/blogdofarnesio.com.br\/wp-content\/uploads\/2020\/02\/blogqspcoronavirus-pe.jpg","datePublished":"2020-08-26T11:31:28+00:00","breadcrumb":{"@id":"https:\/\/blogdofarnesio.com.br\/?p=265897#breadcrumb"},"inLanguage":"pt-BR","potentialAction":[{"@type":"ReadAction","target":["https:\/\/blogdofarnesio.com.br\/?p=265897"]}]},{"@type":"ImageObject","inLanguage":"pt-BR","@id":"https:\/\/blogdofarnesio.com.br\/?p=265897#primaryimage","url":"https:\/\/blogdofarnesio.com.br\/wp-content\/uploads\/2020\/02\/blogqspcoronavirus-pe.jpg","contentUrl":"https:\/\/blogdofarnesio.com.br\/wp-content\/uploads\/2020\/02\/blogqspcoronavirus-pe.jpg","width":640,"height":350},{"@type":"BreadcrumbList","@id":"https:\/\/blogdofarnesio.com.br\/?p=265897#breadcrumb","itemListElement":[{"@type":"ListItem","position":1,"name":"In\u00edcio","item":"https:\/\/blogdofarnesio.com.br\/"},{"@type":"ListItem","position":2,"name":"PE chega a 119.958 casos e 7.425 mortes por Covid-19 ao registrou ontem mais 601 confirma\u00e7\u00f5es e 26 \u00f3bitos"}]},{"@type":"WebSite","@id":"https:\/\/blogdofarnesio.com.br\/#website","url":"https:\/\/blogdofarnesio.com.br\/","name":"Blog do Farn\u00e9sio","description":"Quer Saber Pol\u00edtica?","publisher":{"@id":"https:\/\/blogdofarnesio.com.br\/#organization"},"potentialAction":[{"@type":"SearchAction","target":{"@type":"EntryPoint","urlTemplate":"https:\/\/blogdofarnesio.com.br\/?s={search_term_string}"},"query-input":{"@type":"PropertyValueSpecification","valueRequired":true,"valueName":"search_term_string"}}],"inLanguage":"pt-BR"},{"@type":"Organization","@id":"https:\/\/blogdofarnesio.com.br\/#organization","name":"Blog do Farn\u00e9sio","url":"https:\/\/blogdofarnesio.com.br\/","logo":{"@type":"ImageObject","inLanguage":"pt-BR","@id":"https:\/\/blogdofarnesio.com.br\/#\/schema\/logo\/image\/","url":"https:\/\/blogdofarnesio.com.br\/wp-content\/uploads\/2026\/03\/cropped-logo_new-1.png","contentUrl":"https:\/\/blogdofarnesio.com.br\/wp-content\/uploads\/2026\/03\/cropped-logo_new-1.png","width":881,"height":685,"caption":"Blog do Farn\u00e9sio"},"image":{"@id":"https:\/\/blogdofarnesio.com.br\/#\/schema\/logo\/image\/"},"sameAs":["https:\/\/www.facebook.com\/BlogQuerSaberPolitica\/"]},{"@type":"Person","@id":"https:\/\/blogdofarnesio.com.br\/#\/schema\/person\/301c4acf522bccbfdb45af95b5b906a1","name":"Farn\u00e9sio","image":{"@type":"ImageObject","inLanguage":"pt-BR","@id":"https:\/\/secure.gravatar.com\/avatar\/df0c9a14567c056f8ad6876ba5bbd1e3e2c48023eb6807342fc4663adf549f38?s=96&d=mm&r=g","url":"https:\/\/secure.gravatar.com\/avatar\/df0c9a14567c056f8ad6876ba5bbd1e3e2c48023eb6807342fc4663adf549f38?s=96&d=mm&r=g","contentUrl":"https:\/\/secure.gravatar.com\/avatar\/df0c9a14567c056f8ad6876ba5bbd1e3e2c48023eb6807342fc4663adf549f38?s=96&d=mm&r=g","caption":"Farn\u00e9sio"},"sameAs":["https:\/\/quersaberpolitica.com.br"],"url":"https:\/\/blogdofarnesio.com.br\/?author=1"}]}},"_links":{"self":[{"href":"https:\/\/blogdofarnesio.com.br\/index.php?rest_route=\/wp\/v2\/posts\/265897","targetHints":{"allow":["GET"]}}],"collection":[{"href":"https:\/\/blogdofarnesio.com.br\/index.php?rest_route=\/wp\/v2\/posts"}],"about":[{"href":"https:\/\/blogdofarnesio.com.br\/index.php?rest_route=\/wp\/v2\/types\/post"}],"author":[{"embeddable":true,"href":"https:\/\/blogdofarnesio.com.br\/index.php?rest_route=\/wp\/v2\/users\/1"}],"replies":[{"embeddable":true,"href":"https:\/\/blogdofarnesio.com.br\/index.php?rest_route=%2Fwp%2Fv2%2Fcomments&post=265897"}],"version-history":[{"count":0,"href":"https:\/\/blogdofarnesio.com.br\/index.php?rest_route=\/wp\/v2\/posts\/265897\/revisions"}],"wp:featuredmedia":[{"embeddable":true,"href":"https:\/\/blogdofarnesio.com.br\/index.php?rest_route=\/wp\/v2\/media\/251191"}],"wp:attachment":[{"href":"https:\/\/blogdofarnesio.com.br\/index.php?rest_route=%2Fwp%2Fv2%2Fmedia&parent=265897"}],"wp:term":[{"taxonomy":"category","embeddable":true,"href":"https:\/\/blogdofarnesio.com.br\/index.php?rest_route=%2Fwp%2Fv2%2Fcategories&post=265897"},{"taxonomy":"post_tag","embeddable":true,"href":"https:\/\/blogdofarnesio.com.br\/index.php?rest_route=%2Fwp%2Fv2%2Ftags&post=265897"}],"curies":[{"name":"wp","href":"https:\/\/api.w.org\/{rel}","templated":true}]}}