{"id":265874,"date":"2020-08-26T10:42:24","date_gmt":"2020-08-26T13:42:24","guid":{"rendered":"http:\/\/quersaberpolitica.com.br\/2016\/?p=265874"},"modified":"2020-08-25T18:47:01","modified_gmt":"2020-08-25T21:47:01","slug":"gep-inicia-projeto-para-implementacao-de-programa-de-mestrado-profissional","status":"publish","type":"post","link":"https:\/\/blogdofarnesio.com.br\/?p=265874","title":{"rendered":"GEP inicia projeto para implementa\u00e7\u00e3o de programa de mestrado profissional"},"content":{"rendered":"<div class=\"cabecalho-noticia\"><\/div>\n<div class=\"painel-lateral\">\n<div class=\"img\">\n<div class=\"legenda\">Durante a primeira reuni\u00e3o do Comit\u00ea do Mestrado Profissional do HU-Univasf. O objetivo do grupo \u00e9 desenvolver o programa que ser\u00e1 submetido \u00e0 aprova\u00e7\u00e3o da Coordena\u00e7\u00e3o de Aperfei\u00e7oamento de Pessoal de N\u00edvel Superior (CAPES).<\/div>\n<\/div>\n<\/div>\n<div class=\"row-fluid\">\n<div class=\"conteudo\">\n<p>Participaram do encontro o Gerente de Ensino e Pesquisa, Prof. Marcos Duarte, a Chefe do Setor de Gest\u00e3o do Ensino, Thais Maia, a Chefe do Setor de Gest\u00e3o da Pesquisa e Inova\u00e7\u00e3o Tecnol\u00f3gica, Carine Naue, do chefe do Setor de Apoio Diagn\u00f3stico e Terap\u00eautico, Fabr\u00edcio Olinda e da Unidade das Atividades de P\u00f3s Gradua\u00e7\u00e3o, Prof. Orlando Gomes.<\/p>\n<p>Para a chefe do setor de Ensino, Thais Maia \u00b4\u00b4A idealiza\u00e7\u00e3o do programa de mestrado profissional no HU-Univasf ocorreu com o prop\u00f3sito de contribuir para a forma\u00e7\u00e3o e qualifica\u00e7\u00e3o de profissionais de sa\u00fade que atuam nas \u00e1reas assistenciais, tendo como espectro a regi\u00e3o do Vale do S\u00e3o Francisco. O intuito deste Programa \u00e9 preparar profissionais para atuar na ampla \u00e1rea de gest\u00e3o e inova\u00e7\u00e3o tecnol\u00f3gica em sa\u00fade\u00a0em prol de promover melhorias na qualidade do cuidado em sa\u00fade.<\/p>\n<p>Prof. Orlando Vieira, chefe das Atividades de P\u00f3s Gradua\u00e7\u00e3o, destaca que: &#8220;Esse mestrado vem refor\u00e7ar o desenvolvimento da regi\u00e3o, aprimorar a forma\u00e7\u00e3o dos profissionais de sa\u00fade e atender \u00e0s demandas do mercado de trabalho atual. Espera-se que esses profissionais tenham capacidade de an\u00e1lise cr\u00edtica da produ\u00e7\u00e3o cient\u00edfica e tecnol\u00f3gica da sua \u00e1rea.<span style=\"font-family: Calibri,sans-serif;\">&#8221; Segundo o mesmo, c<\/span>omo caracter\u00edstica diferencial, esse programa de p\u00f3s-gradua\u00e7\u00e3o permitir\u00e1 aos residentes da institui\u00e7\u00e3o articular o per\u00edodo da resid\u00eancia m\u00e9dica ou multiprofissional com a obten\u00e7\u00e3o do t\u00edtulo de mestre. &#8220;Ser\u00e1 uma excelente oportunidade de desenvolvimento cient\u00edfico dos residentes uma vez que desenvolver\u00e3o habilidades relacionadas \u00e0 pesquisa aplicada&#8221;.<\/p>\n<p>Segundo o Prof. Marcos Duarte este programa trar\u00e1 diversos benef\u00edcios para a regi\u00e3o do subm\u00e9dio do Vale do S\u00e3o Francisco. &#8220;Primeiro por ser in\u00e9dito, primeiro programa de Mestrado Profissional em sa\u00fade desenvolvido em um ambiente hospitalar e acad\u00eamico. Ir\u00e1 contribuir na forma\u00e7\u00e3o de mestres capazes de interagir e modificar positivamente seus ambientes de trabalho. Segundo, em possibilitar o desenvolvimento de estudos que tragam benef\u00edcios s\u00f3lidos para o hospital, seus alunos, profissionais, pacientes e comunidade\u00b4\u00b4. As linhas de pesquisas priorit\u00e1rias ser\u00e3o: inova\u00e7\u00e3o tecnol\u00f3gica e gest\u00e3o em sa\u00fade. \u2018\u00b4Seremos capazes de desenvolver solu\u00e7\u00f5es inovadoras como prot\u00f3tipos, aplicativos, softwares, homepages, em telessa\u00fade, etc.<\/p>\n<p>Por outro lado, conhecimentos de gest\u00e3o s\u00e3o fundamentais para garantir sustentabilidade e crescimento institucional cont\u00ednuo, em curto, m\u00e9dio e longo prazo. Sobretudo em tempos de crises, com escassez de recursos, como a que vivemos atualmente em virtude da pandemia, os resultados advindos deste programa poder\u00e3o impactar positivamente o nosso HU. Poderemos reduzir custos, otimizar fluxos e processos de trabalhos, planejar melhor o futuro da nossa institui\u00e7\u00e3o, melhorando as condi\u00e7\u00f5es de ensino, manejo cl\u00ednico e recupera\u00e7\u00e3o dos nossos pacientes&#8221;<\/p>\n<\/div>\n<\/div>\n","protected":false},"excerpt":{"rendered":"<p>Durante a primeira reuni\u00e3o do Comit\u00ea do Mestrado Profissional do HU-Univasf. O objetivo do grupo \u00e9 desenvolver o programa que ser\u00e1 submetido \u00e0 aprova\u00e7\u00e3o da Coordena\u00e7\u00e3o de Aperfei\u00e7oamento de Pessoal de N\u00edvel Superior (CAPES). Participaram do encontro o Gerente de Ensino e Pesquisa, Prof. Marcos Duarte, a Chefe do Setor de Gest\u00e3o do Ensino, Thais Maia, a Chefe do Setor de Gest\u00e3o da Pesquisa e Inova\u00e7\u00e3o Tecnol\u00f3gica, Carine Naue, do chefe do Setor de Apoio Diagn\u00f3stico e Terap\u00eautico, Fabr\u00edcio Olinda e da Unidade das Atividades de P\u00f3s Gradua\u00e7\u00e3o, Prof. Orlando Gomes. Para a chefe do setor de Ensino, Thais Maia \u00b4\u00b4A idealiza\u00e7\u00e3o do programa de mestrado profissional no HU-Univasf ocorreu com o prop\u00f3sito de contribuir para a forma\u00e7\u00e3o e qualifica\u00e7\u00e3o&hellip; <\/p>\n","protected":false},"author":1,"featured_media":265875,"comment_status":"closed","ping_status":"closed","sticky":false,"template":"","format":"standard","meta":{"_acf_changed":false,"footnotes":""},"categories":[6],"tags":[],"class_list":["post-265874","post","type-post","status-publish","format-standard","has-post-thumbnail","hentry","category-educacao"],"acf":[],"yoast_head":"<!-- This site is optimized with the Yoast SEO plugin v27.4 - https:\/\/yoast.com\/product\/yoast-seo-wordpress\/ -->\n<title>GEP inicia projeto para implementa\u00e7\u00e3o de programa de mestrado profissional - Blog do Farn\u00e9sio<\/title>\n<meta name=\"robots\" content=\"index, follow, max-snippet:-1, max-image-preview:large, max-video-preview:-1\" \/>\n<link rel=\"canonical\" href=\"https:\/\/blogdofarnesio.com.br\/?p=265874\" \/>\n<meta property=\"og:locale\" content=\"pt_BR\" \/>\n<meta property=\"og:type\" content=\"article\" \/>\n<meta property=\"og:title\" content=\"GEP inicia projeto para implementa\u00e7\u00e3o de programa de mestrado profissional - Blog do Farn\u00e9sio\" \/>\n<meta property=\"og:description\" content=\"Durante a primeira reuni\u00e3o do Comit\u00ea do Mestrado Profissional do HU-Univasf. O objetivo do grupo \u00e9 desenvolver o programa que ser\u00e1 submetido \u00e0 aprova\u00e7\u00e3o da Coordena\u00e7\u00e3o de Aperfei\u00e7oamento de Pessoal de N\u00edvel Superior (CAPES). Participaram do encontro o Gerente de Ensino e Pesquisa, Prof. Marcos Duarte, a Chefe do Setor de Gest\u00e3o do Ensino, Thais Maia, a Chefe do Setor de Gest\u00e3o da Pesquisa e Inova\u00e7\u00e3o Tecnol\u00f3gica, Carine Naue, do chefe do Setor de Apoio Diagn\u00f3stico e Terap\u00eautico, Fabr\u00edcio Olinda e da Unidade das Atividades de P\u00f3s Gradua\u00e7\u00e3o, Prof. Orlando Gomes. Para a chefe do setor de Ensino, Thais Maia \u00b4\u00b4A idealiza\u00e7\u00e3o do programa de mestrado profissional no HU-Univasf ocorreu com o prop\u00f3sito de contribuir para a forma\u00e7\u00e3o e qualifica\u00e7\u00e3o&hellip;\" \/>\n<meta property=\"og:url\" content=\"https:\/\/blogdofarnesio.com.br\/?p=265874\" \/>\n<meta property=\"og:site_name\" content=\"Blog do Farn\u00e9sio\" \/>\n<meta property=\"article:publisher\" content=\"https:\/\/www.facebook.com\/BlogQuerSaberPolitica\/\" \/>\n<meta property=\"article:published_time\" content=\"2020-08-26T13:42:24+00:00\" \/>\n<meta property=\"og:image\" content=\"https:\/\/blogdofarnesio.com.br\/wp-content\/uploads\/2020\/08\/blogqspunivasf-gep.jpg\" \/>\n\t<meta property=\"og:image:width\" content=\"500\" \/>\n\t<meta property=\"og:image:height\" content=\"375\" \/>\n\t<meta property=\"og:image:type\" content=\"image\/jpeg\" \/>\n<meta name=\"author\" content=\"Farn\u00e9sio\" \/>\n<meta name=\"twitter:card\" content=\"summary_large_image\" \/>\n<meta name=\"twitter:label1\" content=\"Escrito por\" \/>\n\t<meta name=\"twitter:data1\" content=\"Farn\u00e9sio\" \/>\n\t<meta name=\"twitter:label2\" content=\"Est. tempo de leitura\" \/>\n\t<meta name=\"twitter:data2\" content=\"3 minutos\" \/>\n<script type=\"application\/ld+json\" class=\"yoast-schema-graph\">{\"@context\":\"https:\\\/\\\/schema.org\",\"@graph\":[{\"@type\":\"Article\",\"@id\":\"https:\\\/\\\/blogdofarnesio.com.br\\\/?p=265874#article\",\"isPartOf\":{\"@id\":\"https:\\\/\\\/blogdofarnesio.com.br\\\/?p=265874\"},\"author\":{\"name\":\"Farn\u00e9sio\",\"@id\":\"https:\\\/\\\/blogdofarnesio.com.br\\\/#\\\/schema\\\/person\\\/301c4acf522bccbfdb45af95b5b906a1\"},\"headline\":\"GEP inicia projeto para implementa\u00e7\u00e3o de programa de mestrado profissional\",\"datePublished\":\"2020-08-26T13:42:24+00:00\",\"mainEntityOfPage\":{\"@id\":\"https:\\\/\\\/blogdofarnesio.com.br\\\/?p=265874\"},\"wordCount\":530,\"publisher\":{\"@id\":\"https:\\\/\\\/blogdofarnesio.com.br\\\/#organization\"},\"image\":{\"@id\":\"https:\\\/\\\/blogdofarnesio.com.br\\\/?p=265874#primaryimage\"},\"thumbnailUrl\":\"https:\\\/\\\/blogdofarnesio.com.br\\\/wp-content\\\/uploads\\\/2020\\\/08\\\/blogqspunivasf-gep.jpg\",\"articleSection\":[\"Educa\u00e7\u00e3o\"],\"inLanguage\":\"pt-BR\"},{\"@type\":\"WebPage\",\"@id\":\"https:\\\/\\\/blogdofarnesio.com.br\\\/?p=265874\",\"url\":\"https:\\\/\\\/blogdofarnesio.com.br\\\/?p=265874\",\"name\":\"GEP inicia projeto para implementa\u00e7\u00e3o de programa de mestrado profissional - Blog do Farn\u00e9sio\",\"isPartOf\":{\"@id\":\"https:\\\/\\\/blogdofarnesio.com.br\\\/#website\"},\"primaryImageOfPage\":{\"@id\":\"https:\\\/\\\/blogdofarnesio.com.br\\\/?p=265874#primaryimage\"},\"image\":{\"@id\":\"https:\\\/\\\/blogdofarnesio.com.br\\\/?p=265874#primaryimage\"},\"thumbnailUrl\":\"https:\\\/\\\/blogdofarnesio.com.br\\\/wp-content\\\/uploads\\\/2020\\\/08\\\/blogqspunivasf-gep.jpg\",\"datePublished\":\"2020-08-26T13:42:24+00:00\",\"breadcrumb\":{\"@id\":\"https:\\\/\\\/blogdofarnesio.com.br\\\/?p=265874#breadcrumb\"},\"inLanguage\":\"pt-BR\",\"potentialAction\":[{\"@type\":\"ReadAction\",\"target\":[\"https:\\\/\\\/blogdofarnesio.com.br\\\/?p=265874\"]}]},{\"@type\":\"ImageObject\",\"inLanguage\":\"pt-BR\",\"@id\":\"https:\\\/\\\/blogdofarnesio.com.br\\\/?p=265874#primaryimage\",\"url\":\"https:\\\/\\\/blogdofarnesio.com.br\\\/wp-content\\\/uploads\\\/2020\\\/08\\\/blogqspunivasf-gep.jpg\",\"contentUrl\":\"https:\\\/\\\/blogdofarnesio.com.br\\\/wp-content\\\/uploads\\\/2020\\\/08\\\/blogqspunivasf-gep.jpg\",\"width\":500,\"height\":375},{\"@type\":\"BreadcrumbList\",\"@id\":\"https:\\\/\\\/blogdofarnesio.com.br\\\/?p=265874#breadcrumb\",\"itemListElement\":[{\"@type\":\"ListItem\",\"position\":1,\"name\":\"In\u00edcio\",\"item\":\"https:\\\/\\\/blogdofarnesio.com.br\\\/\"},{\"@type\":\"ListItem\",\"position\":2,\"name\":\"GEP inicia projeto para implementa\u00e7\u00e3o de programa de mestrado profissional\"}]},{\"@type\":\"WebSite\",\"@id\":\"https:\\\/\\\/blogdofarnesio.com.br\\\/#website\",\"url\":\"https:\\\/\\\/blogdofarnesio.com.br\\\/\",\"name\":\"Blog do Farn\u00e9sio\",\"description\":\"Quer Saber Pol\u00edtica?\",\"publisher\":{\"@id\":\"https:\\\/\\\/blogdofarnesio.com.br\\\/#organization\"},\"potentialAction\":[{\"@type\":\"SearchAction\",\"target\":{\"@type\":\"EntryPoint\",\"urlTemplate\":\"https:\\\/\\\/blogdofarnesio.com.br\\\/?s={search_term_string}\"},\"query-input\":{\"@type\":\"PropertyValueSpecification\",\"valueRequired\":true,\"valueName\":\"search_term_string\"}}],\"inLanguage\":\"pt-BR\"},{\"@type\":\"Organization\",\"@id\":\"https:\\\/\\\/blogdofarnesio.com.br\\\/#organization\",\"name\":\"Blog do Farn\u00e9sio\",\"url\":\"https:\\\/\\\/blogdofarnesio.com.br\\\/\",\"logo\":{\"@type\":\"ImageObject\",\"inLanguage\":\"pt-BR\",\"@id\":\"https:\\\/\\\/blogdofarnesio.com.br\\\/#\\\/schema\\\/logo\\\/image\\\/\",\"url\":\"https:\\\/\\\/blogdofarnesio.com.br\\\/wp-content\\\/uploads\\\/2026\\\/03\\\/cropped-logo_new-1.png\",\"contentUrl\":\"https:\\\/\\\/blogdofarnesio.com.br\\\/wp-content\\\/uploads\\\/2026\\\/03\\\/cropped-logo_new-1.png\",\"width\":881,\"height\":685,\"caption\":\"Blog do Farn\u00e9sio\"},\"image\":{\"@id\":\"https:\\\/\\\/blogdofarnesio.com.br\\\/#\\\/schema\\\/logo\\\/image\\\/\"},\"sameAs\":[\"https:\\\/\\\/www.facebook.com\\\/BlogQuerSaberPolitica\\\/\"]},{\"@type\":\"Person\",\"@id\":\"https:\\\/\\\/blogdofarnesio.com.br\\\/#\\\/schema\\\/person\\\/301c4acf522bccbfdb45af95b5b906a1\",\"name\":\"Farn\u00e9sio\",\"image\":{\"@type\":\"ImageObject\",\"inLanguage\":\"pt-BR\",\"@id\":\"https:\\\/\\\/secure.gravatar.com\\\/avatar\\\/df0c9a14567c056f8ad6876ba5bbd1e3e2c48023eb6807342fc4663adf549f38?s=96&d=mm&r=g\",\"url\":\"https:\\\/\\\/secure.gravatar.com\\\/avatar\\\/df0c9a14567c056f8ad6876ba5bbd1e3e2c48023eb6807342fc4663adf549f38?s=96&d=mm&r=g\",\"contentUrl\":\"https:\\\/\\\/secure.gravatar.com\\\/avatar\\\/df0c9a14567c056f8ad6876ba5bbd1e3e2c48023eb6807342fc4663adf549f38?s=96&d=mm&r=g\",\"caption\":\"Farn\u00e9sio\"},\"sameAs\":[\"https:\\\/\\\/quersaberpolitica.com.br\"],\"url\":\"https:\\\/\\\/blogdofarnesio.com.br\\\/?author=1\"}]}<\/script>\n<!-- \/ Yoast SEO plugin. -->","yoast_head_json":{"title":"GEP inicia projeto para implementa\u00e7\u00e3o de programa de mestrado profissional - Blog do Farn\u00e9sio","robots":{"index":"index","follow":"follow","max-snippet":"max-snippet:-1","max-image-preview":"max-image-preview:large","max-video-preview":"max-video-preview:-1"},"canonical":"https:\/\/blogdofarnesio.com.br\/?p=265874","og_locale":"pt_BR","og_type":"article","og_title":"GEP inicia projeto para implementa\u00e7\u00e3o de programa de mestrado profissional - Blog do Farn\u00e9sio","og_description":"Durante a primeira reuni\u00e3o do Comit\u00ea do Mestrado Profissional do HU-Univasf. O objetivo do grupo \u00e9 desenvolver o programa que ser\u00e1 submetido \u00e0 aprova\u00e7\u00e3o da Coordena\u00e7\u00e3o de Aperfei\u00e7oamento de Pessoal de N\u00edvel Superior (CAPES). Participaram do encontro o Gerente de Ensino e Pesquisa, Prof. Marcos Duarte, a Chefe do Setor de Gest\u00e3o do Ensino, Thais Maia, a Chefe do Setor de Gest\u00e3o da Pesquisa e Inova\u00e7\u00e3o Tecnol\u00f3gica, Carine Naue, do chefe do Setor de Apoio Diagn\u00f3stico e Terap\u00eautico, Fabr\u00edcio Olinda e da Unidade das Atividades de P\u00f3s Gradua\u00e7\u00e3o, Prof. Orlando Gomes. Para a chefe do setor de Ensino, Thais Maia \u00b4\u00b4A idealiza\u00e7\u00e3o do programa de mestrado profissional no HU-Univasf ocorreu com o prop\u00f3sito de contribuir para a forma\u00e7\u00e3o e qualifica\u00e7\u00e3o&hellip;","og_url":"https:\/\/blogdofarnesio.com.br\/?p=265874","og_site_name":"Blog do Farn\u00e9sio","article_publisher":"https:\/\/www.facebook.com\/BlogQuerSaberPolitica\/","article_published_time":"2020-08-26T13:42:24+00:00","og_image":[{"width":500,"height":375,"url":"https:\/\/blogdofarnesio.com.br\/wp-content\/uploads\/2020\/08\/blogqspunivasf-gep.jpg","type":"image\/jpeg"}],"author":"Farn\u00e9sio","twitter_card":"summary_large_image","twitter_misc":{"Escrito por":"Farn\u00e9sio","Est. tempo de leitura":"3 minutos"},"schema":{"@context":"https:\/\/schema.org","@graph":[{"@type":"Article","@id":"https:\/\/blogdofarnesio.com.br\/?p=265874#article","isPartOf":{"@id":"https:\/\/blogdofarnesio.com.br\/?p=265874"},"author":{"name":"Farn\u00e9sio","@id":"https:\/\/blogdofarnesio.com.br\/#\/schema\/person\/301c4acf522bccbfdb45af95b5b906a1"},"headline":"GEP inicia projeto para implementa\u00e7\u00e3o de programa de mestrado profissional","datePublished":"2020-08-26T13:42:24+00:00","mainEntityOfPage":{"@id":"https:\/\/blogdofarnesio.com.br\/?p=265874"},"wordCount":530,"publisher":{"@id":"https:\/\/blogdofarnesio.com.br\/#organization"},"image":{"@id":"https:\/\/blogdofarnesio.com.br\/?p=265874#primaryimage"},"thumbnailUrl":"https:\/\/blogdofarnesio.com.br\/wp-content\/uploads\/2020\/08\/blogqspunivasf-gep.jpg","articleSection":["Educa\u00e7\u00e3o"],"inLanguage":"pt-BR"},{"@type":"WebPage","@id":"https:\/\/blogdofarnesio.com.br\/?p=265874","url":"https:\/\/blogdofarnesio.com.br\/?p=265874","name":"GEP inicia projeto para implementa\u00e7\u00e3o de programa de mestrado profissional - Blog do Farn\u00e9sio","isPartOf":{"@id":"https:\/\/blogdofarnesio.com.br\/#website"},"primaryImageOfPage":{"@id":"https:\/\/blogdofarnesio.com.br\/?p=265874#primaryimage"},"image":{"@id":"https:\/\/blogdofarnesio.com.br\/?p=265874#primaryimage"},"thumbnailUrl":"https:\/\/blogdofarnesio.com.br\/wp-content\/uploads\/2020\/08\/blogqspunivasf-gep.jpg","datePublished":"2020-08-26T13:42:24+00:00","breadcrumb":{"@id":"https:\/\/blogdofarnesio.com.br\/?p=265874#breadcrumb"},"inLanguage":"pt-BR","potentialAction":[{"@type":"ReadAction","target":["https:\/\/blogdofarnesio.com.br\/?p=265874"]}]},{"@type":"ImageObject","inLanguage":"pt-BR","@id":"https:\/\/blogdofarnesio.com.br\/?p=265874#primaryimage","url":"https:\/\/blogdofarnesio.com.br\/wp-content\/uploads\/2020\/08\/blogqspunivasf-gep.jpg","contentUrl":"https:\/\/blogdofarnesio.com.br\/wp-content\/uploads\/2020\/08\/blogqspunivasf-gep.jpg","width":500,"height":375},{"@type":"BreadcrumbList","@id":"https:\/\/blogdofarnesio.com.br\/?p=265874#breadcrumb","itemListElement":[{"@type":"ListItem","position":1,"name":"In\u00edcio","item":"https:\/\/blogdofarnesio.com.br\/"},{"@type":"ListItem","position":2,"name":"GEP inicia projeto para implementa\u00e7\u00e3o de programa de mestrado profissional"}]},{"@type":"WebSite","@id":"https:\/\/blogdofarnesio.com.br\/#website","url":"https:\/\/blogdofarnesio.com.br\/","name":"Blog do Farn\u00e9sio","description":"Quer Saber Pol\u00edtica?","publisher":{"@id":"https:\/\/blogdofarnesio.com.br\/#organization"},"potentialAction":[{"@type":"SearchAction","target":{"@type":"EntryPoint","urlTemplate":"https:\/\/blogdofarnesio.com.br\/?s={search_term_string}"},"query-input":{"@type":"PropertyValueSpecification","valueRequired":true,"valueName":"search_term_string"}}],"inLanguage":"pt-BR"},{"@type":"Organization","@id":"https:\/\/blogdofarnesio.com.br\/#organization","name":"Blog do Farn\u00e9sio","url":"https:\/\/blogdofarnesio.com.br\/","logo":{"@type":"ImageObject","inLanguage":"pt-BR","@id":"https:\/\/blogdofarnesio.com.br\/#\/schema\/logo\/image\/","url":"https:\/\/blogdofarnesio.com.br\/wp-content\/uploads\/2026\/03\/cropped-logo_new-1.png","contentUrl":"https:\/\/blogdofarnesio.com.br\/wp-content\/uploads\/2026\/03\/cropped-logo_new-1.png","width":881,"height":685,"caption":"Blog do Farn\u00e9sio"},"image":{"@id":"https:\/\/blogdofarnesio.com.br\/#\/schema\/logo\/image\/"},"sameAs":["https:\/\/www.facebook.com\/BlogQuerSaberPolitica\/"]},{"@type":"Person","@id":"https:\/\/blogdofarnesio.com.br\/#\/schema\/person\/301c4acf522bccbfdb45af95b5b906a1","name":"Farn\u00e9sio","image":{"@type":"ImageObject","inLanguage":"pt-BR","@id":"https:\/\/secure.gravatar.com\/avatar\/df0c9a14567c056f8ad6876ba5bbd1e3e2c48023eb6807342fc4663adf549f38?s=96&d=mm&r=g","url":"https:\/\/secure.gravatar.com\/avatar\/df0c9a14567c056f8ad6876ba5bbd1e3e2c48023eb6807342fc4663adf549f38?s=96&d=mm&r=g","contentUrl":"https:\/\/secure.gravatar.com\/avatar\/df0c9a14567c056f8ad6876ba5bbd1e3e2c48023eb6807342fc4663adf549f38?s=96&d=mm&r=g","caption":"Farn\u00e9sio"},"sameAs":["https:\/\/quersaberpolitica.com.br"],"url":"https:\/\/blogdofarnesio.com.br\/?author=1"}]}},"_links":{"self":[{"href":"https:\/\/blogdofarnesio.com.br\/index.php?rest_route=\/wp\/v2\/posts\/265874","targetHints":{"allow":["GET"]}}],"collection":[{"href":"https:\/\/blogdofarnesio.com.br\/index.php?rest_route=\/wp\/v2\/posts"}],"about":[{"href":"https:\/\/blogdofarnesio.com.br\/index.php?rest_route=\/wp\/v2\/types\/post"}],"author":[{"embeddable":true,"href":"https:\/\/blogdofarnesio.com.br\/index.php?rest_route=\/wp\/v2\/users\/1"}],"replies":[{"embeddable":true,"href":"https:\/\/blogdofarnesio.com.br\/index.php?rest_route=%2Fwp%2Fv2%2Fcomments&post=265874"}],"version-history":[{"count":0,"href":"https:\/\/blogdofarnesio.com.br\/index.php?rest_route=\/wp\/v2\/posts\/265874\/revisions"}],"wp:featuredmedia":[{"embeddable":true,"href":"https:\/\/blogdofarnesio.com.br\/index.php?rest_route=\/wp\/v2\/media\/265875"}],"wp:attachment":[{"href":"https:\/\/blogdofarnesio.com.br\/index.php?rest_route=%2Fwp%2Fv2%2Fmedia&parent=265874"}],"wp:term":[{"taxonomy":"category","embeddable":true,"href":"https:\/\/blogdofarnesio.com.br\/index.php?rest_route=%2Fwp%2Fv2%2Fcategories&post=265874"},{"taxonomy":"post_tag","embeddable":true,"href":"https:\/\/blogdofarnesio.com.br\/index.php?rest_route=%2Fwp%2Fv2%2Ftags&post=265874"}],"curies":[{"name":"wp","href":"https:\/\/api.w.org\/{rel}","templated":true}]}}