{"id":265685,"date":"2020-08-23T16:00:30","date_gmt":"2020-08-23T19:00:30","guid":{"rendered":"http:\/\/quersaberpolitica.com.br\/2016\/?p=265685"},"modified":"2020-08-23T15:10:49","modified_gmt":"2020-08-23T18:10:49","slug":"obra-no-rio-sao-francisco-inaugurada-por-bolsonaro-vaza-e-2-mil-pessoas-foram-retiradas-da-area","status":"publish","type":"post","link":"https:\/\/blogdofarnesio.com.br\/?p=265685","title":{"rendered":"Obra no Rio S\u00e3o Francisco inaugurada por Bolsonaro vaza e 2 mil pessoas foram retiradas da \u00e1rea"},"content":{"rendered":"<p>Inaugurada no \u00faltimo dia 26 de junho pelo presidente Jair Bolsonaro, a obra de transposi\u00e7\u00e3o do Rio S\u00e3o Francisco em Jati, munic\u00edpio da regi\u00e3o sul do Cear\u00e1, vazou na sexta-feira (21) e obrigou moradores a deixarem suas casas durante a madrugada.<\/p>\n<p>De acordo com a\u00a0Folha de S.Paulo, cerca de 2 mil pessoas que moram nas proximidades do reservat\u00f3rio Jati tiveram de ser evacuadas. Moradores foram avisados do rompimento da barragem por meio de carros de som. A popula\u00e7\u00e3o est\u00e1 sendo levada para hot\u00e9is, pousadas e alojamentos na regi\u00e3o. Outro preferiram ir para casas de parentes e amigos que moram mais distante da barragem.<\/p>\n<p>Mais cedo, o Minist\u00e9rio do Desenvolvimento Regional divulgou uma nota informando que o vazamento estava contido. \u201cA situa\u00e7\u00e3o no local est\u00e1 estabilizada ap\u00f3s o fechamento da comporta\u201d, dizia o texto. \u201cEquipes t\u00e9cnicas da pasta mant\u00eam os trabalhos em campo para verificar danos \u00e0 estrutura e avaliar necessidades de reparos\u201d, continuou. O rompimento ocorreu durante opera\u00e7\u00e3o teste no reservat\u00f3rio.<\/p>\n<p>Na \u00faltima quinta-feira (20), foi feito o acionamento das comportas da barragem para que ele come\u00e7asse a abastecer o Cintur\u00e3o das \u00c1guas, que levar\u00e1 as \u00e1guas do rio S\u00e3o Francisco at\u00e9 o A\u00e7ude Castanh\u00e3o, que abastece Fortaleza e outras cidades pr\u00f3ximas. A obra inaugurada por Bolsonaro come\u00e7ou a ser executada em 2007 pelo ex-presidente Luiz In\u00e1cio Lula da Silva (PT-SP). Ela j\u00e1 estava\u00a094% pronta antes da posse do ex-capit\u00e3o Fonte: Forum.O conte\u00fado do Blog do Everaldo \u00e9 aberto e pode ser reproduzido, desde que a fonte \\&#8221;Da reda\u00e7\u00e3o do Blog do Everaldo.\\&#8221; seja citada.<\/p>\n","protected":false},"excerpt":{"rendered":"<p>Inaugurada no \u00faltimo dia 26 de junho pelo presidente Jair Bolsonaro, a obra de transposi\u00e7\u00e3o do Rio S\u00e3o Francisco em Jati, munic\u00edpio da regi\u00e3o sul do Cear\u00e1, vazou na sexta-feira (21) e obrigou moradores a deixarem suas casas durante a madrugada. De acordo com a\u00a0Folha de S.Paulo, cerca de 2 mil pessoas que moram nas proximidades do reservat\u00f3rio Jati tiveram de ser evacuadas. Moradores foram avisados do rompimento da barragem por meio de carros de som. A popula\u00e7\u00e3o est\u00e1 sendo levada para hot\u00e9is, pousadas e alojamentos na regi\u00e3o. Outro preferiram ir para casas de parentes e amigos que moram mais distante da barragem. Mais cedo, o Minist\u00e9rio do Desenvolvimento Regional divulgou uma nota informando que o vazamento estava contido. \u201cA&hellip; <\/p>\n","protected":false},"author":1,"featured_media":265686,"comment_status":"closed","ping_status":"closed","sticky":false,"template":"","format":"standard","meta":{"_acf_changed":false,"footnotes":""},"categories":[44],"tags":[],"class_list":["post-265685","post","type-post","status-publish","format-standard","has-post-thumbnail","hentry","category-administracao"],"acf":[],"yoast_head":"<!-- This site is optimized with the Yoast SEO plugin v27.4 - https:\/\/yoast.com\/product\/yoast-seo-wordpress\/ -->\n<title>Obra no Rio S\u00e3o Francisco inaugurada por Bolsonaro vaza e 2 mil pessoas foram retiradas da \u00e1rea - Blog do Farn\u00e9sio<\/title>\n<meta name=\"robots\" content=\"index, follow, max-snippet:-1, max-image-preview:large, max-video-preview:-1\" \/>\n<link rel=\"canonical\" href=\"https:\/\/blogdofarnesio.com.br\/?p=265685\" \/>\n<meta property=\"og:locale\" content=\"pt_BR\" \/>\n<meta property=\"og:type\" content=\"article\" \/>\n<meta property=\"og:title\" content=\"Obra no Rio S\u00e3o Francisco inaugurada por Bolsonaro vaza e 2 mil pessoas foram retiradas da \u00e1rea - Blog do Farn\u00e9sio\" \/>\n<meta property=\"og:description\" content=\"Inaugurada no \u00faltimo dia 26 de junho pelo presidente Jair Bolsonaro, a obra de transposi\u00e7\u00e3o do Rio S\u00e3o Francisco em Jati, munic\u00edpio da regi\u00e3o sul do Cear\u00e1, vazou na sexta-feira (21) e obrigou moradores a deixarem suas casas durante a madrugada. De acordo com a\u00a0Folha de S.Paulo, cerca de 2 mil pessoas que moram nas proximidades do reservat\u00f3rio Jati tiveram de ser evacuadas. Moradores foram avisados do rompimento da barragem por meio de carros de som. A popula\u00e7\u00e3o est\u00e1 sendo levada para hot\u00e9is, pousadas e alojamentos na regi\u00e3o. Outro preferiram ir para casas de parentes e amigos que moram mais distante da barragem. Mais cedo, o Minist\u00e9rio do Desenvolvimento Regional divulgou uma nota informando que o vazamento estava contido. \u201cA&hellip;\" \/>\n<meta property=\"og:url\" content=\"https:\/\/blogdofarnesio.com.br\/?p=265685\" \/>\n<meta property=\"og:site_name\" content=\"Blog do Farn\u00e9sio\" \/>\n<meta property=\"article:publisher\" content=\"https:\/\/www.facebook.com\/BlogQuerSaberPolitica\/\" \/>\n<meta property=\"article:published_time\" content=\"2020-08-23T19:00:30+00:00\" \/>\n<meta property=\"og:image\" content=\"https:\/\/blogdofarnesio.com.br\/wp-content\/uploads\/2020\/08\/blogqsptrasnposicao-jati-estouramento-tubulacao-e1598103033571.jpg\" \/>\n\t<meta property=\"og:image:width\" content=\"600\" \/>\n\t<meta property=\"og:image:height\" content=\"399\" \/>\n\t<meta property=\"og:image:type\" content=\"image\/jpeg\" \/>\n<meta name=\"author\" content=\"Farn\u00e9sio\" \/>\n<meta name=\"twitter:card\" content=\"summary_large_image\" \/>\n<meta name=\"twitter:label1\" content=\"Escrito por\" \/>\n\t<meta name=\"twitter:data1\" content=\"Farn\u00e9sio\" \/>\n\t<meta name=\"twitter:label2\" content=\"Est. tempo de leitura\" \/>\n\t<meta name=\"twitter:data2\" content=\"1 minuto\" \/>\n<script type=\"application\/ld+json\" class=\"yoast-schema-graph\">{\"@context\":\"https:\\\/\\\/schema.org\",\"@graph\":[{\"@type\":\"Article\",\"@id\":\"https:\\\/\\\/blogdofarnesio.com.br\\\/?p=265685#article\",\"isPartOf\":{\"@id\":\"https:\\\/\\\/blogdofarnesio.com.br\\\/?p=265685\"},\"author\":{\"name\":\"Farn\u00e9sio\",\"@id\":\"https:\\\/\\\/blogdofarnesio.com.br\\\/#\\\/schema\\\/person\\\/301c4acf522bccbfdb45af95b5b906a1\"},\"headline\":\"Obra no Rio S\u00e3o Francisco inaugurada por Bolsonaro vaza e 2 mil pessoas foram retiradas da \u00e1rea\",\"datePublished\":\"2020-08-23T19:00:30+00:00\",\"mainEntityOfPage\":{\"@id\":\"https:\\\/\\\/blogdofarnesio.com.br\\\/?p=265685\"},\"wordCount\":294,\"publisher\":{\"@id\":\"https:\\\/\\\/blogdofarnesio.com.br\\\/#organization\"},\"image\":{\"@id\":\"https:\\\/\\\/blogdofarnesio.com.br\\\/?p=265685#primaryimage\"},\"thumbnailUrl\":\"https:\\\/\\\/blogdofarnesio.com.br\\\/wp-content\\\/uploads\\\/2020\\\/08\\\/blogqsptrasnposicao-jati-estouramento-tubulacao-e1598103033571.jpg\",\"articleSection\":[\"Administra\u00e7\u00e3o\"],\"inLanguage\":\"pt-BR\"},{\"@type\":\"WebPage\",\"@id\":\"https:\\\/\\\/blogdofarnesio.com.br\\\/?p=265685\",\"url\":\"https:\\\/\\\/blogdofarnesio.com.br\\\/?p=265685\",\"name\":\"Obra no Rio S\u00e3o Francisco inaugurada por Bolsonaro vaza e 2 mil pessoas foram retiradas da \u00e1rea - Blog do Farn\u00e9sio\",\"isPartOf\":{\"@id\":\"https:\\\/\\\/blogdofarnesio.com.br\\\/#website\"},\"primaryImageOfPage\":{\"@id\":\"https:\\\/\\\/blogdofarnesio.com.br\\\/?p=265685#primaryimage\"},\"image\":{\"@id\":\"https:\\\/\\\/blogdofarnesio.com.br\\\/?p=265685#primaryimage\"},\"thumbnailUrl\":\"https:\\\/\\\/blogdofarnesio.com.br\\\/wp-content\\\/uploads\\\/2020\\\/08\\\/blogqsptrasnposicao-jati-estouramento-tubulacao-e1598103033571.jpg\",\"datePublished\":\"2020-08-23T19:00:30+00:00\",\"breadcrumb\":{\"@id\":\"https:\\\/\\\/blogdofarnesio.com.br\\\/?p=265685#breadcrumb\"},\"inLanguage\":\"pt-BR\",\"potentialAction\":[{\"@type\":\"ReadAction\",\"target\":[\"https:\\\/\\\/blogdofarnesio.com.br\\\/?p=265685\"]}]},{\"@type\":\"ImageObject\",\"inLanguage\":\"pt-BR\",\"@id\":\"https:\\\/\\\/blogdofarnesio.com.br\\\/?p=265685#primaryimage\",\"url\":\"https:\\\/\\\/blogdofarnesio.com.br\\\/wp-content\\\/uploads\\\/2020\\\/08\\\/blogqsptrasnposicao-jati-estouramento-tubulacao-e1598103033571.jpg\",\"contentUrl\":\"https:\\\/\\\/blogdofarnesio.com.br\\\/wp-content\\\/uploads\\\/2020\\\/08\\\/blogqsptrasnposicao-jati-estouramento-tubulacao-e1598103033571.jpg\",\"width\":600,\"height\":399},{\"@type\":\"BreadcrumbList\",\"@id\":\"https:\\\/\\\/blogdofarnesio.com.br\\\/?p=265685#breadcrumb\",\"itemListElement\":[{\"@type\":\"ListItem\",\"position\":1,\"name\":\"In\u00edcio\",\"item\":\"https:\\\/\\\/blogdofarnesio.com.br\\\/\"},{\"@type\":\"ListItem\",\"position\":2,\"name\":\"Obra no Rio S\u00e3o Francisco inaugurada por Bolsonaro vaza e 2 mil pessoas foram retiradas da \u00e1rea\"}]},{\"@type\":\"WebSite\",\"@id\":\"https:\\\/\\\/blogdofarnesio.com.br\\\/#website\",\"url\":\"https:\\\/\\\/blogdofarnesio.com.br\\\/\",\"name\":\"Blog do Farn\u00e9sio\",\"description\":\"Quer Saber Pol\u00edtica?\",\"publisher\":{\"@id\":\"https:\\\/\\\/blogdofarnesio.com.br\\\/#organization\"},\"potentialAction\":[{\"@type\":\"SearchAction\",\"target\":{\"@type\":\"EntryPoint\",\"urlTemplate\":\"https:\\\/\\\/blogdofarnesio.com.br\\\/?s={search_term_string}\"},\"query-input\":{\"@type\":\"PropertyValueSpecification\",\"valueRequired\":true,\"valueName\":\"search_term_string\"}}],\"inLanguage\":\"pt-BR\"},{\"@type\":\"Organization\",\"@id\":\"https:\\\/\\\/blogdofarnesio.com.br\\\/#organization\",\"name\":\"Blog do Farn\u00e9sio\",\"url\":\"https:\\\/\\\/blogdofarnesio.com.br\\\/\",\"logo\":{\"@type\":\"ImageObject\",\"inLanguage\":\"pt-BR\",\"@id\":\"https:\\\/\\\/blogdofarnesio.com.br\\\/#\\\/schema\\\/logo\\\/image\\\/\",\"url\":\"https:\\\/\\\/blogdofarnesio.com.br\\\/wp-content\\\/uploads\\\/2026\\\/03\\\/cropped-logo_new-1.png\",\"contentUrl\":\"https:\\\/\\\/blogdofarnesio.com.br\\\/wp-content\\\/uploads\\\/2026\\\/03\\\/cropped-logo_new-1.png\",\"width\":881,\"height\":685,\"caption\":\"Blog do Farn\u00e9sio\"},\"image\":{\"@id\":\"https:\\\/\\\/blogdofarnesio.com.br\\\/#\\\/schema\\\/logo\\\/image\\\/\"},\"sameAs\":[\"https:\\\/\\\/www.facebook.com\\\/BlogQuerSaberPolitica\\\/\"]},{\"@type\":\"Person\",\"@id\":\"https:\\\/\\\/blogdofarnesio.com.br\\\/#\\\/schema\\\/person\\\/301c4acf522bccbfdb45af95b5b906a1\",\"name\":\"Farn\u00e9sio\",\"image\":{\"@type\":\"ImageObject\",\"inLanguage\":\"pt-BR\",\"@id\":\"https:\\\/\\\/secure.gravatar.com\\\/avatar\\\/df0c9a14567c056f8ad6876ba5bbd1e3e2c48023eb6807342fc4663adf549f38?s=96&d=mm&r=g\",\"url\":\"https:\\\/\\\/secure.gravatar.com\\\/avatar\\\/df0c9a14567c056f8ad6876ba5bbd1e3e2c48023eb6807342fc4663adf549f38?s=96&d=mm&r=g\",\"contentUrl\":\"https:\\\/\\\/secure.gravatar.com\\\/avatar\\\/df0c9a14567c056f8ad6876ba5bbd1e3e2c48023eb6807342fc4663adf549f38?s=96&d=mm&r=g\",\"caption\":\"Farn\u00e9sio\"},\"sameAs\":[\"https:\\\/\\\/quersaberpolitica.com.br\"],\"url\":\"https:\\\/\\\/blogdofarnesio.com.br\\\/?author=1\"}]}<\/script>\n<!-- \/ Yoast SEO plugin. -->","yoast_head_json":{"title":"Obra no Rio S\u00e3o Francisco inaugurada por Bolsonaro vaza e 2 mil pessoas foram retiradas da \u00e1rea - Blog do Farn\u00e9sio","robots":{"index":"index","follow":"follow","max-snippet":"max-snippet:-1","max-image-preview":"max-image-preview:large","max-video-preview":"max-video-preview:-1"},"canonical":"https:\/\/blogdofarnesio.com.br\/?p=265685","og_locale":"pt_BR","og_type":"article","og_title":"Obra no Rio S\u00e3o Francisco inaugurada por Bolsonaro vaza e 2 mil pessoas foram retiradas da \u00e1rea - Blog do Farn\u00e9sio","og_description":"Inaugurada no \u00faltimo dia 26 de junho pelo presidente Jair Bolsonaro, a obra de transposi\u00e7\u00e3o do Rio S\u00e3o Francisco em Jati, munic\u00edpio da regi\u00e3o sul do Cear\u00e1, vazou na sexta-feira (21) e obrigou moradores a deixarem suas casas durante a madrugada. De acordo com a\u00a0Folha de S.Paulo, cerca de 2 mil pessoas que moram nas proximidades do reservat\u00f3rio Jati tiveram de ser evacuadas. Moradores foram avisados do rompimento da barragem por meio de carros de som. A popula\u00e7\u00e3o est\u00e1 sendo levada para hot\u00e9is, pousadas e alojamentos na regi\u00e3o. Outro preferiram ir para casas de parentes e amigos que moram mais distante da barragem. Mais cedo, o Minist\u00e9rio do Desenvolvimento Regional divulgou uma nota informando que o vazamento estava contido. \u201cA&hellip;","og_url":"https:\/\/blogdofarnesio.com.br\/?p=265685","og_site_name":"Blog do Farn\u00e9sio","article_publisher":"https:\/\/www.facebook.com\/BlogQuerSaberPolitica\/","article_published_time":"2020-08-23T19:00:30+00:00","og_image":[{"width":600,"height":399,"url":"https:\/\/blogdofarnesio.com.br\/wp-content\/uploads\/2020\/08\/blogqsptrasnposicao-jati-estouramento-tubulacao-e1598103033571.jpg","type":"image\/jpeg"}],"author":"Farn\u00e9sio","twitter_card":"summary_large_image","twitter_misc":{"Escrito por":"Farn\u00e9sio","Est. tempo de leitura":"1 minuto"},"schema":{"@context":"https:\/\/schema.org","@graph":[{"@type":"Article","@id":"https:\/\/blogdofarnesio.com.br\/?p=265685#article","isPartOf":{"@id":"https:\/\/blogdofarnesio.com.br\/?p=265685"},"author":{"name":"Farn\u00e9sio","@id":"https:\/\/blogdofarnesio.com.br\/#\/schema\/person\/301c4acf522bccbfdb45af95b5b906a1"},"headline":"Obra no Rio S\u00e3o Francisco inaugurada por Bolsonaro vaza e 2 mil pessoas foram retiradas da \u00e1rea","datePublished":"2020-08-23T19:00:30+00:00","mainEntityOfPage":{"@id":"https:\/\/blogdofarnesio.com.br\/?p=265685"},"wordCount":294,"publisher":{"@id":"https:\/\/blogdofarnesio.com.br\/#organization"},"image":{"@id":"https:\/\/blogdofarnesio.com.br\/?p=265685#primaryimage"},"thumbnailUrl":"https:\/\/blogdofarnesio.com.br\/wp-content\/uploads\/2020\/08\/blogqsptrasnposicao-jati-estouramento-tubulacao-e1598103033571.jpg","articleSection":["Administra\u00e7\u00e3o"],"inLanguage":"pt-BR"},{"@type":"WebPage","@id":"https:\/\/blogdofarnesio.com.br\/?p=265685","url":"https:\/\/blogdofarnesio.com.br\/?p=265685","name":"Obra no Rio S\u00e3o Francisco inaugurada por Bolsonaro vaza e 2 mil pessoas foram retiradas da \u00e1rea - Blog do Farn\u00e9sio","isPartOf":{"@id":"https:\/\/blogdofarnesio.com.br\/#website"},"primaryImageOfPage":{"@id":"https:\/\/blogdofarnesio.com.br\/?p=265685#primaryimage"},"image":{"@id":"https:\/\/blogdofarnesio.com.br\/?p=265685#primaryimage"},"thumbnailUrl":"https:\/\/blogdofarnesio.com.br\/wp-content\/uploads\/2020\/08\/blogqsptrasnposicao-jati-estouramento-tubulacao-e1598103033571.jpg","datePublished":"2020-08-23T19:00:30+00:00","breadcrumb":{"@id":"https:\/\/blogdofarnesio.com.br\/?p=265685#breadcrumb"},"inLanguage":"pt-BR","potentialAction":[{"@type":"ReadAction","target":["https:\/\/blogdofarnesio.com.br\/?p=265685"]}]},{"@type":"ImageObject","inLanguage":"pt-BR","@id":"https:\/\/blogdofarnesio.com.br\/?p=265685#primaryimage","url":"https:\/\/blogdofarnesio.com.br\/wp-content\/uploads\/2020\/08\/blogqsptrasnposicao-jati-estouramento-tubulacao-e1598103033571.jpg","contentUrl":"https:\/\/blogdofarnesio.com.br\/wp-content\/uploads\/2020\/08\/blogqsptrasnposicao-jati-estouramento-tubulacao-e1598103033571.jpg","width":600,"height":399},{"@type":"BreadcrumbList","@id":"https:\/\/blogdofarnesio.com.br\/?p=265685#breadcrumb","itemListElement":[{"@type":"ListItem","position":1,"name":"In\u00edcio","item":"https:\/\/blogdofarnesio.com.br\/"},{"@type":"ListItem","position":2,"name":"Obra no Rio S\u00e3o Francisco inaugurada por Bolsonaro vaza e 2 mil pessoas foram retiradas da \u00e1rea"}]},{"@type":"WebSite","@id":"https:\/\/blogdofarnesio.com.br\/#website","url":"https:\/\/blogdofarnesio.com.br\/","name":"Blog do Farn\u00e9sio","description":"Quer Saber Pol\u00edtica?","publisher":{"@id":"https:\/\/blogdofarnesio.com.br\/#organization"},"potentialAction":[{"@type":"SearchAction","target":{"@type":"EntryPoint","urlTemplate":"https:\/\/blogdofarnesio.com.br\/?s={search_term_string}"},"query-input":{"@type":"PropertyValueSpecification","valueRequired":true,"valueName":"search_term_string"}}],"inLanguage":"pt-BR"},{"@type":"Organization","@id":"https:\/\/blogdofarnesio.com.br\/#organization","name":"Blog do Farn\u00e9sio","url":"https:\/\/blogdofarnesio.com.br\/","logo":{"@type":"ImageObject","inLanguage":"pt-BR","@id":"https:\/\/blogdofarnesio.com.br\/#\/schema\/logo\/image\/","url":"https:\/\/blogdofarnesio.com.br\/wp-content\/uploads\/2026\/03\/cropped-logo_new-1.png","contentUrl":"https:\/\/blogdofarnesio.com.br\/wp-content\/uploads\/2026\/03\/cropped-logo_new-1.png","width":881,"height":685,"caption":"Blog do Farn\u00e9sio"},"image":{"@id":"https:\/\/blogdofarnesio.com.br\/#\/schema\/logo\/image\/"},"sameAs":["https:\/\/www.facebook.com\/BlogQuerSaberPolitica\/"]},{"@type":"Person","@id":"https:\/\/blogdofarnesio.com.br\/#\/schema\/person\/301c4acf522bccbfdb45af95b5b906a1","name":"Farn\u00e9sio","image":{"@type":"ImageObject","inLanguage":"pt-BR","@id":"https:\/\/secure.gravatar.com\/avatar\/df0c9a14567c056f8ad6876ba5bbd1e3e2c48023eb6807342fc4663adf549f38?s=96&d=mm&r=g","url":"https:\/\/secure.gravatar.com\/avatar\/df0c9a14567c056f8ad6876ba5bbd1e3e2c48023eb6807342fc4663adf549f38?s=96&d=mm&r=g","contentUrl":"https:\/\/secure.gravatar.com\/avatar\/df0c9a14567c056f8ad6876ba5bbd1e3e2c48023eb6807342fc4663adf549f38?s=96&d=mm&r=g","caption":"Farn\u00e9sio"},"sameAs":["https:\/\/quersaberpolitica.com.br"],"url":"https:\/\/blogdofarnesio.com.br\/?author=1"}]}},"_links":{"self":[{"href":"https:\/\/blogdofarnesio.com.br\/index.php?rest_route=\/wp\/v2\/posts\/265685","targetHints":{"allow":["GET"]}}],"collection":[{"href":"https:\/\/blogdofarnesio.com.br\/index.php?rest_route=\/wp\/v2\/posts"}],"about":[{"href":"https:\/\/blogdofarnesio.com.br\/index.php?rest_route=\/wp\/v2\/types\/post"}],"author":[{"embeddable":true,"href":"https:\/\/blogdofarnesio.com.br\/index.php?rest_route=\/wp\/v2\/users\/1"}],"replies":[{"embeddable":true,"href":"https:\/\/blogdofarnesio.com.br\/index.php?rest_route=%2Fwp%2Fv2%2Fcomments&post=265685"}],"version-history":[{"count":0,"href":"https:\/\/blogdofarnesio.com.br\/index.php?rest_route=\/wp\/v2\/posts\/265685\/revisions"}],"wp:featuredmedia":[{"embeddable":true,"href":"https:\/\/blogdofarnesio.com.br\/index.php?rest_route=\/wp\/v2\/media\/265686"}],"wp:attachment":[{"href":"https:\/\/blogdofarnesio.com.br\/index.php?rest_route=%2Fwp%2Fv2%2Fmedia&parent=265685"}],"wp:term":[{"taxonomy":"category","embeddable":true,"href":"https:\/\/blogdofarnesio.com.br\/index.php?rest_route=%2Fwp%2Fv2%2Fcategories&post=265685"},{"taxonomy":"post_tag","embeddable":true,"href":"https:\/\/blogdofarnesio.com.br\/index.php?rest_route=%2Fwp%2Fv2%2Ftags&post=265685"}],"curies":[{"name":"wp","href":"https:\/\/api.w.org\/{rel}","templated":true}]}}