{"id":265682,"date":"2020-08-23T17:00:00","date_gmt":"2020-08-23T20:00:00","guid":{"rendered":"http:\/\/quersaberpolitica.com.br\/2016\/?p=265682"},"modified":"2020-08-23T15:05:58","modified_gmt":"2020-08-23T18:05:58","slug":"comandante-do-cprn-visita-a-cidade-de-uaua-ba-area-de-atuacao-da-45a-cipm","status":"publish","type":"post","link":"https:\/\/blogdofarnesio.com.br\/?p=265682","title":{"rendered":"COMANDANTE DO CPRN VISITA A CIDADE DE UAU\u00c1-BA \u00c1REA DE ATUA\u00c7\u00c3O DA 45\u00aa CIPM"},"content":{"rendered":"<p>O Comandante do Comando de Policiamento da Regi\u00e3o Norte (CPRN), Coronel PM Nilton Paix\u00e3o, visitou ontem, quinta-feira (20), o 3\u00ba e 4\u00ba Pelot\u00f5es\/Uau\u00e1, pertencente \u00e0 45\u00aa Companhia Independente de Pol\u00edcia Militar (CIPM) \/ Cura\u00e7\u00e1, comandada pelo Capit\u00e3o PM Leonel Carlos Ribeiro Neto.<\/p>\n<div class=\"post-body entry-content\">\n<div>Durante a visita, o Coronel PM Nilton Paix\u00e3o foi recepcionado na sede do Pelot\u00e3o, na ocasi\u00e3o, conheceu as instala\u00e7\u00f5es, partici<span class=\"text_exposed_show\">pou de uma reuni\u00e3o com autoridades locais para tratar sobre estrat\u00e9gias relacionadas \u00e0 seguran\u00e7a p\u00fablica do munic\u00edpio de Uau\u00e1, sendo estas: o Prefeito, Sr. Lindomar Dantas; o Deputado Z\u00f3; o Chefe da Guarda Civil Municipal, Sr. Edilson Dias; e, o Vereador Deusdete Ferreira (Gugu).<\/span><\/div>\n<div><span class=\"text_exposed_show\">Ainda conversou com a tropa onde refor\u00e7ou os aspectos objetivos do Comando, emitiu palavras de otimismo, aten\u00e7\u00e3o e reciprocidade \u00e0s demandas que lhe foram apresentadas.<\/span><\/div>\n<div>O Comandante do CPRN, agradece o empenho do efetivo da 45\u00aa CIPM pelos servi\u00e7os de excel\u00eancia prestados \u00e0s comunidades de Cura\u00e7\u00e1 e Uau\u00e1. Bem como, parabeniza o Capit\u00e3o PM Leonel e seu Staff pela recep\u00e7\u00e3o e organiza\u00e7\u00e3o do evento.<\/div>\n<\/div>\n","protected":false},"excerpt":{"rendered":"<p>O Comandante do Comando de Policiamento da Regi\u00e3o Norte (CPRN), Coronel PM Nilton Paix\u00e3o, visitou ontem, quinta-feira (20), o 3\u00ba e 4\u00ba Pelot\u00f5es\/Uau\u00e1, pertencente \u00e0 45\u00aa Companhia Independente de Pol\u00edcia Militar (CIPM) \/ Cura\u00e7\u00e1, comandada pelo Capit\u00e3o PM Leonel Carlos Ribeiro Neto. Durante a visita, o Coronel PM Nilton Paix\u00e3o foi recepcionado na sede do Pelot\u00e3o, na ocasi\u00e3o, conheceu as instala\u00e7\u00f5es, participou de uma reuni\u00e3o com autoridades locais para tratar sobre estrat\u00e9gias relacionadas \u00e0 seguran\u00e7a p\u00fablica do munic\u00edpio de Uau\u00e1, sendo estas: o Prefeito, Sr. Lindomar Dantas; o Deputado Z\u00f3; o Chefe da Guarda Civil Municipal, Sr. Edilson Dias; e, o Vereador Deusdete Ferreira (Gugu). Ainda conversou com a tropa onde refor\u00e7ou os aspectos objetivos do Comando, emitiu palavras de&hellip; <\/p>\n","protected":false},"author":1,"featured_media":265683,"comment_status":"closed","ping_status":"closed","sticky":false,"template":"","format":"standard","meta":{"_acf_changed":false,"footnotes":""},"categories":[5],"tags":[],"class_list":["post-265682","post","type-post","status-publish","format-standard","has-post-thumbnail","hentry","category-seguranca"],"acf":[],"yoast_head":"<!-- This site is optimized with the Yoast SEO plugin v27.4 - https:\/\/yoast.com\/product\/yoast-seo-wordpress\/ -->\n<title>COMANDANTE DO CPRN VISITA A CIDADE DE UAU\u00c1-BA \u00c1REA DE ATUA\u00c7\u00c3O DA 45\u00aa CIPM - Blog do Farn\u00e9sio<\/title>\n<meta name=\"robots\" content=\"index, follow, max-snippet:-1, max-image-preview:large, max-video-preview:-1\" \/>\n<link rel=\"canonical\" href=\"https:\/\/blogdofarnesio.com.br\/?p=265682\" \/>\n<meta property=\"og:locale\" content=\"pt_BR\" \/>\n<meta property=\"og:type\" content=\"article\" \/>\n<meta property=\"og:title\" content=\"COMANDANTE DO CPRN VISITA A CIDADE DE UAU\u00c1-BA \u00c1REA DE ATUA\u00c7\u00c3O DA 45\u00aa CIPM - Blog do Farn\u00e9sio\" \/>\n<meta property=\"og:description\" content=\"O Comandante do Comando de Policiamento da Regi\u00e3o Norte (CPRN), Coronel PM Nilton Paix\u00e3o, visitou ontem, quinta-feira (20), o 3\u00ba e 4\u00ba Pelot\u00f5es\/Uau\u00e1, pertencente \u00e0 45\u00aa Companhia Independente de Pol\u00edcia Militar (CIPM) \/ Cura\u00e7\u00e1, comandada pelo Capit\u00e3o PM Leonel Carlos Ribeiro Neto. Durante a visita, o Coronel PM Nilton Paix\u00e3o foi recepcionado na sede do Pelot\u00e3o, na ocasi\u00e3o, conheceu as instala\u00e7\u00f5es, participou de uma reuni\u00e3o com autoridades locais para tratar sobre estrat\u00e9gias relacionadas \u00e0 seguran\u00e7a p\u00fablica do munic\u00edpio de Uau\u00e1, sendo estas: o Prefeito, Sr. Lindomar Dantas; o Deputado Z\u00f3; o Chefe da Guarda Civil Municipal, Sr. Edilson Dias; e, o Vereador Deusdete Ferreira (Gugu). Ainda conversou com a tropa onde refor\u00e7ou os aspectos objetivos do Comando, emitiu palavras de&hellip;\" \/>\n<meta property=\"og:url\" content=\"https:\/\/blogdofarnesio.com.br\/?p=265682\" \/>\n<meta property=\"og:site_name\" content=\"Blog do Farn\u00e9sio\" \/>\n<meta property=\"article:publisher\" content=\"https:\/\/www.facebook.com\/BlogQuerSaberPolitica\/\" \/>\n<meta property=\"article:published_time\" content=\"2020-08-23T20:00:00+00:00\" \/>\n<meta property=\"og:image\" content=\"https:\/\/blogdofarnesio.com.br\/wp-content\/uploads\/2020\/08\/blogqsppmba-45cimp-curaca-uaua.jpg\" \/>\n\t<meta property=\"og:image:width\" content=\"640\" \/>\n\t<meta property=\"og:image:height\" content=\"434\" \/>\n\t<meta property=\"og:image:type\" content=\"image\/jpeg\" \/>\n<meta name=\"author\" content=\"Farn\u00e9sio\" \/>\n<meta name=\"twitter:card\" content=\"summary_large_image\" \/>\n<meta name=\"twitter:label1\" content=\"Escrito por\" \/>\n\t<meta name=\"twitter:data1\" content=\"Farn\u00e9sio\" \/>\n\t<meta name=\"twitter:label2\" content=\"Est. tempo de leitura\" \/>\n\t<meta name=\"twitter:data2\" content=\"1 minuto\" \/>\n<script type=\"application\/ld+json\" class=\"yoast-schema-graph\">{\"@context\":\"https:\\\/\\\/schema.org\",\"@graph\":[{\"@type\":\"Article\",\"@id\":\"https:\\\/\\\/blogdofarnesio.com.br\\\/?p=265682#article\",\"isPartOf\":{\"@id\":\"https:\\\/\\\/blogdofarnesio.com.br\\\/?p=265682\"},\"author\":{\"name\":\"Farn\u00e9sio\",\"@id\":\"https:\\\/\\\/blogdofarnesio.com.br\\\/#\\\/schema\\\/person\\\/301c4acf522bccbfdb45af95b5b906a1\"},\"headline\":\"COMANDANTE DO CPRN VISITA A CIDADE DE UAU\u00c1-BA \u00c1REA DE ATUA\u00c7\u00c3O DA 45\u00aa CIPM\",\"datePublished\":\"2020-08-23T20:00:00+00:00\",\"mainEntityOfPage\":{\"@id\":\"https:\\\/\\\/blogdofarnesio.com.br\\\/?p=265682\"},\"wordCount\":198,\"publisher\":{\"@id\":\"https:\\\/\\\/blogdofarnesio.com.br\\\/#organization\"},\"image\":{\"@id\":\"https:\\\/\\\/blogdofarnesio.com.br\\\/?p=265682#primaryimage\"},\"thumbnailUrl\":\"https:\\\/\\\/blogdofarnesio.com.br\\\/wp-content\\\/uploads\\\/2020\\\/08\\\/blogqsppmba-45cimp-curaca-uaua.jpg\",\"articleSection\":[\"Seguran\u00e7a\"],\"inLanguage\":\"pt-BR\"},{\"@type\":\"WebPage\",\"@id\":\"https:\\\/\\\/blogdofarnesio.com.br\\\/?p=265682\",\"url\":\"https:\\\/\\\/blogdofarnesio.com.br\\\/?p=265682\",\"name\":\"COMANDANTE DO CPRN VISITA A CIDADE DE UAU\u00c1-BA \u00c1REA DE ATUA\u00c7\u00c3O DA 45\u00aa CIPM - Blog do Farn\u00e9sio\",\"isPartOf\":{\"@id\":\"https:\\\/\\\/blogdofarnesio.com.br\\\/#website\"},\"primaryImageOfPage\":{\"@id\":\"https:\\\/\\\/blogdofarnesio.com.br\\\/?p=265682#primaryimage\"},\"image\":{\"@id\":\"https:\\\/\\\/blogdofarnesio.com.br\\\/?p=265682#primaryimage\"},\"thumbnailUrl\":\"https:\\\/\\\/blogdofarnesio.com.br\\\/wp-content\\\/uploads\\\/2020\\\/08\\\/blogqsppmba-45cimp-curaca-uaua.jpg\",\"datePublished\":\"2020-08-23T20:00:00+00:00\",\"breadcrumb\":{\"@id\":\"https:\\\/\\\/blogdofarnesio.com.br\\\/?p=265682#breadcrumb\"},\"inLanguage\":\"pt-BR\",\"potentialAction\":[{\"@type\":\"ReadAction\",\"target\":[\"https:\\\/\\\/blogdofarnesio.com.br\\\/?p=265682\"]}]},{\"@type\":\"ImageObject\",\"inLanguage\":\"pt-BR\",\"@id\":\"https:\\\/\\\/blogdofarnesio.com.br\\\/?p=265682#primaryimage\",\"url\":\"https:\\\/\\\/blogdofarnesio.com.br\\\/wp-content\\\/uploads\\\/2020\\\/08\\\/blogqsppmba-45cimp-curaca-uaua.jpg\",\"contentUrl\":\"https:\\\/\\\/blogdofarnesio.com.br\\\/wp-content\\\/uploads\\\/2020\\\/08\\\/blogqsppmba-45cimp-curaca-uaua.jpg\",\"width\":640,\"height\":434},{\"@type\":\"BreadcrumbList\",\"@id\":\"https:\\\/\\\/blogdofarnesio.com.br\\\/?p=265682#breadcrumb\",\"itemListElement\":[{\"@type\":\"ListItem\",\"position\":1,\"name\":\"In\u00edcio\",\"item\":\"https:\\\/\\\/blogdofarnesio.com.br\\\/\"},{\"@type\":\"ListItem\",\"position\":2,\"name\":\"COMANDANTE DO CPRN VISITA A CIDADE DE UAU\u00c1-BA \u00c1REA DE ATUA\u00c7\u00c3O DA 45\u00aa CIPM\"}]},{\"@type\":\"WebSite\",\"@id\":\"https:\\\/\\\/blogdofarnesio.com.br\\\/#website\",\"url\":\"https:\\\/\\\/blogdofarnesio.com.br\\\/\",\"name\":\"Blog do Farn\u00e9sio\",\"description\":\"Quer Saber Pol\u00edtica?\",\"publisher\":{\"@id\":\"https:\\\/\\\/blogdofarnesio.com.br\\\/#organization\"},\"potentialAction\":[{\"@type\":\"SearchAction\",\"target\":{\"@type\":\"EntryPoint\",\"urlTemplate\":\"https:\\\/\\\/blogdofarnesio.com.br\\\/?s={search_term_string}\"},\"query-input\":{\"@type\":\"PropertyValueSpecification\",\"valueRequired\":true,\"valueName\":\"search_term_string\"}}],\"inLanguage\":\"pt-BR\"},{\"@type\":\"Organization\",\"@id\":\"https:\\\/\\\/blogdofarnesio.com.br\\\/#organization\",\"name\":\"Blog do Farn\u00e9sio\",\"url\":\"https:\\\/\\\/blogdofarnesio.com.br\\\/\",\"logo\":{\"@type\":\"ImageObject\",\"inLanguage\":\"pt-BR\",\"@id\":\"https:\\\/\\\/blogdofarnesio.com.br\\\/#\\\/schema\\\/logo\\\/image\\\/\",\"url\":\"https:\\\/\\\/blogdofarnesio.com.br\\\/wp-content\\\/uploads\\\/2026\\\/03\\\/cropped-logo_new-1.png\",\"contentUrl\":\"https:\\\/\\\/blogdofarnesio.com.br\\\/wp-content\\\/uploads\\\/2026\\\/03\\\/cropped-logo_new-1.png\",\"width\":881,\"height\":685,\"caption\":\"Blog do Farn\u00e9sio\"},\"image\":{\"@id\":\"https:\\\/\\\/blogdofarnesio.com.br\\\/#\\\/schema\\\/logo\\\/image\\\/\"},\"sameAs\":[\"https:\\\/\\\/www.facebook.com\\\/BlogQuerSaberPolitica\\\/\"]},{\"@type\":\"Person\",\"@id\":\"https:\\\/\\\/blogdofarnesio.com.br\\\/#\\\/schema\\\/person\\\/301c4acf522bccbfdb45af95b5b906a1\",\"name\":\"Farn\u00e9sio\",\"image\":{\"@type\":\"ImageObject\",\"inLanguage\":\"pt-BR\",\"@id\":\"https:\\\/\\\/secure.gravatar.com\\\/avatar\\\/df0c9a14567c056f8ad6876ba5bbd1e3e2c48023eb6807342fc4663adf549f38?s=96&d=mm&r=g\",\"url\":\"https:\\\/\\\/secure.gravatar.com\\\/avatar\\\/df0c9a14567c056f8ad6876ba5bbd1e3e2c48023eb6807342fc4663adf549f38?s=96&d=mm&r=g\",\"contentUrl\":\"https:\\\/\\\/secure.gravatar.com\\\/avatar\\\/df0c9a14567c056f8ad6876ba5bbd1e3e2c48023eb6807342fc4663adf549f38?s=96&d=mm&r=g\",\"caption\":\"Farn\u00e9sio\"},\"sameAs\":[\"https:\\\/\\\/quersaberpolitica.com.br\"],\"url\":\"https:\\\/\\\/blogdofarnesio.com.br\\\/?author=1\"}]}<\/script>\n<!-- \/ Yoast SEO plugin. -->","yoast_head_json":{"title":"COMANDANTE DO CPRN VISITA A CIDADE DE UAU\u00c1-BA \u00c1REA DE ATUA\u00c7\u00c3O DA 45\u00aa CIPM - Blog do Farn\u00e9sio","robots":{"index":"index","follow":"follow","max-snippet":"max-snippet:-1","max-image-preview":"max-image-preview:large","max-video-preview":"max-video-preview:-1"},"canonical":"https:\/\/blogdofarnesio.com.br\/?p=265682","og_locale":"pt_BR","og_type":"article","og_title":"COMANDANTE DO CPRN VISITA A CIDADE DE UAU\u00c1-BA \u00c1REA DE ATUA\u00c7\u00c3O DA 45\u00aa CIPM - Blog do Farn\u00e9sio","og_description":"O Comandante do Comando de Policiamento da Regi\u00e3o Norte (CPRN), Coronel PM Nilton Paix\u00e3o, visitou ontem, quinta-feira (20), o 3\u00ba e 4\u00ba Pelot\u00f5es\/Uau\u00e1, pertencente \u00e0 45\u00aa Companhia Independente de Pol\u00edcia Militar (CIPM) \/ Cura\u00e7\u00e1, comandada pelo Capit\u00e3o PM Leonel Carlos Ribeiro Neto. Durante a visita, o Coronel PM Nilton Paix\u00e3o foi recepcionado na sede do Pelot\u00e3o, na ocasi\u00e3o, conheceu as instala\u00e7\u00f5es, participou de uma reuni\u00e3o com autoridades locais para tratar sobre estrat\u00e9gias relacionadas \u00e0 seguran\u00e7a p\u00fablica do munic\u00edpio de Uau\u00e1, sendo estas: o Prefeito, Sr. Lindomar Dantas; o Deputado Z\u00f3; o Chefe da Guarda Civil Municipal, Sr. Edilson Dias; e, o Vereador Deusdete Ferreira (Gugu). Ainda conversou com a tropa onde refor\u00e7ou os aspectos objetivos do Comando, emitiu palavras de&hellip;","og_url":"https:\/\/blogdofarnesio.com.br\/?p=265682","og_site_name":"Blog do Farn\u00e9sio","article_publisher":"https:\/\/www.facebook.com\/BlogQuerSaberPolitica\/","article_published_time":"2020-08-23T20:00:00+00:00","og_image":[{"width":640,"height":434,"url":"https:\/\/blogdofarnesio.com.br\/wp-content\/uploads\/2020\/08\/blogqsppmba-45cimp-curaca-uaua.jpg","type":"image\/jpeg"}],"author":"Farn\u00e9sio","twitter_card":"summary_large_image","twitter_misc":{"Escrito por":"Farn\u00e9sio","Est. tempo de leitura":"1 minuto"},"schema":{"@context":"https:\/\/schema.org","@graph":[{"@type":"Article","@id":"https:\/\/blogdofarnesio.com.br\/?p=265682#article","isPartOf":{"@id":"https:\/\/blogdofarnesio.com.br\/?p=265682"},"author":{"name":"Farn\u00e9sio","@id":"https:\/\/blogdofarnesio.com.br\/#\/schema\/person\/301c4acf522bccbfdb45af95b5b906a1"},"headline":"COMANDANTE DO CPRN VISITA A CIDADE DE UAU\u00c1-BA \u00c1REA DE ATUA\u00c7\u00c3O DA 45\u00aa CIPM","datePublished":"2020-08-23T20:00:00+00:00","mainEntityOfPage":{"@id":"https:\/\/blogdofarnesio.com.br\/?p=265682"},"wordCount":198,"publisher":{"@id":"https:\/\/blogdofarnesio.com.br\/#organization"},"image":{"@id":"https:\/\/blogdofarnesio.com.br\/?p=265682#primaryimage"},"thumbnailUrl":"https:\/\/blogdofarnesio.com.br\/wp-content\/uploads\/2020\/08\/blogqsppmba-45cimp-curaca-uaua.jpg","articleSection":["Seguran\u00e7a"],"inLanguage":"pt-BR"},{"@type":"WebPage","@id":"https:\/\/blogdofarnesio.com.br\/?p=265682","url":"https:\/\/blogdofarnesio.com.br\/?p=265682","name":"COMANDANTE DO CPRN VISITA A CIDADE DE UAU\u00c1-BA \u00c1REA DE ATUA\u00c7\u00c3O DA 45\u00aa CIPM - Blog do Farn\u00e9sio","isPartOf":{"@id":"https:\/\/blogdofarnesio.com.br\/#website"},"primaryImageOfPage":{"@id":"https:\/\/blogdofarnesio.com.br\/?p=265682#primaryimage"},"image":{"@id":"https:\/\/blogdofarnesio.com.br\/?p=265682#primaryimage"},"thumbnailUrl":"https:\/\/blogdofarnesio.com.br\/wp-content\/uploads\/2020\/08\/blogqsppmba-45cimp-curaca-uaua.jpg","datePublished":"2020-08-23T20:00:00+00:00","breadcrumb":{"@id":"https:\/\/blogdofarnesio.com.br\/?p=265682#breadcrumb"},"inLanguage":"pt-BR","potentialAction":[{"@type":"ReadAction","target":["https:\/\/blogdofarnesio.com.br\/?p=265682"]}]},{"@type":"ImageObject","inLanguage":"pt-BR","@id":"https:\/\/blogdofarnesio.com.br\/?p=265682#primaryimage","url":"https:\/\/blogdofarnesio.com.br\/wp-content\/uploads\/2020\/08\/blogqsppmba-45cimp-curaca-uaua.jpg","contentUrl":"https:\/\/blogdofarnesio.com.br\/wp-content\/uploads\/2020\/08\/blogqsppmba-45cimp-curaca-uaua.jpg","width":640,"height":434},{"@type":"BreadcrumbList","@id":"https:\/\/blogdofarnesio.com.br\/?p=265682#breadcrumb","itemListElement":[{"@type":"ListItem","position":1,"name":"In\u00edcio","item":"https:\/\/blogdofarnesio.com.br\/"},{"@type":"ListItem","position":2,"name":"COMANDANTE DO CPRN VISITA A CIDADE DE UAU\u00c1-BA \u00c1REA DE ATUA\u00c7\u00c3O DA 45\u00aa CIPM"}]},{"@type":"WebSite","@id":"https:\/\/blogdofarnesio.com.br\/#website","url":"https:\/\/blogdofarnesio.com.br\/","name":"Blog do Farn\u00e9sio","description":"Quer Saber Pol\u00edtica?","publisher":{"@id":"https:\/\/blogdofarnesio.com.br\/#organization"},"potentialAction":[{"@type":"SearchAction","target":{"@type":"EntryPoint","urlTemplate":"https:\/\/blogdofarnesio.com.br\/?s={search_term_string}"},"query-input":{"@type":"PropertyValueSpecification","valueRequired":true,"valueName":"search_term_string"}}],"inLanguage":"pt-BR"},{"@type":"Organization","@id":"https:\/\/blogdofarnesio.com.br\/#organization","name":"Blog do Farn\u00e9sio","url":"https:\/\/blogdofarnesio.com.br\/","logo":{"@type":"ImageObject","inLanguage":"pt-BR","@id":"https:\/\/blogdofarnesio.com.br\/#\/schema\/logo\/image\/","url":"https:\/\/blogdofarnesio.com.br\/wp-content\/uploads\/2026\/03\/cropped-logo_new-1.png","contentUrl":"https:\/\/blogdofarnesio.com.br\/wp-content\/uploads\/2026\/03\/cropped-logo_new-1.png","width":881,"height":685,"caption":"Blog do Farn\u00e9sio"},"image":{"@id":"https:\/\/blogdofarnesio.com.br\/#\/schema\/logo\/image\/"},"sameAs":["https:\/\/www.facebook.com\/BlogQuerSaberPolitica\/"]},{"@type":"Person","@id":"https:\/\/blogdofarnesio.com.br\/#\/schema\/person\/301c4acf522bccbfdb45af95b5b906a1","name":"Farn\u00e9sio","image":{"@type":"ImageObject","inLanguage":"pt-BR","@id":"https:\/\/secure.gravatar.com\/avatar\/df0c9a14567c056f8ad6876ba5bbd1e3e2c48023eb6807342fc4663adf549f38?s=96&d=mm&r=g","url":"https:\/\/secure.gravatar.com\/avatar\/df0c9a14567c056f8ad6876ba5bbd1e3e2c48023eb6807342fc4663adf549f38?s=96&d=mm&r=g","contentUrl":"https:\/\/secure.gravatar.com\/avatar\/df0c9a14567c056f8ad6876ba5bbd1e3e2c48023eb6807342fc4663adf549f38?s=96&d=mm&r=g","caption":"Farn\u00e9sio"},"sameAs":["https:\/\/quersaberpolitica.com.br"],"url":"https:\/\/blogdofarnesio.com.br\/?author=1"}]}},"_links":{"self":[{"href":"https:\/\/blogdofarnesio.com.br\/index.php?rest_route=\/wp\/v2\/posts\/265682","targetHints":{"allow":["GET"]}}],"collection":[{"href":"https:\/\/blogdofarnesio.com.br\/index.php?rest_route=\/wp\/v2\/posts"}],"about":[{"href":"https:\/\/blogdofarnesio.com.br\/index.php?rest_route=\/wp\/v2\/types\/post"}],"author":[{"embeddable":true,"href":"https:\/\/blogdofarnesio.com.br\/index.php?rest_route=\/wp\/v2\/users\/1"}],"replies":[{"embeddable":true,"href":"https:\/\/blogdofarnesio.com.br\/index.php?rest_route=%2Fwp%2Fv2%2Fcomments&post=265682"}],"version-history":[{"count":0,"href":"https:\/\/blogdofarnesio.com.br\/index.php?rest_route=\/wp\/v2\/posts\/265682\/revisions"}],"wp:featuredmedia":[{"embeddable":true,"href":"https:\/\/blogdofarnesio.com.br\/index.php?rest_route=\/wp\/v2\/media\/265683"}],"wp:attachment":[{"href":"https:\/\/blogdofarnesio.com.br\/index.php?rest_route=%2Fwp%2Fv2%2Fmedia&parent=265682"}],"wp:term":[{"taxonomy":"category","embeddable":true,"href":"https:\/\/blogdofarnesio.com.br\/index.php?rest_route=%2Fwp%2Fv2%2Fcategories&post=265682"},{"taxonomy":"post_tag","embeddable":true,"href":"https:\/\/blogdofarnesio.com.br\/index.php?rest_route=%2Fwp%2Fv2%2Ftags&post=265682"}],"curies":[{"name":"wp","href":"https:\/\/api.w.org\/{rel}","templated":true}]}}