{"id":265665,"date":"2020-08-23T12:00:06","date_gmt":"2020-08-23T15:00:06","guid":{"rendered":"http:\/\/quersaberpolitica.com.br\/2016\/?p=265665"},"modified":"2020-08-23T10:30:31","modified_gmt":"2020-08-23T13:30:31","slug":"luan-santana-se-emociona-com-surpresa-no-caldeirao-e-grava-clipe-com-jovem-de-campo-formoso","status":"publish","type":"post","link":"https:\/\/blogdofarnesio.com.br\/?p=265665","title":{"rendered":"Luan Santana se emociona com surpresa no \u2018Caldeir\u00e3o\u2019 e grava clipe com jovem de Campo Formoso"},"content":{"rendered":"<header class=\"entry-header\"><\/header>\n<div class=\"entry-content clearfix\">\n<p class=\"content-head__subtitle\">Luan Santana\u00a0foi \u00e0s l\u00e1grimas no\u00a0Caldeir\u00e3o do Huck\u00a0neste s\u00e1bado, 15\/8. Convidado para\u00a0relembrar quando participou do quadro \u2018Visitando o Passado\u2019, em 2015, o cantor ainda trocou uma ideia com Luciano sobre a quarentena e participou de uma surpresa para a f\u00e3\u00a0<strong>Angela dos Santos Ara\u00fajo<\/strong>, de Campo Formoso, na Bahia. Ao ouvir a hist\u00f3ria da jovem de 17 anos, que j\u00e1 tem at\u00e9 nome art\u00edstico,\u00a0<strong>Angela Naiara<\/strong>, o cantor se emocionou muito e ainda a surpreendeu com a grava\u00e7\u00e3o de um clipe in\u00e9dito da m\u00fasica Choque T\u00e9rmico.\u00a0<strong>\u00a0<\/strong><\/p>\n<p class=\"content-head__subtitle\"><strong>A quarentena<\/strong><\/p>\n<p class=\"content-head__subtitle\"><img loading=\"lazy\" decoding=\"async\" class=\"aligncenter size-full wp-image-57027\" src=\"https:\/\/www.campoformosonoticias.com\/v5\/wp-content\/uploads\/2020\/08\/luan-santana-jade-caldeirao.jpg\" sizes=\"auto, (max-width: 630px) 100vw, 630px\" srcset=\"https:\/\/www.campoformosonoticias.com\/v5\/wp-content\/uploads\/2020\/08\/luan-santana-jade-caldeirao-300x157.jpg 300w, https:\/\/www.campoformosonoticias.com\/v5\/wp-content\/uploads\/2020\/08\/luan-santana-jade-caldeirao-390x205.jpg 390w, https:\/\/www.campoformosonoticias.com\/v5\/wp-content\/uploads\/2020\/08\/luan-santana-jade-caldeirao.jpg 630w\" alt=\"luan-santana-jade-caldeirao\" width=\"630\" height=\"330\" \/><em>Luan Santana contou como est\u00e1 sendo a quarentena com a namorada Jade Magalh\u00e3es \u2014 Foto: Globo<\/em><\/p>\n<div class=\"mc-column content-text active-extra-styles\" data-block-type=\"raw\" data-block-weight=\"2\" data-block-id=\"4\">\n<div class=\"content-intertitle\">\n<p>Direto do est\u00fadio em sua casa em S\u00e3o Paulo, Luan come\u00e7ou o papo contando que tem criado muito na quarentena ao lado da noiva\u00a0<strong>Jade Magalh\u00e3es<\/strong>. \u201cA gente fica inventando os trem\u201d, brincou o artista.<\/p>\n<p>\u201cTem sido bom pra gente, porque a gente nunca passou tanto tempo junto. Acho que agora a gente est\u00e1 realmente se conhecendo. Consolidou mesmo, acho que essa \u00e9 a palavra\u201d, destacou Jade.<\/p>\n<p>Luan ainda disse como lidou com o isolamento social e refor\u00e7ou que contou com o apoio do padre\u00a0<strong>F\u00e1bio de Melo<\/strong>.<\/p>\n<p>\u201cDe um dia para o outro cancelou tudo, n\u00e3o tem mais show, n\u00e3o tem mais nada. Foi um baque. Parecia que eu estava vivendo um pesadelo. O padre F\u00e1bio me ajudou muito. Eu tenho uma amizade muito forte com ele. Falamos v\u00e1rios dias direto. Ele me ajudou a organizar as ideias, os pensamentos, para levar isso da melhor forma\u201d.<\/p>\n<p><strong>A surpresa para a f\u00e3\u00a0<\/strong><\/p>\n<p>Logo depois, Luan relembrou de um post que fez nas redes sociais de uma f\u00e3 cantando em uma planta\u00e7\u00e3o de sisal, falando do sonho de ser cantora. Ap\u00f3s o compartilhamento do cantor, ela, que tinha 800 seguidores, conseguiu chegar a 115 mil seguidores. Luciano Huck convidou o cantor a fazer uma surpresa para a jovem, que tem o nome art\u00edstico de Angela Naiara e \u00e9 moradora de uma comunidade quilombola, na Bahia.<\/p>\n<p><img loading=\"lazy\" decoding=\"async\" class=\"aligncenter size-full wp-image-57029\" src=\"https:\/\/www.campoformosonoticias.com\/v5\/wp-content\/uploads\/2020\/08\/angela-dos-santos-araujo-caldeirao.jpg\" sizes=\"auto, (max-width: 630px) 100vw, 630px\" srcset=\"https:\/\/www.campoformosonoticias.com\/v5\/wp-content\/uploads\/2020\/08\/angela-dos-santos-araujo-caldeirao-300x157.jpg 300w, https:\/\/www.campoformosonoticias.com\/v5\/wp-content\/uploads\/2020\/08\/angela-dos-santos-araujo-caldeirao-390x205.jpg 390w, https:\/\/www.campoformosonoticias.com\/v5\/wp-content\/uploads\/2020\/08\/angela-dos-santos-araujo-caldeirao.jpg 630w\" alt=\"angela-dos-santos-araujo-caldeirao\" width=\"630\" height=\"330\" \/><em>Angela dos Santos Ara\u00fajo tem o sonho de ser cantora \u2014 Foto: Globo<\/em><\/p>\n<p>Em sua cidade a 420 km de Salvador, Angela vive com a m\u00e3e, Josenilde dos Santos, que trabalha em uma lavoura de sisal, e \u00e9 filha de Almir de Jesus Ara\u00fajo, que trabalha em uma lavoura de alho. Ela mora com o padrasto e mais dois irm\u00e3os de 14 e 15 anos, estuda no primeiro ano do ensino m\u00e9dio e faz t\u00e9cnico em agricultura. \u201cDesde os quatro anos at\u00e9 hoje eu canto. Meu maior sonho \u00e9 poder dar uma vida boa para a minha fam\u00edlia, n\u00e3o deixar eles passarem necessidade\u201d, contou a menina, que estuda com o celular da m\u00e3e, j\u00e1 que n\u00e3o tem computador em casa. \u201cNem sei mexer\u201d, lamentou.<\/p>\n<p>\u201cSou muito f\u00e3 dele, desde pequenininha. Meu cora\u00e7\u00e3o at\u00e9 acelera\u201d, falou ela sobre sua paix\u00e3o pelo \u00eddolo, Luan Santana.<\/p>\n<p><img loading=\"lazy\" decoding=\"async\" class=\"aligncenter size-full wp-image-57030\" src=\"https:\/\/www.campoformosonoticias.com\/v5\/wp-content\/uploads\/2020\/08\/angela-luan-santana.jpg\" sizes=\"auto, (max-width: 630px) 100vw, 630px\" srcset=\"https:\/\/www.campoformosonoticias.com\/v5\/wp-content\/uploads\/2020\/08\/angela-luan-santana-300x157.jpg 300w, https:\/\/www.campoformosonoticias.com\/v5\/wp-content\/uploads\/2020\/08\/angela-luan-santana-390x205.jpg 390w, https:\/\/www.campoformosonoticias.com\/v5\/wp-content\/uploads\/2020\/08\/angela-luan-santana.jpg 630w\" alt=\"angela-luan-santana\" width=\"630\" height=\"330\" \/><em>Angela foi surpreendida pelo \u00eddolo, Luan Santana \u2014 Foto: Globo<\/em><\/p>\n<p>Luan elogiou o talento de Angela. \u201cSua voz \u00e9 maravilhosa. Voc\u00ea n\u00e3o tem no\u00e7\u00e3o do quanto voc\u00ea me deu um presente. Quando eu vi o seu v\u00eddeo cantando \u2018Choque T\u00e9rmico\u2019, eu fico at\u00e9 emocionado porque, \u00e0s vezes, a gente, na correria do dia a dia, n\u00e3o para pra pensar onde a nossa m\u00fasica chega. Voc\u00ea me desculpa me emocionar assim\u201d. E ela mal conseguia segurar a emo\u00e7\u00e3o. \u201cMeu cora\u00e7\u00e3o at\u00e9 parou aqui\u201d.<\/p>\n<p><img loading=\"lazy\" decoding=\"async\" class=\"aligncenter size-full wp-image-57031\" src=\"https:\/\/www.campoformosonoticias.com\/v5\/wp-content\/uploads\/2020\/08\/luan-santana-caldeirao-angela-cantora.jpg\" sizes=\"auto, (max-width: 630px) 100vw, 630px\" srcset=\"https:\/\/www.campoformosonoticias.com\/v5\/wp-content\/uploads\/2020\/08\/luan-santana-caldeirao-angela-cantora-300x157.jpg 300w, https:\/\/www.campoformosonoticias.com\/v5\/wp-content\/uploads\/2020\/08\/luan-santana-caldeirao-angela-cantora-390x205.jpg 390w, https:\/\/www.campoformosonoticias.com\/v5\/wp-content\/uploads\/2020\/08\/luan-santana-caldeirao-angela-cantora.jpg 630w\" alt=\"luan-santana-caldeirao-angela-cantora\" width=\"630\" height=\"330\" \/><em>Luan Santana foi \u00e0s l\u00e1grimas ao conversar com a f\u00e3 \u2014 Foto: Globo<\/em><\/p>\n<p>\u201c<strong>Me veio muito na cabe\u00e7a o quanto a minha m\u00fasica faz diferen\u00e7a na vida dos meus f\u00e3s. Eu comecei a cantar com a sua idade, eu gravei Meteoro aos 17 anos. Me emociona muito o fato da sua m\u00e3e, ao ver o Luciano, falar \u2018eu tinha certeza que um dia isso ia acontecer\u2019. Voc\u00ea me emocionou muito com a sua voz, sua hist\u00f3ria, seu jeito<\/strong>\u201c, disse o cantor.<\/p>\n<p><img loading=\"lazy\" decoding=\"async\" class=\"aligncenter size-full wp-image-57032\" src=\"https:\/\/www.campoformosonoticias.com\/v5\/wp-content\/uploads\/2020\/08\/1-14.jpg\" sizes=\"auto, (max-width: 630px) 100vw, 630px\" srcset=\"https:\/\/www.campoformosonoticias.com\/v5\/wp-content\/uploads\/2020\/08\/1-14-300x157.jpg 300w, https:\/\/www.campoformosonoticias.com\/v5\/wp-content\/uploads\/2020\/08\/1-14-390x205.jpg 390w, https:\/\/www.campoformosonoticias.com\/v5\/wp-content\/uploads\/2020\/08\/1-14.jpg 630w\" alt=\"1\" width=\"630\" height=\"330\" \/><em>Luan Santana ficou muito emocionado com a hist\u00f3ria de Angela \u2014 Foto: Globo<\/em><\/p>\n<p>Luan Santana ainda a deixou animada com uma promessa. \u201cEu tenho certeza de que quando passar a pandemia a gente vai se conhecer pessoalmente, quero cantar com voc\u00ea no palco. Voc\u00ea vai em um show pra gente cantar junto. Vou te dar um computador de presente pra gente manter contato e voc\u00ea poder divulgar o seu trabalho\u201d.<\/p>\n<p>Luciano Huck tamb\u00e9m prometeu dar apoio \u00e0 fam\u00edlia. \u201cVamos mandar colocar conex\u00e3o, um computador para o seu irm\u00e3o, para voc\u00eas poderem estudar. Vamos ver o que mais sua m\u00e3e estiver precisando para dar uma for\u00e7a para voc\u00eas\u201d.<\/p>\n<div class=\"mc-column content-text active-extra-styles\" data-block-type=\"raw\" data-block-weight=\"3\" data-block-id=\"31\">\n<div class=\"content-intertitle\">\n<p><strong>O clipe final<\/strong><\/p>\n<\/div>\n<\/div>\n<div class=\"row medium-uncollapsed content-media content-photo\" data-block-type=\"backstage-photo\" data-block-id=\"32\">Antes de se despedir do \u00eddolo, Angela topou o desafio de encerrar o Caldeir\u00e3o cantando ao lado de Luan Santana a m\u00fasica \u2018Choque T\u00e9rmico\u2019. \u201cHoje \u00e9 o dia mais feliz da minha vida\u201d, ponderou a jovem.\u00a0<strong>Confira o clipe:<\/strong><\/div>\n<div class=\"row medium-uncollapsed content-media content-photo\" data-block-type=\"backstage-photo\" data-block-id=\"32\">.<\/div>\n<\/div>\n<\/div>\n<div class=\"fitvids-video\">\n<div class=\"fluid-width-video-wrapper\"><iframe id=\"fitvid0\" src=\"https:\/\/www.youtube.com\/embed\/p1rnMt1bENc?feature=oembed\" frameborder=\"0\" allowfullscreen=\"allowfullscreen\" data-mce-fragment=\"1\"><\/iframe><\/div>\n<\/div>\n<p>.<\/p>\n<p>gshow.globo.com<\/p>\n<\/div>\n","protected":false},"excerpt":{"rendered":"<p>Luan Santana\u00a0foi \u00e0s l\u00e1grimas no\u00a0Caldeir\u00e3o do Huck\u00a0neste s\u00e1bado, 15\/8. Convidado para\u00a0relembrar quando participou do quadro \u2018Visitando o Passado\u2019, em 2015, o cantor ainda trocou uma ideia com Luciano sobre a quarentena e participou de uma surpresa para a f\u00e3\u00a0Angela dos Santos Ara\u00fajo, de Campo Formoso, na Bahia. Ao ouvir a hist\u00f3ria da jovem de 17 anos, que j\u00e1 tem at\u00e9 nome art\u00edstico,\u00a0Angela Naiara, o cantor se emocionou muito e ainda a surpreendeu com a grava\u00e7\u00e3o de um clipe in\u00e9dito da m\u00fasica Choque T\u00e9rmico.\u00a0\u00a0 A quarentena Luan Santana contou como est\u00e1 sendo a quarentena com a namorada Jade Magalh\u00e3es \u2014 Foto: Globo Direto do est\u00fadio em sua casa em S\u00e3o Paulo, Luan come\u00e7ou o papo contando que tem criado muito na&hellip; <\/p>\n","protected":false},"author":1,"featured_media":265666,"comment_status":"closed","ping_status":"closed","sticky":false,"template":"","format":"standard","meta":{"_acf_changed":false,"footnotes":""},"categories":[3],"tags":[],"class_list":["post-265665","post","type-post","status-publish","format-standard","has-post-thumbnail","hentry","category-entretenimento"],"acf":[],"yoast_head":"<!-- This site is optimized with the Yoast SEO plugin v27.4 - https:\/\/yoast.com\/product\/yoast-seo-wordpress\/ -->\n<title>Luan Santana se emociona com surpresa no \u2018Caldeir\u00e3o\u2019 e grava clipe com jovem de Campo Formoso - Blog do Farn\u00e9sio<\/title>\n<meta name=\"robots\" content=\"index, follow, max-snippet:-1, max-image-preview:large, max-video-preview:-1\" \/>\n<link rel=\"canonical\" href=\"https:\/\/blogdofarnesio.com.br\/?p=265665\" \/>\n<meta property=\"og:locale\" content=\"pt_BR\" \/>\n<meta property=\"og:type\" content=\"article\" \/>\n<meta property=\"og:title\" content=\"Luan Santana se emociona com surpresa no \u2018Caldeir\u00e3o\u2019 e grava clipe com jovem de Campo Formoso - Blog do Farn\u00e9sio\" \/>\n<meta property=\"og:description\" content=\"Luan Santana\u00a0foi \u00e0s l\u00e1grimas no\u00a0Caldeir\u00e3o do Huck\u00a0neste s\u00e1bado, 15\/8. Convidado para\u00a0relembrar quando participou do quadro \u2018Visitando o Passado\u2019, em 2015, o cantor ainda trocou uma ideia com Luciano sobre a quarentena e participou de uma surpresa para a f\u00e3\u00a0Angela dos Santos Ara\u00fajo, de Campo Formoso, na Bahia. Ao ouvir a hist\u00f3ria da jovem de 17 anos, que j\u00e1 tem at\u00e9 nome art\u00edstico,\u00a0Angela Naiara, o cantor se emocionou muito e ainda a surpreendeu com a grava\u00e7\u00e3o de um clipe in\u00e9dito da m\u00fasica Choque T\u00e9rmico.\u00a0\u00a0 A quarentena Luan Santana contou como est\u00e1 sendo a quarentena com a namorada Jade Magalh\u00e3es \u2014 Foto: Globo Direto do est\u00fadio em sua casa em S\u00e3o Paulo, Luan come\u00e7ou o papo contando que tem criado muito na&hellip;\" \/>\n<meta property=\"og:url\" content=\"https:\/\/blogdofarnesio.com.br\/?p=265665\" \/>\n<meta property=\"og:site_name\" content=\"Blog do Farn\u00e9sio\" \/>\n<meta property=\"article:publisher\" content=\"https:\/\/www.facebook.com\/BlogQuerSaberPolitica\/\" \/>\n<meta property=\"article:published_time\" content=\"2020-08-23T15:00:06+00:00\" \/>\n<meta property=\"og:image\" content=\"https:\/\/blogdofarnesio.com.br\/wp-content\/uploads\/2020\/08\/blogqspluan-santana-Angela-dos-santos-cformoso.jpeg\" \/>\n\t<meta property=\"og:image:width\" content=\"640\" \/>\n\t<meta property=\"og:image:height\" content=\"320\" \/>\n\t<meta property=\"og:image:type\" content=\"image\/jpeg\" \/>\n<meta name=\"author\" content=\"Farn\u00e9sio\" \/>\n<meta name=\"twitter:card\" content=\"summary_large_image\" \/>\n<meta name=\"twitter:label1\" content=\"Escrito por\" \/>\n\t<meta name=\"twitter:data1\" content=\"Farn\u00e9sio\" \/>\n\t<meta name=\"twitter:label2\" content=\"Est. tempo de leitura\" \/>\n\t<meta name=\"twitter:data2\" content=\"4 minutos\" \/>\n<script type=\"application\/ld+json\" class=\"yoast-schema-graph\">{\"@context\":\"https:\\\/\\\/schema.org\",\"@graph\":[{\"@type\":\"Article\",\"@id\":\"https:\\\/\\\/blogdofarnesio.com.br\\\/?p=265665#article\",\"isPartOf\":{\"@id\":\"https:\\\/\\\/blogdofarnesio.com.br\\\/?p=265665\"},\"author\":{\"name\":\"Farn\u00e9sio\",\"@id\":\"https:\\\/\\\/blogdofarnesio.com.br\\\/#\\\/schema\\\/person\\\/301c4acf522bccbfdb45af95b5b906a1\"},\"headline\":\"Luan Santana se emociona com surpresa no \u2018Caldeir\u00e3o\u2019 e grava clipe com jovem de Campo Formoso\",\"datePublished\":\"2020-08-23T15:00:06+00:00\",\"mainEntityOfPage\":{\"@id\":\"https:\\\/\\\/blogdofarnesio.com.br\\\/?p=265665\"},\"wordCount\":848,\"publisher\":{\"@id\":\"https:\\\/\\\/blogdofarnesio.com.br\\\/#organization\"},\"image\":{\"@id\":\"https:\\\/\\\/blogdofarnesio.com.br\\\/?p=265665#primaryimage\"},\"thumbnailUrl\":\"https:\\\/\\\/blogdofarnesio.com.br\\\/wp-content\\\/uploads\\\/2020\\\/08\\\/blogqspluan-santana-Angela-dos-santos-cformoso.jpeg\",\"articleSection\":[\"Entretenimento\"],\"inLanguage\":\"pt-BR\"},{\"@type\":\"WebPage\",\"@id\":\"https:\\\/\\\/blogdofarnesio.com.br\\\/?p=265665\",\"url\":\"https:\\\/\\\/blogdofarnesio.com.br\\\/?p=265665\",\"name\":\"Luan Santana se emociona com surpresa no \u2018Caldeir\u00e3o\u2019 e grava clipe com jovem de Campo Formoso - Blog do Farn\u00e9sio\",\"isPartOf\":{\"@id\":\"https:\\\/\\\/blogdofarnesio.com.br\\\/#website\"},\"primaryImageOfPage\":{\"@id\":\"https:\\\/\\\/blogdofarnesio.com.br\\\/?p=265665#primaryimage\"},\"image\":{\"@id\":\"https:\\\/\\\/blogdofarnesio.com.br\\\/?p=265665#primaryimage\"},\"thumbnailUrl\":\"https:\\\/\\\/blogdofarnesio.com.br\\\/wp-content\\\/uploads\\\/2020\\\/08\\\/blogqspluan-santana-Angela-dos-santos-cformoso.jpeg\",\"datePublished\":\"2020-08-23T15:00:06+00:00\",\"breadcrumb\":{\"@id\":\"https:\\\/\\\/blogdofarnesio.com.br\\\/?p=265665#breadcrumb\"},\"inLanguage\":\"pt-BR\",\"potentialAction\":[{\"@type\":\"ReadAction\",\"target\":[\"https:\\\/\\\/blogdofarnesio.com.br\\\/?p=265665\"]}]},{\"@type\":\"ImageObject\",\"inLanguage\":\"pt-BR\",\"@id\":\"https:\\\/\\\/blogdofarnesio.com.br\\\/?p=265665#primaryimage\",\"url\":\"https:\\\/\\\/blogdofarnesio.com.br\\\/wp-content\\\/uploads\\\/2020\\\/08\\\/blogqspluan-santana-Angela-dos-santos-cformoso.jpeg\",\"contentUrl\":\"https:\\\/\\\/blogdofarnesio.com.br\\\/wp-content\\\/uploads\\\/2020\\\/08\\\/blogqspluan-santana-Angela-dos-santos-cformoso.jpeg\",\"width\":640,\"height\":320},{\"@type\":\"BreadcrumbList\",\"@id\":\"https:\\\/\\\/blogdofarnesio.com.br\\\/?p=265665#breadcrumb\",\"itemListElement\":[{\"@type\":\"ListItem\",\"position\":1,\"name\":\"In\u00edcio\",\"item\":\"https:\\\/\\\/blogdofarnesio.com.br\\\/\"},{\"@type\":\"ListItem\",\"position\":2,\"name\":\"Luan Santana se emociona com surpresa no \u2018Caldeir\u00e3o\u2019 e grava clipe com jovem de Campo Formoso\"}]},{\"@type\":\"WebSite\",\"@id\":\"https:\\\/\\\/blogdofarnesio.com.br\\\/#website\",\"url\":\"https:\\\/\\\/blogdofarnesio.com.br\\\/\",\"name\":\"Blog do Farn\u00e9sio\",\"description\":\"Quer Saber Pol\u00edtica?\",\"publisher\":{\"@id\":\"https:\\\/\\\/blogdofarnesio.com.br\\\/#organization\"},\"potentialAction\":[{\"@type\":\"SearchAction\",\"target\":{\"@type\":\"EntryPoint\",\"urlTemplate\":\"https:\\\/\\\/blogdofarnesio.com.br\\\/?s={search_term_string}\"},\"query-input\":{\"@type\":\"PropertyValueSpecification\",\"valueRequired\":true,\"valueName\":\"search_term_string\"}}],\"inLanguage\":\"pt-BR\"},{\"@type\":\"Organization\",\"@id\":\"https:\\\/\\\/blogdofarnesio.com.br\\\/#organization\",\"name\":\"Blog do Farn\u00e9sio\",\"url\":\"https:\\\/\\\/blogdofarnesio.com.br\\\/\",\"logo\":{\"@type\":\"ImageObject\",\"inLanguage\":\"pt-BR\",\"@id\":\"https:\\\/\\\/blogdofarnesio.com.br\\\/#\\\/schema\\\/logo\\\/image\\\/\",\"url\":\"https:\\\/\\\/blogdofarnesio.com.br\\\/wp-content\\\/uploads\\\/2026\\\/03\\\/cropped-logo_new-1.png\",\"contentUrl\":\"https:\\\/\\\/blogdofarnesio.com.br\\\/wp-content\\\/uploads\\\/2026\\\/03\\\/cropped-logo_new-1.png\",\"width\":881,\"height\":685,\"caption\":\"Blog do Farn\u00e9sio\"},\"image\":{\"@id\":\"https:\\\/\\\/blogdofarnesio.com.br\\\/#\\\/schema\\\/logo\\\/image\\\/\"},\"sameAs\":[\"https:\\\/\\\/www.facebook.com\\\/BlogQuerSaberPolitica\\\/\"]},{\"@type\":\"Person\",\"@id\":\"https:\\\/\\\/blogdofarnesio.com.br\\\/#\\\/schema\\\/person\\\/301c4acf522bccbfdb45af95b5b906a1\",\"name\":\"Farn\u00e9sio\",\"image\":{\"@type\":\"ImageObject\",\"inLanguage\":\"pt-BR\",\"@id\":\"https:\\\/\\\/secure.gravatar.com\\\/avatar\\\/df0c9a14567c056f8ad6876ba5bbd1e3e2c48023eb6807342fc4663adf549f38?s=96&d=mm&r=g\",\"url\":\"https:\\\/\\\/secure.gravatar.com\\\/avatar\\\/df0c9a14567c056f8ad6876ba5bbd1e3e2c48023eb6807342fc4663adf549f38?s=96&d=mm&r=g\",\"contentUrl\":\"https:\\\/\\\/secure.gravatar.com\\\/avatar\\\/df0c9a14567c056f8ad6876ba5bbd1e3e2c48023eb6807342fc4663adf549f38?s=96&d=mm&r=g\",\"caption\":\"Farn\u00e9sio\"},\"sameAs\":[\"https:\\\/\\\/quersaberpolitica.com.br\"],\"url\":\"https:\\\/\\\/blogdofarnesio.com.br\\\/?author=1\"}]}<\/script>\n<!-- \/ Yoast SEO plugin. -->","yoast_head_json":{"title":"Luan Santana se emociona com surpresa no \u2018Caldeir\u00e3o\u2019 e grava clipe com jovem de Campo Formoso - Blog do Farn\u00e9sio","robots":{"index":"index","follow":"follow","max-snippet":"max-snippet:-1","max-image-preview":"max-image-preview:large","max-video-preview":"max-video-preview:-1"},"canonical":"https:\/\/blogdofarnesio.com.br\/?p=265665","og_locale":"pt_BR","og_type":"article","og_title":"Luan Santana se emociona com surpresa no \u2018Caldeir\u00e3o\u2019 e grava clipe com jovem de Campo Formoso - Blog do Farn\u00e9sio","og_description":"Luan Santana\u00a0foi \u00e0s l\u00e1grimas no\u00a0Caldeir\u00e3o do Huck\u00a0neste s\u00e1bado, 15\/8. Convidado para\u00a0relembrar quando participou do quadro \u2018Visitando o Passado\u2019, em 2015, o cantor ainda trocou uma ideia com Luciano sobre a quarentena e participou de uma surpresa para a f\u00e3\u00a0Angela dos Santos Ara\u00fajo, de Campo Formoso, na Bahia. Ao ouvir a hist\u00f3ria da jovem de 17 anos, que j\u00e1 tem at\u00e9 nome art\u00edstico,\u00a0Angela Naiara, o cantor se emocionou muito e ainda a surpreendeu com a grava\u00e7\u00e3o de um clipe in\u00e9dito da m\u00fasica Choque T\u00e9rmico.\u00a0\u00a0 A quarentena Luan Santana contou como est\u00e1 sendo a quarentena com a namorada Jade Magalh\u00e3es \u2014 Foto: Globo Direto do est\u00fadio em sua casa em S\u00e3o Paulo, Luan come\u00e7ou o papo contando que tem criado muito na&hellip;","og_url":"https:\/\/blogdofarnesio.com.br\/?p=265665","og_site_name":"Blog do Farn\u00e9sio","article_publisher":"https:\/\/www.facebook.com\/BlogQuerSaberPolitica\/","article_published_time":"2020-08-23T15:00:06+00:00","og_image":[{"width":640,"height":320,"url":"https:\/\/blogdofarnesio.com.br\/wp-content\/uploads\/2020\/08\/blogqspluan-santana-Angela-dos-santos-cformoso.jpeg","type":"image\/jpeg"}],"author":"Farn\u00e9sio","twitter_card":"summary_large_image","twitter_misc":{"Escrito por":"Farn\u00e9sio","Est. tempo de leitura":"4 minutos"},"schema":{"@context":"https:\/\/schema.org","@graph":[{"@type":"Article","@id":"https:\/\/blogdofarnesio.com.br\/?p=265665#article","isPartOf":{"@id":"https:\/\/blogdofarnesio.com.br\/?p=265665"},"author":{"name":"Farn\u00e9sio","@id":"https:\/\/blogdofarnesio.com.br\/#\/schema\/person\/301c4acf522bccbfdb45af95b5b906a1"},"headline":"Luan Santana se emociona com surpresa no \u2018Caldeir\u00e3o\u2019 e grava clipe com jovem de Campo Formoso","datePublished":"2020-08-23T15:00:06+00:00","mainEntityOfPage":{"@id":"https:\/\/blogdofarnesio.com.br\/?p=265665"},"wordCount":848,"publisher":{"@id":"https:\/\/blogdofarnesio.com.br\/#organization"},"image":{"@id":"https:\/\/blogdofarnesio.com.br\/?p=265665#primaryimage"},"thumbnailUrl":"https:\/\/blogdofarnesio.com.br\/wp-content\/uploads\/2020\/08\/blogqspluan-santana-Angela-dos-santos-cformoso.jpeg","articleSection":["Entretenimento"],"inLanguage":"pt-BR"},{"@type":"WebPage","@id":"https:\/\/blogdofarnesio.com.br\/?p=265665","url":"https:\/\/blogdofarnesio.com.br\/?p=265665","name":"Luan Santana se emociona com surpresa no \u2018Caldeir\u00e3o\u2019 e grava clipe com jovem de Campo Formoso - Blog do Farn\u00e9sio","isPartOf":{"@id":"https:\/\/blogdofarnesio.com.br\/#website"},"primaryImageOfPage":{"@id":"https:\/\/blogdofarnesio.com.br\/?p=265665#primaryimage"},"image":{"@id":"https:\/\/blogdofarnesio.com.br\/?p=265665#primaryimage"},"thumbnailUrl":"https:\/\/blogdofarnesio.com.br\/wp-content\/uploads\/2020\/08\/blogqspluan-santana-Angela-dos-santos-cformoso.jpeg","datePublished":"2020-08-23T15:00:06+00:00","breadcrumb":{"@id":"https:\/\/blogdofarnesio.com.br\/?p=265665#breadcrumb"},"inLanguage":"pt-BR","potentialAction":[{"@type":"ReadAction","target":["https:\/\/blogdofarnesio.com.br\/?p=265665"]}]},{"@type":"ImageObject","inLanguage":"pt-BR","@id":"https:\/\/blogdofarnesio.com.br\/?p=265665#primaryimage","url":"https:\/\/blogdofarnesio.com.br\/wp-content\/uploads\/2020\/08\/blogqspluan-santana-Angela-dos-santos-cformoso.jpeg","contentUrl":"https:\/\/blogdofarnesio.com.br\/wp-content\/uploads\/2020\/08\/blogqspluan-santana-Angela-dos-santos-cformoso.jpeg","width":640,"height":320},{"@type":"BreadcrumbList","@id":"https:\/\/blogdofarnesio.com.br\/?p=265665#breadcrumb","itemListElement":[{"@type":"ListItem","position":1,"name":"In\u00edcio","item":"https:\/\/blogdofarnesio.com.br\/"},{"@type":"ListItem","position":2,"name":"Luan Santana se emociona com surpresa no \u2018Caldeir\u00e3o\u2019 e grava clipe com jovem de Campo Formoso"}]},{"@type":"WebSite","@id":"https:\/\/blogdofarnesio.com.br\/#website","url":"https:\/\/blogdofarnesio.com.br\/","name":"Blog do Farn\u00e9sio","description":"Quer Saber Pol\u00edtica?","publisher":{"@id":"https:\/\/blogdofarnesio.com.br\/#organization"},"potentialAction":[{"@type":"SearchAction","target":{"@type":"EntryPoint","urlTemplate":"https:\/\/blogdofarnesio.com.br\/?s={search_term_string}"},"query-input":{"@type":"PropertyValueSpecification","valueRequired":true,"valueName":"search_term_string"}}],"inLanguage":"pt-BR"},{"@type":"Organization","@id":"https:\/\/blogdofarnesio.com.br\/#organization","name":"Blog do Farn\u00e9sio","url":"https:\/\/blogdofarnesio.com.br\/","logo":{"@type":"ImageObject","inLanguage":"pt-BR","@id":"https:\/\/blogdofarnesio.com.br\/#\/schema\/logo\/image\/","url":"https:\/\/blogdofarnesio.com.br\/wp-content\/uploads\/2026\/03\/cropped-logo_new-1.png","contentUrl":"https:\/\/blogdofarnesio.com.br\/wp-content\/uploads\/2026\/03\/cropped-logo_new-1.png","width":881,"height":685,"caption":"Blog do Farn\u00e9sio"},"image":{"@id":"https:\/\/blogdofarnesio.com.br\/#\/schema\/logo\/image\/"},"sameAs":["https:\/\/www.facebook.com\/BlogQuerSaberPolitica\/"]},{"@type":"Person","@id":"https:\/\/blogdofarnesio.com.br\/#\/schema\/person\/301c4acf522bccbfdb45af95b5b906a1","name":"Farn\u00e9sio","image":{"@type":"ImageObject","inLanguage":"pt-BR","@id":"https:\/\/secure.gravatar.com\/avatar\/df0c9a14567c056f8ad6876ba5bbd1e3e2c48023eb6807342fc4663adf549f38?s=96&d=mm&r=g","url":"https:\/\/secure.gravatar.com\/avatar\/df0c9a14567c056f8ad6876ba5bbd1e3e2c48023eb6807342fc4663adf549f38?s=96&d=mm&r=g","contentUrl":"https:\/\/secure.gravatar.com\/avatar\/df0c9a14567c056f8ad6876ba5bbd1e3e2c48023eb6807342fc4663adf549f38?s=96&d=mm&r=g","caption":"Farn\u00e9sio"},"sameAs":["https:\/\/quersaberpolitica.com.br"],"url":"https:\/\/blogdofarnesio.com.br\/?author=1"}]}},"_links":{"self":[{"href":"https:\/\/blogdofarnesio.com.br\/index.php?rest_route=\/wp\/v2\/posts\/265665","targetHints":{"allow":["GET"]}}],"collection":[{"href":"https:\/\/blogdofarnesio.com.br\/index.php?rest_route=\/wp\/v2\/posts"}],"about":[{"href":"https:\/\/blogdofarnesio.com.br\/index.php?rest_route=\/wp\/v2\/types\/post"}],"author":[{"embeddable":true,"href":"https:\/\/blogdofarnesio.com.br\/index.php?rest_route=\/wp\/v2\/users\/1"}],"replies":[{"embeddable":true,"href":"https:\/\/blogdofarnesio.com.br\/index.php?rest_route=%2Fwp%2Fv2%2Fcomments&post=265665"}],"version-history":[{"count":0,"href":"https:\/\/blogdofarnesio.com.br\/index.php?rest_route=\/wp\/v2\/posts\/265665\/revisions"}],"wp:featuredmedia":[{"embeddable":true,"href":"https:\/\/blogdofarnesio.com.br\/index.php?rest_route=\/wp\/v2\/media\/265666"}],"wp:attachment":[{"href":"https:\/\/blogdofarnesio.com.br\/index.php?rest_route=%2Fwp%2Fv2%2Fmedia&parent=265665"}],"wp:term":[{"taxonomy":"category","embeddable":true,"href":"https:\/\/blogdofarnesio.com.br\/index.php?rest_route=%2Fwp%2Fv2%2Fcategories&post=265665"},{"taxonomy":"post_tag","embeddable":true,"href":"https:\/\/blogdofarnesio.com.br\/index.php?rest_route=%2Fwp%2Fv2%2Ftags&post=265665"}],"curies":[{"name":"wp","href":"https:\/\/api.w.org\/{rel}","templated":true}]}}