{"id":265312,"date":"2020-08-19T09:22:29","date_gmt":"2020-08-19T12:22:29","guid":{"rendered":"http:\/\/quersaberpolitica.com.br\/2016\/?p=265312"},"modified":"2020-08-18T18:16:18","modified_gmt":"2020-08-18T21:16:18","slug":"nova-pesquisa-do-sebrae-apresenta-dados-sobre-a-retomada-das-atividades-economicas","status":"publish","type":"post","link":"https:\/\/blogdofarnesio.com.br\/?p=265312","title":{"rendered":"Nova pesquisa do Sebrae apresenta dados sobre a retomada das atividades econ\u00f4micas"},"content":{"rendered":"\n<p>A 6\u00aa edi\u00e7\u00e3o da Pesquisa \u201cO Impacto da Pandemia de Coronav\u00edrus nos Pequenos Neg\u00f3cios\u201d, realizada pelo Sebrae nos 26 estados e Distrito Federal, apontou que 76% dos empres\u00e1rios participantes afirmaram que os neg\u00f3cios voltaram a funcionar, sendo a maioria (63%) de forma diferente da que funcionava antes da crise.<\/p>\n\n\n\n<p>O levantamento constatou tamb\u00e9m que houve uma melhora no n\u00edvel de endividamento dos pequenos neg\u00f3cios. Enquanto no final junho, 40% dos empres\u00e1rios possu\u00edam empr\u00e9stimos ou d\u00edvidas em atraso, um m\u00eas depois, esse percentual caiu para 36%.<\/p>\n\n\n\n<p>O Sebrae apurou ainda um expressivo crescimento na propor\u00e7\u00e3o de empresas que buscaram empr\u00e9stimos desde o in\u00edcio da crise. Entre a \u00faltima semana de mar\u00e7o e a \u00faltima semana de julho, o percentual de pequenos neg\u00f3cios que buscou cr\u00e9dito saltou de 30% para 54%. Entretanto, observa-se que esse aumento na procura n\u00e3o tem sido acompanhado, na mesma velocidade, pela oferta de recursos por parte do sistema financeiro. A pesquisa mostrou que 56% dos empreendedores tiveram seus pedidos de empr\u00e9stimo negados.<\/p>\n\n\n\n<p><strong>Inova\u00e7\u00e3o e tend\u00eancias<\/strong><\/p>\n\n\n\n<p>Com a pandemia, que impactou fortemente a atividade econ\u00f4mica no Pa\u00eds, a busca pela inova\u00e7\u00e3o e digitaliza\u00e7\u00e3o das empresas (em especial dos canais de venda), deixou de ser uma tend\u00eancia e se tornou realidade para 66% dos pequenos neg\u00f3cios. Entre as diferentes plataformas, a vers\u00e3o comercial do Whatsapp \u00e9 a ferramenta digital mais procurada. 46% dos empres\u00e1rios ouvidos j\u00e1 usavam o aplicativo antes da crise e 12% aderiram a esse sistema ap\u00f3s a chegada da pandemia.<\/p>\n\n\n\n<p>Passados mais de quatro meses do in\u00edcio da crise, a entidade realizou tamb\u00e9m uma pesquisa qualitativa com microempreendedores individuais, micro e pequenas empresas de 18 estados brasileiros e identificou mudan\u00e7as e tend\u00eancias que vieram para ficar no mundo dos pequenos neg\u00f3cios.<\/p>\n\n\n\n<p>De acordo com o levantamento, dentre as mudan\u00e7as definitivas destaca-se a maior digitaliza\u00e7\u00e3o dos neg\u00f3cios. No entanto, em segmentos como a moda, por exemplo, a transforma\u00e7\u00e3o caracteriza-se por um modelo h\u00edbrido, com fortalecimento de experi\u00eancias presenciais e o intenso uso de canais online em vendas e relacionamento com o mercado.<\/p>\n\n\n\n<p>No segmento da alimenta\u00e7\u00e3o os donos de pequenos neg\u00f3cios destacaram que os clientes v\u00e3o continuar mais atentos \u00e0s medidas de higieniza\u00e7\u00e3o e qualidade dos produtos. Para isso, ser\u00e3o necess\u00e1rias mudan\u00e7as com uso ou novos usos dos estabelecimentos para reconquistar o cliente e transmitir seguran\u00e7a. J\u00e1 no ramo do turismo, a tend\u00eancia \u00e9 de roteiros regionais e locais, com predomin\u00e2ncia de a\u00e7\u00f5es ao ar livre e grupos em n\u00famero reduzido.<\/p>\n\n\n\n<p>Confira abaixo outros dados da pesquisa qualitativa:<\/p>\n\n\n\n<p>&#8211; O relacionamento com o cliente deve ser feito com seguran\u00e7a e de forma \u00e1gil. Eles estar\u00e3o mais exigentes e, por isso, ser\u00e3o atra\u00eddos por uma oferta cada vez mais personalizada.<\/p>\n\n\n\n<p>&#8211; O uso das redes sociais para vendas e divulga\u00e7\u00e3o deve continuar em alta. Para isso, os servi\u00e7os de delivery ganham mais aten\u00e7\u00e3o com a qualifica\u00e7\u00e3o dos entregadores.<\/p>\n\n\n\n<p>&#8211; Na gest\u00e3o, os neg\u00f3cios atuar\u00e3o de forma mais sustent\u00e1vel, com produ\u00e7\u00f5es enxutas, com foco na produtividade, evitando o desperd\u00edcio.<\/p>\n\n\n\n<p>&#8211; Em rela\u00e7\u00e3o aos funcion\u00e1rios, as equipes ficar\u00e3o mais reduzidas e multitarefas. A sa\u00fade dos colaboradores receber\u00e1 aten\u00e7\u00e3o e o trabalho remoto, quando poss\u00edvel, ser\u00e1 uma realidade tamb\u00e9m para os pequenos neg\u00f3cios.<\/p>\n\n\n\n<p>&#8211; A amplia\u00e7\u00e3o de parcerias com mais fornecedores tamb\u00e9m ser\u00e1 uma mudan\u00e7a definitiva para os neg\u00f3cios.<\/p>\n\n\n\n<p>Para mais informa\u00e7\u00f5es e conte\u00fados, siga o perfil @sebraebahia nas redes sociais: Instagram, Facebook, Twitter, Youtube, Linkedin, e fa\u00e7a parte do canal no Telegram, que pode ser acessado pelo link&nbsp;<a href=\"https:\/\/t.me\/sebraebahia\" target=\"_blank\" rel=\"noreferrer noopener\">t.me\/sebraebahia<\/a>.<\/p>\n","protected":false},"excerpt":{"rendered":"<p>A 6\u00aa edi\u00e7\u00e3o da Pesquisa \u201cO Impacto da Pandemia de Coronav\u00edrus nos Pequenos Neg\u00f3cios\u201d, realizada pelo Sebrae nos 26 estados e Distrito Federal, apontou que 76% dos empres\u00e1rios participantes afirmaram que os neg\u00f3cios voltaram a funcionar, sendo a maioria (63%) de forma diferente da que funcionava antes da crise. O levantamento constatou tamb\u00e9m que houve uma melhora no n\u00edvel de endividamento dos pequenos neg\u00f3cios. Enquanto no final junho, 40% dos empres\u00e1rios possu\u00edam empr\u00e9stimos ou d\u00edvidas em atraso, um m\u00eas depois, esse percentual caiu para 36%. O Sebrae apurou ainda um expressivo crescimento na propor\u00e7\u00e3o de empresas que buscaram empr\u00e9stimos desde o in\u00edcio da crise. Entre a \u00faltima semana de mar\u00e7o e a \u00faltima semana de julho, o percentual de pequenos&hellip; <\/p>\n","protected":false},"author":1,"featured_media":262984,"comment_status":"closed","ping_status":"closed","sticky":false,"template":"","format":"standard","meta":{"_acf_changed":false,"footnotes":""},"categories":[20],"tags":[],"class_list":["post-265312","post","type-post","status-publish","format-standard","has-post-thumbnail","hentry","category-economia"],"acf":[],"yoast_head":"<!-- This site is optimized with the Yoast SEO plugin v27.4 - https:\/\/yoast.com\/product\/yoast-seo-wordpress\/ -->\n<title>Nova pesquisa do Sebrae apresenta dados sobre a retomada das atividades econ\u00f4micas - Blog do Farn\u00e9sio<\/title>\n<meta name=\"robots\" content=\"index, follow, max-snippet:-1, max-image-preview:large, max-video-preview:-1\" \/>\n<link rel=\"canonical\" href=\"https:\/\/blogdofarnesio.com.br\/?p=265312\" \/>\n<meta property=\"og:locale\" content=\"pt_BR\" \/>\n<meta property=\"og:type\" content=\"article\" \/>\n<meta property=\"og:title\" content=\"Nova pesquisa do Sebrae apresenta dados sobre a retomada das atividades econ\u00f4micas - Blog do Farn\u00e9sio\" \/>\n<meta property=\"og:description\" content=\"A 6\u00aa edi\u00e7\u00e3o da Pesquisa \u201cO Impacto da Pandemia de Coronav\u00edrus nos Pequenos Neg\u00f3cios\u201d, realizada pelo Sebrae nos 26 estados e Distrito Federal, apontou que 76% dos empres\u00e1rios participantes afirmaram que os neg\u00f3cios voltaram a funcionar, sendo a maioria (63%) de forma diferente da que funcionava antes da crise. O levantamento constatou tamb\u00e9m que houve uma melhora no n\u00edvel de endividamento dos pequenos neg\u00f3cios. Enquanto no final junho, 40% dos empres\u00e1rios possu\u00edam empr\u00e9stimos ou d\u00edvidas em atraso, um m\u00eas depois, esse percentual caiu para 36%. O Sebrae apurou ainda um expressivo crescimento na propor\u00e7\u00e3o de empresas que buscaram empr\u00e9stimos desde o in\u00edcio da crise. Entre a \u00faltima semana de mar\u00e7o e a \u00faltima semana de julho, o percentual de pequenos&hellip;\" \/>\n<meta property=\"og:url\" content=\"https:\/\/blogdofarnesio.com.br\/?p=265312\" \/>\n<meta property=\"og:site_name\" content=\"Blog do Farn\u00e9sio\" \/>\n<meta property=\"article:publisher\" content=\"https:\/\/www.facebook.com\/BlogQuerSaberPolitica\/\" \/>\n<meta property=\"article:published_time\" content=\"2020-08-19T12:22:29+00:00\" \/>\n<meta property=\"og:image\" content=\"https:\/\/blogdofarnesio.com.br\/wp-content\/uploads\/2020\/07\/20200721_semana_sebrae_site-_0008-e1595454447139.jpg\" \/>\n\t<meta property=\"og:image:width\" content=\"500\" \/>\n\t<meta property=\"og:image:height\" content=\"333\" \/>\n\t<meta property=\"og:image:type\" content=\"image\/jpeg\" \/>\n<meta name=\"author\" content=\"Farn\u00e9sio\" \/>\n<meta name=\"twitter:card\" content=\"summary_large_image\" \/>\n<meta name=\"twitter:label1\" content=\"Escrito por\" \/>\n\t<meta name=\"twitter:data1\" content=\"Farn\u00e9sio\" \/>\n\t<meta name=\"twitter:label2\" content=\"Est. tempo de leitura\" \/>\n\t<meta name=\"twitter:data2\" content=\"3 minutos\" \/>\n<script type=\"application\/ld+json\" class=\"yoast-schema-graph\">{\"@context\":\"https:\\\/\\\/schema.org\",\"@graph\":[{\"@type\":\"Article\",\"@id\":\"https:\\\/\\\/blogdofarnesio.com.br\\\/?p=265312#article\",\"isPartOf\":{\"@id\":\"https:\\\/\\\/blogdofarnesio.com.br\\\/?p=265312\"},\"author\":{\"name\":\"Farn\u00e9sio\",\"@id\":\"https:\\\/\\\/blogdofarnesio.com.br\\\/#\\\/schema\\\/person\\\/301c4acf522bccbfdb45af95b5b906a1\"},\"headline\":\"Nova pesquisa do Sebrae apresenta dados sobre a retomada das atividades econ\u00f4micas\",\"datePublished\":\"2020-08-19T12:22:29+00:00\",\"mainEntityOfPage\":{\"@id\":\"https:\\\/\\\/blogdofarnesio.com.br\\\/?p=265312\"},\"wordCount\":654,\"publisher\":{\"@id\":\"https:\\\/\\\/blogdofarnesio.com.br\\\/#organization\"},\"image\":{\"@id\":\"https:\\\/\\\/blogdofarnesio.com.br\\\/?p=265312#primaryimage\"},\"thumbnailUrl\":\"https:\\\/\\\/blogdofarnesio.com.br\\\/wp-content\\\/uploads\\\/2020\\\/07\\\/20200721_semana_sebrae_site-_0008-e1595454447139.jpg\",\"articleSection\":[\"Economia\"],\"inLanguage\":\"pt-BR\"},{\"@type\":\"WebPage\",\"@id\":\"https:\\\/\\\/blogdofarnesio.com.br\\\/?p=265312\",\"url\":\"https:\\\/\\\/blogdofarnesio.com.br\\\/?p=265312\",\"name\":\"Nova pesquisa do Sebrae apresenta dados sobre a retomada das atividades econ\u00f4micas - Blog do Farn\u00e9sio\",\"isPartOf\":{\"@id\":\"https:\\\/\\\/blogdofarnesio.com.br\\\/#website\"},\"primaryImageOfPage\":{\"@id\":\"https:\\\/\\\/blogdofarnesio.com.br\\\/?p=265312#primaryimage\"},\"image\":{\"@id\":\"https:\\\/\\\/blogdofarnesio.com.br\\\/?p=265312#primaryimage\"},\"thumbnailUrl\":\"https:\\\/\\\/blogdofarnesio.com.br\\\/wp-content\\\/uploads\\\/2020\\\/07\\\/20200721_semana_sebrae_site-_0008-e1595454447139.jpg\",\"datePublished\":\"2020-08-19T12:22:29+00:00\",\"breadcrumb\":{\"@id\":\"https:\\\/\\\/blogdofarnesio.com.br\\\/?p=265312#breadcrumb\"},\"inLanguage\":\"pt-BR\",\"potentialAction\":[{\"@type\":\"ReadAction\",\"target\":[\"https:\\\/\\\/blogdofarnesio.com.br\\\/?p=265312\"]}]},{\"@type\":\"ImageObject\",\"inLanguage\":\"pt-BR\",\"@id\":\"https:\\\/\\\/blogdofarnesio.com.br\\\/?p=265312#primaryimage\",\"url\":\"https:\\\/\\\/blogdofarnesio.com.br\\\/wp-content\\\/uploads\\\/2020\\\/07\\\/20200721_semana_sebrae_site-_0008-e1595454447139.jpg\",\"contentUrl\":\"https:\\\/\\\/blogdofarnesio.com.br\\\/wp-content\\\/uploads\\\/2020\\\/07\\\/20200721_semana_sebrae_site-_0008-e1595454447139.jpg\",\"width\":500,\"height\":333,\"caption\":\"20200721_Semana Sebrae, Telas do site. Foto Dar\u00edo G. Neto\\\/ASN Ba. Esta fotografia oficial da Ag\u00eancia Sebrae de Not\u00edcias \u00e9 disponibilizada apenas para uso jornal\u00edstico, podendo ser publicada por ve\u00edculos noticiosos e assessorias de comunica\u00e7\u00e3o. Tamb\u00e9m est\u00e1 dispon\u00edvel para uso pessoal pelo(s) sujeito(s) que aparecem na imagem. A fotografia n\u00e3o pode ser manipulada de qualquer maneira e n\u00e3o pode ser utilizada em materiais publicit\u00e1rios, promocionais, comerciais ou pol\u00edticos. \u00c9 obrigat\u00f3rio, como previsto na lei do direito autoral ( n.\u00ba 9.610 de 19\\\/02\\\/1998), a divulga\u00e7\u00e3o do \u201cnome do autor\\\/ASN Bahia\u201d junto com a pr\u00f3pria imagem.\"},{\"@type\":\"BreadcrumbList\",\"@id\":\"https:\\\/\\\/blogdofarnesio.com.br\\\/?p=265312#breadcrumb\",\"itemListElement\":[{\"@type\":\"ListItem\",\"position\":1,\"name\":\"In\u00edcio\",\"item\":\"https:\\\/\\\/blogdofarnesio.com.br\\\/\"},{\"@type\":\"ListItem\",\"position\":2,\"name\":\"Nova pesquisa do Sebrae apresenta dados sobre a retomada das atividades econ\u00f4micas\"}]},{\"@type\":\"WebSite\",\"@id\":\"https:\\\/\\\/blogdofarnesio.com.br\\\/#website\",\"url\":\"https:\\\/\\\/blogdofarnesio.com.br\\\/\",\"name\":\"Blog do Farn\u00e9sio\",\"description\":\"Quer Saber Pol\u00edtica?\",\"publisher\":{\"@id\":\"https:\\\/\\\/blogdofarnesio.com.br\\\/#organization\"},\"potentialAction\":[{\"@type\":\"SearchAction\",\"target\":{\"@type\":\"EntryPoint\",\"urlTemplate\":\"https:\\\/\\\/blogdofarnesio.com.br\\\/?s={search_term_string}\"},\"query-input\":{\"@type\":\"PropertyValueSpecification\",\"valueRequired\":true,\"valueName\":\"search_term_string\"}}],\"inLanguage\":\"pt-BR\"},{\"@type\":\"Organization\",\"@id\":\"https:\\\/\\\/blogdofarnesio.com.br\\\/#organization\",\"name\":\"Blog do Farn\u00e9sio\",\"url\":\"https:\\\/\\\/blogdofarnesio.com.br\\\/\",\"logo\":{\"@type\":\"ImageObject\",\"inLanguage\":\"pt-BR\",\"@id\":\"https:\\\/\\\/blogdofarnesio.com.br\\\/#\\\/schema\\\/logo\\\/image\\\/\",\"url\":\"https:\\\/\\\/blogdofarnesio.com.br\\\/wp-content\\\/uploads\\\/2026\\\/03\\\/cropped-logo_new-1.png\",\"contentUrl\":\"https:\\\/\\\/blogdofarnesio.com.br\\\/wp-content\\\/uploads\\\/2026\\\/03\\\/cropped-logo_new-1.png\",\"width\":881,\"height\":685,\"caption\":\"Blog do Farn\u00e9sio\"},\"image\":{\"@id\":\"https:\\\/\\\/blogdofarnesio.com.br\\\/#\\\/schema\\\/logo\\\/image\\\/\"},\"sameAs\":[\"https:\\\/\\\/www.facebook.com\\\/BlogQuerSaberPolitica\\\/\"]},{\"@type\":\"Person\",\"@id\":\"https:\\\/\\\/blogdofarnesio.com.br\\\/#\\\/schema\\\/person\\\/301c4acf522bccbfdb45af95b5b906a1\",\"name\":\"Farn\u00e9sio\",\"image\":{\"@type\":\"ImageObject\",\"inLanguage\":\"pt-BR\",\"@id\":\"https:\\\/\\\/secure.gravatar.com\\\/avatar\\\/df0c9a14567c056f8ad6876ba5bbd1e3e2c48023eb6807342fc4663adf549f38?s=96&d=mm&r=g\",\"url\":\"https:\\\/\\\/secure.gravatar.com\\\/avatar\\\/df0c9a14567c056f8ad6876ba5bbd1e3e2c48023eb6807342fc4663adf549f38?s=96&d=mm&r=g\",\"contentUrl\":\"https:\\\/\\\/secure.gravatar.com\\\/avatar\\\/df0c9a14567c056f8ad6876ba5bbd1e3e2c48023eb6807342fc4663adf549f38?s=96&d=mm&r=g\",\"caption\":\"Farn\u00e9sio\"},\"sameAs\":[\"https:\\\/\\\/quersaberpolitica.com.br\"],\"url\":\"https:\\\/\\\/blogdofarnesio.com.br\\\/?author=1\"}]}<\/script>\n<!-- \/ Yoast SEO plugin. -->","yoast_head_json":{"title":"Nova pesquisa do Sebrae apresenta dados sobre a retomada das atividades econ\u00f4micas - Blog do Farn\u00e9sio","robots":{"index":"index","follow":"follow","max-snippet":"max-snippet:-1","max-image-preview":"max-image-preview:large","max-video-preview":"max-video-preview:-1"},"canonical":"https:\/\/blogdofarnesio.com.br\/?p=265312","og_locale":"pt_BR","og_type":"article","og_title":"Nova pesquisa do Sebrae apresenta dados sobre a retomada das atividades econ\u00f4micas - Blog do Farn\u00e9sio","og_description":"A 6\u00aa edi\u00e7\u00e3o da Pesquisa \u201cO Impacto da Pandemia de Coronav\u00edrus nos Pequenos Neg\u00f3cios\u201d, realizada pelo Sebrae nos 26 estados e Distrito Federal, apontou que 76% dos empres\u00e1rios participantes afirmaram que os neg\u00f3cios voltaram a funcionar, sendo a maioria (63%) de forma diferente da que funcionava antes da crise. O levantamento constatou tamb\u00e9m que houve uma melhora no n\u00edvel de endividamento dos pequenos neg\u00f3cios. Enquanto no final junho, 40% dos empres\u00e1rios possu\u00edam empr\u00e9stimos ou d\u00edvidas em atraso, um m\u00eas depois, esse percentual caiu para 36%. O Sebrae apurou ainda um expressivo crescimento na propor\u00e7\u00e3o de empresas que buscaram empr\u00e9stimos desde o in\u00edcio da crise. Entre a \u00faltima semana de mar\u00e7o e a \u00faltima semana de julho, o percentual de pequenos&hellip;","og_url":"https:\/\/blogdofarnesio.com.br\/?p=265312","og_site_name":"Blog do Farn\u00e9sio","article_publisher":"https:\/\/www.facebook.com\/BlogQuerSaberPolitica\/","article_published_time":"2020-08-19T12:22:29+00:00","og_image":[{"width":500,"height":333,"url":"https:\/\/blogdofarnesio.com.br\/wp-content\/uploads\/2020\/07\/20200721_semana_sebrae_site-_0008-e1595454447139.jpg","type":"image\/jpeg"}],"author":"Farn\u00e9sio","twitter_card":"summary_large_image","twitter_misc":{"Escrito por":"Farn\u00e9sio","Est. tempo de leitura":"3 minutos"},"schema":{"@context":"https:\/\/schema.org","@graph":[{"@type":"Article","@id":"https:\/\/blogdofarnesio.com.br\/?p=265312#article","isPartOf":{"@id":"https:\/\/blogdofarnesio.com.br\/?p=265312"},"author":{"name":"Farn\u00e9sio","@id":"https:\/\/blogdofarnesio.com.br\/#\/schema\/person\/301c4acf522bccbfdb45af95b5b906a1"},"headline":"Nova pesquisa do Sebrae apresenta dados sobre a retomada das atividades econ\u00f4micas","datePublished":"2020-08-19T12:22:29+00:00","mainEntityOfPage":{"@id":"https:\/\/blogdofarnesio.com.br\/?p=265312"},"wordCount":654,"publisher":{"@id":"https:\/\/blogdofarnesio.com.br\/#organization"},"image":{"@id":"https:\/\/blogdofarnesio.com.br\/?p=265312#primaryimage"},"thumbnailUrl":"https:\/\/blogdofarnesio.com.br\/wp-content\/uploads\/2020\/07\/20200721_semana_sebrae_site-_0008-e1595454447139.jpg","articleSection":["Economia"],"inLanguage":"pt-BR"},{"@type":"WebPage","@id":"https:\/\/blogdofarnesio.com.br\/?p=265312","url":"https:\/\/blogdofarnesio.com.br\/?p=265312","name":"Nova pesquisa do Sebrae apresenta dados sobre a retomada das atividades econ\u00f4micas - Blog do Farn\u00e9sio","isPartOf":{"@id":"https:\/\/blogdofarnesio.com.br\/#website"},"primaryImageOfPage":{"@id":"https:\/\/blogdofarnesio.com.br\/?p=265312#primaryimage"},"image":{"@id":"https:\/\/blogdofarnesio.com.br\/?p=265312#primaryimage"},"thumbnailUrl":"https:\/\/blogdofarnesio.com.br\/wp-content\/uploads\/2020\/07\/20200721_semana_sebrae_site-_0008-e1595454447139.jpg","datePublished":"2020-08-19T12:22:29+00:00","breadcrumb":{"@id":"https:\/\/blogdofarnesio.com.br\/?p=265312#breadcrumb"},"inLanguage":"pt-BR","potentialAction":[{"@type":"ReadAction","target":["https:\/\/blogdofarnesio.com.br\/?p=265312"]}]},{"@type":"ImageObject","inLanguage":"pt-BR","@id":"https:\/\/blogdofarnesio.com.br\/?p=265312#primaryimage","url":"https:\/\/blogdofarnesio.com.br\/wp-content\/uploads\/2020\/07\/20200721_semana_sebrae_site-_0008-e1595454447139.jpg","contentUrl":"https:\/\/blogdofarnesio.com.br\/wp-content\/uploads\/2020\/07\/20200721_semana_sebrae_site-_0008-e1595454447139.jpg","width":500,"height":333,"caption":"20200721_Semana Sebrae, Telas do site. Foto Dar\u00edo G. Neto\/ASN Ba. Esta fotografia oficial da Ag\u00eancia Sebrae de Not\u00edcias \u00e9 disponibilizada apenas para uso jornal\u00edstico, podendo ser publicada por ve\u00edculos noticiosos e assessorias de comunica\u00e7\u00e3o. Tamb\u00e9m est\u00e1 dispon\u00edvel para uso pessoal pelo(s) sujeito(s) que aparecem na imagem. A fotografia n\u00e3o pode ser manipulada de qualquer maneira e n\u00e3o pode ser utilizada em materiais publicit\u00e1rios, promocionais, comerciais ou pol\u00edticos. \u00c9 obrigat\u00f3rio, como previsto na lei do direito autoral ( n.\u00ba 9.610 de 19\/02\/1998), a divulga\u00e7\u00e3o do \u201cnome do autor\/ASN Bahia\u201d junto com a pr\u00f3pria imagem."},{"@type":"BreadcrumbList","@id":"https:\/\/blogdofarnesio.com.br\/?p=265312#breadcrumb","itemListElement":[{"@type":"ListItem","position":1,"name":"In\u00edcio","item":"https:\/\/blogdofarnesio.com.br\/"},{"@type":"ListItem","position":2,"name":"Nova pesquisa do Sebrae apresenta dados sobre a retomada das atividades econ\u00f4micas"}]},{"@type":"WebSite","@id":"https:\/\/blogdofarnesio.com.br\/#website","url":"https:\/\/blogdofarnesio.com.br\/","name":"Blog do Farn\u00e9sio","description":"Quer Saber Pol\u00edtica?","publisher":{"@id":"https:\/\/blogdofarnesio.com.br\/#organization"},"potentialAction":[{"@type":"SearchAction","target":{"@type":"EntryPoint","urlTemplate":"https:\/\/blogdofarnesio.com.br\/?s={search_term_string}"},"query-input":{"@type":"PropertyValueSpecification","valueRequired":true,"valueName":"search_term_string"}}],"inLanguage":"pt-BR"},{"@type":"Organization","@id":"https:\/\/blogdofarnesio.com.br\/#organization","name":"Blog do Farn\u00e9sio","url":"https:\/\/blogdofarnesio.com.br\/","logo":{"@type":"ImageObject","inLanguage":"pt-BR","@id":"https:\/\/blogdofarnesio.com.br\/#\/schema\/logo\/image\/","url":"https:\/\/blogdofarnesio.com.br\/wp-content\/uploads\/2026\/03\/cropped-logo_new-1.png","contentUrl":"https:\/\/blogdofarnesio.com.br\/wp-content\/uploads\/2026\/03\/cropped-logo_new-1.png","width":881,"height":685,"caption":"Blog do Farn\u00e9sio"},"image":{"@id":"https:\/\/blogdofarnesio.com.br\/#\/schema\/logo\/image\/"},"sameAs":["https:\/\/www.facebook.com\/BlogQuerSaberPolitica\/"]},{"@type":"Person","@id":"https:\/\/blogdofarnesio.com.br\/#\/schema\/person\/301c4acf522bccbfdb45af95b5b906a1","name":"Farn\u00e9sio","image":{"@type":"ImageObject","inLanguage":"pt-BR","@id":"https:\/\/secure.gravatar.com\/avatar\/df0c9a14567c056f8ad6876ba5bbd1e3e2c48023eb6807342fc4663adf549f38?s=96&d=mm&r=g","url":"https:\/\/secure.gravatar.com\/avatar\/df0c9a14567c056f8ad6876ba5bbd1e3e2c48023eb6807342fc4663adf549f38?s=96&d=mm&r=g","contentUrl":"https:\/\/secure.gravatar.com\/avatar\/df0c9a14567c056f8ad6876ba5bbd1e3e2c48023eb6807342fc4663adf549f38?s=96&d=mm&r=g","caption":"Farn\u00e9sio"},"sameAs":["https:\/\/quersaberpolitica.com.br"],"url":"https:\/\/blogdofarnesio.com.br\/?author=1"}]}},"_links":{"self":[{"href":"https:\/\/blogdofarnesio.com.br\/index.php?rest_route=\/wp\/v2\/posts\/265312","targetHints":{"allow":["GET"]}}],"collection":[{"href":"https:\/\/blogdofarnesio.com.br\/index.php?rest_route=\/wp\/v2\/posts"}],"about":[{"href":"https:\/\/blogdofarnesio.com.br\/index.php?rest_route=\/wp\/v2\/types\/post"}],"author":[{"embeddable":true,"href":"https:\/\/blogdofarnesio.com.br\/index.php?rest_route=\/wp\/v2\/users\/1"}],"replies":[{"embeddable":true,"href":"https:\/\/blogdofarnesio.com.br\/index.php?rest_route=%2Fwp%2Fv2%2Fcomments&post=265312"}],"version-history":[{"count":0,"href":"https:\/\/blogdofarnesio.com.br\/index.php?rest_route=\/wp\/v2\/posts\/265312\/revisions"}],"wp:featuredmedia":[{"embeddable":true,"href":"https:\/\/blogdofarnesio.com.br\/index.php?rest_route=\/wp\/v2\/media\/262984"}],"wp:attachment":[{"href":"https:\/\/blogdofarnesio.com.br\/index.php?rest_route=%2Fwp%2Fv2%2Fmedia&parent=265312"}],"wp:term":[{"taxonomy":"category","embeddable":true,"href":"https:\/\/blogdofarnesio.com.br\/index.php?rest_route=%2Fwp%2Fv2%2Fcategories&post=265312"},{"taxonomy":"post_tag","embeddable":true,"href":"https:\/\/blogdofarnesio.com.br\/index.php?rest_route=%2Fwp%2Fv2%2Ftags&post=265312"}],"curies":[{"name":"wp","href":"https:\/\/api.w.org\/{rel}","templated":true}]}}