{"id":265295,"date":"2020-08-19T07:43:08","date_gmt":"2020-08-19T10:43:08","guid":{"rendered":"http:\/\/quersaberpolitica.com.br\/2016\/?p=265295"},"modified":"2020-08-19T09:17:32","modified_gmt":"2020-08-19T12:17:32","slug":"o-time-de-flamber-aumenta-nos-quatro-cantos-de-curaca","status":"publish","type":"post","link":"https:\/\/blogdofarnesio.com.br\/2020\/08\/o-time-de-flamber-aumenta-nos-quatro-cantos-de-curaca\/","title":{"rendered":"O TIME DE FLAMBER AUMENTA NOS QUATRO CANTOS DE CURA\u00c7\u00c1"},"content":{"rendered":"\n<p>Em Cura\u00e7\u00e1, o Vaqueiro Flamber Feitosa (PSD) vem fazendo uma pr\u00e9-campanha propositiva, limpa, defendendo um projeto de desenvolvimento para o Munic\u00edpio. Assim, tem conquistado muitos apoios. Na sexta (14), no Po\u00e7o de Fora, foi recepcionado pelos pr\u00e9-candidatos: Adelson F\u00e9lix, Wanderson Tonton e Ana Paula. Na ocasi\u00e3o, recebeu o apoio do l\u00edder Deusdimar. <\/p>\n\n\n\n<figure class=\"wp-block-image size-large is-resized is-style-rounded\"><img loading=\"lazy\" decoding=\"async\" src=\"http:\/\/quersaberpolitica.com.br\/2016\/wp-content\/uploads\/2020\/08\/blogqspcuraca-flanbinho-576x1024.jpg\" alt=\"\" class=\"wp-image-265337\" width=\"558\" height=\"992\" srcset=\"https:\/\/blogdofarnesio.com.br\/wp-content\/uploads\/2020\/08\/blogqspcuraca-flanbinho-576x1024.jpg 576w, https:\/\/blogdofarnesio.com.br\/wp-content\/uploads\/2020\/08\/blogqspcuraca-flanbinho-169x300.jpg 169w, https:\/\/blogdofarnesio.com.br\/wp-content\/uploads\/2020\/08\/blogqspcuraca-flanbinho-360x640.jpg 360w, https:\/\/blogdofarnesio.com.br\/wp-content\/uploads\/2020\/08\/blogqspcuraca-flanbinho.jpg 720w\" sizes=\"auto, (max-width: 558px) 100vw, 558px\" \/><\/figure>\n\n\n\n<p>S\u00e1bado (15), nas Agrovilas de Pedra Branca, tr\u00eas lideran\u00e7as aderiram ao Projeto: Currupio das Frutas, na Agrovila 11; J\u00fanior Material de Constru\u00e7\u00e3o na Agrovila 12; e J\u00fanior e fam\u00edlia, na Agrovila 10. Ele ainda se reuniu com os pr\u00e9-candidatos a Vereador: H\u00e9lio Santos, Jair de Pascoal e Marineuza Souza. Domingo, confirmou apoio com o Ex-Vereador Pop\u00f3 e fam\u00edlia, assim como com familiares do saudoso Fefedo na Fazenda Olhos d&#8217;\u00c1gua (Sede Rural), onde esteve na companhia do Vereador Ba\u00e9.<\/p>\n\n\n\n<p>&#8220;Quero dizer que estou muito feliz e adianto que logo mais estaremos divulgando novos apoiadores, gra\u00e7as a Deus. O povo quer mudan\u00e7a, mas quer participar dessa mudan\u00e7a. E \u00e9 isso que estamos proporcionando ao ouvir e ter contato com nossa popula\u00e7\u00e3o. \u00c9 por isso que nosso time \u00e9 o que mais cresce em Cura\u00e7\u00e1&#8221;, frisou Flamber.<\/p>\n","protected":false},"excerpt":{"rendered":"<p>Em Cura\u00e7\u00e1, o Vaqueiro Flamber Feitosa (PSD) vem fazendo uma pr\u00e9-campanha propositiva, limpa, defendendo um projeto de desenvolvimento para o Munic\u00edpio. Assim, tem conquistado muitos apoios. Na sexta (14), no Po\u00e7o de Fora, foi recepcionado pelos pr\u00e9-candidatos: Adelson F\u00e9lix, Wanderson Tonton e Ana Paula. Na ocasi\u00e3o, recebeu o apoio do l\u00edder Deusdimar. S\u00e1bado (15), nas Agrovilas de Pedra Branca, tr\u00eas lideran\u00e7as aderiram ao Projeto: Currupio das Frutas, na Agrovila 11; J\u00fanior Material de Constru\u00e7\u00e3o na Agrovila 12; e J\u00fanior e fam\u00edlia, na Agrovila 10. Ele ainda se reuniu com os pr\u00e9-candidatos a Vereador: H\u00e9lio Santos, Jair de Pascoal e Marineuza Souza. Domingo, confirmou apoio com o Ex-Vereador Pop\u00f3 e fam\u00edlia, assim como com familiares do saudoso Fefedo na Fazenda Olhos&hellip; <\/p>\n","protected":false},"author":1,"featured_media":265296,"comment_status":"closed","ping_status":"closed","sticky":false,"template":"","format":"standard","meta":{"_acf_changed":false,"footnotes":""},"categories":[27],"tags":[],"class_list":["post-265295","post","type-post","status-publish","format-standard","has-post-thumbnail","hentry","category-cidades"],"acf":[],"yoast_head":"<!-- This site is optimized with the Yoast SEO plugin v27.5 - https:\/\/yoast.com\/product\/yoast-seo-wordpress\/ -->\n<title>O TIME DE FLAMBER AUMENTA NOS QUATRO CANTOS DE CURA\u00c7\u00c1 - Blog do Farn\u00e9sio<\/title>\n<meta name=\"robots\" content=\"index, follow, max-snippet:-1, max-image-preview:large, max-video-preview:-1\" \/>\n<link rel=\"canonical\" href=\"https:\/\/blogdofarnesio.com.br\/2020\/08\/o-time-de-flamber-aumenta-nos-quatro-cantos-de-curaca\/\" \/>\n<meta property=\"og:locale\" content=\"pt_BR\" \/>\n<meta property=\"og:type\" content=\"article\" \/>\n<meta property=\"og:title\" content=\"O TIME DE FLAMBER AUMENTA NOS QUATRO CANTOS DE CURA\u00c7\u00c1 - Blog do Farn\u00e9sio\" \/>\n<meta property=\"og:description\" content=\"Em Cura\u00e7\u00e1, o Vaqueiro Flamber Feitosa (PSD) vem fazendo uma pr\u00e9-campanha propositiva, limpa, defendendo um projeto de desenvolvimento para o Munic\u00edpio. Assim, tem conquistado muitos apoios. Na sexta (14), no Po\u00e7o de Fora, foi recepcionado pelos pr\u00e9-candidatos: Adelson F\u00e9lix, Wanderson Tonton e Ana Paula. Na ocasi\u00e3o, recebeu o apoio do l\u00edder Deusdimar. S\u00e1bado (15), nas Agrovilas de Pedra Branca, tr\u00eas lideran\u00e7as aderiram ao Projeto: Currupio das Frutas, na Agrovila 11; J\u00fanior Material de Constru\u00e7\u00e3o na Agrovila 12; e J\u00fanior e fam\u00edlia, na Agrovila 10. Ele ainda se reuniu com os pr\u00e9-candidatos a Vereador: H\u00e9lio Santos, Jair de Pascoal e Marineuza Souza. Domingo, confirmou apoio com o Ex-Vereador Pop\u00f3 e fam\u00edlia, assim como com familiares do saudoso Fefedo na Fazenda Olhos&hellip;\" \/>\n<meta property=\"og:url\" content=\"https:\/\/blogdofarnesio.com.br\/2020\/08\/o-time-de-flamber-aumenta-nos-quatro-cantos-de-curaca\/\" \/>\n<meta property=\"og:site_name\" content=\"Blog do Farn\u00e9sio\" \/>\n<meta property=\"article:publisher\" content=\"https:\/\/www.facebook.com\/BlogQuerSaberPolitica\/\" \/>\n<meta property=\"article:published_time\" content=\"2020-08-19T10:43:08+00:00\" \/>\n<meta property=\"article:modified_time\" content=\"2020-08-19T12:17:32+00:00\" \/>\n<meta property=\"og:image\" content=\"https:\/\/blogdofarnesio.com.br\/wp-content\/uploads\/2020\/08\/blogqspcuraca-flambinho-e1597781073562.jpg\" \/>\n\t<meta property=\"og:image:width\" content=\"687\" \/>\n\t<meta property=\"og:image:height\" content=\"493\" \/>\n\t<meta property=\"og:image:type\" content=\"image\/jpeg\" \/>\n<meta name=\"author\" content=\"Farn\u00e9sio\" \/>\n<meta name=\"twitter:card\" content=\"summary_large_image\" \/>\n<meta name=\"twitter:label1\" content=\"Escrito por\" \/>\n\t<meta name=\"twitter:data1\" content=\"Farn\u00e9sio\" \/>\n\t<meta name=\"twitter:label2\" content=\"Est. tempo de leitura\" \/>\n\t<meta name=\"twitter:data2\" content=\"1 minuto\" \/>\n<script type=\"application\/ld+json\" class=\"yoast-schema-graph\">{\"@context\":\"https:\\\/\\\/schema.org\",\"@graph\":[{\"@type\":\"Article\",\"@id\":\"https:\\\/\\\/blogdofarnesio.com.br\\\/2020\\\/08\\\/o-time-de-flamber-aumenta-nos-quatro-cantos-de-curaca\\\/#article\",\"isPartOf\":{\"@id\":\"https:\\\/\\\/blogdofarnesio.com.br\\\/2020\\\/08\\\/o-time-de-flamber-aumenta-nos-quatro-cantos-de-curaca\\\/\"},\"author\":{\"name\":\"Farn\u00e9sio\",\"@id\":\"https:\\\/\\\/blogdofarnesio.com.br\\\/#\\\/schema\\\/person\\\/301c4acf522bccbfdb45af95b5b906a1\"},\"headline\":\"O TIME DE FLAMBER AUMENTA NOS QUATRO CANTOS DE CURA\u00c7\u00c1\",\"datePublished\":\"2020-08-19T10:43:08+00:00\",\"dateModified\":\"2020-08-19T12:17:32+00:00\",\"mainEntityOfPage\":{\"@id\":\"https:\\\/\\\/blogdofarnesio.com.br\\\/2020\\\/08\\\/o-time-de-flamber-aumenta-nos-quatro-cantos-de-curaca\\\/\"},\"wordCount\":210,\"publisher\":{\"@id\":\"https:\\\/\\\/blogdofarnesio.com.br\\\/#organization\"},\"image\":{\"@id\":\"https:\\\/\\\/blogdofarnesio.com.br\\\/2020\\\/08\\\/o-time-de-flamber-aumenta-nos-quatro-cantos-de-curaca\\\/#primaryimage\"},\"thumbnailUrl\":\"https:\\\/\\\/blogdofarnesio.com.br\\\/wp-content\\\/uploads\\\/2020\\\/08\\\/blogqspcuraca-flambinho-e1597781073562.jpg\",\"articleSection\":[\"Cidades\"],\"inLanguage\":\"pt-BR\"},{\"@type\":\"WebPage\",\"@id\":\"https:\\\/\\\/blogdofarnesio.com.br\\\/2020\\\/08\\\/o-time-de-flamber-aumenta-nos-quatro-cantos-de-curaca\\\/\",\"url\":\"https:\\\/\\\/blogdofarnesio.com.br\\\/2020\\\/08\\\/o-time-de-flamber-aumenta-nos-quatro-cantos-de-curaca\\\/\",\"name\":\"O TIME DE FLAMBER AUMENTA NOS QUATRO CANTOS DE CURA\u00c7\u00c1 - Blog do Farn\u00e9sio\",\"isPartOf\":{\"@id\":\"https:\\\/\\\/blogdofarnesio.com.br\\\/#website\"},\"primaryImageOfPage\":{\"@id\":\"https:\\\/\\\/blogdofarnesio.com.br\\\/2020\\\/08\\\/o-time-de-flamber-aumenta-nos-quatro-cantos-de-curaca\\\/#primaryimage\"},\"image\":{\"@id\":\"https:\\\/\\\/blogdofarnesio.com.br\\\/2020\\\/08\\\/o-time-de-flamber-aumenta-nos-quatro-cantos-de-curaca\\\/#primaryimage\"},\"thumbnailUrl\":\"https:\\\/\\\/blogdofarnesio.com.br\\\/wp-content\\\/uploads\\\/2020\\\/08\\\/blogqspcuraca-flambinho-e1597781073562.jpg\",\"datePublished\":\"2020-08-19T10:43:08+00:00\",\"dateModified\":\"2020-08-19T12:17:32+00:00\",\"breadcrumb\":{\"@id\":\"https:\\\/\\\/blogdofarnesio.com.br\\\/2020\\\/08\\\/o-time-de-flamber-aumenta-nos-quatro-cantos-de-curaca\\\/#breadcrumb\"},\"inLanguage\":\"pt-BR\",\"potentialAction\":[{\"@type\":\"ReadAction\",\"target\":[\"https:\\\/\\\/blogdofarnesio.com.br\\\/2020\\\/08\\\/o-time-de-flamber-aumenta-nos-quatro-cantos-de-curaca\\\/\"]}]},{\"@type\":\"ImageObject\",\"inLanguage\":\"pt-BR\",\"@id\":\"https:\\\/\\\/blogdofarnesio.com.br\\\/2020\\\/08\\\/o-time-de-flamber-aumenta-nos-quatro-cantos-de-curaca\\\/#primaryimage\",\"url\":\"https:\\\/\\\/blogdofarnesio.com.br\\\/wp-content\\\/uploads\\\/2020\\\/08\\\/blogqspcuraca-flambinho-e1597781073562.jpg\",\"contentUrl\":\"https:\\\/\\\/blogdofarnesio.com.br\\\/wp-content\\\/uploads\\\/2020\\\/08\\\/blogqspcuraca-flambinho-e1597781073562.jpg\",\"width\":687,\"height\":493},{\"@type\":\"BreadcrumbList\",\"@id\":\"https:\\\/\\\/blogdofarnesio.com.br\\\/2020\\\/08\\\/o-time-de-flamber-aumenta-nos-quatro-cantos-de-curaca\\\/#breadcrumb\",\"itemListElement\":[{\"@type\":\"ListItem\",\"position\":1,\"name\":\"In\u00edcio\",\"item\":\"https:\\\/\\\/blogdofarnesio.com.br\\\/\"},{\"@type\":\"ListItem\",\"position\":2,\"name\":\"O TIME DE FLAMBER AUMENTA NOS QUATRO CANTOS DE CURA\u00c7\u00c1\"}]},{\"@type\":\"WebSite\",\"@id\":\"https:\\\/\\\/blogdofarnesio.com.br\\\/#website\",\"url\":\"https:\\\/\\\/blogdofarnesio.com.br\\\/\",\"name\":\"Blog do Farn\u00e9sio\",\"description\":\"Quer Saber Pol\u00edtica?\",\"publisher\":{\"@id\":\"https:\\\/\\\/blogdofarnesio.com.br\\\/#organization\"},\"potentialAction\":[{\"@type\":\"SearchAction\",\"target\":{\"@type\":\"EntryPoint\",\"urlTemplate\":\"https:\\\/\\\/blogdofarnesio.com.br\\\/?s={search_term_string}\"},\"query-input\":{\"@type\":\"PropertyValueSpecification\",\"valueRequired\":true,\"valueName\":\"search_term_string\"}}],\"inLanguage\":\"pt-BR\"},{\"@type\":\"Organization\",\"@id\":\"https:\\\/\\\/blogdofarnesio.com.br\\\/#organization\",\"name\":\"Blog do Farn\u00e9sio\",\"url\":\"https:\\\/\\\/blogdofarnesio.com.br\\\/\",\"logo\":{\"@type\":\"ImageObject\",\"inLanguage\":\"pt-BR\",\"@id\":\"https:\\\/\\\/blogdofarnesio.com.br\\\/#\\\/schema\\\/logo\\\/image\\\/\",\"url\":\"https:\\\/\\\/blogdofarnesio.com.br\\\/wp-content\\\/uploads\\\/2026\\\/03\\\/cropped-logo_new-1.png\",\"contentUrl\":\"https:\\\/\\\/blogdofarnesio.com.br\\\/wp-content\\\/uploads\\\/2026\\\/03\\\/cropped-logo_new-1.png\",\"width\":881,\"height\":685,\"caption\":\"Blog do Farn\u00e9sio\"},\"image\":{\"@id\":\"https:\\\/\\\/blogdofarnesio.com.br\\\/#\\\/schema\\\/logo\\\/image\\\/\"},\"sameAs\":[\"https:\\\/\\\/www.facebook.com\\\/BlogQuerSaberPolitica\\\/\"]},{\"@type\":\"Person\",\"@id\":\"https:\\\/\\\/blogdofarnesio.com.br\\\/#\\\/schema\\\/person\\\/301c4acf522bccbfdb45af95b5b906a1\",\"name\":\"Farn\u00e9sio\",\"image\":{\"@type\":\"ImageObject\",\"inLanguage\":\"pt-BR\",\"@id\":\"https:\\\/\\\/secure.gravatar.com\\\/avatar\\\/df0c9a14567c056f8ad6876ba5bbd1e3e2c48023eb6807342fc4663adf549f38?s=96&d=mm&r=g\",\"url\":\"https:\\\/\\\/secure.gravatar.com\\\/avatar\\\/df0c9a14567c056f8ad6876ba5bbd1e3e2c48023eb6807342fc4663adf549f38?s=96&d=mm&r=g\",\"contentUrl\":\"https:\\\/\\\/secure.gravatar.com\\\/avatar\\\/df0c9a14567c056f8ad6876ba5bbd1e3e2c48023eb6807342fc4663adf549f38?s=96&d=mm&r=g\",\"caption\":\"Farn\u00e9sio\"},\"sameAs\":[\"https:\\\/\\\/quersaberpolitica.com.br\"],\"url\":\"https:\\\/\\\/blogdofarnesio.com.br\\\/author\\\/farnesio\\\/\"}]}<\/script>\n<!-- \/ Yoast SEO plugin. -->","yoast_head_json":{"title":"O TIME DE FLAMBER AUMENTA NOS QUATRO CANTOS DE CURA\u00c7\u00c1 - Blog do Farn\u00e9sio","robots":{"index":"index","follow":"follow","max-snippet":"max-snippet:-1","max-image-preview":"max-image-preview:large","max-video-preview":"max-video-preview:-1"},"canonical":"https:\/\/blogdofarnesio.com.br\/2020\/08\/o-time-de-flamber-aumenta-nos-quatro-cantos-de-curaca\/","og_locale":"pt_BR","og_type":"article","og_title":"O TIME DE FLAMBER AUMENTA NOS QUATRO CANTOS DE CURA\u00c7\u00c1 - Blog do Farn\u00e9sio","og_description":"Em Cura\u00e7\u00e1, o Vaqueiro Flamber Feitosa (PSD) vem fazendo uma pr\u00e9-campanha propositiva, limpa, defendendo um projeto de desenvolvimento para o Munic\u00edpio. Assim, tem conquistado muitos apoios. Na sexta (14), no Po\u00e7o de Fora, foi recepcionado pelos pr\u00e9-candidatos: Adelson F\u00e9lix, Wanderson Tonton e Ana Paula. Na ocasi\u00e3o, recebeu o apoio do l\u00edder Deusdimar. S\u00e1bado (15), nas Agrovilas de Pedra Branca, tr\u00eas lideran\u00e7as aderiram ao Projeto: Currupio das Frutas, na Agrovila 11; J\u00fanior Material de Constru\u00e7\u00e3o na Agrovila 12; e J\u00fanior e fam\u00edlia, na Agrovila 10. Ele ainda se reuniu com os pr\u00e9-candidatos a Vereador: H\u00e9lio Santos, Jair de Pascoal e Marineuza Souza. Domingo, confirmou apoio com o Ex-Vereador Pop\u00f3 e fam\u00edlia, assim como com familiares do saudoso Fefedo na Fazenda Olhos&hellip;","og_url":"https:\/\/blogdofarnesio.com.br\/2020\/08\/o-time-de-flamber-aumenta-nos-quatro-cantos-de-curaca\/","og_site_name":"Blog do Farn\u00e9sio","article_publisher":"https:\/\/www.facebook.com\/BlogQuerSaberPolitica\/","article_published_time":"2020-08-19T10:43:08+00:00","article_modified_time":"2020-08-19T12:17:32+00:00","og_image":[{"width":687,"height":493,"url":"https:\/\/blogdofarnesio.com.br\/wp-content\/uploads\/2020\/08\/blogqspcuraca-flambinho-e1597781073562.jpg","type":"image\/jpeg"}],"author":"Farn\u00e9sio","twitter_card":"summary_large_image","twitter_misc":{"Escrito por":"Farn\u00e9sio","Est. tempo de leitura":"1 minuto"},"schema":{"@context":"https:\/\/schema.org","@graph":[{"@type":"Article","@id":"https:\/\/blogdofarnesio.com.br\/2020\/08\/o-time-de-flamber-aumenta-nos-quatro-cantos-de-curaca\/#article","isPartOf":{"@id":"https:\/\/blogdofarnesio.com.br\/2020\/08\/o-time-de-flamber-aumenta-nos-quatro-cantos-de-curaca\/"},"author":{"name":"Farn\u00e9sio","@id":"https:\/\/blogdofarnesio.com.br\/#\/schema\/person\/301c4acf522bccbfdb45af95b5b906a1"},"headline":"O TIME DE FLAMBER AUMENTA NOS QUATRO CANTOS DE CURA\u00c7\u00c1","datePublished":"2020-08-19T10:43:08+00:00","dateModified":"2020-08-19T12:17:32+00:00","mainEntityOfPage":{"@id":"https:\/\/blogdofarnesio.com.br\/2020\/08\/o-time-de-flamber-aumenta-nos-quatro-cantos-de-curaca\/"},"wordCount":210,"publisher":{"@id":"https:\/\/blogdofarnesio.com.br\/#organization"},"image":{"@id":"https:\/\/blogdofarnesio.com.br\/2020\/08\/o-time-de-flamber-aumenta-nos-quatro-cantos-de-curaca\/#primaryimage"},"thumbnailUrl":"https:\/\/blogdofarnesio.com.br\/wp-content\/uploads\/2020\/08\/blogqspcuraca-flambinho-e1597781073562.jpg","articleSection":["Cidades"],"inLanguage":"pt-BR"},{"@type":"WebPage","@id":"https:\/\/blogdofarnesio.com.br\/2020\/08\/o-time-de-flamber-aumenta-nos-quatro-cantos-de-curaca\/","url":"https:\/\/blogdofarnesio.com.br\/2020\/08\/o-time-de-flamber-aumenta-nos-quatro-cantos-de-curaca\/","name":"O TIME DE FLAMBER AUMENTA NOS QUATRO CANTOS DE CURA\u00c7\u00c1 - Blog do Farn\u00e9sio","isPartOf":{"@id":"https:\/\/blogdofarnesio.com.br\/#website"},"primaryImageOfPage":{"@id":"https:\/\/blogdofarnesio.com.br\/2020\/08\/o-time-de-flamber-aumenta-nos-quatro-cantos-de-curaca\/#primaryimage"},"image":{"@id":"https:\/\/blogdofarnesio.com.br\/2020\/08\/o-time-de-flamber-aumenta-nos-quatro-cantos-de-curaca\/#primaryimage"},"thumbnailUrl":"https:\/\/blogdofarnesio.com.br\/wp-content\/uploads\/2020\/08\/blogqspcuraca-flambinho-e1597781073562.jpg","datePublished":"2020-08-19T10:43:08+00:00","dateModified":"2020-08-19T12:17:32+00:00","breadcrumb":{"@id":"https:\/\/blogdofarnesio.com.br\/2020\/08\/o-time-de-flamber-aumenta-nos-quatro-cantos-de-curaca\/#breadcrumb"},"inLanguage":"pt-BR","potentialAction":[{"@type":"ReadAction","target":["https:\/\/blogdofarnesio.com.br\/2020\/08\/o-time-de-flamber-aumenta-nos-quatro-cantos-de-curaca\/"]}]},{"@type":"ImageObject","inLanguage":"pt-BR","@id":"https:\/\/blogdofarnesio.com.br\/2020\/08\/o-time-de-flamber-aumenta-nos-quatro-cantos-de-curaca\/#primaryimage","url":"https:\/\/blogdofarnesio.com.br\/wp-content\/uploads\/2020\/08\/blogqspcuraca-flambinho-e1597781073562.jpg","contentUrl":"https:\/\/blogdofarnesio.com.br\/wp-content\/uploads\/2020\/08\/blogqspcuraca-flambinho-e1597781073562.jpg","width":687,"height":493},{"@type":"BreadcrumbList","@id":"https:\/\/blogdofarnesio.com.br\/2020\/08\/o-time-de-flamber-aumenta-nos-quatro-cantos-de-curaca\/#breadcrumb","itemListElement":[{"@type":"ListItem","position":1,"name":"In\u00edcio","item":"https:\/\/blogdofarnesio.com.br\/"},{"@type":"ListItem","position":2,"name":"O TIME DE FLAMBER AUMENTA NOS QUATRO CANTOS DE CURA\u00c7\u00c1"}]},{"@type":"WebSite","@id":"https:\/\/blogdofarnesio.com.br\/#website","url":"https:\/\/blogdofarnesio.com.br\/","name":"Blog do Farn\u00e9sio","description":"Quer Saber Pol\u00edtica?","publisher":{"@id":"https:\/\/blogdofarnesio.com.br\/#organization"},"potentialAction":[{"@type":"SearchAction","target":{"@type":"EntryPoint","urlTemplate":"https:\/\/blogdofarnesio.com.br\/?s={search_term_string}"},"query-input":{"@type":"PropertyValueSpecification","valueRequired":true,"valueName":"search_term_string"}}],"inLanguage":"pt-BR"},{"@type":"Organization","@id":"https:\/\/blogdofarnesio.com.br\/#organization","name":"Blog do Farn\u00e9sio","url":"https:\/\/blogdofarnesio.com.br\/","logo":{"@type":"ImageObject","inLanguage":"pt-BR","@id":"https:\/\/blogdofarnesio.com.br\/#\/schema\/logo\/image\/","url":"https:\/\/blogdofarnesio.com.br\/wp-content\/uploads\/2026\/03\/cropped-logo_new-1.png","contentUrl":"https:\/\/blogdofarnesio.com.br\/wp-content\/uploads\/2026\/03\/cropped-logo_new-1.png","width":881,"height":685,"caption":"Blog do Farn\u00e9sio"},"image":{"@id":"https:\/\/blogdofarnesio.com.br\/#\/schema\/logo\/image\/"},"sameAs":["https:\/\/www.facebook.com\/BlogQuerSaberPolitica\/"]},{"@type":"Person","@id":"https:\/\/blogdofarnesio.com.br\/#\/schema\/person\/301c4acf522bccbfdb45af95b5b906a1","name":"Farn\u00e9sio","image":{"@type":"ImageObject","inLanguage":"pt-BR","@id":"https:\/\/secure.gravatar.com\/avatar\/df0c9a14567c056f8ad6876ba5bbd1e3e2c48023eb6807342fc4663adf549f38?s=96&d=mm&r=g","url":"https:\/\/secure.gravatar.com\/avatar\/df0c9a14567c056f8ad6876ba5bbd1e3e2c48023eb6807342fc4663adf549f38?s=96&d=mm&r=g","contentUrl":"https:\/\/secure.gravatar.com\/avatar\/df0c9a14567c056f8ad6876ba5bbd1e3e2c48023eb6807342fc4663adf549f38?s=96&d=mm&r=g","caption":"Farn\u00e9sio"},"sameAs":["https:\/\/quersaberpolitica.com.br"],"url":"https:\/\/blogdofarnesio.com.br\/author\/farnesio\/"}]}},"_links":{"self":[{"href":"https:\/\/blogdofarnesio.com.br\/wp-json\/wp\/v2\/posts\/265295","targetHints":{"allow":["GET"]}}],"collection":[{"href":"https:\/\/blogdofarnesio.com.br\/wp-json\/wp\/v2\/posts"}],"about":[{"href":"https:\/\/blogdofarnesio.com.br\/wp-json\/wp\/v2\/types\/post"}],"author":[{"embeddable":true,"href":"https:\/\/blogdofarnesio.com.br\/wp-json\/wp\/v2\/users\/1"}],"replies":[{"embeddable":true,"href":"https:\/\/blogdofarnesio.com.br\/wp-json\/wp\/v2\/comments?post=265295"}],"version-history":[{"count":0,"href":"https:\/\/blogdofarnesio.com.br\/wp-json\/wp\/v2\/posts\/265295\/revisions"}],"wp:featuredmedia":[{"embeddable":true,"href":"https:\/\/blogdofarnesio.com.br\/wp-json\/wp\/v2\/media\/265296"}],"wp:attachment":[{"href":"https:\/\/blogdofarnesio.com.br\/wp-json\/wp\/v2\/media?parent=265295"}],"wp:term":[{"taxonomy":"category","embeddable":true,"href":"https:\/\/blogdofarnesio.com.br\/wp-json\/wp\/v2\/categories?post=265295"},{"taxonomy":"post_tag","embeddable":true,"href":"https:\/\/blogdofarnesio.com.br\/wp-json\/wp\/v2\/tags?post=265295"}],"curies":[{"name":"wp","href":"https:\/\/api.w.org\/{rel}","templated":true}]}}