{"id":264905,"date":"2020-08-14T14:21:52","date_gmt":"2020-08-14T17:21:52","guid":{"rendered":"http:\/\/quersaberpolitica.com.br\/2016\/?p=264905"},"modified":"2020-08-14T09:49:07","modified_gmt":"2020-08-14T12:49:07","slug":"saude-e-educacao-de-dormentes-foram-destaque-em-todo-o-estado-nos-ultimos-tres-anos","status":"publish","type":"post","link":"https:\/\/blogdofarnesio.com.br\/?p=264905","title":{"rendered":"SA\u00daDE E EDUCA\u00c7\u00c3O DE DORMENTES FORAM DESTAQUE EM TODO O ESTADO NOS \u00daLTIMOS TR\u00caS ANOS"},"content":{"rendered":"<p dir=\"ltr\">Quando o assunto \u00e9 educa\u00e7\u00e3o e sa\u00fade Dormentes \u00e9 nota 10. O munic\u00edpio pernambucano tem sido destaque em todo o Estado como a melhor educa\u00e7\u00e3o nos anos iniciais, finais e no Enem, al\u00e9m de ter um dos melhores \u00edndices de sa\u00fade do interior de Pernambuco, com programas voltados a preven\u00e7\u00e3o e cuidados tanto na sede quanto no interior.<\/p>\n<p dir=\"ltr\">Nos \u00faltimos tr\u00eas anos, a Prefeitura de Dormentes criou programas e refor\u00e7ou a\u00e7\u00f5es importantes na sa\u00fade como: Consultas peri\u00f3dicas com m\u00e9dicos especialistas; Atendimento Noturno em todas as unidades b\u00e1sicas e Mutir\u00f5es de Sa\u00fade em comunidades afastadas; USG no Interior com exames de ultrassonografia na zona rural; Moderniza\u00e7\u00e3o do Hospital Municipal com ventiladores mec\u00e2nicos, equipamentos modernos e canaliza\u00e7\u00e3o do oxig\u00eanio; Entrega de novas Unidades B\u00e1sicas para os bairros Francisco Coelho de Macedo, Francisca Irene e distrito de Lagoas al\u00e9m da reforma das unidades de Monte Orebe, Caatinga Grande e Sede 1; Farm\u00e1cia Popular de Pernambuco que entrega rem\u00e9dios de uso cont\u00ednuo gratuitamente para os dormentenses; Abertura do 1\u00ba Centro de Aten\u00e7\u00e3o Psicossocial (CAPS) e muitas outras a\u00e7\u00f5es que fazem da sa\u00fade de Dormentes, uma das melhores do interior do Estado.<\/p>\n<p dir=\"ltr\">Na educa\u00e7\u00e3o teve: Implanta\u00e7\u00e3o do Polo Universit\u00e1rio com os primeiros cursos de gradua\u00e7\u00e3o e p\u00f3s gradua\u00e7\u00e3o da hist\u00f3ria do munic\u00edpio; Cria\u00e7\u00e3o do N\u00facleo de Apoio Psicopedag\u00f3gico (NUPE); Amplia\u00e7\u00e3o da Escola Francisco Coelho e conclus\u00e3o das escolas de S\u00e3o Domingos, Mudubim, Morrinhos e da Creche Municipal; Reforma da Biblioteca Municipal; Valoriza\u00e7\u00e3o do professor com investimento em Forma\u00e7\u00e3o Continuada; Curso Reda\u00e7\u00e3o Enem: Escrevendo conquistas com curso preparat\u00f3rio BIOS gratuito para estudantes da rede p\u00fablica; Eleva\u00e7\u00e3o dos \u00edndices educacionais e muitas outras a\u00e7\u00f5es que garantiram mais educa\u00e7\u00e3o para os dormentenses.\u00a0<b><\/b><\/p>\n<p dir=\"ltr\"><b>DURANTE A PANDEMIA:\u00a0<\/b><\/p>\n<p dir=\"ltr\">A Secretaria de Educa\u00e7\u00e3o realiza simulados online, videoaulas, conta\u00e7\u00e3o de hist\u00f3rias e grupos no Whatsapp para atender aos estudantes que possuem acesso \u00e0 internet. Para as fam\u00edlias que n\u00e3o t\u00eam esse acesso, t\u00eam material impresso em todas as modalidades. Na sa\u00fade a Secretaria intensificou os cuidados e criou novos protocolos para o enfrentamento da Covid-19. \u201cCom a pandemia foi preciso nos reinventar para garantir que o trabalho que est\u00e1vamos realizando tanto na sa\u00fade, quando na educa\u00e7\u00e3o sigam da melhor forma. Ent\u00e3o refor\u00e7amos os protocolos b\u00e1sicos, testamos mais de 30% da nossa popula\u00e7\u00e3o e continuamos com as testagens e cuidados essenciais. Tudo para garantir o melhor para o nosso povo\u201d, afirma a prefeita, Josimara Cavalcanti.<\/p>\n<p><span id=\"m_-9008866771551961013gmail-docs-internal-guid-3eb2e687-7fff-cb8d-eeab-966be91acdc1\"><\/span><b><br \/>\nAssessoria de Comunica\u00e7\u00e3o da Prefeitura de Dormentes\u00a0<\/b><\/p>\n","protected":false},"excerpt":{"rendered":"<p>Quando o assunto \u00e9 educa\u00e7\u00e3o e sa\u00fade Dormentes \u00e9 nota 10. O munic\u00edpio pernambucano tem sido destaque em todo o Estado como a melhor educa\u00e7\u00e3o nos anos iniciais, finais e no Enem, al\u00e9m de ter um dos melhores \u00edndices de sa\u00fade do interior de Pernambuco, com programas voltados a preven\u00e7\u00e3o e cuidados tanto na sede quanto no interior. Nos \u00faltimos tr\u00eas anos, a Prefeitura de Dormentes criou programas e refor\u00e7ou a\u00e7\u00f5es importantes na sa\u00fade como: Consultas peri\u00f3dicas com m\u00e9dicos especialistas; Atendimento Noturno em todas as unidades b\u00e1sicas e Mutir\u00f5es de Sa\u00fade em comunidades afastadas; USG no Interior com exames de ultrassonografia na zona rural; Moderniza\u00e7\u00e3o do Hospital Municipal com ventiladores mec\u00e2nicos, equipamentos modernos e canaliza\u00e7\u00e3o do oxig\u00eanio; Entrega de novas&hellip; <\/p>\n","protected":false},"author":1,"featured_media":264906,"comment_status":"closed","ping_status":"closed","sticky":false,"template":"","format":"standard","meta":{"_acf_changed":false,"footnotes":""},"categories":[27],"tags":[],"class_list":["post-264905","post","type-post","status-publish","format-standard","has-post-thumbnail","hentry","category-cidades"],"acf":[],"yoast_head":"<!-- This site is optimized with the Yoast SEO plugin v27.4 - https:\/\/yoast.com\/product\/yoast-seo-wordpress\/ -->\n<title>SA\u00daDE E EDUCA\u00c7\u00c3O DE DORMENTES FORAM DESTAQUE EM TODO O ESTADO NOS \u00daLTIMOS TR\u00caS ANOS - Blog do Farn\u00e9sio<\/title>\n<meta name=\"robots\" content=\"index, follow, max-snippet:-1, max-image-preview:large, max-video-preview:-1\" \/>\n<link rel=\"canonical\" href=\"https:\/\/blogdofarnesio.com.br\/?p=264905\" \/>\n<meta property=\"og:locale\" content=\"pt_BR\" \/>\n<meta property=\"og:type\" content=\"article\" \/>\n<meta property=\"og:title\" content=\"SA\u00daDE E EDUCA\u00c7\u00c3O DE DORMENTES FORAM DESTAQUE EM TODO O ESTADO NOS \u00daLTIMOS TR\u00caS ANOS - Blog do Farn\u00e9sio\" \/>\n<meta property=\"og:description\" content=\"Quando o assunto \u00e9 educa\u00e7\u00e3o e sa\u00fade Dormentes \u00e9 nota 10. O munic\u00edpio pernambucano tem sido destaque em todo o Estado como a melhor educa\u00e7\u00e3o nos anos iniciais, finais e no Enem, al\u00e9m de ter um dos melhores \u00edndices de sa\u00fade do interior de Pernambuco, com programas voltados a preven\u00e7\u00e3o e cuidados tanto na sede quanto no interior. Nos \u00faltimos tr\u00eas anos, a Prefeitura de Dormentes criou programas e refor\u00e7ou a\u00e7\u00f5es importantes na sa\u00fade como: Consultas peri\u00f3dicas com m\u00e9dicos especialistas; Atendimento Noturno em todas as unidades b\u00e1sicas e Mutir\u00f5es de Sa\u00fade em comunidades afastadas; USG no Interior com exames de ultrassonografia na zona rural; Moderniza\u00e7\u00e3o do Hospital Municipal com ventiladores mec\u00e2nicos, equipamentos modernos e canaliza\u00e7\u00e3o do oxig\u00eanio; Entrega de novas&hellip;\" \/>\n<meta property=\"og:url\" content=\"https:\/\/blogdofarnesio.com.br\/?p=264905\" \/>\n<meta property=\"og:site_name\" content=\"Blog do Farn\u00e9sio\" \/>\n<meta property=\"article:publisher\" content=\"https:\/\/www.facebook.com\/BlogQuerSaberPolitica\/\" \/>\n<meta property=\"article:published_time\" content=\"2020-08-14T17:21:52+00:00\" \/>\n<meta property=\"og:image\" content=\"https:\/\/blogdofarnesio.com.br\/wp-content\/uploads\/2020\/08\/blogqspdormentes-PR\u00caMIOS-EDUCA\u00c7\u00c3O.jpeg\" \/>\n\t<meta property=\"og:image:width\" content=\"750\" \/>\n\t<meta property=\"og:image:height\" content=\"560\" \/>\n\t<meta property=\"og:image:type\" content=\"image\/jpeg\" \/>\n<meta name=\"author\" content=\"Farn\u00e9sio\" \/>\n<meta name=\"twitter:card\" content=\"summary_large_image\" \/>\n<meta name=\"twitter:label1\" content=\"Escrito por\" \/>\n\t<meta name=\"twitter:data1\" content=\"Farn\u00e9sio\" \/>\n\t<meta name=\"twitter:label2\" content=\"Est. tempo de leitura\" \/>\n\t<meta name=\"twitter:data2\" content=\"2 minutos\" \/>\n<script type=\"application\/ld+json\" class=\"yoast-schema-graph\">{\"@context\":\"https:\\\/\\\/schema.org\",\"@graph\":[{\"@type\":\"Article\",\"@id\":\"https:\\\/\\\/blogdofarnesio.com.br\\\/?p=264905#article\",\"isPartOf\":{\"@id\":\"https:\\\/\\\/blogdofarnesio.com.br\\\/?p=264905\"},\"author\":{\"name\":\"Farn\u00e9sio\",\"@id\":\"https:\\\/\\\/blogdofarnesio.com.br\\\/#\\\/schema\\\/person\\\/301c4acf522bccbfdb45af95b5b906a1\"},\"headline\":\"SA\u00daDE E EDUCA\u00c7\u00c3O DE DORMENTES FORAM DESTAQUE EM TODO O ESTADO NOS \u00daLTIMOS TR\u00caS ANOS\",\"datePublished\":\"2020-08-14T17:21:52+00:00\",\"mainEntityOfPage\":{\"@id\":\"https:\\\/\\\/blogdofarnesio.com.br\\\/?p=264905\"},\"wordCount\":475,\"publisher\":{\"@id\":\"https:\\\/\\\/blogdofarnesio.com.br\\\/#organization\"},\"image\":{\"@id\":\"https:\\\/\\\/blogdofarnesio.com.br\\\/?p=264905#primaryimage\"},\"thumbnailUrl\":\"https:\\\/\\\/blogdofarnesio.com.br\\\/wp-content\\\/uploads\\\/2020\\\/08\\\/blogqspdormentes-PR\u00caMIOS-EDUCA\u00c7\u00c3O.jpeg\",\"articleSection\":[\"Cidades\"],\"inLanguage\":\"pt-BR\"},{\"@type\":\"WebPage\",\"@id\":\"https:\\\/\\\/blogdofarnesio.com.br\\\/?p=264905\",\"url\":\"https:\\\/\\\/blogdofarnesio.com.br\\\/?p=264905\",\"name\":\"SA\u00daDE E EDUCA\u00c7\u00c3O DE DORMENTES FORAM DESTAQUE EM TODO O ESTADO NOS \u00daLTIMOS TR\u00caS ANOS - Blog do Farn\u00e9sio\",\"isPartOf\":{\"@id\":\"https:\\\/\\\/blogdofarnesio.com.br\\\/#website\"},\"primaryImageOfPage\":{\"@id\":\"https:\\\/\\\/blogdofarnesio.com.br\\\/?p=264905#primaryimage\"},\"image\":{\"@id\":\"https:\\\/\\\/blogdofarnesio.com.br\\\/?p=264905#primaryimage\"},\"thumbnailUrl\":\"https:\\\/\\\/blogdofarnesio.com.br\\\/wp-content\\\/uploads\\\/2020\\\/08\\\/blogqspdormentes-PR\u00caMIOS-EDUCA\u00c7\u00c3O.jpeg\",\"datePublished\":\"2020-08-14T17:21:52+00:00\",\"breadcrumb\":{\"@id\":\"https:\\\/\\\/blogdofarnesio.com.br\\\/?p=264905#breadcrumb\"},\"inLanguage\":\"pt-BR\",\"potentialAction\":[{\"@type\":\"ReadAction\",\"target\":[\"https:\\\/\\\/blogdofarnesio.com.br\\\/?p=264905\"]}]},{\"@type\":\"ImageObject\",\"inLanguage\":\"pt-BR\",\"@id\":\"https:\\\/\\\/blogdofarnesio.com.br\\\/?p=264905#primaryimage\",\"url\":\"https:\\\/\\\/blogdofarnesio.com.br\\\/wp-content\\\/uploads\\\/2020\\\/08\\\/blogqspdormentes-PR\u00caMIOS-EDUCA\u00c7\u00c3O.jpeg\",\"contentUrl\":\"https:\\\/\\\/blogdofarnesio.com.br\\\/wp-content\\\/uploads\\\/2020\\\/08\\\/blogqspdormentes-PR\u00caMIOS-EDUCA\u00c7\u00c3O.jpeg\",\"width\":750,\"height\":560},{\"@type\":\"BreadcrumbList\",\"@id\":\"https:\\\/\\\/blogdofarnesio.com.br\\\/?p=264905#breadcrumb\",\"itemListElement\":[{\"@type\":\"ListItem\",\"position\":1,\"name\":\"In\u00edcio\",\"item\":\"https:\\\/\\\/blogdofarnesio.com.br\\\/\"},{\"@type\":\"ListItem\",\"position\":2,\"name\":\"SA\u00daDE E EDUCA\u00c7\u00c3O DE DORMENTES FORAM DESTAQUE EM TODO O ESTADO NOS \u00daLTIMOS TR\u00caS ANOS\"}]},{\"@type\":\"WebSite\",\"@id\":\"https:\\\/\\\/blogdofarnesio.com.br\\\/#website\",\"url\":\"https:\\\/\\\/blogdofarnesio.com.br\\\/\",\"name\":\"Blog do Farn\u00e9sio\",\"description\":\"Quer Saber Pol\u00edtica?\",\"publisher\":{\"@id\":\"https:\\\/\\\/blogdofarnesio.com.br\\\/#organization\"},\"potentialAction\":[{\"@type\":\"SearchAction\",\"target\":{\"@type\":\"EntryPoint\",\"urlTemplate\":\"https:\\\/\\\/blogdofarnesio.com.br\\\/?s={search_term_string}\"},\"query-input\":{\"@type\":\"PropertyValueSpecification\",\"valueRequired\":true,\"valueName\":\"search_term_string\"}}],\"inLanguage\":\"pt-BR\"},{\"@type\":\"Organization\",\"@id\":\"https:\\\/\\\/blogdofarnesio.com.br\\\/#organization\",\"name\":\"Blog do Farn\u00e9sio\",\"url\":\"https:\\\/\\\/blogdofarnesio.com.br\\\/\",\"logo\":{\"@type\":\"ImageObject\",\"inLanguage\":\"pt-BR\",\"@id\":\"https:\\\/\\\/blogdofarnesio.com.br\\\/#\\\/schema\\\/logo\\\/image\\\/\",\"url\":\"https:\\\/\\\/blogdofarnesio.com.br\\\/wp-content\\\/uploads\\\/2026\\\/03\\\/cropped-logo_new-1.png\",\"contentUrl\":\"https:\\\/\\\/blogdofarnesio.com.br\\\/wp-content\\\/uploads\\\/2026\\\/03\\\/cropped-logo_new-1.png\",\"width\":881,\"height\":685,\"caption\":\"Blog do Farn\u00e9sio\"},\"image\":{\"@id\":\"https:\\\/\\\/blogdofarnesio.com.br\\\/#\\\/schema\\\/logo\\\/image\\\/\"},\"sameAs\":[\"https:\\\/\\\/www.facebook.com\\\/BlogQuerSaberPolitica\\\/\"]},{\"@type\":\"Person\",\"@id\":\"https:\\\/\\\/blogdofarnesio.com.br\\\/#\\\/schema\\\/person\\\/301c4acf522bccbfdb45af95b5b906a1\",\"name\":\"Farn\u00e9sio\",\"image\":{\"@type\":\"ImageObject\",\"inLanguage\":\"pt-BR\",\"@id\":\"https:\\\/\\\/secure.gravatar.com\\\/avatar\\\/df0c9a14567c056f8ad6876ba5bbd1e3e2c48023eb6807342fc4663adf549f38?s=96&d=mm&r=g\",\"url\":\"https:\\\/\\\/secure.gravatar.com\\\/avatar\\\/df0c9a14567c056f8ad6876ba5bbd1e3e2c48023eb6807342fc4663adf549f38?s=96&d=mm&r=g\",\"contentUrl\":\"https:\\\/\\\/secure.gravatar.com\\\/avatar\\\/df0c9a14567c056f8ad6876ba5bbd1e3e2c48023eb6807342fc4663adf549f38?s=96&d=mm&r=g\",\"caption\":\"Farn\u00e9sio\"},\"sameAs\":[\"https:\\\/\\\/quersaberpolitica.com.br\"],\"url\":\"https:\\\/\\\/blogdofarnesio.com.br\\\/?author=1\"}]}<\/script>\n<!-- \/ Yoast SEO plugin. -->","yoast_head_json":{"title":"SA\u00daDE E EDUCA\u00c7\u00c3O DE DORMENTES FORAM DESTAQUE EM TODO O ESTADO NOS \u00daLTIMOS TR\u00caS ANOS - Blog do Farn\u00e9sio","robots":{"index":"index","follow":"follow","max-snippet":"max-snippet:-1","max-image-preview":"max-image-preview:large","max-video-preview":"max-video-preview:-1"},"canonical":"https:\/\/blogdofarnesio.com.br\/?p=264905","og_locale":"pt_BR","og_type":"article","og_title":"SA\u00daDE E EDUCA\u00c7\u00c3O DE DORMENTES FORAM DESTAQUE EM TODO O ESTADO NOS \u00daLTIMOS TR\u00caS ANOS - Blog do Farn\u00e9sio","og_description":"Quando o assunto \u00e9 educa\u00e7\u00e3o e sa\u00fade Dormentes \u00e9 nota 10. O munic\u00edpio pernambucano tem sido destaque em todo o Estado como a melhor educa\u00e7\u00e3o nos anos iniciais, finais e no Enem, al\u00e9m de ter um dos melhores \u00edndices de sa\u00fade do interior de Pernambuco, com programas voltados a preven\u00e7\u00e3o e cuidados tanto na sede quanto no interior. Nos \u00faltimos tr\u00eas anos, a Prefeitura de Dormentes criou programas e refor\u00e7ou a\u00e7\u00f5es importantes na sa\u00fade como: Consultas peri\u00f3dicas com m\u00e9dicos especialistas; Atendimento Noturno em todas as unidades b\u00e1sicas e Mutir\u00f5es de Sa\u00fade em comunidades afastadas; USG no Interior com exames de ultrassonografia na zona rural; Moderniza\u00e7\u00e3o do Hospital Municipal com ventiladores mec\u00e2nicos, equipamentos modernos e canaliza\u00e7\u00e3o do oxig\u00eanio; Entrega de novas&hellip;","og_url":"https:\/\/blogdofarnesio.com.br\/?p=264905","og_site_name":"Blog do Farn\u00e9sio","article_publisher":"https:\/\/www.facebook.com\/BlogQuerSaberPolitica\/","article_published_time":"2020-08-14T17:21:52+00:00","og_image":[{"width":750,"height":560,"url":"https:\/\/blogdofarnesio.com.br\/wp-content\/uploads\/2020\/08\/blogqspdormentes-PR\u00caMIOS-EDUCA\u00c7\u00c3O.jpeg","type":"image\/jpeg"}],"author":"Farn\u00e9sio","twitter_card":"summary_large_image","twitter_misc":{"Escrito por":"Farn\u00e9sio","Est. tempo de leitura":"2 minutos"},"schema":{"@context":"https:\/\/schema.org","@graph":[{"@type":"Article","@id":"https:\/\/blogdofarnesio.com.br\/?p=264905#article","isPartOf":{"@id":"https:\/\/blogdofarnesio.com.br\/?p=264905"},"author":{"name":"Farn\u00e9sio","@id":"https:\/\/blogdofarnesio.com.br\/#\/schema\/person\/301c4acf522bccbfdb45af95b5b906a1"},"headline":"SA\u00daDE E EDUCA\u00c7\u00c3O DE DORMENTES FORAM DESTAQUE EM TODO O ESTADO NOS \u00daLTIMOS TR\u00caS ANOS","datePublished":"2020-08-14T17:21:52+00:00","mainEntityOfPage":{"@id":"https:\/\/blogdofarnesio.com.br\/?p=264905"},"wordCount":475,"publisher":{"@id":"https:\/\/blogdofarnesio.com.br\/#organization"},"image":{"@id":"https:\/\/blogdofarnesio.com.br\/?p=264905#primaryimage"},"thumbnailUrl":"https:\/\/blogdofarnesio.com.br\/wp-content\/uploads\/2020\/08\/blogqspdormentes-PR\u00caMIOS-EDUCA\u00c7\u00c3O.jpeg","articleSection":["Cidades"],"inLanguage":"pt-BR"},{"@type":"WebPage","@id":"https:\/\/blogdofarnesio.com.br\/?p=264905","url":"https:\/\/blogdofarnesio.com.br\/?p=264905","name":"SA\u00daDE E EDUCA\u00c7\u00c3O DE DORMENTES FORAM DESTAQUE EM TODO O ESTADO NOS \u00daLTIMOS TR\u00caS ANOS - Blog do Farn\u00e9sio","isPartOf":{"@id":"https:\/\/blogdofarnesio.com.br\/#website"},"primaryImageOfPage":{"@id":"https:\/\/blogdofarnesio.com.br\/?p=264905#primaryimage"},"image":{"@id":"https:\/\/blogdofarnesio.com.br\/?p=264905#primaryimage"},"thumbnailUrl":"https:\/\/blogdofarnesio.com.br\/wp-content\/uploads\/2020\/08\/blogqspdormentes-PR\u00caMIOS-EDUCA\u00c7\u00c3O.jpeg","datePublished":"2020-08-14T17:21:52+00:00","breadcrumb":{"@id":"https:\/\/blogdofarnesio.com.br\/?p=264905#breadcrumb"},"inLanguage":"pt-BR","potentialAction":[{"@type":"ReadAction","target":["https:\/\/blogdofarnesio.com.br\/?p=264905"]}]},{"@type":"ImageObject","inLanguage":"pt-BR","@id":"https:\/\/blogdofarnesio.com.br\/?p=264905#primaryimage","url":"https:\/\/blogdofarnesio.com.br\/wp-content\/uploads\/2020\/08\/blogqspdormentes-PR\u00caMIOS-EDUCA\u00c7\u00c3O.jpeg","contentUrl":"https:\/\/blogdofarnesio.com.br\/wp-content\/uploads\/2020\/08\/blogqspdormentes-PR\u00caMIOS-EDUCA\u00c7\u00c3O.jpeg","width":750,"height":560},{"@type":"BreadcrumbList","@id":"https:\/\/blogdofarnesio.com.br\/?p=264905#breadcrumb","itemListElement":[{"@type":"ListItem","position":1,"name":"In\u00edcio","item":"https:\/\/blogdofarnesio.com.br\/"},{"@type":"ListItem","position":2,"name":"SA\u00daDE E EDUCA\u00c7\u00c3O DE DORMENTES FORAM DESTAQUE EM TODO O ESTADO NOS \u00daLTIMOS TR\u00caS ANOS"}]},{"@type":"WebSite","@id":"https:\/\/blogdofarnesio.com.br\/#website","url":"https:\/\/blogdofarnesio.com.br\/","name":"Blog do Farn\u00e9sio","description":"Quer Saber Pol\u00edtica?","publisher":{"@id":"https:\/\/blogdofarnesio.com.br\/#organization"},"potentialAction":[{"@type":"SearchAction","target":{"@type":"EntryPoint","urlTemplate":"https:\/\/blogdofarnesio.com.br\/?s={search_term_string}"},"query-input":{"@type":"PropertyValueSpecification","valueRequired":true,"valueName":"search_term_string"}}],"inLanguage":"pt-BR"},{"@type":"Organization","@id":"https:\/\/blogdofarnesio.com.br\/#organization","name":"Blog do Farn\u00e9sio","url":"https:\/\/blogdofarnesio.com.br\/","logo":{"@type":"ImageObject","inLanguage":"pt-BR","@id":"https:\/\/blogdofarnesio.com.br\/#\/schema\/logo\/image\/","url":"https:\/\/blogdofarnesio.com.br\/wp-content\/uploads\/2026\/03\/cropped-logo_new-1.png","contentUrl":"https:\/\/blogdofarnesio.com.br\/wp-content\/uploads\/2026\/03\/cropped-logo_new-1.png","width":881,"height":685,"caption":"Blog do Farn\u00e9sio"},"image":{"@id":"https:\/\/blogdofarnesio.com.br\/#\/schema\/logo\/image\/"},"sameAs":["https:\/\/www.facebook.com\/BlogQuerSaberPolitica\/"]},{"@type":"Person","@id":"https:\/\/blogdofarnesio.com.br\/#\/schema\/person\/301c4acf522bccbfdb45af95b5b906a1","name":"Farn\u00e9sio","image":{"@type":"ImageObject","inLanguage":"pt-BR","@id":"https:\/\/secure.gravatar.com\/avatar\/df0c9a14567c056f8ad6876ba5bbd1e3e2c48023eb6807342fc4663adf549f38?s=96&d=mm&r=g","url":"https:\/\/secure.gravatar.com\/avatar\/df0c9a14567c056f8ad6876ba5bbd1e3e2c48023eb6807342fc4663adf549f38?s=96&d=mm&r=g","contentUrl":"https:\/\/secure.gravatar.com\/avatar\/df0c9a14567c056f8ad6876ba5bbd1e3e2c48023eb6807342fc4663adf549f38?s=96&d=mm&r=g","caption":"Farn\u00e9sio"},"sameAs":["https:\/\/quersaberpolitica.com.br"],"url":"https:\/\/blogdofarnesio.com.br\/?author=1"}]}},"_links":{"self":[{"href":"https:\/\/blogdofarnesio.com.br\/index.php?rest_route=\/wp\/v2\/posts\/264905","targetHints":{"allow":["GET"]}}],"collection":[{"href":"https:\/\/blogdofarnesio.com.br\/index.php?rest_route=\/wp\/v2\/posts"}],"about":[{"href":"https:\/\/blogdofarnesio.com.br\/index.php?rest_route=\/wp\/v2\/types\/post"}],"author":[{"embeddable":true,"href":"https:\/\/blogdofarnesio.com.br\/index.php?rest_route=\/wp\/v2\/users\/1"}],"replies":[{"embeddable":true,"href":"https:\/\/blogdofarnesio.com.br\/index.php?rest_route=%2Fwp%2Fv2%2Fcomments&post=264905"}],"version-history":[{"count":0,"href":"https:\/\/blogdofarnesio.com.br\/index.php?rest_route=\/wp\/v2\/posts\/264905\/revisions"}],"wp:featuredmedia":[{"embeddable":true,"href":"https:\/\/blogdofarnesio.com.br\/index.php?rest_route=\/wp\/v2\/media\/264906"}],"wp:attachment":[{"href":"https:\/\/blogdofarnesio.com.br\/index.php?rest_route=%2Fwp%2Fv2%2Fmedia&parent=264905"}],"wp:term":[{"taxonomy":"category","embeddable":true,"href":"https:\/\/blogdofarnesio.com.br\/index.php?rest_route=%2Fwp%2Fv2%2Fcategories&post=264905"},{"taxonomy":"post_tag","embeddable":true,"href":"https:\/\/blogdofarnesio.com.br\/index.php?rest_route=%2Fwp%2Fv2%2Ftags&post=264905"}],"curies":[{"name":"wp","href":"https:\/\/api.w.org\/{rel}","templated":true}]}}