{"id":264903,"date":"2020-08-14T07:42:48","date_gmt":"2020-08-14T10:42:48","guid":{"rendered":"http:\/\/quersaberpolitica.com.br\/2016\/?p=264903"},"modified":"2020-08-13T19:03:01","modified_gmt":"2020-08-13T22:03:01","slug":"227-familias-de-petrolina-terao-suas-vidas-mudadas-a-partir-de-hoje-com-o-recebimento-de-suas-moradias-no-residencial-novo-tempo","status":"publish","type":"post","link":"https:\/\/blogdofarnesio.com.br\/?p=264903","title":{"rendered":"227 fam\u00edlias de Petrolina ter\u00e3o suas vidas mudadas a partir de hoje com o recebimento de suas moradias no residencial novo tempo"},"content":{"rendered":"<p style=\"font-weight: 400;\">Est\u00e1 marcada para \u00e0s 16h desta sexta-feira (14) a entrega do Residencial do Novo Tempo 6. O conjunto habitacional vai beneficiar 227 fam\u00edlias que moram em ocupa\u00e7\u00f5es irregulares, \u00e1reas de risco ou insalubres. O ato contar\u00e1 com a participa\u00e7\u00e3o de cinco fam\u00edlias contempladas convidadas, al\u00e9m de representantes da administra\u00e7\u00e3o municipal e Caixa Econ\u00f4mica Federal, inclusive de Pedro Guimar\u00e3es, presidente da institui\u00e7\u00e3o financeira.<\/p>\n<p style=\"font-weight: 400;\">Para evitar aglomera\u00e7\u00f5es e garantir o cumprimento das medidas de preven\u00e7\u00e3o ao novo coronav\u00edrus, a solenidade n\u00e3o ser\u00e1 aberta ao p\u00fablico. Os demais sorteados na \u00faltima segunda-feira (10), devem aguardar o contato da Secretaria de Desenvolvimento Urbano e Habita\u00e7\u00e3o que, por telefone, vai agendar as vistorias e entrega das chaves com dia e hor\u00e1rio marcados.<\/p>\n<p style=\"font-weight: 400;\">O conjunto habitacional conveniado pelo munic\u00edpio, faz parte do programa \u2018Minha Casa, Minha Vida\u2019 do Governo Federal. O recurso investido na obra foi superior a R$ 18 milh\u00f5es. Cada im\u00f3vel tem \u00e1rea de 42m\u00b2, com sala, 2 quartos, banheiro, cozinha e \u00e1rea de servi\u00e7o. Todos s\u00e3o adapt\u00e1veis \u00e0s pessoas com defici\u00eancia. O equipamento ainda com pavimenta\u00e7\u00e3o, saneamento, ilumina\u00e7\u00e3o p\u00fablica, arboriza\u00e7\u00e3o, bancos, \u00e1rea de lazer com pista de caminhada, parque infantil, \u00e1rea para atividades f\u00edsicas, espa\u00e7o de conviv\u00eancia para pr\u00e1tica de jogos de mesa e quadra de areia.<\/p>\n<p>Fotos: Prefeitura de Petrolina<\/p>\n<p style=\"font-weight: 400;\">Texto:\u00a0Andr\u00e9a Meireles &#8211;\u00a0Assessora de Comunica\u00e7\u00e3o<\/p>\n","protected":false},"excerpt":{"rendered":"<p>Est\u00e1 marcada para \u00e0s 16h desta sexta-feira (14) a entrega do Residencial do Novo Tempo 6. O conjunto habitacional vai beneficiar 227 fam\u00edlias que moram em ocupa\u00e7\u00f5es irregulares, \u00e1reas de risco ou insalubres. O ato contar\u00e1 com a participa\u00e7\u00e3o de cinco fam\u00edlias contempladas convidadas, al\u00e9m de representantes da administra\u00e7\u00e3o municipal e Caixa Econ\u00f4mica Federal, inclusive de Pedro Guimar\u00e3es, presidente da institui\u00e7\u00e3o financeira. Para evitar aglomera\u00e7\u00f5es e garantir o cumprimento das medidas de preven\u00e7\u00e3o ao novo coronav\u00edrus, a solenidade n\u00e3o ser\u00e1 aberta ao p\u00fablico. Os demais sorteados na \u00faltima segunda-feira (10), devem aguardar o contato da Secretaria de Desenvolvimento Urbano e Habita\u00e7\u00e3o que, por telefone, vai agendar as vistorias e entrega das chaves com dia e hor\u00e1rio marcados. O conjunto habitacional&hellip; <\/p>\n","protected":false},"author":1,"featured_media":264455,"comment_status":"closed","ping_status":"closed","sticky":false,"template":"","format":"standard","meta":{"_acf_changed":false,"footnotes":""},"categories":[22],"tags":[],"class_list":["post-264903","post","type-post","status-publish","format-standard","has-post-thumbnail","hentry","category-acao-social"],"acf":[],"yoast_head":"<!-- This site is optimized with the Yoast SEO plugin v27.4 - https:\/\/yoast.com\/product\/yoast-seo-wordpress\/ -->\n<title>227 fam\u00edlias de Petrolina ter\u00e3o suas vidas mudadas a partir de hoje com o recebimento de suas moradias no residencial novo tempo - Blog do Farn\u00e9sio<\/title>\n<meta name=\"robots\" content=\"index, follow, max-snippet:-1, max-image-preview:large, max-video-preview:-1\" \/>\n<link rel=\"canonical\" href=\"https:\/\/blogdofarnesio.com.br\/?p=264903\" \/>\n<meta property=\"og:locale\" content=\"pt_BR\" \/>\n<meta property=\"og:type\" content=\"article\" \/>\n<meta property=\"og:title\" content=\"227 fam\u00edlias de Petrolina ter\u00e3o suas vidas mudadas a partir de hoje com o recebimento de suas moradias no residencial novo tempo - Blog do Farn\u00e9sio\" \/>\n<meta property=\"og:description\" content=\"Est\u00e1 marcada para \u00e0s 16h desta sexta-feira (14) a entrega do Residencial do Novo Tempo 6. O conjunto habitacional vai beneficiar 227 fam\u00edlias que moram em ocupa\u00e7\u00f5es irregulares, \u00e1reas de risco ou insalubres. O ato contar\u00e1 com a participa\u00e7\u00e3o de cinco fam\u00edlias contempladas convidadas, al\u00e9m de representantes da administra\u00e7\u00e3o municipal e Caixa Econ\u00f4mica Federal, inclusive de Pedro Guimar\u00e3es, presidente da institui\u00e7\u00e3o financeira. Para evitar aglomera\u00e7\u00f5es e garantir o cumprimento das medidas de preven\u00e7\u00e3o ao novo coronav\u00edrus, a solenidade n\u00e3o ser\u00e1 aberta ao p\u00fablico. Os demais sorteados na \u00faltima segunda-feira (10), devem aguardar o contato da Secretaria de Desenvolvimento Urbano e Habita\u00e7\u00e3o que, por telefone, vai agendar as vistorias e entrega das chaves com dia e hor\u00e1rio marcados. O conjunto habitacional&hellip;\" \/>\n<meta property=\"og:url\" content=\"https:\/\/blogdofarnesio.com.br\/?p=264903\" \/>\n<meta property=\"og:site_name\" content=\"Blog do Farn\u00e9sio\" \/>\n<meta property=\"article:publisher\" content=\"https:\/\/www.facebook.com\/BlogQuerSaberPolitica\/\" \/>\n<meta property=\"article:published_time\" content=\"2020-08-14T10:42:48+00:00\" \/>\n<meta property=\"og:image\" content=\"https:\/\/blogdofarnesio.com.br\/wp-content\/uploads\/2020\/08\/blogqsppet-res-novo-tempo-2-e1596978781968.jpeg\" \/>\n\t<meta property=\"og:image:width\" content=\"680\" \/>\n\t<meta property=\"og:image:height\" content=\"453\" \/>\n\t<meta property=\"og:image:type\" content=\"image\/jpeg\" \/>\n<meta name=\"author\" content=\"Farn\u00e9sio\" \/>\n<meta name=\"twitter:card\" content=\"summary_large_image\" \/>\n<meta name=\"twitter:label1\" content=\"Escrito por\" \/>\n\t<meta name=\"twitter:data1\" content=\"Farn\u00e9sio\" \/>\n\t<meta name=\"twitter:label2\" content=\"Est. tempo de leitura\" \/>\n\t<meta name=\"twitter:data2\" content=\"1 minuto\" \/>\n<script type=\"application\/ld+json\" class=\"yoast-schema-graph\">{\"@context\":\"https:\\\/\\\/schema.org\",\"@graph\":[{\"@type\":\"Article\",\"@id\":\"https:\\\/\\\/blogdofarnesio.com.br\\\/?p=264903#article\",\"isPartOf\":{\"@id\":\"https:\\\/\\\/blogdofarnesio.com.br\\\/?p=264903\"},\"author\":{\"name\":\"Farn\u00e9sio\",\"@id\":\"https:\\\/\\\/blogdofarnesio.com.br\\\/#\\\/schema\\\/person\\\/301c4acf522bccbfdb45af95b5b906a1\"},\"headline\":\"227 fam\u00edlias de Petrolina ter\u00e3o suas vidas mudadas a partir de hoje com o recebimento de suas moradias no residencial novo tempo\",\"datePublished\":\"2020-08-14T10:42:48+00:00\",\"mainEntityOfPage\":{\"@id\":\"https:\\\/\\\/blogdofarnesio.com.br\\\/?p=264903\"},\"wordCount\":265,\"publisher\":{\"@id\":\"https:\\\/\\\/blogdofarnesio.com.br\\\/#organization\"},\"image\":{\"@id\":\"https:\\\/\\\/blogdofarnesio.com.br\\\/?p=264903#primaryimage\"},\"thumbnailUrl\":\"https:\\\/\\\/blogdofarnesio.com.br\\\/wp-content\\\/uploads\\\/2020\\\/08\\\/blogqsppet-res-novo-tempo-2-e1596978781968.jpeg\",\"articleSection\":[\"A\u00e7\u00e3o Social\"],\"inLanguage\":\"pt-BR\"},{\"@type\":\"WebPage\",\"@id\":\"https:\\\/\\\/blogdofarnesio.com.br\\\/?p=264903\",\"url\":\"https:\\\/\\\/blogdofarnesio.com.br\\\/?p=264903\",\"name\":\"227 fam\u00edlias de Petrolina ter\u00e3o suas vidas mudadas a partir de hoje com o recebimento de suas moradias no residencial novo tempo - Blog do Farn\u00e9sio\",\"isPartOf\":{\"@id\":\"https:\\\/\\\/blogdofarnesio.com.br\\\/#website\"},\"primaryImageOfPage\":{\"@id\":\"https:\\\/\\\/blogdofarnesio.com.br\\\/?p=264903#primaryimage\"},\"image\":{\"@id\":\"https:\\\/\\\/blogdofarnesio.com.br\\\/?p=264903#primaryimage\"},\"thumbnailUrl\":\"https:\\\/\\\/blogdofarnesio.com.br\\\/wp-content\\\/uploads\\\/2020\\\/08\\\/blogqsppet-res-novo-tempo-2-e1596978781968.jpeg\",\"datePublished\":\"2020-08-14T10:42:48+00:00\",\"breadcrumb\":{\"@id\":\"https:\\\/\\\/blogdofarnesio.com.br\\\/?p=264903#breadcrumb\"},\"inLanguage\":\"pt-BR\",\"potentialAction\":[{\"@type\":\"ReadAction\",\"target\":[\"https:\\\/\\\/blogdofarnesio.com.br\\\/?p=264903\"]}]},{\"@type\":\"ImageObject\",\"inLanguage\":\"pt-BR\",\"@id\":\"https:\\\/\\\/blogdofarnesio.com.br\\\/?p=264903#primaryimage\",\"url\":\"https:\\\/\\\/blogdofarnesio.com.br\\\/wp-content\\\/uploads\\\/2020\\\/08\\\/blogqsppet-res-novo-tempo-2-e1596978781968.jpeg\",\"contentUrl\":\"https:\\\/\\\/blogdofarnesio.com.br\\\/wp-content\\\/uploads\\\/2020\\\/08\\\/blogqsppet-res-novo-tempo-2-e1596978781968.jpeg\",\"width\":680,\"height\":453},{\"@type\":\"BreadcrumbList\",\"@id\":\"https:\\\/\\\/blogdofarnesio.com.br\\\/?p=264903#breadcrumb\",\"itemListElement\":[{\"@type\":\"ListItem\",\"position\":1,\"name\":\"In\u00edcio\",\"item\":\"https:\\\/\\\/blogdofarnesio.com.br\\\/\"},{\"@type\":\"ListItem\",\"position\":2,\"name\":\"227 fam\u00edlias de Petrolina ter\u00e3o suas vidas mudadas a partir de hoje com o recebimento de suas moradias no residencial novo tempo\"}]},{\"@type\":\"WebSite\",\"@id\":\"https:\\\/\\\/blogdofarnesio.com.br\\\/#website\",\"url\":\"https:\\\/\\\/blogdofarnesio.com.br\\\/\",\"name\":\"Blog do Farn\u00e9sio\",\"description\":\"Quer Saber Pol\u00edtica?\",\"publisher\":{\"@id\":\"https:\\\/\\\/blogdofarnesio.com.br\\\/#organization\"},\"potentialAction\":[{\"@type\":\"SearchAction\",\"target\":{\"@type\":\"EntryPoint\",\"urlTemplate\":\"https:\\\/\\\/blogdofarnesio.com.br\\\/?s={search_term_string}\"},\"query-input\":{\"@type\":\"PropertyValueSpecification\",\"valueRequired\":true,\"valueName\":\"search_term_string\"}}],\"inLanguage\":\"pt-BR\"},{\"@type\":\"Organization\",\"@id\":\"https:\\\/\\\/blogdofarnesio.com.br\\\/#organization\",\"name\":\"Blog do Farn\u00e9sio\",\"url\":\"https:\\\/\\\/blogdofarnesio.com.br\\\/\",\"logo\":{\"@type\":\"ImageObject\",\"inLanguage\":\"pt-BR\",\"@id\":\"https:\\\/\\\/blogdofarnesio.com.br\\\/#\\\/schema\\\/logo\\\/image\\\/\",\"url\":\"https:\\\/\\\/blogdofarnesio.com.br\\\/wp-content\\\/uploads\\\/2026\\\/03\\\/cropped-logo_new-1.png\",\"contentUrl\":\"https:\\\/\\\/blogdofarnesio.com.br\\\/wp-content\\\/uploads\\\/2026\\\/03\\\/cropped-logo_new-1.png\",\"width\":881,\"height\":685,\"caption\":\"Blog do Farn\u00e9sio\"},\"image\":{\"@id\":\"https:\\\/\\\/blogdofarnesio.com.br\\\/#\\\/schema\\\/logo\\\/image\\\/\"},\"sameAs\":[\"https:\\\/\\\/www.facebook.com\\\/BlogQuerSaberPolitica\\\/\"]},{\"@type\":\"Person\",\"@id\":\"https:\\\/\\\/blogdofarnesio.com.br\\\/#\\\/schema\\\/person\\\/301c4acf522bccbfdb45af95b5b906a1\",\"name\":\"Farn\u00e9sio\",\"image\":{\"@type\":\"ImageObject\",\"inLanguage\":\"pt-BR\",\"@id\":\"https:\\\/\\\/secure.gravatar.com\\\/avatar\\\/df0c9a14567c056f8ad6876ba5bbd1e3e2c48023eb6807342fc4663adf549f38?s=96&d=mm&r=g\",\"url\":\"https:\\\/\\\/secure.gravatar.com\\\/avatar\\\/df0c9a14567c056f8ad6876ba5bbd1e3e2c48023eb6807342fc4663adf549f38?s=96&d=mm&r=g\",\"contentUrl\":\"https:\\\/\\\/secure.gravatar.com\\\/avatar\\\/df0c9a14567c056f8ad6876ba5bbd1e3e2c48023eb6807342fc4663adf549f38?s=96&d=mm&r=g\",\"caption\":\"Farn\u00e9sio\"},\"sameAs\":[\"https:\\\/\\\/quersaberpolitica.com.br\"],\"url\":\"https:\\\/\\\/blogdofarnesio.com.br\\\/?author=1\"}]}<\/script>\n<!-- \/ Yoast SEO plugin. -->","yoast_head_json":{"title":"227 fam\u00edlias de Petrolina ter\u00e3o suas vidas mudadas a partir de hoje com o recebimento de suas moradias no residencial novo tempo - Blog do Farn\u00e9sio","robots":{"index":"index","follow":"follow","max-snippet":"max-snippet:-1","max-image-preview":"max-image-preview:large","max-video-preview":"max-video-preview:-1"},"canonical":"https:\/\/blogdofarnesio.com.br\/?p=264903","og_locale":"pt_BR","og_type":"article","og_title":"227 fam\u00edlias de Petrolina ter\u00e3o suas vidas mudadas a partir de hoje com o recebimento de suas moradias no residencial novo tempo - Blog do Farn\u00e9sio","og_description":"Est\u00e1 marcada para \u00e0s 16h desta sexta-feira (14) a entrega do Residencial do Novo Tempo 6. O conjunto habitacional vai beneficiar 227 fam\u00edlias que moram em ocupa\u00e7\u00f5es irregulares, \u00e1reas de risco ou insalubres. O ato contar\u00e1 com a participa\u00e7\u00e3o de cinco fam\u00edlias contempladas convidadas, al\u00e9m de representantes da administra\u00e7\u00e3o municipal e Caixa Econ\u00f4mica Federal, inclusive de Pedro Guimar\u00e3es, presidente da institui\u00e7\u00e3o financeira. Para evitar aglomera\u00e7\u00f5es e garantir o cumprimento das medidas de preven\u00e7\u00e3o ao novo coronav\u00edrus, a solenidade n\u00e3o ser\u00e1 aberta ao p\u00fablico. Os demais sorteados na \u00faltima segunda-feira (10), devem aguardar o contato da Secretaria de Desenvolvimento Urbano e Habita\u00e7\u00e3o que, por telefone, vai agendar as vistorias e entrega das chaves com dia e hor\u00e1rio marcados. O conjunto habitacional&hellip;","og_url":"https:\/\/blogdofarnesio.com.br\/?p=264903","og_site_name":"Blog do Farn\u00e9sio","article_publisher":"https:\/\/www.facebook.com\/BlogQuerSaberPolitica\/","article_published_time":"2020-08-14T10:42:48+00:00","og_image":[{"width":680,"height":453,"url":"https:\/\/blogdofarnesio.com.br\/wp-content\/uploads\/2020\/08\/blogqsppet-res-novo-tempo-2-e1596978781968.jpeg","type":"image\/jpeg"}],"author":"Farn\u00e9sio","twitter_card":"summary_large_image","twitter_misc":{"Escrito por":"Farn\u00e9sio","Est. tempo de leitura":"1 minuto"},"schema":{"@context":"https:\/\/schema.org","@graph":[{"@type":"Article","@id":"https:\/\/blogdofarnesio.com.br\/?p=264903#article","isPartOf":{"@id":"https:\/\/blogdofarnesio.com.br\/?p=264903"},"author":{"name":"Farn\u00e9sio","@id":"https:\/\/blogdofarnesio.com.br\/#\/schema\/person\/301c4acf522bccbfdb45af95b5b906a1"},"headline":"227 fam\u00edlias de Petrolina ter\u00e3o suas vidas mudadas a partir de hoje com o recebimento de suas moradias no residencial novo tempo","datePublished":"2020-08-14T10:42:48+00:00","mainEntityOfPage":{"@id":"https:\/\/blogdofarnesio.com.br\/?p=264903"},"wordCount":265,"publisher":{"@id":"https:\/\/blogdofarnesio.com.br\/#organization"},"image":{"@id":"https:\/\/blogdofarnesio.com.br\/?p=264903#primaryimage"},"thumbnailUrl":"https:\/\/blogdofarnesio.com.br\/wp-content\/uploads\/2020\/08\/blogqsppet-res-novo-tempo-2-e1596978781968.jpeg","articleSection":["A\u00e7\u00e3o Social"],"inLanguage":"pt-BR"},{"@type":"WebPage","@id":"https:\/\/blogdofarnesio.com.br\/?p=264903","url":"https:\/\/blogdofarnesio.com.br\/?p=264903","name":"227 fam\u00edlias de Petrolina ter\u00e3o suas vidas mudadas a partir de hoje com o recebimento de suas moradias no residencial novo tempo - Blog do Farn\u00e9sio","isPartOf":{"@id":"https:\/\/blogdofarnesio.com.br\/#website"},"primaryImageOfPage":{"@id":"https:\/\/blogdofarnesio.com.br\/?p=264903#primaryimage"},"image":{"@id":"https:\/\/blogdofarnesio.com.br\/?p=264903#primaryimage"},"thumbnailUrl":"https:\/\/blogdofarnesio.com.br\/wp-content\/uploads\/2020\/08\/blogqsppet-res-novo-tempo-2-e1596978781968.jpeg","datePublished":"2020-08-14T10:42:48+00:00","breadcrumb":{"@id":"https:\/\/blogdofarnesio.com.br\/?p=264903#breadcrumb"},"inLanguage":"pt-BR","potentialAction":[{"@type":"ReadAction","target":["https:\/\/blogdofarnesio.com.br\/?p=264903"]}]},{"@type":"ImageObject","inLanguage":"pt-BR","@id":"https:\/\/blogdofarnesio.com.br\/?p=264903#primaryimage","url":"https:\/\/blogdofarnesio.com.br\/wp-content\/uploads\/2020\/08\/blogqsppet-res-novo-tempo-2-e1596978781968.jpeg","contentUrl":"https:\/\/blogdofarnesio.com.br\/wp-content\/uploads\/2020\/08\/blogqsppet-res-novo-tempo-2-e1596978781968.jpeg","width":680,"height":453},{"@type":"BreadcrumbList","@id":"https:\/\/blogdofarnesio.com.br\/?p=264903#breadcrumb","itemListElement":[{"@type":"ListItem","position":1,"name":"In\u00edcio","item":"https:\/\/blogdofarnesio.com.br\/"},{"@type":"ListItem","position":2,"name":"227 fam\u00edlias de Petrolina ter\u00e3o suas vidas mudadas a partir de hoje com o recebimento de suas moradias no residencial novo tempo"}]},{"@type":"WebSite","@id":"https:\/\/blogdofarnesio.com.br\/#website","url":"https:\/\/blogdofarnesio.com.br\/","name":"Blog do Farn\u00e9sio","description":"Quer Saber Pol\u00edtica?","publisher":{"@id":"https:\/\/blogdofarnesio.com.br\/#organization"},"potentialAction":[{"@type":"SearchAction","target":{"@type":"EntryPoint","urlTemplate":"https:\/\/blogdofarnesio.com.br\/?s={search_term_string}"},"query-input":{"@type":"PropertyValueSpecification","valueRequired":true,"valueName":"search_term_string"}}],"inLanguage":"pt-BR"},{"@type":"Organization","@id":"https:\/\/blogdofarnesio.com.br\/#organization","name":"Blog do Farn\u00e9sio","url":"https:\/\/blogdofarnesio.com.br\/","logo":{"@type":"ImageObject","inLanguage":"pt-BR","@id":"https:\/\/blogdofarnesio.com.br\/#\/schema\/logo\/image\/","url":"https:\/\/blogdofarnesio.com.br\/wp-content\/uploads\/2026\/03\/cropped-logo_new-1.png","contentUrl":"https:\/\/blogdofarnesio.com.br\/wp-content\/uploads\/2026\/03\/cropped-logo_new-1.png","width":881,"height":685,"caption":"Blog do Farn\u00e9sio"},"image":{"@id":"https:\/\/blogdofarnesio.com.br\/#\/schema\/logo\/image\/"},"sameAs":["https:\/\/www.facebook.com\/BlogQuerSaberPolitica\/"]},{"@type":"Person","@id":"https:\/\/blogdofarnesio.com.br\/#\/schema\/person\/301c4acf522bccbfdb45af95b5b906a1","name":"Farn\u00e9sio","image":{"@type":"ImageObject","inLanguage":"pt-BR","@id":"https:\/\/secure.gravatar.com\/avatar\/df0c9a14567c056f8ad6876ba5bbd1e3e2c48023eb6807342fc4663adf549f38?s=96&d=mm&r=g","url":"https:\/\/secure.gravatar.com\/avatar\/df0c9a14567c056f8ad6876ba5bbd1e3e2c48023eb6807342fc4663adf549f38?s=96&d=mm&r=g","contentUrl":"https:\/\/secure.gravatar.com\/avatar\/df0c9a14567c056f8ad6876ba5bbd1e3e2c48023eb6807342fc4663adf549f38?s=96&d=mm&r=g","caption":"Farn\u00e9sio"},"sameAs":["https:\/\/quersaberpolitica.com.br"],"url":"https:\/\/blogdofarnesio.com.br\/?author=1"}]}},"_links":{"self":[{"href":"https:\/\/blogdofarnesio.com.br\/index.php?rest_route=\/wp\/v2\/posts\/264903","targetHints":{"allow":["GET"]}}],"collection":[{"href":"https:\/\/blogdofarnesio.com.br\/index.php?rest_route=\/wp\/v2\/posts"}],"about":[{"href":"https:\/\/blogdofarnesio.com.br\/index.php?rest_route=\/wp\/v2\/types\/post"}],"author":[{"embeddable":true,"href":"https:\/\/blogdofarnesio.com.br\/index.php?rest_route=\/wp\/v2\/users\/1"}],"replies":[{"embeddable":true,"href":"https:\/\/blogdofarnesio.com.br\/index.php?rest_route=%2Fwp%2Fv2%2Fcomments&post=264903"}],"version-history":[{"count":0,"href":"https:\/\/blogdofarnesio.com.br\/index.php?rest_route=\/wp\/v2\/posts\/264903\/revisions"}],"wp:featuredmedia":[{"embeddable":true,"href":"https:\/\/blogdofarnesio.com.br\/index.php?rest_route=\/wp\/v2\/media\/264455"}],"wp:attachment":[{"href":"https:\/\/blogdofarnesio.com.br\/index.php?rest_route=%2Fwp%2Fv2%2Fmedia&parent=264903"}],"wp:term":[{"taxonomy":"category","embeddable":true,"href":"https:\/\/blogdofarnesio.com.br\/index.php?rest_route=%2Fwp%2Fv2%2Fcategories&post=264903"},{"taxonomy":"post_tag","embeddable":true,"href":"https:\/\/blogdofarnesio.com.br\/index.php?rest_route=%2Fwp%2Fv2%2Ftags&post=264903"}],"curies":[{"name":"wp","href":"https:\/\/api.w.org\/{rel}","templated":true}]}}