{"id":264873,"date":"2020-08-13T16:01:59","date_gmt":"2020-08-13T19:01:59","guid":{"rendered":"http:\/\/quersaberpolitica.com.br\/2016\/?p=264873"},"modified":"2020-08-13T16:01:59","modified_gmt":"2020-08-13T19:01:59","slug":"medico-emergencista-do-samu-de-juazeiro-tem-cura-da-covid-19-apos-14-dias-internado","status":"publish","type":"post","link":"https:\/\/blogdofarnesio.com.br\/?p=264873","title":{"rendered":"M\u00e9dico emergencista do SAMU de Juazeiro tem cura da COVID-19 ap\u00f3s 14 dias internado"},"content":{"rendered":"<div class=\"Ls\">\n<div class=\"As\">\n<div class=\"Cs\"><strong>\u00a0<\/strong>D\u00e9bora Sousa\/SESAU<\/div>\n<\/div>\n<\/div>\n<div id=\"cv_\" class=\" Xg  \">\n<div class=\"Zg\">\n<div class=\"Rg\">\n<div class=\"Li\">\n<div class=\"yj\">\n<div class=\"Ph\" data-onclick=\"w\">\n<div id=\"cvcmsg_173e92cd49c2baea\" class=\"yh\">\n<div id=\"cvcfullmsg_173e92cd49c2baea\" class=\"Vh\">\n<div id=\"cvcmsgbod_173e92cd49c2baea\" class=\"aj\">\n<div class=\"Ni\">\n<div class=\"ni pi \" dir=\"ltr\">\n<p>A recep\u00e7\u00e3o no trabalho hoje (13) foi diferente para o m\u00e9dico emergencista do Servi\u00e7o de Atendimento M\u00f3vel de Urg\u00eancias (SAMU) de Juazeiro, Edgar Acuna Orellana. Profissional de sa\u00fade infectado pelo novo coronav\u00edrus e que esteve 14 dias internado em leito intermedi\u00e1rio. Nesta quinta-feira ao retornar ao trabalho na linha de frente \u00e0 COVID-19, o m\u00e9dico foi recepcionado carinhosamente pelos colegas de trabalho.<\/p>\n<p>Edgar fala um pouco sobre os 14 dias internado e deixa uma mensagem. \u201cEu agrade\u00e7o de cora\u00e7\u00e3o por toda esta recep\u00e7\u00e3o. Eu passei momentos de estresse, gra\u00e7as a Deus n\u00e3o precisei ser entubado, nem de suporte em oxig\u00eanio, mas\u00a0algumas altera\u00e7\u00f5es no meu quadro cl\u00ednico me levarem a ser medicado por um bom tempo. E o que posso falar para voc\u00eas \u00e9 que se cuidem, estamos enfrentando uma pandemia que\u00a0 n\u00e3o sabemos como iremos reagir, pois cada corpo \u00e9 diferente\u201d, expressou.<\/p>\n<p>O m\u00e9dico ainda acrescenta: \u201cn\u00e3o estamos em temporada de visitar os amigos, de sair para descontrair, todo cuidado \u00e9 pouco. Ningu\u00e9m sabe se vai contrair esta doen\u00e7a, se vai viver ou morrer, somente Deus sabe disto. Agrade\u00e7o mais uma vez a todos que oraram por mim e estou aqui de novo pronto para ajudar a salvar mais vidas\u201d, concluiu.<\/p>\n<p><strong>\u00a0<\/strong><\/p>\n<\/div>\n<\/div>\n<\/div>\n<\/div>\n<\/div>\n<\/div>\n<\/div>\n<\/div>\n<\/div>\n<\/div>\n<\/div>\n","protected":false},"excerpt":{"rendered":"<p>\u00a0D\u00e9bora Sousa\/SESAU A recep\u00e7\u00e3o no trabalho hoje (13) foi diferente para o m\u00e9dico emergencista do Servi\u00e7o de Atendimento M\u00f3vel de Urg\u00eancias (SAMU) de Juazeiro, Edgar Acuna Orellana. Profissional de sa\u00fade infectado pelo novo coronav\u00edrus e que esteve 14 dias internado em leito intermedi\u00e1rio. Nesta quinta-feira ao retornar ao trabalho na linha de frente \u00e0 COVID-19, o m\u00e9dico foi recepcionado carinhosamente pelos colegas de trabalho. Edgar fala um pouco sobre os 14 dias internado e deixa uma mensagem. \u201cEu agrade\u00e7o de cora\u00e7\u00e3o por toda esta recep\u00e7\u00e3o. Eu passei momentos de estresse, gra\u00e7as a Deus n\u00e3o precisei ser entubado, nem de suporte em oxig\u00eanio, mas\u00a0algumas altera\u00e7\u00f5es no meu quadro cl\u00ednico me levarem a ser medicado por um bom tempo. E o que&hellip; <\/p>\n","protected":false},"author":1,"featured_media":264874,"comment_status":"closed","ping_status":"closed","sticky":false,"template":"","format":"standard","meta":{"_acf_changed":false,"footnotes":""},"categories":[1],"tags":[],"class_list":["post-264873","post","type-post","status-publish","format-standard","has-post-thumbnail","hentry","category-politica"],"acf":[],"yoast_head":"<!-- This site is optimized with the Yoast SEO plugin v27.4 - https:\/\/yoast.com\/product\/yoast-seo-wordpress\/ -->\n<title>M\u00e9dico emergencista do SAMU de Juazeiro tem cura da COVID-19 ap\u00f3s 14 dias internado - Blog do Farn\u00e9sio<\/title>\n<meta name=\"robots\" content=\"index, follow, max-snippet:-1, max-image-preview:large, max-video-preview:-1\" \/>\n<link rel=\"canonical\" href=\"https:\/\/blogdofarnesio.com.br\/?p=264873\" \/>\n<meta property=\"og:locale\" content=\"pt_BR\" \/>\n<meta property=\"og:type\" content=\"article\" \/>\n<meta property=\"og:title\" content=\"M\u00e9dico emergencista do SAMU de Juazeiro tem cura da COVID-19 ap\u00f3s 14 dias internado - Blog do Farn\u00e9sio\" \/>\n<meta property=\"og:description\" content=\"\u00a0D\u00e9bora Sousa\/SESAU A recep\u00e7\u00e3o no trabalho hoje (13) foi diferente para o m\u00e9dico emergencista do Servi\u00e7o de Atendimento M\u00f3vel de Urg\u00eancias (SAMU) de Juazeiro, Edgar Acuna Orellana. Profissional de sa\u00fade infectado pelo novo coronav\u00edrus e que esteve 14 dias internado em leito intermedi\u00e1rio. Nesta quinta-feira ao retornar ao trabalho na linha de frente \u00e0 COVID-19, o m\u00e9dico foi recepcionado carinhosamente pelos colegas de trabalho. Edgar fala um pouco sobre os 14 dias internado e deixa uma mensagem. \u201cEu agrade\u00e7o de cora\u00e7\u00e3o por toda esta recep\u00e7\u00e3o. Eu passei momentos de estresse, gra\u00e7as a Deus n\u00e3o precisei ser entubado, nem de suporte em oxig\u00eanio, mas\u00a0algumas altera\u00e7\u00f5es no meu quadro cl\u00ednico me levarem a ser medicado por um bom tempo. E o que&hellip;\" \/>\n<meta property=\"og:url\" content=\"https:\/\/blogdofarnesio.com.br\/?p=264873\" \/>\n<meta property=\"og:site_name\" content=\"Blog do Farn\u00e9sio\" \/>\n<meta property=\"article:publisher\" content=\"https:\/\/www.facebook.com\/BlogQuerSaberPolitica\/\" \/>\n<meta property=\"article:published_time\" content=\"2020-08-13T19:01:59+00:00\" \/>\n<meta property=\"og:image\" content=\"https:\/\/blogdofarnesio.com.br\/wp-content\/uploads\/2020\/08\/M\u00e9dico-emergencista-do-SAMU-de-Juazeiro-tem-cura-da-COVID-19-ap\u00f3s-14-dias-internado.jpg\" \/>\n\t<meta property=\"og:image:width\" content=\"1280\" \/>\n\t<meta property=\"og:image:height\" content=\"1280\" \/>\n\t<meta property=\"og:image:type\" content=\"image\/jpeg\" \/>\n<meta name=\"author\" content=\"Farn\u00e9sio\" \/>\n<meta name=\"twitter:card\" content=\"summary_large_image\" \/>\n<meta name=\"twitter:label1\" content=\"Escrito por\" \/>\n\t<meta name=\"twitter:data1\" content=\"Farn\u00e9sio\" \/>\n\t<meta name=\"twitter:label2\" content=\"Est. tempo de leitura\" \/>\n\t<meta name=\"twitter:data2\" content=\"1 minuto\" \/>\n<script type=\"application\/ld+json\" class=\"yoast-schema-graph\">{\"@context\":\"https:\\\/\\\/schema.org\",\"@graph\":[{\"@type\":\"Article\",\"@id\":\"https:\\\/\\\/blogdofarnesio.com.br\\\/?p=264873#article\",\"isPartOf\":{\"@id\":\"https:\\\/\\\/blogdofarnesio.com.br\\\/?p=264873\"},\"author\":{\"name\":\"Farn\u00e9sio\",\"@id\":\"https:\\\/\\\/blogdofarnesio.com.br\\\/#\\\/schema\\\/person\\\/301c4acf522bccbfdb45af95b5b906a1\"},\"headline\":\"M\u00e9dico emergencista do SAMU de Juazeiro tem cura da COVID-19 ap\u00f3s 14 dias internado\",\"datePublished\":\"2020-08-13T19:01:59+00:00\",\"mainEntityOfPage\":{\"@id\":\"https:\\\/\\\/blogdofarnesio.com.br\\\/?p=264873\"},\"wordCount\":238,\"publisher\":{\"@id\":\"https:\\\/\\\/blogdofarnesio.com.br\\\/#organization\"},\"image\":{\"@id\":\"https:\\\/\\\/blogdofarnesio.com.br\\\/?p=264873#primaryimage\"},\"thumbnailUrl\":\"https:\\\/\\\/blogdofarnesio.com.br\\\/wp-content\\\/uploads\\\/2020\\\/08\\\/M\u00e9dico-emergencista-do-SAMU-de-Juazeiro-tem-cura-da-COVID-19-ap\u00f3s-14-dias-internado.jpg\",\"articleSection\":[\"Pol\u00edtica\"],\"inLanguage\":\"pt-BR\"},{\"@type\":\"WebPage\",\"@id\":\"https:\\\/\\\/blogdofarnesio.com.br\\\/?p=264873\",\"url\":\"https:\\\/\\\/blogdofarnesio.com.br\\\/?p=264873\",\"name\":\"M\u00e9dico emergencista do SAMU de Juazeiro tem cura da COVID-19 ap\u00f3s 14 dias internado - Blog do Farn\u00e9sio\",\"isPartOf\":{\"@id\":\"https:\\\/\\\/blogdofarnesio.com.br\\\/#website\"},\"primaryImageOfPage\":{\"@id\":\"https:\\\/\\\/blogdofarnesio.com.br\\\/?p=264873#primaryimage\"},\"image\":{\"@id\":\"https:\\\/\\\/blogdofarnesio.com.br\\\/?p=264873#primaryimage\"},\"thumbnailUrl\":\"https:\\\/\\\/blogdofarnesio.com.br\\\/wp-content\\\/uploads\\\/2020\\\/08\\\/M\u00e9dico-emergencista-do-SAMU-de-Juazeiro-tem-cura-da-COVID-19-ap\u00f3s-14-dias-internado.jpg\",\"datePublished\":\"2020-08-13T19:01:59+00:00\",\"breadcrumb\":{\"@id\":\"https:\\\/\\\/blogdofarnesio.com.br\\\/?p=264873#breadcrumb\"},\"inLanguage\":\"pt-BR\",\"potentialAction\":[{\"@type\":\"ReadAction\",\"target\":[\"https:\\\/\\\/blogdofarnesio.com.br\\\/?p=264873\"]}]},{\"@type\":\"ImageObject\",\"inLanguage\":\"pt-BR\",\"@id\":\"https:\\\/\\\/blogdofarnesio.com.br\\\/?p=264873#primaryimage\",\"url\":\"https:\\\/\\\/blogdofarnesio.com.br\\\/wp-content\\\/uploads\\\/2020\\\/08\\\/M\u00e9dico-emergencista-do-SAMU-de-Juazeiro-tem-cura-da-COVID-19-ap\u00f3s-14-dias-internado.jpg\",\"contentUrl\":\"https:\\\/\\\/blogdofarnesio.com.br\\\/wp-content\\\/uploads\\\/2020\\\/08\\\/M\u00e9dico-emergencista-do-SAMU-de-Juazeiro-tem-cura-da-COVID-19-ap\u00f3s-14-dias-internado.jpg\",\"width\":1280,\"height\":1280},{\"@type\":\"BreadcrumbList\",\"@id\":\"https:\\\/\\\/blogdofarnesio.com.br\\\/?p=264873#breadcrumb\",\"itemListElement\":[{\"@type\":\"ListItem\",\"position\":1,\"name\":\"In\u00edcio\",\"item\":\"https:\\\/\\\/blogdofarnesio.com.br\\\/\"},{\"@type\":\"ListItem\",\"position\":2,\"name\":\"M\u00e9dico emergencista do SAMU de Juazeiro tem cura da COVID-19 ap\u00f3s 14 dias internado\"}]},{\"@type\":\"WebSite\",\"@id\":\"https:\\\/\\\/blogdofarnesio.com.br\\\/#website\",\"url\":\"https:\\\/\\\/blogdofarnesio.com.br\\\/\",\"name\":\"Blog do Farn\u00e9sio\",\"description\":\"Quer Saber Pol\u00edtica?\",\"publisher\":{\"@id\":\"https:\\\/\\\/blogdofarnesio.com.br\\\/#organization\"},\"potentialAction\":[{\"@type\":\"SearchAction\",\"target\":{\"@type\":\"EntryPoint\",\"urlTemplate\":\"https:\\\/\\\/blogdofarnesio.com.br\\\/?s={search_term_string}\"},\"query-input\":{\"@type\":\"PropertyValueSpecification\",\"valueRequired\":true,\"valueName\":\"search_term_string\"}}],\"inLanguage\":\"pt-BR\"},{\"@type\":\"Organization\",\"@id\":\"https:\\\/\\\/blogdofarnesio.com.br\\\/#organization\",\"name\":\"Blog do Farn\u00e9sio\",\"url\":\"https:\\\/\\\/blogdofarnesio.com.br\\\/\",\"logo\":{\"@type\":\"ImageObject\",\"inLanguage\":\"pt-BR\",\"@id\":\"https:\\\/\\\/blogdofarnesio.com.br\\\/#\\\/schema\\\/logo\\\/image\\\/\",\"url\":\"https:\\\/\\\/blogdofarnesio.com.br\\\/wp-content\\\/uploads\\\/2026\\\/03\\\/cropped-logo_new-1.png\",\"contentUrl\":\"https:\\\/\\\/blogdofarnesio.com.br\\\/wp-content\\\/uploads\\\/2026\\\/03\\\/cropped-logo_new-1.png\",\"width\":881,\"height\":685,\"caption\":\"Blog do Farn\u00e9sio\"},\"image\":{\"@id\":\"https:\\\/\\\/blogdofarnesio.com.br\\\/#\\\/schema\\\/logo\\\/image\\\/\"},\"sameAs\":[\"https:\\\/\\\/www.facebook.com\\\/BlogQuerSaberPolitica\\\/\"]},{\"@type\":\"Person\",\"@id\":\"https:\\\/\\\/blogdofarnesio.com.br\\\/#\\\/schema\\\/person\\\/301c4acf522bccbfdb45af95b5b906a1\",\"name\":\"Farn\u00e9sio\",\"image\":{\"@type\":\"ImageObject\",\"inLanguage\":\"pt-BR\",\"@id\":\"https:\\\/\\\/secure.gravatar.com\\\/avatar\\\/df0c9a14567c056f8ad6876ba5bbd1e3e2c48023eb6807342fc4663adf549f38?s=96&d=mm&r=g\",\"url\":\"https:\\\/\\\/secure.gravatar.com\\\/avatar\\\/df0c9a14567c056f8ad6876ba5bbd1e3e2c48023eb6807342fc4663adf549f38?s=96&d=mm&r=g\",\"contentUrl\":\"https:\\\/\\\/secure.gravatar.com\\\/avatar\\\/df0c9a14567c056f8ad6876ba5bbd1e3e2c48023eb6807342fc4663adf549f38?s=96&d=mm&r=g\",\"caption\":\"Farn\u00e9sio\"},\"sameAs\":[\"https:\\\/\\\/quersaberpolitica.com.br\"],\"url\":\"https:\\\/\\\/blogdofarnesio.com.br\\\/?author=1\"}]}<\/script>\n<!-- \/ Yoast SEO plugin. -->","yoast_head_json":{"title":"M\u00e9dico emergencista do SAMU de Juazeiro tem cura da COVID-19 ap\u00f3s 14 dias internado - Blog do Farn\u00e9sio","robots":{"index":"index","follow":"follow","max-snippet":"max-snippet:-1","max-image-preview":"max-image-preview:large","max-video-preview":"max-video-preview:-1"},"canonical":"https:\/\/blogdofarnesio.com.br\/?p=264873","og_locale":"pt_BR","og_type":"article","og_title":"M\u00e9dico emergencista do SAMU de Juazeiro tem cura da COVID-19 ap\u00f3s 14 dias internado - Blog do Farn\u00e9sio","og_description":"\u00a0D\u00e9bora Sousa\/SESAU A recep\u00e7\u00e3o no trabalho hoje (13) foi diferente para o m\u00e9dico emergencista do Servi\u00e7o de Atendimento M\u00f3vel de Urg\u00eancias (SAMU) de Juazeiro, Edgar Acuna Orellana. Profissional de sa\u00fade infectado pelo novo coronav\u00edrus e que esteve 14 dias internado em leito intermedi\u00e1rio. Nesta quinta-feira ao retornar ao trabalho na linha de frente \u00e0 COVID-19, o m\u00e9dico foi recepcionado carinhosamente pelos colegas de trabalho. Edgar fala um pouco sobre os 14 dias internado e deixa uma mensagem. \u201cEu agrade\u00e7o de cora\u00e7\u00e3o por toda esta recep\u00e7\u00e3o. Eu passei momentos de estresse, gra\u00e7as a Deus n\u00e3o precisei ser entubado, nem de suporte em oxig\u00eanio, mas\u00a0algumas altera\u00e7\u00f5es no meu quadro cl\u00ednico me levarem a ser medicado por um bom tempo. E o que&hellip;","og_url":"https:\/\/blogdofarnesio.com.br\/?p=264873","og_site_name":"Blog do Farn\u00e9sio","article_publisher":"https:\/\/www.facebook.com\/BlogQuerSaberPolitica\/","article_published_time":"2020-08-13T19:01:59+00:00","og_image":[{"width":1280,"height":1280,"url":"https:\/\/blogdofarnesio.com.br\/wp-content\/uploads\/2020\/08\/M\u00e9dico-emergencista-do-SAMU-de-Juazeiro-tem-cura-da-COVID-19-ap\u00f3s-14-dias-internado.jpg","type":"image\/jpeg"}],"author":"Farn\u00e9sio","twitter_card":"summary_large_image","twitter_misc":{"Escrito por":"Farn\u00e9sio","Est. tempo de leitura":"1 minuto"},"schema":{"@context":"https:\/\/schema.org","@graph":[{"@type":"Article","@id":"https:\/\/blogdofarnesio.com.br\/?p=264873#article","isPartOf":{"@id":"https:\/\/blogdofarnesio.com.br\/?p=264873"},"author":{"name":"Farn\u00e9sio","@id":"https:\/\/blogdofarnesio.com.br\/#\/schema\/person\/301c4acf522bccbfdb45af95b5b906a1"},"headline":"M\u00e9dico emergencista do SAMU de Juazeiro tem cura da COVID-19 ap\u00f3s 14 dias internado","datePublished":"2020-08-13T19:01:59+00:00","mainEntityOfPage":{"@id":"https:\/\/blogdofarnesio.com.br\/?p=264873"},"wordCount":238,"publisher":{"@id":"https:\/\/blogdofarnesio.com.br\/#organization"},"image":{"@id":"https:\/\/blogdofarnesio.com.br\/?p=264873#primaryimage"},"thumbnailUrl":"https:\/\/blogdofarnesio.com.br\/wp-content\/uploads\/2020\/08\/M\u00e9dico-emergencista-do-SAMU-de-Juazeiro-tem-cura-da-COVID-19-ap\u00f3s-14-dias-internado.jpg","articleSection":["Pol\u00edtica"],"inLanguage":"pt-BR"},{"@type":"WebPage","@id":"https:\/\/blogdofarnesio.com.br\/?p=264873","url":"https:\/\/blogdofarnesio.com.br\/?p=264873","name":"M\u00e9dico emergencista do SAMU de Juazeiro tem cura da COVID-19 ap\u00f3s 14 dias internado - Blog do Farn\u00e9sio","isPartOf":{"@id":"https:\/\/blogdofarnesio.com.br\/#website"},"primaryImageOfPage":{"@id":"https:\/\/blogdofarnesio.com.br\/?p=264873#primaryimage"},"image":{"@id":"https:\/\/blogdofarnesio.com.br\/?p=264873#primaryimage"},"thumbnailUrl":"https:\/\/blogdofarnesio.com.br\/wp-content\/uploads\/2020\/08\/M\u00e9dico-emergencista-do-SAMU-de-Juazeiro-tem-cura-da-COVID-19-ap\u00f3s-14-dias-internado.jpg","datePublished":"2020-08-13T19:01:59+00:00","breadcrumb":{"@id":"https:\/\/blogdofarnesio.com.br\/?p=264873#breadcrumb"},"inLanguage":"pt-BR","potentialAction":[{"@type":"ReadAction","target":["https:\/\/blogdofarnesio.com.br\/?p=264873"]}]},{"@type":"ImageObject","inLanguage":"pt-BR","@id":"https:\/\/blogdofarnesio.com.br\/?p=264873#primaryimage","url":"https:\/\/blogdofarnesio.com.br\/wp-content\/uploads\/2020\/08\/M\u00e9dico-emergencista-do-SAMU-de-Juazeiro-tem-cura-da-COVID-19-ap\u00f3s-14-dias-internado.jpg","contentUrl":"https:\/\/blogdofarnesio.com.br\/wp-content\/uploads\/2020\/08\/M\u00e9dico-emergencista-do-SAMU-de-Juazeiro-tem-cura-da-COVID-19-ap\u00f3s-14-dias-internado.jpg","width":1280,"height":1280},{"@type":"BreadcrumbList","@id":"https:\/\/blogdofarnesio.com.br\/?p=264873#breadcrumb","itemListElement":[{"@type":"ListItem","position":1,"name":"In\u00edcio","item":"https:\/\/blogdofarnesio.com.br\/"},{"@type":"ListItem","position":2,"name":"M\u00e9dico emergencista do SAMU de Juazeiro tem cura da COVID-19 ap\u00f3s 14 dias internado"}]},{"@type":"WebSite","@id":"https:\/\/blogdofarnesio.com.br\/#website","url":"https:\/\/blogdofarnesio.com.br\/","name":"Blog do Farn\u00e9sio","description":"Quer Saber Pol\u00edtica?","publisher":{"@id":"https:\/\/blogdofarnesio.com.br\/#organization"},"potentialAction":[{"@type":"SearchAction","target":{"@type":"EntryPoint","urlTemplate":"https:\/\/blogdofarnesio.com.br\/?s={search_term_string}"},"query-input":{"@type":"PropertyValueSpecification","valueRequired":true,"valueName":"search_term_string"}}],"inLanguage":"pt-BR"},{"@type":"Organization","@id":"https:\/\/blogdofarnesio.com.br\/#organization","name":"Blog do Farn\u00e9sio","url":"https:\/\/blogdofarnesio.com.br\/","logo":{"@type":"ImageObject","inLanguage":"pt-BR","@id":"https:\/\/blogdofarnesio.com.br\/#\/schema\/logo\/image\/","url":"https:\/\/blogdofarnesio.com.br\/wp-content\/uploads\/2026\/03\/cropped-logo_new-1.png","contentUrl":"https:\/\/blogdofarnesio.com.br\/wp-content\/uploads\/2026\/03\/cropped-logo_new-1.png","width":881,"height":685,"caption":"Blog do Farn\u00e9sio"},"image":{"@id":"https:\/\/blogdofarnesio.com.br\/#\/schema\/logo\/image\/"},"sameAs":["https:\/\/www.facebook.com\/BlogQuerSaberPolitica\/"]},{"@type":"Person","@id":"https:\/\/blogdofarnesio.com.br\/#\/schema\/person\/301c4acf522bccbfdb45af95b5b906a1","name":"Farn\u00e9sio","image":{"@type":"ImageObject","inLanguage":"pt-BR","@id":"https:\/\/secure.gravatar.com\/avatar\/df0c9a14567c056f8ad6876ba5bbd1e3e2c48023eb6807342fc4663adf549f38?s=96&d=mm&r=g","url":"https:\/\/secure.gravatar.com\/avatar\/df0c9a14567c056f8ad6876ba5bbd1e3e2c48023eb6807342fc4663adf549f38?s=96&d=mm&r=g","contentUrl":"https:\/\/secure.gravatar.com\/avatar\/df0c9a14567c056f8ad6876ba5bbd1e3e2c48023eb6807342fc4663adf549f38?s=96&d=mm&r=g","caption":"Farn\u00e9sio"},"sameAs":["https:\/\/quersaberpolitica.com.br"],"url":"https:\/\/blogdofarnesio.com.br\/?author=1"}]}},"_links":{"self":[{"href":"https:\/\/blogdofarnesio.com.br\/index.php?rest_route=\/wp\/v2\/posts\/264873","targetHints":{"allow":["GET"]}}],"collection":[{"href":"https:\/\/blogdofarnesio.com.br\/index.php?rest_route=\/wp\/v2\/posts"}],"about":[{"href":"https:\/\/blogdofarnesio.com.br\/index.php?rest_route=\/wp\/v2\/types\/post"}],"author":[{"embeddable":true,"href":"https:\/\/blogdofarnesio.com.br\/index.php?rest_route=\/wp\/v2\/users\/1"}],"replies":[{"embeddable":true,"href":"https:\/\/blogdofarnesio.com.br\/index.php?rest_route=%2Fwp%2Fv2%2Fcomments&post=264873"}],"version-history":[{"count":0,"href":"https:\/\/blogdofarnesio.com.br\/index.php?rest_route=\/wp\/v2\/posts\/264873\/revisions"}],"wp:featuredmedia":[{"embeddable":true,"href":"https:\/\/blogdofarnesio.com.br\/index.php?rest_route=\/wp\/v2\/media\/264874"}],"wp:attachment":[{"href":"https:\/\/blogdofarnesio.com.br\/index.php?rest_route=%2Fwp%2Fv2%2Fmedia&parent=264873"}],"wp:term":[{"taxonomy":"category","embeddable":true,"href":"https:\/\/blogdofarnesio.com.br\/index.php?rest_route=%2Fwp%2Fv2%2Fcategories&post=264873"},{"taxonomy":"post_tag","embeddable":true,"href":"https:\/\/blogdofarnesio.com.br\/index.php?rest_route=%2Fwp%2Fv2%2Ftags&post=264873"}],"curies":[{"name":"wp","href":"https:\/\/api.w.org\/{rel}","templated":true}]}}