{"id":264864,"date":"2020-08-13T15:43:39","date_gmt":"2020-08-13T18:43:39","guid":{"rendered":"http:\/\/quersaberpolitica.com.br\/2016\/?p=264864"},"modified":"2020-08-13T15:08:50","modified_gmt":"2020-08-13T18:08:50","slug":"dependencia-quimica-foi-tema-de-live-promovida-pela-sesau-em-juazeiro","status":"publish","type":"post","link":"https:\/\/blogdofarnesio.com.br\/?p=264864","title":{"rendered":"Depend\u00eancia qu\u00edmica foi tema de live promovida pela SESAU em Juazeiro"},"content":{"rendered":"<p>A Secretaria da Sa\u00fade (SESAU) realizou nesta quinta-feira (13) mais uma\u00a0<em>live<\/em>\u00a0abordando quest\u00f5es referentes ao cen\u00e1rio de pandemia vivido no pa\u00eds. O tema debatido desta vez foi a depend\u00eancia qu\u00edmica no isolamento social.\u00a0\u00a0A\u00a0<em>live<\/em>\u00a0foi conduzida pela gerente de Educa\u00e7\u00e3o Permanente Clenilda Ananias e teve a participa\u00e7\u00e3o da enfermeira especialista em Sa\u00fade Mental e servidora do CAPS AD, Karoline Barros.<\/p>\n<p>\u201cTemos trazido temas bem prevalentes nesse per\u00edodo de pandemia e n\u00e3o poder\u00edamos deixar de introduzir a sa\u00fade mental e essa tem\u00e1tica nas nossas\u00a0<em>lives<\/em>. As medidas de isolamento para a conten\u00e7\u00e3o do novo coronav\u00edrus fizeram com que as pessoas ficassem mais tempo em casa e o uso, por exemplo, de \u00e1lcool que acontecia para muitos apenas na sexta-feira, passou a ter mais frequ\u00eancia. O consumo desta subst\u00e2ncia e de outras drogas passou a ser mais frequente, ent\u00e3o essa tem\u00e1tica \u00e9 pertinente para o momento que vivemos\u201d, afirmou Clenilda.<\/p>\n<p>Foram discutidas quest\u00f5es como a hist\u00f3ria do uso de subst\u00e2ncias, principais causas para uso abusivo de \u00e1lcool e outras drogas, e o uso dessas subst\u00e2ncias durante a pandemia, al\u00e9m de tratamentos dispon\u00edveis para a depend\u00eancia qu\u00edmica.<\/p>\n<p>Para a enfermeira Karoline Barros esta n\u00e3o \u00e9 apenas uma quest\u00e3o de sa\u00fade e precisa ser discutida de forma ampla. \u201c\u00c9 um tema bastante importante e precisamos ampliar nosso olhar, n\u00e3o entendendo como problema de apenas uma pessoa, mas um problema coletivo\u201d, disse. De acordo com ela \u201co desemprego, a inconst\u00e2ncia, a ansiedade, o medo do futuro s\u00e3o as principais causas que desencadeiam o uso abusivo de \u00e1lcool e outras drogas durante a pandemia. Essas subst\u00e2ncias s\u00e3o utilizadas para tamponar o sofrimento vivido e acabam causando conflitos familiares, problemas no trabalho, dificuldade de se relacionar e diversos outros problemas\u201d, ressaltou.<\/p>\n<p>Ela destacou ainda durante a\u00a0<em>live<\/em>\u00a0que o tratamento para dependentes qu\u00edmicos em Juazeiro \u00e9 realizado atrav\u00e9s do Centro de Aten\u00e7\u00e3o Psicossocial para \u00c1lcool e outras Drogas (CAPS-AD III) que hoje funciona em sede pr\u00f3pria\u00a0na\u00a0Avenida Elizeu Martins do Nascimento, S\/N,\u00a0bairro Novo Encontro, pr\u00e9dio do antigo posto de sa\u00fade do bairro.<\/p>\n<p>Por Fabiana Diniz\/SESAU<\/p>\n","protected":false},"excerpt":{"rendered":"<p>A Secretaria da Sa\u00fade (SESAU) realizou nesta quinta-feira (13) mais uma\u00a0live\u00a0abordando quest\u00f5es referentes ao cen\u00e1rio de pandemia vivido no pa\u00eds. O tema debatido desta vez foi a depend\u00eancia qu\u00edmica no isolamento social.\u00a0\u00a0A\u00a0live\u00a0foi conduzida pela gerente de Educa\u00e7\u00e3o Permanente Clenilda Ananias e teve a participa\u00e7\u00e3o da enfermeira especialista em Sa\u00fade Mental e servidora do CAPS AD, Karoline Barros. \u201cTemos trazido temas bem prevalentes nesse per\u00edodo de pandemia e n\u00e3o poder\u00edamos deixar de introduzir a sa\u00fade mental e essa tem\u00e1tica nas nossas\u00a0lives. As medidas de isolamento para a conten\u00e7\u00e3o do novo coronav\u00edrus fizeram com que as pessoas ficassem mais tempo em casa e o uso, por exemplo, de \u00e1lcool que acontecia para muitos apenas na sexta-feira, passou a ter mais frequ\u00eancia. O&hellip; <\/p>\n","protected":false},"author":1,"featured_media":264865,"comment_status":"closed","ping_status":"closed","sticky":false,"template":"","format":"standard","meta":{"_acf_changed":false,"footnotes":""},"categories":[4],"tags":[],"class_list":["post-264864","post","type-post","status-publish","format-standard","has-post-thumbnail","hentry","category-saude"],"acf":[],"yoast_head":"<!-- This site is optimized with the Yoast SEO plugin v27.4 - https:\/\/yoast.com\/product\/yoast-seo-wordpress\/ -->\n<title>Depend\u00eancia qu\u00edmica foi tema de live promovida pela SESAU em Juazeiro - Blog do Farn\u00e9sio<\/title>\n<meta name=\"robots\" content=\"index, follow, max-snippet:-1, max-image-preview:large, max-video-preview:-1\" \/>\n<link rel=\"canonical\" href=\"https:\/\/blogdofarnesio.com.br\/?p=264864\" \/>\n<meta property=\"og:locale\" content=\"pt_BR\" \/>\n<meta property=\"og:type\" content=\"article\" \/>\n<meta property=\"og:title\" content=\"Depend\u00eancia qu\u00edmica foi tema de live promovida pela SESAU em Juazeiro - Blog do Farn\u00e9sio\" \/>\n<meta property=\"og:description\" content=\"A Secretaria da Sa\u00fade (SESAU) realizou nesta quinta-feira (13) mais uma\u00a0live\u00a0abordando quest\u00f5es referentes ao cen\u00e1rio de pandemia vivido no pa\u00eds. O tema debatido desta vez foi a depend\u00eancia qu\u00edmica no isolamento social.\u00a0\u00a0A\u00a0live\u00a0foi conduzida pela gerente de Educa\u00e7\u00e3o Permanente Clenilda Ananias e teve a participa\u00e7\u00e3o da enfermeira especialista em Sa\u00fade Mental e servidora do CAPS AD, Karoline Barros. \u201cTemos trazido temas bem prevalentes nesse per\u00edodo de pandemia e n\u00e3o poder\u00edamos deixar de introduzir a sa\u00fade mental e essa tem\u00e1tica nas nossas\u00a0lives. As medidas de isolamento para a conten\u00e7\u00e3o do novo coronav\u00edrus fizeram com que as pessoas ficassem mais tempo em casa e o uso, por exemplo, de \u00e1lcool que acontecia para muitos apenas na sexta-feira, passou a ter mais frequ\u00eancia. O&hellip;\" \/>\n<meta property=\"og:url\" content=\"https:\/\/blogdofarnesio.com.br\/?p=264864\" \/>\n<meta property=\"og:site_name\" content=\"Blog do Farn\u00e9sio\" \/>\n<meta property=\"article:publisher\" content=\"https:\/\/www.facebook.com\/BlogQuerSaberPolitica\/\" \/>\n<meta property=\"article:published_time\" content=\"2020-08-13T18:43:39+00:00\" \/>\n<meta property=\"og:image\" content=\"https:\/\/blogdofarnesio.com.br\/wp-content\/uploads\/2020\/08\/Depend\u00eancia-qu\u00edmica-\u00e9-tema-de-live-promovida-pela-SESAU-em-Juazeiro-1.jpeg\" \/>\n\t<meta property=\"og:image:width\" content=\"789\" \/>\n\t<meta property=\"og:image:height\" content=\"617\" \/>\n\t<meta property=\"og:image:type\" content=\"image\/jpeg\" \/>\n<meta name=\"author\" content=\"Farn\u00e9sio\" \/>\n<meta name=\"twitter:card\" content=\"summary_large_image\" \/>\n<meta name=\"twitter:label1\" content=\"Escrito por\" \/>\n\t<meta name=\"twitter:data1\" content=\"Farn\u00e9sio\" \/>\n\t<meta name=\"twitter:label2\" content=\"Est. tempo de leitura\" \/>\n\t<meta name=\"twitter:data2\" content=\"2 minutos\" \/>\n<script type=\"application\/ld+json\" class=\"yoast-schema-graph\">{\"@context\":\"https:\\\/\\\/schema.org\",\"@graph\":[{\"@type\":\"Article\",\"@id\":\"https:\\\/\\\/blogdofarnesio.com.br\\\/?p=264864#article\",\"isPartOf\":{\"@id\":\"https:\\\/\\\/blogdofarnesio.com.br\\\/?p=264864\"},\"author\":{\"name\":\"Farn\u00e9sio\",\"@id\":\"https:\\\/\\\/blogdofarnesio.com.br\\\/#\\\/schema\\\/person\\\/301c4acf522bccbfdb45af95b5b906a1\"},\"headline\":\"Depend\u00eancia qu\u00edmica foi tema de live promovida pela SESAU em Juazeiro\",\"datePublished\":\"2020-08-13T18:43:39+00:00\",\"mainEntityOfPage\":{\"@id\":\"https:\\\/\\\/blogdofarnesio.com.br\\\/?p=264864\"},\"wordCount\":394,\"publisher\":{\"@id\":\"https:\\\/\\\/blogdofarnesio.com.br\\\/#organization\"},\"image\":{\"@id\":\"https:\\\/\\\/blogdofarnesio.com.br\\\/?p=264864#primaryimage\"},\"thumbnailUrl\":\"https:\\\/\\\/blogdofarnesio.com.br\\\/wp-content\\\/uploads\\\/2020\\\/08\\\/Depend\u00eancia-qu\u00edmica-\u00e9-tema-de-live-promovida-pela-SESAU-em-Juazeiro-1.jpeg\",\"articleSection\":[\"Sa\u00fade\"],\"inLanguage\":\"pt-BR\"},{\"@type\":\"WebPage\",\"@id\":\"https:\\\/\\\/blogdofarnesio.com.br\\\/?p=264864\",\"url\":\"https:\\\/\\\/blogdofarnesio.com.br\\\/?p=264864\",\"name\":\"Depend\u00eancia qu\u00edmica foi tema de live promovida pela SESAU em Juazeiro - Blog do Farn\u00e9sio\",\"isPartOf\":{\"@id\":\"https:\\\/\\\/blogdofarnesio.com.br\\\/#website\"},\"primaryImageOfPage\":{\"@id\":\"https:\\\/\\\/blogdofarnesio.com.br\\\/?p=264864#primaryimage\"},\"image\":{\"@id\":\"https:\\\/\\\/blogdofarnesio.com.br\\\/?p=264864#primaryimage\"},\"thumbnailUrl\":\"https:\\\/\\\/blogdofarnesio.com.br\\\/wp-content\\\/uploads\\\/2020\\\/08\\\/Depend\u00eancia-qu\u00edmica-\u00e9-tema-de-live-promovida-pela-SESAU-em-Juazeiro-1.jpeg\",\"datePublished\":\"2020-08-13T18:43:39+00:00\",\"breadcrumb\":{\"@id\":\"https:\\\/\\\/blogdofarnesio.com.br\\\/?p=264864#breadcrumb\"},\"inLanguage\":\"pt-BR\",\"potentialAction\":[{\"@type\":\"ReadAction\",\"target\":[\"https:\\\/\\\/blogdofarnesio.com.br\\\/?p=264864\"]}]},{\"@type\":\"ImageObject\",\"inLanguage\":\"pt-BR\",\"@id\":\"https:\\\/\\\/blogdofarnesio.com.br\\\/?p=264864#primaryimage\",\"url\":\"https:\\\/\\\/blogdofarnesio.com.br\\\/wp-content\\\/uploads\\\/2020\\\/08\\\/Depend\u00eancia-qu\u00edmica-\u00e9-tema-de-live-promovida-pela-SESAU-em-Juazeiro-1.jpeg\",\"contentUrl\":\"https:\\\/\\\/blogdofarnesio.com.br\\\/wp-content\\\/uploads\\\/2020\\\/08\\\/Depend\u00eancia-qu\u00edmica-\u00e9-tema-de-live-promovida-pela-SESAU-em-Juazeiro-1.jpeg\",\"width\":789,\"height\":617},{\"@type\":\"BreadcrumbList\",\"@id\":\"https:\\\/\\\/blogdofarnesio.com.br\\\/?p=264864#breadcrumb\",\"itemListElement\":[{\"@type\":\"ListItem\",\"position\":1,\"name\":\"In\u00edcio\",\"item\":\"https:\\\/\\\/blogdofarnesio.com.br\\\/\"},{\"@type\":\"ListItem\",\"position\":2,\"name\":\"Depend\u00eancia qu\u00edmica foi tema de live promovida pela SESAU em Juazeiro\"}]},{\"@type\":\"WebSite\",\"@id\":\"https:\\\/\\\/blogdofarnesio.com.br\\\/#website\",\"url\":\"https:\\\/\\\/blogdofarnesio.com.br\\\/\",\"name\":\"Blog do Farn\u00e9sio\",\"description\":\"Quer Saber Pol\u00edtica?\",\"publisher\":{\"@id\":\"https:\\\/\\\/blogdofarnesio.com.br\\\/#organization\"},\"potentialAction\":[{\"@type\":\"SearchAction\",\"target\":{\"@type\":\"EntryPoint\",\"urlTemplate\":\"https:\\\/\\\/blogdofarnesio.com.br\\\/?s={search_term_string}\"},\"query-input\":{\"@type\":\"PropertyValueSpecification\",\"valueRequired\":true,\"valueName\":\"search_term_string\"}}],\"inLanguage\":\"pt-BR\"},{\"@type\":\"Organization\",\"@id\":\"https:\\\/\\\/blogdofarnesio.com.br\\\/#organization\",\"name\":\"Blog do Farn\u00e9sio\",\"url\":\"https:\\\/\\\/blogdofarnesio.com.br\\\/\",\"logo\":{\"@type\":\"ImageObject\",\"inLanguage\":\"pt-BR\",\"@id\":\"https:\\\/\\\/blogdofarnesio.com.br\\\/#\\\/schema\\\/logo\\\/image\\\/\",\"url\":\"https:\\\/\\\/blogdofarnesio.com.br\\\/wp-content\\\/uploads\\\/2026\\\/03\\\/cropped-logo_new-1.png\",\"contentUrl\":\"https:\\\/\\\/blogdofarnesio.com.br\\\/wp-content\\\/uploads\\\/2026\\\/03\\\/cropped-logo_new-1.png\",\"width\":881,\"height\":685,\"caption\":\"Blog do Farn\u00e9sio\"},\"image\":{\"@id\":\"https:\\\/\\\/blogdofarnesio.com.br\\\/#\\\/schema\\\/logo\\\/image\\\/\"},\"sameAs\":[\"https:\\\/\\\/www.facebook.com\\\/BlogQuerSaberPolitica\\\/\"]},{\"@type\":\"Person\",\"@id\":\"https:\\\/\\\/blogdofarnesio.com.br\\\/#\\\/schema\\\/person\\\/301c4acf522bccbfdb45af95b5b906a1\",\"name\":\"Farn\u00e9sio\",\"image\":{\"@type\":\"ImageObject\",\"inLanguage\":\"pt-BR\",\"@id\":\"https:\\\/\\\/secure.gravatar.com\\\/avatar\\\/df0c9a14567c056f8ad6876ba5bbd1e3e2c48023eb6807342fc4663adf549f38?s=96&d=mm&r=g\",\"url\":\"https:\\\/\\\/secure.gravatar.com\\\/avatar\\\/df0c9a14567c056f8ad6876ba5bbd1e3e2c48023eb6807342fc4663adf549f38?s=96&d=mm&r=g\",\"contentUrl\":\"https:\\\/\\\/secure.gravatar.com\\\/avatar\\\/df0c9a14567c056f8ad6876ba5bbd1e3e2c48023eb6807342fc4663adf549f38?s=96&d=mm&r=g\",\"caption\":\"Farn\u00e9sio\"},\"sameAs\":[\"https:\\\/\\\/quersaberpolitica.com.br\"],\"url\":\"https:\\\/\\\/blogdofarnesio.com.br\\\/?author=1\"}]}<\/script>\n<!-- \/ Yoast SEO plugin. -->","yoast_head_json":{"title":"Depend\u00eancia qu\u00edmica foi tema de live promovida pela SESAU em Juazeiro - Blog do Farn\u00e9sio","robots":{"index":"index","follow":"follow","max-snippet":"max-snippet:-1","max-image-preview":"max-image-preview:large","max-video-preview":"max-video-preview:-1"},"canonical":"https:\/\/blogdofarnesio.com.br\/?p=264864","og_locale":"pt_BR","og_type":"article","og_title":"Depend\u00eancia qu\u00edmica foi tema de live promovida pela SESAU em Juazeiro - Blog do Farn\u00e9sio","og_description":"A Secretaria da Sa\u00fade (SESAU) realizou nesta quinta-feira (13) mais uma\u00a0live\u00a0abordando quest\u00f5es referentes ao cen\u00e1rio de pandemia vivido no pa\u00eds. O tema debatido desta vez foi a depend\u00eancia qu\u00edmica no isolamento social.\u00a0\u00a0A\u00a0live\u00a0foi conduzida pela gerente de Educa\u00e7\u00e3o Permanente Clenilda Ananias e teve a participa\u00e7\u00e3o da enfermeira especialista em Sa\u00fade Mental e servidora do CAPS AD, Karoline Barros. \u201cTemos trazido temas bem prevalentes nesse per\u00edodo de pandemia e n\u00e3o poder\u00edamos deixar de introduzir a sa\u00fade mental e essa tem\u00e1tica nas nossas\u00a0lives. As medidas de isolamento para a conten\u00e7\u00e3o do novo coronav\u00edrus fizeram com que as pessoas ficassem mais tempo em casa e o uso, por exemplo, de \u00e1lcool que acontecia para muitos apenas na sexta-feira, passou a ter mais frequ\u00eancia. O&hellip;","og_url":"https:\/\/blogdofarnesio.com.br\/?p=264864","og_site_name":"Blog do Farn\u00e9sio","article_publisher":"https:\/\/www.facebook.com\/BlogQuerSaberPolitica\/","article_published_time":"2020-08-13T18:43:39+00:00","og_image":[{"width":789,"height":617,"url":"https:\/\/blogdofarnesio.com.br\/wp-content\/uploads\/2020\/08\/Depend\u00eancia-qu\u00edmica-\u00e9-tema-de-live-promovida-pela-SESAU-em-Juazeiro-1.jpeg","type":"image\/jpeg"}],"author":"Farn\u00e9sio","twitter_card":"summary_large_image","twitter_misc":{"Escrito por":"Farn\u00e9sio","Est. tempo de leitura":"2 minutos"},"schema":{"@context":"https:\/\/schema.org","@graph":[{"@type":"Article","@id":"https:\/\/blogdofarnesio.com.br\/?p=264864#article","isPartOf":{"@id":"https:\/\/blogdofarnesio.com.br\/?p=264864"},"author":{"name":"Farn\u00e9sio","@id":"https:\/\/blogdofarnesio.com.br\/#\/schema\/person\/301c4acf522bccbfdb45af95b5b906a1"},"headline":"Depend\u00eancia qu\u00edmica foi tema de live promovida pela SESAU em Juazeiro","datePublished":"2020-08-13T18:43:39+00:00","mainEntityOfPage":{"@id":"https:\/\/blogdofarnesio.com.br\/?p=264864"},"wordCount":394,"publisher":{"@id":"https:\/\/blogdofarnesio.com.br\/#organization"},"image":{"@id":"https:\/\/blogdofarnesio.com.br\/?p=264864#primaryimage"},"thumbnailUrl":"https:\/\/blogdofarnesio.com.br\/wp-content\/uploads\/2020\/08\/Depend\u00eancia-qu\u00edmica-\u00e9-tema-de-live-promovida-pela-SESAU-em-Juazeiro-1.jpeg","articleSection":["Sa\u00fade"],"inLanguage":"pt-BR"},{"@type":"WebPage","@id":"https:\/\/blogdofarnesio.com.br\/?p=264864","url":"https:\/\/blogdofarnesio.com.br\/?p=264864","name":"Depend\u00eancia qu\u00edmica foi tema de live promovida pela SESAU em Juazeiro - Blog do Farn\u00e9sio","isPartOf":{"@id":"https:\/\/blogdofarnesio.com.br\/#website"},"primaryImageOfPage":{"@id":"https:\/\/blogdofarnesio.com.br\/?p=264864#primaryimage"},"image":{"@id":"https:\/\/blogdofarnesio.com.br\/?p=264864#primaryimage"},"thumbnailUrl":"https:\/\/blogdofarnesio.com.br\/wp-content\/uploads\/2020\/08\/Depend\u00eancia-qu\u00edmica-\u00e9-tema-de-live-promovida-pela-SESAU-em-Juazeiro-1.jpeg","datePublished":"2020-08-13T18:43:39+00:00","breadcrumb":{"@id":"https:\/\/blogdofarnesio.com.br\/?p=264864#breadcrumb"},"inLanguage":"pt-BR","potentialAction":[{"@type":"ReadAction","target":["https:\/\/blogdofarnesio.com.br\/?p=264864"]}]},{"@type":"ImageObject","inLanguage":"pt-BR","@id":"https:\/\/blogdofarnesio.com.br\/?p=264864#primaryimage","url":"https:\/\/blogdofarnesio.com.br\/wp-content\/uploads\/2020\/08\/Depend\u00eancia-qu\u00edmica-\u00e9-tema-de-live-promovida-pela-SESAU-em-Juazeiro-1.jpeg","contentUrl":"https:\/\/blogdofarnesio.com.br\/wp-content\/uploads\/2020\/08\/Depend\u00eancia-qu\u00edmica-\u00e9-tema-de-live-promovida-pela-SESAU-em-Juazeiro-1.jpeg","width":789,"height":617},{"@type":"BreadcrumbList","@id":"https:\/\/blogdofarnesio.com.br\/?p=264864#breadcrumb","itemListElement":[{"@type":"ListItem","position":1,"name":"In\u00edcio","item":"https:\/\/blogdofarnesio.com.br\/"},{"@type":"ListItem","position":2,"name":"Depend\u00eancia qu\u00edmica foi tema de live promovida pela SESAU em Juazeiro"}]},{"@type":"WebSite","@id":"https:\/\/blogdofarnesio.com.br\/#website","url":"https:\/\/blogdofarnesio.com.br\/","name":"Blog do Farn\u00e9sio","description":"Quer Saber Pol\u00edtica?","publisher":{"@id":"https:\/\/blogdofarnesio.com.br\/#organization"},"potentialAction":[{"@type":"SearchAction","target":{"@type":"EntryPoint","urlTemplate":"https:\/\/blogdofarnesio.com.br\/?s={search_term_string}"},"query-input":{"@type":"PropertyValueSpecification","valueRequired":true,"valueName":"search_term_string"}}],"inLanguage":"pt-BR"},{"@type":"Organization","@id":"https:\/\/blogdofarnesio.com.br\/#organization","name":"Blog do Farn\u00e9sio","url":"https:\/\/blogdofarnesio.com.br\/","logo":{"@type":"ImageObject","inLanguage":"pt-BR","@id":"https:\/\/blogdofarnesio.com.br\/#\/schema\/logo\/image\/","url":"https:\/\/blogdofarnesio.com.br\/wp-content\/uploads\/2026\/03\/cropped-logo_new-1.png","contentUrl":"https:\/\/blogdofarnesio.com.br\/wp-content\/uploads\/2026\/03\/cropped-logo_new-1.png","width":881,"height":685,"caption":"Blog do Farn\u00e9sio"},"image":{"@id":"https:\/\/blogdofarnesio.com.br\/#\/schema\/logo\/image\/"},"sameAs":["https:\/\/www.facebook.com\/BlogQuerSaberPolitica\/"]},{"@type":"Person","@id":"https:\/\/blogdofarnesio.com.br\/#\/schema\/person\/301c4acf522bccbfdb45af95b5b906a1","name":"Farn\u00e9sio","image":{"@type":"ImageObject","inLanguage":"pt-BR","@id":"https:\/\/secure.gravatar.com\/avatar\/df0c9a14567c056f8ad6876ba5bbd1e3e2c48023eb6807342fc4663adf549f38?s=96&d=mm&r=g","url":"https:\/\/secure.gravatar.com\/avatar\/df0c9a14567c056f8ad6876ba5bbd1e3e2c48023eb6807342fc4663adf549f38?s=96&d=mm&r=g","contentUrl":"https:\/\/secure.gravatar.com\/avatar\/df0c9a14567c056f8ad6876ba5bbd1e3e2c48023eb6807342fc4663adf549f38?s=96&d=mm&r=g","caption":"Farn\u00e9sio"},"sameAs":["https:\/\/quersaberpolitica.com.br"],"url":"https:\/\/blogdofarnesio.com.br\/?author=1"}]}},"_links":{"self":[{"href":"https:\/\/blogdofarnesio.com.br\/index.php?rest_route=\/wp\/v2\/posts\/264864","targetHints":{"allow":["GET"]}}],"collection":[{"href":"https:\/\/blogdofarnesio.com.br\/index.php?rest_route=\/wp\/v2\/posts"}],"about":[{"href":"https:\/\/blogdofarnesio.com.br\/index.php?rest_route=\/wp\/v2\/types\/post"}],"author":[{"embeddable":true,"href":"https:\/\/blogdofarnesio.com.br\/index.php?rest_route=\/wp\/v2\/users\/1"}],"replies":[{"embeddable":true,"href":"https:\/\/blogdofarnesio.com.br\/index.php?rest_route=%2Fwp%2Fv2%2Fcomments&post=264864"}],"version-history":[{"count":0,"href":"https:\/\/blogdofarnesio.com.br\/index.php?rest_route=\/wp\/v2\/posts\/264864\/revisions"}],"wp:featuredmedia":[{"embeddable":true,"href":"https:\/\/blogdofarnesio.com.br\/index.php?rest_route=\/wp\/v2\/media\/264865"}],"wp:attachment":[{"href":"https:\/\/blogdofarnesio.com.br\/index.php?rest_route=%2Fwp%2Fv2%2Fmedia&parent=264864"}],"wp:term":[{"taxonomy":"category","embeddable":true,"href":"https:\/\/blogdofarnesio.com.br\/index.php?rest_route=%2Fwp%2Fv2%2Fcategories&post=264864"},{"taxonomy":"post_tag","embeddable":true,"href":"https:\/\/blogdofarnesio.com.br\/index.php?rest_route=%2Fwp%2Fv2%2Ftags&post=264864"}],"curies":[{"name":"wp","href":"https:\/\/api.w.org\/{rel}","templated":true}]}}