{"id":264826,"date":"2020-08-13T14:41:23","date_gmt":"2020-08-13T17:41:23","guid":{"rendered":"http:\/\/quersaberpolitica.com.br\/2016\/?p=264826"},"modified":"2020-08-13T13:50:51","modified_gmt":"2020-08-13T16:50:51","slug":"praca-no-castelo-branco-esta-pronta-e-sera-entregue-nesta-sexta-feira-14","status":"publish","type":"post","link":"https:\/\/blogdofarnesio.com.br\/?p=264826","title":{"rendered":"Pra\u00e7a no Castelo Branco est\u00e1 pronta e ser\u00e1 entregue nesta sexta-feira (14)"},"content":{"rendered":"<p>A Prefeitura de Juazeiro, atrav\u00e9s da Secretaria de Obras e Desenvolvimento Urbano (SEDUR) realiza os \u00faltimos detalhes para a inaugura\u00e7\u00e3o da Pra\u00e7a Ant\u00f4nio Cotrim Santos, popularmente conhecida como Pra\u00e7a da Quadra H, localizada no bairro Castelo Branco. A nova pra\u00e7a ser\u00e1 entregue nesta sexta-feira (14), em mais uma agenda do programa de governo \u2018Toda Sexta tem Obra\u2019.<\/p>\n<p>O prefeito Paulo Bomfim visitou a pra\u00e7a na manh\u00e3 desta quarta-feira (12) para avaliar a conclus\u00e3o da obra, momento em que foi recepcionado pelos moradores do bairro, que fizeram quest\u00e3o de agradecer a conclus\u00e3o de mais um importante equipamento.<\/p>\n<p>\u201cO sentimento \u00e9 de alegria por chegar a uma comunidade e receber esse retorno t\u00e3o positivo da popula\u00e7\u00e3o, s\u00e3o rea\u00e7\u00f5es como essas que nos impulsionam a continuar trabalhando para melhorar a vida do juazeirense. Essa \u00e9 a segunda pra\u00e7a que vamos entregar aqui no bairro, em menos de um m\u00eas, e seguimos com outras pra\u00e7as em constru\u00e7\u00e3o no bairro Piranga II, a pra\u00e7a da feira, a pra\u00e7a da Igreja e ainda temos outras obras de pra\u00e7as para iniciar, no bairro Piranga e Vila Tiradentes. Esse \u00e9 o nosso foco enquanto prefeito de Juazeiro: trabalhar para que Juazeiro siga no rumo do desenvolvimento\u201d, destaca o prefeito Paulo Bomfim.<\/p>\n<p>A pra\u00e7a constru\u00edda numa \u00e1rea de cerca 1.200 m\u00b2, teve in\u00edcio no final do m\u00eas de julho, foi custeada com recurso do munic\u00edpio, e recebeu parque infantil, bancos em madeira, \u00e1rea para estacionamento, rampas de acessibilidade, mini campo, passeios em concreto e lumin\u00e1rias.<\/p>\n<p>\u201cA nossa pra\u00e7a ficou linda, d\u00e1 gosto chegar aqui no final da tarde e ver a quantidade de fam\u00edlias e crian\u00e7as frenquentando. \u00c9 uma obra que valoriza nosso bairro e nos d\u00e1 mais qualidade de vida\u201d, disse o aposentado e morador h\u00e1 mais de 50 anos do bairro, Jos\u00e9 Milton Messias. Para a tamb\u00e9m aposentada e moradora do bairro Ivonete Nunes \u00e9 gratificante ver a pra\u00e7a de cara nova. \u201cMudou muito aqui com a nova pra\u00e7a, as crian\u00e7as est\u00e3o adorando, os moradores das outras quadras est\u00e3o vindo para c\u00e1, mudou para melhor\u201d, declara a aposentada.<\/p>\n<p>A inaugura\u00e7\u00e3o da Pra\u00e7a Ant\u00f4nio Cotrim Santos est\u00e1 programada para \u00e0s 9h. O evento ocorrer\u00e1 de maneira reservada e cumprindo as determina\u00e7\u00f5es do Decreto Municipal de enfrentamento a Covid19, como o uso de m\u00e1scara, higieniza\u00e7\u00e3o das m\u00e3os com \u00e1lcool em gel e distanciamento.<\/p>\n","protected":false},"excerpt":{"rendered":"<p>A Prefeitura de Juazeiro, atrav\u00e9s da Secretaria de Obras e Desenvolvimento Urbano (SEDUR) realiza os \u00faltimos detalhes para a inaugura\u00e7\u00e3o da Pra\u00e7a Ant\u00f4nio Cotrim Santos, popularmente conhecida como Pra\u00e7a da Quadra H, localizada no bairro Castelo Branco. A nova pra\u00e7a ser\u00e1 entregue nesta sexta-feira (14), em mais uma agenda do programa de governo \u2018Toda Sexta tem Obra\u2019. O prefeito Paulo Bomfim visitou a pra\u00e7a na manh\u00e3 desta quarta-feira (12) para avaliar a conclus\u00e3o da obra, momento em que foi recepcionado pelos moradores do bairro, que fizeram quest\u00e3o de agradecer a conclus\u00e3o de mais um importante equipamento. \u201cO sentimento \u00e9 de alegria por chegar a uma comunidade e receber esse retorno t\u00e3o positivo da popula\u00e7\u00e3o, s\u00e3o rea\u00e7\u00f5es como essas que nos&hellip; <\/p>\n","protected":false},"author":1,"featured_media":264827,"comment_status":"closed","ping_status":"closed","sticky":false,"template":"","format":"standard","meta":{"_acf_changed":false,"footnotes":""},"categories":[1],"tags":[],"class_list":["post-264826","post","type-post","status-publish","format-standard","has-post-thumbnail","hentry","category-politica"],"acf":[],"yoast_head":"<!-- This site is optimized with the Yoast SEO plugin v27.4 - https:\/\/yoast.com\/product\/yoast-seo-wordpress\/ -->\n<title>Pra\u00e7a no Castelo Branco est\u00e1 pronta e ser\u00e1 entregue nesta sexta-feira (14) - Blog do Farn\u00e9sio<\/title>\n<meta name=\"robots\" content=\"index, follow, max-snippet:-1, max-image-preview:large, max-video-preview:-1\" \/>\n<link rel=\"canonical\" href=\"https:\/\/blogdofarnesio.com.br\/?p=264826\" \/>\n<meta property=\"og:locale\" content=\"pt_BR\" \/>\n<meta property=\"og:type\" content=\"article\" \/>\n<meta property=\"og:title\" content=\"Pra\u00e7a no Castelo Branco est\u00e1 pronta e ser\u00e1 entregue nesta sexta-feira (14) - Blog do Farn\u00e9sio\" \/>\n<meta property=\"og:description\" content=\"A Prefeitura de Juazeiro, atrav\u00e9s da Secretaria de Obras e Desenvolvimento Urbano (SEDUR) realiza os \u00faltimos detalhes para a inaugura\u00e7\u00e3o da Pra\u00e7a Ant\u00f4nio Cotrim Santos, popularmente conhecida como Pra\u00e7a da Quadra H, localizada no bairro Castelo Branco. A nova pra\u00e7a ser\u00e1 entregue nesta sexta-feira (14), em mais uma agenda do programa de governo \u2018Toda Sexta tem Obra\u2019. O prefeito Paulo Bomfim visitou a pra\u00e7a na manh\u00e3 desta quarta-feira (12) para avaliar a conclus\u00e3o da obra, momento em que foi recepcionado pelos moradores do bairro, que fizeram quest\u00e3o de agradecer a conclus\u00e3o de mais um importante equipamento. \u201cO sentimento \u00e9 de alegria por chegar a uma comunidade e receber esse retorno t\u00e3o positivo da popula\u00e7\u00e3o, s\u00e3o rea\u00e7\u00f5es como essas que nos&hellip;\" \/>\n<meta property=\"og:url\" content=\"https:\/\/blogdofarnesio.com.br\/?p=264826\" \/>\n<meta property=\"og:site_name\" content=\"Blog do Farn\u00e9sio\" \/>\n<meta property=\"article:publisher\" content=\"https:\/\/www.facebook.com\/BlogQuerSaberPolitica\/\" \/>\n<meta property=\"article:published_time\" content=\"2020-08-13T17:41:23+00:00\" \/>\n<meta property=\"og:image\" content=\"https:\/\/blogdofarnesio.com.br\/wp-content\/uploads\/2020\/08\/blogqspjua-P\u00e7-Castelo-Branco-2-e1597283320360.jpg\" \/>\n\t<meta property=\"og:image:width\" content=\"680\" \/>\n\t<meta property=\"og:image:height\" content=\"453\" \/>\n\t<meta property=\"og:image:type\" content=\"image\/jpeg\" \/>\n<meta name=\"author\" content=\"Farn\u00e9sio\" \/>\n<meta name=\"twitter:card\" content=\"summary_large_image\" \/>\n<meta name=\"twitter:label1\" content=\"Escrito por\" \/>\n\t<meta name=\"twitter:data1\" content=\"Farn\u00e9sio\" \/>\n\t<meta name=\"twitter:label2\" content=\"Est. tempo de leitura\" \/>\n\t<meta name=\"twitter:data2\" content=\"2 minutos\" \/>\n<script type=\"application\/ld+json\" class=\"yoast-schema-graph\">{\"@context\":\"https:\\\/\\\/schema.org\",\"@graph\":[{\"@type\":\"Article\",\"@id\":\"https:\\\/\\\/blogdofarnesio.com.br\\\/?p=264826#article\",\"isPartOf\":{\"@id\":\"https:\\\/\\\/blogdofarnesio.com.br\\\/?p=264826\"},\"author\":{\"name\":\"Farn\u00e9sio\",\"@id\":\"https:\\\/\\\/blogdofarnesio.com.br\\\/#\\\/schema\\\/person\\\/301c4acf522bccbfdb45af95b5b906a1\"},\"headline\":\"Pra\u00e7a no Castelo Branco est\u00e1 pronta e ser\u00e1 entregue nesta sexta-feira (14)\",\"datePublished\":\"2020-08-13T17:41:23+00:00\",\"mainEntityOfPage\":{\"@id\":\"https:\\\/\\\/blogdofarnesio.com.br\\\/?p=264826\"},\"wordCount\":430,\"publisher\":{\"@id\":\"https:\\\/\\\/blogdofarnesio.com.br\\\/#organization\"},\"image\":{\"@id\":\"https:\\\/\\\/blogdofarnesio.com.br\\\/?p=264826#primaryimage\"},\"thumbnailUrl\":\"https:\\\/\\\/blogdofarnesio.com.br\\\/wp-content\\\/uploads\\\/2020\\\/08\\\/blogqspjua-P\u00e7-Castelo-Branco-2-e1597283320360.jpg\",\"articleSection\":[\"Pol\u00edtica\"],\"inLanguage\":\"pt-BR\"},{\"@type\":\"WebPage\",\"@id\":\"https:\\\/\\\/blogdofarnesio.com.br\\\/?p=264826\",\"url\":\"https:\\\/\\\/blogdofarnesio.com.br\\\/?p=264826\",\"name\":\"Pra\u00e7a no Castelo Branco est\u00e1 pronta e ser\u00e1 entregue nesta sexta-feira (14) - Blog do Farn\u00e9sio\",\"isPartOf\":{\"@id\":\"https:\\\/\\\/blogdofarnesio.com.br\\\/#website\"},\"primaryImageOfPage\":{\"@id\":\"https:\\\/\\\/blogdofarnesio.com.br\\\/?p=264826#primaryimage\"},\"image\":{\"@id\":\"https:\\\/\\\/blogdofarnesio.com.br\\\/?p=264826#primaryimage\"},\"thumbnailUrl\":\"https:\\\/\\\/blogdofarnesio.com.br\\\/wp-content\\\/uploads\\\/2020\\\/08\\\/blogqspjua-P\u00e7-Castelo-Branco-2-e1597283320360.jpg\",\"datePublished\":\"2020-08-13T17:41:23+00:00\",\"breadcrumb\":{\"@id\":\"https:\\\/\\\/blogdofarnesio.com.br\\\/?p=264826#breadcrumb\"},\"inLanguage\":\"pt-BR\",\"potentialAction\":[{\"@type\":\"ReadAction\",\"target\":[\"https:\\\/\\\/blogdofarnesio.com.br\\\/?p=264826\"]}]},{\"@type\":\"ImageObject\",\"inLanguage\":\"pt-BR\",\"@id\":\"https:\\\/\\\/blogdofarnesio.com.br\\\/?p=264826#primaryimage\",\"url\":\"https:\\\/\\\/blogdofarnesio.com.br\\\/wp-content\\\/uploads\\\/2020\\\/08\\\/blogqspjua-P\u00e7-Castelo-Branco-2-e1597283320360.jpg\",\"contentUrl\":\"https:\\\/\\\/blogdofarnesio.com.br\\\/wp-content\\\/uploads\\\/2020\\\/08\\\/blogqspjua-P\u00e7-Castelo-Branco-2-e1597283320360.jpg\",\"width\":680,\"height\":453},{\"@type\":\"BreadcrumbList\",\"@id\":\"https:\\\/\\\/blogdofarnesio.com.br\\\/?p=264826#breadcrumb\",\"itemListElement\":[{\"@type\":\"ListItem\",\"position\":1,\"name\":\"In\u00edcio\",\"item\":\"https:\\\/\\\/blogdofarnesio.com.br\\\/\"},{\"@type\":\"ListItem\",\"position\":2,\"name\":\"Pra\u00e7a no Castelo Branco est\u00e1 pronta e ser\u00e1 entregue nesta sexta-feira (14)\"}]},{\"@type\":\"WebSite\",\"@id\":\"https:\\\/\\\/blogdofarnesio.com.br\\\/#website\",\"url\":\"https:\\\/\\\/blogdofarnesio.com.br\\\/\",\"name\":\"Blog do Farn\u00e9sio\",\"description\":\"Quer Saber Pol\u00edtica?\",\"publisher\":{\"@id\":\"https:\\\/\\\/blogdofarnesio.com.br\\\/#organization\"},\"potentialAction\":[{\"@type\":\"SearchAction\",\"target\":{\"@type\":\"EntryPoint\",\"urlTemplate\":\"https:\\\/\\\/blogdofarnesio.com.br\\\/?s={search_term_string}\"},\"query-input\":{\"@type\":\"PropertyValueSpecification\",\"valueRequired\":true,\"valueName\":\"search_term_string\"}}],\"inLanguage\":\"pt-BR\"},{\"@type\":\"Organization\",\"@id\":\"https:\\\/\\\/blogdofarnesio.com.br\\\/#organization\",\"name\":\"Blog do Farn\u00e9sio\",\"url\":\"https:\\\/\\\/blogdofarnesio.com.br\\\/\",\"logo\":{\"@type\":\"ImageObject\",\"inLanguage\":\"pt-BR\",\"@id\":\"https:\\\/\\\/blogdofarnesio.com.br\\\/#\\\/schema\\\/logo\\\/image\\\/\",\"url\":\"https:\\\/\\\/blogdofarnesio.com.br\\\/wp-content\\\/uploads\\\/2026\\\/03\\\/cropped-logo_new-1.png\",\"contentUrl\":\"https:\\\/\\\/blogdofarnesio.com.br\\\/wp-content\\\/uploads\\\/2026\\\/03\\\/cropped-logo_new-1.png\",\"width\":881,\"height\":685,\"caption\":\"Blog do Farn\u00e9sio\"},\"image\":{\"@id\":\"https:\\\/\\\/blogdofarnesio.com.br\\\/#\\\/schema\\\/logo\\\/image\\\/\"},\"sameAs\":[\"https:\\\/\\\/www.facebook.com\\\/BlogQuerSaberPolitica\\\/\"]},{\"@type\":\"Person\",\"@id\":\"https:\\\/\\\/blogdofarnesio.com.br\\\/#\\\/schema\\\/person\\\/301c4acf522bccbfdb45af95b5b906a1\",\"name\":\"Farn\u00e9sio\",\"image\":{\"@type\":\"ImageObject\",\"inLanguage\":\"pt-BR\",\"@id\":\"https:\\\/\\\/secure.gravatar.com\\\/avatar\\\/df0c9a14567c056f8ad6876ba5bbd1e3e2c48023eb6807342fc4663adf549f38?s=96&d=mm&r=g\",\"url\":\"https:\\\/\\\/secure.gravatar.com\\\/avatar\\\/df0c9a14567c056f8ad6876ba5bbd1e3e2c48023eb6807342fc4663adf549f38?s=96&d=mm&r=g\",\"contentUrl\":\"https:\\\/\\\/secure.gravatar.com\\\/avatar\\\/df0c9a14567c056f8ad6876ba5bbd1e3e2c48023eb6807342fc4663adf549f38?s=96&d=mm&r=g\",\"caption\":\"Farn\u00e9sio\"},\"sameAs\":[\"https:\\\/\\\/quersaberpolitica.com.br\"],\"url\":\"https:\\\/\\\/blogdofarnesio.com.br\\\/?author=1\"}]}<\/script>\n<!-- \/ Yoast SEO plugin. -->","yoast_head_json":{"title":"Pra\u00e7a no Castelo Branco est\u00e1 pronta e ser\u00e1 entregue nesta sexta-feira (14) - Blog do Farn\u00e9sio","robots":{"index":"index","follow":"follow","max-snippet":"max-snippet:-1","max-image-preview":"max-image-preview:large","max-video-preview":"max-video-preview:-1"},"canonical":"https:\/\/blogdofarnesio.com.br\/?p=264826","og_locale":"pt_BR","og_type":"article","og_title":"Pra\u00e7a no Castelo Branco est\u00e1 pronta e ser\u00e1 entregue nesta sexta-feira (14) - Blog do Farn\u00e9sio","og_description":"A Prefeitura de Juazeiro, atrav\u00e9s da Secretaria de Obras e Desenvolvimento Urbano (SEDUR) realiza os \u00faltimos detalhes para a inaugura\u00e7\u00e3o da Pra\u00e7a Ant\u00f4nio Cotrim Santos, popularmente conhecida como Pra\u00e7a da Quadra H, localizada no bairro Castelo Branco. A nova pra\u00e7a ser\u00e1 entregue nesta sexta-feira (14), em mais uma agenda do programa de governo \u2018Toda Sexta tem Obra\u2019. O prefeito Paulo Bomfim visitou a pra\u00e7a na manh\u00e3 desta quarta-feira (12) para avaliar a conclus\u00e3o da obra, momento em que foi recepcionado pelos moradores do bairro, que fizeram quest\u00e3o de agradecer a conclus\u00e3o de mais um importante equipamento. \u201cO sentimento \u00e9 de alegria por chegar a uma comunidade e receber esse retorno t\u00e3o positivo da popula\u00e7\u00e3o, s\u00e3o rea\u00e7\u00f5es como essas que nos&hellip;","og_url":"https:\/\/blogdofarnesio.com.br\/?p=264826","og_site_name":"Blog do Farn\u00e9sio","article_publisher":"https:\/\/www.facebook.com\/BlogQuerSaberPolitica\/","article_published_time":"2020-08-13T17:41:23+00:00","og_image":[{"width":680,"height":453,"url":"https:\/\/blogdofarnesio.com.br\/wp-content\/uploads\/2020\/08\/blogqspjua-P\u00e7-Castelo-Branco-2-e1597283320360.jpg","type":"image\/jpeg"}],"author":"Farn\u00e9sio","twitter_card":"summary_large_image","twitter_misc":{"Escrito por":"Farn\u00e9sio","Est. tempo de leitura":"2 minutos"},"schema":{"@context":"https:\/\/schema.org","@graph":[{"@type":"Article","@id":"https:\/\/blogdofarnesio.com.br\/?p=264826#article","isPartOf":{"@id":"https:\/\/blogdofarnesio.com.br\/?p=264826"},"author":{"name":"Farn\u00e9sio","@id":"https:\/\/blogdofarnesio.com.br\/#\/schema\/person\/301c4acf522bccbfdb45af95b5b906a1"},"headline":"Pra\u00e7a no Castelo Branco est\u00e1 pronta e ser\u00e1 entregue nesta sexta-feira (14)","datePublished":"2020-08-13T17:41:23+00:00","mainEntityOfPage":{"@id":"https:\/\/blogdofarnesio.com.br\/?p=264826"},"wordCount":430,"publisher":{"@id":"https:\/\/blogdofarnesio.com.br\/#organization"},"image":{"@id":"https:\/\/blogdofarnesio.com.br\/?p=264826#primaryimage"},"thumbnailUrl":"https:\/\/blogdofarnesio.com.br\/wp-content\/uploads\/2020\/08\/blogqspjua-P\u00e7-Castelo-Branco-2-e1597283320360.jpg","articleSection":["Pol\u00edtica"],"inLanguage":"pt-BR"},{"@type":"WebPage","@id":"https:\/\/blogdofarnesio.com.br\/?p=264826","url":"https:\/\/blogdofarnesio.com.br\/?p=264826","name":"Pra\u00e7a no Castelo Branco est\u00e1 pronta e ser\u00e1 entregue nesta sexta-feira (14) - Blog do Farn\u00e9sio","isPartOf":{"@id":"https:\/\/blogdofarnesio.com.br\/#website"},"primaryImageOfPage":{"@id":"https:\/\/blogdofarnesio.com.br\/?p=264826#primaryimage"},"image":{"@id":"https:\/\/blogdofarnesio.com.br\/?p=264826#primaryimage"},"thumbnailUrl":"https:\/\/blogdofarnesio.com.br\/wp-content\/uploads\/2020\/08\/blogqspjua-P\u00e7-Castelo-Branco-2-e1597283320360.jpg","datePublished":"2020-08-13T17:41:23+00:00","breadcrumb":{"@id":"https:\/\/blogdofarnesio.com.br\/?p=264826#breadcrumb"},"inLanguage":"pt-BR","potentialAction":[{"@type":"ReadAction","target":["https:\/\/blogdofarnesio.com.br\/?p=264826"]}]},{"@type":"ImageObject","inLanguage":"pt-BR","@id":"https:\/\/blogdofarnesio.com.br\/?p=264826#primaryimage","url":"https:\/\/blogdofarnesio.com.br\/wp-content\/uploads\/2020\/08\/blogqspjua-P\u00e7-Castelo-Branco-2-e1597283320360.jpg","contentUrl":"https:\/\/blogdofarnesio.com.br\/wp-content\/uploads\/2020\/08\/blogqspjua-P\u00e7-Castelo-Branco-2-e1597283320360.jpg","width":680,"height":453},{"@type":"BreadcrumbList","@id":"https:\/\/blogdofarnesio.com.br\/?p=264826#breadcrumb","itemListElement":[{"@type":"ListItem","position":1,"name":"In\u00edcio","item":"https:\/\/blogdofarnesio.com.br\/"},{"@type":"ListItem","position":2,"name":"Pra\u00e7a no Castelo Branco est\u00e1 pronta e ser\u00e1 entregue nesta sexta-feira (14)"}]},{"@type":"WebSite","@id":"https:\/\/blogdofarnesio.com.br\/#website","url":"https:\/\/blogdofarnesio.com.br\/","name":"Blog do Farn\u00e9sio","description":"Quer Saber Pol\u00edtica?","publisher":{"@id":"https:\/\/blogdofarnesio.com.br\/#organization"},"potentialAction":[{"@type":"SearchAction","target":{"@type":"EntryPoint","urlTemplate":"https:\/\/blogdofarnesio.com.br\/?s={search_term_string}"},"query-input":{"@type":"PropertyValueSpecification","valueRequired":true,"valueName":"search_term_string"}}],"inLanguage":"pt-BR"},{"@type":"Organization","@id":"https:\/\/blogdofarnesio.com.br\/#organization","name":"Blog do Farn\u00e9sio","url":"https:\/\/blogdofarnesio.com.br\/","logo":{"@type":"ImageObject","inLanguage":"pt-BR","@id":"https:\/\/blogdofarnesio.com.br\/#\/schema\/logo\/image\/","url":"https:\/\/blogdofarnesio.com.br\/wp-content\/uploads\/2026\/03\/cropped-logo_new-1.png","contentUrl":"https:\/\/blogdofarnesio.com.br\/wp-content\/uploads\/2026\/03\/cropped-logo_new-1.png","width":881,"height":685,"caption":"Blog do Farn\u00e9sio"},"image":{"@id":"https:\/\/blogdofarnesio.com.br\/#\/schema\/logo\/image\/"},"sameAs":["https:\/\/www.facebook.com\/BlogQuerSaberPolitica\/"]},{"@type":"Person","@id":"https:\/\/blogdofarnesio.com.br\/#\/schema\/person\/301c4acf522bccbfdb45af95b5b906a1","name":"Farn\u00e9sio","image":{"@type":"ImageObject","inLanguage":"pt-BR","@id":"https:\/\/secure.gravatar.com\/avatar\/df0c9a14567c056f8ad6876ba5bbd1e3e2c48023eb6807342fc4663adf549f38?s=96&d=mm&r=g","url":"https:\/\/secure.gravatar.com\/avatar\/df0c9a14567c056f8ad6876ba5bbd1e3e2c48023eb6807342fc4663adf549f38?s=96&d=mm&r=g","contentUrl":"https:\/\/secure.gravatar.com\/avatar\/df0c9a14567c056f8ad6876ba5bbd1e3e2c48023eb6807342fc4663adf549f38?s=96&d=mm&r=g","caption":"Farn\u00e9sio"},"sameAs":["https:\/\/quersaberpolitica.com.br"],"url":"https:\/\/blogdofarnesio.com.br\/?author=1"}]}},"_links":{"self":[{"href":"https:\/\/blogdofarnesio.com.br\/index.php?rest_route=\/wp\/v2\/posts\/264826","targetHints":{"allow":["GET"]}}],"collection":[{"href":"https:\/\/blogdofarnesio.com.br\/index.php?rest_route=\/wp\/v2\/posts"}],"about":[{"href":"https:\/\/blogdofarnesio.com.br\/index.php?rest_route=\/wp\/v2\/types\/post"}],"author":[{"embeddable":true,"href":"https:\/\/blogdofarnesio.com.br\/index.php?rest_route=\/wp\/v2\/users\/1"}],"replies":[{"embeddable":true,"href":"https:\/\/blogdofarnesio.com.br\/index.php?rest_route=%2Fwp%2Fv2%2Fcomments&post=264826"}],"version-history":[{"count":0,"href":"https:\/\/blogdofarnesio.com.br\/index.php?rest_route=\/wp\/v2\/posts\/264826\/revisions"}],"wp:featuredmedia":[{"embeddable":true,"href":"https:\/\/blogdofarnesio.com.br\/index.php?rest_route=\/wp\/v2\/media\/264827"}],"wp:attachment":[{"href":"https:\/\/blogdofarnesio.com.br\/index.php?rest_route=%2Fwp%2Fv2%2Fmedia&parent=264826"}],"wp:term":[{"taxonomy":"category","embeddable":true,"href":"https:\/\/blogdofarnesio.com.br\/index.php?rest_route=%2Fwp%2Fv2%2Fcategories&post=264826"},{"taxonomy":"post_tag","embeddable":true,"href":"https:\/\/blogdofarnesio.com.br\/index.php?rest_route=%2Fwp%2Fv2%2Ftags&post=264826"}],"curies":[{"name":"wp","href":"https:\/\/api.w.org\/{rel}","templated":true}]}}