{"id":264612,"date":"2020-08-13T15:02:52","date_gmt":"2020-08-13T18:02:52","guid":{"rendered":"http:\/\/quersaberpolitica.com.br\/2016\/?p=264612"},"modified":"2020-08-12T22:31:49","modified_gmt":"2020-08-13T01:31:49","slug":"juazeiro-lanca-o-aprender-em-casa-para-alunos-da-educacao-infantil-e-do-ciclo-de-alfabetizacao","status":"publish","type":"post","link":"https:\/\/blogdofarnesio.com.br\/?p=264612","title":{"rendered":"Juazeiro lan\u00e7a o \u2018Aprender em Casa\u2019 para alunos da Educa\u00e7\u00e3o Infantil e do ciclo de Alfabetiza\u00e7\u00e3o"},"content":{"rendered":"<p>A Prefeitura de Juazeiro, atrav\u00e9s da Secretaria de Educa\u00e7\u00e3o e Juventude \u2013 SEDUC lan\u00e7ou ter\u00e7a-feira (11), o \u2018Aprender em casa\u2019, que vai atender alunos da Educa\u00e7\u00e3o Infantil, Pr\u00e9-escola e 1\u00ba e 2\u00ba anos do Ciclo de Alfabetiza\u00e7\u00e3o da rede municipal de ensino, em Juazeiro.<\/p>\n<p>O prefeito Paulo Bomfim, a secret\u00e1ria da SEDUC Lucinete Alves e representantes da Aprender Editora participam do lan\u00e7amento online pela plataforma zoom com os coordenadores pedag\u00f3gicos da Educa\u00e7\u00e3o Infantil e do Ciclo de Alfabetiza\u00e7\u00e3o da rede.<\/p>\n<p>A parceria da SEDUC com a Aprender Editora teve in\u00edcio em 2017 e este ano precisou ser adaptada para esse momento de isolamento social, o trabalho que seria desenvolvido em sala de aula com os alunos, ser\u00e1 neste per\u00edodo em casa, fortalecendo tamb\u00e9m a parceria da escola com as fam\u00edlias, para garantir a aprendizagem dos alunos da Educa\u00e7\u00e3o Infantil \u2013\u00a0Pr\u00e9-escola e 1\u00ba e 2\u00ba anos do Ciclo de Alfabetiza\u00e7\u00e3o.<\/p>\n<p>A secret\u00e1ria Lucinete explicou que esta a\u00e7\u00e3o tamb\u00e9m faz parte do Projeto Juazeiro Cidade Educadora &#8211; Aula em Rede, que os coordenadores pedag\u00f3gicos e professores v\u00e3o participar das forma\u00e7\u00f5es online, sendo disponibilizado um planejamento com atividades semanais, enquanto que as fam\u00edlias e os alunos v\u00e3o receber os livros da Aprender Editora, com as orienta\u00e7\u00f5es para realiza\u00e7\u00e3o das atividades, conforme calend\u00e1rio e rotina estabelecida.<\/p>\n<p>\u201cDesde o in\u00edcio da pandemia, a equipe SEDUC, professores, gestores e coordenadores t\u00eam se reinventado, buscando novas alternativas para continuar atendendo aos nossos alunos com as aulas online, o Aula Itinerante entregando as atividades escolares impressas, as forma\u00e7\u00f5es online e tantas iniciativas das equipes escolares. Nesse momento desafiador que estamos vivendo, n\u00e3o temos medido esfor\u00e7os para continuar levando aten\u00e7\u00e3o, carinho e aprendizagem aos nossos alunos e educadores. O \u201cAprender em casa\u201d \u00e9 mais uma a\u00e7\u00e3o que vai atender os alunos da rede\u201d, finalizou.<\/p>\n<p>Nesta ter\u00e7a e quarta-feira\u00a0 (11 e 12) as equipes gestoras das unidades escolares da rede municipal ir\u00e3o realizar a entrega do material estruturado da Aprender Editora para os pais ou respons\u00e1veis dos alunos.<\/p>\n","protected":false},"excerpt":{"rendered":"<p>A Prefeitura de Juazeiro, atrav\u00e9s da Secretaria de Educa\u00e7\u00e3o e Juventude \u2013 SEDUC lan\u00e7ou ter\u00e7a-feira (11), o \u2018Aprender em casa\u2019, que vai atender alunos da Educa\u00e7\u00e3o Infantil, Pr\u00e9-escola e 1\u00ba e 2\u00ba anos do Ciclo de Alfabetiza\u00e7\u00e3o da rede municipal de ensino, em Juazeiro. O prefeito Paulo Bomfim, a secret\u00e1ria da SEDUC Lucinete Alves e representantes da Aprender Editora participam do lan\u00e7amento online pela plataforma zoom com os coordenadores pedag\u00f3gicos da Educa\u00e7\u00e3o Infantil e do Ciclo de Alfabetiza\u00e7\u00e3o da rede. A parceria da SEDUC com a Aprender Editora teve in\u00edcio em 2017 e este ano precisou ser adaptada para esse momento de isolamento social, o trabalho que seria desenvolvido em sala de aula com os alunos, ser\u00e1 neste per\u00edodo em&hellip; <\/p>\n","protected":false},"author":1,"featured_media":264613,"comment_status":"closed","ping_status":"closed","sticky":false,"template":"","format":"standard","meta":{"_acf_changed":false,"footnotes":""},"categories":[6],"tags":[],"class_list":["post-264612","post","type-post","status-publish","format-standard","has-post-thumbnail","hentry","category-educacao"],"acf":[],"yoast_head":"<!-- This site is optimized with the Yoast SEO plugin v27.4 - https:\/\/yoast.com\/product\/yoast-seo-wordpress\/ -->\n<title>Juazeiro lan\u00e7a o \u2018Aprender em Casa\u2019 para alunos da Educa\u00e7\u00e3o Infantil e do ciclo de Alfabetiza\u00e7\u00e3o - Blog do Farn\u00e9sio<\/title>\n<meta name=\"robots\" content=\"index, follow, max-snippet:-1, max-image-preview:large, max-video-preview:-1\" \/>\n<link rel=\"canonical\" href=\"https:\/\/blogdofarnesio.com.br\/?p=264612\" \/>\n<meta property=\"og:locale\" content=\"pt_BR\" \/>\n<meta property=\"og:type\" content=\"article\" \/>\n<meta property=\"og:title\" content=\"Juazeiro lan\u00e7a o \u2018Aprender em Casa\u2019 para alunos da Educa\u00e7\u00e3o Infantil e do ciclo de Alfabetiza\u00e7\u00e3o - Blog do Farn\u00e9sio\" \/>\n<meta property=\"og:description\" content=\"A Prefeitura de Juazeiro, atrav\u00e9s da Secretaria de Educa\u00e7\u00e3o e Juventude \u2013 SEDUC lan\u00e7ou ter\u00e7a-feira (11), o \u2018Aprender em casa\u2019, que vai atender alunos da Educa\u00e7\u00e3o Infantil, Pr\u00e9-escola e 1\u00ba e 2\u00ba anos do Ciclo de Alfabetiza\u00e7\u00e3o da rede municipal de ensino, em Juazeiro. O prefeito Paulo Bomfim, a secret\u00e1ria da SEDUC Lucinete Alves e representantes da Aprender Editora participam do lan\u00e7amento online pela plataforma zoom com os coordenadores pedag\u00f3gicos da Educa\u00e7\u00e3o Infantil e do Ciclo de Alfabetiza\u00e7\u00e3o da rede. A parceria da SEDUC com a Aprender Editora teve in\u00edcio em 2017 e este ano precisou ser adaptada para esse momento de isolamento social, o trabalho que seria desenvolvido em sala de aula com os alunos, ser\u00e1 neste per\u00edodo em&hellip;\" \/>\n<meta property=\"og:url\" content=\"https:\/\/blogdofarnesio.com.br\/?p=264612\" \/>\n<meta property=\"og:site_name\" content=\"Blog do Farn\u00e9sio\" \/>\n<meta property=\"article:publisher\" content=\"https:\/\/www.facebook.com\/BlogQuerSaberPolitica\/\" \/>\n<meta property=\"article:published_time\" content=\"2020-08-13T18:02:52+00:00\" \/>\n<meta property=\"og:image\" content=\"https:\/\/blogdofarnesio.com.br\/wp-content\/uploads\/2020\/08\/blogqspJua-\u2018Aprender-em-Casa\u2019-Infantil-ciclo-de-Alfabetiza\u00e7\u00e3o-e1654554351888.jpeg\" \/>\n\t<meta property=\"og:image:width\" content=\"680\" \/>\n\t<meta property=\"og:image:height\" content=\"358\" \/>\n\t<meta property=\"og:image:type\" content=\"image\/jpeg\" \/>\n<meta name=\"author\" content=\"Farn\u00e9sio\" \/>\n<meta name=\"twitter:card\" content=\"summary_large_image\" \/>\n<meta name=\"twitter:label1\" content=\"Escrito por\" \/>\n\t<meta name=\"twitter:data1\" content=\"Farn\u00e9sio\" \/>\n\t<meta name=\"twitter:label2\" content=\"Est. tempo de leitura\" \/>\n\t<meta name=\"twitter:data2\" content=\"2 minutos\" \/>\n<script type=\"application\/ld+json\" class=\"yoast-schema-graph\">{\"@context\":\"https:\\\/\\\/schema.org\",\"@graph\":[{\"@type\":\"Article\",\"@id\":\"https:\\\/\\\/blogdofarnesio.com.br\\\/?p=264612#article\",\"isPartOf\":{\"@id\":\"https:\\\/\\\/blogdofarnesio.com.br\\\/?p=264612\"},\"author\":{\"name\":\"Farn\u00e9sio\",\"@id\":\"https:\\\/\\\/blogdofarnesio.com.br\\\/#\\\/schema\\\/person\\\/301c4acf522bccbfdb45af95b5b906a1\"},\"headline\":\"Juazeiro lan\u00e7a o \u2018Aprender em Casa\u2019 para alunos da Educa\u00e7\u00e3o Infantil e do ciclo de Alfabetiza\u00e7\u00e3o\",\"datePublished\":\"2020-08-13T18:02:52+00:00\",\"mainEntityOfPage\":{\"@id\":\"https:\\\/\\\/blogdofarnesio.com.br\\\/?p=264612\"},\"wordCount\":377,\"publisher\":{\"@id\":\"https:\\\/\\\/blogdofarnesio.com.br\\\/#organization\"},\"image\":{\"@id\":\"https:\\\/\\\/blogdofarnesio.com.br\\\/?p=264612#primaryimage\"},\"thumbnailUrl\":\"https:\\\/\\\/blogdofarnesio.com.br\\\/wp-content\\\/uploads\\\/2020\\\/08\\\/blogqspJua-\u2018Aprender-em-Casa\u2019-Infantil-ciclo-de-Alfabetiza\u00e7\u00e3o-e1654554351888.jpeg\",\"articleSection\":[\"Educa\u00e7\u00e3o\"],\"inLanguage\":\"pt-BR\"},{\"@type\":\"WebPage\",\"@id\":\"https:\\\/\\\/blogdofarnesio.com.br\\\/?p=264612\",\"url\":\"https:\\\/\\\/blogdofarnesio.com.br\\\/?p=264612\",\"name\":\"Juazeiro lan\u00e7a o \u2018Aprender em Casa\u2019 para alunos da Educa\u00e7\u00e3o Infantil e do ciclo de Alfabetiza\u00e7\u00e3o - Blog do Farn\u00e9sio\",\"isPartOf\":{\"@id\":\"https:\\\/\\\/blogdofarnesio.com.br\\\/#website\"},\"primaryImageOfPage\":{\"@id\":\"https:\\\/\\\/blogdofarnesio.com.br\\\/?p=264612#primaryimage\"},\"image\":{\"@id\":\"https:\\\/\\\/blogdofarnesio.com.br\\\/?p=264612#primaryimage\"},\"thumbnailUrl\":\"https:\\\/\\\/blogdofarnesio.com.br\\\/wp-content\\\/uploads\\\/2020\\\/08\\\/blogqspJua-\u2018Aprender-em-Casa\u2019-Infantil-ciclo-de-Alfabetiza\u00e7\u00e3o-e1654554351888.jpeg\",\"datePublished\":\"2020-08-13T18:02:52+00:00\",\"breadcrumb\":{\"@id\":\"https:\\\/\\\/blogdofarnesio.com.br\\\/?p=264612#breadcrumb\"},\"inLanguage\":\"pt-BR\",\"potentialAction\":[{\"@type\":\"ReadAction\",\"target\":[\"https:\\\/\\\/blogdofarnesio.com.br\\\/?p=264612\"]}]},{\"@type\":\"ImageObject\",\"inLanguage\":\"pt-BR\",\"@id\":\"https:\\\/\\\/blogdofarnesio.com.br\\\/?p=264612#primaryimage\",\"url\":\"https:\\\/\\\/blogdofarnesio.com.br\\\/wp-content\\\/uploads\\\/2020\\\/08\\\/blogqspJua-\u2018Aprender-em-Casa\u2019-Infantil-ciclo-de-Alfabetiza\u00e7\u00e3o-e1654554351888.jpeg\",\"contentUrl\":\"https:\\\/\\\/blogdofarnesio.com.br\\\/wp-content\\\/uploads\\\/2020\\\/08\\\/blogqspJua-\u2018Aprender-em-Casa\u2019-Infantil-ciclo-de-Alfabetiza\u00e7\u00e3o-e1654554351888.jpeg\",\"width\":680,\"height\":358},{\"@type\":\"BreadcrumbList\",\"@id\":\"https:\\\/\\\/blogdofarnesio.com.br\\\/?p=264612#breadcrumb\",\"itemListElement\":[{\"@type\":\"ListItem\",\"position\":1,\"name\":\"In\u00edcio\",\"item\":\"https:\\\/\\\/blogdofarnesio.com.br\\\/\"},{\"@type\":\"ListItem\",\"position\":2,\"name\":\"Juazeiro lan\u00e7a o \u2018Aprender em Casa\u2019 para alunos da Educa\u00e7\u00e3o Infantil e do ciclo de Alfabetiza\u00e7\u00e3o\"}]},{\"@type\":\"WebSite\",\"@id\":\"https:\\\/\\\/blogdofarnesio.com.br\\\/#website\",\"url\":\"https:\\\/\\\/blogdofarnesio.com.br\\\/\",\"name\":\"Blog do Farn\u00e9sio\",\"description\":\"Quer Saber Pol\u00edtica?\",\"publisher\":{\"@id\":\"https:\\\/\\\/blogdofarnesio.com.br\\\/#organization\"},\"potentialAction\":[{\"@type\":\"SearchAction\",\"target\":{\"@type\":\"EntryPoint\",\"urlTemplate\":\"https:\\\/\\\/blogdofarnesio.com.br\\\/?s={search_term_string}\"},\"query-input\":{\"@type\":\"PropertyValueSpecification\",\"valueRequired\":true,\"valueName\":\"search_term_string\"}}],\"inLanguage\":\"pt-BR\"},{\"@type\":\"Organization\",\"@id\":\"https:\\\/\\\/blogdofarnesio.com.br\\\/#organization\",\"name\":\"Blog do Farn\u00e9sio\",\"url\":\"https:\\\/\\\/blogdofarnesio.com.br\\\/\",\"logo\":{\"@type\":\"ImageObject\",\"inLanguage\":\"pt-BR\",\"@id\":\"https:\\\/\\\/blogdofarnesio.com.br\\\/#\\\/schema\\\/logo\\\/image\\\/\",\"url\":\"https:\\\/\\\/blogdofarnesio.com.br\\\/wp-content\\\/uploads\\\/2026\\\/03\\\/cropped-logo_new-1.png\",\"contentUrl\":\"https:\\\/\\\/blogdofarnesio.com.br\\\/wp-content\\\/uploads\\\/2026\\\/03\\\/cropped-logo_new-1.png\",\"width\":881,\"height\":685,\"caption\":\"Blog do Farn\u00e9sio\"},\"image\":{\"@id\":\"https:\\\/\\\/blogdofarnesio.com.br\\\/#\\\/schema\\\/logo\\\/image\\\/\"},\"sameAs\":[\"https:\\\/\\\/www.facebook.com\\\/BlogQuerSaberPolitica\\\/\"]},{\"@type\":\"Person\",\"@id\":\"https:\\\/\\\/blogdofarnesio.com.br\\\/#\\\/schema\\\/person\\\/301c4acf522bccbfdb45af95b5b906a1\",\"name\":\"Farn\u00e9sio\",\"image\":{\"@type\":\"ImageObject\",\"inLanguage\":\"pt-BR\",\"@id\":\"https:\\\/\\\/secure.gravatar.com\\\/avatar\\\/df0c9a14567c056f8ad6876ba5bbd1e3e2c48023eb6807342fc4663adf549f38?s=96&d=mm&r=g\",\"url\":\"https:\\\/\\\/secure.gravatar.com\\\/avatar\\\/df0c9a14567c056f8ad6876ba5bbd1e3e2c48023eb6807342fc4663adf549f38?s=96&d=mm&r=g\",\"contentUrl\":\"https:\\\/\\\/secure.gravatar.com\\\/avatar\\\/df0c9a14567c056f8ad6876ba5bbd1e3e2c48023eb6807342fc4663adf549f38?s=96&d=mm&r=g\",\"caption\":\"Farn\u00e9sio\"},\"sameAs\":[\"https:\\\/\\\/quersaberpolitica.com.br\"],\"url\":\"https:\\\/\\\/blogdofarnesio.com.br\\\/?author=1\"}]}<\/script>\n<!-- \/ Yoast SEO plugin. -->","yoast_head_json":{"title":"Juazeiro lan\u00e7a o \u2018Aprender em Casa\u2019 para alunos da Educa\u00e7\u00e3o Infantil e do ciclo de Alfabetiza\u00e7\u00e3o - Blog do Farn\u00e9sio","robots":{"index":"index","follow":"follow","max-snippet":"max-snippet:-1","max-image-preview":"max-image-preview:large","max-video-preview":"max-video-preview:-1"},"canonical":"https:\/\/blogdofarnesio.com.br\/?p=264612","og_locale":"pt_BR","og_type":"article","og_title":"Juazeiro lan\u00e7a o \u2018Aprender em Casa\u2019 para alunos da Educa\u00e7\u00e3o Infantil e do ciclo de Alfabetiza\u00e7\u00e3o - Blog do Farn\u00e9sio","og_description":"A Prefeitura de Juazeiro, atrav\u00e9s da Secretaria de Educa\u00e7\u00e3o e Juventude \u2013 SEDUC lan\u00e7ou ter\u00e7a-feira (11), o \u2018Aprender em casa\u2019, que vai atender alunos da Educa\u00e7\u00e3o Infantil, Pr\u00e9-escola e 1\u00ba e 2\u00ba anos do Ciclo de Alfabetiza\u00e7\u00e3o da rede municipal de ensino, em Juazeiro. O prefeito Paulo Bomfim, a secret\u00e1ria da SEDUC Lucinete Alves e representantes da Aprender Editora participam do lan\u00e7amento online pela plataforma zoom com os coordenadores pedag\u00f3gicos da Educa\u00e7\u00e3o Infantil e do Ciclo de Alfabetiza\u00e7\u00e3o da rede. A parceria da SEDUC com a Aprender Editora teve in\u00edcio em 2017 e este ano precisou ser adaptada para esse momento de isolamento social, o trabalho que seria desenvolvido em sala de aula com os alunos, ser\u00e1 neste per\u00edodo em&hellip;","og_url":"https:\/\/blogdofarnesio.com.br\/?p=264612","og_site_name":"Blog do Farn\u00e9sio","article_publisher":"https:\/\/www.facebook.com\/BlogQuerSaberPolitica\/","article_published_time":"2020-08-13T18:02:52+00:00","og_image":[{"width":680,"height":358,"url":"https:\/\/blogdofarnesio.com.br\/wp-content\/uploads\/2020\/08\/blogqspJua-\u2018Aprender-em-Casa\u2019-Infantil-ciclo-de-Alfabetiza\u00e7\u00e3o-e1654554351888.jpeg","type":"image\/jpeg"}],"author":"Farn\u00e9sio","twitter_card":"summary_large_image","twitter_misc":{"Escrito por":"Farn\u00e9sio","Est. tempo de leitura":"2 minutos"},"schema":{"@context":"https:\/\/schema.org","@graph":[{"@type":"Article","@id":"https:\/\/blogdofarnesio.com.br\/?p=264612#article","isPartOf":{"@id":"https:\/\/blogdofarnesio.com.br\/?p=264612"},"author":{"name":"Farn\u00e9sio","@id":"https:\/\/blogdofarnesio.com.br\/#\/schema\/person\/301c4acf522bccbfdb45af95b5b906a1"},"headline":"Juazeiro lan\u00e7a o \u2018Aprender em Casa\u2019 para alunos da Educa\u00e7\u00e3o Infantil e do ciclo de Alfabetiza\u00e7\u00e3o","datePublished":"2020-08-13T18:02:52+00:00","mainEntityOfPage":{"@id":"https:\/\/blogdofarnesio.com.br\/?p=264612"},"wordCount":377,"publisher":{"@id":"https:\/\/blogdofarnesio.com.br\/#organization"},"image":{"@id":"https:\/\/blogdofarnesio.com.br\/?p=264612#primaryimage"},"thumbnailUrl":"https:\/\/blogdofarnesio.com.br\/wp-content\/uploads\/2020\/08\/blogqspJua-\u2018Aprender-em-Casa\u2019-Infantil-ciclo-de-Alfabetiza\u00e7\u00e3o-e1654554351888.jpeg","articleSection":["Educa\u00e7\u00e3o"],"inLanguage":"pt-BR"},{"@type":"WebPage","@id":"https:\/\/blogdofarnesio.com.br\/?p=264612","url":"https:\/\/blogdofarnesio.com.br\/?p=264612","name":"Juazeiro lan\u00e7a o \u2018Aprender em Casa\u2019 para alunos da Educa\u00e7\u00e3o Infantil e do ciclo de Alfabetiza\u00e7\u00e3o - Blog do Farn\u00e9sio","isPartOf":{"@id":"https:\/\/blogdofarnesio.com.br\/#website"},"primaryImageOfPage":{"@id":"https:\/\/blogdofarnesio.com.br\/?p=264612#primaryimage"},"image":{"@id":"https:\/\/blogdofarnesio.com.br\/?p=264612#primaryimage"},"thumbnailUrl":"https:\/\/blogdofarnesio.com.br\/wp-content\/uploads\/2020\/08\/blogqspJua-\u2018Aprender-em-Casa\u2019-Infantil-ciclo-de-Alfabetiza\u00e7\u00e3o-e1654554351888.jpeg","datePublished":"2020-08-13T18:02:52+00:00","breadcrumb":{"@id":"https:\/\/blogdofarnesio.com.br\/?p=264612#breadcrumb"},"inLanguage":"pt-BR","potentialAction":[{"@type":"ReadAction","target":["https:\/\/blogdofarnesio.com.br\/?p=264612"]}]},{"@type":"ImageObject","inLanguage":"pt-BR","@id":"https:\/\/blogdofarnesio.com.br\/?p=264612#primaryimage","url":"https:\/\/blogdofarnesio.com.br\/wp-content\/uploads\/2020\/08\/blogqspJua-\u2018Aprender-em-Casa\u2019-Infantil-ciclo-de-Alfabetiza\u00e7\u00e3o-e1654554351888.jpeg","contentUrl":"https:\/\/blogdofarnesio.com.br\/wp-content\/uploads\/2020\/08\/blogqspJua-\u2018Aprender-em-Casa\u2019-Infantil-ciclo-de-Alfabetiza\u00e7\u00e3o-e1654554351888.jpeg","width":680,"height":358},{"@type":"BreadcrumbList","@id":"https:\/\/blogdofarnesio.com.br\/?p=264612#breadcrumb","itemListElement":[{"@type":"ListItem","position":1,"name":"In\u00edcio","item":"https:\/\/blogdofarnesio.com.br\/"},{"@type":"ListItem","position":2,"name":"Juazeiro lan\u00e7a o \u2018Aprender em Casa\u2019 para alunos da Educa\u00e7\u00e3o Infantil e do ciclo de Alfabetiza\u00e7\u00e3o"}]},{"@type":"WebSite","@id":"https:\/\/blogdofarnesio.com.br\/#website","url":"https:\/\/blogdofarnesio.com.br\/","name":"Blog do Farn\u00e9sio","description":"Quer Saber Pol\u00edtica?","publisher":{"@id":"https:\/\/blogdofarnesio.com.br\/#organization"},"potentialAction":[{"@type":"SearchAction","target":{"@type":"EntryPoint","urlTemplate":"https:\/\/blogdofarnesio.com.br\/?s={search_term_string}"},"query-input":{"@type":"PropertyValueSpecification","valueRequired":true,"valueName":"search_term_string"}}],"inLanguage":"pt-BR"},{"@type":"Organization","@id":"https:\/\/blogdofarnesio.com.br\/#organization","name":"Blog do Farn\u00e9sio","url":"https:\/\/blogdofarnesio.com.br\/","logo":{"@type":"ImageObject","inLanguage":"pt-BR","@id":"https:\/\/blogdofarnesio.com.br\/#\/schema\/logo\/image\/","url":"https:\/\/blogdofarnesio.com.br\/wp-content\/uploads\/2026\/03\/cropped-logo_new-1.png","contentUrl":"https:\/\/blogdofarnesio.com.br\/wp-content\/uploads\/2026\/03\/cropped-logo_new-1.png","width":881,"height":685,"caption":"Blog do Farn\u00e9sio"},"image":{"@id":"https:\/\/blogdofarnesio.com.br\/#\/schema\/logo\/image\/"},"sameAs":["https:\/\/www.facebook.com\/BlogQuerSaberPolitica\/"]},{"@type":"Person","@id":"https:\/\/blogdofarnesio.com.br\/#\/schema\/person\/301c4acf522bccbfdb45af95b5b906a1","name":"Farn\u00e9sio","image":{"@type":"ImageObject","inLanguage":"pt-BR","@id":"https:\/\/secure.gravatar.com\/avatar\/df0c9a14567c056f8ad6876ba5bbd1e3e2c48023eb6807342fc4663adf549f38?s=96&d=mm&r=g","url":"https:\/\/secure.gravatar.com\/avatar\/df0c9a14567c056f8ad6876ba5bbd1e3e2c48023eb6807342fc4663adf549f38?s=96&d=mm&r=g","contentUrl":"https:\/\/secure.gravatar.com\/avatar\/df0c9a14567c056f8ad6876ba5bbd1e3e2c48023eb6807342fc4663adf549f38?s=96&d=mm&r=g","caption":"Farn\u00e9sio"},"sameAs":["https:\/\/quersaberpolitica.com.br"],"url":"https:\/\/blogdofarnesio.com.br\/?author=1"}]}},"_links":{"self":[{"href":"https:\/\/blogdofarnesio.com.br\/index.php?rest_route=\/wp\/v2\/posts\/264612","targetHints":{"allow":["GET"]}}],"collection":[{"href":"https:\/\/blogdofarnesio.com.br\/index.php?rest_route=\/wp\/v2\/posts"}],"about":[{"href":"https:\/\/blogdofarnesio.com.br\/index.php?rest_route=\/wp\/v2\/types\/post"}],"author":[{"embeddable":true,"href":"https:\/\/blogdofarnesio.com.br\/index.php?rest_route=\/wp\/v2\/users\/1"}],"replies":[{"embeddable":true,"href":"https:\/\/blogdofarnesio.com.br\/index.php?rest_route=%2Fwp%2Fv2%2Fcomments&post=264612"}],"version-history":[{"count":0,"href":"https:\/\/blogdofarnesio.com.br\/index.php?rest_route=\/wp\/v2\/posts\/264612\/revisions"}],"wp:featuredmedia":[{"embeddable":true,"href":"https:\/\/blogdofarnesio.com.br\/index.php?rest_route=\/wp\/v2\/media\/264613"}],"wp:attachment":[{"href":"https:\/\/blogdofarnesio.com.br\/index.php?rest_route=%2Fwp%2Fv2%2Fmedia&parent=264612"}],"wp:term":[{"taxonomy":"category","embeddable":true,"href":"https:\/\/blogdofarnesio.com.br\/index.php?rest_route=%2Fwp%2Fv2%2Fcategories&post=264612"},{"taxonomy":"post_tag","embeddable":true,"href":"https:\/\/blogdofarnesio.com.br\/index.php?rest_route=%2Fwp%2Fv2%2Ftags&post=264612"}],"curies":[{"name":"wp","href":"https:\/\/api.w.org\/{rel}","templated":true}]}}