{"id":264356,"date":"2020-08-08T08:00:07","date_gmt":"2020-08-08T11:00:07","guid":{"rendered":"http:\/\/quersaberpolitica.com.br\/2016\/?p=264356"},"modified":"2020-08-07T18:49:37","modified_gmt":"2020-08-07T21:49:37","slug":"presidente-alex-tanuri-emite-nota-de-pesar-pelo-falecimento-de-elvir-dantas","status":"publish","type":"post","link":"https:\/\/blogdofarnesio.com.br\/2020\/08\/presidente-alex-tanuri-emite-nota-de-pesar-pelo-falecimento-de-elvir-dantas\/","title":{"rendered":"Presidente Alex Tanuri emite nota de pesar pelo falecimento de Elvir Dantas"},"content":{"rendered":"<div dir=\"ltr\">\n<div>\n<p>O Presidente da C\u00e2mara de Vereadores de Juazeiro, Alex Tanuri, emitiu na tarde desta sexta-feira (07\/08), mo\u00e7\u00e3o de pesar pela morte do empres\u00e1rio Francisco Elvir Dantas.\u00a0 Para Tanuri, Elvir Dantas destacou-se como empres\u00e1rio em uma \u00e9poca que Juazeiro ainda dava seus primeiros passos rumo ao desenvolvimento, na d\u00e9cada de 70, sendo um dos pioneiros na instala\u00e7\u00e3o de concession\u00e1rias de ve\u00edculos no Vale do S\u00e3o Francisco.<\/p>\n<p><strong>A integra da Mo\u00e7\u00e3o:\u00a0<\/strong><\/p>\n<p>Com pesar, lamentamos a morte do empres\u00e1rio Francisco Elvir Dantas, noticiada na manh\u00e3 desta sexta-feira.<\/p>\n<p>Elvir Dantas destacou-se como empres\u00e1rio em diversos ramos de empreendimentos na cidade de Juazeiro, sendo um dos pioneiros na implanta\u00e7\u00e3o de concession\u00e1rias de ve\u00edculos no Vale do S\u00e3o Francisco, quando a regi\u00e3o ainda dava seus primeiros passos rumo \u00e0 moderniza\u00e7\u00e3o.<\/p>\n<p>Influenciou dezenas de empreendedores e a FIAT, concession\u00e1ria de sua propriedade, alavancou a instala\u00e7\u00e3o de uma rede de microempres\u00e1rios, oficinas e prestadores de servi\u00e7os, impulsionando o com\u00e9rcio e atraindo m\u00e3o de obra qualificada.<\/p>\n<p>Pioneiro, Francisco Elvir Dantas inclui-se entre os destemidos empreendedores que forjaram novos rumos para o desenvolvimento na regi\u00e3o e merece toda nossa homenagem e lembran\u00e7a.<\/p>\n<p>Aos familiares e amigos, nossas condol\u00eancias.<\/p>\n<p>Juazeiro, Ba, 07 de agosto de 2020<\/p>\n<p>Alex Tanuri<\/p>\n<p>Presidente da C\u00e2mara de Vereadores de Juazeiro<\/p>\n<\/div>\n<\/div>\n","protected":false},"excerpt":{"rendered":"<p>O Presidente da C\u00e2mara de Vereadores de Juazeiro, Alex Tanuri, emitiu na tarde desta sexta-feira (07\/08), mo\u00e7\u00e3o de pesar pela morte do empres\u00e1rio Francisco Elvir Dantas.\u00a0 Para Tanuri, Elvir Dantas destacou-se como empres\u00e1rio em uma \u00e9poca que Juazeiro ainda dava seus primeiros passos rumo ao desenvolvimento, na d\u00e9cada de 70, sendo um dos pioneiros na instala\u00e7\u00e3o de concession\u00e1rias de ve\u00edculos no Vale do S\u00e3o Francisco. A integra da Mo\u00e7\u00e3o:\u00a0 Com pesar, lamentamos a morte do empres\u00e1rio Francisco Elvir Dantas, noticiada na manh\u00e3 desta sexta-feira. Elvir Dantas destacou-se como empres\u00e1rio em diversos ramos de empreendimentos na cidade de Juazeiro, sendo um dos pioneiros na implanta\u00e7\u00e3o de concession\u00e1rias de ve\u00edculos no Vale do S\u00e3o Francisco, quando a regi\u00e3o ainda dava seus primeiros&hellip; <\/p>\n","protected":false},"author":1,"featured_media":164047,"comment_status":"closed","ping_status":"closed","sticky":false,"template":"","format":"standard","meta":{"_acf_changed":false,"footnotes":""},"categories":[32],"tags":[],"class_list":["post-264356","post","type-post","status-publish","format-standard","has-post-thumbnail","hentry","category-costumes"],"acf":[],"yoast_head":"<!-- This site is optimized with the Yoast SEO plugin v27.5 - https:\/\/yoast.com\/product\/yoast-seo-wordpress\/ -->\n<title>Presidente Alex Tanuri emite nota de pesar pelo falecimento de Elvir Dantas - Blog do Farn\u00e9sio<\/title>\n<meta name=\"robots\" content=\"index, follow, max-snippet:-1, max-image-preview:large, max-video-preview:-1\" \/>\n<link rel=\"canonical\" href=\"https:\/\/blogdofarnesio.com.br\/2020\/08\/presidente-alex-tanuri-emite-nota-de-pesar-pelo-falecimento-de-elvir-dantas\/\" \/>\n<meta property=\"og:locale\" content=\"pt_BR\" \/>\n<meta property=\"og:type\" content=\"article\" \/>\n<meta property=\"og:title\" content=\"Presidente Alex Tanuri emite nota de pesar pelo falecimento de Elvir Dantas - Blog do Farn\u00e9sio\" \/>\n<meta property=\"og:description\" content=\"O Presidente da C\u00e2mara de Vereadores de Juazeiro, Alex Tanuri, emitiu na tarde desta sexta-feira (07\/08), mo\u00e7\u00e3o de pesar pela morte do empres\u00e1rio Francisco Elvir Dantas.\u00a0 Para Tanuri, Elvir Dantas destacou-se como empres\u00e1rio em uma \u00e9poca que Juazeiro ainda dava seus primeiros passos rumo ao desenvolvimento, na d\u00e9cada de 70, sendo um dos pioneiros na instala\u00e7\u00e3o de concession\u00e1rias de ve\u00edculos no Vale do S\u00e3o Francisco. A integra da Mo\u00e7\u00e3o:\u00a0 Com pesar, lamentamos a morte do empres\u00e1rio Francisco Elvir Dantas, noticiada na manh\u00e3 desta sexta-feira. Elvir Dantas destacou-se como empres\u00e1rio em diversos ramos de empreendimentos na cidade de Juazeiro, sendo um dos pioneiros na implanta\u00e7\u00e3o de concession\u00e1rias de ve\u00edculos no Vale do S\u00e3o Francisco, quando a regi\u00e3o ainda dava seus primeiros&hellip;\" \/>\n<meta property=\"og:url\" content=\"https:\/\/blogdofarnesio.com.br\/2020\/08\/presidente-alex-tanuri-emite-nota-de-pesar-pelo-falecimento-de-elvir-dantas\/\" \/>\n<meta property=\"og:site_name\" content=\"Blog do Farn\u00e9sio\" \/>\n<meta property=\"article:publisher\" content=\"https:\/\/www.facebook.com\/BlogQuerSaberPolitica\/\" \/>\n<meta property=\"article:published_time\" content=\"2020-08-08T11:00:07+00:00\" \/>\n<meta property=\"og:image\" content=\"https:\/\/blogdofarnesio.com.br\/wp-content\/uploads\/2017\/04\/blogqspnota-de-pesar1-luto.jpg\" \/>\n\t<meta property=\"og:image:width\" content=\"450\" \/>\n\t<meta property=\"og:image:height\" content=\"336\" \/>\n\t<meta property=\"og:image:type\" content=\"image\/jpeg\" \/>\n<meta name=\"author\" content=\"Farn\u00e9sio\" \/>\n<meta name=\"twitter:card\" content=\"summary_large_image\" \/>\n<meta name=\"twitter:label1\" content=\"Escrito por\" \/>\n\t<meta name=\"twitter:data1\" content=\"Farn\u00e9sio\" \/>\n\t<meta name=\"twitter:label2\" content=\"Est. tempo de leitura\" \/>\n\t<meta name=\"twitter:data2\" content=\"1 minuto\" \/>\n<script type=\"application\/ld+json\" class=\"yoast-schema-graph\">{\"@context\":\"https:\\\/\\\/schema.org\",\"@graph\":[{\"@type\":\"Article\",\"@id\":\"https:\\\/\\\/blogdofarnesio.com.br\\\/2020\\\/08\\\/presidente-alex-tanuri-emite-nota-de-pesar-pelo-falecimento-de-elvir-dantas\\\/#article\",\"isPartOf\":{\"@id\":\"https:\\\/\\\/blogdofarnesio.com.br\\\/2020\\\/08\\\/presidente-alex-tanuri-emite-nota-de-pesar-pelo-falecimento-de-elvir-dantas\\\/\"},\"author\":{\"name\":\"Farn\u00e9sio\",\"@id\":\"https:\\\/\\\/blogdofarnesio.com.br\\\/#\\\/schema\\\/person\\\/301c4acf522bccbfdb45af95b5b906a1\"},\"headline\":\"Presidente Alex Tanuri emite nota de pesar pelo falecimento de Elvir Dantas\",\"datePublished\":\"2020-08-08T11:00:07+00:00\",\"mainEntityOfPage\":{\"@id\":\"https:\\\/\\\/blogdofarnesio.com.br\\\/2020\\\/08\\\/presidente-alex-tanuri-emite-nota-de-pesar-pelo-falecimento-de-elvir-dantas\\\/\"},\"wordCount\":239,\"publisher\":{\"@id\":\"https:\\\/\\\/blogdofarnesio.com.br\\\/#organization\"},\"image\":{\"@id\":\"https:\\\/\\\/blogdofarnesio.com.br\\\/2020\\\/08\\\/presidente-alex-tanuri-emite-nota-de-pesar-pelo-falecimento-de-elvir-dantas\\\/#primaryimage\"},\"thumbnailUrl\":\"https:\\\/\\\/blogdofarnesio.com.br\\\/wp-content\\\/uploads\\\/2017\\\/04\\\/blogqspnota-de-pesar1-luto.jpg\",\"articleSection\":[\"Costumes\"],\"inLanguage\":\"pt-BR\"},{\"@type\":\"WebPage\",\"@id\":\"https:\\\/\\\/blogdofarnesio.com.br\\\/2020\\\/08\\\/presidente-alex-tanuri-emite-nota-de-pesar-pelo-falecimento-de-elvir-dantas\\\/\",\"url\":\"https:\\\/\\\/blogdofarnesio.com.br\\\/2020\\\/08\\\/presidente-alex-tanuri-emite-nota-de-pesar-pelo-falecimento-de-elvir-dantas\\\/\",\"name\":\"Presidente Alex Tanuri emite nota de pesar pelo falecimento de Elvir Dantas - Blog do Farn\u00e9sio\",\"isPartOf\":{\"@id\":\"https:\\\/\\\/blogdofarnesio.com.br\\\/#website\"},\"primaryImageOfPage\":{\"@id\":\"https:\\\/\\\/blogdofarnesio.com.br\\\/2020\\\/08\\\/presidente-alex-tanuri-emite-nota-de-pesar-pelo-falecimento-de-elvir-dantas\\\/#primaryimage\"},\"image\":{\"@id\":\"https:\\\/\\\/blogdofarnesio.com.br\\\/2020\\\/08\\\/presidente-alex-tanuri-emite-nota-de-pesar-pelo-falecimento-de-elvir-dantas\\\/#primaryimage\"},\"thumbnailUrl\":\"https:\\\/\\\/blogdofarnesio.com.br\\\/wp-content\\\/uploads\\\/2017\\\/04\\\/blogqspnota-de-pesar1-luto.jpg\",\"datePublished\":\"2020-08-08T11:00:07+00:00\",\"breadcrumb\":{\"@id\":\"https:\\\/\\\/blogdofarnesio.com.br\\\/2020\\\/08\\\/presidente-alex-tanuri-emite-nota-de-pesar-pelo-falecimento-de-elvir-dantas\\\/#breadcrumb\"},\"inLanguage\":\"pt-BR\",\"potentialAction\":[{\"@type\":\"ReadAction\",\"target\":[\"https:\\\/\\\/blogdofarnesio.com.br\\\/2020\\\/08\\\/presidente-alex-tanuri-emite-nota-de-pesar-pelo-falecimento-de-elvir-dantas\\\/\"]}]},{\"@type\":\"ImageObject\",\"inLanguage\":\"pt-BR\",\"@id\":\"https:\\\/\\\/blogdofarnesio.com.br\\\/2020\\\/08\\\/presidente-alex-tanuri-emite-nota-de-pesar-pelo-falecimento-de-elvir-dantas\\\/#primaryimage\",\"url\":\"https:\\\/\\\/blogdofarnesio.com.br\\\/wp-content\\\/uploads\\\/2017\\\/04\\\/blogqspnota-de-pesar1-luto.jpg\",\"contentUrl\":\"https:\\\/\\\/blogdofarnesio.com.br\\\/wp-content\\\/uploads\\\/2017\\\/04\\\/blogqspnota-de-pesar1-luto.jpg\",\"width\":450,\"height\":336},{\"@type\":\"BreadcrumbList\",\"@id\":\"https:\\\/\\\/blogdofarnesio.com.br\\\/2020\\\/08\\\/presidente-alex-tanuri-emite-nota-de-pesar-pelo-falecimento-de-elvir-dantas\\\/#breadcrumb\",\"itemListElement\":[{\"@type\":\"ListItem\",\"position\":1,\"name\":\"In\u00edcio\",\"item\":\"https:\\\/\\\/blogdofarnesio.com.br\\\/\"},{\"@type\":\"ListItem\",\"position\":2,\"name\":\"Presidente Alex Tanuri emite nota de pesar pelo falecimento de Elvir Dantas\"}]},{\"@type\":\"WebSite\",\"@id\":\"https:\\\/\\\/blogdofarnesio.com.br\\\/#website\",\"url\":\"https:\\\/\\\/blogdofarnesio.com.br\\\/\",\"name\":\"Blog do Farn\u00e9sio\",\"description\":\"Quer Saber Pol\u00edtica?\",\"publisher\":{\"@id\":\"https:\\\/\\\/blogdofarnesio.com.br\\\/#organization\"},\"potentialAction\":[{\"@type\":\"SearchAction\",\"target\":{\"@type\":\"EntryPoint\",\"urlTemplate\":\"https:\\\/\\\/blogdofarnesio.com.br\\\/?s={search_term_string}\"},\"query-input\":{\"@type\":\"PropertyValueSpecification\",\"valueRequired\":true,\"valueName\":\"search_term_string\"}}],\"inLanguage\":\"pt-BR\"},{\"@type\":\"Organization\",\"@id\":\"https:\\\/\\\/blogdofarnesio.com.br\\\/#organization\",\"name\":\"Blog do Farn\u00e9sio\",\"url\":\"https:\\\/\\\/blogdofarnesio.com.br\\\/\",\"logo\":{\"@type\":\"ImageObject\",\"inLanguage\":\"pt-BR\",\"@id\":\"https:\\\/\\\/blogdofarnesio.com.br\\\/#\\\/schema\\\/logo\\\/image\\\/\",\"url\":\"https:\\\/\\\/blogdofarnesio.com.br\\\/wp-content\\\/uploads\\\/2026\\\/03\\\/cropped-logo_new-1.png\",\"contentUrl\":\"https:\\\/\\\/blogdofarnesio.com.br\\\/wp-content\\\/uploads\\\/2026\\\/03\\\/cropped-logo_new-1.png\",\"width\":881,\"height\":685,\"caption\":\"Blog do Farn\u00e9sio\"},\"image\":{\"@id\":\"https:\\\/\\\/blogdofarnesio.com.br\\\/#\\\/schema\\\/logo\\\/image\\\/\"},\"sameAs\":[\"https:\\\/\\\/www.facebook.com\\\/BlogQuerSaberPolitica\\\/\"]},{\"@type\":\"Person\",\"@id\":\"https:\\\/\\\/blogdofarnesio.com.br\\\/#\\\/schema\\\/person\\\/301c4acf522bccbfdb45af95b5b906a1\",\"name\":\"Farn\u00e9sio\",\"image\":{\"@type\":\"ImageObject\",\"inLanguage\":\"pt-BR\",\"@id\":\"https:\\\/\\\/secure.gravatar.com\\\/avatar\\\/df0c9a14567c056f8ad6876ba5bbd1e3e2c48023eb6807342fc4663adf549f38?s=96&d=mm&r=g\",\"url\":\"https:\\\/\\\/secure.gravatar.com\\\/avatar\\\/df0c9a14567c056f8ad6876ba5bbd1e3e2c48023eb6807342fc4663adf549f38?s=96&d=mm&r=g\",\"contentUrl\":\"https:\\\/\\\/secure.gravatar.com\\\/avatar\\\/df0c9a14567c056f8ad6876ba5bbd1e3e2c48023eb6807342fc4663adf549f38?s=96&d=mm&r=g\",\"caption\":\"Farn\u00e9sio\"},\"sameAs\":[\"https:\\\/\\\/quersaberpolitica.com.br\"],\"url\":\"https:\\\/\\\/blogdofarnesio.com.br\\\/author\\\/farnesio\\\/\"}]}<\/script>\n<!-- \/ Yoast SEO plugin. -->","yoast_head_json":{"title":"Presidente Alex Tanuri emite nota de pesar pelo falecimento de Elvir Dantas - Blog do Farn\u00e9sio","robots":{"index":"index","follow":"follow","max-snippet":"max-snippet:-1","max-image-preview":"max-image-preview:large","max-video-preview":"max-video-preview:-1"},"canonical":"https:\/\/blogdofarnesio.com.br\/2020\/08\/presidente-alex-tanuri-emite-nota-de-pesar-pelo-falecimento-de-elvir-dantas\/","og_locale":"pt_BR","og_type":"article","og_title":"Presidente Alex Tanuri emite nota de pesar pelo falecimento de Elvir Dantas - Blog do Farn\u00e9sio","og_description":"O Presidente da C\u00e2mara de Vereadores de Juazeiro, Alex Tanuri, emitiu na tarde desta sexta-feira (07\/08), mo\u00e7\u00e3o de pesar pela morte do empres\u00e1rio Francisco Elvir Dantas.\u00a0 Para Tanuri, Elvir Dantas destacou-se como empres\u00e1rio em uma \u00e9poca que Juazeiro ainda dava seus primeiros passos rumo ao desenvolvimento, na d\u00e9cada de 70, sendo um dos pioneiros na instala\u00e7\u00e3o de concession\u00e1rias de ve\u00edculos no Vale do S\u00e3o Francisco. A integra da Mo\u00e7\u00e3o:\u00a0 Com pesar, lamentamos a morte do empres\u00e1rio Francisco Elvir Dantas, noticiada na manh\u00e3 desta sexta-feira. Elvir Dantas destacou-se como empres\u00e1rio em diversos ramos de empreendimentos na cidade de Juazeiro, sendo um dos pioneiros na implanta\u00e7\u00e3o de concession\u00e1rias de ve\u00edculos no Vale do S\u00e3o Francisco, quando a regi\u00e3o ainda dava seus primeiros&hellip;","og_url":"https:\/\/blogdofarnesio.com.br\/2020\/08\/presidente-alex-tanuri-emite-nota-de-pesar-pelo-falecimento-de-elvir-dantas\/","og_site_name":"Blog do Farn\u00e9sio","article_publisher":"https:\/\/www.facebook.com\/BlogQuerSaberPolitica\/","article_published_time":"2020-08-08T11:00:07+00:00","og_image":[{"width":450,"height":336,"url":"https:\/\/blogdofarnesio.com.br\/wp-content\/uploads\/2017\/04\/blogqspnota-de-pesar1-luto.jpg","type":"image\/jpeg"}],"author":"Farn\u00e9sio","twitter_card":"summary_large_image","twitter_misc":{"Escrito por":"Farn\u00e9sio","Est. tempo de leitura":"1 minuto"},"schema":{"@context":"https:\/\/schema.org","@graph":[{"@type":"Article","@id":"https:\/\/blogdofarnesio.com.br\/2020\/08\/presidente-alex-tanuri-emite-nota-de-pesar-pelo-falecimento-de-elvir-dantas\/#article","isPartOf":{"@id":"https:\/\/blogdofarnesio.com.br\/2020\/08\/presidente-alex-tanuri-emite-nota-de-pesar-pelo-falecimento-de-elvir-dantas\/"},"author":{"name":"Farn\u00e9sio","@id":"https:\/\/blogdofarnesio.com.br\/#\/schema\/person\/301c4acf522bccbfdb45af95b5b906a1"},"headline":"Presidente Alex Tanuri emite nota de pesar pelo falecimento de Elvir Dantas","datePublished":"2020-08-08T11:00:07+00:00","mainEntityOfPage":{"@id":"https:\/\/blogdofarnesio.com.br\/2020\/08\/presidente-alex-tanuri-emite-nota-de-pesar-pelo-falecimento-de-elvir-dantas\/"},"wordCount":239,"publisher":{"@id":"https:\/\/blogdofarnesio.com.br\/#organization"},"image":{"@id":"https:\/\/blogdofarnesio.com.br\/2020\/08\/presidente-alex-tanuri-emite-nota-de-pesar-pelo-falecimento-de-elvir-dantas\/#primaryimage"},"thumbnailUrl":"https:\/\/blogdofarnesio.com.br\/wp-content\/uploads\/2017\/04\/blogqspnota-de-pesar1-luto.jpg","articleSection":["Costumes"],"inLanguage":"pt-BR"},{"@type":"WebPage","@id":"https:\/\/blogdofarnesio.com.br\/2020\/08\/presidente-alex-tanuri-emite-nota-de-pesar-pelo-falecimento-de-elvir-dantas\/","url":"https:\/\/blogdofarnesio.com.br\/2020\/08\/presidente-alex-tanuri-emite-nota-de-pesar-pelo-falecimento-de-elvir-dantas\/","name":"Presidente Alex Tanuri emite nota de pesar pelo falecimento de Elvir Dantas - Blog do Farn\u00e9sio","isPartOf":{"@id":"https:\/\/blogdofarnesio.com.br\/#website"},"primaryImageOfPage":{"@id":"https:\/\/blogdofarnesio.com.br\/2020\/08\/presidente-alex-tanuri-emite-nota-de-pesar-pelo-falecimento-de-elvir-dantas\/#primaryimage"},"image":{"@id":"https:\/\/blogdofarnesio.com.br\/2020\/08\/presidente-alex-tanuri-emite-nota-de-pesar-pelo-falecimento-de-elvir-dantas\/#primaryimage"},"thumbnailUrl":"https:\/\/blogdofarnesio.com.br\/wp-content\/uploads\/2017\/04\/blogqspnota-de-pesar1-luto.jpg","datePublished":"2020-08-08T11:00:07+00:00","breadcrumb":{"@id":"https:\/\/blogdofarnesio.com.br\/2020\/08\/presidente-alex-tanuri-emite-nota-de-pesar-pelo-falecimento-de-elvir-dantas\/#breadcrumb"},"inLanguage":"pt-BR","potentialAction":[{"@type":"ReadAction","target":["https:\/\/blogdofarnesio.com.br\/2020\/08\/presidente-alex-tanuri-emite-nota-de-pesar-pelo-falecimento-de-elvir-dantas\/"]}]},{"@type":"ImageObject","inLanguage":"pt-BR","@id":"https:\/\/blogdofarnesio.com.br\/2020\/08\/presidente-alex-tanuri-emite-nota-de-pesar-pelo-falecimento-de-elvir-dantas\/#primaryimage","url":"https:\/\/blogdofarnesio.com.br\/wp-content\/uploads\/2017\/04\/blogqspnota-de-pesar1-luto.jpg","contentUrl":"https:\/\/blogdofarnesio.com.br\/wp-content\/uploads\/2017\/04\/blogqspnota-de-pesar1-luto.jpg","width":450,"height":336},{"@type":"BreadcrumbList","@id":"https:\/\/blogdofarnesio.com.br\/2020\/08\/presidente-alex-tanuri-emite-nota-de-pesar-pelo-falecimento-de-elvir-dantas\/#breadcrumb","itemListElement":[{"@type":"ListItem","position":1,"name":"In\u00edcio","item":"https:\/\/blogdofarnesio.com.br\/"},{"@type":"ListItem","position":2,"name":"Presidente Alex Tanuri emite nota de pesar pelo falecimento de Elvir Dantas"}]},{"@type":"WebSite","@id":"https:\/\/blogdofarnesio.com.br\/#website","url":"https:\/\/blogdofarnesio.com.br\/","name":"Blog do Farn\u00e9sio","description":"Quer Saber Pol\u00edtica?","publisher":{"@id":"https:\/\/blogdofarnesio.com.br\/#organization"},"potentialAction":[{"@type":"SearchAction","target":{"@type":"EntryPoint","urlTemplate":"https:\/\/blogdofarnesio.com.br\/?s={search_term_string}"},"query-input":{"@type":"PropertyValueSpecification","valueRequired":true,"valueName":"search_term_string"}}],"inLanguage":"pt-BR"},{"@type":"Organization","@id":"https:\/\/blogdofarnesio.com.br\/#organization","name":"Blog do Farn\u00e9sio","url":"https:\/\/blogdofarnesio.com.br\/","logo":{"@type":"ImageObject","inLanguage":"pt-BR","@id":"https:\/\/blogdofarnesio.com.br\/#\/schema\/logo\/image\/","url":"https:\/\/blogdofarnesio.com.br\/wp-content\/uploads\/2026\/03\/cropped-logo_new-1.png","contentUrl":"https:\/\/blogdofarnesio.com.br\/wp-content\/uploads\/2026\/03\/cropped-logo_new-1.png","width":881,"height":685,"caption":"Blog do Farn\u00e9sio"},"image":{"@id":"https:\/\/blogdofarnesio.com.br\/#\/schema\/logo\/image\/"},"sameAs":["https:\/\/www.facebook.com\/BlogQuerSaberPolitica\/"]},{"@type":"Person","@id":"https:\/\/blogdofarnesio.com.br\/#\/schema\/person\/301c4acf522bccbfdb45af95b5b906a1","name":"Farn\u00e9sio","image":{"@type":"ImageObject","inLanguage":"pt-BR","@id":"https:\/\/secure.gravatar.com\/avatar\/df0c9a14567c056f8ad6876ba5bbd1e3e2c48023eb6807342fc4663adf549f38?s=96&d=mm&r=g","url":"https:\/\/secure.gravatar.com\/avatar\/df0c9a14567c056f8ad6876ba5bbd1e3e2c48023eb6807342fc4663adf549f38?s=96&d=mm&r=g","contentUrl":"https:\/\/secure.gravatar.com\/avatar\/df0c9a14567c056f8ad6876ba5bbd1e3e2c48023eb6807342fc4663adf549f38?s=96&d=mm&r=g","caption":"Farn\u00e9sio"},"sameAs":["https:\/\/quersaberpolitica.com.br"],"url":"https:\/\/blogdofarnesio.com.br\/author\/farnesio\/"}]}},"_links":{"self":[{"href":"https:\/\/blogdofarnesio.com.br\/wp-json\/wp\/v2\/posts\/264356","targetHints":{"allow":["GET"]}}],"collection":[{"href":"https:\/\/blogdofarnesio.com.br\/wp-json\/wp\/v2\/posts"}],"about":[{"href":"https:\/\/blogdofarnesio.com.br\/wp-json\/wp\/v2\/types\/post"}],"author":[{"embeddable":true,"href":"https:\/\/blogdofarnesio.com.br\/wp-json\/wp\/v2\/users\/1"}],"replies":[{"embeddable":true,"href":"https:\/\/blogdofarnesio.com.br\/wp-json\/wp\/v2\/comments?post=264356"}],"version-history":[{"count":0,"href":"https:\/\/blogdofarnesio.com.br\/wp-json\/wp\/v2\/posts\/264356\/revisions"}],"wp:featuredmedia":[{"embeddable":true,"href":"https:\/\/blogdofarnesio.com.br\/wp-json\/wp\/v2\/media\/164047"}],"wp:attachment":[{"href":"https:\/\/blogdofarnesio.com.br\/wp-json\/wp\/v2\/media?parent=264356"}],"wp:term":[{"taxonomy":"category","embeddable":true,"href":"https:\/\/blogdofarnesio.com.br\/wp-json\/wp\/v2\/categories?post=264356"},{"taxonomy":"post_tag","embeddable":true,"href":"https:\/\/blogdofarnesio.com.br\/wp-json\/wp\/v2\/tags?post=264356"}],"curies":[{"name":"wp","href":"https:\/\/api.w.org\/{rel}","templated":true}]}}