{"id":264276,"date":"2020-08-07T16:23:30","date_gmt":"2020-08-07T19:23:30","guid":{"rendered":"http:\/\/quersaberpolitica.com.br\/2016\/?p=264276"},"modified":"2020-08-07T16:23:30","modified_gmt":"2020-08-07T19:23:30","slug":"prefeitura-investe-no-segmento-turistico-para-impulsionar-economia-de-petrolina","status":"publish","type":"post","link":"https:\/\/blogdofarnesio.com.br\/?p=264276","title":{"rendered":"Prefeitura investe no segmento tur\u00edstico para impulsionar economia de Petrolina"},"content":{"rendered":"<p dir=\"ltr\">Banhada pelo Rio S\u00e3o Francisco e forte no agroneg\u00f3cio, Petrolina, apesar de possuir cen\u00e1rios dignos de cart\u00e3o postal, havia sido esquecida quando o assunto era a manuten\u00e7\u00e3o de equipamentos tur\u00edsticos. Nos \u00faltimos tr\u00eas anos, a Prefeitura de Petrolina tem mudado esse cen\u00e1rio. Entre os locais beneficiados a Orla, o Bod\u00f3dromo, a Oficina do Artes\u00e3o Mestre Quincas e o Centro Gastron\u00f4mico Dona Iracy Sobral, que fica na rua Eraldo Gueiros, passaram por uma intensa transforma\u00e7\u00e3o.<\/p>\n<p dir=\"ltr\">Em todas essas obras estruturantes, est\u00e3o sendo investidos R$ 7,7 milh\u00f5es em melhorias, amplia\u00e7\u00f5es e readequa\u00e7\u00f5es dos espa\u00e7os.<\/p>\n<p dir=\"ltr\">Al\u00e9m de tornar mais confort\u00e1vel e atrativa para turistas, as melhorias na Orla tornaram o lugar mais agrad\u00e1vel e receptivo ao lazer de todos os petrolinenses. O projeto permitiu que todas as pessoas pudessem contemplar o Velho Chico de qualquer ponto que se esteja. O local ganhou novo cal\u00e7ad\u00e3o, ciclovia e teve a acessibilidade ampliada. Ainda ganhou novos parques.<\/p>\n<p dir=\"ltr\">Na Porta do Rio, brinquedos inclusivos permitem que todas as crian\u00e7as possam aproveitar a inf\u00e2ncia, independe das diferen\u00e7as. Ainda contemplou um polo gastron\u00f4mico, pista de 300m para caminhadas ou corridas, quadra poliesportiva, equipamentos de gin\u00e1stica, \u00e1reas para pr\u00e1tica de esportes urbanos (skate e patins) e um espa\u00e7o recreativo para animais dom\u00e9sticos.<\/p>\n<p dir=\"ltr\">A Oficina do Artes\u00e3o Mestre Quincas foi ampliada e os artes\u00e3os ganharam mais espa\u00e7o para produzirem as pe\u00e7as que levam a cultura sertaneja para o mundo, al\u00e9m de tornar o ambiente mais aconchegante para turistas que visitam a regi\u00e3o.<\/p>\n<p dir=\"ltr\">Gastronomia:<\/p>\n<p dir=\"ltr\">Quando o assunto \u00e9 boa comida e com refer\u00eancia em culin\u00e1ria regional \u00e9, indiscutivelmente,\u00a0 o Bod\u00f3dromo a parada obrigat\u00f3ria de quem visita a cidade. O ambiente passa por uma requalifica\u00e7\u00e3o em duas etapas: a primeira ampliou o estacionamento, melhorou a acessibilidade e trouxe uma maior arboriza\u00e7\u00e3o. J\u00e1 na segunda etapa, que est\u00e1 em andamento, est\u00e1 prevista a implanta\u00e7\u00e3o do p\u00f3rtico de entrada, com a instala\u00e7\u00e3o de letreiro indicativo e revitaliza\u00e7\u00e3o do canteiro central de acesso. Na parte externa, margeando a Avenida S\u00e3o Francisco, ser\u00e1 constru\u00eddo um \u2018Food Park\u2019 com a edifica\u00e7\u00e3o de quiosques e a constru\u00e7\u00e3o de um espa\u00e7o coberto para exposi\u00e7\u00e3o do artesanato local.<\/p>\n<p dir=\"ltr\">Outro espa\u00e7o que nem parece mais o mesmo, \u00e9 o Centro Gastron\u00f4mico Dona Iracy Sobral, que fica localizado na Rua Eraldo Gueiros, no Centro. O espa\u00e7o ganhou uma reforma completa e, agora, 20 novos quiosques padronizados d\u00e3o espa\u00e7o onde antes havia barracos com pouca infraestrutura.<\/p>\n<div dir=\"ltr\">\n<p>Fotos:\u00a0 Prefeitura de Petrolina<\/p>\n<\/div>\n<div dir=\"ltr\">Giomara Damasceno\/Assessora de Imprensa<\/div>\n","protected":false},"excerpt":{"rendered":"<p>Banhada pelo Rio S\u00e3o Francisco e forte no agroneg\u00f3cio, Petrolina, apesar de possuir cen\u00e1rios dignos de cart\u00e3o postal, havia sido esquecida quando o assunto era a manuten\u00e7\u00e3o de equipamentos tur\u00edsticos. Nos \u00faltimos tr\u00eas anos, a Prefeitura de Petrolina tem mudado esse cen\u00e1rio. Entre os locais beneficiados a Orla, o Bod\u00f3dromo, a Oficina do Artes\u00e3o Mestre Quincas e o Centro Gastron\u00f4mico Dona Iracy Sobral, que fica na rua Eraldo Gueiros, passaram por uma intensa transforma\u00e7\u00e3o. Em todas essas obras estruturantes, est\u00e3o sendo investidos R$ 7,7 milh\u00f5es em melhorias, amplia\u00e7\u00f5es e readequa\u00e7\u00f5es dos espa\u00e7os. Al\u00e9m de tornar mais confort\u00e1vel e atrativa para turistas, as melhorias na Orla tornaram o lugar mais agrad\u00e1vel e receptivo ao lazer de todos os petrolinenses. O projeto&hellip; <\/p>\n","protected":false},"author":1,"featured_media":264278,"comment_status":"closed","ping_status":"closed","sticky":false,"template":"","format":"standard","meta":{"_acf_changed":false,"footnotes":""},"categories":[1],"tags":[],"class_list":["post-264276","post","type-post","status-publish","format-standard","has-post-thumbnail","hentry","category-politica"],"acf":[],"yoast_head":"<!-- This site is optimized with the Yoast SEO plugin v27.4 - https:\/\/yoast.com\/product\/yoast-seo-wordpress\/ -->\n<title>Prefeitura investe no segmento tur\u00edstico para impulsionar economia de Petrolina - Blog do Farn\u00e9sio<\/title>\n<meta name=\"robots\" content=\"index, follow, max-snippet:-1, max-image-preview:large, max-video-preview:-1\" \/>\n<link rel=\"canonical\" href=\"https:\/\/blogdofarnesio.com.br\/?p=264276\" \/>\n<meta property=\"og:locale\" content=\"pt_BR\" \/>\n<meta property=\"og:type\" content=\"article\" \/>\n<meta property=\"og:title\" content=\"Prefeitura investe no segmento tur\u00edstico para impulsionar economia de Petrolina - Blog do Farn\u00e9sio\" \/>\n<meta property=\"og:description\" content=\"Banhada pelo Rio S\u00e3o Francisco e forte no agroneg\u00f3cio, Petrolina, apesar de possuir cen\u00e1rios dignos de cart\u00e3o postal, havia sido esquecida quando o assunto era a manuten\u00e7\u00e3o de equipamentos tur\u00edsticos. Nos \u00faltimos tr\u00eas anos, a Prefeitura de Petrolina tem mudado esse cen\u00e1rio. Entre os locais beneficiados a Orla, o Bod\u00f3dromo, a Oficina do Artes\u00e3o Mestre Quincas e o Centro Gastron\u00f4mico Dona Iracy Sobral, que fica na rua Eraldo Gueiros, passaram por uma intensa transforma\u00e7\u00e3o. Em todas essas obras estruturantes, est\u00e3o sendo investidos R$ 7,7 milh\u00f5es em melhorias, amplia\u00e7\u00f5es e readequa\u00e7\u00f5es dos espa\u00e7os. Al\u00e9m de tornar mais confort\u00e1vel e atrativa para turistas, as melhorias na Orla tornaram o lugar mais agrad\u00e1vel e receptivo ao lazer de todos os petrolinenses. O projeto&hellip;\" \/>\n<meta property=\"og:url\" content=\"https:\/\/blogdofarnesio.com.br\/?p=264276\" \/>\n<meta property=\"og:site_name\" content=\"Blog do Farn\u00e9sio\" \/>\n<meta property=\"article:publisher\" content=\"https:\/\/www.facebook.com\/BlogQuerSaberPolitica\/\" \/>\n<meta property=\"article:published_time\" content=\"2020-08-07T19:23:30+00:00\" \/>\n<meta property=\"og:image\" content=\"https:\/\/blogdofarnesio.com.br\/wp-content\/uploads\/2020\/08\/blogqsppet-bod\u00f3dromo-Emerson-Leite-1-e1596747365797.jpg\" \/>\n\t<meta property=\"og:image:width\" content=\"680\" \/>\n\t<meta property=\"og:image:height\" content=\"453\" \/>\n\t<meta property=\"og:image:type\" content=\"image\/jpeg\" \/>\n<meta name=\"author\" content=\"Farn\u00e9sio\" \/>\n<meta name=\"twitter:card\" content=\"summary_large_image\" \/>\n<meta name=\"twitter:label1\" content=\"Escrito por\" \/>\n\t<meta name=\"twitter:data1\" content=\"Farn\u00e9sio\" \/>\n\t<meta name=\"twitter:label2\" content=\"Est. tempo de leitura\" \/>\n\t<meta name=\"twitter:data2\" content=\"2 minutos\" \/>\n<script type=\"application\/ld+json\" class=\"yoast-schema-graph\">{\"@context\":\"https:\\\/\\\/schema.org\",\"@graph\":[{\"@type\":\"Article\",\"@id\":\"https:\\\/\\\/blogdofarnesio.com.br\\\/?p=264276#article\",\"isPartOf\":{\"@id\":\"https:\\\/\\\/blogdofarnesio.com.br\\\/?p=264276\"},\"author\":{\"name\":\"Farn\u00e9sio\",\"@id\":\"https:\\\/\\\/blogdofarnesio.com.br\\\/#\\\/schema\\\/person\\\/301c4acf522bccbfdb45af95b5b906a1\"},\"headline\":\"Prefeitura investe no segmento tur\u00edstico para impulsionar economia de Petrolina\",\"datePublished\":\"2020-08-07T19:23:30+00:00\",\"mainEntityOfPage\":{\"@id\":\"https:\\\/\\\/blogdofarnesio.com.br\\\/?p=264276\"},\"wordCount\":464,\"publisher\":{\"@id\":\"https:\\\/\\\/blogdofarnesio.com.br\\\/#organization\"},\"image\":{\"@id\":\"https:\\\/\\\/blogdofarnesio.com.br\\\/?p=264276#primaryimage\"},\"thumbnailUrl\":\"https:\\\/\\\/blogdofarnesio.com.br\\\/wp-content\\\/uploads\\\/2020\\\/08\\\/blogqsppet-bod\u00f3dromo-Emerson-Leite-1-e1596747365797.jpg\",\"articleSection\":[\"Pol\u00edtica\"],\"inLanguage\":\"pt-BR\"},{\"@type\":\"WebPage\",\"@id\":\"https:\\\/\\\/blogdofarnesio.com.br\\\/?p=264276\",\"url\":\"https:\\\/\\\/blogdofarnesio.com.br\\\/?p=264276\",\"name\":\"Prefeitura investe no segmento tur\u00edstico para impulsionar economia de Petrolina - Blog do Farn\u00e9sio\",\"isPartOf\":{\"@id\":\"https:\\\/\\\/blogdofarnesio.com.br\\\/#website\"},\"primaryImageOfPage\":{\"@id\":\"https:\\\/\\\/blogdofarnesio.com.br\\\/?p=264276#primaryimage\"},\"image\":{\"@id\":\"https:\\\/\\\/blogdofarnesio.com.br\\\/?p=264276#primaryimage\"},\"thumbnailUrl\":\"https:\\\/\\\/blogdofarnesio.com.br\\\/wp-content\\\/uploads\\\/2020\\\/08\\\/blogqsppet-bod\u00f3dromo-Emerson-Leite-1-e1596747365797.jpg\",\"datePublished\":\"2020-08-07T19:23:30+00:00\",\"breadcrumb\":{\"@id\":\"https:\\\/\\\/blogdofarnesio.com.br\\\/?p=264276#breadcrumb\"},\"inLanguage\":\"pt-BR\",\"potentialAction\":[{\"@type\":\"ReadAction\",\"target\":[\"https:\\\/\\\/blogdofarnesio.com.br\\\/?p=264276\"]}]},{\"@type\":\"ImageObject\",\"inLanguage\":\"pt-BR\",\"@id\":\"https:\\\/\\\/blogdofarnesio.com.br\\\/?p=264276#primaryimage\",\"url\":\"https:\\\/\\\/blogdofarnesio.com.br\\\/wp-content\\\/uploads\\\/2020\\\/08\\\/blogqsppet-bod\u00f3dromo-Emerson-Leite-1-e1596747365797.jpg\",\"contentUrl\":\"https:\\\/\\\/blogdofarnesio.com.br\\\/wp-content\\\/uploads\\\/2020\\\/08\\\/blogqsppet-bod\u00f3dromo-Emerson-Leite-1-e1596747365797.jpg\",\"width\":680,\"height\":453,\"caption\":\"Bododromo Petrolina-PE\"},{\"@type\":\"BreadcrumbList\",\"@id\":\"https:\\\/\\\/blogdofarnesio.com.br\\\/?p=264276#breadcrumb\",\"itemListElement\":[{\"@type\":\"ListItem\",\"position\":1,\"name\":\"In\u00edcio\",\"item\":\"https:\\\/\\\/blogdofarnesio.com.br\\\/\"},{\"@type\":\"ListItem\",\"position\":2,\"name\":\"Prefeitura investe no segmento tur\u00edstico para impulsionar economia de Petrolina\"}]},{\"@type\":\"WebSite\",\"@id\":\"https:\\\/\\\/blogdofarnesio.com.br\\\/#website\",\"url\":\"https:\\\/\\\/blogdofarnesio.com.br\\\/\",\"name\":\"Blog do Farn\u00e9sio\",\"description\":\"Quer Saber Pol\u00edtica?\",\"publisher\":{\"@id\":\"https:\\\/\\\/blogdofarnesio.com.br\\\/#organization\"},\"potentialAction\":[{\"@type\":\"SearchAction\",\"target\":{\"@type\":\"EntryPoint\",\"urlTemplate\":\"https:\\\/\\\/blogdofarnesio.com.br\\\/?s={search_term_string}\"},\"query-input\":{\"@type\":\"PropertyValueSpecification\",\"valueRequired\":true,\"valueName\":\"search_term_string\"}}],\"inLanguage\":\"pt-BR\"},{\"@type\":\"Organization\",\"@id\":\"https:\\\/\\\/blogdofarnesio.com.br\\\/#organization\",\"name\":\"Blog do Farn\u00e9sio\",\"url\":\"https:\\\/\\\/blogdofarnesio.com.br\\\/\",\"logo\":{\"@type\":\"ImageObject\",\"inLanguage\":\"pt-BR\",\"@id\":\"https:\\\/\\\/blogdofarnesio.com.br\\\/#\\\/schema\\\/logo\\\/image\\\/\",\"url\":\"https:\\\/\\\/blogdofarnesio.com.br\\\/wp-content\\\/uploads\\\/2026\\\/03\\\/cropped-logo_new-1.png\",\"contentUrl\":\"https:\\\/\\\/blogdofarnesio.com.br\\\/wp-content\\\/uploads\\\/2026\\\/03\\\/cropped-logo_new-1.png\",\"width\":881,\"height\":685,\"caption\":\"Blog do Farn\u00e9sio\"},\"image\":{\"@id\":\"https:\\\/\\\/blogdofarnesio.com.br\\\/#\\\/schema\\\/logo\\\/image\\\/\"},\"sameAs\":[\"https:\\\/\\\/www.facebook.com\\\/BlogQuerSaberPolitica\\\/\"]},{\"@type\":\"Person\",\"@id\":\"https:\\\/\\\/blogdofarnesio.com.br\\\/#\\\/schema\\\/person\\\/301c4acf522bccbfdb45af95b5b906a1\",\"name\":\"Farn\u00e9sio\",\"image\":{\"@type\":\"ImageObject\",\"inLanguage\":\"pt-BR\",\"@id\":\"https:\\\/\\\/secure.gravatar.com\\\/avatar\\\/df0c9a14567c056f8ad6876ba5bbd1e3e2c48023eb6807342fc4663adf549f38?s=96&d=mm&r=g\",\"url\":\"https:\\\/\\\/secure.gravatar.com\\\/avatar\\\/df0c9a14567c056f8ad6876ba5bbd1e3e2c48023eb6807342fc4663adf549f38?s=96&d=mm&r=g\",\"contentUrl\":\"https:\\\/\\\/secure.gravatar.com\\\/avatar\\\/df0c9a14567c056f8ad6876ba5bbd1e3e2c48023eb6807342fc4663adf549f38?s=96&d=mm&r=g\",\"caption\":\"Farn\u00e9sio\"},\"sameAs\":[\"https:\\\/\\\/quersaberpolitica.com.br\"],\"url\":\"https:\\\/\\\/blogdofarnesio.com.br\\\/?author=1\"}]}<\/script>\n<!-- \/ Yoast SEO plugin. -->","yoast_head_json":{"title":"Prefeitura investe no segmento tur\u00edstico para impulsionar economia de Petrolina - Blog do Farn\u00e9sio","robots":{"index":"index","follow":"follow","max-snippet":"max-snippet:-1","max-image-preview":"max-image-preview:large","max-video-preview":"max-video-preview:-1"},"canonical":"https:\/\/blogdofarnesio.com.br\/?p=264276","og_locale":"pt_BR","og_type":"article","og_title":"Prefeitura investe no segmento tur\u00edstico para impulsionar economia de Petrolina - Blog do Farn\u00e9sio","og_description":"Banhada pelo Rio S\u00e3o Francisco e forte no agroneg\u00f3cio, Petrolina, apesar de possuir cen\u00e1rios dignos de cart\u00e3o postal, havia sido esquecida quando o assunto era a manuten\u00e7\u00e3o de equipamentos tur\u00edsticos. Nos \u00faltimos tr\u00eas anos, a Prefeitura de Petrolina tem mudado esse cen\u00e1rio. Entre os locais beneficiados a Orla, o Bod\u00f3dromo, a Oficina do Artes\u00e3o Mestre Quincas e o Centro Gastron\u00f4mico Dona Iracy Sobral, que fica na rua Eraldo Gueiros, passaram por uma intensa transforma\u00e7\u00e3o. Em todas essas obras estruturantes, est\u00e3o sendo investidos R$ 7,7 milh\u00f5es em melhorias, amplia\u00e7\u00f5es e readequa\u00e7\u00f5es dos espa\u00e7os. Al\u00e9m de tornar mais confort\u00e1vel e atrativa para turistas, as melhorias na Orla tornaram o lugar mais agrad\u00e1vel e receptivo ao lazer de todos os petrolinenses. O projeto&hellip;","og_url":"https:\/\/blogdofarnesio.com.br\/?p=264276","og_site_name":"Blog do Farn\u00e9sio","article_publisher":"https:\/\/www.facebook.com\/BlogQuerSaberPolitica\/","article_published_time":"2020-08-07T19:23:30+00:00","og_image":[{"width":680,"height":453,"url":"https:\/\/blogdofarnesio.com.br\/wp-content\/uploads\/2020\/08\/blogqsppet-bod\u00f3dromo-Emerson-Leite-1-e1596747365797.jpg","type":"image\/jpeg"}],"author":"Farn\u00e9sio","twitter_card":"summary_large_image","twitter_misc":{"Escrito por":"Farn\u00e9sio","Est. tempo de leitura":"2 minutos"},"schema":{"@context":"https:\/\/schema.org","@graph":[{"@type":"Article","@id":"https:\/\/blogdofarnesio.com.br\/?p=264276#article","isPartOf":{"@id":"https:\/\/blogdofarnesio.com.br\/?p=264276"},"author":{"name":"Farn\u00e9sio","@id":"https:\/\/blogdofarnesio.com.br\/#\/schema\/person\/301c4acf522bccbfdb45af95b5b906a1"},"headline":"Prefeitura investe no segmento tur\u00edstico para impulsionar economia de Petrolina","datePublished":"2020-08-07T19:23:30+00:00","mainEntityOfPage":{"@id":"https:\/\/blogdofarnesio.com.br\/?p=264276"},"wordCount":464,"publisher":{"@id":"https:\/\/blogdofarnesio.com.br\/#organization"},"image":{"@id":"https:\/\/blogdofarnesio.com.br\/?p=264276#primaryimage"},"thumbnailUrl":"https:\/\/blogdofarnesio.com.br\/wp-content\/uploads\/2020\/08\/blogqsppet-bod\u00f3dromo-Emerson-Leite-1-e1596747365797.jpg","articleSection":["Pol\u00edtica"],"inLanguage":"pt-BR"},{"@type":"WebPage","@id":"https:\/\/blogdofarnesio.com.br\/?p=264276","url":"https:\/\/blogdofarnesio.com.br\/?p=264276","name":"Prefeitura investe no segmento tur\u00edstico para impulsionar economia de Petrolina - Blog do Farn\u00e9sio","isPartOf":{"@id":"https:\/\/blogdofarnesio.com.br\/#website"},"primaryImageOfPage":{"@id":"https:\/\/blogdofarnesio.com.br\/?p=264276#primaryimage"},"image":{"@id":"https:\/\/blogdofarnesio.com.br\/?p=264276#primaryimage"},"thumbnailUrl":"https:\/\/blogdofarnesio.com.br\/wp-content\/uploads\/2020\/08\/blogqsppet-bod\u00f3dromo-Emerson-Leite-1-e1596747365797.jpg","datePublished":"2020-08-07T19:23:30+00:00","breadcrumb":{"@id":"https:\/\/blogdofarnesio.com.br\/?p=264276#breadcrumb"},"inLanguage":"pt-BR","potentialAction":[{"@type":"ReadAction","target":["https:\/\/blogdofarnesio.com.br\/?p=264276"]}]},{"@type":"ImageObject","inLanguage":"pt-BR","@id":"https:\/\/blogdofarnesio.com.br\/?p=264276#primaryimage","url":"https:\/\/blogdofarnesio.com.br\/wp-content\/uploads\/2020\/08\/blogqsppet-bod\u00f3dromo-Emerson-Leite-1-e1596747365797.jpg","contentUrl":"https:\/\/blogdofarnesio.com.br\/wp-content\/uploads\/2020\/08\/blogqsppet-bod\u00f3dromo-Emerson-Leite-1-e1596747365797.jpg","width":680,"height":453,"caption":"Bododromo Petrolina-PE"},{"@type":"BreadcrumbList","@id":"https:\/\/blogdofarnesio.com.br\/?p=264276#breadcrumb","itemListElement":[{"@type":"ListItem","position":1,"name":"In\u00edcio","item":"https:\/\/blogdofarnesio.com.br\/"},{"@type":"ListItem","position":2,"name":"Prefeitura investe no segmento tur\u00edstico para impulsionar economia de Petrolina"}]},{"@type":"WebSite","@id":"https:\/\/blogdofarnesio.com.br\/#website","url":"https:\/\/blogdofarnesio.com.br\/","name":"Blog do Farn\u00e9sio","description":"Quer Saber Pol\u00edtica?","publisher":{"@id":"https:\/\/blogdofarnesio.com.br\/#organization"},"potentialAction":[{"@type":"SearchAction","target":{"@type":"EntryPoint","urlTemplate":"https:\/\/blogdofarnesio.com.br\/?s={search_term_string}"},"query-input":{"@type":"PropertyValueSpecification","valueRequired":true,"valueName":"search_term_string"}}],"inLanguage":"pt-BR"},{"@type":"Organization","@id":"https:\/\/blogdofarnesio.com.br\/#organization","name":"Blog do Farn\u00e9sio","url":"https:\/\/blogdofarnesio.com.br\/","logo":{"@type":"ImageObject","inLanguage":"pt-BR","@id":"https:\/\/blogdofarnesio.com.br\/#\/schema\/logo\/image\/","url":"https:\/\/blogdofarnesio.com.br\/wp-content\/uploads\/2026\/03\/cropped-logo_new-1.png","contentUrl":"https:\/\/blogdofarnesio.com.br\/wp-content\/uploads\/2026\/03\/cropped-logo_new-1.png","width":881,"height":685,"caption":"Blog do Farn\u00e9sio"},"image":{"@id":"https:\/\/blogdofarnesio.com.br\/#\/schema\/logo\/image\/"},"sameAs":["https:\/\/www.facebook.com\/BlogQuerSaberPolitica\/"]},{"@type":"Person","@id":"https:\/\/blogdofarnesio.com.br\/#\/schema\/person\/301c4acf522bccbfdb45af95b5b906a1","name":"Farn\u00e9sio","image":{"@type":"ImageObject","inLanguage":"pt-BR","@id":"https:\/\/secure.gravatar.com\/avatar\/df0c9a14567c056f8ad6876ba5bbd1e3e2c48023eb6807342fc4663adf549f38?s=96&d=mm&r=g","url":"https:\/\/secure.gravatar.com\/avatar\/df0c9a14567c056f8ad6876ba5bbd1e3e2c48023eb6807342fc4663adf549f38?s=96&d=mm&r=g","contentUrl":"https:\/\/secure.gravatar.com\/avatar\/df0c9a14567c056f8ad6876ba5bbd1e3e2c48023eb6807342fc4663adf549f38?s=96&d=mm&r=g","caption":"Farn\u00e9sio"},"sameAs":["https:\/\/quersaberpolitica.com.br"],"url":"https:\/\/blogdofarnesio.com.br\/?author=1"}]}},"_links":{"self":[{"href":"https:\/\/blogdofarnesio.com.br\/index.php?rest_route=\/wp\/v2\/posts\/264276","targetHints":{"allow":["GET"]}}],"collection":[{"href":"https:\/\/blogdofarnesio.com.br\/index.php?rest_route=\/wp\/v2\/posts"}],"about":[{"href":"https:\/\/blogdofarnesio.com.br\/index.php?rest_route=\/wp\/v2\/types\/post"}],"author":[{"embeddable":true,"href":"https:\/\/blogdofarnesio.com.br\/index.php?rest_route=\/wp\/v2\/users\/1"}],"replies":[{"embeddable":true,"href":"https:\/\/blogdofarnesio.com.br\/index.php?rest_route=%2Fwp%2Fv2%2Fcomments&post=264276"}],"version-history":[{"count":0,"href":"https:\/\/blogdofarnesio.com.br\/index.php?rest_route=\/wp\/v2\/posts\/264276\/revisions"}],"wp:featuredmedia":[{"embeddable":true,"href":"https:\/\/blogdofarnesio.com.br\/index.php?rest_route=\/wp\/v2\/media\/264278"}],"wp:attachment":[{"href":"https:\/\/blogdofarnesio.com.br\/index.php?rest_route=%2Fwp%2Fv2%2Fmedia&parent=264276"}],"wp:term":[{"taxonomy":"category","embeddable":true,"href":"https:\/\/blogdofarnesio.com.br\/index.php?rest_route=%2Fwp%2Fv2%2Fcategories&post=264276"},{"taxonomy":"post_tag","embeddable":true,"href":"https:\/\/blogdofarnesio.com.br\/index.php?rest_route=%2Fwp%2Fv2%2Ftags&post=264276"}],"curies":[{"name":"wp","href":"https:\/\/api.w.org\/{rel}","templated":true}]}}