{"id":264269,"date":"2020-08-07T17:40:52","date_gmt":"2020-08-07T20:40:52","guid":{"rendered":"http:\/\/quersaberpolitica.com.br\/2016\/?p=264269"},"modified":"2020-08-07T17:40:52","modified_gmt":"2020-08-07T20:40:52","slug":"anunciada-a-requalificacao-de-escola-municipal-do-bairro-pedra-linda","status":"publish","type":"post","link":"https:\/\/blogdofarnesio.com.br\/?p=264269","title":{"rendered":"Anunciada a requalifica\u00e7\u00e3o de escola municipal do bairro Pedra Linda"},"content":{"rendered":"<div dir=\"auto\">\n<div dir=\"auto\">Com capacidade para quase mil estudantes, a Escola Municipal Anete Rolim, no bairro Pedra Linda, receber\u00e1 uma ampla reforma. O prefeito Miguel Coelho assinou, nesta quarta (05), na sede da prefeitura, uma ordem de servi\u00e7o para a requalifica\u00e7\u00e3o da unidade escolar. A interven\u00e7\u00e3o ter\u00e1 investimento de R$ 1,3 milh\u00e3o e deve ser conclu\u00edda num prazo de oito meses.<\/div>\n<div dir=\"auto\"><\/div>\n<div dir=\"auto\">Com os recursos, a Prefeitura de Petrolina promover\u00e1 uma s\u00e9rie de manuten\u00e7\u00f5es no pr\u00e9dio. Est\u00e3o previstas a pintura, constru\u00e7\u00e3o de banheiros, troca de pisos, telhado e revestimentos; reforma do bloco administrativo e das salas de aula. A obra ainda garantir\u00e1 a recupera\u00e7\u00e3o da quadra esportiva, climatiza\u00e7\u00e3o completa da escola e amplia\u00e7\u00e3o da cobertura do p\u00e1tio. O projeto tamb\u00e9m inclui equipamentos para melhorar a acessibilidade em todas as instala\u00e7\u00f5es da unidade escolar.<\/div>\n<div dir=\"auto\"><\/div>\n<div dir=\"auto\">A requalifica\u00e7\u00e3o integra um conjunto de investimentos da rede p\u00fablica de educa\u00e7\u00e3o. A Prefeitura de Petrolina j\u00e1 promoveu a manuten\u00e7\u00e3o de cerca de 75% das creches e escolas da cidade. Al\u00e9m disso, seguem em andamento as obras e projetos de constru\u00e7\u00e3o de 11 centros de educa\u00e7\u00e3o infantil.<\/div>\n<div dir=\"auto\"><\/div>\n<div dir=\"auto\"><\/div>\n<div dir=\"auto\">Fotos: Alexandre Justino<\/div>\n<\/div>\n<div dir=\"ltr\">\n<div>\n<div dir=\"ltr\">\n<div dir=\"ltr\">\n<div dir=\"ltr\">\n<div dir=\"ltr\">\n<div dir=\"ltr\">\n<div dir=\"ltr\">\n<div dir=\"ltr\">\n<div dir=\"ltr\">\n<div dir=\"ltr\">\n<div dir=\"ltr\">\n<div dir=\"ltr\">\n<div dir=\"ltr\">\n<div dir=\"ltr\"><\/div>\n<div dir=\"ltr\">Junior Vilela<\/div>\n<div dir=\"ltr\"><b>Assessor de Imprensa<\/b><\/div>\n<\/div>\n<\/div>\n<\/div>\n<\/div>\n<\/div>\n<\/div>\n<\/div>\n<\/div>\n<\/div>\n<\/div>\n<\/div>\n<\/div>\n<\/div>\n<\/div>\n<p>&nbsp;<\/p>\n","protected":false},"excerpt":{"rendered":"<p>Com capacidade para quase mil estudantes, a Escola Municipal Anete Rolim, no bairro Pedra Linda, receber\u00e1 uma ampla reforma. O prefeito Miguel Coelho assinou, nesta quarta (05), na sede da prefeitura, uma ordem de servi\u00e7o para a requalifica\u00e7\u00e3o da unidade escolar. A interven\u00e7\u00e3o ter\u00e1 investimento de R$ 1,3 milh\u00e3o e deve ser conclu\u00edda num prazo de oito meses. Com os recursos, a Prefeitura de Petrolina promover\u00e1 uma s\u00e9rie de manuten\u00e7\u00f5es no pr\u00e9dio. Est\u00e3o previstas a pintura, constru\u00e7\u00e3o de banheiros, troca de pisos, telhado e revestimentos; reforma do bloco administrativo e das salas de aula. A obra ainda garantir\u00e1 a recupera\u00e7\u00e3o da quadra esportiva, climatiza\u00e7\u00e3o completa da escola e amplia\u00e7\u00e3o da cobertura do p\u00e1tio. O projeto tamb\u00e9m inclui equipamentos para melhorar&hellip; <\/p>\n","protected":false},"author":1,"featured_media":264270,"comment_status":"closed","ping_status":"closed","sticky":false,"template":"","format":"standard","meta":{"_acf_changed":false,"footnotes":""},"categories":[1],"tags":[],"class_list":["post-264269","post","type-post","status-publish","format-standard","has-post-thumbnail","hentry","category-politica"],"acf":[],"yoast_head":"<!-- This site is optimized with the Yoast SEO plugin v27.4 - https:\/\/yoast.com\/product\/yoast-seo-wordpress\/ -->\n<title>Anunciada a requalifica\u00e7\u00e3o de escola municipal do bairro Pedra Linda - Blog do Farn\u00e9sio<\/title>\n<meta name=\"robots\" content=\"index, follow, max-snippet:-1, max-image-preview:large, max-video-preview:-1\" \/>\n<link rel=\"canonical\" href=\"https:\/\/blogdofarnesio.com.br\/?p=264269\" \/>\n<meta property=\"og:locale\" content=\"pt_BR\" \/>\n<meta property=\"og:type\" content=\"article\" \/>\n<meta property=\"og:title\" content=\"Anunciada a requalifica\u00e7\u00e3o de escola municipal do bairro Pedra Linda - Blog do Farn\u00e9sio\" \/>\n<meta property=\"og:description\" content=\"Com capacidade para quase mil estudantes, a Escola Municipal Anete Rolim, no bairro Pedra Linda, receber\u00e1 uma ampla reforma. O prefeito Miguel Coelho assinou, nesta quarta (05), na sede da prefeitura, uma ordem de servi\u00e7o para a requalifica\u00e7\u00e3o da unidade escolar. A interven\u00e7\u00e3o ter\u00e1 investimento de R$ 1,3 milh\u00e3o e deve ser conclu\u00edda num prazo de oito meses. Com os recursos, a Prefeitura de Petrolina promover\u00e1 uma s\u00e9rie de manuten\u00e7\u00f5es no pr\u00e9dio. Est\u00e3o previstas a pintura, constru\u00e7\u00e3o de banheiros, troca de pisos, telhado e revestimentos; reforma do bloco administrativo e das salas de aula. A obra ainda garantir\u00e1 a recupera\u00e7\u00e3o da quadra esportiva, climatiza\u00e7\u00e3o completa da escola e amplia\u00e7\u00e3o da cobertura do p\u00e1tio. O projeto tamb\u00e9m inclui equipamentos para melhorar&hellip;\" \/>\n<meta property=\"og:url\" content=\"https:\/\/blogdofarnesio.com.br\/?p=264269\" \/>\n<meta property=\"og:site_name\" content=\"Blog do Farn\u00e9sio\" \/>\n<meta property=\"article:publisher\" content=\"https:\/\/www.facebook.com\/BlogQuerSaberPolitica\/\" \/>\n<meta property=\"article:published_time\" content=\"2020-08-07T20:40:52+00:00\" \/>\n<meta property=\"og:image\" content=\"https:\/\/blogdofarnesio.com.br\/wp-content\/uploads\/2020\/08\/blogqsppet-miguel-assinatura-e1596746558296.jpg\" \/>\n\t<meta property=\"og:image:width\" content=\"680\" \/>\n\t<meta property=\"og:image:height\" content=\"453\" \/>\n\t<meta property=\"og:image:type\" content=\"image\/jpeg\" \/>\n<meta name=\"author\" content=\"Farn\u00e9sio\" \/>\n<meta name=\"twitter:card\" content=\"summary_large_image\" \/>\n<meta name=\"twitter:label1\" content=\"Escrito por\" \/>\n\t<meta name=\"twitter:data1\" content=\"Farn\u00e9sio\" \/>\n\t<meta name=\"twitter:label2\" content=\"Est. tempo de leitura\" \/>\n\t<meta name=\"twitter:data2\" content=\"1 minuto\" \/>\n<script type=\"application\/ld+json\" class=\"yoast-schema-graph\">{\"@context\":\"https:\\\/\\\/schema.org\",\"@graph\":[{\"@type\":\"Article\",\"@id\":\"https:\\\/\\\/blogdofarnesio.com.br\\\/?p=264269#article\",\"isPartOf\":{\"@id\":\"https:\\\/\\\/blogdofarnesio.com.br\\\/?p=264269\"},\"author\":{\"name\":\"Farn\u00e9sio\",\"@id\":\"https:\\\/\\\/blogdofarnesio.com.br\\\/#\\\/schema\\\/person\\\/301c4acf522bccbfdb45af95b5b906a1\"},\"headline\":\"Anunciada a requalifica\u00e7\u00e3o de escola municipal do bairro Pedra Linda\",\"datePublished\":\"2020-08-07T20:40:52+00:00\",\"mainEntityOfPage\":{\"@id\":\"https:\\\/\\\/blogdofarnesio.com.br\\\/?p=264269\"},\"wordCount\":215,\"publisher\":{\"@id\":\"https:\\\/\\\/blogdofarnesio.com.br\\\/#organization\"},\"image\":{\"@id\":\"https:\\\/\\\/blogdofarnesio.com.br\\\/?p=264269#primaryimage\"},\"thumbnailUrl\":\"https:\\\/\\\/blogdofarnesio.com.br\\\/wp-content\\\/uploads\\\/2020\\\/08\\\/blogqsppet-miguel-assinatura-e1596746558296.jpg\",\"articleSection\":[\"Pol\u00edtica\"],\"inLanguage\":\"pt-BR\"},{\"@type\":\"WebPage\",\"@id\":\"https:\\\/\\\/blogdofarnesio.com.br\\\/?p=264269\",\"url\":\"https:\\\/\\\/blogdofarnesio.com.br\\\/?p=264269\",\"name\":\"Anunciada a requalifica\u00e7\u00e3o de escola municipal do bairro Pedra Linda - Blog do Farn\u00e9sio\",\"isPartOf\":{\"@id\":\"https:\\\/\\\/blogdofarnesio.com.br\\\/#website\"},\"primaryImageOfPage\":{\"@id\":\"https:\\\/\\\/blogdofarnesio.com.br\\\/?p=264269#primaryimage\"},\"image\":{\"@id\":\"https:\\\/\\\/blogdofarnesio.com.br\\\/?p=264269#primaryimage\"},\"thumbnailUrl\":\"https:\\\/\\\/blogdofarnesio.com.br\\\/wp-content\\\/uploads\\\/2020\\\/08\\\/blogqsppet-miguel-assinatura-e1596746558296.jpg\",\"datePublished\":\"2020-08-07T20:40:52+00:00\",\"breadcrumb\":{\"@id\":\"https:\\\/\\\/blogdofarnesio.com.br\\\/?p=264269#breadcrumb\"},\"inLanguage\":\"pt-BR\",\"potentialAction\":[{\"@type\":\"ReadAction\",\"target\":[\"https:\\\/\\\/blogdofarnesio.com.br\\\/?p=264269\"]}]},{\"@type\":\"ImageObject\",\"inLanguage\":\"pt-BR\",\"@id\":\"https:\\\/\\\/blogdofarnesio.com.br\\\/?p=264269#primaryimage\",\"url\":\"https:\\\/\\\/blogdofarnesio.com.br\\\/wp-content\\\/uploads\\\/2020\\\/08\\\/blogqsppet-miguel-assinatura-e1596746558296.jpg\",\"contentUrl\":\"https:\\\/\\\/blogdofarnesio.com.br\\\/wp-content\\\/uploads\\\/2020\\\/08\\\/blogqsppet-miguel-assinatura-e1596746558296.jpg\",\"width\":680,\"height\":453},{\"@type\":\"BreadcrumbList\",\"@id\":\"https:\\\/\\\/blogdofarnesio.com.br\\\/?p=264269#breadcrumb\",\"itemListElement\":[{\"@type\":\"ListItem\",\"position\":1,\"name\":\"In\u00edcio\",\"item\":\"https:\\\/\\\/blogdofarnesio.com.br\\\/\"},{\"@type\":\"ListItem\",\"position\":2,\"name\":\"Anunciada a requalifica\u00e7\u00e3o de escola municipal do bairro Pedra Linda\"}]},{\"@type\":\"WebSite\",\"@id\":\"https:\\\/\\\/blogdofarnesio.com.br\\\/#website\",\"url\":\"https:\\\/\\\/blogdofarnesio.com.br\\\/\",\"name\":\"Blog do Farn\u00e9sio\",\"description\":\"Quer Saber Pol\u00edtica?\",\"publisher\":{\"@id\":\"https:\\\/\\\/blogdofarnesio.com.br\\\/#organization\"},\"potentialAction\":[{\"@type\":\"SearchAction\",\"target\":{\"@type\":\"EntryPoint\",\"urlTemplate\":\"https:\\\/\\\/blogdofarnesio.com.br\\\/?s={search_term_string}\"},\"query-input\":{\"@type\":\"PropertyValueSpecification\",\"valueRequired\":true,\"valueName\":\"search_term_string\"}}],\"inLanguage\":\"pt-BR\"},{\"@type\":\"Organization\",\"@id\":\"https:\\\/\\\/blogdofarnesio.com.br\\\/#organization\",\"name\":\"Blog do Farn\u00e9sio\",\"url\":\"https:\\\/\\\/blogdofarnesio.com.br\\\/\",\"logo\":{\"@type\":\"ImageObject\",\"inLanguage\":\"pt-BR\",\"@id\":\"https:\\\/\\\/blogdofarnesio.com.br\\\/#\\\/schema\\\/logo\\\/image\\\/\",\"url\":\"https:\\\/\\\/blogdofarnesio.com.br\\\/wp-content\\\/uploads\\\/2026\\\/03\\\/cropped-logo_new-1.png\",\"contentUrl\":\"https:\\\/\\\/blogdofarnesio.com.br\\\/wp-content\\\/uploads\\\/2026\\\/03\\\/cropped-logo_new-1.png\",\"width\":881,\"height\":685,\"caption\":\"Blog do Farn\u00e9sio\"},\"image\":{\"@id\":\"https:\\\/\\\/blogdofarnesio.com.br\\\/#\\\/schema\\\/logo\\\/image\\\/\"},\"sameAs\":[\"https:\\\/\\\/www.facebook.com\\\/BlogQuerSaberPolitica\\\/\"]},{\"@type\":\"Person\",\"@id\":\"https:\\\/\\\/blogdofarnesio.com.br\\\/#\\\/schema\\\/person\\\/301c4acf522bccbfdb45af95b5b906a1\",\"name\":\"Farn\u00e9sio\",\"image\":{\"@type\":\"ImageObject\",\"inLanguage\":\"pt-BR\",\"@id\":\"https:\\\/\\\/secure.gravatar.com\\\/avatar\\\/df0c9a14567c056f8ad6876ba5bbd1e3e2c48023eb6807342fc4663adf549f38?s=96&d=mm&r=g\",\"url\":\"https:\\\/\\\/secure.gravatar.com\\\/avatar\\\/df0c9a14567c056f8ad6876ba5bbd1e3e2c48023eb6807342fc4663adf549f38?s=96&d=mm&r=g\",\"contentUrl\":\"https:\\\/\\\/secure.gravatar.com\\\/avatar\\\/df0c9a14567c056f8ad6876ba5bbd1e3e2c48023eb6807342fc4663adf549f38?s=96&d=mm&r=g\",\"caption\":\"Farn\u00e9sio\"},\"sameAs\":[\"https:\\\/\\\/quersaberpolitica.com.br\"],\"url\":\"https:\\\/\\\/blogdofarnesio.com.br\\\/?author=1\"}]}<\/script>\n<!-- \/ Yoast SEO plugin. -->","yoast_head_json":{"title":"Anunciada a requalifica\u00e7\u00e3o de escola municipal do bairro Pedra Linda - Blog do Farn\u00e9sio","robots":{"index":"index","follow":"follow","max-snippet":"max-snippet:-1","max-image-preview":"max-image-preview:large","max-video-preview":"max-video-preview:-1"},"canonical":"https:\/\/blogdofarnesio.com.br\/?p=264269","og_locale":"pt_BR","og_type":"article","og_title":"Anunciada a requalifica\u00e7\u00e3o de escola municipal do bairro Pedra Linda - Blog do Farn\u00e9sio","og_description":"Com capacidade para quase mil estudantes, a Escola Municipal Anete Rolim, no bairro Pedra Linda, receber\u00e1 uma ampla reforma. O prefeito Miguel Coelho assinou, nesta quarta (05), na sede da prefeitura, uma ordem de servi\u00e7o para a requalifica\u00e7\u00e3o da unidade escolar. A interven\u00e7\u00e3o ter\u00e1 investimento de R$ 1,3 milh\u00e3o e deve ser conclu\u00edda num prazo de oito meses. Com os recursos, a Prefeitura de Petrolina promover\u00e1 uma s\u00e9rie de manuten\u00e7\u00f5es no pr\u00e9dio. Est\u00e3o previstas a pintura, constru\u00e7\u00e3o de banheiros, troca de pisos, telhado e revestimentos; reforma do bloco administrativo e das salas de aula. A obra ainda garantir\u00e1 a recupera\u00e7\u00e3o da quadra esportiva, climatiza\u00e7\u00e3o completa da escola e amplia\u00e7\u00e3o da cobertura do p\u00e1tio. O projeto tamb\u00e9m inclui equipamentos para melhorar&hellip;","og_url":"https:\/\/blogdofarnesio.com.br\/?p=264269","og_site_name":"Blog do Farn\u00e9sio","article_publisher":"https:\/\/www.facebook.com\/BlogQuerSaberPolitica\/","article_published_time":"2020-08-07T20:40:52+00:00","og_image":[{"width":680,"height":453,"url":"https:\/\/blogdofarnesio.com.br\/wp-content\/uploads\/2020\/08\/blogqsppet-miguel-assinatura-e1596746558296.jpg","type":"image\/jpeg"}],"author":"Farn\u00e9sio","twitter_card":"summary_large_image","twitter_misc":{"Escrito por":"Farn\u00e9sio","Est. tempo de leitura":"1 minuto"},"schema":{"@context":"https:\/\/schema.org","@graph":[{"@type":"Article","@id":"https:\/\/blogdofarnesio.com.br\/?p=264269#article","isPartOf":{"@id":"https:\/\/blogdofarnesio.com.br\/?p=264269"},"author":{"name":"Farn\u00e9sio","@id":"https:\/\/blogdofarnesio.com.br\/#\/schema\/person\/301c4acf522bccbfdb45af95b5b906a1"},"headline":"Anunciada a requalifica\u00e7\u00e3o de escola municipal do bairro Pedra Linda","datePublished":"2020-08-07T20:40:52+00:00","mainEntityOfPage":{"@id":"https:\/\/blogdofarnesio.com.br\/?p=264269"},"wordCount":215,"publisher":{"@id":"https:\/\/blogdofarnesio.com.br\/#organization"},"image":{"@id":"https:\/\/blogdofarnesio.com.br\/?p=264269#primaryimage"},"thumbnailUrl":"https:\/\/blogdofarnesio.com.br\/wp-content\/uploads\/2020\/08\/blogqsppet-miguel-assinatura-e1596746558296.jpg","articleSection":["Pol\u00edtica"],"inLanguage":"pt-BR"},{"@type":"WebPage","@id":"https:\/\/blogdofarnesio.com.br\/?p=264269","url":"https:\/\/blogdofarnesio.com.br\/?p=264269","name":"Anunciada a requalifica\u00e7\u00e3o de escola municipal do bairro Pedra Linda - Blog do Farn\u00e9sio","isPartOf":{"@id":"https:\/\/blogdofarnesio.com.br\/#website"},"primaryImageOfPage":{"@id":"https:\/\/blogdofarnesio.com.br\/?p=264269#primaryimage"},"image":{"@id":"https:\/\/blogdofarnesio.com.br\/?p=264269#primaryimage"},"thumbnailUrl":"https:\/\/blogdofarnesio.com.br\/wp-content\/uploads\/2020\/08\/blogqsppet-miguel-assinatura-e1596746558296.jpg","datePublished":"2020-08-07T20:40:52+00:00","breadcrumb":{"@id":"https:\/\/blogdofarnesio.com.br\/?p=264269#breadcrumb"},"inLanguage":"pt-BR","potentialAction":[{"@type":"ReadAction","target":["https:\/\/blogdofarnesio.com.br\/?p=264269"]}]},{"@type":"ImageObject","inLanguage":"pt-BR","@id":"https:\/\/blogdofarnesio.com.br\/?p=264269#primaryimage","url":"https:\/\/blogdofarnesio.com.br\/wp-content\/uploads\/2020\/08\/blogqsppet-miguel-assinatura-e1596746558296.jpg","contentUrl":"https:\/\/blogdofarnesio.com.br\/wp-content\/uploads\/2020\/08\/blogqsppet-miguel-assinatura-e1596746558296.jpg","width":680,"height":453},{"@type":"BreadcrumbList","@id":"https:\/\/blogdofarnesio.com.br\/?p=264269#breadcrumb","itemListElement":[{"@type":"ListItem","position":1,"name":"In\u00edcio","item":"https:\/\/blogdofarnesio.com.br\/"},{"@type":"ListItem","position":2,"name":"Anunciada a requalifica\u00e7\u00e3o de escola municipal do bairro Pedra Linda"}]},{"@type":"WebSite","@id":"https:\/\/blogdofarnesio.com.br\/#website","url":"https:\/\/blogdofarnesio.com.br\/","name":"Blog do Farn\u00e9sio","description":"Quer Saber Pol\u00edtica?","publisher":{"@id":"https:\/\/blogdofarnesio.com.br\/#organization"},"potentialAction":[{"@type":"SearchAction","target":{"@type":"EntryPoint","urlTemplate":"https:\/\/blogdofarnesio.com.br\/?s={search_term_string}"},"query-input":{"@type":"PropertyValueSpecification","valueRequired":true,"valueName":"search_term_string"}}],"inLanguage":"pt-BR"},{"@type":"Organization","@id":"https:\/\/blogdofarnesio.com.br\/#organization","name":"Blog do Farn\u00e9sio","url":"https:\/\/blogdofarnesio.com.br\/","logo":{"@type":"ImageObject","inLanguage":"pt-BR","@id":"https:\/\/blogdofarnesio.com.br\/#\/schema\/logo\/image\/","url":"https:\/\/blogdofarnesio.com.br\/wp-content\/uploads\/2026\/03\/cropped-logo_new-1.png","contentUrl":"https:\/\/blogdofarnesio.com.br\/wp-content\/uploads\/2026\/03\/cropped-logo_new-1.png","width":881,"height":685,"caption":"Blog do Farn\u00e9sio"},"image":{"@id":"https:\/\/blogdofarnesio.com.br\/#\/schema\/logo\/image\/"},"sameAs":["https:\/\/www.facebook.com\/BlogQuerSaberPolitica\/"]},{"@type":"Person","@id":"https:\/\/blogdofarnesio.com.br\/#\/schema\/person\/301c4acf522bccbfdb45af95b5b906a1","name":"Farn\u00e9sio","image":{"@type":"ImageObject","inLanguage":"pt-BR","@id":"https:\/\/secure.gravatar.com\/avatar\/df0c9a14567c056f8ad6876ba5bbd1e3e2c48023eb6807342fc4663adf549f38?s=96&d=mm&r=g","url":"https:\/\/secure.gravatar.com\/avatar\/df0c9a14567c056f8ad6876ba5bbd1e3e2c48023eb6807342fc4663adf549f38?s=96&d=mm&r=g","contentUrl":"https:\/\/secure.gravatar.com\/avatar\/df0c9a14567c056f8ad6876ba5bbd1e3e2c48023eb6807342fc4663adf549f38?s=96&d=mm&r=g","caption":"Farn\u00e9sio"},"sameAs":["https:\/\/quersaberpolitica.com.br"],"url":"https:\/\/blogdofarnesio.com.br\/?author=1"}]}},"_links":{"self":[{"href":"https:\/\/blogdofarnesio.com.br\/index.php?rest_route=\/wp\/v2\/posts\/264269","targetHints":{"allow":["GET"]}}],"collection":[{"href":"https:\/\/blogdofarnesio.com.br\/index.php?rest_route=\/wp\/v2\/posts"}],"about":[{"href":"https:\/\/blogdofarnesio.com.br\/index.php?rest_route=\/wp\/v2\/types\/post"}],"author":[{"embeddable":true,"href":"https:\/\/blogdofarnesio.com.br\/index.php?rest_route=\/wp\/v2\/users\/1"}],"replies":[{"embeddable":true,"href":"https:\/\/blogdofarnesio.com.br\/index.php?rest_route=%2Fwp%2Fv2%2Fcomments&post=264269"}],"version-history":[{"count":0,"href":"https:\/\/blogdofarnesio.com.br\/index.php?rest_route=\/wp\/v2\/posts\/264269\/revisions"}],"wp:featuredmedia":[{"embeddable":true,"href":"https:\/\/blogdofarnesio.com.br\/index.php?rest_route=\/wp\/v2\/media\/264270"}],"wp:attachment":[{"href":"https:\/\/blogdofarnesio.com.br\/index.php?rest_route=%2Fwp%2Fv2%2Fmedia&parent=264269"}],"wp:term":[{"taxonomy":"category","embeddable":true,"href":"https:\/\/blogdofarnesio.com.br\/index.php?rest_route=%2Fwp%2Fv2%2Fcategories&post=264269"},{"taxonomy":"post_tag","embeddable":true,"href":"https:\/\/blogdofarnesio.com.br\/index.php?rest_route=%2Fwp%2Fv2%2Ftags&post=264269"}],"curies":[{"name":"wp","href":"https:\/\/api.w.org\/{rel}","templated":true}]}}