{"id":264235,"date":"2020-08-07T15:22:33","date_gmt":"2020-08-07T18:22:33","guid":{"rendered":"http:\/\/quersaberpolitica.com.br\/2016\/?p=264235"},"modified":"2020-08-07T13:22:14","modified_gmt":"2020-08-07T16:22:14","slug":"senai-bahia-abre-2262-vagas-gratuitas-de-aprendizagem-industrial-basica","status":"publish","type":"post","link":"https:\/\/blogdofarnesio.com.br\/?p=264235","title":{"rendered":"SENAI BAHIA ABRE 2262 VAGAS GRATUITAS DE APRENDIZAGEM INDUSTRIAL B\u00c1SICA"},"content":{"rendered":"<div class=\"Ls\">\n<div class=\"As\">\n<div class=\"Cs\">As vagas s\u00e3o destinadas a jovens entre 14 e 21 anos que estejam cursando a partir do 9\u00ba ano do ensino fundamental ou tenham conclu\u00eddo ensino m\u00e9dio<\/div>\n<\/div>\n<\/div>\n<div id=\"cv_\" class=\" Xg \">\n<div class=\"Zg\">\n<div class=\"Rg\">\n<div class=\"Li\">\n<div class=\"yj\">\n<div class=\"Ph\" data-onclick=\"w\">\n<div id=\"cvcmsg_173c3bc078a54895\" class=\"yh\">\n<div id=\"cvcfullmsg_173c3bc078a54895\" class=\"Vh\">\n<div id=\"cvcmsgbod_173c3bc078a54895\" class=\"aj\">\n<div class=\"Ni\">\n<div class=\"ni pi \" dir=\"ltr\">\n<div dir=\"ltr\">\n<p>O SENAI Bahia abriu processo seletivo para 2.262 vagas gratuitas de Cursos de Aprendizagem Industrial B\u00e1sica, voltados para jovens entre 14 a 21 anos que est\u00e3o em busca de obter uma forma\u00e7\u00e3o profissional visando o primeiro emprego.<\/p>\n<p>O edital com a oferta das 2.262 vagas j\u00e1 est\u00e1 dispon\u00edvel no site do SENAI. O candidato dever\u00e1 realizar a inscri\u00e7\u00e3o apenas pela internet, no endere\u00e7o\u00a0<a href=\"http:\/\/www.aprendizagemsenaiba.com.br\/\" target=\"_blank\" rel=\"noopener noreferrer\" data-saferedirecturl=\"https:\/\/www.google.com\/url?hl=pt-BR&amp;q=http:\/\/www.aprendizagemsenaiba.com.br\/&amp;source=gmail&amp;ust=1596813097409000&amp;usg=AFQjCNGBuN8gxUoYiJ0i4SiNshloOvA2sA\">www.<wbr \/>aprendizagemsenaiba.com.br<\/a>, no per\u00edodo de 31\/07\/2020 a 09\/08\/2020 ou at\u00e9 que seja atingida a quantidade m\u00e1xima de 10 (dez) inscri\u00e7\u00f5es\/candidatos por vaga, o que ocorrer primeiro.<\/p>\n<p>S\u00e3o oferecidos cursos de Assistente Administrativo, Assistente de Produ\u00e7\u00e3o, Assistente de Recursos Humanos, Auxiliar de Opera\u00e7\u00f5es Log\u00edsticas, Desenhista T\u00e9cnico e Inspetor de An\u00e1lise da Qualidade, nas unidades do SENAI de Alagoinhas, Barreiras, Cama\u00e7ari, Eun\u00e1polis, Feira de Santana, Ilh\u00e9us, Jacobina, Juazeiro, Lauro de Freitas, Lu\u00eds Eduardo Magalh\u00e3es, Salvador (Cimatec e Dendezeiros), Senhor do Bonfim, Serrinha, Sim\u00f5es Filho, Teixeira de Freitas e Vit\u00f3ria da Conquista.<\/p>\n<p>As aulas ser\u00e3o ministradas totalmente pela internet, por meio da Plataforma MEU SENAI, de forma s\u00edncrona (ao vivo).\u00a0 Para que o aluno acompanhe as aulas (ao vivo) \u00e9 preciso dispor de computador com acesso \u00e0 internet e pacote Office.<\/p>\n<p>O resultado do processo seletivo ser\u00e1 divulgado no dia 11 de agosto e a matr\u00edcula dos selecionados dever\u00e1 ser feita no per\u00edodo de 12 a 19 de agosto. A convoca\u00e7\u00e3o para matr\u00edcula obedecer\u00e1 \u00e0 classifica\u00e7\u00e3o geral, por ordem de inscri\u00e7\u00e3o, limitada ao n\u00famero de vagas por unidade, curso e turno.<\/p>\n<p>As aulas ter\u00e3o in\u00edcio no dia 1\u00ba de setembro de 2020 nos turnos matutino e vespertino. Para mais informa\u00e7\u00f5es, \u00e9 importante consultar o edital, que detalha os cursos oferecidos por munic\u00edpio, a documenta\u00e7\u00e3o e os demais requisitos necess\u00e1rios.<\/p>\n<p>SERVI\u00c7O<br \/>\nO QUE: CURSOS DE APRENDIZAGEM INDUSTRIAL B\u00c1SICA \u2013 SENAI BAHIA<br \/>\nQUANDO: AT\u00c9 09.08.2020<br \/>\nINSCRI\u00c7\u00d5ES: apenas pela internet\u00a0<a href=\"http:\/\/www.aprendizagemsenaiba.com.br\/\" target=\"_blank\" rel=\"noopener noreferrer\" data-saferedirecturl=\"https:\/\/www.google.com\/url?hl=pt-BR&amp;q=http:\/\/www.aprendizagemsenaiba.com.br\/&amp;source=gmail&amp;ust=1596813097409000&amp;usg=AFQjCNGBuN8gxUoYiJ0i4SiNshloOvA2sA\">www.<wbr \/>aprendizagemsenaiba.com.br<\/a><\/p>\n<\/div>\n<\/div>\n<\/div>\n<\/div>\n<\/div>\n<\/div>\n<\/div>\n<\/div>\n<\/div>\n<\/div>\n<\/div>\n<\/div>\n","protected":false},"excerpt":{"rendered":"<p>As vagas s\u00e3o destinadas a jovens entre 14 e 21 anos que estejam cursando a partir do 9\u00ba ano do ensino fundamental ou tenham conclu\u00eddo ensino m\u00e9dio O SENAI Bahia abriu processo seletivo para 2.262 vagas gratuitas de Cursos de Aprendizagem Industrial B\u00e1sica, voltados para jovens entre 14 a 21 anos que est\u00e3o em busca de obter uma forma\u00e7\u00e3o profissional visando o primeiro emprego. O edital com a oferta das 2.262 vagas j\u00e1 est\u00e1 dispon\u00edvel no site do SENAI. O candidato dever\u00e1 realizar a inscri\u00e7\u00e3o apenas pela internet, no endere\u00e7o\u00a0www.aprendizagemsenaiba.com.br, no per\u00edodo de 31\/07\/2020 a 09\/08\/2020 ou at\u00e9 que seja atingida a quantidade m\u00e1xima de 10 (dez) inscri\u00e7\u00f5es\/candidatos por vaga, o que ocorrer primeiro. S\u00e3o oferecidos cursos de Assistente Administrativo,&hellip; <\/p>\n","protected":false},"author":1,"featured_media":199718,"comment_status":"closed","ping_status":"closed","sticky":false,"template":"","format":"standard","meta":{"_acf_changed":false,"footnotes":""},"categories":[1],"tags":[],"class_list":["post-264235","post","type-post","status-publish","format-standard","has-post-thumbnail","hentry","category-politica"],"acf":[],"yoast_head":"<!-- This site is optimized with the Yoast SEO plugin v27.4 - https:\/\/yoast.com\/product\/yoast-seo-wordpress\/ -->\n<title>SENAI BAHIA ABRE 2262 VAGAS GRATUITAS DE APRENDIZAGEM INDUSTRIAL B\u00c1SICA - Blog do Farn\u00e9sio<\/title>\n<meta name=\"robots\" content=\"index, follow, max-snippet:-1, max-image-preview:large, max-video-preview:-1\" \/>\n<link rel=\"canonical\" href=\"https:\/\/blogdofarnesio.com.br\/?p=264235\" \/>\n<meta property=\"og:locale\" content=\"pt_BR\" \/>\n<meta property=\"og:type\" content=\"article\" \/>\n<meta property=\"og:title\" content=\"SENAI BAHIA ABRE 2262 VAGAS GRATUITAS DE APRENDIZAGEM INDUSTRIAL B\u00c1SICA - Blog do Farn\u00e9sio\" \/>\n<meta property=\"og:description\" content=\"As vagas s\u00e3o destinadas a jovens entre 14 e 21 anos que estejam cursando a partir do 9\u00ba ano do ensino fundamental ou tenham conclu\u00eddo ensino m\u00e9dio O SENAI Bahia abriu processo seletivo para 2.262 vagas gratuitas de Cursos de Aprendizagem Industrial B\u00e1sica, voltados para jovens entre 14 a 21 anos que est\u00e3o em busca de obter uma forma\u00e7\u00e3o profissional visando o primeiro emprego. O edital com a oferta das 2.262 vagas j\u00e1 est\u00e1 dispon\u00edvel no site do SENAI. O candidato dever\u00e1 realizar a inscri\u00e7\u00e3o apenas pela internet, no endere\u00e7o\u00a0www.aprendizagemsenaiba.com.br, no per\u00edodo de 31\/07\/2020 a 09\/08\/2020 ou at\u00e9 que seja atingida a quantidade m\u00e1xima de 10 (dez) inscri\u00e7\u00f5es\/candidatos por vaga, o que ocorrer primeiro. S\u00e3o oferecidos cursos de Assistente Administrativo,&hellip;\" \/>\n<meta property=\"og:url\" content=\"https:\/\/blogdofarnesio.com.br\/?p=264235\" \/>\n<meta property=\"og:site_name\" content=\"Blog do Farn\u00e9sio\" \/>\n<meta property=\"article:publisher\" content=\"https:\/\/www.facebook.com\/BlogQuerSaberPolitica\/\" \/>\n<meta property=\"article:published_time\" content=\"2020-08-07T18:22:33+00:00\" \/>\n<meta property=\"og:image\" content=\"https:\/\/blogdofarnesio.com.br\/wp-content\/uploads\/2018\/06\/blogqsp-Educa\u00e7\u00e3o-de-Jovens-e-Adultos-SESI-BA.jpg\" \/>\n\t<meta property=\"og:image:width\" content=\"640\" \/>\n\t<meta property=\"og:image:height\" content=\"427\" \/>\n\t<meta property=\"og:image:type\" content=\"image\/jpeg\" \/>\n<meta name=\"author\" content=\"Farn\u00e9sio\" \/>\n<meta name=\"twitter:card\" content=\"summary_large_image\" \/>\n<meta name=\"twitter:label1\" content=\"Escrito por\" \/>\n\t<meta name=\"twitter:data1\" content=\"Farn\u00e9sio\" \/>\n\t<meta name=\"twitter:label2\" content=\"Est. tempo de leitura\" \/>\n\t<meta name=\"twitter:data2\" content=\"2 minutos\" \/>\n<script type=\"application\/ld+json\" class=\"yoast-schema-graph\">{\"@context\":\"https:\\\/\\\/schema.org\",\"@graph\":[{\"@type\":\"Article\",\"@id\":\"https:\\\/\\\/blogdofarnesio.com.br\\\/?p=264235#article\",\"isPartOf\":{\"@id\":\"https:\\\/\\\/blogdofarnesio.com.br\\\/?p=264235\"},\"author\":{\"name\":\"Farn\u00e9sio\",\"@id\":\"https:\\\/\\\/blogdofarnesio.com.br\\\/#\\\/schema\\\/person\\\/301c4acf522bccbfdb45af95b5b906a1\"},\"headline\":\"SENAI BAHIA ABRE 2262 VAGAS GRATUITAS DE APRENDIZAGEM INDUSTRIAL B\u00c1SICA\",\"datePublished\":\"2020-08-07T18:22:33+00:00\",\"mainEntityOfPage\":{\"@id\":\"https:\\\/\\\/blogdofarnesio.com.br\\\/?p=264235\"},\"wordCount\":363,\"publisher\":{\"@id\":\"https:\\\/\\\/blogdofarnesio.com.br\\\/#organization\"},\"image\":{\"@id\":\"https:\\\/\\\/blogdofarnesio.com.br\\\/?p=264235#primaryimage\"},\"thumbnailUrl\":\"https:\\\/\\\/blogdofarnesio.com.br\\\/wp-content\\\/uploads\\\/2018\\\/06\\\/blogqsp-Educa\u00e7\u00e3o-de-Jovens-e-Adultos-SESI-BA.jpg\",\"articleSection\":[\"Pol\u00edtica\"],\"inLanguage\":\"pt-BR\"},{\"@type\":\"WebPage\",\"@id\":\"https:\\\/\\\/blogdofarnesio.com.br\\\/?p=264235\",\"url\":\"https:\\\/\\\/blogdofarnesio.com.br\\\/?p=264235\",\"name\":\"SENAI BAHIA ABRE 2262 VAGAS GRATUITAS DE APRENDIZAGEM INDUSTRIAL B\u00c1SICA - Blog do Farn\u00e9sio\",\"isPartOf\":{\"@id\":\"https:\\\/\\\/blogdofarnesio.com.br\\\/#website\"},\"primaryImageOfPage\":{\"@id\":\"https:\\\/\\\/blogdofarnesio.com.br\\\/?p=264235#primaryimage\"},\"image\":{\"@id\":\"https:\\\/\\\/blogdofarnesio.com.br\\\/?p=264235#primaryimage\"},\"thumbnailUrl\":\"https:\\\/\\\/blogdofarnesio.com.br\\\/wp-content\\\/uploads\\\/2018\\\/06\\\/blogqsp-Educa\u00e7\u00e3o-de-Jovens-e-Adultos-SESI-BA.jpg\",\"datePublished\":\"2020-08-07T18:22:33+00:00\",\"breadcrumb\":{\"@id\":\"https:\\\/\\\/blogdofarnesio.com.br\\\/?p=264235#breadcrumb\"},\"inLanguage\":\"pt-BR\",\"potentialAction\":[{\"@type\":\"ReadAction\",\"target\":[\"https:\\\/\\\/blogdofarnesio.com.br\\\/?p=264235\"]}]},{\"@type\":\"ImageObject\",\"inLanguage\":\"pt-BR\",\"@id\":\"https:\\\/\\\/blogdofarnesio.com.br\\\/?p=264235#primaryimage\",\"url\":\"https:\\\/\\\/blogdofarnesio.com.br\\\/wp-content\\\/uploads\\\/2018\\\/06\\\/blogqsp-Educa\u00e7\u00e3o-de-Jovens-e-Adultos-SESI-BA.jpg\",\"contentUrl\":\"https:\\\/\\\/blogdofarnesio.com.br\\\/wp-content\\\/uploads\\\/2018\\\/06\\\/blogqsp-Educa\u00e7\u00e3o-de-Jovens-e-Adultos-SESI-BA.jpg\",\"width\":640,\"height\":427,\"caption\":\"Salvador, BA, Brasil, 18.04.2017. Alunos da Educa\u00e7\u00e3o de Jovens e Adultos - EJA Foto: Angelo Pontes\\\/Coperphoto\\\/Sistema FIEB Esta fotografia oficial do Sistema FIEB est\u00e1 sendo disponibilizada apenas para publica\u00e7\u00e3o por organiza\u00e7\u00f5es de not\u00edcias e assessorias de comunica\u00e7\u00e3o ou para impress\u00e3o de uso pessoal pelo sujeito (s) da fotografia. A fotografia n\u00e3o pode ser manipulada de qualquer maneira e n\u00e3o pode ser utilizada em materiais comerciais ou pol\u00edticos, an\u00fancios, produtos e promo\u00e7\u00f5es. Sendo obrigat\u00f3ria a divulga\u00e7\u00e3o do cr\u00e9dito do autor da fotografia junto com a pr\u00f3pria imagem.\"},{\"@type\":\"BreadcrumbList\",\"@id\":\"https:\\\/\\\/blogdofarnesio.com.br\\\/?p=264235#breadcrumb\",\"itemListElement\":[{\"@type\":\"ListItem\",\"position\":1,\"name\":\"In\u00edcio\",\"item\":\"https:\\\/\\\/blogdofarnesio.com.br\\\/\"},{\"@type\":\"ListItem\",\"position\":2,\"name\":\"SENAI BAHIA ABRE 2262 VAGAS GRATUITAS DE APRENDIZAGEM INDUSTRIAL B\u00c1SICA\"}]},{\"@type\":\"WebSite\",\"@id\":\"https:\\\/\\\/blogdofarnesio.com.br\\\/#website\",\"url\":\"https:\\\/\\\/blogdofarnesio.com.br\\\/\",\"name\":\"Blog do Farn\u00e9sio\",\"description\":\"Quer Saber Pol\u00edtica?\",\"publisher\":{\"@id\":\"https:\\\/\\\/blogdofarnesio.com.br\\\/#organization\"},\"potentialAction\":[{\"@type\":\"SearchAction\",\"target\":{\"@type\":\"EntryPoint\",\"urlTemplate\":\"https:\\\/\\\/blogdofarnesio.com.br\\\/?s={search_term_string}\"},\"query-input\":{\"@type\":\"PropertyValueSpecification\",\"valueRequired\":true,\"valueName\":\"search_term_string\"}}],\"inLanguage\":\"pt-BR\"},{\"@type\":\"Organization\",\"@id\":\"https:\\\/\\\/blogdofarnesio.com.br\\\/#organization\",\"name\":\"Blog do Farn\u00e9sio\",\"url\":\"https:\\\/\\\/blogdofarnesio.com.br\\\/\",\"logo\":{\"@type\":\"ImageObject\",\"inLanguage\":\"pt-BR\",\"@id\":\"https:\\\/\\\/blogdofarnesio.com.br\\\/#\\\/schema\\\/logo\\\/image\\\/\",\"url\":\"https:\\\/\\\/blogdofarnesio.com.br\\\/wp-content\\\/uploads\\\/2026\\\/03\\\/cropped-logo_new-1.png\",\"contentUrl\":\"https:\\\/\\\/blogdofarnesio.com.br\\\/wp-content\\\/uploads\\\/2026\\\/03\\\/cropped-logo_new-1.png\",\"width\":881,\"height\":685,\"caption\":\"Blog do Farn\u00e9sio\"},\"image\":{\"@id\":\"https:\\\/\\\/blogdofarnesio.com.br\\\/#\\\/schema\\\/logo\\\/image\\\/\"},\"sameAs\":[\"https:\\\/\\\/www.facebook.com\\\/BlogQuerSaberPolitica\\\/\"]},{\"@type\":\"Person\",\"@id\":\"https:\\\/\\\/blogdofarnesio.com.br\\\/#\\\/schema\\\/person\\\/301c4acf522bccbfdb45af95b5b906a1\",\"name\":\"Farn\u00e9sio\",\"image\":{\"@type\":\"ImageObject\",\"inLanguage\":\"pt-BR\",\"@id\":\"https:\\\/\\\/secure.gravatar.com\\\/avatar\\\/df0c9a14567c056f8ad6876ba5bbd1e3e2c48023eb6807342fc4663adf549f38?s=96&d=mm&r=g\",\"url\":\"https:\\\/\\\/secure.gravatar.com\\\/avatar\\\/df0c9a14567c056f8ad6876ba5bbd1e3e2c48023eb6807342fc4663adf549f38?s=96&d=mm&r=g\",\"contentUrl\":\"https:\\\/\\\/secure.gravatar.com\\\/avatar\\\/df0c9a14567c056f8ad6876ba5bbd1e3e2c48023eb6807342fc4663adf549f38?s=96&d=mm&r=g\",\"caption\":\"Farn\u00e9sio\"},\"sameAs\":[\"https:\\\/\\\/quersaberpolitica.com.br\"],\"url\":\"https:\\\/\\\/blogdofarnesio.com.br\\\/?author=1\"}]}<\/script>\n<!-- \/ Yoast SEO plugin. -->","yoast_head_json":{"title":"SENAI BAHIA ABRE 2262 VAGAS GRATUITAS DE APRENDIZAGEM INDUSTRIAL B\u00c1SICA - Blog do Farn\u00e9sio","robots":{"index":"index","follow":"follow","max-snippet":"max-snippet:-1","max-image-preview":"max-image-preview:large","max-video-preview":"max-video-preview:-1"},"canonical":"https:\/\/blogdofarnesio.com.br\/?p=264235","og_locale":"pt_BR","og_type":"article","og_title":"SENAI BAHIA ABRE 2262 VAGAS GRATUITAS DE APRENDIZAGEM INDUSTRIAL B\u00c1SICA - Blog do Farn\u00e9sio","og_description":"As vagas s\u00e3o destinadas a jovens entre 14 e 21 anos que estejam cursando a partir do 9\u00ba ano do ensino fundamental ou tenham conclu\u00eddo ensino m\u00e9dio O SENAI Bahia abriu processo seletivo para 2.262 vagas gratuitas de Cursos de Aprendizagem Industrial B\u00e1sica, voltados para jovens entre 14 a 21 anos que est\u00e3o em busca de obter uma forma\u00e7\u00e3o profissional visando o primeiro emprego. O edital com a oferta das 2.262 vagas j\u00e1 est\u00e1 dispon\u00edvel no site do SENAI. O candidato dever\u00e1 realizar a inscri\u00e7\u00e3o apenas pela internet, no endere\u00e7o\u00a0www.aprendizagemsenaiba.com.br, no per\u00edodo de 31\/07\/2020 a 09\/08\/2020 ou at\u00e9 que seja atingida a quantidade m\u00e1xima de 10 (dez) inscri\u00e7\u00f5es\/candidatos por vaga, o que ocorrer primeiro. S\u00e3o oferecidos cursos de Assistente Administrativo,&hellip;","og_url":"https:\/\/blogdofarnesio.com.br\/?p=264235","og_site_name":"Blog do Farn\u00e9sio","article_publisher":"https:\/\/www.facebook.com\/BlogQuerSaberPolitica\/","article_published_time":"2020-08-07T18:22:33+00:00","og_image":[{"width":640,"height":427,"url":"https:\/\/blogdofarnesio.com.br\/wp-content\/uploads\/2018\/06\/blogqsp-Educa\u00e7\u00e3o-de-Jovens-e-Adultos-SESI-BA.jpg","type":"image\/jpeg"}],"author":"Farn\u00e9sio","twitter_card":"summary_large_image","twitter_misc":{"Escrito por":"Farn\u00e9sio","Est. tempo de leitura":"2 minutos"},"schema":{"@context":"https:\/\/schema.org","@graph":[{"@type":"Article","@id":"https:\/\/blogdofarnesio.com.br\/?p=264235#article","isPartOf":{"@id":"https:\/\/blogdofarnesio.com.br\/?p=264235"},"author":{"name":"Farn\u00e9sio","@id":"https:\/\/blogdofarnesio.com.br\/#\/schema\/person\/301c4acf522bccbfdb45af95b5b906a1"},"headline":"SENAI BAHIA ABRE 2262 VAGAS GRATUITAS DE APRENDIZAGEM INDUSTRIAL B\u00c1SICA","datePublished":"2020-08-07T18:22:33+00:00","mainEntityOfPage":{"@id":"https:\/\/blogdofarnesio.com.br\/?p=264235"},"wordCount":363,"publisher":{"@id":"https:\/\/blogdofarnesio.com.br\/#organization"},"image":{"@id":"https:\/\/blogdofarnesio.com.br\/?p=264235#primaryimage"},"thumbnailUrl":"https:\/\/blogdofarnesio.com.br\/wp-content\/uploads\/2018\/06\/blogqsp-Educa\u00e7\u00e3o-de-Jovens-e-Adultos-SESI-BA.jpg","articleSection":["Pol\u00edtica"],"inLanguage":"pt-BR"},{"@type":"WebPage","@id":"https:\/\/blogdofarnesio.com.br\/?p=264235","url":"https:\/\/blogdofarnesio.com.br\/?p=264235","name":"SENAI BAHIA ABRE 2262 VAGAS GRATUITAS DE APRENDIZAGEM INDUSTRIAL B\u00c1SICA - Blog do Farn\u00e9sio","isPartOf":{"@id":"https:\/\/blogdofarnesio.com.br\/#website"},"primaryImageOfPage":{"@id":"https:\/\/blogdofarnesio.com.br\/?p=264235#primaryimage"},"image":{"@id":"https:\/\/blogdofarnesio.com.br\/?p=264235#primaryimage"},"thumbnailUrl":"https:\/\/blogdofarnesio.com.br\/wp-content\/uploads\/2018\/06\/blogqsp-Educa\u00e7\u00e3o-de-Jovens-e-Adultos-SESI-BA.jpg","datePublished":"2020-08-07T18:22:33+00:00","breadcrumb":{"@id":"https:\/\/blogdofarnesio.com.br\/?p=264235#breadcrumb"},"inLanguage":"pt-BR","potentialAction":[{"@type":"ReadAction","target":["https:\/\/blogdofarnesio.com.br\/?p=264235"]}]},{"@type":"ImageObject","inLanguage":"pt-BR","@id":"https:\/\/blogdofarnesio.com.br\/?p=264235#primaryimage","url":"https:\/\/blogdofarnesio.com.br\/wp-content\/uploads\/2018\/06\/blogqsp-Educa\u00e7\u00e3o-de-Jovens-e-Adultos-SESI-BA.jpg","contentUrl":"https:\/\/blogdofarnesio.com.br\/wp-content\/uploads\/2018\/06\/blogqsp-Educa\u00e7\u00e3o-de-Jovens-e-Adultos-SESI-BA.jpg","width":640,"height":427,"caption":"Salvador, BA, Brasil, 18.04.2017. Alunos da Educa\u00e7\u00e3o de Jovens e Adultos - EJA Foto: Angelo Pontes\/Coperphoto\/Sistema FIEB Esta fotografia oficial do Sistema FIEB est\u00e1 sendo disponibilizada apenas para publica\u00e7\u00e3o por organiza\u00e7\u00f5es de not\u00edcias e assessorias de comunica\u00e7\u00e3o ou para impress\u00e3o de uso pessoal pelo sujeito (s) da fotografia. A fotografia n\u00e3o pode ser manipulada de qualquer maneira e n\u00e3o pode ser utilizada em materiais comerciais ou pol\u00edticos, an\u00fancios, produtos e promo\u00e7\u00f5es. Sendo obrigat\u00f3ria a divulga\u00e7\u00e3o do cr\u00e9dito do autor da fotografia junto com a pr\u00f3pria imagem."},{"@type":"BreadcrumbList","@id":"https:\/\/blogdofarnesio.com.br\/?p=264235#breadcrumb","itemListElement":[{"@type":"ListItem","position":1,"name":"In\u00edcio","item":"https:\/\/blogdofarnesio.com.br\/"},{"@type":"ListItem","position":2,"name":"SENAI BAHIA ABRE 2262 VAGAS GRATUITAS DE APRENDIZAGEM INDUSTRIAL B\u00c1SICA"}]},{"@type":"WebSite","@id":"https:\/\/blogdofarnesio.com.br\/#website","url":"https:\/\/blogdofarnesio.com.br\/","name":"Blog do Farn\u00e9sio","description":"Quer Saber Pol\u00edtica?","publisher":{"@id":"https:\/\/blogdofarnesio.com.br\/#organization"},"potentialAction":[{"@type":"SearchAction","target":{"@type":"EntryPoint","urlTemplate":"https:\/\/blogdofarnesio.com.br\/?s={search_term_string}"},"query-input":{"@type":"PropertyValueSpecification","valueRequired":true,"valueName":"search_term_string"}}],"inLanguage":"pt-BR"},{"@type":"Organization","@id":"https:\/\/blogdofarnesio.com.br\/#organization","name":"Blog do Farn\u00e9sio","url":"https:\/\/blogdofarnesio.com.br\/","logo":{"@type":"ImageObject","inLanguage":"pt-BR","@id":"https:\/\/blogdofarnesio.com.br\/#\/schema\/logo\/image\/","url":"https:\/\/blogdofarnesio.com.br\/wp-content\/uploads\/2026\/03\/cropped-logo_new-1.png","contentUrl":"https:\/\/blogdofarnesio.com.br\/wp-content\/uploads\/2026\/03\/cropped-logo_new-1.png","width":881,"height":685,"caption":"Blog do Farn\u00e9sio"},"image":{"@id":"https:\/\/blogdofarnesio.com.br\/#\/schema\/logo\/image\/"},"sameAs":["https:\/\/www.facebook.com\/BlogQuerSaberPolitica\/"]},{"@type":"Person","@id":"https:\/\/blogdofarnesio.com.br\/#\/schema\/person\/301c4acf522bccbfdb45af95b5b906a1","name":"Farn\u00e9sio","image":{"@type":"ImageObject","inLanguage":"pt-BR","@id":"https:\/\/secure.gravatar.com\/avatar\/df0c9a14567c056f8ad6876ba5bbd1e3e2c48023eb6807342fc4663adf549f38?s=96&d=mm&r=g","url":"https:\/\/secure.gravatar.com\/avatar\/df0c9a14567c056f8ad6876ba5bbd1e3e2c48023eb6807342fc4663adf549f38?s=96&d=mm&r=g","contentUrl":"https:\/\/secure.gravatar.com\/avatar\/df0c9a14567c056f8ad6876ba5bbd1e3e2c48023eb6807342fc4663adf549f38?s=96&d=mm&r=g","caption":"Farn\u00e9sio"},"sameAs":["https:\/\/quersaberpolitica.com.br"],"url":"https:\/\/blogdofarnesio.com.br\/?author=1"}]}},"_links":{"self":[{"href":"https:\/\/blogdofarnesio.com.br\/index.php?rest_route=\/wp\/v2\/posts\/264235","targetHints":{"allow":["GET"]}}],"collection":[{"href":"https:\/\/blogdofarnesio.com.br\/index.php?rest_route=\/wp\/v2\/posts"}],"about":[{"href":"https:\/\/blogdofarnesio.com.br\/index.php?rest_route=\/wp\/v2\/types\/post"}],"author":[{"embeddable":true,"href":"https:\/\/blogdofarnesio.com.br\/index.php?rest_route=\/wp\/v2\/users\/1"}],"replies":[{"embeddable":true,"href":"https:\/\/blogdofarnesio.com.br\/index.php?rest_route=%2Fwp%2Fv2%2Fcomments&post=264235"}],"version-history":[{"count":0,"href":"https:\/\/blogdofarnesio.com.br\/index.php?rest_route=\/wp\/v2\/posts\/264235\/revisions"}],"wp:featuredmedia":[{"embeddable":true,"href":"https:\/\/blogdofarnesio.com.br\/index.php?rest_route=\/wp\/v2\/media\/199718"}],"wp:attachment":[{"href":"https:\/\/blogdofarnesio.com.br\/index.php?rest_route=%2Fwp%2Fv2%2Fmedia&parent=264235"}],"wp:term":[{"taxonomy":"category","embeddable":true,"href":"https:\/\/blogdofarnesio.com.br\/index.php?rest_route=%2Fwp%2Fv2%2Fcategories&post=264235"},{"taxonomy":"post_tag","embeddable":true,"href":"https:\/\/blogdofarnesio.com.br\/index.php?rest_route=%2Fwp%2Fv2%2Ftags&post=264235"}],"curies":[{"name":"wp","href":"https:\/\/api.w.org\/{rel}","templated":true}]}}