{"id":264156,"date":"2020-08-07T14:00:29","date_gmt":"2020-08-07T17:00:29","guid":{"rendered":"http:\/\/quersaberpolitica.com.br\/2016\/?p=264156"},"modified":"2020-08-06T17:33:37","modified_gmt":"2020-08-06T20:33:37","slug":"sesp-constroi-e-amplia-passagem-dos-canais-do-macarrao-e-mulungu-remanescente","status":"publish","type":"post","link":"https:\/\/blogdofarnesio.com.br\/?p=264156","title":{"rendered":"SESP constr\u00f3i e amplia passagem dos canais do Macarr\u00e3o e Mulungu Remanescente"},"content":{"rendered":"<div class=\"Ls\">\n<div class=\"As\">\n<div class=\"Cs\">A prefeitura de Juazeiro, por interm\u00e9dio da Secretaria de Servi\u00e7os P\u00fablicos (SESP) est\u00e1 trabalhando nesta semana na constru\u00e7\u00e3o de uma passagem no canal do Macarr\u00e3o, no trecho da Avenida Cristalina no bairro Nossa Senhora das Grotas. J\u00e1 no canal Mulungu Remanescente a equipe ampliou a passagem que liga o bairro Monte Castelo ao Loteamento Barranqueiro. O objetivo \u00e9 beneficiar a locomo\u00e7\u00e3o de ve\u00edculos e pedestres que d\u00e1 acesso a esses locais.<\/div>\n<\/div>\n<\/div>\n<div id=\"cv_\" class=\" Xg \">\n<div class=\"Zg\">\n<div class=\"Rg\">\n<div class=\"Li\">\n<div class=\"yj\">\n<div class=\"Ph\" data-onclick=\"w\">\n<div id=\"cvcmsg_173bfe6ab597adda\" class=\"yh\">\n<div id=\"cvcfullmsg_173bfe6ab597adda\" class=\"Vh\">\n<div id=\"cvcmsgbod_173bfe6ab597adda\" class=\"aj\">\n<div class=\"Ni\">\n<div class=\"ni pi \" dir=\"ltr\">\n<p>O secret\u00e1rio de Servi\u00e7os P\u00fablicos Celso Leal, explicou que est\u00e3o sendo colocadas no canal do Macarr\u00e3o 12 manilhas para constru\u00e7\u00e3o da passagem e no canal Mulungu Remanescente foi ampliada com 04 manilhas. \u201cNosso objetivo \u00e9 melhorar a passagem das pessoas que transitam por essas \u00e1reas, como tamb\u00e9m aos bairros pr\u00f3ximos, restabelecer a circula\u00e7\u00e3o de ve\u00edculos e facilitar a vida das pessoas que moram nessa regi\u00e3o. Por\u00e9m, gostaria de lembrar que a ponte \u00e9 para transporte de ve\u00edculos leves\u201d, ressaltou Celso Leal.<\/p>\n<p>A moradora do bairro Nossa Senhora das Grotas, Emanoela Santana, agradeceu a a\u00e7\u00e3o da prefeitura. \u201cRealmente aqui estava precisando melhorar esse acesso e construir essa passagem. Agrade\u00e7o ao prefeito Paulo Bomfim e \u00e0 SESP por executar esse servi\u00e7o. Estou muito feliz porque esta a\u00e7\u00e3o vai trazer mais tranquilidade para todos n\u00f3s do bairro\u201d, pontuou.<\/p>\n<p>Outro servi\u00e7o que ser\u00e1 realizado \u00e9 a constru\u00e7\u00e3o da ponta de alas &#8211; parede de pedra que direciona a \u00e1gua para as manilhas sustentando o material da ponte e evitando o seu rompimento. \u201cS\u00e3o obras e servi\u00e7os de infraestrutura que v\u00e3o permitir elevar a autoestima e melhorar as condi\u00e7\u00f5es de vida dos juazeirenses\u201d, finalizou o secret\u00e1rio da SESP.<\/p>\n<p>Luzete Nobre\/SESP<\/p>\n<\/div>\n<\/div>\n<\/div>\n<\/div>\n<\/div>\n<\/div>\n<\/div>\n<\/div>\n<\/div>\n<\/div>\n<\/div>\n","protected":false},"excerpt":{"rendered":"<p>A prefeitura de Juazeiro, por interm\u00e9dio da Secretaria de Servi\u00e7os P\u00fablicos (SESP) est\u00e1 trabalhando nesta semana na constru\u00e7\u00e3o de uma passagem no canal do Macarr\u00e3o, no trecho da Avenida Cristalina no bairro Nossa Senhora das Grotas. J\u00e1 no canal Mulungu Remanescente a equipe ampliou a passagem que liga o bairro Monte Castelo ao Loteamento Barranqueiro. O objetivo \u00e9 beneficiar a locomo\u00e7\u00e3o de ve\u00edculos e pedestres que d\u00e1 acesso a esses locais. O secret\u00e1rio de Servi\u00e7os P\u00fablicos Celso Leal, explicou que est\u00e3o sendo colocadas no canal do Macarr\u00e3o 12 manilhas para constru\u00e7\u00e3o da passagem e no canal Mulungu Remanescente foi ampliada com 04 manilhas. \u201cNosso objetivo \u00e9 melhorar a passagem das pessoas que transitam por essas \u00e1reas, como tamb\u00e9m aos bairros&hellip; <\/p>\n","protected":false},"author":1,"featured_media":264157,"comment_status":"closed","ping_status":"closed","sticky":false,"template":"","format":"standard","meta":{"_acf_changed":false,"footnotes":""},"categories":[1],"tags":[],"class_list":["post-264156","post","type-post","status-publish","format-standard","has-post-thumbnail","hentry","category-politica"],"acf":[],"yoast_head":"<!-- This site is optimized with the Yoast SEO plugin v27.4 - https:\/\/yoast.com\/product\/yoast-seo-wordpress\/ -->\n<title>SESP constr\u00f3i e amplia passagem dos canais do Macarr\u00e3o e Mulungu Remanescente - Blog do Farn\u00e9sio<\/title>\n<meta name=\"robots\" content=\"index, follow, max-snippet:-1, max-image-preview:large, max-video-preview:-1\" \/>\n<link rel=\"canonical\" href=\"https:\/\/blogdofarnesio.com.br\/?p=264156\" \/>\n<meta property=\"og:locale\" content=\"pt_BR\" \/>\n<meta property=\"og:type\" content=\"article\" \/>\n<meta property=\"og:title\" content=\"SESP constr\u00f3i e amplia passagem dos canais do Macarr\u00e3o e Mulungu Remanescente - Blog do Farn\u00e9sio\" \/>\n<meta property=\"og:description\" content=\"A prefeitura de Juazeiro, por interm\u00e9dio da Secretaria de Servi\u00e7os P\u00fablicos (SESP) est\u00e1 trabalhando nesta semana na constru\u00e7\u00e3o de uma passagem no canal do Macarr\u00e3o, no trecho da Avenida Cristalina no bairro Nossa Senhora das Grotas. J\u00e1 no canal Mulungu Remanescente a equipe ampliou a passagem que liga o bairro Monte Castelo ao Loteamento Barranqueiro. O objetivo \u00e9 beneficiar a locomo\u00e7\u00e3o de ve\u00edculos e pedestres que d\u00e1 acesso a esses locais. O secret\u00e1rio de Servi\u00e7os P\u00fablicos Celso Leal, explicou que est\u00e3o sendo colocadas no canal do Macarr\u00e3o 12 manilhas para constru\u00e7\u00e3o da passagem e no canal Mulungu Remanescente foi ampliada com 04 manilhas. \u201cNosso objetivo \u00e9 melhorar a passagem das pessoas que transitam por essas \u00e1reas, como tamb\u00e9m aos bairros&hellip;\" \/>\n<meta property=\"og:url\" content=\"https:\/\/blogdofarnesio.com.br\/?p=264156\" \/>\n<meta property=\"og:site_name\" content=\"Blog do Farn\u00e9sio\" \/>\n<meta property=\"article:publisher\" content=\"https:\/\/www.facebook.com\/BlogQuerSaberPolitica\/\" \/>\n<meta property=\"article:published_time\" content=\"2020-08-07T17:00:29+00:00\" \/>\n<meta property=\"og:image\" content=\"https:\/\/blogdofarnesio.com.br\/wp-content\/uploads\/2020\/08\/SESP-constr\u00f3i-e-amplia-passagem-dos-canais-do-Macarr\u00e3o-e-Mulungu-Remanescente-3-e1596745975428.jpg\" \/>\n\t<meta property=\"og:image:width\" content=\"632\" \/>\n\t<meta property=\"og:image:height\" content=\"474\" \/>\n\t<meta property=\"og:image:type\" content=\"image\/jpeg\" \/>\n<meta name=\"author\" content=\"Farn\u00e9sio\" \/>\n<meta name=\"twitter:card\" content=\"summary_large_image\" \/>\n<meta name=\"twitter:label1\" content=\"Escrito por\" \/>\n\t<meta name=\"twitter:data1\" content=\"Farn\u00e9sio\" \/>\n\t<meta name=\"twitter:label2\" content=\"Est. tempo de leitura\" \/>\n\t<meta name=\"twitter:data2\" content=\"1 minuto\" \/>\n<script type=\"application\/ld+json\" class=\"yoast-schema-graph\">{\"@context\":\"https:\\\/\\\/schema.org\",\"@graph\":[{\"@type\":\"Article\",\"@id\":\"https:\\\/\\\/blogdofarnesio.com.br\\\/?p=264156#article\",\"isPartOf\":{\"@id\":\"https:\\\/\\\/blogdofarnesio.com.br\\\/?p=264156\"},\"author\":{\"name\":\"Farn\u00e9sio\",\"@id\":\"https:\\\/\\\/blogdofarnesio.com.br\\\/#\\\/schema\\\/person\\\/301c4acf522bccbfdb45af95b5b906a1\"},\"headline\":\"SESP constr\u00f3i e amplia passagem dos canais do Macarr\u00e3o e Mulungu Remanescente\",\"datePublished\":\"2020-08-07T17:00:29+00:00\",\"mainEntityOfPage\":{\"@id\":\"https:\\\/\\\/blogdofarnesio.com.br\\\/?p=264156\"},\"wordCount\":306,\"publisher\":{\"@id\":\"https:\\\/\\\/blogdofarnesio.com.br\\\/#organization\"},\"image\":{\"@id\":\"https:\\\/\\\/blogdofarnesio.com.br\\\/?p=264156#primaryimage\"},\"thumbnailUrl\":\"https:\\\/\\\/blogdofarnesio.com.br\\\/wp-content\\\/uploads\\\/2020\\\/08\\\/SESP-constr\u00f3i-e-amplia-passagem-dos-canais-do-Macarr\u00e3o-e-Mulungu-Remanescente-3-e1596745975428.jpg\",\"articleSection\":[\"Pol\u00edtica\"],\"inLanguage\":\"pt-BR\"},{\"@type\":\"WebPage\",\"@id\":\"https:\\\/\\\/blogdofarnesio.com.br\\\/?p=264156\",\"url\":\"https:\\\/\\\/blogdofarnesio.com.br\\\/?p=264156\",\"name\":\"SESP constr\u00f3i e amplia passagem dos canais do Macarr\u00e3o e Mulungu Remanescente - Blog do Farn\u00e9sio\",\"isPartOf\":{\"@id\":\"https:\\\/\\\/blogdofarnesio.com.br\\\/#website\"},\"primaryImageOfPage\":{\"@id\":\"https:\\\/\\\/blogdofarnesio.com.br\\\/?p=264156#primaryimage\"},\"image\":{\"@id\":\"https:\\\/\\\/blogdofarnesio.com.br\\\/?p=264156#primaryimage\"},\"thumbnailUrl\":\"https:\\\/\\\/blogdofarnesio.com.br\\\/wp-content\\\/uploads\\\/2020\\\/08\\\/SESP-constr\u00f3i-e-amplia-passagem-dos-canais-do-Macarr\u00e3o-e-Mulungu-Remanescente-3-e1596745975428.jpg\",\"datePublished\":\"2020-08-07T17:00:29+00:00\",\"breadcrumb\":{\"@id\":\"https:\\\/\\\/blogdofarnesio.com.br\\\/?p=264156#breadcrumb\"},\"inLanguage\":\"pt-BR\",\"potentialAction\":[{\"@type\":\"ReadAction\",\"target\":[\"https:\\\/\\\/blogdofarnesio.com.br\\\/?p=264156\"]}]},{\"@type\":\"ImageObject\",\"inLanguage\":\"pt-BR\",\"@id\":\"https:\\\/\\\/blogdofarnesio.com.br\\\/?p=264156#primaryimage\",\"url\":\"https:\\\/\\\/blogdofarnesio.com.br\\\/wp-content\\\/uploads\\\/2020\\\/08\\\/SESP-constr\u00f3i-e-amplia-passagem-dos-canais-do-Macarr\u00e3o-e-Mulungu-Remanescente-3-e1596745975428.jpg\",\"contentUrl\":\"https:\\\/\\\/blogdofarnesio.com.br\\\/wp-content\\\/uploads\\\/2020\\\/08\\\/SESP-constr\u00f3i-e-amplia-passagem-dos-canais-do-Macarr\u00e3o-e-Mulungu-Remanescente-3-e1596745975428.jpg\",\"width\":632,\"height\":474},{\"@type\":\"BreadcrumbList\",\"@id\":\"https:\\\/\\\/blogdofarnesio.com.br\\\/?p=264156#breadcrumb\",\"itemListElement\":[{\"@type\":\"ListItem\",\"position\":1,\"name\":\"In\u00edcio\",\"item\":\"https:\\\/\\\/blogdofarnesio.com.br\\\/\"},{\"@type\":\"ListItem\",\"position\":2,\"name\":\"SESP constr\u00f3i e amplia passagem dos canais do Macarr\u00e3o e Mulungu Remanescente\"}]},{\"@type\":\"WebSite\",\"@id\":\"https:\\\/\\\/blogdofarnesio.com.br\\\/#website\",\"url\":\"https:\\\/\\\/blogdofarnesio.com.br\\\/\",\"name\":\"Blog do Farn\u00e9sio\",\"description\":\"Quer Saber Pol\u00edtica?\",\"publisher\":{\"@id\":\"https:\\\/\\\/blogdofarnesio.com.br\\\/#organization\"},\"potentialAction\":[{\"@type\":\"SearchAction\",\"target\":{\"@type\":\"EntryPoint\",\"urlTemplate\":\"https:\\\/\\\/blogdofarnesio.com.br\\\/?s={search_term_string}\"},\"query-input\":{\"@type\":\"PropertyValueSpecification\",\"valueRequired\":true,\"valueName\":\"search_term_string\"}}],\"inLanguage\":\"pt-BR\"},{\"@type\":\"Organization\",\"@id\":\"https:\\\/\\\/blogdofarnesio.com.br\\\/#organization\",\"name\":\"Blog do Farn\u00e9sio\",\"url\":\"https:\\\/\\\/blogdofarnesio.com.br\\\/\",\"logo\":{\"@type\":\"ImageObject\",\"inLanguage\":\"pt-BR\",\"@id\":\"https:\\\/\\\/blogdofarnesio.com.br\\\/#\\\/schema\\\/logo\\\/image\\\/\",\"url\":\"https:\\\/\\\/blogdofarnesio.com.br\\\/wp-content\\\/uploads\\\/2026\\\/03\\\/cropped-logo_new-1.png\",\"contentUrl\":\"https:\\\/\\\/blogdofarnesio.com.br\\\/wp-content\\\/uploads\\\/2026\\\/03\\\/cropped-logo_new-1.png\",\"width\":881,\"height\":685,\"caption\":\"Blog do Farn\u00e9sio\"},\"image\":{\"@id\":\"https:\\\/\\\/blogdofarnesio.com.br\\\/#\\\/schema\\\/logo\\\/image\\\/\"},\"sameAs\":[\"https:\\\/\\\/www.facebook.com\\\/BlogQuerSaberPolitica\\\/\"]},{\"@type\":\"Person\",\"@id\":\"https:\\\/\\\/blogdofarnesio.com.br\\\/#\\\/schema\\\/person\\\/301c4acf522bccbfdb45af95b5b906a1\",\"name\":\"Farn\u00e9sio\",\"image\":{\"@type\":\"ImageObject\",\"inLanguage\":\"pt-BR\",\"@id\":\"https:\\\/\\\/secure.gravatar.com\\\/avatar\\\/df0c9a14567c056f8ad6876ba5bbd1e3e2c48023eb6807342fc4663adf549f38?s=96&d=mm&r=g\",\"url\":\"https:\\\/\\\/secure.gravatar.com\\\/avatar\\\/df0c9a14567c056f8ad6876ba5bbd1e3e2c48023eb6807342fc4663adf549f38?s=96&d=mm&r=g\",\"contentUrl\":\"https:\\\/\\\/secure.gravatar.com\\\/avatar\\\/df0c9a14567c056f8ad6876ba5bbd1e3e2c48023eb6807342fc4663adf549f38?s=96&d=mm&r=g\",\"caption\":\"Farn\u00e9sio\"},\"sameAs\":[\"https:\\\/\\\/quersaberpolitica.com.br\"],\"url\":\"https:\\\/\\\/blogdofarnesio.com.br\\\/?author=1\"}]}<\/script>\n<!-- \/ Yoast SEO plugin. -->","yoast_head_json":{"title":"SESP constr\u00f3i e amplia passagem dos canais do Macarr\u00e3o e Mulungu Remanescente - Blog do Farn\u00e9sio","robots":{"index":"index","follow":"follow","max-snippet":"max-snippet:-1","max-image-preview":"max-image-preview:large","max-video-preview":"max-video-preview:-1"},"canonical":"https:\/\/blogdofarnesio.com.br\/?p=264156","og_locale":"pt_BR","og_type":"article","og_title":"SESP constr\u00f3i e amplia passagem dos canais do Macarr\u00e3o e Mulungu Remanescente - Blog do Farn\u00e9sio","og_description":"A prefeitura de Juazeiro, por interm\u00e9dio da Secretaria de Servi\u00e7os P\u00fablicos (SESP) est\u00e1 trabalhando nesta semana na constru\u00e7\u00e3o de uma passagem no canal do Macarr\u00e3o, no trecho da Avenida Cristalina no bairro Nossa Senhora das Grotas. J\u00e1 no canal Mulungu Remanescente a equipe ampliou a passagem que liga o bairro Monte Castelo ao Loteamento Barranqueiro. O objetivo \u00e9 beneficiar a locomo\u00e7\u00e3o de ve\u00edculos e pedestres que d\u00e1 acesso a esses locais. O secret\u00e1rio de Servi\u00e7os P\u00fablicos Celso Leal, explicou que est\u00e3o sendo colocadas no canal do Macarr\u00e3o 12 manilhas para constru\u00e7\u00e3o da passagem e no canal Mulungu Remanescente foi ampliada com 04 manilhas. \u201cNosso objetivo \u00e9 melhorar a passagem das pessoas que transitam por essas \u00e1reas, como tamb\u00e9m aos bairros&hellip;","og_url":"https:\/\/blogdofarnesio.com.br\/?p=264156","og_site_name":"Blog do Farn\u00e9sio","article_publisher":"https:\/\/www.facebook.com\/BlogQuerSaberPolitica\/","article_published_time":"2020-08-07T17:00:29+00:00","og_image":[{"width":632,"height":474,"url":"https:\/\/blogdofarnesio.com.br\/wp-content\/uploads\/2020\/08\/SESP-constr\u00f3i-e-amplia-passagem-dos-canais-do-Macarr\u00e3o-e-Mulungu-Remanescente-3-e1596745975428.jpg","type":"image\/jpeg"}],"author":"Farn\u00e9sio","twitter_card":"summary_large_image","twitter_misc":{"Escrito por":"Farn\u00e9sio","Est. tempo de leitura":"1 minuto"},"schema":{"@context":"https:\/\/schema.org","@graph":[{"@type":"Article","@id":"https:\/\/blogdofarnesio.com.br\/?p=264156#article","isPartOf":{"@id":"https:\/\/blogdofarnesio.com.br\/?p=264156"},"author":{"name":"Farn\u00e9sio","@id":"https:\/\/blogdofarnesio.com.br\/#\/schema\/person\/301c4acf522bccbfdb45af95b5b906a1"},"headline":"SESP constr\u00f3i e amplia passagem dos canais do Macarr\u00e3o e Mulungu Remanescente","datePublished":"2020-08-07T17:00:29+00:00","mainEntityOfPage":{"@id":"https:\/\/blogdofarnesio.com.br\/?p=264156"},"wordCount":306,"publisher":{"@id":"https:\/\/blogdofarnesio.com.br\/#organization"},"image":{"@id":"https:\/\/blogdofarnesio.com.br\/?p=264156#primaryimage"},"thumbnailUrl":"https:\/\/blogdofarnesio.com.br\/wp-content\/uploads\/2020\/08\/SESP-constr\u00f3i-e-amplia-passagem-dos-canais-do-Macarr\u00e3o-e-Mulungu-Remanescente-3-e1596745975428.jpg","articleSection":["Pol\u00edtica"],"inLanguage":"pt-BR"},{"@type":"WebPage","@id":"https:\/\/blogdofarnesio.com.br\/?p=264156","url":"https:\/\/blogdofarnesio.com.br\/?p=264156","name":"SESP constr\u00f3i e amplia passagem dos canais do Macarr\u00e3o e Mulungu Remanescente - Blog do Farn\u00e9sio","isPartOf":{"@id":"https:\/\/blogdofarnesio.com.br\/#website"},"primaryImageOfPage":{"@id":"https:\/\/blogdofarnesio.com.br\/?p=264156#primaryimage"},"image":{"@id":"https:\/\/blogdofarnesio.com.br\/?p=264156#primaryimage"},"thumbnailUrl":"https:\/\/blogdofarnesio.com.br\/wp-content\/uploads\/2020\/08\/SESP-constr\u00f3i-e-amplia-passagem-dos-canais-do-Macarr\u00e3o-e-Mulungu-Remanescente-3-e1596745975428.jpg","datePublished":"2020-08-07T17:00:29+00:00","breadcrumb":{"@id":"https:\/\/blogdofarnesio.com.br\/?p=264156#breadcrumb"},"inLanguage":"pt-BR","potentialAction":[{"@type":"ReadAction","target":["https:\/\/blogdofarnesio.com.br\/?p=264156"]}]},{"@type":"ImageObject","inLanguage":"pt-BR","@id":"https:\/\/blogdofarnesio.com.br\/?p=264156#primaryimage","url":"https:\/\/blogdofarnesio.com.br\/wp-content\/uploads\/2020\/08\/SESP-constr\u00f3i-e-amplia-passagem-dos-canais-do-Macarr\u00e3o-e-Mulungu-Remanescente-3-e1596745975428.jpg","contentUrl":"https:\/\/blogdofarnesio.com.br\/wp-content\/uploads\/2020\/08\/SESP-constr\u00f3i-e-amplia-passagem-dos-canais-do-Macarr\u00e3o-e-Mulungu-Remanescente-3-e1596745975428.jpg","width":632,"height":474},{"@type":"BreadcrumbList","@id":"https:\/\/blogdofarnesio.com.br\/?p=264156#breadcrumb","itemListElement":[{"@type":"ListItem","position":1,"name":"In\u00edcio","item":"https:\/\/blogdofarnesio.com.br\/"},{"@type":"ListItem","position":2,"name":"SESP constr\u00f3i e amplia passagem dos canais do Macarr\u00e3o e Mulungu Remanescente"}]},{"@type":"WebSite","@id":"https:\/\/blogdofarnesio.com.br\/#website","url":"https:\/\/blogdofarnesio.com.br\/","name":"Blog do Farn\u00e9sio","description":"Quer Saber Pol\u00edtica?","publisher":{"@id":"https:\/\/blogdofarnesio.com.br\/#organization"},"potentialAction":[{"@type":"SearchAction","target":{"@type":"EntryPoint","urlTemplate":"https:\/\/blogdofarnesio.com.br\/?s={search_term_string}"},"query-input":{"@type":"PropertyValueSpecification","valueRequired":true,"valueName":"search_term_string"}}],"inLanguage":"pt-BR"},{"@type":"Organization","@id":"https:\/\/blogdofarnesio.com.br\/#organization","name":"Blog do Farn\u00e9sio","url":"https:\/\/blogdofarnesio.com.br\/","logo":{"@type":"ImageObject","inLanguage":"pt-BR","@id":"https:\/\/blogdofarnesio.com.br\/#\/schema\/logo\/image\/","url":"https:\/\/blogdofarnesio.com.br\/wp-content\/uploads\/2026\/03\/cropped-logo_new-1.png","contentUrl":"https:\/\/blogdofarnesio.com.br\/wp-content\/uploads\/2026\/03\/cropped-logo_new-1.png","width":881,"height":685,"caption":"Blog do Farn\u00e9sio"},"image":{"@id":"https:\/\/blogdofarnesio.com.br\/#\/schema\/logo\/image\/"},"sameAs":["https:\/\/www.facebook.com\/BlogQuerSaberPolitica\/"]},{"@type":"Person","@id":"https:\/\/blogdofarnesio.com.br\/#\/schema\/person\/301c4acf522bccbfdb45af95b5b906a1","name":"Farn\u00e9sio","image":{"@type":"ImageObject","inLanguage":"pt-BR","@id":"https:\/\/secure.gravatar.com\/avatar\/df0c9a14567c056f8ad6876ba5bbd1e3e2c48023eb6807342fc4663adf549f38?s=96&d=mm&r=g","url":"https:\/\/secure.gravatar.com\/avatar\/df0c9a14567c056f8ad6876ba5bbd1e3e2c48023eb6807342fc4663adf549f38?s=96&d=mm&r=g","contentUrl":"https:\/\/secure.gravatar.com\/avatar\/df0c9a14567c056f8ad6876ba5bbd1e3e2c48023eb6807342fc4663adf549f38?s=96&d=mm&r=g","caption":"Farn\u00e9sio"},"sameAs":["https:\/\/quersaberpolitica.com.br"],"url":"https:\/\/blogdofarnesio.com.br\/?author=1"}]}},"_links":{"self":[{"href":"https:\/\/blogdofarnesio.com.br\/index.php?rest_route=\/wp\/v2\/posts\/264156","targetHints":{"allow":["GET"]}}],"collection":[{"href":"https:\/\/blogdofarnesio.com.br\/index.php?rest_route=\/wp\/v2\/posts"}],"about":[{"href":"https:\/\/blogdofarnesio.com.br\/index.php?rest_route=\/wp\/v2\/types\/post"}],"author":[{"embeddable":true,"href":"https:\/\/blogdofarnesio.com.br\/index.php?rest_route=\/wp\/v2\/users\/1"}],"replies":[{"embeddable":true,"href":"https:\/\/blogdofarnesio.com.br\/index.php?rest_route=%2Fwp%2Fv2%2Fcomments&post=264156"}],"version-history":[{"count":0,"href":"https:\/\/blogdofarnesio.com.br\/index.php?rest_route=\/wp\/v2\/posts\/264156\/revisions"}],"wp:featuredmedia":[{"embeddable":true,"href":"https:\/\/blogdofarnesio.com.br\/index.php?rest_route=\/wp\/v2\/media\/264157"}],"wp:attachment":[{"href":"https:\/\/blogdofarnesio.com.br\/index.php?rest_route=%2Fwp%2Fv2%2Fmedia&parent=264156"}],"wp:term":[{"taxonomy":"category","embeddable":true,"href":"https:\/\/blogdofarnesio.com.br\/index.php?rest_route=%2Fwp%2Fv2%2Fcategories&post=264156"},{"taxonomy":"post_tag","embeddable":true,"href":"https:\/\/blogdofarnesio.com.br\/index.php?rest_route=%2Fwp%2Fv2%2Ftags&post=264156"}],"curies":[{"name":"wp","href":"https:\/\/api.w.org\/{rel}","templated":true}]}}