{"id":264031,"date":"2020-08-04T17:02:41","date_gmt":"2020-08-04T20:02:41","guid":{"rendered":"http:\/\/quersaberpolitica.com.br\/2016\/?p=264031"},"modified":"2020-08-04T16:17:59","modified_gmt":"2020-08-04T19:17:59","slug":"grande-explosao-atinge-area-portuaria-de-beirute-governo-cita-alto-numero-de-feridos","status":"publish","type":"post","link":"https:\/\/blogdofarnesio.com.br\/?p=264031","title":{"rendered":"Grande explos\u00e3o atinge \u00e1rea portu\u00e1ria de Beirute; governo cita &#8216;alto n\u00famero de feridos&#8217;"},"content":{"rendered":"<div class=\"row content-head non-featured \">\n<div class=\"title\">\n<h1 class=\"content-head__title\"><span style=\"font-size: 16px;\">Por G1<\/span><\/h1>\n<\/div>\n<\/div>\n<div class=\"mc-article-body\">\n<article>\n<div class=\"mc-column content-text active-extra-styles \" data-block-type=\"unstyled\" data-block-weight=\"24\" data-block-id=\"2\">\n<p class=\"content-text__container \" data-track-category=\"Link no Texto\" data-track-links=\"\">Veja o momento exato do que seria a explos\u00e3o pr\u00f3ximo ao porto de Beirute. Uma explos\u00e3o aconteceu na regi\u00e3o portu\u00e1ria de Beirute, no <a href=\"https:\/\/g1.globo.com\/tudo-sobre\/libano\/\">L\u00edbano<\/a>, nesta ter\u00e7a-feira (4). Imagens mostram uma grande coluna de fuma\u00e7a avermelhada sobre a \u00e1rea.<\/p>\n<\/div>\n<div class=\"wall protected-content\">\n<div class=\"mc-column content-text active-extra-styles\" data-block-type=\"raw\" data-block-weight=\"20\" data-block-id=\"3\">\n<ul class=\"content-unordered-list\">\n<li><a href=\"https:\/\/g1.globo.com\/mundo\/noticia\/2020\/08\/04\/explosao-em-beirute-fotos.ghtml\"><strong>Explos\u00e3o em Beirute; FOTOS<\/strong><\/a><\/li>\n<li><a href=\"https:\/\/g1.globo.com\/mundo\/noticia\/2020\/08\/04\/veja-como-era-a-regiao-portuaria-de-beirute-antes-da-explosao.ghtml\"><strong>Veja como era a o Porto de Beirute antes da explos\u00e3o<\/strong><\/a><\/li>\n<li><a href=\"https:\/\/g1.globo.com\/playlist\/videos-explosao-em-beirute-no-libano.ghtml\"><strong>V\u00cdDEOS da explos\u00e3o em Beirute<\/strong><\/a><\/li>\n<\/ul>\n<\/div>\n<div class=\"mc-column content-text active-extra-styles \" data-block-type=\"unstyled\" data-block-weight=\"57\" data-block-id=\"4\">\n<p class=\"content-text__container \" data-track-category=\"Link no Texto\" data-track-links=\"\">O\u00a0<span class=\"highlight highlighted\">governo liban\u00eas contabiliza ao menos 25 mortos<\/span>\u00a0ap\u00f3s a explos\u00e3o. Em entrevista a uma rede de televis\u00e3o, o ministro da Sa\u00fade do L\u00edbano, Hamad Hasan, disse que h\u00e1 cerca de 3 mil feridos. J\u00e1 o chefe do escrit\u00f3rio local da\u00a0<span class=\"highlight highlighted\">Cruz Vermelha falou em 2,2 mil feridos<\/span>, mas disse que o n\u00famero &#8220;deve ser ainda maior&#8221;.<\/p>\n<\/div>\n<div class=\"mc-column content-text active-extra-styles \" data-block-type=\"unstyled\" data-block-weight=\"48\" data-block-id=\"5\">\n<p class=\"content-text__container \" data-track-category=\"Link no Texto\" data-track-links=\"\">Ainda n\u00e3o \u00e9 poss\u00edvel medir as exatos sobre a quantidade de feridos ou qual seria a causa da explos\u00e3o. Apesar de o pa\u00eds j\u00e1 ter sido alvo de terroristas e viver per\u00edodo de instabilidade pol\u00edtica,\u00a0<span class=\"highlight highlighted\">n\u00e3o h\u00e1 evid\u00eancia ainda de que se trate de um atentado terrorista.<\/span><\/p>\n<\/div>\n<div class=\"mc-column content-text active-extra-styles \" data-block-type=\"unstyled\" data-block-weight=\"37\" data-block-id=\"8\">\n<p class=\"content-text__container \" data-track-category=\"Link no Texto\" data-track-links=\"\">A explos\u00e3o no porto causou destrui\u00e7\u00e3o em larga escala e quebrou o vidro de janelas a quil\u00f4metros de dist\u00e2ncia. Alguns barcos que navegavam pr\u00f3ximos \u00e0 costa do L\u00edbano chegaram a ser balan\u00e7ados pela for\u00e7a da explos\u00e3o.<\/p>\n<\/div>\n<div class=\"mc-column content-text active-extra-styles \" data-block-type=\"unstyled\" data-block-weight=\"41\" data-block-id=\"9\">\n<p class=\"content-text__container \" data-track-category=\"Link no Texto\" data-track-links=\"\">O chefe de seguran\u00e7a interna do L\u00edbano, Abbas Ibrahim, disse em entrevista a uma rede de televis\u00e3o que a explos\u00e3o aconteceu em uma\u00a0<span class=\"highlight highlighted\">\u00e1rea que armazena materiais altamente explosivos<\/span>, como o nitrato de am\u00f4nio, mas que n\u00e3o s\u00e3o explosivos em si.<\/p>\n<\/div>\n<div class=\"mc-column content-text active-extra-styles \" data-block-type=\"unstyled\" data-block-weight=\"21\" data-block-id=\"10\">\n<p class=\"content-text__container \" data-track-category=\"Link no Texto\" data-track-links=\"\">O primeiro-ministro liban\u00eas, Hassan Diab, disse em um pronunciamento que o pa\u00eds enfrenta uma cat\u00e1strofe e que Beirute est\u00e1 de luto.<\/p>\n<\/div>\n<div class=\"row medium-uncollapsed content-media content-photo\" data-block-type=\"backstage-photo\" data-block-id=\"11\">\n<div class=\"mc-column content-media__container\">\n<figure><img decoding=\"async\" class=\"i-amphtml-fill-content i-amphtml-replaced-content\" src=\"https:\/\/s2.glbimg.com\/oQA_KmhO5_qFgfycK9QLobi8Ehw=\/0x0:650x879\/984x0\/smart\/filters:strip_icc()\/i.s3.glbimg.com\/v1\/AUTH_59edd422c0c84a879bd37670ae4f538a\/internal_photos\/bs\/2020\/5\/1\/W6V0GwS8iGMX6XaQQHBA\/explosao-beirute-v4.png\" sizes=\"(max-width: 1366px) 648px, 100vw\" srcset=\"https:\/\/s2.glbimg.com\/r6UgWb8Yks-3EB1LEXuA__BTjsc=\/0x0:650x879\/1000x0\/smart\/filters:strip_icc()\/i.s3.glbimg.com\/v1\/AUTH_59edd422c0c84a879bd37670ae4f538a\/internal_photos\/bs\/2020\/5\/1\/W6V0GwS8iGMX6XaQQHBA\/explosao-beirute-v4.png 1000w, https:\/\/s2.glbimg.com\/oQA_KmhO5_qFgfycK9QLobi8Ehw=\/0x0:650x879\/984x0\/smart\/filters:strip_icc()\/i.s3.glbimg.com\/v1\/AUTH_59edd422c0c84a879bd37670ae4f538a\/internal_photos\/bs\/2020\/5\/1\/W6V0GwS8iGMX6XaQQHBA\/explosao-beirute-v4.png 984w, https:\/\/s2.glbimg.com\/4b8UNYaPi1vLXVvjklgO-2p6Lco=\/0x0:650x879\/640x0\/smart\/filters:strip_icc()\/i.s3.glbimg.com\/v1\/AUTH_59edd422c0c84a879bd37670ae4f538a\/internal_photos\/bs\/2020\/5\/1\/W6V0GwS8iGMX6XaQQHBA\/explosao-beirute-v4.png 640w, https:\/\/s2.glbimg.com\/M2j5xJup8m1zMoXf7toh8vWB8I4=\/0x0:650x879\/600x0\/smart\/filters:strip_icc()\/i.s3.glbimg.com\/v1\/AUTH_59edd422c0c84a879bd37670ae4f538a\/internal_photos\/bs\/2020\/5\/1\/W6V0GwS8iGMX6XaQQHBA\/explosao-beirute-v4.png 600w\" alt=\"Mapa identifica a regi\u00e3o portu\u00e1ria de Beirute, onde aconteceu uma grande explos\u00e3o nesta ter\u00e7a-feira (4) \u2014 Foto: G1\" \/><\/figure>\n<p class=\"content-media__description \">Mapa identifica a regi\u00e3o portu\u00e1ria de Beirute, onde aconteceu uma grande explos\u00e3o nesta ter\u00e7a-feira (4) \u2014 Foto: G1<\/p>\n<\/div>\n<\/div>\n<div class=\"mc-column content-text active-extra-styles \" data-block-type=\"unstyled\" data-block-weight=\"37\" data-block-id=\"12\">\n<p class=\"content-text__container \" data-track-category=\"Link no Texto\" data-track-links=\"\">A Cruz Vermelha disse tamb\u00e9m que h\u00e1 barcos operando no resgate de pessoas que foram jogadas ao mar. Parte dos atingidos foi levada a hospitais, mas ainda h\u00e1 muita gente presa em escombros dentro de suas casas.<\/p>\n<\/div>\n<div class=\"mc-column content-text active-extra-styles \" data-block-type=\"unstyled\" data-block-weight=\"29\" data-block-id=\"13\">\n<p class=\"content-text__container \" data-track-category=\"Link no Texto\" data-track-links=\"\">A emissora libanesa LBCI informou que o hospital H\u00f4tel-Dieu de France, no centro da capital libanesa, atende mais de 500 feridos e fez um pedido de doa\u00e7\u00e3o de sangue.<\/p>\n<\/div>\n<div class=\"row medium-uncollapsed content-media content-photo\" data-block-type=\"backstage-photo\" data-block-id=\"14\">\n<div class=\"mc-column content-media__container\">\n<figure><img decoding=\"async\" class=\"i-amphtml-fill-content i-amphtml-replaced-content\" src=\"https:\/\/s2.glbimg.com\/VfF1XCgfM1fSsuHtiCdbFjP2WrY=\/0x0:3000x2000\/984x0\/smart\/filters:strip_icc()\/i.s3.glbimg.com\/v1\/AUTH_59edd422c0c84a879bd37670ae4f538a\/internal_photos\/bs\/2020\/C\/r\/koi9MgT32ycIsPDe9Llg\/000-1wa263-b.jpg\" sizes=\"(max-width: 1366px) 648px, 100vw\" srcset=\"https:\/\/s2.glbimg.com\/CBqXOStQUXiMeMrtxF73xdZS_lI=\/0x0:3000x2000\/1000x0\/smart\/filters:strip_icc()\/i.s3.glbimg.com\/v1\/AUTH_59edd422c0c84a879bd37670ae4f538a\/internal_photos\/bs\/2020\/C\/r\/koi9MgT32ycIsPDe9Llg\/000-1wa263-b.jpg 1000w, https:\/\/s2.glbimg.com\/VfF1XCgfM1fSsuHtiCdbFjP2WrY=\/0x0:3000x2000\/984x0\/smart\/filters:strip_icc()\/i.s3.glbimg.com\/v1\/AUTH_59edd422c0c84a879bd37670ae4f538a\/internal_photos\/bs\/2020\/C\/r\/koi9MgT32ycIsPDe9Llg\/000-1wa263-b.jpg 984w, https:\/\/s2.glbimg.com\/SLxrtOhLfp68VMYYdmIV-RR25VE=\/0x0:3000x2000\/640x0\/smart\/filters:strip_icc()\/i.s3.glbimg.com\/v1\/AUTH_59edd422c0c84a879bd37670ae4f538a\/internal_photos\/bs\/2020\/C\/r\/koi9MgT32ycIsPDe9Llg\/000-1wa263-b.jpg 640w, https:\/\/s2.glbimg.com\/fi7VLbsnBCmUmD1TY_p1qPY9sKk=\/0x0:3000x2000\/600x0\/smart\/filters:strip_icc()\/i.s3.glbimg.com\/v1\/AUTH_59edd422c0c84a879bd37670ae4f538a\/internal_photos\/bs\/2020\/C\/r\/koi9MgT32ycIsPDe9Llg\/000-1wa263-b.jpg 600w\" alt=\"Grande explos\u00e3o atingiu capital libanesa, Beirute, nesta ter\u00e7a-feira (4), disse correspondente da AFP. A explos\u00e3o, que abalou edif\u00edcios inteiros e quebrou vidros, foi sentida em v\u00e1rias partes da cidade. \u2014 Foto: Anwar Amro\/AFP\" \/><\/figure>\n<p class=\"content-media__description \">Grande explos\u00e3o atingiu capital libanesa, Beirute, nesta ter\u00e7a-feira (4), disse correspondente da AFP. A explos\u00e3o, que abalou edif\u00edcios inteiros e quebrou vidros, foi sentida em v\u00e1rias partes da cidade. \u2014 Foto: Anwar Amro\/AFP<\/p>\n<\/div>\n<\/div>\n<div class=\"mc-column content-text active-extra-styles\" data-block-type=\"raw\" data-block-weight=\"15\" data-block-id=\"16\">\n<blockquote class=\"content-blockquote theme-border-color-primary-before\"><p>H\u00e1 opera\u00e7\u00f5es para retirar as pessoas da regi\u00e3o, de acordo com ag\u00eancia oficial, a NNA.<\/p><\/blockquote>\n<\/div>\n<div class=\"mc-column content-text active-extra-styles \" data-block-type=\"unstyled\" data-block-weight=\"26\" data-block-id=\"17\">\n<p class=\"content-text__container \" data-track-category=\"Link no Texto\" data-track-links=\"\">Um fot\u00f3grafo da ag\u00eancia norte-americana Associated Press, que trabalha perto do porto de Beirute, contou ver\u00a0<span class=\"highlight highlighted\">pessoas feridas no ch\u00e3o<\/span>\u00a0e uma destrui\u00e7\u00e3o generalizada no local.<\/p>\n<\/div>\n<div class=\"row medium-uncollapsed content-media content-photo\" data-block-type=\"backstage-photo\" data-block-id=\"18\">\n<div class=\"mc-column content-media__container\">\n<figure><img decoding=\"async\" class=\"i-amphtml-fill-content i-amphtml-replaced-content\" src=\"https:\/\/s2.glbimg.com\/-QHWJuOIQ3xcKZTCz7C2njuY8Ys=\/0x0:2949x2000\/984x0\/smart\/filters:strip_icc()\/i.s3.glbimg.com\/v1\/AUTH_59edd422c0c84a879bd37670ae4f538a\/internal_photos\/bs\/2020\/I\/2\/fMVXRBTYC1IqCNXAnTHA\/000-1wa2jm-b.jpg\" sizes=\"(max-width: 1366px) 648px, 100vw\" srcset=\"https:\/\/s2.glbimg.com\/5wzJP8yBnng3rLQBt3MfRRkl1bU=\/0x0:2949x2000\/1000x0\/smart\/filters:strip_icc()\/i.s3.glbimg.com\/v1\/AUTH_59edd422c0c84a879bd37670ae4f538a\/internal_photos\/bs\/2020\/I\/2\/fMVXRBTYC1IqCNXAnTHA\/000-1wa2jm-b.jpg 1000w, https:\/\/s2.glbimg.com\/-QHWJuOIQ3xcKZTCz7C2njuY8Ys=\/0x0:2949x2000\/984x0\/smart\/filters:strip_icc()\/i.s3.glbimg.com\/v1\/AUTH_59edd422c0c84a879bd37670ae4f538a\/internal_photos\/bs\/2020\/I\/2\/fMVXRBTYC1IqCNXAnTHA\/000-1wa2jm-b.jpg 984w, https:\/\/s2.glbimg.com\/Tr_NY8xkBigDvdHXLFf-OvzrEmY=\/0x0:2949x2000\/640x0\/smart\/filters:strip_icc()\/i.s3.glbimg.com\/v1\/AUTH_59edd422c0c84a879bd37670ae4f538a\/internal_photos\/bs\/2020\/I\/2\/fMVXRBTYC1IqCNXAnTHA\/000-1wa2jm-b.jpg 640w, https:\/\/s2.glbimg.com\/Jal0IQA7SXLvBgmd8RtpSx0nsDw=\/0x0:2949x2000\/600x0\/smart\/filters:strip_icc()\/i.s3.glbimg.com\/v1\/AUTH_59edd422c0c84a879bd37670ae4f538a\/internal_photos\/bs\/2020\/I\/2\/fMVXRBTYC1IqCNXAnTHA\/000-1wa2jm-b.jpg 600w\" alt=\"Homem ferido \u00e9 examinado por um bombeiro perto do local de uma explos\u00e3o em Beirute \u2014 Foto: Anwar Amro\/AFP\" \/><\/figure>\n<p class=\"content-media__description \">Homem ferido \u00e9 examinado por um bombeiro perto do local de uma explos\u00e3o em Beirute \u2014 Foto: Anwar Amro\/AFP<\/p>\n<\/div>\n<\/div>\n<div class=\"mc-column content-media content-video\" data-block-type=\"backstage-video\" data-block-id=\"19\">\n<div class=\"content-media__container\">\n<div class=\"content-video__bigger-player-description-fixer\">\n<article class=\"content-video\">\n<section class=\"content-video__video-container\">\n<div class=\"content-video__video\">\n<div class=\"content-video__placeholder\" data-video-id=\"8750063\"><img decoding=\"async\" class=\"content-video__placeholder__thumb\" title=\"Edi\u00e7\u00e3o das 10h: imagens mostram coluna de fuma\u00e7a ap\u00f3s explos\u00e3o no L\u00edbano\" src=\"https:\/\/s04.video.glbimg.com\/x240\/8750063.jpg\" alt=\"Edi\u00e7\u00e3o das 10h: imagens mostram coluna de fuma\u00e7a ap\u00f3s explos\u00e3o no L\u00edbano\" \/><\/div>\n<div id=\"wp3-player-3\" class=\"clappr-player\" tabindex=\"9999\" data-player=\"\">\n<div class=\"container-overlay\"><\/div>\n<div class=\"media-control media-control-hide\">\n<div class=\"media-control-panel\">\n<div class=\"media-control-panel__upper\">\n<div class=\"opposites-container\">\n<div class=\"media-control-position__right\"><\/div>\n<\/div>\n<div class=\"media-control-position__center\"><\/div>\n<\/div>\n<div class=\"media-control-panel__middle\">\n<div class=\"media-control-position__left\"><\/div>\n<div class=\"media-control-position__center\"><\/div>\n<div class=\"media-control-position__right\"><\/div>\n<div class=\"quick-seek hidden media-control-element\">\n<div class=\"quick-seek-container\">\n<div class=\"quick-seek-placeholder quick-seek-placeholder--left\">\n<div class=\"quick-seek-placeholder-background quick-seek-placeholder-background--left\"><\/div>\n<div class=\"quick-seek-arrow-placeholder\"><\/div>\n<\/div>\n<div class=\"quick-seek-placeholder quick-seek-placeholder--right\">\n<div class=\"quick-seek-placeholder-background quick-seek-placeholder-background--right\"><\/div>\n<div class=\"quick-seek-arrow-placeholder\"><\/div>\n<\/div>\n<\/div>\n<\/div>\n<\/div>\n<div class=\"media-control-panel__between\">\n<div class=\"media-control-position__left\"><\/div>\n<div class=\"media-control-position__center\"><\/div>\n<div class=\"media-control-position__right\"><\/div>\n<p><button class=\"media-control-button skip-button skip-button--live_button skip-button--hidden media-control-element\" data-skip-button=\"\"><\/button><button class=\"media-control-button skip-button skip-button--recap skip-button--hidden media-control-element\" data-skip-button=\"\"><\/button><button class=\"media-control-button skip-button skip-button--intro skip-button--hidden media-control-element\" data-skip-button=\"\"><\/button><button class=\"media-control-button skip-button skip-button--left skip-button--start_over skip-button--hidden media-control-element\" data-skip-button=\"\"><\/button><\/div>\n<div class=\"media-control-panel__lower\" data-controls=\"\">\n<div class=\"media-control-position__center\">\n<div class=\"bar-container media-control-element\" data-seekbar=\"\">\n<div class=\"bar-background\" data-seekbar=\"\">\n<div class=\"bar-fill-1\" data-seekbar=\"\"><\/div>\n<div class=\"bar-fill-2\" data-seekbar=\"\"><\/div>\n<\/div>\n<div class=\"bar-scrubber\" data-seekbar=\"\">\n<div class=\"bar-scrubber-icon\" data-seekbar=\"\"><\/div>\n<\/div>\n<div class=\"thumb-preview thumb-preview--hidden\">\n<div class=\"thumb-preview__thumb\"><\/div>\n<div class=\"thumb-preview__position\"><\/div>\n<\/div>\n<\/div>\n<div class=\"bar-container__placeholder\"><\/div>\n<\/div>\n<div class=\"opposites-container\">\n<div class=\"media-control-position__left\"><button class=\"media-control-button play media-control-element\" data-playpause=\"\" aria-label=\"play\"><\/button><\/p>\n<div class=\"time-indicator media-control-element\"><span data-position=\"\">00:00<\/span><span class=\"separator\">\/<\/span><span data-duration=\"\">00:32<\/span><\/div>\n<div class=\"dfp-countdown media-control-element dfp-countdown--hidden\"><\/div>\n<\/div>\n<div class=\"media-control-position__between\">\n<div class=\"quick-seek-hint hidden media-control-element\"><\/div>\n<\/div>\n<div class=\"media-control-position__right\">\n<div class=\"drawer-container volume-hide media-control-element\" data-volume=\"\">\n<div class=\"drawer-icon-container\" data-volume=\"\"><\/div>\n<div class=\"bar-container\" data-volume=\"\">\n<div class=\"bar-background\" data-volume=\"\">\n<div class=\"bar-fill-1\" data-volume=\"\"><\/div>\n<div class=\"bar-hover\" data-volume=\"\"><\/div>\n<\/div>\n<div class=\"bar-scrubber\" data-volume=\"\">\n<div class=\"bar-scrubber-icon\" data-volume=\"\"><\/div>\n<\/div>\n<\/div>\n<\/div>\n<p><button class=\"media-control-button media-control-element\" data-fullscreen=\"\" aria-label=\"fullscreen\"><\/button><\/div>\n<\/div>\n<\/div>\n<div class=\"media-control-panel__front-layer\">\n<div class=\"media-control-position__left\"><\/div>\n<div class=\"media-control-position__center\"><\/div>\n<div class=\"media-control-position__right\"><\/div>\n<\/div>\n<div class=\"media-control-panel__modal\"><\/div>\n<\/div>\n<\/div>\n<\/div>\n<\/div>\n<\/section>\n<\/article>\n<\/div>\n<p class=\"content-media__description\">Edi\u00e7\u00e3o das 10h: imagens mostram coluna de fuma\u00e7a ap\u00f3s explos\u00e3o no L\u00edbano<\/p>\n<\/div>\n<\/div>\n<div class=\"row medium-uncollapsed content-media content-photo\" data-block-type=\"backstage-photo\" data-block-id=\"20\">\n<div class=\"mc-column content-media__container\">\n<figure><img decoding=\"async\" class=\"i-amphtml-fill-content i-amphtml-replaced-content\" src=\"https:\/\/s2.glbimg.com\/pqjuhwGF9sza9o_7PYRgS063Ios=\/0x0:1280x960\/984x0\/smart\/filters:strip_icc()\/i.s3.glbimg.com\/v1\/AUTH_59edd422c0c84a879bd37670ae4f538a\/internal_photos\/bs\/2020\/T\/F\/EJGN8LS4mT4L3fjUrF1g\/2020-08-04t153724z-1813866046-rc237i947wtl-rtrmadp-3-lebanon-security-blast.jpg\" sizes=\"(max-width: 1366px) 648px, 100vw\" srcset=\"https:\/\/s2.glbimg.com\/iMIBdGZKzZf4BqIIYT2tfwLYVek=\/0x0:1280x960\/1000x0\/smart\/filters:strip_icc()\/i.s3.glbimg.com\/v1\/AUTH_59edd422c0c84a879bd37670ae4f538a\/internal_photos\/bs\/2020\/T\/F\/EJGN8LS4mT4L3fjUrF1g\/2020-08-04t153724z-1813866046-rc237i947wtl-rtrmadp-3-lebanon-security-blast.jpg 1000w, https:\/\/s2.glbimg.com\/pqjuhwGF9sza9o_7PYRgS063Ios=\/0x0:1280x960\/984x0\/smart\/filters:strip_icc()\/i.s3.glbimg.com\/v1\/AUTH_59edd422c0c84a879bd37670ae4f538a\/internal_photos\/bs\/2020\/T\/F\/EJGN8LS4mT4L3fjUrF1g\/2020-08-04t153724z-1813866046-rc237i947wtl-rtrmadp-3-lebanon-security-blast.jpg 984w, https:\/\/s2.glbimg.com\/SGwSLxpcgFikMLvfw33Sn_MJtm8=\/0x0:1280x960\/640x0\/smart\/filters:strip_icc()\/i.s3.glbimg.com\/v1\/AUTH_59edd422c0c84a879bd37670ae4f538a\/internal_photos\/bs\/2020\/T\/F\/EJGN8LS4mT4L3fjUrF1g\/2020-08-04t153724z-1813866046-rc237i947wtl-rtrmadp-3-lebanon-security-blast.jpg 640w, https:\/\/s2.glbimg.com\/JDOVqlWJNC34QtWyp-WGlFp68T8=\/0x0:1280x960\/600x0\/smart\/filters:strip_icc()\/i.s3.glbimg.com\/v1\/AUTH_59edd422c0c84a879bd37670ae4f538a\/internal_photos\/bs\/2020\/T\/F\/EJGN8LS4mT4L3fjUrF1g\/2020-08-04t153724z-1813866046-rc237i947wtl-rtrmadp-3-lebanon-security-blast.jpg 600w\" alt=\"Coluna de fuma\u00e7am sobre Beirute, nesta ter\u00e7a (4). Uma grande explos\u00e3o ocorreu na cidade \u2014 Foto: Reuters\/Mohamed Azakir\" \/><\/figure>\n<p class=\"content-media__description \">Coluna de fuma\u00e7am sobre Beirute, nesta ter\u00e7a (4). Uma grande explos\u00e3o ocorreu na cidade \u2014 Foto: Reuters\/Mohamed Azakir<\/p>\n<\/div>\n<\/div>\n<div class=\"content-ads content-ads--reveal\" data-block-type=\"ads\" data-block-id=\"21\">\n<div id=\"banner_materia__d8c29c00-a368-4527-b81e-8aa6eb3fbfba\" class=\"tag-manager-publicidade-container mc-has-reveal mc-has-ad-lazyload tag-manager-publicidade-banner_materia__d8c29c00-a368-4527-b81e-8aa6eb3fbfba tag-manager-publicidade-container--carregado tag-manager-publicidade-container--visivel\" data-id=\"banner_materia__d8c29c00-a368-4527-b81e-8aa6eb3fbfba\" data-google-query-id=\"CNHA8NiggusCFZJ-wQod6XkPKA\" data-cid=\"138319191472\" data-lid=\"5440209241\">\n<div id=\"google_ads_iframe_\/95377733\/tvg_G1\/Mundo_4__container__\"><iframe loading=\"lazy\" id=\"google_ads_iframe_\/95377733\/tvg_G1\/Mundo_4\" title=\"3rd party ad content\" src=\"https:\/\/tpc.googlesyndication.com\/safeframe\/1-0-37\/html\/container.html\" name=\"\" width=\"970\" height=\"250\" frameborder=\"0\" marginwidth=\"0\" marginheight=\"0\" scrolling=\"no\" sandbox=\"allow-forms allow-pointer-lock allow-popups allow-popups-to-escape-sandbox allow-same-origin allow-scripts allow-top-navigation-by-user-activation\" data-is-safeframe=\"true\" data-google-container-id=\"5\" data-load-complete=\"true\" data-mce-fragment=\"1\"><\/iframe><\/div>\n<\/div>\n<\/div>\n<div class=\"mc-column content-text active-extra-styles\" data-block-type=\"raw\" data-block-weight=\"3\" data-block-id=\"22\">\n<div class=\"content-intertitle\">\n<h2>Veredito de julgamento<\/h2>\n<\/div>\n<\/div>\n<div class=\"mc-column content-text active-extra-styles \" data-block-type=\"unstyled\" data-block-weight=\"56\" data-block-id=\"23\">\n<p class=\"content-text__container \" data-track-category=\"Link no Texto\" data-track-links=\"\">O L\u00edbano vive um per\u00edodo de instabilidade pol\u00edtica. No fim do ano passado, o primeiro-ministro Saad Al-Hariri renunciou. O pa\u00eds viveu um per\u00edodo com um v\u00e1cuo de poder, at\u00e9 que Hassan Diab assumiu e anunciou a forma\u00e7\u00e3o de um novo governo em janeiro. O gabinete foi anunciado em meio a uma s\u00e9rie de protestos que derrubaram.<\/p>\n<\/div>\n<div class=\"mc-column content-text active-extra-styles \" data-block-type=\"unstyled\" data-block-weight=\"44\" data-block-id=\"24\">\n<p class=\"content-text__container \" data-track-category=\"Link no Texto\" data-track-links=\"\">Nesta sexta-feira (7), um tribunal apoiado pela ONU deve divulgar seu veredito no julgamento contra quatro homens acusados de terem participado do assassinato do ex-primeiro-ministro liban\u00eas Rafic Hariri em 2005, uma etapa fundamental em um longo processo no qual os suspeitos continuam em liberdade.<\/p>\n<\/div>\n<div class=\"mc-column content-text active-extra-styles\" data-block-type=\"raw\" data-block-weight=\"6\" data-block-id=\"25\">\n<ul class=\"content-unordered-list\">\n<li><a href=\"https:\/\/g1.globo.com\/mundo\/blog\/sandra-cohen\/post\/2020\/08\/04\/libano-esta-imerso-numa-catastrofe-economica.ghtml\">L\u00edbano est\u00e1 imerso numa cat\u00e1strofe econ\u00f4mica<\/a><\/li>\n<\/ul>\n<\/div>\n<div class=\"mc-column content-text active-extra-styles \" data-block-type=\"unstyled\" data-block-weight=\"50\" data-block-id=\"26\">\n<p class=\"content-text__container \" data-track-category=\"Link no Texto\" data-track-links=\"\">Os r\u00e9us, todos membros do movimento xiita do Hezbollah, est\u00e3o sendo julgados \u00e0 revelia pelo Tribunal Especial do L\u00edbano (TSL), com sede em Haia, encarregado de ditar a senten\u00e7a 15 anos ap\u00f3s o atentado com um carro-bomba no centro de Beirute. Nele, morreram o bilion\u00e1rio sunita e outras 21 pessoas.<\/p>\n<\/div>\n<div class=\"mc-column content-text active-extra-styles \" data-block-type=\"unstyled\" data-block-weight=\"34\" data-block-id=\"27\">\n<p class=\"content-text__container \" data-track-category=\"Link no Texto\" data-track-links=\"\">O assassinato de Hariri, pelo qual quatro generais libaneses foram inicialmente acusados, desencadeou uma onda de protestos que for\u00e7ou a retirada das tropas s\u00edrias do pa\u00eds, ap\u00f3s uma presen\u00e7a de 30 anos no pa\u00eds.<\/p>\n<\/div>\n<div class=\"mc-column content-text active-extra-styles \" data-block-type=\"unstyled\" data-block-weight=\"42\" data-block-id=\"28\">\n<p class=\"content-text__container \" data-track-category=\"Link no Texto\" data-track-links=\"\">Em mar\u00e7o deste ano, o pa\u00eds deu um calote em seus credores. O L\u00edbano deveria reembolsar US$ 1,2 bilh\u00e3o em t\u00edtulos do Tesouro, dos quais uma parte significativa est\u00e1 nas m\u00e3os dos bancos e do Banco Central, e decidiu n\u00e3o fazer isso.<\/p>\n<\/div>\n<div class=\"row medium-uncollapsed content-media content-photo\" data-block-type=\"backstage-photo\" data-block-id=\"29\">\n<div class=\"mc-column content-media__container\">\n<figure><img decoding=\"async\" class=\"i-amphtml-fill-content i-amphtml-replaced-content\" src=\"https:\/\/s2.glbimg.com\/dAFWk2wuAoqrIfmtR4yRxfUIVAM=\/0x0:1280x960\/984x0\/smart\/filters:strip_icc()\/i.s3.glbimg.com\/v1\/AUTH_59edd422c0c84a879bd37670ae4f538a\/internal_photos\/bs\/2020\/G\/v\/zCXTNlSWCPexBdXL5d8g\/2020-08-04t160812z-1829449354-rc237i9li75l-rtrmadp-3-lebanon-security-blast.jpg\" sizes=\"(max-width: 1366px) 648px, 100vw\" srcset=\"https:\/\/s2.glbimg.com\/bRpTDyA3lEY5Muu_e5_G9UkX4wg=\/0x0:1280x960\/1000x0\/smart\/filters:strip_icc()\/i.s3.glbimg.com\/v1\/AUTH_59edd422c0c84a879bd37670ae4f538a\/internal_photos\/bs\/2020\/G\/v\/zCXTNlSWCPexBdXL5d8g\/2020-08-04t160812z-1829449354-rc237i9li75l-rtrmadp-3-lebanon-security-blast.jpg 1000w, https:\/\/s2.glbimg.com\/dAFWk2wuAoqrIfmtR4yRxfUIVAM=\/0x0:1280x960\/984x0\/smart\/filters:strip_icc()\/i.s3.glbimg.com\/v1\/AUTH_59edd422c0c84a879bd37670ae4f538a\/internal_photos\/bs\/2020\/G\/v\/zCXTNlSWCPexBdXL5d8g\/2020-08-04t160812z-1829449354-rc237i9li75l-rtrmadp-3-lebanon-security-blast.jpg 984w, https:\/\/s2.glbimg.com\/hAmwYVu1smHg0Yta5cYQwVFxU3E=\/0x0:1280x960\/640x0\/smart\/filters:strip_icc()\/i.s3.glbimg.com\/v1\/AUTH_59edd422c0c84a879bd37670ae4f538a\/internal_photos\/bs\/2020\/G\/v\/zCXTNlSWCPexBdXL5d8g\/2020-08-04t160812z-1829449354-rc237i9li75l-rtrmadp-3-lebanon-security-blast.jpg 640w, https:\/\/s2.glbimg.com\/ny-1om5B9-AmHZsfX3988YY2vFw=\/0x0:1280x960\/600x0\/smart\/filters:strip_icc()\/i.s3.glbimg.com\/v1\/AUTH_59edd422c0c84a879bd37670ae4f538a\/internal_photos\/bs\/2020\/G\/v\/zCXTNlSWCPexBdXL5d8g\/2020-08-04t160812z-1829449354-rc237i9li75l-rtrmadp-3-lebanon-security-blast.jpg 600w\" alt=\"Bombeiros jogam \u00e1gua em um inc\u00eandio ap\u00f3s explos\u00e3o em Beirute, no L\u00edbano \u2014 Foto: Mohamed Azakir\/Reuters\" \/><\/figure>\n<p class=\"content-media__description \">Bombeiros jogam \u00e1gua em um inc\u00eandio ap\u00f3s explos\u00e3o em Beirute, no L\u00edbano \u2014 Foto: Mohamed Azakir\/Reuters<\/p>\n<\/div>\n<\/div>\n<div class=\"content-ads content-ads--reveal\" data-block-type=\"ads\" data-block-id=\"30\">\n<div id=\"banner_materia__5f1691a1-e9af-454b-b3d9-0fd97545358b\" class=\"tag-manager-publicidade-container mc-has-reveal mc-has-ad-lazyload tag-manager-publicidade-banner_materia__5f1691a1-e9af-454b-b3d9-0fd97545358b tag-manager-publicidade-container--carregado tag-manager-publicidade-container--visivel\" data-id=\"banner_materia__5f1691a1-e9af-454b-b3d9-0fd97545358b\" data-google-query-id=\"CPXNhtuggusCFQpb7Aodk_MHTA\" data-cid=\"138318716321\" data-lid=\"5440209256\">\n<div id=\"google_ads_iframe_\/95377733\/tvg_G1\/Mundo_5__container__\"><iframe loading=\"lazy\" id=\"google_ads_iframe_\/95377733\/tvg_G1\/Mundo_5\" title=\"3rd party ad content\" src=\"https:\/\/tpc.googlesyndication.com\/safeframe\/1-0-37\/html\/container.html\" name=\"\" width=\"970\" height=\"250\" frameborder=\"0\" marginwidth=\"0\" marginheight=\"0\" scrolling=\"no\" sandbox=\"allow-forms allow-pointer-lock allow-popups allow-popups-to-escape-sandbox allow-same-origin allow-scripts allow-top-navigation-by-user-activation\" data-is-safeframe=\"true\" data-google-container-id=\"6\" data-load-complete=\"true\" data-mce-fragment=\"1\"><\/iframe><\/div>\n<\/div>\n<\/div>\n<div class=\"mc-column content-text active-extra-styles\" data-block-type=\"raw\" data-block-weight=\"2\" data-block-id=\"31\">\n<div class=\"content-intertitle\">\n<h2>Embarca\u00e7\u00e3o brasileira<\/h2>\n<\/div>\n<\/div>\n<div class=\"mc-column content-text active-extra-styles \" data-block-type=\"unstyled\" data-block-weight=\"48\" data-block-id=\"32\">\n<p class=\"content-text__container \" data-track-category=\"Link no Texto\" data-track-links=\"\">A Fragata Liberdade, da Marinha do Brasil, est\u00e1 no mar do L\u00edbano, mas distante do local da explos\u00e3o. A Marinha publicou uma nota na qual informou que os militares est\u00e3o bem e n\u00e3o h\u00e1 feridos. A embarca\u00e7\u00e3o n\u00e3o estava na \u00e1rea do porto onde ocorreu a grande explos\u00e3o.<\/p>\n<\/div>\n<div class=\"mc-column content-text active-extra-styles\" data-block-type=\"raw\" data-block-weight=\"61\" data-block-id=\"33\">\n<blockquote class=\"content-blockquote theme-border-color-primary-before\"><p>&#8220;A Marinha do Brasil informa, com rela\u00e7\u00e3o \u00e0 explos\u00e3o ocorrida em Beirute, hoje, que todos os militares componentes da For\u00e7a Tarefa Mar\u00edtima (UNIFIL) da MB est\u00e3o bem e n\u00e3o h\u00e1 feridos. A Fragata Independ\u00eancia encontra-se operando no mar, normalmente. O navio estava distante do local onde ocorreu a explos\u00e3o. Outras informa\u00e7\u00f5es ser\u00e3o passadas tempestivamente.&#8221; \u2013 Centro de Comunica\u00e7\u00e3o Social da Marinha<\/p><\/blockquote>\n<\/div>\n<\/div>\n<\/article>\n<\/div>\n","protected":false},"excerpt":{"rendered":"<p>Por G1 Veja o momento exato do que seria a explos\u00e3o pr\u00f3ximo ao porto de Beirute. Uma explos\u00e3o aconteceu na regi\u00e3o portu\u00e1ria de Beirute, no L\u00edbano, nesta ter\u00e7a-feira (4). Imagens mostram uma grande coluna de fuma\u00e7a avermelhada sobre a \u00e1rea. Explos\u00e3o em Beirute; FOTOS Veja como era a o Porto de Beirute antes da explos\u00e3o V\u00cdDEOS da explos\u00e3o em Beirute O\u00a0governo liban\u00eas contabiliza ao menos 25 mortos\u00a0ap\u00f3s a explos\u00e3o. Em entrevista a uma rede de televis\u00e3o, o ministro da Sa\u00fade do L\u00edbano, Hamad Hasan, disse que h\u00e1 cerca de 3 mil feridos. J\u00e1 o chefe do escrit\u00f3rio local da\u00a0Cruz Vermelha falou em 2,2 mil feridos, mas disse que o n\u00famero &#8220;deve ser ainda maior&#8221;. Ainda n\u00e3o \u00e9 poss\u00edvel medir as&hellip; <\/p>\n","protected":false},"author":1,"featured_media":264032,"comment_status":"closed","ping_status":"closed","sticky":false,"template":"","format":"standard","meta":{"_acf_changed":false,"footnotes":""},"categories":[1],"tags":[],"class_list":["post-264031","post","type-post","status-publish","format-standard","has-post-thumbnail","hentry","category-politica"],"acf":[],"yoast_head":"<!-- This site is optimized with the Yoast SEO plugin v27.4 - https:\/\/yoast.com\/product\/yoast-seo-wordpress\/ -->\n<title>Grande explos\u00e3o atinge \u00e1rea portu\u00e1ria de Beirute; governo cita &#039;alto n\u00famero de feridos&#039; - Blog do Farn\u00e9sio<\/title>\n<meta name=\"robots\" content=\"index, follow, max-snippet:-1, max-image-preview:large, max-video-preview:-1\" \/>\n<link rel=\"canonical\" href=\"https:\/\/blogdofarnesio.com.br\/?p=264031\" \/>\n<meta property=\"og:locale\" content=\"pt_BR\" \/>\n<meta property=\"og:type\" content=\"article\" \/>\n<meta property=\"og:title\" content=\"Grande explos\u00e3o atinge \u00e1rea portu\u00e1ria de Beirute; governo cita &#039;alto n\u00famero de feridos&#039; - Blog do Farn\u00e9sio\" \/>\n<meta property=\"og:description\" content=\"Por G1 Veja o momento exato do que seria a explos\u00e3o pr\u00f3ximo ao porto de Beirute. Uma explos\u00e3o aconteceu na regi\u00e3o portu\u00e1ria de Beirute, no L\u00edbano, nesta ter\u00e7a-feira (4). Imagens mostram uma grande coluna de fuma\u00e7a avermelhada sobre a \u00e1rea. Explos\u00e3o em Beirute; FOTOS Veja como era a o Porto de Beirute antes da explos\u00e3o V\u00cdDEOS da explos\u00e3o em Beirute O\u00a0governo liban\u00eas contabiliza ao menos 25 mortos\u00a0ap\u00f3s a explos\u00e3o. Em entrevista a uma rede de televis\u00e3o, o ministro da Sa\u00fade do L\u00edbano, Hamad Hasan, disse que h\u00e1 cerca de 3 mil feridos. J\u00e1 o chefe do escrit\u00f3rio local da\u00a0Cruz Vermelha falou em 2,2 mil feridos, mas disse que o n\u00famero &#8220;deve ser ainda maior&#8221;. Ainda n\u00e3o \u00e9 poss\u00edvel medir as&hellip;\" \/>\n<meta property=\"og:url\" content=\"https:\/\/blogdofarnesio.com.br\/?p=264031\" \/>\n<meta property=\"og:site_name\" content=\"Blog do Farn\u00e9sio\" \/>\n<meta property=\"article:publisher\" content=\"https:\/\/www.facebook.com\/BlogQuerSaberPolitica\/\" \/>\n<meta property=\"article:published_time\" content=\"2020-08-04T20:02:41+00:00\" \/>\n<meta property=\"og:image\" content=\"https:\/\/blogdofarnesio.com.br\/wp-content\/uploads\/2020\/08\/blogqspexplosao-libano-beirute.jpg\" \/>\n\t<meta property=\"og:image:width\" content=\"427\" \/>\n\t<meta property=\"og:image:height\" content=\"240\" \/>\n\t<meta property=\"og:image:type\" content=\"image\/jpeg\" \/>\n<meta name=\"author\" content=\"Farn\u00e9sio\" \/>\n<meta name=\"twitter:card\" content=\"summary_large_image\" \/>\n<meta name=\"twitter:label1\" content=\"Escrito por\" \/>\n\t<meta name=\"twitter:data1\" content=\"Farn\u00e9sio\" \/>\n\t<meta name=\"twitter:label2\" content=\"Est. tempo de leitura\" \/>\n\t<meta name=\"twitter:data2\" content=\"5 minutos\" \/>\n<script type=\"application\/ld+json\" class=\"yoast-schema-graph\">{\"@context\":\"https:\\\/\\\/schema.org\",\"@graph\":[{\"@type\":\"Article\",\"@id\":\"https:\\\/\\\/blogdofarnesio.com.br\\\/?p=264031#article\",\"isPartOf\":{\"@id\":\"https:\\\/\\\/blogdofarnesio.com.br\\\/?p=264031\"},\"author\":{\"name\":\"Farn\u00e9sio\",\"@id\":\"https:\\\/\\\/blogdofarnesio.com.br\\\/#\\\/schema\\\/person\\\/301c4acf522bccbfdb45af95b5b906a1\"},\"headline\":\"Grande explos\u00e3o atinge \u00e1rea portu\u00e1ria de Beirute; governo cita &#8216;alto n\u00famero de feridos&#8217;\",\"datePublished\":\"2020-08-04T20:02:41+00:00\",\"mainEntityOfPage\":{\"@id\":\"https:\\\/\\\/blogdofarnesio.com.br\\\/?p=264031\"},\"wordCount\":955,\"publisher\":{\"@id\":\"https:\\\/\\\/blogdofarnesio.com.br\\\/#organization\"},\"image\":{\"@id\":\"https:\\\/\\\/blogdofarnesio.com.br\\\/?p=264031#primaryimage\"},\"thumbnailUrl\":\"https:\\\/\\\/blogdofarnesio.com.br\\\/wp-content\\\/uploads\\\/2020\\\/08\\\/blogqspexplosao-libano-beirute.jpg\",\"articleSection\":[\"Pol\u00edtica\"],\"inLanguage\":\"pt-BR\"},{\"@type\":\"WebPage\",\"@id\":\"https:\\\/\\\/blogdofarnesio.com.br\\\/?p=264031\",\"url\":\"https:\\\/\\\/blogdofarnesio.com.br\\\/?p=264031\",\"name\":\"Grande explos\u00e3o atinge \u00e1rea portu\u00e1ria de Beirute; governo cita 'alto n\u00famero de feridos' - Blog do Farn\u00e9sio\",\"isPartOf\":{\"@id\":\"https:\\\/\\\/blogdofarnesio.com.br\\\/#website\"},\"primaryImageOfPage\":{\"@id\":\"https:\\\/\\\/blogdofarnesio.com.br\\\/?p=264031#primaryimage\"},\"image\":{\"@id\":\"https:\\\/\\\/blogdofarnesio.com.br\\\/?p=264031#primaryimage\"},\"thumbnailUrl\":\"https:\\\/\\\/blogdofarnesio.com.br\\\/wp-content\\\/uploads\\\/2020\\\/08\\\/blogqspexplosao-libano-beirute.jpg\",\"datePublished\":\"2020-08-04T20:02:41+00:00\",\"breadcrumb\":{\"@id\":\"https:\\\/\\\/blogdofarnesio.com.br\\\/?p=264031#breadcrumb\"},\"inLanguage\":\"pt-BR\",\"potentialAction\":[{\"@type\":\"ReadAction\",\"target\":[\"https:\\\/\\\/blogdofarnesio.com.br\\\/?p=264031\"]}]},{\"@type\":\"ImageObject\",\"inLanguage\":\"pt-BR\",\"@id\":\"https:\\\/\\\/blogdofarnesio.com.br\\\/?p=264031#primaryimage\",\"url\":\"https:\\\/\\\/blogdofarnesio.com.br\\\/wp-content\\\/uploads\\\/2020\\\/08\\\/blogqspexplosao-libano-beirute.jpg\",\"contentUrl\":\"https:\\\/\\\/blogdofarnesio.com.br\\\/wp-content\\\/uploads\\\/2020\\\/08\\\/blogqspexplosao-libano-beirute.jpg\",\"width\":427,\"height\":240},{\"@type\":\"BreadcrumbList\",\"@id\":\"https:\\\/\\\/blogdofarnesio.com.br\\\/?p=264031#breadcrumb\",\"itemListElement\":[{\"@type\":\"ListItem\",\"position\":1,\"name\":\"In\u00edcio\",\"item\":\"https:\\\/\\\/blogdofarnesio.com.br\\\/\"},{\"@type\":\"ListItem\",\"position\":2,\"name\":\"Grande explos\u00e3o atinge \u00e1rea portu\u00e1ria de Beirute; governo cita &#8216;alto n\u00famero de feridos&#8217;\"}]},{\"@type\":\"WebSite\",\"@id\":\"https:\\\/\\\/blogdofarnesio.com.br\\\/#website\",\"url\":\"https:\\\/\\\/blogdofarnesio.com.br\\\/\",\"name\":\"Blog do Farn\u00e9sio\",\"description\":\"Quer Saber Pol\u00edtica?\",\"publisher\":{\"@id\":\"https:\\\/\\\/blogdofarnesio.com.br\\\/#organization\"},\"potentialAction\":[{\"@type\":\"SearchAction\",\"target\":{\"@type\":\"EntryPoint\",\"urlTemplate\":\"https:\\\/\\\/blogdofarnesio.com.br\\\/?s={search_term_string}\"},\"query-input\":{\"@type\":\"PropertyValueSpecification\",\"valueRequired\":true,\"valueName\":\"search_term_string\"}}],\"inLanguage\":\"pt-BR\"},{\"@type\":\"Organization\",\"@id\":\"https:\\\/\\\/blogdofarnesio.com.br\\\/#organization\",\"name\":\"Blog do Farn\u00e9sio\",\"url\":\"https:\\\/\\\/blogdofarnesio.com.br\\\/\",\"logo\":{\"@type\":\"ImageObject\",\"inLanguage\":\"pt-BR\",\"@id\":\"https:\\\/\\\/blogdofarnesio.com.br\\\/#\\\/schema\\\/logo\\\/image\\\/\",\"url\":\"https:\\\/\\\/blogdofarnesio.com.br\\\/wp-content\\\/uploads\\\/2026\\\/03\\\/cropped-logo_new-1.png\",\"contentUrl\":\"https:\\\/\\\/blogdofarnesio.com.br\\\/wp-content\\\/uploads\\\/2026\\\/03\\\/cropped-logo_new-1.png\",\"width\":881,\"height\":685,\"caption\":\"Blog do Farn\u00e9sio\"},\"image\":{\"@id\":\"https:\\\/\\\/blogdofarnesio.com.br\\\/#\\\/schema\\\/logo\\\/image\\\/\"},\"sameAs\":[\"https:\\\/\\\/www.facebook.com\\\/BlogQuerSaberPolitica\\\/\"]},{\"@type\":\"Person\",\"@id\":\"https:\\\/\\\/blogdofarnesio.com.br\\\/#\\\/schema\\\/person\\\/301c4acf522bccbfdb45af95b5b906a1\",\"name\":\"Farn\u00e9sio\",\"image\":{\"@type\":\"ImageObject\",\"inLanguage\":\"pt-BR\",\"@id\":\"https:\\\/\\\/secure.gravatar.com\\\/avatar\\\/df0c9a14567c056f8ad6876ba5bbd1e3e2c48023eb6807342fc4663adf549f38?s=96&d=mm&r=g\",\"url\":\"https:\\\/\\\/secure.gravatar.com\\\/avatar\\\/df0c9a14567c056f8ad6876ba5bbd1e3e2c48023eb6807342fc4663adf549f38?s=96&d=mm&r=g\",\"contentUrl\":\"https:\\\/\\\/secure.gravatar.com\\\/avatar\\\/df0c9a14567c056f8ad6876ba5bbd1e3e2c48023eb6807342fc4663adf549f38?s=96&d=mm&r=g\",\"caption\":\"Farn\u00e9sio\"},\"sameAs\":[\"https:\\\/\\\/quersaberpolitica.com.br\"],\"url\":\"https:\\\/\\\/blogdofarnesio.com.br\\\/?author=1\"}]}<\/script>\n<!-- \/ Yoast SEO plugin. -->","yoast_head_json":{"title":"Grande explos\u00e3o atinge \u00e1rea portu\u00e1ria de Beirute; governo cita 'alto n\u00famero de feridos' - Blog do Farn\u00e9sio","robots":{"index":"index","follow":"follow","max-snippet":"max-snippet:-1","max-image-preview":"max-image-preview:large","max-video-preview":"max-video-preview:-1"},"canonical":"https:\/\/blogdofarnesio.com.br\/?p=264031","og_locale":"pt_BR","og_type":"article","og_title":"Grande explos\u00e3o atinge \u00e1rea portu\u00e1ria de Beirute; governo cita 'alto n\u00famero de feridos' - Blog do Farn\u00e9sio","og_description":"Por G1 Veja o momento exato do que seria a explos\u00e3o pr\u00f3ximo ao porto de Beirute. Uma explos\u00e3o aconteceu na regi\u00e3o portu\u00e1ria de Beirute, no L\u00edbano, nesta ter\u00e7a-feira (4). Imagens mostram uma grande coluna de fuma\u00e7a avermelhada sobre a \u00e1rea. Explos\u00e3o em Beirute; FOTOS Veja como era a o Porto de Beirute antes da explos\u00e3o V\u00cdDEOS da explos\u00e3o em Beirute O\u00a0governo liban\u00eas contabiliza ao menos 25 mortos\u00a0ap\u00f3s a explos\u00e3o. Em entrevista a uma rede de televis\u00e3o, o ministro da Sa\u00fade do L\u00edbano, Hamad Hasan, disse que h\u00e1 cerca de 3 mil feridos. J\u00e1 o chefe do escrit\u00f3rio local da\u00a0Cruz Vermelha falou em 2,2 mil feridos, mas disse que o n\u00famero &#8220;deve ser ainda maior&#8221;. Ainda n\u00e3o \u00e9 poss\u00edvel medir as&hellip;","og_url":"https:\/\/blogdofarnesio.com.br\/?p=264031","og_site_name":"Blog do Farn\u00e9sio","article_publisher":"https:\/\/www.facebook.com\/BlogQuerSaberPolitica\/","article_published_time":"2020-08-04T20:02:41+00:00","og_image":[{"width":427,"height":240,"url":"https:\/\/blogdofarnesio.com.br\/wp-content\/uploads\/2020\/08\/blogqspexplosao-libano-beirute.jpg","type":"image\/jpeg"}],"author":"Farn\u00e9sio","twitter_card":"summary_large_image","twitter_misc":{"Escrito por":"Farn\u00e9sio","Est. tempo de leitura":"5 minutos"},"schema":{"@context":"https:\/\/schema.org","@graph":[{"@type":"Article","@id":"https:\/\/blogdofarnesio.com.br\/?p=264031#article","isPartOf":{"@id":"https:\/\/blogdofarnesio.com.br\/?p=264031"},"author":{"name":"Farn\u00e9sio","@id":"https:\/\/blogdofarnesio.com.br\/#\/schema\/person\/301c4acf522bccbfdb45af95b5b906a1"},"headline":"Grande explos\u00e3o atinge \u00e1rea portu\u00e1ria de Beirute; governo cita &#8216;alto n\u00famero de feridos&#8217;","datePublished":"2020-08-04T20:02:41+00:00","mainEntityOfPage":{"@id":"https:\/\/blogdofarnesio.com.br\/?p=264031"},"wordCount":955,"publisher":{"@id":"https:\/\/blogdofarnesio.com.br\/#organization"},"image":{"@id":"https:\/\/blogdofarnesio.com.br\/?p=264031#primaryimage"},"thumbnailUrl":"https:\/\/blogdofarnesio.com.br\/wp-content\/uploads\/2020\/08\/blogqspexplosao-libano-beirute.jpg","articleSection":["Pol\u00edtica"],"inLanguage":"pt-BR"},{"@type":"WebPage","@id":"https:\/\/blogdofarnesio.com.br\/?p=264031","url":"https:\/\/blogdofarnesio.com.br\/?p=264031","name":"Grande explos\u00e3o atinge \u00e1rea portu\u00e1ria de Beirute; governo cita 'alto n\u00famero de feridos' - Blog do Farn\u00e9sio","isPartOf":{"@id":"https:\/\/blogdofarnesio.com.br\/#website"},"primaryImageOfPage":{"@id":"https:\/\/blogdofarnesio.com.br\/?p=264031#primaryimage"},"image":{"@id":"https:\/\/blogdofarnesio.com.br\/?p=264031#primaryimage"},"thumbnailUrl":"https:\/\/blogdofarnesio.com.br\/wp-content\/uploads\/2020\/08\/blogqspexplosao-libano-beirute.jpg","datePublished":"2020-08-04T20:02:41+00:00","breadcrumb":{"@id":"https:\/\/blogdofarnesio.com.br\/?p=264031#breadcrumb"},"inLanguage":"pt-BR","potentialAction":[{"@type":"ReadAction","target":["https:\/\/blogdofarnesio.com.br\/?p=264031"]}]},{"@type":"ImageObject","inLanguage":"pt-BR","@id":"https:\/\/blogdofarnesio.com.br\/?p=264031#primaryimage","url":"https:\/\/blogdofarnesio.com.br\/wp-content\/uploads\/2020\/08\/blogqspexplosao-libano-beirute.jpg","contentUrl":"https:\/\/blogdofarnesio.com.br\/wp-content\/uploads\/2020\/08\/blogqspexplosao-libano-beirute.jpg","width":427,"height":240},{"@type":"BreadcrumbList","@id":"https:\/\/blogdofarnesio.com.br\/?p=264031#breadcrumb","itemListElement":[{"@type":"ListItem","position":1,"name":"In\u00edcio","item":"https:\/\/blogdofarnesio.com.br\/"},{"@type":"ListItem","position":2,"name":"Grande explos\u00e3o atinge \u00e1rea portu\u00e1ria de Beirute; governo cita &#8216;alto n\u00famero de feridos&#8217;"}]},{"@type":"WebSite","@id":"https:\/\/blogdofarnesio.com.br\/#website","url":"https:\/\/blogdofarnesio.com.br\/","name":"Blog do Farn\u00e9sio","description":"Quer Saber Pol\u00edtica?","publisher":{"@id":"https:\/\/blogdofarnesio.com.br\/#organization"},"potentialAction":[{"@type":"SearchAction","target":{"@type":"EntryPoint","urlTemplate":"https:\/\/blogdofarnesio.com.br\/?s={search_term_string}"},"query-input":{"@type":"PropertyValueSpecification","valueRequired":true,"valueName":"search_term_string"}}],"inLanguage":"pt-BR"},{"@type":"Organization","@id":"https:\/\/blogdofarnesio.com.br\/#organization","name":"Blog do Farn\u00e9sio","url":"https:\/\/blogdofarnesio.com.br\/","logo":{"@type":"ImageObject","inLanguage":"pt-BR","@id":"https:\/\/blogdofarnesio.com.br\/#\/schema\/logo\/image\/","url":"https:\/\/blogdofarnesio.com.br\/wp-content\/uploads\/2026\/03\/cropped-logo_new-1.png","contentUrl":"https:\/\/blogdofarnesio.com.br\/wp-content\/uploads\/2026\/03\/cropped-logo_new-1.png","width":881,"height":685,"caption":"Blog do Farn\u00e9sio"},"image":{"@id":"https:\/\/blogdofarnesio.com.br\/#\/schema\/logo\/image\/"},"sameAs":["https:\/\/www.facebook.com\/BlogQuerSaberPolitica\/"]},{"@type":"Person","@id":"https:\/\/blogdofarnesio.com.br\/#\/schema\/person\/301c4acf522bccbfdb45af95b5b906a1","name":"Farn\u00e9sio","image":{"@type":"ImageObject","inLanguage":"pt-BR","@id":"https:\/\/secure.gravatar.com\/avatar\/df0c9a14567c056f8ad6876ba5bbd1e3e2c48023eb6807342fc4663adf549f38?s=96&d=mm&r=g","url":"https:\/\/secure.gravatar.com\/avatar\/df0c9a14567c056f8ad6876ba5bbd1e3e2c48023eb6807342fc4663adf549f38?s=96&d=mm&r=g","contentUrl":"https:\/\/secure.gravatar.com\/avatar\/df0c9a14567c056f8ad6876ba5bbd1e3e2c48023eb6807342fc4663adf549f38?s=96&d=mm&r=g","caption":"Farn\u00e9sio"},"sameAs":["https:\/\/quersaberpolitica.com.br"],"url":"https:\/\/blogdofarnesio.com.br\/?author=1"}]}},"_links":{"self":[{"href":"https:\/\/blogdofarnesio.com.br\/index.php?rest_route=\/wp\/v2\/posts\/264031","targetHints":{"allow":["GET"]}}],"collection":[{"href":"https:\/\/blogdofarnesio.com.br\/index.php?rest_route=\/wp\/v2\/posts"}],"about":[{"href":"https:\/\/blogdofarnesio.com.br\/index.php?rest_route=\/wp\/v2\/types\/post"}],"author":[{"embeddable":true,"href":"https:\/\/blogdofarnesio.com.br\/index.php?rest_route=\/wp\/v2\/users\/1"}],"replies":[{"embeddable":true,"href":"https:\/\/blogdofarnesio.com.br\/index.php?rest_route=%2Fwp%2Fv2%2Fcomments&post=264031"}],"version-history":[{"count":0,"href":"https:\/\/blogdofarnesio.com.br\/index.php?rest_route=\/wp\/v2\/posts\/264031\/revisions"}],"wp:featuredmedia":[{"embeddable":true,"href":"https:\/\/blogdofarnesio.com.br\/index.php?rest_route=\/wp\/v2\/media\/264032"}],"wp:attachment":[{"href":"https:\/\/blogdofarnesio.com.br\/index.php?rest_route=%2Fwp%2Fv2%2Fmedia&parent=264031"}],"wp:term":[{"taxonomy":"category","embeddable":true,"href":"https:\/\/blogdofarnesio.com.br\/index.php?rest_route=%2Fwp%2Fv2%2Fcategories&post=264031"},{"taxonomy":"post_tag","embeddable":true,"href":"https:\/\/blogdofarnesio.com.br\/index.php?rest_route=%2Fwp%2Fv2%2Ftags&post=264031"}],"curies":[{"name":"wp","href":"https:\/\/api.w.org\/{rel}","templated":true}]}}