{"id":264024,"date":"2020-08-04T16:21:21","date_gmt":"2020-08-04T19:21:21","guid":{"rendered":"http:\/\/quersaberpolitica.com.br\/2016\/?p=264024"},"modified":"2020-08-04T15:17:55","modified_gmt":"2020-08-04T18:17:55","slug":"iniciado-recapeamento-asfaltico-em-mais-uma-via-do-bairro-santo-antonio","status":"publish","type":"post","link":"https:\/\/blogdofarnesio.com.br\/?p=264024","title":{"rendered":"Iniciado recapeamento asf\u00e1ltico em mais uma via do bairro Santo Ant\u00f4nio"},"content":{"rendered":"<p>Depois da conclus\u00e3o dos servi\u00e7os de recapeamento asf\u00e1ltico na Rua do Para\u00edso e boa parte da extens\u00e3o da Rua Jos\u00e9 Petitinga a Prefeitura de Juazeiro iniciou nesta ter\u00e7a-feira (04) o recapeamento asf\u00e1ltico em mais uma via do bairro Santo Ant\u00f4nio: a Rua Alan Kardec. A interven\u00e7\u00e3o realizada atrav\u00e9s da Secretaria de Obras e Desenvolvimento Urbano (SEDUR) e da Companhia de Seguran\u00e7a, Tr\u00e2nsito e Transporte (CSTT), est\u00e1 beneficiando toda a extens\u00e3o da via (cerca de 210m) com a uma nova capa asf\u00e1ltica de 5cm de espessura.<\/p>\n<p>A via \u00e9 considerada estrat\u00e9gica por atender um grande fluxo de ve\u00edculos, uma vez que liga duas importantes ruas do bairro Santo Ant\u00f4nio: a do Para\u00edso e a Princesa Isabel, al\u00e9m de ser uma das liga\u00e7\u00f5es para bairros como Maring\u00e1, Country Clube, entre outros. \u201cIniciamos hoje os trabalhos na Alan Kardec, ainda vamos concluir uns acabamentos na Rua do Para\u00edso e na Jos\u00e9 Petitinga e estamos aguardando a finaliza\u00e7\u00e3o de uma interven\u00e7\u00e3o do SAAE para em seguida concluirmos o recapeamento\u201d, explica o titular da SEDUR, Hemerson Guimar\u00e3es.<\/p>\n<p>De acordo com o titular da SEDUR, ainda ser\u00e3o beneficiadas no bairro Santo Ant\u00f4nio as Ruas: Princesa Isabel e Ant\u00f4nio Carlos Magalh\u00e3es. \u201cDentro da programa\u00e7\u00e3o previamente montada, tamb\u00e9m ser\u00e3o atendidos como Jo\u00e3o Paulo II, Jo\u00e3o XXIII, Alto do Cruzeiro, entre outros. Vale ressaltar que v\u00e1rios bairros j\u00e1 foram beneficiados entre eles o Alagadi\u00e7o onde capeamos e recapeamos mais de 10 importantes vias, o Centro, Country Clube, Jardim Vit\u00f3ria e Dom Thomaz. A gest\u00e3o do prefeito Paulo Bomfim vem investindo pesado na requalifica\u00e7\u00e3o e manuten\u00e7\u00e3o das vias da cidade, assim como na pavimenta\u00e7\u00e3o de ruas que n\u00e3o tinham esse tipo de servi\u00e7o, levando em conta tanto a base de tr\u00e1fego, como vias estrat\u00e9gicas nos bairros que foram danificadas com o tempo\u201d, ressalta o secret\u00e1rio Hemerson Guimar\u00e3es.<\/p>\n<p>Maria de F\u00e1tima Rodrigues trabalha como atendente em uma cl\u00ednica localizada na Rua do Para\u00edso. Ela conta que a interven\u00e7\u00e3o com certeza melhora o acesso para o seu trabalho e uma regi\u00e3o de grande import\u00e2ncia da cidade. \u201cEssa \u00e9 uma via que d\u00e1 acesso a muitas cl\u00ednicas, a \u00e1rea central da cidade e bairros populosos, ent\u00e3o com certeza uma nova pavimenta\u00e7\u00e3o nessa importante rua oferece a popula\u00e7\u00e3o mais mobilidade e infraestrututa\u201d, destacou a cidad\u00e3.<\/p>\n<p>Para o aposentado Jo\u00e3o Gomes morador do bairro h\u00e1 mais de 30 anos, as vias beneficiadas s\u00e3o importantes e precisavam da interven\u00e7\u00e3o. \u201cO fluxo de ve\u00edculos nessas ruas \u00e9 muito intenso, aqui temos hospitais, cl\u00ednicas e universidade. A obra chega em boa hora e com certeza muda a infraestrutura da nossa cidade para melhor\u201d, declara o aposentado.<\/p>\n<p>Por Gardennia Garibalde\/SEDUR<\/p>\n","protected":false},"excerpt":{"rendered":"<p>Depois da conclus\u00e3o dos servi\u00e7os de recapeamento asf\u00e1ltico na Rua do Para\u00edso e boa parte da extens\u00e3o da Rua Jos\u00e9 Petitinga a Prefeitura de Juazeiro iniciou nesta ter\u00e7a-feira (04) o recapeamento asf\u00e1ltico em mais uma via do bairro Santo Ant\u00f4nio: a Rua Alan Kardec. A interven\u00e7\u00e3o realizada atrav\u00e9s da Secretaria de Obras e Desenvolvimento Urbano (SEDUR) e da Companhia de Seguran\u00e7a, Tr\u00e2nsito e Transporte (CSTT), est\u00e1 beneficiando toda a extens\u00e3o da via (cerca de 210m) com a uma nova capa asf\u00e1ltica de 5cm de espessura. A via \u00e9 considerada estrat\u00e9gica por atender um grande fluxo de ve\u00edculos, uma vez que liga duas importantes ruas do bairro Santo Ant\u00f4nio: a do Para\u00edso e a Princesa Isabel, al\u00e9m de ser uma das&hellip; <\/p>\n","protected":false},"author":1,"featured_media":264025,"comment_status":"closed","ping_status":"closed","sticky":false,"template":"","format":"standard","meta":{"_acf_changed":false,"footnotes":""},"categories":[44],"tags":[],"class_list":["post-264024","post","type-post","status-publish","format-standard","has-post-thumbnail","hentry","category-administracao"],"acf":[],"yoast_head":"<!-- This site is optimized with the Yoast SEO plugin v27.4 - https:\/\/yoast.com\/product\/yoast-seo-wordpress\/ -->\n<title>Iniciado recapeamento asf\u00e1ltico em mais uma via do bairro Santo Ant\u00f4nio - Blog do Farn\u00e9sio<\/title>\n<meta name=\"robots\" content=\"index, follow, max-snippet:-1, max-image-preview:large, max-video-preview:-1\" \/>\n<link rel=\"canonical\" href=\"https:\/\/blogdofarnesio.com.br\/?p=264024\" \/>\n<meta property=\"og:locale\" content=\"pt_BR\" \/>\n<meta property=\"og:type\" content=\"article\" \/>\n<meta property=\"og:title\" content=\"Iniciado recapeamento asf\u00e1ltico em mais uma via do bairro Santo Ant\u00f4nio - Blog do Farn\u00e9sio\" \/>\n<meta property=\"og:description\" content=\"Depois da conclus\u00e3o dos servi\u00e7os de recapeamento asf\u00e1ltico na Rua do Para\u00edso e boa parte da extens\u00e3o da Rua Jos\u00e9 Petitinga a Prefeitura de Juazeiro iniciou nesta ter\u00e7a-feira (04) o recapeamento asf\u00e1ltico em mais uma via do bairro Santo Ant\u00f4nio: a Rua Alan Kardec. A interven\u00e7\u00e3o realizada atrav\u00e9s da Secretaria de Obras e Desenvolvimento Urbano (SEDUR) e da Companhia de Seguran\u00e7a, Tr\u00e2nsito e Transporte (CSTT), est\u00e1 beneficiando toda a extens\u00e3o da via (cerca de 210m) com a uma nova capa asf\u00e1ltica de 5cm de espessura. A via \u00e9 considerada estrat\u00e9gica por atender um grande fluxo de ve\u00edculos, uma vez que liga duas importantes ruas do bairro Santo Ant\u00f4nio: a do Para\u00edso e a Princesa Isabel, al\u00e9m de ser uma das&hellip;\" \/>\n<meta property=\"og:url\" content=\"https:\/\/blogdofarnesio.com.br\/?p=264024\" \/>\n<meta property=\"og:site_name\" content=\"Blog do Farn\u00e9sio\" \/>\n<meta property=\"article:publisher\" content=\"https:\/\/www.facebook.com\/BlogQuerSaberPolitica\/\" \/>\n<meta property=\"article:published_time\" content=\"2020-08-04T19:21:21+00:00\" \/>\n<meta property=\"og:image\" content=\"https:\/\/blogdofarnesio.com.br\/wp-content\/uploads\/2020\/08\/blogqspjua-recapeamento-asf\u00e1ltico-bairro-Santo-Ant\u00f4nio-e1596565046141.jpg\" \/>\n\t<meta property=\"og:image:width\" content=\"720\" \/>\n\t<meta property=\"og:image:height\" content=\"624\" \/>\n\t<meta property=\"og:image:type\" content=\"image\/jpeg\" \/>\n<meta name=\"author\" content=\"Farn\u00e9sio\" \/>\n<meta name=\"twitter:card\" content=\"summary_large_image\" \/>\n<meta name=\"twitter:label1\" content=\"Escrito por\" \/>\n\t<meta name=\"twitter:data1\" content=\"Farn\u00e9sio\" \/>\n\t<meta name=\"twitter:label2\" content=\"Est. tempo de leitura\" \/>\n\t<meta name=\"twitter:data2\" content=\"2 minutos\" \/>\n<script type=\"application\/ld+json\" class=\"yoast-schema-graph\">{\"@context\":\"https:\\\/\\\/schema.org\",\"@graph\":[{\"@type\":\"Article\",\"@id\":\"https:\\\/\\\/blogdofarnesio.com.br\\\/?p=264024#article\",\"isPartOf\":{\"@id\":\"https:\\\/\\\/blogdofarnesio.com.br\\\/?p=264024\"},\"author\":{\"name\":\"Farn\u00e9sio\",\"@id\":\"https:\\\/\\\/blogdofarnesio.com.br\\\/#\\\/schema\\\/person\\\/301c4acf522bccbfdb45af95b5b906a1\"},\"headline\":\"Iniciado recapeamento asf\u00e1ltico em mais uma via do bairro Santo Ant\u00f4nio\",\"datePublished\":\"2020-08-04T19:21:21+00:00\",\"mainEntityOfPage\":{\"@id\":\"https:\\\/\\\/blogdofarnesio.com.br\\\/?p=264024\"},\"wordCount\":500,\"publisher\":{\"@id\":\"https:\\\/\\\/blogdofarnesio.com.br\\\/#organization\"},\"image\":{\"@id\":\"https:\\\/\\\/blogdofarnesio.com.br\\\/?p=264024#primaryimage\"},\"thumbnailUrl\":\"https:\\\/\\\/blogdofarnesio.com.br\\\/wp-content\\\/uploads\\\/2020\\\/08\\\/blogqspjua-recapeamento-asf\u00e1ltico-bairro-Santo-Ant\u00f4nio-e1596565046141.jpg\",\"articleSection\":[\"Administra\u00e7\u00e3o\"],\"inLanguage\":\"pt-BR\"},{\"@type\":\"WebPage\",\"@id\":\"https:\\\/\\\/blogdofarnesio.com.br\\\/?p=264024\",\"url\":\"https:\\\/\\\/blogdofarnesio.com.br\\\/?p=264024\",\"name\":\"Iniciado recapeamento asf\u00e1ltico em mais uma via do bairro Santo Ant\u00f4nio - Blog do Farn\u00e9sio\",\"isPartOf\":{\"@id\":\"https:\\\/\\\/blogdofarnesio.com.br\\\/#website\"},\"primaryImageOfPage\":{\"@id\":\"https:\\\/\\\/blogdofarnesio.com.br\\\/?p=264024#primaryimage\"},\"image\":{\"@id\":\"https:\\\/\\\/blogdofarnesio.com.br\\\/?p=264024#primaryimage\"},\"thumbnailUrl\":\"https:\\\/\\\/blogdofarnesio.com.br\\\/wp-content\\\/uploads\\\/2020\\\/08\\\/blogqspjua-recapeamento-asf\u00e1ltico-bairro-Santo-Ant\u00f4nio-e1596565046141.jpg\",\"datePublished\":\"2020-08-04T19:21:21+00:00\",\"breadcrumb\":{\"@id\":\"https:\\\/\\\/blogdofarnesio.com.br\\\/?p=264024#breadcrumb\"},\"inLanguage\":\"pt-BR\",\"potentialAction\":[{\"@type\":\"ReadAction\",\"target\":[\"https:\\\/\\\/blogdofarnesio.com.br\\\/?p=264024\"]}]},{\"@type\":\"ImageObject\",\"inLanguage\":\"pt-BR\",\"@id\":\"https:\\\/\\\/blogdofarnesio.com.br\\\/?p=264024#primaryimage\",\"url\":\"https:\\\/\\\/blogdofarnesio.com.br\\\/wp-content\\\/uploads\\\/2020\\\/08\\\/blogqspjua-recapeamento-asf\u00e1ltico-bairro-Santo-Ant\u00f4nio-e1596565046141.jpg\",\"contentUrl\":\"https:\\\/\\\/blogdofarnesio.com.br\\\/wp-content\\\/uploads\\\/2020\\\/08\\\/blogqspjua-recapeamento-asf\u00e1ltico-bairro-Santo-Ant\u00f4nio-e1596565046141.jpg\",\"width\":720,\"height\":624},{\"@type\":\"BreadcrumbList\",\"@id\":\"https:\\\/\\\/blogdofarnesio.com.br\\\/?p=264024#breadcrumb\",\"itemListElement\":[{\"@type\":\"ListItem\",\"position\":1,\"name\":\"In\u00edcio\",\"item\":\"https:\\\/\\\/blogdofarnesio.com.br\\\/\"},{\"@type\":\"ListItem\",\"position\":2,\"name\":\"Iniciado recapeamento asf\u00e1ltico em mais uma via do bairro Santo Ant\u00f4nio\"}]},{\"@type\":\"WebSite\",\"@id\":\"https:\\\/\\\/blogdofarnesio.com.br\\\/#website\",\"url\":\"https:\\\/\\\/blogdofarnesio.com.br\\\/\",\"name\":\"Blog do Farn\u00e9sio\",\"description\":\"Quer Saber Pol\u00edtica?\",\"publisher\":{\"@id\":\"https:\\\/\\\/blogdofarnesio.com.br\\\/#organization\"},\"potentialAction\":[{\"@type\":\"SearchAction\",\"target\":{\"@type\":\"EntryPoint\",\"urlTemplate\":\"https:\\\/\\\/blogdofarnesio.com.br\\\/?s={search_term_string}\"},\"query-input\":{\"@type\":\"PropertyValueSpecification\",\"valueRequired\":true,\"valueName\":\"search_term_string\"}}],\"inLanguage\":\"pt-BR\"},{\"@type\":\"Organization\",\"@id\":\"https:\\\/\\\/blogdofarnesio.com.br\\\/#organization\",\"name\":\"Blog do Farn\u00e9sio\",\"url\":\"https:\\\/\\\/blogdofarnesio.com.br\\\/\",\"logo\":{\"@type\":\"ImageObject\",\"inLanguage\":\"pt-BR\",\"@id\":\"https:\\\/\\\/blogdofarnesio.com.br\\\/#\\\/schema\\\/logo\\\/image\\\/\",\"url\":\"https:\\\/\\\/blogdofarnesio.com.br\\\/wp-content\\\/uploads\\\/2026\\\/03\\\/cropped-logo_new-1.png\",\"contentUrl\":\"https:\\\/\\\/blogdofarnesio.com.br\\\/wp-content\\\/uploads\\\/2026\\\/03\\\/cropped-logo_new-1.png\",\"width\":881,\"height\":685,\"caption\":\"Blog do Farn\u00e9sio\"},\"image\":{\"@id\":\"https:\\\/\\\/blogdofarnesio.com.br\\\/#\\\/schema\\\/logo\\\/image\\\/\"},\"sameAs\":[\"https:\\\/\\\/www.facebook.com\\\/BlogQuerSaberPolitica\\\/\"]},{\"@type\":\"Person\",\"@id\":\"https:\\\/\\\/blogdofarnesio.com.br\\\/#\\\/schema\\\/person\\\/301c4acf522bccbfdb45af95b5b906a1\",\"name\":\"Farn\u00e9sio\",\"image\":{\"@type\":\"ImageObject\",\"inLanguage\":\"pt-BR\",\"@id\":\"https:\\\/\\\/secure.gravatar.com\\\/avatar\\\/df0c9a14567c056f8ad6876ba5bbd1e3e2c48023eb6807342fc4663adf549f38?s=96&d=mm&r=g\",\"url\":\"https:\\\/\\\/secure.gravatar.com\\\/avatar\\\/df0c9a14567c056f8ad6876ba5bbd1e3e2c48023eb6807342fc4663adf549f38?s=96&d=mm&r=g\",\"contentUrl\":\"https:\\\/\\\/secure.gravatar.com\\\/avatar\\\/df0c9a14567c056f8ad6876ba5bbd1e3e2c48023eb6807342fc4663adf549f38?s=96&d=mm&r=g\",\"caption\":\"Farn\u00e9sio\"},\"sameAs\":[\"https:\\\/\\\/quersaberpolitica.com.br\"],\"url\":\"https:\\\/\\\/blogdofarnesio.com.br\\\/?author=1\"}]}<\/script>\n<!-- \/ Yoast SEO plugin. -->","yoast_head_json":{"title":"Iniciado recapeamento asf\u00e1ltico em mais uma via do bairro Santo Ant\u00f4nio - Blog do Farn\u00e9sio","robots":{"index":"index","follow":"follow","max-snippet":"max-snippet:-1","max-image-preview":"max-image-preview:large","max-video-preview":"max-video-preview:-1"},"canonical":"https:\/\/blogdofarnesio.com.br\/?p=264024","og_locale":"pt_BR","og_type":"article","og_title":"Iniciado recapeamento asf\u00e1ltico em mais uma via do bairro Santo Ant\u00f4nio - Blog do Farn\u00e9sio","og_description":"Depois da conclus\u00e3o dos servi\u00e7os de recapeamento asf\u00e1ltico na Rua do Para\u00edso e boa parte da extens\u00e3o da Rua Jos\u00e9 Petitinga a Prefeitura de Juazeiro iniciou nesta ter\u00e7a-feira (04) o recapeamento asf\u00e1ltico em mais uma via do bairro Santo Ant\u00f4nio: a Rua Alan Kardec. A interven\u00e7\u00e3o realizada atrav\u00e9s da Secretaria de Obras e Desenvolvimento Urbano (SEDUR) e da Companhia de Seguran\u00e7a, Tr\u00e2nsito e Transporte (CSTT), est\u00e1 beneficiando toda a extens\u00e3o da via (cerca de 210m) com a uma nova capa asf\u00e1ltica de 5cm de espessura. A via \u00e9 considerada estrat\u00e9gica por atender um grande fluxo de ve\u00edculos, uma vez que liga duas importantes ruas do bairro Santo Ant\u00f4nio: a do Para\u00edso e a Princesa Isabel, al\u00e9m de ser uma das&hellip;","og_url":"https:\/\/blogdofarnesio.com.br\/?p=264024","og_site_name":"Blog do Farn\u00e9sio","article_publisher":"https:\/\/www.facebook.com\/BlogQuerSaberPolitica\/","article_published_time":"2020-08-04T19:21:21+00:00","og_image":[{"width":720,"height":624,"url":"https:\/\/blogdofarnesio.com.br\/wp-content\/uploads\/2020\/08\/blogqspjua-recapeamento-asf\u00e1ltico-bairro-Santo-Ant\u00f4nio-e1596565046141.jpg","type":"image\/jpeg"}],"author":"Farn\u00e9sio","twitter_card":"summary_large_image","twitter_misc":{"Escrito por":"Farn\u00e9sio","Est. tempo de leitura":"2 minutos"},"schema":{"@context":"https:\/\/schema.org","@graph":[{"@type":"Article","@id":"https:\/\/blogdofarnesio.com.br\/?p=264024#article","isPartOf":{"@id":"https:\/\/blogdofarnesio.com.br\/?p=264024"},"author":{"name":"Farn\u00e9sio","@id":"https:\/\/blogdofarnesio.com.br\/#\/schema\/person\/301c4acf522bccbfdb45af95b5b906a1"},"headline":"Iniciado recapeamento asf\u00e1ltico em mais uma via do bairro Santo Ant\u00f4nio","datePublished":"2020-08-04T19:21:21+00:00","mainEntityOfPage":{"@id":"https:\/\/blogdofarnesio.com.br\/?p=264024"},"wordCount":500,"publisher":{"@id":"https:\/\/blogdofarnesio.com.br\/#organization"},"image":{"@id":"https:\/\/blogdofarnesio.com.br\/?p=264024#primaryimage"},"thumbnailUrl":"https:\/\/blogdofarnesio.com.br\/wp-content\/uploads\/2020\/08\/blogqspjua-recapeamento-asf\u00e1ltico-bairro-Santo-Ant\u00f4nio-e1596565046141.jpg","articleSection":["Administra\u00e7\u00e3o"],"inLanguage":"pt-BR"},{"@type":"WebPage","@id":"https:\/\/blogdofarnesio.com.br\/?p=264024","url":"https:\/\/blogdofarnesio.com.br\/?p=264024","name":"Iniciado recapeamento asf\u00e1ltico em mais uma via do bairro Santo Ant\u00f4nio - Blog do Farn\u00e9sio","isPartOf":{"@id":"https:\/\/blogdofarnesio.com.br\/#website"},"primaryImageOfPage":{"@id":"https:\/\/blogdofarnesio.com.br\/?p=264024#primaryimage"},"image":{"@id":"https:\/\/blogdofarnesio.com.br\/?p=264024#primaryimage"},"thumbnailUrl":"https:\/\/blogdofarnesio.com.br\/wp-content\/uploads\/2020\/08\/blogqspjua-recapeamento-asf\u00e1ltico-bairro-Santo-Ant\u00f4nio-e1596565046141.jpg","datePublished":"2020-08-04T19:21:21+00:00","breadcrumb":{"@id":"https:\/\/blogdofarnesio.com.br\/?p=264024#breadcrumb"},"inLanguage":"pt-BR","potentialAction":[{"@type":"ReadAction","target":["https:\/\/blogdofarnesio.com.br\/?p=264024"]}]},{"@type":"ImageObject","inLanguage":"pt-BR","@id":"https:\/\/blogdofarnesio.com.br\/?p=264024#primaryimage","url":"https:\/\/blogdofarnesio.com.br\/wp-content\/uploads\/2020\/08\/blogqspjua-recapeamento-asf\u00e1ltico-bairro-Santo-Ant\u00f4nio-e1596565046141.jpg","contentUrl":"https:\/\/blogdofarnesio.com.br\/wp-content\/uploads\/2020\/08\/blogqspjua-recapeamento-asf\u00e1ltico-bairro-Santo-Ant\u00f4nio-e1596565046141.jpg","width":720,"height":624},{"@type":"BreadcrumbList","@id":"https:\/\/blogdofarnesio.com.br\/?p=264024#breadcrumb","itemListElement":[{"@type":"ListItem","position":1,"name":"In\u00edcio","item":"https:\/\/blogdofarnesio.com.br\/"},{"@type":"ListItem","position":2,"name":"Iniciado recapeamento asf\u00e1ltico em mais uma via do bairro Santo Ant\u00f4nio"}]},{"@type":"WebSite","@id":"https:\/\/blogdofarnesio.com.br\/#website","url":"https:\/\/blogdofarnesio.com.br\/","name":"Blog do Farn\u00e9sio","description":"Quer Saber Pol\u00edtica?","publisher":{"@id":"https:\/\/blogdofarnesio.com.br\/#organization"},"potentialAction":[{"@type":"SearchAction","target":{"@type":"EntryPoint","urlTemplate":"https:\/\/blogdofarnesio.com.br\/?s={search_term_string}"},"query-input":{"@type":"PropertyValueSpecification","valueRequired":true,"valueName":"search_term_string"}}],"inLanguage":"pt-BR"},{"@type":"Organization","@id":"https:\/\/blogdofarnesio.com.br\/#organization","name":"Blog do Farn\u00e9sio","url":"https:\/\/blogdofarnesio.com.br\/","logo":{"@type":"ImageObject","inLanguage":"pt-BR","@id":"https:\/\/blogdofarnesio.com.br\/#\/schema\/logo\/image\/","url":"https:\/\/blogdofarnesio.com.br\/wp-content\/uploads\/2026\/03\/cropped-logo_new-1.png","contentUrl":"https:\/\/blogdofarnesio.com.br\/wp-content\/uploads\/2026\/03\/cropped-logo_new-1.png","width":881,"height":685,"caption":"Blog do Farn\u00e9sio"},"image":{"@id":"https:\/\/blogdofarnesio.com.br\/#\/schema\/logo\/image\/"},"sameAs":["https:\/\/www.facebook.com\/BlogQuerSaberPolitica\/"]},{"@type":"Person","@id":"https:\/\/blogdofarnesio.com.br\/#\/schema\/person\/301c4acf522bccbfdb45af95b5b906a1","name":"Farn\u00e9sio","image":{"@type":"ImageObject","inLanguage":"pt-BR","@id":"https:\/\/secure.gravatar.com\/avatar\/df0c9a14567c056f8ad6876ba5bbd1e3e2c48023eb6807342fc4663adf549f38?s=96&d=mm&r=g","url":"https:\/\/secure.gravatar.com\/avatar\/df0c9a14567c056f8ad6876ba5bbd1e3e2c48023eb6807342fc4663adf549f38?s=96&d=mm&r=g","contentUrl":"https:\/\/secure.gravatar.com\/avatar\/df0c9a14567c056f8ad6876ba5bbd1e3e2c48023eb6807342fc4663adf549f38?s=96&d=mm&r=g","caption":"Farn\u00e9sio"},"sameAs":["https:\/\/quersaberpolitica.com.br"],"url":"https:\/\/blogdofarnesio.com.br\/?author=1"}]}},"_links":{"self":[{"href":"https:\/\/blogdofarnesio.com.br\/index.php?rest_route=\/wp\/v2\/posts\/264024","targetHints":{"allow":["GET"]}}],"collection":[{"href":"https:\/\/blogdofarnesio.com.br\/index.php?rest_route=\/wp\/v2\/posts"}],"about":[{"href":"https:\/\/blogdofarnesio.com.br\/index.php?rest_route=\/wp\/v2\/types\/post"}],"author":[{"embeddable":true,"href":"https:\/\/blogdofarnesio.com.br\/index.php?rest_route=\/wp\/v2\/users\/1"}],"replies":[{"embeddable":true,"href":"https:\/\/blogdofarnesio.com.br\/index.php?rest_route=%2Fwp%2Fv2%2Fcomments&post=264024"}],"version-history":[{"count":0,"href":"https:\/\/blogdofarnesio.com.br\/index.php?rest_route=\/wp\/v2\/posts\/264024\/revisions"}],"wp:featuredmedia":[{"embeddable":true,"href":"https:\/\/blogdofarnesio.com.br\/index.php?rest_route=\/wp\/v2\/media\/264025"}],"wp:attachment":[{"href":"https:\/\/blogdofarnesio.com.br\/index.php?rest_route=%2Fwp%2Fv2%2Fmedia&parent=264024"}],"wp:term":[{"taxonomy":"category","embeddable":true,"href":"https:\/\/blogdofarnesio.com.br\/index.php?rest_route=%2Fwp%2Fv2%2Fcategories&post=264024"},{"taxonomy":"post_tag","embeddable":true,"href":"https:\/\/blogdofarnesio.com.br\/index.php?rest_route=%2Fwp%2Fv2%2Ftags&post=264024"}],"curies":[{"name":"wp","href":"https:\/\/api.w.org\/{rel}","templated":true}]}}