{"id":262498,"date":"2020-07-17T11:42:41","date_gmt":"2020-07-17T14:42:41","guid":{"rendered":"http:\/\/quersaberpolitica.com.br\/2016\/?p=262498"},"modified":"2020-07-17T10:40:26","modified_gmt":"2020-07-17T13:40:26","slug":"prtb-de-curaca-reafirma-pre-candidatura-de-kleber-brandao-a-prefeitura","status":"publish","type":"post","link":"https:\/\/blogdofarnesio.com.br\/?p=262498","title":{"rendered":"PRTB de Cura\u00e7\u00e1 reafirma pr\u00e9-candidatura de Kl\u00e9ber Brand\u00e3o \u00e0 prefeitura"},"content":{"rendered":"<p>A prop\u00f3sito da mat\u00e9ria publicada sobre a possibilidade do PRTB indicar o vice na chapa de Flabinho a prefeitura de Cura\u00e7\u00e1, o partido entrou em contato com a reda\u00e7\u00e3o do <strong>BlogQSP,\u00a0<\/strong>reafirmando que o empres\u00e1rio Kl\u00e9ber Brand\u00e3o continua firme na sua pretens\u00e3o de ser o candidato do partido a prefeito.<\/p>\n<p>Nota do PRTB<\/p>\n<p>Bom dia Curac\u00e1.<br \/>\nComo presidente do PRTB de Curac\u00e1, venho por meio desta, pelo direito de resposta, afirmar que o PRTB de Curac\u00e1 tem reais pretens\u00f5es de candidatura pr\u00f3pria ao cargo majorit\u00e1rio, na pessoa de Kleber Brandao.<br \/>\nEm tempo, agradecemos aos convites de composi\u00e7\u00f5es partid\u00e1rias, por\u00e9m, nosso momento \u00e9 de constru\u00e7\u00e3o de candidatura pr\u00f3pria.<br \/>\nNesse momento tranquilizo aos nossos candidatos a vereadores de que o compromisso de palanque livre ser\u00e1 mantido e de que o planejamento das nossas candidaturas a vereadores est\u00e1 em compasso de avan\u00e7os.<br \/>\nForte abra\u00e7o a todos, sauda\u00e7\u00f5es do PRTB de Curac\u00e1 a todos os seus mun\u00edcipes.<\/p>\n<p>Disney Jord\u00e3o<br \/>\nPresidente do PRTB\/Curac\u00e1<\/p>\n<p>Outro que tamb\u00e9m se pronunciou, foi o advogado e ex-vice prefeito Rog\u00e9rio Bahia, confirmando sua pr\u00e9-candidatura a vereador<\/p>\n","protected":false},"excerpt":{"rendered":"<p>A prop\u00f3sito da mat\u00e9ria publicada sobre a possibilidade do PRTB indicar o vice na chapa de Flabinho a prefeitura de Cura\u00e7\u00e1, o partido entrou em contato com a reda\u00e7\u00e3o do BlogQSP,\u00a0reafirmando que o empres\u00e1rio Kl\u00e9ber Brand\u00e3o continua firme na sua pretens\u00e3o de ser o candidato do partido a prefeito. Nota do PRTB Bom dia Curac\u00e1. Como presidente do PRTB de Curac\u00e1, venho por meio desta, pelo direito de resposta, afirmar que o PRTB de Curac\u00e1 tem reais pretens\u00f5es de candidatura pr\u00f3pria ao cargo majorit\u00e1rio, na pessoa de Kleber Brandao. Em tempo, agradecemos aos convites de composi\u00e7\u00f5es partid\u00e1rias, por\u00e9m, nosso momento \u00e9 de constru\u00e7\u00e3o de candidatura pr\u00f3pria. Nesse momento tranquilizo aos nossos candidatos a vereadores de que o compromisso de palanque&hellip; <\/p>\n","protected":false},"author":1,"featured_media":262499,"comment_status":"closed","ping_status":"closed","sticky":false,"template":"","format":"standard","meta":{"_acf_changed":false,"footnotes":""},"categories":[34],"tags":[],"class_list":["post-262498","post","type-post","status-publish","format-standard","has-post-thumbnail","hentry","category-eleicoes"],"acf":[],"yoast_head":"<!-- This site is optimized with the Yoast SEO plugin v27.4 - https:\/\/yoast.com\/product\/yoast-seo-wordpress\/ -->\n<title>PRTB de Cura\u00e7\u00e1 reafirma pr\u00e9-candidatura de Kl\u00e9ber Brand\u00e3o \u00e0 prefeitura - Blog do Farn\u00e9sio<\/title>\n<meta name=\"robots\" content=\"index, follow, max-snippet:-1, max-image-preview:large, max-video-preview:-1\" \/>\n<link rel=\"canonical\" href=\"https:\/\/blogdofarnesio.com.br\/?p=262498\" \/>\n<meta property=\"og:locale\" content=\"pt_BR\" \/>\n<meta property=\"og:type\" content=\"article\" \/>\n<meta property=\"og:title\" content=\"PRTB de Cura\u00e7\u00e1 reafirma pr\u00e9-candidatura de Kl\u00e9ber Brand\u00e3o \u00e0 prefeitura - Blog do Farn\u00e9sio\" \/>\n<meta property=\"og:description\" content=\"A prop\u00f3sito da mat\u00e9ria publicada sobre a possibilidade do PRTB indicar o vice na chapa de Flabinho a prefeitura de Cura\u00e7\u00e1, o partido entrou em contato com a reda\u00e7\u00e3o do BlogQSP,\u00a0reafirmando que o empres\u00e1rio Kl\u00e9ber Brand\u00e3o continua firme na sua pretens\u00e3o de ser o candidato do partido a prefeito. Nota do PRTB Bom dia Curac\u00e1. Como presidente do PRTB de Curac\u00e1, venho por meio desta, pelo direito de resposta, afirmar que o PRTB de Curac\u00e1 tem reais pretens\u00f5es de candidatura pr\u00f3pria ao cargo majorit\u00e1rio, na pessoa de Kleber Brandao. Em tempo, agradecemos aos convites de composi\u00e7\u00f5es partid\u00e1rias, por\u00e9m, nosso momento \u00e9 de constru\u00e7\u00e3o de candidatura pr\u00f3pria. Nesse momento tranquilizo aos nossos candidatos a vereadores de que o compromisso de palanque&hellip;\" \/>\n<meta property=\"og:url\" content=\"https:\/\/blogdofarnesio.com.br\/?p=262498\" \/>\n<meta property=\"og:site_name\" content=\"Blog do Farn\u00e9sio\" \/>\n<meta property=\"article:publisher\" content=\"https:\/\/www.facebook.com\/BlogQuerSaberPolitica\/\" \/>\n<meta property=\"article:published_time\" content=\"2020-07-17T14:42:41+00:00\" \/>\n<meta property=\"og:image\" content=\"https:\/\/blogdofarnesio.com.br\/wp-content\/uploads\/2020\/07\/blogqspcura\u00e7a-kleber-Brand\u00e3o.-e1594991224828.jpg\" \/>\n\t<meta property=\"og:image:width\" content=\"644\" \/>\n\t<meta property=\"og:image:height\" content=\"518\" \/>\n\t<meta property=\"og:image:type\" content=\"image\/jpeg\" \/>\n<meta name=\"author\" content=\"Farn\u00e9sio\" \/>\n<meta name=\"twitter:card\" content=\"summary_large_image\" \/>\n<meta name=\"twitter:label1\" content=\"Escrito por\" \/>\n\t<meta name=\"twitter:data1\" content=\"Farn\u00e9sio\" \/>\n\t<meta name=\"twitter:label2\" content=\"Est. tempo de leitura\" \/>\n\t<meta name=\"twitter:data2\" content=\"1 minuto\" \/>\n<script type=\"application\/ld+json\" class=\"yoast-schema-graph\">{\"@context\":\"https:\\\/\\\/schema.org\",\"@graph\":[{\"@type\":\"Article\",\"@id\":\"https:\\\/\\\/blogdofarnesio.com.br\\\/?p=262498#article\",\"isPartOf\":{\"@id\":\"https:\\\/\\\/blogdofarnesio.com.br\\\/?p=262498\"},\"author\":{\"name\":\"Farn\u00e9sio\",\"@id\":\"https:\\\/\\\/blogdofarnesio.com.br\\\/#\\\/schema\\\/person\\\/301c4acf522bccbfdb45af95b5b906a1\"},\"headline\":\"PRTB de Cura\u00e7\u00e1 reafirma pr\u00e9-candidatura de Kl\u00e9ber Brand\u00e3o \u00e0 prefeitura\",\"datePublished\":\"2020-07-17T14:42:41+00:00\",\"mainEntityOfPage\":{\"@id\":\"https:\\\/\\\/blogdofarnesio.com.br\\\/?p=262498\"},\"wordCount\":211,\"publisher\":{\"@id\":\"https:\\\/\\\/blogdofarnesio.com.br\\\/#organization\"},\"image\":{\"@id\":\"https:\\\/\\\/blogdofarnesio.com.br\\\/?p=262498#primaryimage\"},\"thumbnailUrl\":\"https:\\\/\\\/blogdofarnesio.com.br\\\/wp-content\\\/uploads\\\/2020\\\/07\\\/blogqspcura\u00e7a-kleber-Brand\u00e3o.-e1594991224828.jpg\",\"articleSection\":[\"Elei\u00e7\u00f5es\"],\"inLanguage\":\"pt-BR\"},{\"@type\":\"WebPage\",\"@id\":\"https:\\\/\\\/blogdofarnesio.com.br\\\/?p=262498\",\"url\":\"https:\\\/\\\/blogdofarnesio.com.br\\\/?p=262498\",\"name\":\"PRTB de Cura\u00e7\u00e1 reafirma pr\u00e9-candidatura de Kl\u00e9ber Brand\u00e3o \u00e0 prefeitura - Blog do Farn\u00e9sio\",\"isPartOf\":{\"@id\":\"https:\\\/\\\/blogdofarnesio.com.br\\\/#website\"},\"primaryImageOfPage\":{\"@id\":\"https:\\\/\\\/blogdofarnesio.com.br\\\/?p=262498#primaryimage\"},\"image\":{\"@id\":\"https:\\\/\\\/blogdofarnesio.com.br\\\/?p=262498#primaryimage\"},\"thumbnailUrl\":\"https:\\\/\\\/blogdofarnesio.com.br\\\/wp-content\\\/uploads\\\/2020\\\/07\\\/blogqspcura\u00e7a-kleber-Brand\u00e3o.-e1594991224828.jpg\",\"datePublished\":\"2020-07-17T14:42:41+00:00\",\"breadcrumb\":{\"@id\":\"https:\\\/\\\/blogdofarnesio.com.br\\\/?p=262498#breadcrumb\"},\"inLanguage\":\"pt-BR\",\"potentialAction\":[{\"@type\":\"ReadAction\",\"target\":[\"https:\\\/\\\/blogdofarnesio.com.br\\\/?p=262498\"]}]},{\"@type\":\"ImageObject\",\"inLanguage\":\"pt-BR\",\"@id\":\"https:\\\/\\\/blogdofarnesio.com.br\\\/?p=262498#primaryimage\",\"url\":\"https:\\\/\\\/blogdofarnesio.com.br\\\/wp-content\\\/uploads\\\/2020\\\/07\\\/blogqspcura\u00e7a-kleber-Brand\u00e3o.-e1594991224828.jpg\",\"contentUrl\":\"https:\\\/\\\/blogdofarnesio.com.br\\\/wp-content\\\/uploads\\\/2020\\\/07\\\/blogqspcura\u00e7a-kleber-Brand\u00e3o.-e1594991224828.jpg\",\"width\":644,\"height\":518},{\"@type\":\"BreadcrumbList\",\"@id\":\"https:\\\/\\\/blogdofarnesio.com.br\\\/?p=262498#breadcrumb\",\"itemListElement\":[{\"@type\":\"ListItem\",\"position\":1,\"name\":\"In\u00edcio\",\"item\":\"https:\\\/\\\/blogdofarnesio.com.br\\\/\"},{\"@type\":\"ListItem\",\"position\":2,\"name\":\"PRTB de Cura\u00e7\u00e1 reafirma pr\u00e9-candidatura de Kl\u00e9ber Brand\u00e3o \u00e0 prefeitura\"}]},{\"@type\":\"WebSite\",\"@id\":\"https:\\\/\\\/blogdofarnesio.com.br\\\/#website\",\"url\":\"https:\\\/\\\/blogdofarnesio.com.br\\\/\",\"name\":\"Blog do Farn\u00e9sio\",\"description\":\"Quer Saber Pol\u00edtica?\",\"publisher\":{\"@id\":\"https:\\\/\\\/blogdofarnesio.com.br\\\/#organization\"},\"potentialAction\":[{\"@type\":\"SearchAction\",\"target\":{\"@type\":\"EntryPoint\",\"urlTemplate\":\"https:\\\/\\\/blogdofarnesio.com.br\\\/?s={search_term_string}\"},\"query-input\":{\"@type\":\"PropertyValueSpecification\",\"valueRequired\":true,\"valueName\":\"search_term_string\"}}],\"inLanguage\":\"pt-BR\"},{\"@type\":\"Organization\",\"@id\":\"https:\\\/\\\/blogdofarnesio.com.br\\\/#organization\",\"name\":\"Blog do Farn\u00e9sio\",\"url\":\"https:\\\/\\\/blogdofarnesio.com.br\\\/\",\"logo\":{\"@type\":\"ImageObject\",\"inLanguage\":\"pt-BR\",\"@id\":\"https:\\\/\\\/blogdofarnesio.com.br\\\/#\\\/schema\\\/logo\\\/image\\\/\",\"url\":\"https:\\\/\\\/blogdofarnesio.com.br\\\/wp-content\\\/uploads\\\/2026\\\/03\\\/cropped-logo_new-1.png\",\"contentUrl\":\"https:\\\/\\\/blogdofarnesio.com.br\\\/wp-content\\\/uploads\\\/2026\\\/03\\\/cropped-logo_new-1.png\",\"width\":881,\"height\":685,\"caption\":\"Blog do Farn\u00e9sio\"},\"image\":{\"@id\":\"https:\\\/\\\/blogdofarnesio.com.br\\\/#\\\/schema\\\/logo\\\/image\\\/\"},\"sameAs\":[\"https:\\\/\\\/www.facebook.com\\\/BlogQuerSaberPolitica\\\/\"]},{\"@type\":\"Person\",\"@id\":\"https:\\\/\\\/blogdofarnesio.com.br\\\/#\\\/schema\\\/person\\\/301c4acf522bccbfdb45af95b5b906a1\",\"name\":\"Farn\u00e9sio\",\"image\":{\"@type\":\"ImageObject\",\"inLanguage\":\"pt-BR\",\"@id\":\"https:\\\/\\\/secure.gravatar.com\\\/avatar\\\/df0c9a14567c056f8ad6876ba5bbd1e3e2c48023eb6807342fc4663adf549f38?s=96&d=mm&r=g\",\"url\":\"https:\\\/\\\/secure.gravatar.com\\\/avatar\\\/df0c9a14567c056f8ad6876ba5bbd1e3e2c48023eb6807342fc4663adf549f38?s=96&d=mm&r=g\",\"contentUrl\":\"https:\\\/\\\/secure.gravatar.com\\\/avatar\\\/df0c9a14567c056f8ad6876ba5bbd1e3e2c48023eb6807342fc4663adf549f38?s=96&d=mm&r=g\",\"caption\":\"Farn\u00e9sio\"},\"sameAs\":[\"https:\\\/\\\/quersaberpolitica.com.br\"],\"url\":\"https:\\\/\\\/blogdofarnesio.com.br\\\/?author=1\"}]}<\/script>\n<!-- \/ Yoast SEO plugin. -->","yoast_head_json":{"title":"PRTB de Cura\u00e7\u00e1 reafirma pr\u00e9-candidatura de Kl\u00e9ber Brand\u00e3o \u00e0 prefeitura - Blog do Farn\u00e9sio","robots":{"index":"index","follow":"follow","max-snippet":"max-snippet:-1","max-image-preview":"max-image-preview:large","max-video-preview":"max-video-preview:-1"},"canonical":"https:\/\/blogdofarnesio.com.br\/?p=262498","og_locale":"pt_BR","og_type":"article","og_title":"PRTB de Cura\u00e7\u00e1 reafirma pr\u00e9-candidatura de Kl\u00e9ber Brand\u00e3o \u00e0 prefeitura - Blog do Farn\u00e9sio","og_description":"A prop\u00f3sito da mat\u00e9ria publicada sobre a possibilidade do PRTB indicar o vice na chapa de Flabinho a prefeitura de Cura\u00e7\u00e1, o partido entrou em contato com a reda\u00e7\u00e3o do BlogQSP,\u00a0reafirmando que o empres\u00e1rio Kl\u00e9ber Brand\u00e3o continua firme na sua pretens\u00e3o de ser o candidato do partido a prefeito. Nota do PRTB Bom dia Curac\u00e1. Como presidente do PRTB de Curac\u00e1, venho por meio desta, pelo direito de resposta, afirmar que o PRTB de Curac\u00e1 tem reais pretens\u00f5es de candidatura pr\u00f3pria ao cargo majorit\u00e1rio, na pessoa de Kleber Brandao. Em tempo, agradecemos aos convites de composi\u00e7\u00f5es partid\u00e1rias, por\u00e9m, nosso momento \u00e9 de constru\u00e7\u00e3o de candidatura pr\u00f3pria. Nesse momento tranquilizo aos nossos candidatos a vereadores de que o compromisso de palanque&hellip;","og_url":"https:\/\/blogdofarnesio.com.br\/?p=262498","og_site_name":"Blog do Farn\u00e9sio","article_publisher":"https:\/\/www.facebook.com\/BlogQuerSaberPolitica\/","article_published_time":"2020-07-17T14:42:41+00:00","og_image":[{"width":644,"height":518,"url":"https:\/\/blogdofarnesio.com.br\/wp-content\/uploads\/2020\/07\/blogqspcura\u00e7a-kleber-Brand\u00e3o.-e1594991224828.jpg","type":"image\/jpeg"}],"author":"Farn\u00e9sio","twitter_card":"summary_large_image","twitter_misc":{"Escrito por":"Farn\u00e9sio","Est. tempo de leitura":"1 minuto"},"schema":{"@context":"https:\/\/schema.org","@graph":[{"@type":"Article","@id":"https:\/\/blogdofarnesio.com.br\/?p=262498#article","isPartOf":{"@id":"https:\/\/blogdofarnesio.com.br\/?p=262498"},"author":{"name":"Farn\u00e9sio","@id":"https:\/\/blogdofarnesio.com.br\/#\/schema\/person\/301c4acf522bccbfdb45af95b5b906a1"},"headline":"PRTB de Cura\u00e7\u00e1 reafirma pr\u00e9-candidatura de Kl\u00e9ber Brand\u00e3o \u00e0 prefeitura","datePublished":"2020-07-17T14:42:41+00:00","mainEntityOfPage":{"@id":"https:\/\/blogdofarnesio.com.br\/?p=262498"},"wordCount":211,"publisher":{"@id":"https:\/\/blogdofarnesio.com.br\/#organization"},"image":{"@id":"https:\/\/blogdofarnesio.com.br\/?p=262498#primaryimage"},"thumbnailUrl":"https:\/\/blogdofarnesio.com.br\/wp-content\/uploads\/2020\/07\/blogqspcura\u00e7a-kleber-Brand\u00e3o.-e1594991224828.jpg","articleSection":["Elei\u00e7\u00f5es"],"inLanguage":"pt-BR"},{"@type":"WebPage","@id":"https:\/\/blogdofarnesio.com.br\/?p=262498","url":"https:\/\/blogdofarnesio.com.br\/?p=262498","name":"PRTB de Cura\u00e7\u00e1 reafirma pr\u00e9-candidatura de Kl\u00e9ber Brand\u00e3o \u00e0 prefeitura - Blog do Farn\u00e9sio","isPartOf":{"@id":"https:\/\/blogdofarnesio.com.br\/#website"},"primaryImageOfPage":{"@id":"https:\/\/blogdofarnesio.com.br\/?p=262498#primaryimage"},"image":{"@id":"https:\/\/blogdofarnesio.com.br\/?p=262498#primaryimage"},"thumbnailUrl":"https:\/\/blogdofarnesio.com.br\/wp-content\/uploads\/2020\/07\/blogqspcura\u00e7a-kleber-Brand\u00e3o.-e1594991224828.jpg","datePublished":"2020-07-17T14:42:41+00:00","breadcrumb":{"@id":"https:\/\/blogdofarnesio.com.br\/?p=262498#breadcrumb"},"inLanguage":"pt-BR","potentialAction":[{"@type":"ReadAction","target":["https:\/\/blogdofarnesio.com.br\/?p=262498"]}]},{"@type":"ImageObject","inLanguage":"pt-BR","@id":"https:\/\/blogdofarnesio.com.br\/?p=262498#primaryimage","url":"https:\/\/blogdofarnesio.com.br\/wp-content\/uploads\/2020\/07\/blogqspcura\u00e7a-kleber-Brand\u00e3o.-e1594991224828.jpg","contentUrl":"https:\/\/blogdofarnesio.com.br\/wp-content\/uploads\/2020\/07\/blogqspcura\u00e7a-kleber-Brand\u00e3o.-e1594991224828.jpg","width":644,"height":518},{"@type":"BreadcrumbList","@id":"https:\/\/blogdofarnesio.com.br\/?p=262498#breadcrumb","itemListElement":[{"@type":"ListItem","position":1,"name":"In\u00edcio","item":"https:\/\/blogdofarnesio.com.br\/"},{"@type":"ListItem","position":2,"name":"PRTB de Cura\u00e7\u00e1 reafirma pr\u00e9-candidatura de Kl\u00e9ber Brand\u00e3o \u00e0 prefeitura"}]},{"@type":"WebSite","@id":"https:\/\/blogdofarnesio.com.br\/#website","url":"https:\/\/blogdofarnesio.com.br\/","name":"Blog do Farn\u00e9sio","description":"Quer Saber Pol\u00edtica?","publisher":{"@id":"https:\/\/blogdofarnesio.com.br\/#organization"},"potentialAction":[{"@type":"SearchAction","target":{"@type":"EntryPoint","urlTemplate":"https:\/\/blogdofarnesio.com.br\/?s={search_term_string}"},"query-input":{"@type":"PropertyValueSpecification","valueRequired":true,"valueName":"search_term_string"}}],"inLanguage":"pt-BR"},{"@type":"Organization","@id":"https:\/\/blogdofarnesio.com.br\/#organization","name":"Blog do Farn\u00e9sio","url":"https:\/\/blogdofarnesio.com.br\/","logo":{"@type":"ImageObject","inLanguage":"pt-BR","@id":"https:\/\/blogdofarnesio.com.br\/#\/schema\/logo\/image\/","url":"https:\/\/blogdofarnesio.com.br\/wp-content\/uploads\/2026\/03\/cropped-logo_new-1.png","contentUrl":"https:\/\/blogdofarnesio.com.br\/wp-content\/uploads\/2026\/03\/cropped-logo_new-1.png","width":881,"height":685,"caption":"Blog do Farn\u00e9sio"},"image":{"@id":"https:\/\/blogdofarnesio.com.br\/#\/schema\/logo\/image\/"},"sameAs":["https:\/\/www.facebook.com\/BlogQuerSaberPolitica\/"]},{"@type":"Person","@id":"https:\/\/blogdofarnesio.com.br\/#\/schema\/person\/301c4acf522bccbfdb45af95b5b906a1","name":"Farn\u00e9sio","image":{"@type":"ImageObject","inLanguage":"pt-BR","@id":"https:\/\/secure.gravatar.com\/avatar\/df0c9a14567c056f8ad6876ba5bbd1e3e2c48023eb6807342fc4663adf549f38?s=96&d=mm&r=g","url":"https:\/\/secure.gravatar.com\/avatar\/df0c9a14567c056f8ad6876ba5bbd1e3e2c48023eb6807342fc4663adf549f38?s=96&d=mm&r=g","contentUrl":"https:\/\/secure.gravatar.com\/avatar\/df0c9a14567c056f8ad6876ba5bbd1e3e2c48023eb6807342fc4663adf549f38?s=96&d=mm&r=g","caption":"Farn\u00e9sio"},"sameAs":["https:\/\/quersaberpolitica.com.br"],"url":"https:\/\/blogdofarnesio.com.br\/?author=1"}]}},"_links":{"self":[{"href":"https:\/\/blogdofarnesio.com.br\/index.php?rest_route=\/wp\/v2\/posts\/262498","targetHints":{"allow":["GET"]}}],"collection":[{"href":"https:\/\/blogdofarnesio.com.br\/index.php?rest_route=\/wp\/v2\/posts"}],"about":[{"href":"https:\/\/blogdofarnesio.com.br\/index.php?rest_route=\/wp\/v2\/types\/post"}],"author":[{"embeddable":true,"href":"https:\/\/blogdofarnesio.com.br\/index.php?rest_route=\/wp\/v2\/users\/1"}],"replies":[{"embeddable":true,"href":"https:\/\/blogdofarnesio.com.br\/index.php?rest_route=%2Fwp%2Fv2%2Fcomments&post=262498"}],"version-history":[{"count":0,"href":"https:\/\/blogdofarnesio.com.br\/index.php?rest_route=\/wp\/v2\/posts\/262498\/revisions"}],"wp:featuredmedia":[{"embeddable":true,"href":"https:\/\/blogdofarnesio.com.br\/index.php?rest_route=\/wp\/v2\/media\/262499"}],"wp:attachment":[{"href":"https:\/\/blogdofarnesio.com.br\/index.php?rest_route=%2Fwp%2Fv2%2Fmedia&parent=262498"}],"wp:term":[{"taxonomy":"category","embeddable":true,"href":"https:\/\/blogdofarnesio.com.br\/index.php?rest_route=%2Fwp%2Fv2%2Fcategories&post=262498"},{"taxonomy":"post_tag","embeddable":true,"href":"https:\/\/blogdofarnesio.com.br\/index.php?rest_route=%2Fwp%2Fv2%2Ftags&post=262498"}],"curies":[{"name":"wp","href":"https:\/\/api.w.org\/{rel}","templated":true}]}}