{"id":262475,"date":"2020-07-17T11:22:03","date_gmt":"2020-07-17T14:22:03","guid":{"rendered":"http:\/\/quersaberpolitica.com.br\/2016\/?p=262475"},"modified":"2020-07-16T20:29:18","modified_gmt":"2020-07-16T23:29:18","slug":"juazeiro-completa-142-anos-e-gestao-municipal-entrega-obras-para-comemorar-data","status":"publish","type":"post","link":"https:\/\/blogdofarnesio.com.br\/?p=262475","title":{"rendered":"Juazeiro Completa 142 anos e gest\u00e3o municipal entrega obras para comemorar data"},"content":{"rendered":"<p>Para comemorar os 142 anos de eleva\u00e7\u00e3o \u00e0 categoria de cidade de Juazeiro, completados nesta quarta-feira (15 de julho), a gest\u00e3o municipal vai entregar nesta sexta-feira (17) duas grandes obras a popula\u00e7\u00e3o juazeirense: a constru\u00e7\u00e3o das Pra\u00e7as Ap\u00f3stolo Paulo, no bairro Jardim S\u00e3o Paulo e Jo\u00e3o Ant\u00f4nio Ferreira, no bairro Castelo Branco.<\/p>\n<p>As pra\u00e7as que ser\u00e3o entregues s\u00e3o espa\u00e7os p\u00fablicos de lazer, esporte e divers\u00e3o, e contribuem diretamente para a melhor qualidade de vida das pessoas. Na Pra\u00e7a Jo\u00e3o Ant\u00f4nio Ferreira, por exemplo, recebeu parque infantil, bancos, lumin\u00e1rias, \u00e1rea para estacionamento e paisagismo, equipamentos que transformam a \u00e1rea em um espa\u00e7o de conviv\u00eancia apraz\u00edvel. J\u00e1 a Pra\u00e7a Ap\u00f3stolo Paulo conta com parque infantil, quadra de areia, equipamentos para pr\u00e1tica de atividade f\u00edsica, \u00e1rea para estacionamento, piso em intertravado, bancos, ilumina\u00e7\u00e3o, paisagismo e arboriza\u00e7\u00e3o, al\u00e9m de acessibilidade com implanta\u00e7\u00e3o de piso t\u00e1ctil.<\/p>\n<p>A inaugura\u00e7\u00e3o da Pra\u00e7a Ap\u00f3stolo Paulo est\u00e1 programada para 9h30 e a da Pra\u00e7a Jo\u00e3o Ant\u00f4nio Ferreira para 10h. Os eventos ocorrer\u00e3o de maneira reservada e cumprindo as determina\u00e7\u00f5es do Decreto Municipal, como o uso de m\u00e1scara, higieniza\u00e7\u00e3o das m\u00e3os com \u00e1lcool em gel e distanciamento.<\/p>\n<p>Por Gardennia Garibalde\/SEDUR<\/p>\n","protected":false},"excerpt":{"rendered":"<p>Para comemorar os 142 anos de eleva\u00e7\u00e3o \u00e0 categoria de cidade de Juazeiro, completados nesta quarta-feira (15 de julho), a gest\u00e3o municipal vai entregar nesta sexta-feira (17) duas grandes obras a popula\u00e7\u00e3o juazeirense: a constru\u00e7\u00e3o das Pra\u00e7as Ap\u00f3stolo Paulo, no bairro Jardim S\u00e3o Paulo e Jo\u00e3o Ant\u00f4nio Ferreira, no bairro Castelo Branco. As pra\u00e7as que ser\u00e3o entregues s\u00e3o espa\u00e7os p\u00fablicos de lazer, esporte e divers\u00e3o, e contribuem diretamente para a melhor qualidade de vida das pessoas. Na Pra\u00e7a Jo\u00e3o Ant\u00f4nio Ferreira, por exemplo, recebeu parque infantil, bancos, lumin\u00e1rias, \u00e1rea para estacionamento e paisagismo, equipamentos que transformam a \u00e1rea em um espa\u00e7o de conviv\u00eancia apraz\u00edvel. J\u00e1 a Pra\u00e7a Ap\u00f3stolo Paulo conta com parque infantil, quadra de areia, equipamentos para pr\u00e1tica de&hellip; <\/p>\n","protected":false},"author":1,"featured_media":262476,"comment_status":"closed","ping_status":"closed","sticky":false,"template":"","format":"standard","meta":{"_acf_changed":false,"footnotes":""},"categories":[44],"tags":[],"class_list":["post-262475","post","type-post","status-publish","format-standard","has-post-thumbnail","hentry","category-administracao"],"acf":[],"yoast_head":"<!-- This site is optimized with the Yoast SEO plugin v27.4 - https:\/\/yoast.com\/product\/yoast-seo-wordpress\/ -->\n<title>Juazeiro Completa 142 anos e gest\u00e3o municipal entrega obras para comemorar data - Blog do Farn\u00e9sio<\/title>\n<meta name=\"robots\" content=\"index, follow, max-snippet:-1, max-image-preview:large, max-video-preview:-1\" \/>\n<link rel=\"canonical\" href=\"https:\/\/blogdofarnesio.com.br\/?p=262475\" \/>\n<meta property=\"og:locale\" content=\"pt_BR\" \/>\n<meta property=\"og:type\" content=\"article\" \/>\n<meta property=\"og:title\" content=\"Juazeiro Completa 142 anos e gest\u00e3o municipal entrega obras para comemorar data - Blog do Farn\u00e9sio\" \/>\n<meta property=\"og:description\" content=\"Para comemorar os 142 anos de eleva\u00e7\u00e3o \u00e0 categoria de cidade de Juazeiro, completados nesta quarta-feira (15 de julho), a gest\u00e3o municipal vai entregar nesta sexta-feira (17) duas grandes obras a popula\u00e7\u00e3o juazeirense: a constru\u00e7\u00e3o das Pra\u00e7as Ap\u00f3stolo Paulo, no bairro Jardim S\u00e3o Paulo e Jo\u00e3o Ant\u00f4nio Ferreira, no bairro Castelo Branco. As pra\u00e7as que ser\u00e3o entregues s\u00e3o espa\u00e7os p\u00fablicos de lazer, esporte e divers\u00e3o, e contribuem diretamente para a melhor qualidade de vida das pessoas. Na Pra\u00e7a Jo\u00e3o Ant\u00f4nio Ferreira, por exemplo, recebeu parque infantil, bancos, lumin\u00e1rias, \u00e1rea para estacionamento e paisagismo, equipamentos que transformam a \u00e1rea em um espa\u00e7o de conviv\u00eancia apraz\u00edvel. J\u00e1 a Pra\u00e7a Ap\u00f3stolo Paulo conta com parque infantil, quadra de areia, equipamentos para pr\u00e1tica de&hellip;\" \/>\n<meta property=\"og:url\" content=\"https:\/\/blogdofarnesio.com.br\/?p=262475\" \/>\n<meta property=\"og:site_name\" content=\"Blog do Farn\u00e9sio\" \/>\n<meta property=\"article:publisher\" content=\"https:\/\/www.facebook.com\/BlogQuerSaberPolitica\/\" \/>\n<meta property=\"article:published_time\" content=\"2020-07-17T14:22:03+00:00\" \/>\n<meta property=\"og:image\" content=\"https:\/\/blogdofarnesio.com.br\/wp-content\/uploads\/2020\/07\/Juazeiro-Completa-142-anos-e-gest\u00e3o-municipal-entrega-obras-para-comemorar-data-13-e1594942129480.jpg\" \/>\n\t<meta property=\"og:image:width\" content=\"680\" \/>\n\t<meta property=\"og:image:height\" content=\"510\" \/>\n\t<meta property=\"og:image:type\" content=\"image\/jpeg\" \/>\n<meta name=\"author\" content=\"Farn\u00e9sio\" \/>\n<meta name=\"twitter:card\" content=\"summary_large_image\" \/>\n<meta name=\"twitter:label1\" content=\"Escrito por\" \/>\n\t<meta name=\"twitter:data1\" content=\"Farn\u00e9sio\" \/>\n\t<meta name=\"twitter:label2\" content=\"Est. tempo de leitura\" \/>\n\t<meta name=\"twitter:data2\" content=\"1 minuto\" \/>\n<script type=\"application\/ld+json\" class=\"yoast-schema-graph\">{\"@context\":\"https:\\\/\\\/schema.org\",\"@graph\":[{\"@type\":\"Article\",\"@id\":\"https:\\\/\\\/blogdofarnesio.com.br\\\/?p=262475#article\",\"isPartOf\":{\"@id\":\"https:\\\/\\\/blogdofarnesio.com.br\\\/?p=262475\"},\"author\":{\"name\":\"Farn\u00e9sio\",\"@id\":\"https:\\\/\\\/blogdofarnesio.com.br\\\/#\\\/schema\\\/person\\\/301c4acf522bccbfdb45af95b5b906a1\"},\"headline\":\"Juazeiro Completa 142 anos e gest\u00e3o municipal entrega obras para comemorar data\",\"datePublished\":\"2020-07-17T14:22:03+00:00\",\"mainEntityOfPage\":{\"@id\":\"https:\\\/\\\/blogdofarnesio.com.br\\\/?p=262475\"},\"wordCount\":241,\"publisher\":{\"@id\":\"https:\\\/\\\/blogdofarnesio.com.br\\\/#organization\"},\"image\":{\"@id\":\"https:\\\/\\\/blogdofarnesio.com.br\\\/?p=262475#primaryimage\"},\"thumbnailUrl\":\"https:\\\/\\\/blogdofarnesio.com.br\\\/wp-content\\\/uploads\\\/2020\\\/07\\\/Juazeiro-Completa-142-anos-e-gest\u00e3o-municipal-entrega-obras-para-comemorar-data-13-e1594942129480.jpg\",\"articleSection\":[\"Administra\u00e7\u00e3o\"],\"inLanguage\":\"pt-BR\"},{\"@type\":\"WebPage\",\"@id\":\"https:\\\/\\\/blogdofarnesio.com.br\\\/?p=262475\",\"url\":\"https:\\\/\\\/blogdofarnesio.com.br\\\/?p=262475\",\"name\":\"Juazeiro Completa 142 anos e gest\u00e3o municipal entrega obras para comemorar data - Blog do Farn\u00e9sio\",\"isPartOf\":{\"@id\":\"https:\\\/\\\/blogdofarnesio.com.br\\\/#website\"},\"primaryImageOfPage\":{\"@id\":\"https:\\\/\\\/blogdofarnesio.com.br\\\/?p=262475#primaryimage\"},\"image\":{\"@id\":\"https:\\\/\\\/blogdofarnesio.com.br\\\/?p=262475#primaryimage\"},\"thumbnailUrl\":\"https:\\\/\\\/blogdofarnesio.com.br\\\/wp-content\\\/uploads\\\/2020\\\/07\\\/Juazeiro-Completa-142-anos-e-gest\u00e3o-municipal-entrega-obras-para-comemorar-data-13-e1594942129480.jpg\",\"datePublished\":\"2020-07-17T14:22:03+00:00\",\"breadcrumb\":{\"@id\":\"https:\\\/\\\/blogdofarnesio.com.br\\\/?p=262475#breadcrumb\"},\"inLanguage\":\"pt-BR\",\"potentialAction\":[{\"@type\":\"ReadAction\",\"target\":[\"https:\\\/\\\/blogdofarnesio.com.br\\\/?p=262475\"]}]},{\"@type\":\"ImageObject\",\"inLanguage\":\"pt-BR\",\"@id\":\"https:\\\/\\\/blogdofarnesio.com.br\\\/?p=262475#primaryimage\",\"url\":\"https:\\\/\\\/blogdofarnesio.com.br\\\/wp-content\\\/uploads\\\/2020\\\/07\\\/Juazeiro-Completa-142-anos-e-gest\u00e3o-municipal-entrega-obras-para-comemorar-data-13-e1594942129480.jpg\",\"contentUrl\":\"https:\\\/\\\/blogdofarnesio.com.br\\\/wp-content\\\/uploads\\\/2020\\\/07\\\/Juazeiro-Completa-142-anos-e-gest\u00e3o-municipal-entrega-obras-para-comemorar-data-13-e1594942129480.jpg\",\"width\":680,\"height\":510},{\"@type\":\"BreadcrumbList\",\"@id\":\"https:\\\/\\\/blogdofarnesio.com.br\\\/?p=262475#breadcrumb\",\"itemListElement\":[{\"@type\":\"ListItem\",\"position\":1,\"name\":\"In\u00edcio\",\"item\":\"https:\\\/\\\/blogdofarnesio.com.br\\\/\"},{\"@type\":\"ListItem\",\"position\":2,\"name\":\"Juazeiro Completa 142 anos e gest\u00e3o municipal entrega obras para comemorar data\"}]},{\"@type\":\"WebSite\",\"@id\":\"https:\\\/\\\/blogdofarnesio.com.br\\\/#website\",\"url\":\"https:\\\/\\\/blogdofarnesio.com.br\\\/\",\"name\":\"Blog do Farn\u00e9sio\",\"description\":\"Quer Saber Pol\u00edtica?\",\"publisher\":{\"@id\":\"https:\\\/\\\/blogdofarnesio.com.br\\\/#organization\"},\"potentialAction\":[{\"@type\":\"SearchAction\",\"target\":{\"@type\":\"EntryPoint\",\"urlTemplate\":\"https:\\\/\\\/blogdofarnesio.com.br\\\/?s={search_term_string}\"},\"query-input\":{\"@type\":\"PropertyValueSpecification\",\"valueRequired\":true,\"valueName\":\"search_term_string\"}}],\"inLanguage\":\"pt-BR\"},{\"@type\":\"Organization\",\"@id\":\"https:\\\/\\\/blogdofarnesio.com.br\\\/#organization\",\"name\":\"Blog do Farn\u00e9sio\",\"url\":\"https:\\\/\\\/blogdofarnesio.com.br\\\/\",\"logo\":{\"@type\":\"ImageObject\",\"inLanguage\":\"pt-BR\",\"@id\":\"https:\\\/\\\/blogdofarnesio.com.br\\\/#\\\/schema\\\/logo\\\/image\\\/\",\"url\":\"https:\\\/\\\/blogdofarnesio.com.br\\\/wp-content\\\/uploads\\\/2026\\\/03\\\/cropped-logo_new-1.png\",\"contentUrl\":\"https:\\\/\\\/blogdofarnesio.com.br\\\/wp-content\\\/uploads\\\/2026\\\/03\\\/cropped-logo_new-1.png\",\"width\":881,\"height\":685,\"caption\":\"Blog do Farn\u00e9sio\"},\"image\":{\"@id\":\"https:\\\/\\\/blogdofarnesio.com.br\\\/#\\\/schema\\\/logo\\\/image\\\/\"},\"sameAs\":[\"https:\\\/\\\/www.facebook.com\\\/BlogQuerSaberPolitica\\\/\"]},{\"@type\":\"Person\",\"@id\":\"https:\\\/\\\/blogdofarnesio.com.br\\\/#\\\/schema\\\/person\\\/301c4acf522bccbfdb45af95b5b906a1\",\"name\":\"Farn\u00e9sio\",\"image\":{\"@type\":\"ImageObject\",\"inLanguage\":\"pt-BR\",\"@id\":\"https:\\\/\\\/secure.gravatar.com\\\/avatar\\\/df0c9a14567c056f8ad6876ba5bbd1e3e2c48023eb6807342fc4663adf549f38?s=96&d=mm&r=g\",\"url\":\"https:\\\/\\\/secure.gravatar.com\\\/avatar\\\/df0c9a14567c056f8ad6876ba5bbd1e3e2c48023eb6807342fc4663adf549f38?s=96&d=mm&r=g\",\"contentUrl\":\"https:\\\/\\\/secure.gravatar.com\\\/avatar\\\/df0c9a14567c056f8ad6876ba5bbd1e3e2c48023eb6807342fc4663adf549f38?s=96&d=mm&r=g\",\"caption\":\"Farn\u00e9sio\"},\"sameAs\":[\"https:\\\/\\\/quersaberpolitica.com.br\"],\"url\":\"https:\\\/\\\/blogdofarnesio.com.br\\\/?author=1\"}]}<\/script>\n<!-- \/ Yoast SEO plugin. -->","yoast_head_json":{"title":"Juazeiro Completa 142 anos e gest\u00e3o municipal entrega obras para comemorar data - Blog do Farn\u00e9sio","robots":{"index":"index","follow":"follow","max-snippet":"max-snippet:-1","max-image-preview":"max-image-preview:large","max-video-preview":"max-video-preview:-1"},"canonical":"https:\/\/blogdofarnesio.com.br\/?p=262475","og_locale":"pt_BR","og_type":"article","og_title":"Juazeiro Completa 142 anos e gest\u00e3o municipal entrega obras para comemorar data - Blog do Farn\u00e9sio","og_description":"Para comemorar os 142 anos de eleva\u00e7\u00e3o \u00e0 categoria de cidade de Juazeiro, completados nesta quarta-feira (15 de julho), a gest\u00e3o municipal vai entregar nesta sexta-feira (17) duas grandes obras a popula\u00e7\u00e3o juazeirense: a constru\u00e7\u00e3o das Pra\u00e7as Ap\u00f3stolo Paulo, no bairro Jardim S\u00e3o Paulo e Jo\u00e3o Ant\u00f4nio Ferreira, no bairro Castelo Branco. As pra\u00e7as que ser\u00e3o entregues s\u00e3o espa\u00e7os p\u00fablicos de lazer, esporte e divers\u00e3o, e contribuem diretamente para a melhor qualidade de vida das pessoas. Na Pra\u00e7a Jo\u00e3o Ant\u00f4nio Ferreira, por exemplo, recebeu parque infantil, bancos, lumin\u00e1rias, \u00e1rea para estacionamento e paisagismo, equipamentos que transformam a \u00e1rea em um espa\u00e7o de conviv\u00eancia apraz\u00edvel. J\u00e1 a Pra\u00e7a Ap\u00f3stolo Paulo conta com parque infantil, quadra de areia, equipamentos para pr\u00e1tica de&hellip;","og_url":"https:\/\/blogdofarnesio.com.br\/?p=262475","og_site_name":"Blog do Farn\u00e9sio","article_publisher":"https:\/\/www.facebook.com\/BlogQuerSaberPolitica\/","article_published_time":"2020-07-17T14:22:03+00:00","og_image":[{"width":680,"height":510,"url":"https:\/\/blogdofarnesio.com.br\/wp-content\/uploads\/2020\/07\/Juazeiro-Completa-142-anos-e-gest\u00e3o-municipal-entrega-obras-para-comemorar-data-13-e1594942129480.jpg","type":"image\/jpeg"}],"author":"Farn\u00e9sio","twitter_card":"summary_large_image","twitter_misc":{"Escrito por":"Farn\u00e9sio","Est. tempo de leitura":"1 minuto"},"schema":{"@context":"https:\/\/schema.org","@graph":[{"@type":"Article","@id":"https:\/\/blogdofarnesio.com.br\/?p=262475#article","isPartOf":{"@id":"https:\/\/blogdofarnesio.com.br\/?p=262475"},"author":{"name":"Farn\u00e9sio","@id":"https:\/\/blogdofarnesio.com.br\/#\/schema\/person\/301c4acf522bccbfdb45af95b5b906a1"},"headline":"Juazeiro Completa 142 anos e gest\u00e3o municipal entrega obras para comemorar data","datePublished":"2020-07-17T14:22:03+00:00","mainEntityOfPage":{"@id":"https:\/\/blogdofarnesio.com.br\/?p=262475"},"wordCount":241,"publisher":{"@id":"https:\/\/blogdofarnesio.com.br\/#organization"},"image":{"@id":"https:\/\/blogdofarnesio.com.br\/?p=262475#primaryimage"},"thumbnailUrl":"https:\/\/blogdofarnesio.com.br\/wp-content\/uploads\/2020\/07\/Juazeiro-Completa-142-anos-e-gest\u00e3o-municipal-entrega-obras-para-comemorar-data-13-e1594942129480.jpg","articleSection":["Administra\u00e7\u00e3o"],"inLanguage":"pt-BR"},{"@type":"WebPage","@id":"https:\/\/blogdofarnesio.com.br\/?p=262475","url":"https:\/\/blogdofarnesio.com.br\/?p=262475","name":"Juazeiro Completa 142 anos e gest\u00e3o municipal entrega obras para comemorar data - Blog do Farn\u00e9sio","isPartOf":{"@id":"https:\/\/blogdofarnesio.com.br\/#website"},"primaryImageOfPage":{"@id":"https:\/\/blogdofarnesio.com.br\/?p=262475#primaryimage"},"image":{"@id":"https:\/\/blogdofarnesio.com.br\/?p=262475#primaryimage"},"thumbnailUrl":"https:\/\/blogdofarnesio.com.br\/wp-content\/uploads\/2020\/07\/Juazeiro-Completa-142-anos-e-gest\u00e3o-municipal-entrega-obras-para-comemorar-data-13-e1594942129480.jpg","datePublished":"2020-07-17T14:22:03+00:00","breadcrumb":{"@id":"https:\/\/blogdofarnesio.com.br\/?p=262475#breadcrumb"},"inLanguage":"pt-BR","potentialAction":[{"@type":"ReadAction","target":["https:\/\/blogdofarnesio.com.br\/?p=262475"]}]},{"@type":"ImageObject","inLanguage":"pt-BR","@id":"https:\/\/blogdofarnesio.com.br\/?p=262475#primaryimage","url":"https:\/\/blogdofarnesio.com.br\/wp-content\/uploads\/2020\/07\/Juazeiro-Completa-142-anos-e-gest\u00e3o-municipal-entrega-obras-para-comemorar-data-13-e1594942129480.jpg","contentUrl":"https:\/\/blogdofarnesio.com.br\/wp-content\/uploads\/2020\/07\/Juazeiro-Completa-142-anos-e-gest\u00e3o-municipal-entrega-obras-para-comemorar-data-13-e1594942129480.jpg","width":680,"height":510},{"@type":"BreadcrumbList","@id":"https:\/\/blogdofarnesio.com.br\/?p=262475#breadcrumb","itemListElement":[{"@type":"ListItem","position":1,"name":"In\u00edcio","item":"https:\/\/blogdofarnesio.com.br\/"},{"@type":"ListItem","position":2,"name":"Juazeiro Completa 142 anos e gest\u00e3o municipal entrega obras para comemorar data"}]},{"@type":"WebSite","@id":"https:\/\/blogdofarnesio.com.br\/#website","url":"https:\/\/blogdofarnesio.com.br\/","name":"Blog do Farn\u00e9sio","description":"Quer Saber Pol\u00edtica?","publisher":{"@id":"https:\/\/blogdofarnesio.com.br\/#organization"},"potentialAction":[{"@type":"SearchAction","target":{"@type":"EntryPoint","urlTemplate":"https:\/\/blogdofarnesio.com.br\/?s={search_term_string}"},"query-input":{"@type":"PropertyValueSpecification","valueRequired":true,"valueName":"search_term_string"}}],"inLanguage":"pt-BR"},{"@type":"Organization","@id":"https:\/\/blogdofarnesio.com.br\/#organization","name":"Blog do Farn\u00e9sio","url":"https:\/\/blogdofarnesio.com.br\/","logo":{"@type":"ImageObject","inLanguage":"pt-BR","@id":"https:\/\/blogdofarnesio.com.br\/#\/schema\/logo\/image\/","url":"https:\/\/blogdofarnesio.com.br\/wp-content\/uploads\/2026\/03\/cropped-logo_new-1.png","contentUrl":"https:\/\/blogdofarnesio.com.br\/wp-content\/uploads\/2026\/03\/cropped-logo_new-1.png","width":881,"height":685,"caption":"Blog do Farn\u00e9sio"},"image":{"@id":"https:\/\/blogdofarnesio.com.br\/#\/schema\/logo\/image\/"},"sameAs":["https:\/\/www.facebook.com\/BlogQuerSaberPolitica\/"]},{"@type":"Person","@id":"https:\/\/blogdofarnesio.com.br\/#\/schema\/person\/301c4acf522bccbfdb45af95b5b906a1","name":"Farn\u00e9sio","image":{"@type":"ImageObject","inLanguage":"pt-BR","@id":"https:\/\/secure.gravatar.com\/avatar\/df0c9a14567c056f8ad6876ba5bbd1e3e2c48023eb6807342fc4663adf549f38?s=96&d=mm&r=g","url":"https:\/\/secure.gravatar.com\/avatar\/df0c9a14567c056f8ad6876ba5bbd1e3e2c48023eb6807342fc4663adf549f38?s=96&d=mm&r=g","contentUrl":"https:\/\/secure.gravatar.com\/avatar\/df0c9a14567c056f8ad6876ba5bbd1e3e2c48023eb6807342fc4663adf549f38?s=96&d=mm&r=g","caption":"Farn\u00e9sio"},"sameAs":["https:\/\/quersaberpolitica.com.br"],"url":"https:\/\/blogdofarnesio.com.br\/?author=1"}]}},"_links":{"self":[{"href":"https:\/\/blogdofarnesio.com.br\/index.php?rest_route=\/wp\/v2\/posts\/262475","targetHints":{"allow":["GET"]}}],"collection":[{"href":"https:\/\/blogdofarnesio.com.br\/index.php?rest_route=\/wp\/v2\/posts"}],"about":[{"href":"https:\/\/blogdofarnesio.com.br\/index.php?rest_route=\/wp\/v2\/types\/post"}],"author":[{"embeddable":true,"href":"https:\/\/blogdofarnesio.com.br\/index.php?rest_route=\/wp\/v2\/users\/1"}],"replies":[{"embeddable":true,"href":"https:\/\/blogdofarnesio.com.br\/index.php?rest_route=%2Fwp%2Fv2%2Fcomments&post=262475"}],"version-history":[{"count":0,"href":"https:\/\/blogdofarnesio.com.br\/index.php?rest_route=\/wp\/v2\/posts\/262475\/revisions"}],"wp:featuredmedia":[{"embeddable":true,"href":"https:\/\/blogdofarnesio.com.br\/index.php?rest_route=\/wp\/v2\/media\/262476"}],"wp:attachment":[{"href":"https:\/\/blogdofarnesio.com.br\/index.php?rest_route=%2Fwp%2Fv2%2Fmedia&parent=262475"}],"wp:term":[{"taxonomy":"category","embeddable":true,"href":"https:\/\/blogdofarnesio.com.br\/index.php?rest_route=%2Fwp%2Fv2%2Fcategories&post=262475"},{"taxonomy":"post_tag","embeddable":true,"href":"https:\/\/blogdofarnesio.com.br\/index.php?rest_route=%2Fwp%2Fv2%2Ftags&post=262475"}],"curies":[{"name":"wp","href":"https:\/\/api.w.org\/{rel}","templated":true}]}}