{"id":262191,"date":"2020-07-14T11:21:33","date_gmt":"2020-07-14T14:21:33","guid":{"rendered":"http:\/\/quersaberpolitica.com.br\/2016\/?p=262191"},"modified":"2020-07-14T08:39:52","modified_gmt":"2020-07-14T11:39:52","slug":"guarda-municipal-fiscaliza-mais-de-dez-bairros-no-primeiro-dia-do-isolamento-mais-rigido-em-petrolina","status":"publish","type":"post","link":"https:\/\/blogdofarnesio.com.br\/?p=262191","title":{"rendered":"Guarda Municipal fiscaliza mais de dez bairros no primeiro dia do isolamento mais r\u00edgido em Petrolina"},"content":{"rendered":"<p style=\"font-weight: 400;\">A equipe de fiscaliza\u00e7\u00e3o da Prefeitura de Petrolina circulou por mais de dez bairros nesta segunda-feira (13), primeiro dia de vig\u00eancia do decreto com novas medidas de enfrentamento ao novo coronav\u00edrus &#8211; publicado na \u00faltima sexta-feira (10). Durante a ronda, 5 estabelecimentos foram notificados, 3 fechados e 1 partida de v\u00f4lei foi interrompida (com recolhimento da bola e da rede).<\/p>\n<p style=\"font-weight: 400;\">A a\u00e7\u00e3o contou com a Guarda Civil Municipal e as equipes de Disciplinamento Urbano e da Ag\u00eancia Municipal de Vigil\u00e2ncia Sanit\u00e1ria. A opera\u00e7\u00e3o come\u00e7ou na regi\u00e3o central, percorreu toda extens\u00e3o da Avenida dos Tropeiros e continuou pelos bairros Jos\u00e9 e Maria, Mandacaru, S\u00e3o Jorge, Dom Avelar, Vila Marcela, Loteamento Recife, Pedro Raimundo, Jardim Amazonas e Cohab Massangano.<\/p>\n<p style=\"font-weight: 400;\">Na Orla de Petrolina, quatro guarni\u00e7\u00f5es da Guarda Civil Municipal foram instaladas para garantir a n\u00e3o utiliza\u00e7\u00e3o do equipamento p\u00fablico, que foi interditado no \u00faltimo domingo (12), com finalidade de lazer ou pr\u00e1tica de atividades f\u00edsicas.<\/p>\n<p style=\"font-weight: 400;\"><strong>Como denunciar<\/strong><\/p>\n<p style=\"font-weight: 400;\">Nesta segunda-feira, o Sistema de Seguran\u00e7a P\u00fablica recebeu cerca de 100 liga\u00e7\u00f5es, sendo pouco mais de 30 para denunciar o descumprimento do decreto e as demais para esclarecer d\u00favidas sobre o assunto. A prefeitura lembra que desobedecer as medidas de preven\u00e7\u00e3o \u00e0 covid-19 significa colocar em risco a sa\u00fade p\u00fablica. Os respons\u00e1veis podem ser penalizados com multa, interdi\u00e7\u00e3o, cassa\u00e7\u00e3o do alvar\u00e1 e, ainda, responder criminalmente.<\/p>\n<p style=\"font-weight: 400;\">As den\u00fancias podem ser feitas por telefone, nos n\u00fameros: 153 (24h); (87) 98844-2540 (7h \u00e0s 13h); (87) 98834-7434(7h \u00e0s 13h); e (87) 99802-0840 (7h \u00e0s 13h). Tamb\u00e9m \u00e9 poss\u00edvel denunciar por WhatsApp, nos canais: (87) 98106-7310 (24h) e (87) 99190-7475 (7h \u00e0s 13h).<\/p>\n<p style=\"font-weight: 400;\">Fotos: Prefeitura de Petrolina<\/p>\n<p style=\"font-weight: 400;\">Texto\u00a0 : Andr\u00e9a Meireles<\/p>\n<p style=\"font-weight: 400;\">Assessora de Imprensa<\/p>\n","protected":false},"excerpt":{"rendered":"<p>A equipe de fiscaliza\u00e7\u00e3o da Prefeitura de Petrolina circulou por mais de dez bairros nesta segunda-feira (13), primeiro dia de vig\u00eancia do decreto com novas medidas de enfrentamento ao novo coronav\u00edrus &#8211; publicado na \u00faltima sexta-feira (10). Durante a ronda, 5 estabelecimentos foram notificados, 3 fechados e 1 partida de v\u00f4lei foi interrompida (com recolhimento da bola e da rede). A a\u00e7\u00e3o contou com a Guarda Civil Municipal e as equipes de Disciplinamento Urbano e da Ag\u00eancia Municipal de Vigil\u00e2ncia Sanit\u00e1ria. A opera\u00e7\u00e3o come\u00e7ou na regi\u00e3o central, percorreu toda extens\u00e3o da Avenida dos Tropeiros e continuou pelos bairros Jos\u00e9 e Maria, Mandacaru, S\u00e3o Jorge, Dom Avelar, Vila Marcela, Loteamento Recife, Pedro Raimundo, Jardim Amazonas e Cohab Massangano. Na Orla de&hellip; <\/p>\n","protected":false},"author":1,"featured_media":262192,"comment_status":"closed","ping_status":"closed","sticky":false,"template":"","format":"standard","meta":{"_acf_changed":false,"footnotes":""},"categories":[1],"tags":[],"class_list":["post-262191","post","type-post","status-publish","format-standard","has-post-thumbnail","hentry","category-politica"],"acf":[],"yoast_head":"<!-- This site is optimized with the Yoast SEO plugin v27.4 - https:\/\/yoast.com\/product\/yoast-seo-wordpress\/ -->\n<title>Guarda Municipal fiscaliza mais de dez bairros no primeiro dia do isolamento mais r\u00edgido em Petrolina - Blog do Farn\u00e9sio<\/title>\n<meta name=\"robots\" content=\"index, follow, max-snippet:-1, max-image-preview:large, max-video-preview:-1\" \/>\n<link rel=\"canonical\" href=\"https:\/\/blogdofarnesio.com.br\/?p=262191\" \/>\n<meta property=\"og:locale\" content=\"pt_BR\" \/>\n<meta property=\"og:type\" content=\"article\" \/>\n<meta property=\"og:title\" content=\"Guarda Municipal fiscaliza mais de dez bairros no primeiro dia do isolamento mais r\u00edgido em Petrolina - Blog do Farn\u00e9sio\" \/>\n<meta property=\"og:description\" content=\"A equipe de fiscaliza\u00e7\u00e3o da Prefeitura de Petrolina circulou por mais de dez bairros nesta segunda-feira (13), primeiro dia de vig\u00eancia do decreto com novas medidas de enfrentamento ao novo coronav\u00edrus &#8211; publicado na \u00faltima sexta-feira (10). Durante a ronda, 5 estabelecimentos foram notificados, 3 fechados e 1 partida de v\u00f4lei foi interrompida (com recolhimento da bola e da rede). A a\u00e7\u00e3o contou com a Guarda Civil Municipal e as equipes de Disciplinamento Urbano e da Ag\u00eancia Municipal de Vigil\u00e2ncia Sanit\u00e1ria. A opera\u00e7\u00e3o come\u00e7ou na regi\u00e3o central, percorreu toda extens\u00e3o da Avenida dos Tropeiros e continuou pelos bairros Jos\u00e9 e Maria, Mandacaru, S\u00e3o Jorge, Dom Avelar, Vila Marcela, Loteamento Recife, Pedro Raimundo, Jardim Amazonas e Cohab Massangano. Na Orla de&hellip;\" \/>\n<meta property=\"og:url\" content=\"https:\/\/blogdofarnesio.com.br\/?p=262191\" \/>\n<meta property=\"og:site_name\" content=\"Blog do Farn\u00e9sio\" \/>\n<meta property=\"article:publisher\" content=\"https:\/\/www.facebook.com\/BlogQuerSaberPolitica\/\" \/>\n<meta property=\"article:published_time\" content=\"2020-07-14T14:21:33+00:00\" \/>\n<meta property=\"og:image\" content=\"https:\/\/blogdofarnesio.com.br\/wp-content\/uploads\/2020\/07\/blogqsppet-corona-v\u00f4lei-interrompido-e1594726758761.jpeg\" \/>\n\t<meta property=\"og:image:width\" content=\"632\" \/>\n\t<meta property=\"og:image:height\" content=\"307\" \/>\n\t<meta property=\"og:image:type\" content=\"image\/jpeg\" \/>\n<meta name=\"author\" content=\"Farn\u00e9sio\" \/>\n<meta name=\"twitter:card\" content=\"summary_large_image\" \/>\n<meta name=\"twitter:label1\" content=\"Escrito por\" \/>\n\t<meta name=\"twitter:data1\" content=\"Farn\u00e9sio\" \/>\n\t<meta name=\"twitter:label2\" content=\"Est. tempo de leitura\" \/>\n\t<meta name=\"twitter:data2\" content=\"1 minuto\" \/>\n<script type=\"application\/ld+json\" class=\"yoast-schema-graph\">{\"@context\":\"https:\\\/\\\/schema.org\",\"@graph\":[{\"@type\":\"Article\",\"@id\":\"https:\\\/\\\/blogdofarnesio.com.br\\\/?p=262191#article\",\"isPartOf\":{\"@id\":\"https:\\\/\\\/blogdofarnesio.com.br\\\/?p=262191\"},\"author\":{\"name\":\"Farn\u00e9sio\",\"@id\":\"https:\\\/\\\/blogdofarnesio.com.br\\\/#\\\/schema\\\/person\\\/301c4acf522bccbfdb45af95b5b906a1\"},\"headline\":\"Guarda Municipal fiscaliza mais de dez bairros no primeiro dia do isolamento mais r\u00edgido em Petrolina\",\"datePublished\":\"2020-07-14T14:21:33+00:00\",\"mainEntityOfPage\":{\"@id\":\"https:\\\/\\\/blogdofarnesio.com.br\\\/?p=262191\"},\"wordCount\":309,\"publisher\":{\"@id\":\"https:\\\/\\\/blogdofarnesio.com.br\\\/#organization\"},\"image\":{\"@id\":\"https:\\\/\\\/blogdofarnesio.com.br\\\/?p=262191#primaryimage\"},\"thumbnailUrl\":\"https:\\\/\\\/blogdofarnesio.com.br\\\/wp-content\\\/uploads\\\/2020\\\/07\\\/blogqsppet-corona-v\u00f4lei-interrompido-e1594726758761.jpeg\",\"articleSection\":[\"Pol\u00edtica\"],\"inLanguage\":\"pt-BR\"},{\"@type\":\"WebPage\",\"@id\":\"https:\\\/\\\/blogdofarnesio.com.br\\\/?p=262191\",\"url\":\"https:\\\/\\\/blogdofarnesio.com.br\\\/?p=262191\",\"name\":\"Guarda Municipal fiscaliza mais de dez bairros no primeiro dia do isolamento mais r\u00edgido em Petrolina - Blog do Farn\u00e9sio\",\"isPartOf\":{\"@id\":\"https:\\\/\\\/blogdofarnesio.com.br\\\/#website\"},\"primaryImageOfPage\":{\"@id\":\"https:\\\/\\\/blogdofarnesio.com.br\\\/?p=262191#primaryimage\"},\"image\":{\"@id\":\"https:\\\/\\\/blogdofarnesio.com.br\\\/?p=262191#primaryimage\"},\"thumbnailUrl\":\"https:\\\/\\\/blogdofarnesio.com.br\\\/wp-content\\\/uploads\\\/2020\\\/07\\\/blogqsppet-corona-v\u00f4lei-interrompido-e1594726758761.jpeg\",\"datePublished\":\"2020-07-14T14:21:33+00:00\",\"breadcrumb\":{\"@id\":\"https:\\\/\\\/blogdofarnesio.com.br\\\/?p=262191#breadcrumb\"},\"inLanguage\":\"pt-BR\",\"potentialAction\":[{\"@type\":\"ReadAction\",\"target\":[\"https:\\\/\\\/blogdofarnesio.com.br\\\/?p=262191\"]}]},{\"@type\":\"ImageObject\",\"inLanguage\":\"pt-BR\",\"@id\":\"https:\\\/\\\/blogdofarnesio.com.br\\\/?p=262191#primaryimage\",\"url\":\"https:\\\/\\\/blogdofarnesio.com.br\\\/wp-content\\\/uploads\\\/2020\\\/07\\\/blogqsppet-corona-v\u00f4lei-interrompido-e1594726758761.jpeg\",\"contentUrl\":\"https:\\\/\\\/blogdofarnesio.com.br\\\/wp-content\\\/uploads\\\/2020\\\/07\\\/blogqsppet-corona-v\u00f4lei-interrompido-e1594726758761.jpeg\",\"width\":632,\"height\":307},{\"@type\":\"BreadcrumbList\",\"@id\":\"https:\\\/\\\/blogdofarnesio.com.br\\\/?p=262191#breadcrumb\",\"itemListElement\":[{\"@type\":\"ListItem\",\"position\":1,\"name\":\"In\u00edcio\",\"item\":\"https:\\\/\\\/blogdofarnesio.com.br\\\/\"},{\"@type\":\"ListItem\",\"position\":2,\"name\":\"Guarda Municipal fiscaliza mais de dez bairros no primeiro dia do isolamento mais r\u00edgido em Petrolina\"}]},{\"@type\":\"WebSite\",\"@id\":\"https:\\\/\\\/blogdofarnesio.com.br\\\/#website\",\"url\":\"https:\\\/\\\/blogdofarnesio.com.br\\\/\",\"name\":\"Blog do Farn\u00e9sio\",\"description\":\"Quer Saber Pol\u00edtica?\",\"publisher\":{\"@id\":\"https:\\\/\\\/blogdofarnesio.com.br\\\/#organization\"},\"potentialAction\":[{\"@type\":\"SearchAction\",\"target\":{\"@type\":\"EntryPoint\",\"urlTemplate\":\"https:\\\/\\\/blogdofarnesio.com.br\\\/?s={search_term_string}\"},\"query-input\":{\"@type\":\"PropertyValueSpecification\",\"valueRequired\":true,\"valueName\":\"search_term_string\"}}],\"inLanguage\":\"pt-BR\"},{\"@type\":\"Organization\",\"@id\":\"https:\\\/\\\/blogdofarnesio.com.br\\\/#organization\",\"name\":\"Blog do Farn\u00e9sio\",\"url\":\"https:\\\/\\\/blogdofarnesio.com.br\\\/\",\"logo\":{\"@type\":\"ImageObject\",\"inLanguage\":\"pt-BR\",\"@id\":\"https:\\\/\\\/blogdofarnesio.com.br\\\/#\\\/schema\\\/logo\\\/image\\\/\",\"url\":\"https:\\\/\\\/blogdofarnesio.com.br\\\/wp-content\\\/uploads\\\/2026\\\/03\\\/cropped-logo_new-1.png\",\"contentUrl\":\"https:\\\/\\\/blogdofarnesio.com.br\\\/wp-content\\\/uploads\\\/2026\\\/03\\\/cropped-logo_new-1.png\",\"width\":881,\"height\":685,\"caption\":\"Blog do Farn\u00e9sio\"},\"image\":{\"@id\":\"https:\\\/\\\/blogdofarnesio.com.br\\\/#\\\/schema\\\/logo\\\/image\\\/\"},\"sameAs\":[\"https:\\\/\\\/www.facebook.com\\\/BlogQuerSaberPolitica\\\/\"]},{\"@type\":\"Person\",\"@id\":\"https:\\\/\\\/blogdofarnesio.com.br\\\/#\\\/schema\\\/person\\\/301c4acf522bccbfdb45af95b5b906a1\",\"name\":\"Farn\u00e9sio\",\"image\":{\"@type\":\"ImageObject\",\"inLanguage\":\"pt-BR\",\"@id\":\"https:\\\/\\\/secure.gravatar.com\\\/avatar\\\/df0c9a14567c056f8ad6876ba5bbd1e3e2c48023eb6807342fc4663adf549f38?s=96&d=mm&r=g\",\"url\":\"https:\\\/\\\/secure.gravatar.com\\\/avatar\\\/df0c9a14567c056f8ad6876ba5bbd1e3e2c48023eb6807342fc4663adf549f38?s=96&d=mm&r=g\",\"contentUrl\":\"https:\\\/\\\/secure.gravatar.com\\\/avatar\\\/df0c9a14567c056f8ad6876ba5bbd1e3e2c48023eb6807342fc4663adf549f38?s=96&d=mm&r=g\",\"caption\":\"Farn\u00e9sio\"},\"sameAs\":[\"https:\\\/\\\/quersaberpolitica.com.br\"],\"url\":\"https:\\\/\\\/blogdofarnesio.com.br\\\/?author=1\"}]}<\/script>\n<!-- \/ Yoast SEO plugin. -->","yoast_head_json":{"title":"Guarda Municipal fiscaliza mais de dez bairros no primeiro dia do isolamento mais r\u00edgido em Petrolina - Blog do Farn\u00e9sio","robots":{"index":"index","follow":"follow","max-snippet":"max-snippet:-1","max-image-preview":"max-image-preview:large","max-video-preview":"max-video-preview:-1"},"canonical":"https:\/\/blogdofarnesio.com.br\/?p=262191","og_locale":"pt_BR","og_type":"article","og_title":"Guarda Municipal fiscaliza mais de dez bairros no primeiro dia do isolamento mais r\u00edgido em Petrolina - Blog do Farn\u00e9sio","og_description":"A equipe de fiscaliza\u00e7\u00e3o da Prefeitura de Petrolina circulou por mais de dez bairros nesta segunda-feira (13), primeiro dia de vig\u00eancia do decreto com novas medidas de enfrentamento ao novo coronav\u00edrus &#8211; publicado na \u00faltima sexta-feira (10). Durante a ronda, 5 estabelecimentos foram notificados, 3 fechados e 1 partida de v\u00f4lei foi interrompida (com recolhimento da bola e da rede). A a\u00e7\u00e3o contou com a Guarda Civil Municipal e as equipes de Disciplinamento Urbano e da Ag\u00eancia Municipal de Vigil\u00e2ncia Sanit\u00e1ria. A opera\u00e7\u00e3o come\u00e7ou na regi\u00e3o central, percorreu toda extens\u00e3o da Avenida dos Tropeiros e continuou pelos bairros Jos\u00e9 e Maria, Mandacaru, S\u00e3o Jorge, Dom Avelar, Vila Marcela, Loteamento Recife, Pedro Raimundo, Jardim Amazonas e Cohab Massangano. Na Orla de&hellip;","og_url":"https:\/\/blogdofarnesio.com.br\/?p=262191","og_site_name":"Blog do Farn\u00e9sio","article_publisher":"https:\/\/www.facebook.com\/BlogQuerSaberPolitica\/","article_published_time":"2020-07-14T14:21:33+00:00","og_image":[{"width":632,"height":307,"url":"https:\/\/blogdofarnesio.com.br\/wp-content\/uploads\/2020\/07\/blogqsppet-corona-v\u00f4lei-interrompido-e1594726758761.jpeg","type":"image\/jpeg"}],"author":"Farn\u00e9sio","twitter_card":"summary_large_image","twitter_misc":{"Escrito por":"Farn\u00e9sio","Est. tempo de leitura":"1 minuto"},"schema":{"@context":"https:\/\/schema.org","@graph":[{"@type":"Article","@id":"https:\/\/blogdofarnesio.com.br\/?p=262191#article","isPartOf":{"@id":"https:\/\/blogdofarnesio.com.br\/?p=262191"},"author":{"name":"Farn\u00e9sio","@id":"https:\/\/blogdofarnesio.com.br\/#\/schema\/person\/301c4acf522bccbfdb45af95b5b906a1"},"headline":"Guarda Municipal fiscaliza mais de dez bairros no primeiro dia do isolamento mais r\u00edgido em Petrolina","datePublished":"2020-07-14T14:21:33+00:00","mainEntityOfPage":{"@id":"https:\/\/blogdofarnesio.com.br\/?p=262191"},"wordCount":309,"publisher":{"@id":"https:\/\/blogdofarnesio.com.br\/#organization"},"image":{"@id":"https:\/\/blogdofarnesio.com.br\/?p=262191#primaryimage"},"thumbnailUrl":"https:\/\/blogdofarnesio.com.br\/wp-content\/uploads\/2020\/07\/blogqsppet-corona-v\u00f4lei-interrompido-e1594726758761.jpeg","articleSection":["Pol\u00edtica"],"inLanguage":"pt-BR"},{"@type":"WebPage","@id":"https:\/\/blogdofarnesio.com.br\/?p=262191","url":"https:\/\/blogdofarnesio.com.br\/?p=262191","name":"Guarda Municipal fiscaliza mais de dez bairros no primeiro dia do isolamento mais r\u00edgido em Petrolina - Blog do Farn\u00e9sio","isPartOf":{"@id":"https:\/\/blogdofarnesio.com.br\/#website"},"primaryImageOfPage":{"@id":"https:\/\/blogdofarnesio.com.br\/?p=262191#primaryimage"},"image":{"@id":"https:\/\/blogdofarnesio.com.br\/?p=262191#primaryimage"},"thumbnailUrl":"https:\/\/blogdofarnesio.com.br\/wp-content\/uploads\/2020\/07\/blogqsppet-corona-v\u00f4lei-interrompido-e1594726758761.jpeg","datePublished":"2020-07-14T14:21:33+00:00","breadcrumb":{"@id":"https:\/\/blogdofarnesio.com.br\/?p=262191#breadcrumb"},"inLanguage":"pt-BR","potentialAction":[{"@type":"ReadAction","target":["https:\/\/blogdofarnesio.com.br\/?p=262191"]}]},{"@type":"ImageObject","inLanguage":"pt-BR","@id":"https:\/\/blogdofarnesio.com.br\/?p=262191#primaryimage","url":"https:\/\/blogdofarnesio.com.br\/wp-content\/uploads\/2020\/07\/blogqsppet-corona-v\u00f4lei-interrompido-e1594726758761.jpeg","contentUrl":"https:\/\/blogdofarnesio.com.br\/wp-content\/uploads\/2020\/07\/blogqsppet-corona-v\u00f4lei-interrompido-e1594726758761.jpeg","width":632,"height":307},{"@type":"BreadcrumbList","@id":"https:\/\/blogdofarnesio.com.br\/?p=262191#breadcrumb","itemListElement":[{"@type":"ListItem","position":1,"name":"In\u00edcio","item":"https:\/\/blogdofarnesio.com.br\/"},{"@type":"ListItem","position":2,"name":"Guarda Municipal fiscaliza mais de dez bairros no primeiro dia do isolamento mais r\u00edgido em Petrolina"}]},{"@type":"WebSite","@id":"https:\/\/blogdofarnesio.com.br\/#website","url":"https:\/\/blogdofarnesio.com.br\/","name":"Blog do Farn\u00e9sio","description":"Quer Saber Pol\u00edtica?","publisher":{"@id":"https:\/\/blogdofarnesio.com.br\/#organization"},"potentialAction":[{"@type":"SearchAction","target":{"@type":"EntryPoint","urlTemplate":"https:\/\/blogdofarnesio.com.br\/?s={search_term_string}"},"query-input":{"@type":"PropertyValueSpecification","valueRequired":true,"valueName":"search_term_string"}}],"inLanguage":"pt-BR"},{"@type":"Organization","@id":"https:\/\/blogdofarnesio.com.br\/#organization","name":"Blog do Farn\u00e9sio","url":"https:\/\/blogdofarnesio.com.br\/","logo":{"@type":"ImageObject","inLanguage":"pt-BR","@id":"https:\/\/blogdofarnesio.com.br\/#\/schema\/logo\/image\/","url":"https:\/\/blogdofarnesio.com.br\/wp-content\/uploads\/2026\/03\/cropped-logo_new-1.png","contentUrl":"https:\/\/blogdofarnesio.com.br\/wp-content\/uploads\/2026\/03\/cropped-logo_new-1.png","width":881,"height":685,"caption":"Blog do Farn\u00e9sio"},"image":{"@id":"https:\/\/blogdofarnesio.com.br\/#\/schema\/logo\/image\/"},"sameAs":["https:\/\/www.facebook.com\/BlogQuerSaberPolitica\/"]},{"@type":"Person","@id":"https:\/\/blogdofarnesio.com.br\/#\/schema\/person\/301c4acf522bccbfdb45af95b5b906a1","name":"Farn\u00e9sio","image":{"@type":"ImageObject","inLanguage":"pt-BR","@id":"https:\/\/secure.gravatar.com\/avatar\/df0c9a14567c056f8ad6876ba5bbd1e3e2c48023eb6807342fc4663adf549f38?s=96&d=mm&r=g","url":"https:\/\/secure.gravatar.com\/avatar\/df0c9a14567c056f8ad6876ba5bbd1e3e2c48023eb6807342fc4663adf549f38?s=96&d=mm&r=g","contentUrl":"https:\/\/secure.gravatar.com\/avatar\/df0c9a14567c056f8ad6876ba5bbd1e3e2c48023eb6807342fc4663adf549f38?s=96&d=mm&r=g","caption":"Farn\u00e9sio"},"sameAs":["https:\/\/quersaberpolitica.com.br"],"url":"https:\/\/blogdofarnesio.com.br\/?author=1"}]}},"_links":{"self":[{"href":"https:\/\/blogdofarnesio.com.br\/index.php?rest_route=\/wp\/v2\/posts\/262191","targetHints":{"allow":["GET"]}}],"collection":[{"href":"https:\/\/blogdofarnesio.com.br\/index.php?rest_route=\/wp\/v2\/posts"}],"about":[{"href":"https:\/\/blogdofarnesio.com.br\/index.php?rest_route=\/wp\/v2\/types\/post"}],"author":[{"embeddable":true,"href":"https:\/\/blogdofarnesio.com.br\/index.php?rest_route=\/wp\/v2\/users\/1"}],"replies":[{"embeddable":true,"href":"https:\/\/blogdofarnesio.com.br\/index.php?rest_route=%2Fwp%2Fv2%2Fcomments&post=262191"}],"version-history":[{"count":0,"href":"https:\/\/blogdofarnesio.com.br\/index.php?rest_route=\/wp\/v2\/posts\/262191\/revisions"}],"wp:featuredmedia":[{"embeddable":true,"href":"https:\/\/blogdofarnesio.com.br\/index.php?rest_route=\/wp\/v2\/media\/262192"}],"wp:attachment":[{"href":"https:\/\/blogdofarnesio.com.br\/index.php?rest_route=%2Fwp%2Fv2%2Fmedia&parent=262191"}],"wp:term":[{"taxonomy":"category","embeddable":true,"href":"https:\/\/blogdofarnesio.com.br\/index.php?rest_route=%2Fwp%2Fv2%2Fcategories&post=262191"},{"taxonomy":"post_tag","embeddable":true,"href":"https:\/\/blogdofarnesio.com.br\/index.php?rest_route=%2Fwp%2Fv2%2Ftags&post=262191"}],"curies":[{"name":"wp","href":"https:\/\/api.w.org\/{rel}","templated":true}]}}