{"id":262166,"date":"2020-07-14T10:42:31","date_gmt":"2020-07-14T13:42:31","guid":{"rendered":"http:\/\/quersaberpolitica.com.br\/2016\/?p=262166"},"modified":"2020-07-14T07:55:06","modified_gmt":"2020-07-14T10:55:06","slug":"prefeitura-vai-reformar-ampliar-e-climatizar-mais-uma-escola-em-itamotinga","status":"publish","type":"post","link":"https:\/\/blogdofarnesio.com.br\/?p=262166","title":{"rendered":"Prefeitura vai reformar, ampliar e climatizar mais uma escola em Itamotinga"},"content":{"rendered":"<p>Domingo (12), a secret\u00e1ria de Educa\u00e7\u00e3o e Juventude \u2013 SEDUC, Lucinete Alves, acompanhada de lideran\u00e7as, pais de alunos e educadores apresentou o projeto de reforma, amplia\u00e7\u00e3o e climatiza\u00e7\u00e3o da Escola Eliseu Santos, localizada na CAJ, distrito de Itamotinga. A obra ir\u00e1 beneficiar mais de 230 alunos da Educa\u00e7\u00e3o infantil at\u00e9 o 9\u00b0 ano.<\/p>\n<p>\u201cEssa \u00e9 a quarta obra da Educa\u00e7\u00e3o que vamos realizar em Itamotinga este ano. Estamos com reforma em mais duas unidades escolares e esta semana inauguramos a Joana Ramos, na comunidade de Periquito. A Educa\u00e7\u00e3o tem avan\u00e7ado muito nos \u00faltimos 12 anos e nesta gest\u00e3o conseguimos avan\u00e7ar ainda mais, melhorando a infraestrutura com um novo conceito nas reformas das escolas. Aumentamos o IDEB para 5.4, valoriza\u00e7\u00e3o dos educadores, entre tantas outras conquistas que possibilitou a Paulo Bomfim ganhar este ano o selo \u2018Prefeito Amigo da Crian\u00e7a\u2019, da Funda\u00e7\u00e3o Abrinq. Estamos aqui para comemorar mais uma conquista que vai proporcionar mais conforto e seguran\u00e7a para as nossas crian\u00e7as, que \u00e9 a reforma da Escola Eliseu Santos, t\u00e3o sonhada por esta comunidade\u201d, destacou a secret\u00e1ria Lucinete.<\/p>\n<p>Respeitando todas as medidas estabelecidas pela Organiza\u00e7\u00e3o Mundial de Sa\u00fade \u2013 OMS, devido \u00e0 pandemia da COVID 19, a secret\u00e1ria mostrou os detalhes do projeto atrav\u00e9s da planta baixa e a maquete para os l\u00edderes comunit\u00e1rios, o vereador H\u00e9lio Coelho, o m\u00e9dico Salvador Carvalho, secret\u00e1rios de Governo, representantes da\u00a0escola e dos pais dos alunos.<\/p>\n<p>A unidade reformada contar\u00e1 com 07 salas de aula com ares condicionados, sala de inform\u00e1tica, sala de atendimento educacional especializado (AEE), sala de dire\u00e7\u00e3o, secretaria e dos professores, cozinha, refeit\u00f3rio, banheiros acess\u00edveis e infantil, pergolado de eucalipto, paisagismo, parque infantil, entre outros ambientes.<\/p>\n<p>O gestor da escola, Z\u00e9lio dos Santos, falou da alegria de mais essa conquista e da satisfa\u00e7\u00e3o de trabalhar em uma rede municipal de ensino que \u00e9 refer\u00eancia para muitos munic\u00edpios brasileiros. \u201cEstou na rede desde 2012 quando passei no concurso e sempre busquei melhorias para a nossa escola. Agora a reforma \u00e9 uma realidade, o projeto ficou muito bonito e estamos felizes. T\u00ednhamos certeza que o prefeito Paulo Bomfim e a secret\u00e1ria Lucinete fariam a reforma como fizeram em tantas outras unidades da sede e do interior\u201d, evidenciou.<\/p>\n<p>A m\u00e3e Nataniele dos Santos contou que o seu filho est\u00e1 ansioso para que a reforma comece logo. \u201cQuando o diretor nos convidou para essa reuni\u00e3o fiquei ansiosa para saber como vai ficar depois de reformada. Gostei muito do que vi, vai ficar linda a escola, mais espa\u00e7osa, com parquinho, lugar para nossos filhos brincarem, ar condicionado nas salas, ser\u00e1 uma nova escola. Tenho certeza que todos os alunos e os pais v\u00e3o adorar\u201d, disse.<\/p>\n<p>Al\u00e9m da obra da Eliseu Santos que iniciar\u00e1 neste semestre, o prefeito j\u00e1 anunciou as reformas da Hayd\u00e9e Fonseca\u00a0no Jo\u00e3o Paulo II, o CAIC, na Malhada da Areia, Manoel de Souza Bonfim e a EMEI Am\u00e9rico Tanuri, em Ab\u00f3bora, e outras 14 unidades escolares j\u00e1 est\u00e3o em execu\u00e7\u00e3o na sede e interior do munic\u00edpio.\u00a0Na pr\u00f3xima sexta-feira (17) ser\u00e1 inaugurada \u00e0s escolas Joana Ramos, em Itamotinga e a Oscarlina Tanuri, no Junco.<\/p>\n<p>Por Emanuelle Lustosa\/SEDUC<\/p>\n","protected":false},"excerpt":{"rendered":"<p>Domingo (12), a secret\u00e1ria de Educa\u00e7\u00e3o e Juventude \u2013 SEDUC, Lucinete Alves, acompanhada de lideran\u00e7as, pais de alunos e educadores apresentou o projeto de reforma, amplia\u00e7\u00e3o e climatiza\u00e7\u00e3o da Escola Eliseu Santos, localizada na CAJ, distrito de Itamotinga. A obra ir\u00e1 beneficiar mais de 230 alunos da Educa\u00e7\u00e3o infantil at\u00e9 o 9\u00b0 ano. \u201cEssa \u00e9 a quarta obra da Educa\u00e7\u00e3o que vamos realizar em Itamotinga este ano. Estamos com reforma em mais duas unidades escolares e esta semana inauguramos a Joana Ramos, na comunidade de Periquito. A Educa\u00e7\u00e3o tem avan\u00e7ado muito nos \u00faltimos 12 anos e nesta gest\u00e3o conseguimos avan\u00e7ar ainda mais, melhorando a infraestrutura com um novo conceito nas reformas das escolas. Aumentamos o IDEB para 5.4, valoriza\u00e7\u00e3o dos&hellip; <\/p>\n","protected":false},"author":1,"featured_media":262167,"comment_status":"closed","ping_status":"closed","sticky":false,"template":"","format":"standard","meta":{"_acf_changed":false,"footnotes":""},"categories":[1],"tags":[],"class_list":["post-262166","post","type-post","status-publish","format-standard","has-post-thumbnail","hentry","category-politica"],"acf":[],"yoast_head":"<!-- This site is optimized with the Yoast SEO plugin v27.4 - https:\/\/yoast.com\/product\/yoast-seo-wordpress\/ -->\n<title>Prefeitura vai reformar, ampliar e climatizar mais uma escola em Itamotinga - Blog do Farn\u00e9sio<\/title>\n<meta name=\"robots\" content=\"index, follow, max-snippet:-1, max-image-preview:large, max-video-preview:-1\" \/>\n<link rel=\"canonical\" href=\"https:\/\/blogdofarnesio.com.br\/?p=262166\" \/>\n<meta property=\"og:locale\" content=\"pt_BR\" \/>\n<meta property=\"og:type\" content=\"article\" \/>\n<meta property=\"og:title\" content=\"Prefeitura vai reformar, ampliar e climatizar mais uma escola em Itamotinga - Blog do Farn\u00e9sio\" \/>\n<meta property=\"og:description\" content=\"Domingo (12), a secret\u00e1ria de Educa\u00e7\u00e3o e Juventude \u2013 SEDUC, Lucinete Alves, acompanhada de lideran\u00e7as, pais de alunos e educadores apresentou o projeto de reforma, amplia\u00e7\u00e3o e climatiza\u00e7\u00e3o da Escola Eliseu Santos, localizada na CAJ, distrito de Itamotinga. A obra ir\u00e1 beneficiar mais de 230 alunos da Educa\u00e7\u00e3o infantil at\u00e9 o 9\u00b0 ano. \u201cEssa \u00e9 a quarta obra da Educa\u00e7\u00e3o que vamos realizar em Itamotinga este ano. Estamos com reforma em mais duas unidades escolares e esta semana inauguramos a Joana Ramos, na comunidade de Periquito. A Educa\u00e7\u00e3o tem avan\u00e7ado muito nos \u00faltimos 12 anos e nesta gest\u00e3o conseguimos avan\u00e7ar ainda mais, melhorando a infraestrutura com um novo conceito nas reformas das escolas. Aumentamos o IDEB para 5.4, valoriza\u00e7\u00e3o dos&hellip;\" \/>\n<meta property=\"og:url\" content=\"https:\/\/blogdofarnesio.com.br\/?p=262166\" \/>\n<meta property=\"og:site_name\" content=\"Blog do Farn\u00e9sio\" \/>\n<meta property=\"article:publisher\" content=\"https:\/\/www.facebook.com\/BlogQuerSaberPolitica\/\" \/>\n<meta property=\"article:published_time\" content=\"2020-07-14T13:42:31+00:00\" \/>\n<meta property=\"og:image\" content=\"https:\/\/blogdofarnesio.com.br\/wp-content\/uploads\/2020\/07\/blogqspjua-reformar-ampliar-e-climatizar-escola-Itamotinga-e1594680542493.jpg\" \/>\n\t<meta property=\"og:image:width\" content=\"660\" \/>\n\t<meta property=\"og:image:height\" content=\"439\" \/>\n\t<meta property=\"og:image:type\" content=\"image\/jpeg\" \/>\n<meta name=\"author\" content=\"Farn\u00e9sio\" \/>\n<meta name=\"twitter:card\" content=\"summary_large_image\" \/>\n<meta name=\"twitter:label1\" content=\"Escrito por\" \/>\n\t<meta name=\"twitter:data1\" content=\"Farn\u00e9sio\" \/>\n\t<meta name=\"twitter:label2\" content=\"Est. tempo de leitura\" \/>\n\t<meta name=\"twitter:data2\" content=\"3 minutos\" \/>\n<script type=\"application\/ld+json\" class=\"yoast-schema-graph\">{\"@context\":\"https:\\\/\\\/schema.org\",\"@graph\":[{\"@type\":\"Article\",\"@id\":\"https:\\\/\\\/blogdofarnesio.com.br\\\/?p=262166#article\",\"isPartOf\":{\"@id\":\"https:\\\/\\\/blogdofarnesio.com.br\\\/?p=262166\"},\"author\":{\"name\":\"Farn\u00e9sio\",\"@id\":\"https:\\\/\\\/blogdofarnesio.com.br\\\/#\\\/schema\\\/person\\\/301c4acf522bccbfdb45af95b5b906a1\"},\"headline\":\"Prefeitura vai reformar, ampliar e climatizar mais uma escola em Itamotinga\",\"datePublished\":\"2020-07-14T13:42:31+00:00\",\"mainEntityOfPage\":{\"@id\":\"https:\\\/\\\/blogdofarnesio.com.br\\\/?p=262166\"},\"wordCount\":560,\"publisher\":{\"@id\":\"https:\\\/\\\/blogdofarnesio.com.br\\\/#organization\"},\"image\":{\"@id\":\"https:\\\/\\\/blogdofarnesio.com.br\\\/?p=262166#primaryimage\"},\"thumbnailUrl\":\"https:\\\/\\\/blogdofarnesio.com.br\\\/wp-content\\\/uploads\\\/2020\\\/07\\\/blogqspjua-reformar-ampliar-e-climatizar-escola-Itamotinga-e1594680542493.jpg\",\"articleSection\":[\"Pol\u00edtica\"],\"inLanguage\":\"pt-BR\"},{\"@type\":\"WebPage\",\"@id\":\"https:\\\/\\\/blogdofarnesio.com.br\\\/?p=262166\",\"url\":\"https:\\\/\\\/blogdofarnesio.com.br\\\/?p=262166\",\"name\":\"Prefeitura vai reformar, ampliar e climatizar mais uma escola em Itamotinga - Blog do Farn\u00e9sio\",\"isPartOf\":{\"@id\":\"https:\\\/\\\/blogdofarnesio.com.br\\\/#website\"},\"primaryImageOfPage\":{\"@id\":\"https:\\\/\\\/blogdofarnesio.com.br\\\/?p=262166#primaryimage\"},\"image\":{\"@id\":\"https:\\\/\\\/blogdofarnesio.com.br\\\/?p=262166#primaryimage\"},\"thumbnailUrl\":\"https:\\\/\\\/blogdofarnesio.com.br\\\/wp-content\\\/uploads\\\/2020\\\/07\\\/blogqspjua-reformar-ampliar-e-climatizar-escola-Itamotinga-e1594680542493.jpg\",\"datePublished\":\"2020-07-14T13:42:31+00:00\",\"breadcrumb\":{\"@id\":\"https:\\\/\\\/blogdofarnesio.com.br\\\/?p=262166#breadcrumb\"},\"inLanguage\":\"pt-BR\",\"potentialAction\":[{\"@type\":\"ReadAction\",\"target\":[\"https:\\\/\\\/blogdofarnesio.com.br\\\/?p=262166\"]}]},{\"@type\":\"ImageObject\",\"inLanguage\":\"pt-BR\",\"@id\":\"https:\\\/\\\/blogdofarnesio.com.br\\\/?p=262166#primaryimage\",\"url\":\"https:\\\/\\\/blogdofarnesio.com.br\\\/wp-content\\\/uploads\\\/2020\\\/07\\\/blogqspjua-reformar-ampliar-e-climatizar-escola-Itamotinga-e1594680542493.jpg\",\"contentUrl\":\"https:\\\/\\\/blogdofarnesio.com.br\\\/wp-content\\\/uploads\\\/2020\\\/07\\\/blogqspjua-reformar-ampliar-e-climatizar-escola-Itamotinga-e1594680542493.jpg\",\"width\":660,\"height\":439},{\"@type\":\"BreadcrumbList\",\"@id\":\"https:\\\/\\\/blogdofarnesio.com.br\\\/?p=262166#breadcrumb\",\"itemListElement\":[{\"@type\":\"ListItem\",\"position\":1,\"name\":\"In\u00edcio\",\"item\":\"https:\\\/\\\/blogdofarnesio.com.br\\\/\"},{\"@type\":\"ListItem\",\"position\":2,\"name\":\"Prefeitura vai reformar, ampliar e climatizar mais uma escola em Itamotinga\"}]},{\"@type\":\"WebSite\",\"@id\":\"https:\\\/\\\/blogdofarnesio.com.br\\\/#website\",\"url\":\"https:\\\/\\\/blogdofarnesio.com.br\\\/\",\"name\":\"Blog do Farn\u00e9sio\",\"description\":\"Quer Saber Pol\u00edtica?\",\"publisher\":{\"@id\":\"https:\\\/\\\/blogdofarnesio.com.br\\\/#organization\"},\"potentialAction\":[{\"@type\":\"SearchAction\",\"target\":{\"@type\":\"EntryPoint\",\"urlTemplate\":\"https:\\\/\\\/blogdofarnesio.com.br\\\/?s={search_term_string}\"},\"query-input\":{\"@type\":\"PropertyValueSpecification\",\"valueRequired\":true,\"valueName\":\"search_term_string\"}}],\"inLanguage\":\"pt-BR\"},{\"@type\":\"Organization\",\"@id\":\"https:\\\/\\\/blogdofarnesio.com.br\\\/#organization\",\"name\":\"Blog do Farn\u00e9sio\",\"url\":\"https:\\\/\\\/blogdofarnesio.com.br\\\/\",\"logo\":{\"@type\":\"ImageObject\",\"inLanguage\":\"pt-BR\",\"@id\":\"https:\\\/\\\/blogdofarnesio.com.br\\\/#\\\/schema\\\/logo\\\/image\\\/\",\"url\":\"https:\\\/\\\/blogdofarnesio.com.br\\\/wp-content\\\/uploads\\\/2026\\\/03\\\/cropped-logo_new-1.png\",\"contentUrl\":\"https:\\\/\\\/blogdofarnesio.com.br\\\/wp-content\\\/uploads\\\/2026\\\/03\\\/cropped-logo_new-1.png\",\"width\":881,\"height\":685,\"caption\":\"Blog do Farn\u00e9sio\"},\"image\":{\"@id\":\"https:\\\/\\\/blogdofarnesio.com.br\\\/#\\\/schema\\\/logo\\\/image\\\/\"},\"sameAs\":[\"https:\\\/\\\/www.facebook.com\\\/BlogQuerSaberPolitica\\\/\"]},{\"@type\":\"Person\",\"@id\":\"https:\\\/\\\/blogdofarnesio.com.br\\\/#\\\/schema\\\/person\\\/301c4acf522bccbfdb45af95b5b906a1\",\"name\":\"Farn\u00e9sio\",\"image\":{\"@type\":\"ImageObject\",\"inLanguage\":\"pt-BR\",\"@id\":\"https:\\\/\\\/secure.gravatar.com\\\/avatar\\\/df0c9a14567c056f8ad6876ba5bbd1e3e2c48023eb6807342fc4663adf549f38?s=96&d=mm&r=g\",\"url\":\"https:\\\/\\\/secure.gravatar.com\\\/avatar\\\/df0c9a14567c056f8ad6876ba5bbd1e3e2c48023eb6807342fc4663adf549f38?s=96&d=mm&r=g\",\"contentUrl\":\"https:\\\/\\\/secure.gravatar.com\\\/avatar\\\/df0c9a14567c056f8ad6876ba5bbd1e3e2c48023eb6807342fc4663adf549f38?s=96&d=mm&r=g\",\"caption\":\"Farn\u00e9sio\"},\"sameAs\":[\"https:\\\/\\\/quersaberpolitica.com.br\"],\"url\":\"https:\\\/\\\/blogdofarnesio.com.br\\\/?author=1\"}]}<\/script>\n<!-- \/ Yoast SEO plugin. -->","yoast_head_json":{"title":"Prefeitura vai reformar, ampliar e climatizar mais uma escola em Itamotinga - Blog do Farn\u00e9sio","robots":{"index":"index","follow":"follow","max-snippet":"max-snippet:-1","max-image-preview":"max-image-preview:large","max-video-preview":"max-video-preview:-1"},"canonical":"https:\/\/blogdofarnesio.com.br\/?p=262166","og_locale":"pt_BR","og_type":"article","og_title":"Prefeitura vai reformar, ampliar e climatizar mais uma escola em Itamotinga - Blog do Farn\u00e9sio","og_description":"Domingo (12), a secret\u00e1ria de Educa\u00e7\u00e3o e Juventude \u2013 SEDUC, Lucinete Alves, acompanhada de lideran\u00e7as, pais de alunos e educadores apresentou o projeto de reforma, amplia\u00e7\u00e3o e climatiza\u00e7\u00e3o da Escola Eliseu Santos, localizada na CAJ, distrito de Itamotinga. A obra ir\u00e1 beneficiar mais de 230 alunos da Educa\u00e7\u00e3o infantil at\u00e9 o 9\u00b0 ano. \u201cEssa \u00e9 a quarta obra da Educa\u00e7\u00e3o que vamos realizar em Itamotinga este ano. Estamos com reforma em mais duas unidades escolares e esta semana inauguramos a Joana Ramos, na comunidade de Periquito. A Educa\u00e7\u00e3o tem avan\u00e7ado muito nos \u00faltimos 12 anos e nesta gest\u00e3o conseguimos avan\u00e7ar ainda mais, melhorando a infraestrutura com um novo conceito nas reformas das escolas. Aumentamos o IDEB para 5.4, valoriza\u00e7\u00e3o dos&hellip;","og_url":"https:\/\/blogdofarnesio.com.br\/?p=262166","og_site_name":"Blog do Farn\u00e9sio","article_publisher":"https:\/\/www.facebook.com\/BlogQuerSaberPolitica\/","article_published_time":"2020-07-14T13:42:31+00:00","og_image":[{"width":660,"height":439,"url":"https:\/\/blogdofarnesio.com.br\/wp-content\/uploads\/2020\/07\/blogqspjua-reformar-ampliar-e-climatizar-escola-Itamotinga-e1594680542493.jpg","type":"image\/jpeg"}],"author":"Farn\u00e9sio","twitter_card":"summary_large_image","twitter_misc":{"Escrito por":"Farn\u00e9sio","Est. tempo de leitura":"3 minutos"},"schema":{"@context":"https:\/\/schema.org","@graph":[{"@type":"Article","@id":"https:\/\/blogdofarnesio.com.br\/?p=262166#article","isPartOf":{"@id":"https:\/\/blogdofarnesio.com.br\/?p=262166"},"author":{"name":"Farn\u00e9sio","@id":"https:\/\/blogdofarnesio.com.br\/#\/schema\/person\/301c4acf522bccbfdb45af95b5b906a1"},"headline":"Prefeitura vai reformar, ampliar e climatizar mais uma escola em Itamotinga","datePublished":"2020-07-14T13:42:31+00:00","mainEntityOfPage":{"@id":"https:\/\/blogdofarnesio.com.br\/?p=262166"},"wordCount":560,"publisher":{"@id":"https:\/\/blogdofarnesio.com.br\/#organization"},"image":{"@id":"https:\/\/blogdofarnesio.com.br\/?p=262166#primaryimage"},"thumbnailUrl":"https:\/\/blogdofarnesio.com.br\/wp-content\/uploads\/2020\/07\/blogqspjua-reformar-ampliar-e-climatizar-escola-Itamotinga-e1594680542493.jpg","articleSection":["Pol\u00edtica"],"inLanguage":"pt-BR"},{"@type":"WebPage","@id":"https:\/\/blogdofarnesio.com.br\/?p=262166","url":"https:\/\/blogdofarnesio.com.br\/?p=262166","name":"Prefeitura vai reformar, ampliar e climatizar mais uma escola em Itamotinga - Blog do Farn\u00e9sio","isPartOf":{"@id":"https:\/\/blogdofarnesio.com.br\/#website"},"primaryImageOfPage":{"@id":"https:\/\/blogdofarnesio.com.br\/?p=262166#primaryimage"},"image":{"@id":"https:\/\/blogdofarnesio.com.br\/?p=262166#primaryimage"},"thumbnailUrl":"https:\/\/blogdofarnesio.com.br\/wp-content\/uploads\/2020\/07\/blogqspjua-reformar-ampliar-e-climatizar-escola-Itamotinga-e1594680542493.jpg","datePublished":"2020-07-14T13:42:31+00:00","breadcrumb":{"@id":"https:\/\/blogdofarnesio.com.br\/?p=262166#breadcrumb"},"inLanguage":"pt-BR","potentialAction":[{"@type":"ReadAction","target":["https:\/\/blogdofarnesio.com.br\/?p=262166"]}]},{"@type":"ImageObject","inLanguage":"pt-BR","@id":"https:\/\/blogdofarnesio.com.br\/?p=262166#primaryimage","url":"https:\/\/blogdofarnesio.com.br\/wp-content\/uploads\/2020\/07\/blogqspjua-reformar-ampliar-e-climatizar-escola-Itamotinga-e1594680542493.jpg","contentUrl":"https:\/\/blogdofarnesio.com.br\/wp-content\/uploads\/2020\/07\/blogqspjua-reformar-ampliar-e-climatizar-escola-Itamotinga-e1594680542493.jpg","width":660,"height":439},{"@type":"BreadcrumbList","@id":"https:\/\/blogdofarnesio.com.br\/?p=262166#breadcrumb","itemListElement":[{"@type":"ListItem","position":1,"name":"In\u00edcio","item":"https:\/\/blogdofarnesio.com.br\/"},{"@type":"ListItem","position":2,"name":"Prefeitura vai reformar, ampliar e climatizar mais uma escola em Itamotinga"}]},{"@type":"WebSite","@id":"https:\/\/blogdofarnesio.com.br\/#website","url":"https:\/\/blogdofarnesio.com.br\/","name":"Blog do Farn\u00e9sio","description":"Quer Saber Pol\u00edtica?","publisher":{"@id":"https:\/\/blogdofarnesio.com.br\/#organization"},"potentialAction":[{"@type":"SearchAction","target":{"@type":"EntryPoint","urlTemplate":"https:\/\/blogdofarnesio.com.br\/?s={search_term_string}"},"query-input":{"@type":"PropertyValueSpecification","valueRequired":true,"valueName":"search_term_string"}}],"inLanguage":"pt-BR"},{"@type":"Organization","@id":"https:\/\/blogdofarnesio.com.br\/#organization","name":"Blog do Farn\u00e9sio","url":"https:\/\/blogdofarnesio.com.br\/","logo":{"@type":"ImageObject","inLanguage":"pt-BR","@id":"https:\/\/blogdofarnesio.com.br\/#\/schema\/logo\/image\/","url":"https:\/\/blogdofarnesio.com.br\/wp-content\/uploads\/2026\/03\/cropped-logo_new-1.png","contentUrl":"https:\/\/blogdofarnesio.com.br\/wp-content\/uploads\/2026\/03\/cropped-logo_new-1.png","width":881,"height":685,"caption":"Blog do Farn\u00e9sio"},"image":{"@id":"https:\/\/blogdofarnesio.com.br\/#\/schema\/logo\/image\/"},"sameAs":["https:\/\/www.facebook.com\/BlogQuerSaberPolitica\/"]},{"@type":"Person","@id":"https:\/\/blogdofarnesio.com.br\/#\/schema\/person\/301c4acf522bccbfdb45af95b5b906a1","name":"Farn\u00e9sio","image":{"@type":"ImageObject","inLanguage":"pt-BR","@id":"https:\/\/secure.gravatar.com\/avatar\/df0c9a14567c056f8ad6876ba5bbd1e3e2c48023eb6807342fc4663adf549f38?s=96&d=mm&r=g","url":"https:\/\/secure.gravatar.com\/avatar\/df0c9a14567c056f8ad6876ba5bbd1e3e2c48023eb6807342fc4663adf549f38?s=96&d=mm&r=g","contentUrl":"https:\/\/secure.gravatar.com\/avatar\/df0c9a14567c056f8ad6876ba5bbd1e3e2c48023eb6807342fc4663adf549f38?s=96&d=mm&r=g","caption":"Farn\u00e9sio"},"sameAs":["https:\/\/quersaberpolitica.com.br"],"url":"https:\/\/blogdofarnesio.com.br\/?author=1"}]}},"_links":{"self":[{"href":"https:\/\/blogdofarnesio.com.br\/index.php?rest_route=\/wp\/v2\/posts\/262166","targetHints":{"allow":["GET"]}}],"collection":[{"href":"https:\/\/blogdofarnesio.com.br\/index.php?rest_route=\/wp\/v2\/posts"}],"about":[{"href":"https:\/\/blogdofarnesio.com.br\/index.php?rest_route=\/wp\/v2\/types\/post"}],"author":[{"embeddable":true,"href":"https:\/\/blogdofarnesio.com.br\/index.php?rest_route=\/wp\/v2\/users\/1"}],"replies":[{"embeddable":true,"href":"https:\/\/blogdofarnesio.com.br\/index.php?rest_route=%2Fwp%2Fv2%2Fcomments&post=262166"}],"version-history":[{"count":0,"href":"https:\/\/blogdofarnesio.com.br\/index.php?rest_route=\/wp\/v2\/posts\/262166\/revisions"}],"wp:featuredmedia":[{"embeddable":true,"href":"https:\/\/blogdofarnesio.com.br\/index.php?rest_route=\/wp\/v2\/media\/262167"}],"wp:attachment":[{"href":"https:\/\/blogdofarnesio.com.br\/index.php?rest_route=%2Fwp%2Fv2%2Fmedia&parent=262166"}],"wp:term":[{"taxonomy":"category","embeddable":true,"href":"https:\/\/blogdofarnesio.com.br\/index.php?rest_route=%2Fwp%2Fv2%2Fcategories&post=262166"},{"taxonomy":"post_tag","embeddable":true,"href":"https:\/\/blogdofarnesio.com.br\/index.php?rest_route=%2Fwp%2Fv2%2Ftags&post=262166"}],"curies":[{"name":"wp","href":"https:\/\/api.w.org\/{rel}","templated":true}]}}