{"id":262143,"date":"2020-07-14T10:02:17","date_gmt":"2020-07-14T13:02:17","guid":{"rendered":"http:\/\/quersaberpolitica.com.br\/2016\/?p=262143"},"modified":"2020-07-13T18:30:16","modified_gmt":"2020-07-13T21:30:16","slug":"prefeitura-de-petrolina-inicia-entrega-de-quarto-lote-dos-kits-alimentares-destinados-aos-idosos","status":"publish","type":"post","link":"https:\/\/blogdofarnesio.com.br\/?p=262143","title":{"rendered":"Prefeitura de Petrolina inicia entrega de quarto lote dos kits alimentares destinados aos idosos"},"content":{"rendered":"<p>O quarto lote dos kits alimentares destinados ao p\u00fablico da terceira idade, em espec\u00edfico aqueles que est\u00e3o em situa\u00e7\u00e3o de inseguran\u00e7a alimentar e que s\u00e3o acompanhados nos Centros de Conviv\u00eancia do Idoso (CCI) de Petrolina, come\u00e7a a ser distribu\u00eddo nesta quarta-feira (15).<\/p>\n<p>O cronograma ter\u00e1 dura\u00e7\u00e3o de tr\u00eas dias, os familiares devem estar atentos ao dia e hor\u00e1rio que o kit estar\u00e1 dispon\u00edvel no CCI de refer\u00eancia.<\/p>\n<p>Ser\u00e3o contemplados 94 idosos. O kit alimentar deve ser retirado por um parente, idosos que moram sozinhos n\u00e3o devem procurar o CCI, pois v\u00e3o receber os itens em casa. A entrega come\u00e7a na quarta-feira no CCI Rio Jord\u00e3o, das 8h \u00e0s 13h. No mesmo hor\u00e1rio da quinta-feira (16), \u00e9 a vez do p\u00fablico acompanhado no CCI Mimi Cruz. A programa\u00e7\u00e3o encerra na sexta-feira (17) no CCI V\u00f3 Pul\u00fa.<\/p>\n<p>A suspens\u00e3o tempor\u00e1ria das atividades dos CCI\u2019s foi uma das primeiras medidas de preven\u00e7\u00e3o ao novo coronav\u00edrus adotadas pela Prefeitura de Petrolina. A distribui\u00e7\u00e3o dos kits alimentares aos idosos que dependiam da alimenta\u00e7\u00e3o fornecida pelo servi\u00e7o, \u00e9 uma das iniciativas da administra\u00e7\u00e3o municipal para continuar garantindo assist\u00eancia ao p\u00fablico.<\/p>\n<p>Fotos: Prefeitura de Petrolina<\/p>\n<p>Texto\u00a0 : Andr\u00e9a Meireles<\/p>\n<p>Assessora de Imprensa<\/p>\n","protected":false},"excerpt":{"rendered":"<p>O quarto lote dos kits alimentares destinados ao p\u00fablico da terceira idade, em espec\u00edfico aqueles que est\u00e3o em situa\u00e7\u00e3o de inseguran\u00e7a alimentar e que s\u00e3o acompanhados nos Centros de Conviv\u00eancia do Idoso (CCI) de Petrolina, come\u00e7a a ser distribu\u00eddo nesta quarta-feira (15). O cronograma ter\u00e1 dura\u00e7\u00e3o de tr\u00eas dias, os familiares devem estar atentos ao dia e hor\u00e1rio que o kit estar\u00e1 dispon\u00edvel no CCI de refer\u00eancia. Ser\u00e3o contemplados 94 idosos. O kit alimentar deve ser retirado por um parente, idosos que moram sozinhos n\u00e3o devem procurar o CCI, pois v\u00e3o receber os itens em casa. A entrega come\u00e7a na quarta-feira no CCI Rio Jord\u00e3o, das 8h \u00e0s 13h. No mesmo hor\u00e1rio da quinta-feira (16), \u00e9 a vez do p\u00fablico&hellip; <\/p>\n","protected":false},"author":1,"featured_media":262144,"comment_status":"closed","ping_status":"closed","sticky":false,"template":"","format":"standard","meta":{"_acf_changed":false,"footnotes":""},"categories":[22],"tags":[],"class_list":["post-262143","post","type-post","status-publish","format-standard","has-post-thumbnail","hentry","category-acao-social"],"acf":[],"yoast_head":"<!-- This site is optimized with the Yoast SEO plugin v27.4 - https:\/\/yoast.com\/product\/yoast-seo-wordpress\/ -->\n<title>Prefeitura de Petrolina inicia entrega de quarto lote dos kits alimentares destinados aos idosos - Blog do Farn\u00e9sio<\/title>\n<meta name=\"robots\" content=\"index, follow, max-snippet:-1, max-image-preview:large, max-video-preview:-1\" \/>\n<link rel=\"canonical\" href=\"https:\/\/blogdofarnesio.com.br\/?p=262143\" \/>\n<meta property=\"og:locale\" content=\"pt_BR\" \/>\n<meta property=\"og:type\" content=\"article\" \/>\n<meta property=\"og:title\" content=\"Prefeitura de Petrolina inicia entrega de quarto lote dos kits alimentares destinados aos idosos - Blog do Farn\u00e9sio\" \/>\n<meta property=\"og:description\" content=\"O quarto lote dos kits alimentares destinados ao p\u00fablico da terceira idade, em espec\u00edfico aqueles que est\u00e3o em situa\u00e7\u00e3o de inseguran\u00e7a alimentar e que s\u00e3o acompanhados nos Centros de Conviv\u00eancia do Idoso (CCI) de Petrolina, come\u00e7a a ser distribu\u00eddo nesta quarta-feira (15). O cronograma ter\u00e1 dura\u00e7\u00e3o de tr\u00eas dias, os familiares devem estar atentos ao dia e hor\u00e1rio que o kit estar\u00e1 dispon\u00edvel no CCI de refer\u00eancia. Ser\u00e3o contemplados 94 idosos. O kit alimentar deve ser retirado por um parente, idosos que moram sozinhos n\u00e3o devem procurar o CCI, pois v\u00e3o receber os itens em casa. A entrega come\u00e7a na quarta-feira no CCI Rio Jord\u00e3o, das 8h \u00e0s 13h. No mesmo hor\u00e1rio da quinta-feira (16), \u00e9 a vez do p\u00fablico&hellip;\" \/>\n<meta property=\"og:url\" content=\"https:\/\/blogdofarnesio.com.br\/?p=262143\" \/>\n<meta property=\"og:site_name\" content=\"Blog do Farn\u00e9sio\" \/>\n<meta property=\"article:publisher\" content=\"https:\/\/www.facebook.com\/BlogQuerSaberPolitica\/\" \/>\n<meta property=\"article:published_time\" content=\"2020-07-14T13:02:17+00:00\" \/>\n<meta property=\"og:image\" content=\"https:\/\/blogdofarnesio.com.br\/wp-content\/uploads\/2020\/07\/6-ENTREGA-KITS.jpeg\" \/>\n\t<meta property=\"og:image:width\" content=\"1280\" \/>\n\t<meta property=\"og:image:height\" content=\"853\" \/>\n\t<meta property=\"og:image:type\" content=\"image\/jpeg\" \/>\n<meta name=\"author\" content=\"Farn\u00e9sio\" \/>\n<meta name=\"twitter:card\" content=\"summary_large_image\" \/>\n<meta name=\"twitter:label1\" content=\"Escrito por\" \/>\n\t<meta name=\"twitter:data1\" content=\"Farn\u00e9sio\" \/>\n\t<meta name=\"twitter:label2\" content=\"Est. tempo de leitura\" \/>\n\t<meta name=\"twitter:data2\" content=\"1 minuto\" \/>\n<script type=\"application\/ld+json\" class=\"yoast-schema-graph\">{\"@context\":\"https:\\\/\\\/schema.org\",\"@graph\":[{\"@type\":\"Article\",\"@id\":\"https:\\\/\\\/blogdofarnesio.com.br\\\/?p=262143#article\",\"isPartOf\":{\"@id\":\"https:\\\/\\\/blogdofarnesio.com.br\\\/?p=262143\"},\"author\":{\"name\":\"Farn\u00e9sio\",\"@id\":\"https:\\\/\\\/blogdofarnesio.com.br\\\/#\\\/schema\\\/person\\\/301c4acf522bccbfdb45af95b5b906a1\"},\"headline\":\"Prefeitura de Petrolina inicia entrega de quarto lote dos kits alimentares destinados aos idosos\",\"datePublished\":\"2020-07-14T13:02:17+00:00\",\"mainEntityOfPage\":{\"@id\":\"https:\\\/\\\/blogdofarnesio.com.br\\\/?p=262143\"},\"wordCount\":236,\"publisher\":{\"@id\":\"https:\\\/\\\/blogdofarnesio.com.br\\\/#organization\"},\"image\":{\"@id\":\"https:\\\/\\\/blogdofarnesio.com.br\\\/?p=262143#primaryimage\"},\"thumbnailUrl\":\"https:\\\/\\\/blogdofarnesio.com.br\\\/wp-content\\\/uploads\\\/2020\\\/07\\\/6-ENTREGA-KITS.jpeg\",\"articleSection\":[\"A\u00e7\u00e3o Social\"],\"inLanguage\":\"pt-BR\"},{\"@type\":\"WebPage\",\"@id\":\"https:\\\/\\\/blogdofarnesio.com.br\\\/?p=262143\",\"url\":\"https:\\\/\\\/blogdofarnesio.com.br\\\/?p=262143\",\"name\":\"Prefeitura de Petrolina inicia entrega de quarto lote dos kits alimentares destinados aos idosos - Blog do Farn\u00e9sio\",\"isPartOf\":{\"@id\":\"https:\\\/\\\/blogdofarnesio.com.br\\\/#website\"},\"primaryImageOfPage\":{\"@id\":\"https:\\\/\\\/blogdofarnesio.com.br\\\/?p=262143#primaryimage\"},\"image\":{\"@id\":\"https:\\\/\\\/blogdofarnesio.com.br\\\/?p=262143#primaryimage\"},\"thumbnailUrl\":\"https:\\\/\\\/blogdofarnesio.com.br\\\/wp-content\\\/uploads\\\/2020\\\/07\\\/6-ENTREGA-KITS.jpeg\",\"datePublished\":\"2020-07-14T13:02:17+00:00\",\"breadcrumb\":{\"@id\":\"https:\\\/\\\/blogdofarnesio.com.br\\\/?p=262143#breadcrumb\"},\"inLanguage\":\"pt-BR\",\"potentialAction\":[{\"@type\":\"ReadAction\",\"target\":[\"https:\\\/\\\/blogdofarnesio.com.br\\\/?p=262143\"]}]},{\"@type\":\"ImageObject\",\"inLanguage\":\"pt-BR\",\"@id\":\"https:\\\/\\\/blogdofarnesio.com.br\\\/?p=262143#primaryimage\",\"url\":\"https:\\\/\\\/blogdofarnesio.com.br\\\/wp-content\\\/uploads\\\/2020\\\/07\\\/6-ENTREGA-KITS.jpeg\",\"contentUrl\":\"https:\\\/\\\/blogdofarnesio.com.br\\\/wp-content\\\/uploads\\\/2020\\\/07\\\/6-ENTREGA-KITS.jpeg\",\"width\":1280,\"height\":853},{\"@type\":\"BreadcrumbList\",\"@id\":\"https:\\\/\\\/blogdofarnesio.com.br\\\/?p=262143#breadcrumb\",\"itemListElement\":[{\"@type\":\"ListItem\",\"position\":1,\"name\":\"In\u00edcio\",\"item\":\"https:\\\/\\\/blogdofarnesio.com.br\\\/\"},{\"@type\":\"ListItem\",\"position\":2,\"name\":\"Prefeitura de Petrolina inicia entrega de quarto lote dos kits alimentares destinados aos idosos\"}]},{\"@type\":\"WebSite\",\"@id\":\"https:\\\/\\\/blogdofarnesio.com.br\\\/#website\",\"url\":\"https:\\\/\\\/blogdofarnesio.com.br\\\/\",\"name\":\"Blog do Farn\u00e9sio\",\"description\":\"Quer Saber Pol\u00edtica?\",\"publisher\":{\"@id\":\"https:\\\/\\\/blogdofarnesio.com.br\\\/#organization\"},\"potentialAction\":[{\"@type\":\"SearchAction\",\"target\":{\"@type\":\"EntryPoint\",\"urlTemplate\":\"https:\\\/\\\/blogdofarnesio.com.br\\\/?s={search_term_string}\"},\"query-input\":{\"@type\":\"PropertyValueSpecification\",\"valueRequired\":true,\"valueName\":\"search_term_string\"}}],\"inLanguage\":\"pt-BR\"},{\"@type\":\"Organization\",\"@id\":\"https:\\\/\\\/blogdofarnesio.com.br\\\/#organization\",\"name\":\"Blog do Farn\u00e9sio\",\"url\":\"https:\\\/\\\/blogdofarnesio.com.br\\\/\",\"logo\":{\"@type\":\"ImageObject\",\"inLanguage\":\"pt-BR\",\"@id\":\"https:\\\/\\\/blogdofarnesio.com.br\\\/#\\\/schema\\\/logo\\\/image\\\/\",\"url\":\"https:\\\/\\\/blogdofarnesio.com.br\\\/wp-content\\\/uploads\\\/2026\\\/03\\\/cropped-logo_new-1.png\",\"contentUrl\":\"https:\\\/\\\/blogdofarnesio.com.br\\\/wp-content\\\/uploads\\\/2026\\\/03\\\/cropped-logo_new-1.png\",\"width\":881,\"height\":685,\"caption\":\"Blog do Farn\u00e9sio\"},\"image\":{\"@id\":\"https:\\\/\\\/blogdofarnesio.com.br\\\/#\\\/schema\\\/logo\\\/image\\\/\"},\"sameAs\":[\"https:\\\/\\\/www.facebook.com\\\/BlogQuerSaberPolitica\\\/\"]},{\"@type\":\"Person\",\"@id\":\"https:\\\/\\\/blogdofarnesio.com.br\\\/#\\\/schema\\\/person\\\/301c4acf522bccbfdb45af95b5b906a1\",\"name\":\"Farn\u00e9sio\",\"image\":{\"@type\":\"ImageObject\",\"inLanguage\":\"pt-BR\",\"@id\":\"https:\\\/\\\/secure.gravatar.com\\\/avatar\\\/df0c9a14567c056f8ad6876ba5bbd1e3e2c48023eb6807342fc4663adf549f38?s=96&d=mm&r=g\",\"url\":\"https:\\\/\\\/secure.gravatar.com\\\/avatar\\\/df0c9a14567c056f8ad6876ba5bbd1e3e2c48023eb6807342fc4663adf549f38?s=96&d=mm&r=g\",\"contentUrl\":\"https:\\\/\\\/secure.gravatar.com\\\/avatar\\\/df0c9a14567c056f8ad6876ba5bbd1e3e2c48023eb6807342fc4663adf549f38?s=96&d=mm&r=g\",\"caption\":\"Farn\u00e9sio\"},\"sameAs\":[\"https:\\\/\\\/quersaberpolitica.com.br\"],\"url\":\"https:\\\/\\\/blogdofarnesio.com.br\\\/?author=1\"}]}<\/script>\n<!-- \/ Yoast SEO plugin. -->","yoast_head_json":{"title":"Prefeitura de Petrolina inicia entrega de quarto lote dos kits alimentares destinados aos idosos - Blog do Farn\u00e9sio","robots":{"index":"index","follow":"follow","max-snippet":"max-snippet:-1","max-image-preview":"max-image-preview:large","max-video-preview":"max-video-preview:-1"},"canonical":"https:\/\/blogdofarnesio.com.br\/?p=262143","og_locale":"pt_BR","og_type":"article","og_title":"Prefeitura de Petrolina inicia entrega de quarto lote dos kits alimentares destinados aos idosos - Blog do Farn\u00e9sio","og_description":"O quarto lote dos kits alimentares destinados ao p\u00fablico da terceira idade, em espec\u00edfico aqueles que est\u00e3o em situa\u00e7\u00e3o de inseguran\u00e7a alimentar e que s\u00e3o acompanhados nos Centros de Conviv\u00eancia do Idoso (CCI) de Petrolina, come\u00e7a a ser distribu\u00eddo nesta quarta-feira (15). O cronograma ter\u00e1 dura\u00e7\u00e3o de tr\u00eas dias, os familiares devem estar atentos ao dia e hor\u00e1rio que o kit estar\u00e1 dispon\u00edvel no CCI de refer\u00eancia. Ser\u00e3o contemplados 94 idosos. O kit alimentar deve ser retirado por um parente, idosos que moram sozinhos n\u00e3o devem procurar o CCI, pois v\u00e3o receber os itens em casa. A entrega come\u00e7a na quarta-feira no CCI Rio Jord\u00e3o, das 8h \u00e0s 13h. No mesmo hor\u00e1rio da quinta-feira (16), \u00e9 a vez do p\u00fablico&hellip;","og_url":"https:\/\/blogdofarnesio.com.br\/?p=262143","og_site_name":"Blog do Farn\u00e9sio","article_publisher":"https:\/\/www.facebook.com\/BlogQuerSaberPolitica\/","article_published_time":"2020-07-14T13:02:17+00:00","og_image":[{"width":1280,"height":853,"url":"https:\/\/blogdofarnesio.com.br\/wp-content\/uploads\/2020\/07\/6-ENTREGA-KITS.jpeg","type":"image\/jpeg"}],"author":"Farn\u00e9sio","twitter_card":"summary_large_image","twitter_misc":{"Escrito por":"Farn\u00e9sio","Est. tempo de leitura":"1 minuto"},"schema":{"@context":"https:\/\/schema.org","@graph":[{"@type":"Article","@id":"https:\/\/blogdofarnesio.com.br\/?p=262143#article","isPartOf":{"@id":"https:\/\/blogdofarnesio.com.br\/?p=262143"},"author":{"name":"Farn\u00e9sio","@id":"https:\/\/blogdofarnesio.com.br\/#\/schema\/person\/301c4acf522bccbfdb45af95b5b906a1"},"headline":"Prefeitura de Petrolina inicia entrega de quarto lote dos kits alimentares destinados aos idosos","datePublished":"2020-07-14T13:02:17+00:00","mainEntityOfPage":{"@id":"https:\/\/blogdofarnesio.com.br\/?p=262143"},"wordCount":236,"publisher":{"@id":"https:\/\/blogdofarnesio.com.br\/#organization"},"image":{"@id":"https:\/\/blogdofarnesio.com.br\/?p=262143#primaryimage"},"thumbnailUrl":"https:\/\/blogdofarnesio.com.br\/wp-content\/uploads\/2020\/07\/6-ENTREGA-KITS.jpeg","articleSection":["A\u00e7\u00e3o Social"],"inLanguage":"pt-BR"},{"@type":"WebPage","@id":"https:\/\/blogdofarnesio.com.br\/?p=262143","url":"https:\/\/blogdofarnesio.com.br\/?p=262143","name":"Prefeitura de Petrolina inicia entrega de quarto lote dos kits alimentares destinados aos idosos - Blog do Farn\u00e9sio","isPartOf":{"@id":"https:\/\/blogdofarnesio.com.br\/#website"},"primaryImageOfPage":{"@id":"https:\/\/blogdofarnesio.com.br\/?p=262143#primaryimage"},"image":{"@id":"https:\/\/blogdofarnesio.com.br\/?p=262143#primaryimage"},"thumbnailUrl":"https:\/\/blogdofarnesio.com.br\/wp-content\/uploads\/2020\/07\/6-ENTREGA-KITS.jpeg","datePublished":"2020-07-14T13:02:17+00:00","breadcrumb":{"@id":"https:\/\/blogdofarnesio.com.br\/?p=262143#breadcrumb"},"inLanguage":"pt-BR","potentialAction":[{"@type":"ReadAction","target":["https:\/\/blogdofarnesio.com.br\/?p=262143"]}]},{"@type":"ImageObject","inLanguage":"pt-BR","@id":"https:\/\/blogdofarnesio.com.br\/?p=262143#primaryimage","url":"https:\/\/blogdofarnesio.com.br\/wp-content\/uploads\/2020\/07\/6-ENTREGA-KITS.jpeg","contentUrl":"https:\/\/blogdofarnesio.com.br\/wp-content\/uploads\/2020\/07\/6-ENTREGA-KITS.jpeg","width":1280,"height":853},{"@type":"BreadcrumbList","@id":"https:\/\/blogdofarnesio.com.br\/?p=262143#breadcrumb","itemListElement":[{"@type":"ListItem","position":1,"name":"In\u00edcio","item":"https:\/\/blogdofarnesio.com.br\/"},{"@type":"ListItem","position":2,"name":"Prefeitura de Petrolina inicia entrega de quarto lote dos kits alimentares destinados aos idosos"}]},{"@type":"WebSite","@id":"https:\/\/blogdofarnesio.com.br\/#website","url":"https:\/\/blogdofarnesio.com.br\/","name":"Blog do Farn\u00e9sio","description":"Quer Saber Pol\u00edtica?","publisher":{"@id":"https:\/\/blogdofarnesio.com.br\/#organization"},"potentialAction":[{"@type":"SearchAction","target":{"@type":"EntryPoint","urlTemplate":"https:\/\/blogdofarnesio.com.br\/?s={search_term_string}"},"query-input":{"@type":"PropertyValueSpecification","valueRequired":true,"valueName":"search_term_string"}}],"inLanguage":"pt-BR"},{"@type":"Organization","@id":"https:\/\/blogdofarnesio.com.br\/#organization","name":"Blog do Farn\u00e9sio","url":"https:\/\/blogdofarnesio.com.br\/","logo":{"@type":"ImageObject","inLanguage":"pt-BR","@id":"https:\/\/blogdofarnesio.com.br\/#\/schema\/logo\/image\/","url":"https:\/\/blogdofarnesio.com.br\/wp-content\/uploads\/2026\/03\/cropped-logo_new-1.png","contentUrl":"https:\/\/blogdofarnesio.com.br\/wp-content\/uploads\/2026\/03\/cropped-logo_new-1.png","width":881,"height":685,"caption":"Blog do Farn\u00e9sio"},"image":{"@id":"https:\/\/blogdofarnesio.com.br\/#\/schema\/logo\/image\/"},"sameAs":["https:\/\/www.facebook.com\/BlogQuerSaberPolitica\/"]},{"@type":"Person","@id":"https:\/\/blogdofarnesio.com.br\/#\/schema\/person\/301c4acf522bccbfdb45af95b5b906a1","name":"Farn\u00e9sio","image":{"@type":"ImageObject","inLanguage":"pt-BR","@id":"https:\/\/secure.gravatar.com\/avatar\/df0c9a14567c056f8ad6876ba5bbd1e3e2c48023eb6807342fc4663adf549f38?s=96&d=mm&r=g","url":"https:\/\/secure.gravatar.com\/avatar\/df0c9a14567c056f8ad6876ba5bbd1e3e2c48023eb6807342fc4663adf549f38?s=96&d=mm&r=g","contentUrl":"https:\/\/secure.gravatar.com\/avatar\/df0c9a14567c056f8ad6876ba5bbd1e3e2c48023eb6807342fc4663adf549f38?s=96&d=mm&r=g","caption":"Farn\u00e9sio"},"sameAs":["https:\/\/quersaberpolitica.com.br"],"url":"https:\/\/blogdofarnesio.com.br\/?author=1"}]}},"_links":{"self":[{"href":"https:\/\/blogdofarnesio.com.br\/index.php?rest_route=\/wp\/v2\/posts\/262143","targetHints":{"allow":["GET"]}}],"collection":[{"href":"https:\/\/blogdofarnesio.com.br\/index.php?rest_route=\/wp\/v2\/posts"}],"about":[{"href":"https:\/\/blogdofarnesio.com.br\/index.php?rest_route=\/wp\/v2\/types\/post"}],"author":[{"embeddable":true,"href":"https:\/\/blogdofarnesio.com.br\/index.php?rest_route=\/wp\/v2\/users\/1"}],"replies":[{"embeddable":true,"href":"https:\/\/blogdofarnesio.com.br\/index.php?rest_route=%2Fwp%2Fv2%2Fcomments&post=262143"}],"version-history":[{"count":0,"href":"https:\/\/blogdofarnesio.com.br\/index.php?rest_route=\/wp\/v2\/posts\/262143\/revisions"}],"wp:featuredmedia":[{"embeddable":true,"href":"https:\/\/blogdofarnesio.com.br\/index.php?rest_route=\/wp\/v2\/media\/262144"}],"wp:attachment":[{"href":"https:\/\/blogdofarnesio.com.br\/index.php?rest_route=%2Fwp%2Fv2%2Fmedia&parent=262143"}],"wp:term":[{"taxonomy":"category","embeddable":true,"href":"https:\/\/blogdofarnesio.com.br\/index.php?rest_route=%2Fwp%2Fv2%2Fcategories&post=262143"},{"taxonomy":"post_tag","embeddable":true,"href":"https:\/\/blogdofarnesio.com.br\/index.php?rest_route=%2Fwp%2Fv2%2Ftags&post=262143"}],"curies":[{"name":"wp","href":"https:\/\/api.w.org\/{rel}","templated":true}]}}