{"id":262116,"date":"2020-07-14T09:21:21","date_gmt":"2020-07-14T12:21:21","guid":{"rendered":"http:\/\/quersaberpolitica.com.br\/2016\/?p=262116"},"modified":"2020-07-13T19:58:44","modified_gmt":"2020-07-13T22:58:44","slug":"confira-audio-onde-o-prefeito-de-salgueiro-cometeu-crime-eleitoral-ao-prometer-usar-a-maquina-publica-para-tentar-eleger-seus-candidatos-nas-eleicoes-de-2018","status":"publish","type":"post","link":"https:\/\/blogdofarnesio.com.br\/?p=262116","title":{"rendered":"Confira \u00e1udio onde o Prefeito de Salgueiro cometeu crime eleitoral, ao prometer usar a m\u00e1quina p\u00fablica para eleger seus candidatos em 2018."},"content":{"rendered":"<p>Mais um \u00e1udio gravado durante uma reuni\u00e3o do prefeito de Salgueiro, Clebel Cordeiro (MDB), com correligion\u00e1rios, \u00e9 exposto e prejudica a imagem do gestor. No \u00e1udio, Clebel cometeu crime eleitoral ao prometer usar a m\u00e1quina p\u00fablica para tentar eleger seus candidatos nas elei\u00e7\u00f5es de 2018.<\/p>\n<p><iframe loading=\"lazy\" src=\"https:\/\/www.youtube.com\/embed\/Ghu9009aepI\" width=\"400\" height=\"225\" frameborder=\"0\" scrolling=\"no\" align=\"left\" data-mce-fragment=\"1\"><\/iframe><\/p>\n<p>Em outro trecho, Clebel amea\u00e7a demitir quem vazar informa\u00e7\u00f5es e pede fidelidade ao grupo: \u201cSe vazarem a informa\u00e7\u00e3o e eu descobrir, v\u00e3o para rua! Eu quero fidelidade nesse grupo!\u201d. Esse \u00e9 o segundo \u00e1udio de uma reuni\u00e3o do prefeito que vem a p\u00fablico. No primeiro, o prefeito afirma que quem faz elei\u00e7\u00e3o \u00e9 dinheiro e n\u00e3o gest\u00e3o.<\/p>\n","protected":false},"excerpt":{"rendered":"<p>Mais um \u00e1udio gravado durante uma reuni\u00e3o do prefeito de Salgueiro, Clebel Cordeiro (MDB), com correligion\u00e1rios, \u00e9 exposto e prejudica a imagem do gestor. No \u00e1udio, Clebel cometeu crime eleitoral ao prometer usar a m\u00e1quina p\u00fablica para tentar eleger seus candidatos nas elei\u00e7\u00f5es de 2018. Em outro trecho, Clebel amea\u00e7a demitir quem vazar informa\u00e7\u00f5es e pede fidelidade ao grupo: \u201cSe vazarem a informa\u00e7\u00e3o e eu descobrir, v\u00e3o para rua! Eu quero fidelidade nesse grupo!\u201d. Esse \u00e9 o segundo \u00e1udio de uma reuni\u00e3o do prefeito que vem a p\u00fablico. No primeiro, o prefeito afirma que quem faz elei\u00e7\u00e3o \u00e9 dinheiro e n\u00e3o gest\u00e3o.<\/p>\n","protected":false},"author":1,"featured_media":240691,"comment_status":"closed","ping_status":"closed","sticky":false,"template":"","format":"standard","meta":{"_acf_changed":false,"footnotes":""},"categories":[1],"tags":[],"class_list":["post-262116","post","type-post","status-publish","format-standard","has-post-thumbnail","hentry","category-politica"],"acf":[],"yoast_head":"<!-- This site is optimized with the Yoast SEO plugin v27.4 - https:\/\/yoast.com\/product\/yoast-seo-wordpress\/ -->\n<title>Confira \u00e1udio onde o Prefeito de Salgueiro cometeu crime eleitoral, ao prometer usar a m\u00e1quina p\u00fablica para eleger seus candidatos em 2018. - Blog do Farn\u00e9sio<\/title>\n<meta name=\"robots\" content=\"index, follow, max-snippet:-1, max-image-preview:large, max-video-preview:-1\" \/>\n<link rel=\"canonical\" href=\"https:\/\/blogdofarnesio.com.br\/?p=262116\" \/>\n<meta property=\"og:locale\" content=\"pt_BR\" \/>\n<meta property=\"og:type\" content=\"article\" \/>\n<meta property=\"og:title\" content=\"Confira \u00e1udio onde o Prefeito de Salgueiro cometeu crime eleitoral, ao prometer usar a m\u00e1quina p\u00fablica para eleger seus candidatos em 2018. - Blog do Farn\u00e9sio\" \/>\n<meta property=\"og:description\" content=\"Mais um \u00e1udio gravado durante uma reuni\u00e3o do prefeito de Salgueiro, Clebel Cordeiro (MDB), com correligion\u00e1rios, \u00e9 exposto e prejudica a imagem do gestor. No \u00e1udio, Clebel cometeu crime eleitoral ao prometer usar a m\u00e1quina p\u00fablica para tentar eleger seus candidatos nas elei\u00e7\u00f5es de 2018. Em outro trecho, Clebel amea\u00e7a demitir quem vazar informa\u00e7\u00f5es e pede fidelidade ao grupo: \u201cSe vazarem a informa\u00e7\u00e3o e eu descobrir, v\u00e3o para rua! Eu quero fidelidade nesse grupo!\u201d. Esse \u00e9 o segundo \u00e1udio de uma reuni\u00e3o do prefeito que vem a p\u00fablico. No primeiro, o prefeito afirma que quem faz elei\u00e7\u00e3o \u00e9 dinheiro e n\u00e3o gest\u00e3o.\" \/>\n<meta property=\"og:url\" content=\"https:\/\/blogdofarnesio.com.br\/?p=262116\" \/>\n<meta property=\"og:site_name\" content=\"Blog do Farn\u00e9sio\" \/>\n<meta property=\"article:publisher\" content=\"https:\/\/www.facebook.com\/BlogQuerSaberPolitica\/\" \/>\n<meta property=\"article:published_time\" content=\"2020-07-14T12:21:21+00:00\" \/>\n<meta property=\"og:image\" content=\"https:\/\/blogdofarnesio.com.br\/wp-content\/uploads\/2019\/10\/blogqspsalgueiropref-clebel-cordeiro.jpg\" \/>\n\t<meta property=\"og:image:width\" content=\"492\" \/>\n\t<meta property=\"og:image:height\" content=\"293\" \/>\n\t<meta property=\"og:image:type\" content=\"image\/jpeg\" \/>\n<meta name=\"author\" content=\"Farn\u00e9sio\" \/>\n<meta name=\"twitter:card\" content=\"summary_large_image\" \/>\n<meta name=\"twitter:label1\" content=\"Escrito por\" \/>\n\t<meta name=\"twitter:data1\" content=\"Farn\u00e9sio\" \/>\n\t<meta name=\"twitter:label2\" content=\"Est. tempo de leitura\" \/>\n\t<meta name=\"twitter:data2\" content=\"1 minuto\" \/>\n<script type=\"application\/ld+json\" class=\"yoast-schema-graph\">{\"@context\":\"https:\\\/\\\/schema.org\",\"@graph\":[{\"@type\":\"Article\",\"@id\":\"https:\\\/\\\/blogdofarnesio.com.br\\\/?p=262116#article\",\"isPartOf\":{\"@id\":\"https:\\\/\\\/blogdofarnesio.com.br\\\/?p=262116\"},\"author\":{\"name\":\"Farn\u00e9sio\",\"@id\":\"https:\\\/\\\/blogdofarnesio.com.br\\\/#\\\/schema\\\/person\\\/301c4acf522bccbfdb45af95b5b906a1\"},\"headline\":\"Confira \u00e1udio onde o Prefeito de Salgueiro cometeu crime eleitoral, ao prometer usar a m\u00e1quina p\u00fablica para eleger seus candidatos em 2018.\",\"datePublished\":\"2020-07-14T12:21:21+00:00\",\"mainEntityOfPage\":{\"@id\":\"https:\\\/\\\/blogdofarnesio.com.br\\\/?p=262116\"},\"wordCount\":135,\"publisher\":{\"@id\":\"https:\\\/\\\/blogdofarnesio.com.br\\\/#organization\"},\"image\":{\"@id\":\"https:\\\/\\\/blogdofarnesio.com.br\\\/?p=262116#primaryimage\"},\"thumbnailUrl\":\"https:\\\/\\\/blogdofarnesio.com.br\\\/wp-content\\\/uploads\\\/2019\\\/10\\\/blogqspsalgueiropref-clebel-cordeiro.jpg\",\"articleSection\":[\"Pol\u00edtica\"],\"inLanguage\":\"pt-BR\"},{\"@type\":\"WebPage\",\"@id\":\"https:\\\/\\\/blogdofarnesio.com.br\\\/?p=262116\",\"url\":\"https:\\\/\\\/blogdofarnesio.com.br\\\/?p=262116\",\"name\":\"Confira \u00e1udio onde o Prefeito de Salgueiro cometeu crime eleitoral, ao prometer usar a m\u00e1quina p\u00fablica para eleger seus candidatos em 2018. - Blog do Farn\u00e9sio\",\"isPartOf\":{\"@id\":\"https:\\\/\\\/blogdofarnesio.com.br\\\/#website\"},\"primaryImageOfPage\":{\"@id\":\"https:\\\/\\\/blogdofarnesio.com.br\\\/?p=262116#primaryimage\"},\"image\":{\"@id\":\"https:\\\/\\\/blogdofarnesio.com.br\\\/?p=262116#primaryimage\"},\"thumbnailUrl\":\"https:\\\/\\\/blogdofarnesio.com.br\\\/wp-content\\\/uploads\\\/2019\\\/10\\\/blogqspsalgueiropref-clebel-cordeiro.jpg\",\"datePublished\":\"2020-07-14T12:21:21+00:00\",\"breadcrumb\":{\"@id\":\"https:\\\/\\\/blogdofarnesio.com.br\\\/?p=262116#breadcrumb\"},\"inLanguage\":\"pt-BR\",\"potentialAction\":[{\"@type\":\"ReadAction\",\"target\":[\"https:\\\/\\\/blogdofarnesio.com.br\\\/?p=262116\"]}]},{\"@type\":\"ImageObject\",\"inLanguage\":\"pt-BR\",\"@id\":\"https:\\\/\\\/blogdofarnesio.com.br\\\/?p=262116#primaryimage\",\"url\":\"https:\\\/\\\/blogdofarnesio.com.br\\\/wp-content\\\/uploads\\\/2019\\\/10\\\/blogqspsalgueiropref-clebel-cordeiro.jpg\",\"contentUrl\":\"https:\\\/\\\/blogdofarnesio.com.br\\\/wp-content\\\/uploads\\\/2019\\\/10\\\/blogqspsalgueiropref-clebel-cordeiro.jpg\",\"width\":492,\"height\":293},{\"@type\":\"BreadcrumbList\",\"@id\":\"https:\\\/\\\/blogdofarnesio.com.br\\\/?p=262116#breadcrumb\",\"itemListElement\":[{\"@type\":\"ListItem\",\"position\":1,\"name\":\"In\u00edcio\",\"item\":\"https:\\\/\\\/blogdofarnesio.com.br\\\/\"},{\"@type\":\"ListItem\",\"position\":2,\"name\":\"Confira \u00e1udio onde o Prefeito de Salgueiro cometeu crime eleitoral, ao prometer usar a m\u00e1quina p\u00fablica para eleger seus candidatos em 2018.\"}]},{\"@type\":\"WebSite\",\"@id\":\"https:\\\/\\\/blogdofarnesio.com.br\\\/#website\",\"url\":\"https:\\\/\\\/blogdofarnesio.com.br\\\/\",\"name\":\"Blog do Farn\u00e9sio\",\"description\":\"Quer Saber Pol\u00edtica?\",\"publisher\":{\"@id\":\"https:\\\/\\\/blogdofarnesio.com.br\\\/#organization\"},\"potentialAction\":[{\"@type\":\"SearchAction\",\"target\":{\"@type\":\"EntryPoint\",\"urlTemplate\":\"https:\\\/\\\/blogdofarnesio.com.br\\\/?s={search_term_string}\"},\"query-input\":{\"@type\":\"PropertyValueSpecification\",\"valueRequired\":true,\"valueName\":\"search_term_string\"}}],\"inLanguage\":\"pt-BR\"},{\"@type\":\"Organization\",\"@id\":\"https:\\\/\\\/blogdofarnesio.com.br\\\/#organization\",\"name\":\"Blog do Farn\u00e9sio\",\"url\":\"https:\\\/\\\/blogdofarnesio.com.br\\\/\",\"logo\":{\"@type\":\"ImageObject\",\"inLanguage\":\"pt-BR\",\"@id\":\"https:\\\/\\\/blogdofarnesio.com.br\\\/#\\\/schema\\\/logo\\\/image\\\/\",\"url\":\"https:\\\/\\\/blogdofarnesio.com.br\\\/wp-content\\\/uploads\\\/2026\\\/03\\\/cropped-logo_new-1.png\",\"contentUrl\":\"https:\\\/\\\/blogdofarnesio.com.br\\\/wp-content\\\/uploads\\\/2026\\\/03\\\/cropped-logo_new-1.png\",\"width\":881,\"height\":685,\"caption\":\"Blog do Farn\u00e9sio\"},\"image\":{\"@id\":\"https:\\\/\\\/blogdofarnesio.com.br\\\/#\\\/schema\\\/logo\\\/image\\\/\"},\"sameAs\":[\"https:\\\/\\\/www.facebook.com\\\/BlogQuerSaberPolitica\\\/\"]},{\"@type\":\"Person\",\"@id\":\"https:\\\/\\\/blogdofarnesio.com.br\\\/#\\\/schema\\\/person\\\/301c4acf522bccbfdb45af95b5b906a1\",\"name\":\"Farn\u00e9sio\",\"image\":{\"@type\":\"ImageObject\",\"inLanguage\":\"pt-BR\",\"@id\":\"https:\\\/\\\/secure.gravatar.com\\\/avatar\\\/df0c9a14567c056f8ad6876ba5bbd1e3e2c48023eb6807342fc4663adf549f38?s=96&d=mm&r=g\",\"url\":\"https:\\\/\\\/secure.gravatar.com\\\/avatar\\\/df0c9a14567c056f8ad6876ba5bbd1e3e2c48023eb6807342fc4663adf549f38?s=96&d=mm&r=g\",\"contentUrl\":\"https:\\\/\\\/secure.gravatar.com\\\/avatar\\\/df0c9a14567c056f8ad6876ba5bbd1e3e2c48023eb6807342fc4663adf549f38?s=96&d=mm&r=g\",\"caption\":\"Farn\u00e9sio\"},\"sameAs\":[\"https:\\\/\\\/quersaberpolitica.com.br\"],\"url\":\"https:\\\/\\\/blogdofarnesio.com.br\\\/?author=1\"}]}<\/script>\n<!-- \/ Yoast SEO plugin. -->","yoast_head_json":{"title":"Confira \u00e1udio onde o Prefeito de Salgueiro cometeu crime eleitoral, ao prometer usar a m\u00e1quina p\u00fablica para eleger seus candidatos em 2018. - Blog do Farn\u00e9sio","robots":{"index":"index","follow":"follow","max-snippet":"max-snippet:-1","max-image-preview":"max-image-preview:large","max-video-preview":"max-video-preview:-1"},"canonical":"https:\/\/blogdofarnesio.com.br\/?p=262116","og_locale":"pt_BR","og_type":"article","og_title":"Confira \u00e1udio onde o Prefeito de Salgueiro cometeu crime eleitoral, ao prometer usar a m\u00e1quina p\u00fablica para eleger seus candidatos em 2018. - Blog do Farn\u00e9sio","og_description":"Mais um \u00e1udio gravado durante uma reuni\u00e3o do prefeito de Salgueiro, Clebel Cordeiro (MDB), com correligion\u00e1rios, \u00e9 exposto e prejudica a imagem do gestor. No \u00e1udio, Clebel cometeu crime eleitoral ao prometer usar a m\u00e1quina p\u00fablica para tentar eleger seus candidatos nas elei\u00e7\u00f5es de 2018. Em outro trecho, Clebel amea\u00e7a demitir quem vazar informa\u00e7\u00f5es e pede fidelidade ao grupo: \u201cSe vazarem a informa\u00e7\u00e3o e eu descobrir, v\u00e3o para rua! Eu quero fidelidade nesse grupo!\u201d. Esse \u00e9 o segundo \u00e1udio de uma reuni\u00e3o do prefeito que vem a p\u00fablico. No primeiro, o prefeito afirma que quem faz elei\u00e7\u00e3o \u00e9 dinheiro e n\u00e3o gest\u00e3o.","og_url":"https:\/\/blogdofarnesio.com.br\/?p=262116","og_site_name":"Blog do Farn\u00e9sio","article_publisher":"https:\/\/www.facebook.com\/BlogQuerSaberPolitica\/","article_published_time":"2020-07-14T12:21:21+00:00","og_image":[{"width":492,"height":293,"url":"https:\/\/blogdofarnesio.com.br\/wp-content\/uploads\/2019\/10\/blogqspsalgueiropref-clebel-cordeiro.jpg","type":"image\/jpeg"}],"author":"Farn\u00e9sio","twitter_card":"summary_large_image","twitter_misc":{"Escrito por":"Farn\u00e9sio","Est. tempo de leitura":"1 minuto"},"schema":{"@context":"https:\/\/schema.org","@graph":[{"@type":"Article","@id":"https:\/\/blogdofarnesio.com.br\/?p=262116#article","isPartOf":{"@id":"https:\/\/blogdofarnesio.com.br\/?p=262116"},"author":{"name":"Farn\u00e9sio","@id":"https:\/\/blogdofarnesio.com.br\/#\/schema\/person\/301c4acf522bccbfdb45af95b5b906a1"},"headline":"Confira \u00e1udio onde o Prefeito de Salgueiro cometeu crime eleitoral, ao prometer usar a m\u00e1quina p\u00fablica para eleger seus candidatos em 2018.","datePublished":"2020-07-14T12:21:21+00:00","mainEntityOfPage":{"@id":"https:\/\/blogdofarnesio.com.br\/?p=262116"},"wordCount":135,"publisher":{"@id":"https:\/\/blogdofarnesio.com.br\/#organization"},"image":{"@id":"https:\/\/blogdofarnesio.com.br\/?p=262116#primaryimage"},"thumbnailUrl":"https:\/\/blogdofarnesio.com.br\/wp-content\/uploads\/2019\/10\/blogqspsalgueiropref-clebel-cordeiro.jpg","articleSection":["Pol\u00edtica"],"inLanguage":"pt-BR"},{"@type":"WebPage","@id":"https:\/\/blogdofarnesio.com.br\/?p=262116","url":"https:\/\/blogdofarnesio.com.br\/?p=262116","name":"Confira \u00e1udio onde o Prefeito de Salgueiro cometeu crime eleitoral, ao prometer usar a m\u00e1quina p\u00fablica para eleger seus candidatos em 2018. - Blog do Farn\u00e9sio","isPartOf":{"@id":"https:\/\/blogdofarnesio.com.br\/#website"},"primaryImageOfPage":{"@id":"https:\/\/blogdofarnesio.com.br\/?p=262116#primaryimage"},"image":{"@id":"https:\/\/blogdofarnesio.com.br\/?p=262116#primaryimage"},"thumbnailUrl":"https:\/\/blogdofarnesio.com.br\/wp-content\/uploads\/2019\/10\/blogqspsalgueiropref-clebel-cordeiro.jpg","datePublished":"2020-07-14T12:21:21+00:00","breadcrumb":{"@id":"https:\/\/blogdofarnesio.com.br\/?p=262116#breadcrumb"},"inLanguage":"pt-BR","potentialAction":[{"@type":"ReadAction","target":["https:\/\/blogdofarnesio.com.br\/?p=262116"]}]},{"@type":"ImageObject","inLanguage":"pt-BR","@id":"https:\/\/blogdofarnesio.com.br\/?p=262116#primaryimage","url":"https:\/\/blogdofarnesio.com.br\/wp-content\/uploads\/2019\/10\/blogqspsalgueiropref-clebel-cordeiro.jpg","contentUrl":"https:\/\/blogdofarnesio.com.br\/wp-content\/uploads\/2019\/10\/blogqspsalgueiropref-clebel-cordeiro.jpg","width":492,"height":293},{"@type":"BreadcrumbList","@id":"https:\/\/blogdofarnesio.com.br\/?p=262116#breadcrumb","itemListElement":[{"@type":"ListItem","position":1,"name":"In\u00edcio","item":"https:\/\/blogdofarnesio.com.br\/"},{"@type":"ListItem","position":2,"name":"Confira \u00e1udio onde o Prefeito de Salgueiro cometeu crime eleitoral, ao prometer usar a m\u00e1quina p\u00fablica para eleger seus candidatos em 2018."}]},{"@type":"WebSite","@id":"https:\/\/blogdofarnesio.com.br\/#website","url":"https:\/\/blogdofarnesio.com.br\/","name":"Blog do Farn\u00e9sio","description":"Quer Saber Pol\u00edtica?","publisher":{"@id":"https:\/\/blogdofarnesio.com.br\/#organization"},"potentialAction":[{"@type":"SearchAction","target":{"@type":"EntryPoint","urlTemplate":"https:\/\/blogdofarnesio.com.br\/?s={search_term_string}"},"query-input":{"@type":"PropertyValueSpecification","valueRequired":true,"valueName":"search_term_string"}}],"inLanguage":"pt-BR"},{"@type":"Organization","@id":"https:\/\/blogdofarnesio.com.br\/#organization","name":"Blog do Farn\u00e9sio","url":"https:\/\/blogdofarnesio.com.br\/","logo":{"@type":"ImageObject","inLanguage":"pt-BR","@id":"https:\/\/blogdofarnesio.com.br\/#\/schema\/logo\/image\/","url":"https:\/\/blogdofarnesio.com.br\/wp-content\/uploads\/2026\/03\/cropped-logo_new-1.png","contentUrl":"https:\/\/blogdofarnesio.com.br\/wp-content\/uploads\/2026\/03\/cropped-logo_new-1.png","width":881,"height":685,"caption":"Blog do Farn\u00e9sio"},"image":{"@id":"https:\/\/blogdofarnesio.com.br\/#\/schema\/logo\/image\/"},"sameAs":["https:\/\/www.facebook.com\/BlogQuerSaberPolitica\/"]},{"@type":"Person","@id":"https:\/\/blogdofarnesio.com.br\/#\/schema\/person\/301c4acf522bccbfdb45af95b5b906a1","name":"Farn\u00e9sio","image":{"@type":"ImageObject","inLanguage":"pt-BR","@id":"https:\/\/secure.gravatar.com\/avatar\/df0c9a14567c056f8ad6876ba5bbd1e3e2c48023eb6807342fc4663adf549f38?s=96&d=mm&r=g","url":"https:\/\/secure.gravatar.com\/avatar\/df0c9a14567c056f8ad6876ba5bbd1e3e2c48023eb6807342fc4663adf549f38?s=96&d=mm&r=g","contentUrl":"https:\/\/secure.gravatar.com\/avatar\/df0c9a14567c056f8ad6876ba5bbd1e3e2c48023eb6807342fc4663adf549f38?s=96&d=mm&r=g","caption":"Farn\u00e9sio"},"sameAs":["https:\/\/quersaberpolitica.com.br"],"url":"https:\/\/blogdofarnesio.com.br\/?author=1"}]}},"_links":{"self":[{"href":"https:\/\/blogdofarnesio.com.br\/index.php?rest_route=\/wp\/v2\/posts\/262116","targetHints":{"allow":["GET"]}}],"collection":[{"href":"https:\/\/blogdofarnesio.com.br\/index.php?rest_route=\/wp\/v2\/posts"}],"about":[{"href":"https:\/\/blogdofarnesio.com.br\/index.php?rest_route=\/wp\/v2\/types\/post"}],"author":[{"embeddable":true,"href":"https:\/\/blogdofarnesio.com.br\/index.php?rest_route=\/wp\/v2\/users\/1"}],"replies":[{"embeddable":true,"href":"https:\/\/blogdofarnesio.com.br\/index.php?rest_route=%2Fwp%2Fv2%2Fcomments&post=262116"}],"version-history":[{"count":0,"href":"https:\/\/blogdofarnesio.com.br\/index.php?rest_route=\/wp\/v2\/posts\/262116\/revisions"}],"wp:featuredmedia":[{"embeddable":true,"href":"https:\/\/blogdofarnesio.com.br\/index.php?rest_route=\/wp\/v2\/media\/240691"}],"wp:attachment":[{"href":"https:\/\/blogdofarnesio.com.br\/index.php?rest_route=%2Fwp%2Fv2%2Fmedia&parent=262116"}],"wp:term":[{"taxonomy":"category","embeddable":true,"href":"https:\/\/blogdofarnesio.com.br\/index.php?rest_route=%2Fwp%2Fv2%2Fcategories&post=262116"},{"taxonomy":"post_tag","embeddable":true,"href":"https:\/\/blogdofarnesio.com.br\/index.php?rest_route=%2Fwp%2Fv2%2Ftags&post=262116"}],"curies":[{"name":"wp","href":"https:\/\/api.w.org\/{rel}","templated":true}]}}