{"id":262101,"date":"2020-07-14T09:42:13","date_gmt":"2020-07-14T12:42:13","guid":{"rendered":"http:\/\/quersaberpolitica.com.br\/2016\/?p=262101"},"modified":"2020-07-13T15:45:36","modified_gmt":"2020-07-13T18:45:36","slug":"aula-itinerante-estara-nas-escolas-caic-e-promenor-nesta-terca-feira-14","status":"publish","type":"post","link":"https:\/\/blogdofarnesio.com.br\/?p=262101","title":{"rendered":"Aula Itinerante estar\u00e1 nas escolas CAIC e Promenor nesta ter\u00e7a-feira (14)"},"content":{"rendered":"<p>Dando continuidade \u00e0s a\u00e7\u00f5es do Projeto Juazeiro Cidade Educadora &#8211; Aula em Rede, a Prefeitura, atrav\u00e9s da Secretaria de Educa\u00e7\u00e3o e Juventude \u2013 SEDUC, inicia a Aula Itinerante, que vai atender aos alunos da rede municipal de ensino, que n\u00e3o est\u00e3o tendo acesso \u00e0s aulas virtuais oferecidas no Portal da Educa\u00e7\u00e3o e no Canal do Youtube.<\/p>\n<p>Nesta ter\u00e7a-feira (14), as equipes visitam os alunos das escolas Promenor e CAIC, nos bairros Alto do Cruzeiro e Malhada da Areia respectivamente, e na quinta-feira (16), os alunos das Escolas Jo\u00e3o Neves de Almeida e Ant\u00f4nio Francisco de Oliveira, no Distrito do Junco.<\/p>\n<p>\u201cVamos fortalecer as a\u00e7\u00f5es do Aula em Rede, com a distribui\u00e7\u00e3o de bloco de atividades semanais, atendendo aos alunos da nossa rede neste per\u00edodo de isolamento social, principalmente os que n\u00e3o est\u00e3o conseguindo assistir as aulas virtuais, por falta de internet, celular ou computador. Nosso objetivo maior \u00e9 continuar levando conhecimento aos alunos da rede, seja atrav\u00e9s das videoaulas ou blocos de atividades. Desde que o prefeito suspendeu as aulas em mar\u00e7o, devido a pandemia da COVID 19, as equipes da Educa\u00e7\u00e3o n\u00e3o t\u00eam medido esfor\u00e7os, se reinventando e buscando alternativas para atender aos alunos da sede e interior\u201d, ressaltou.<\/p>\n<p>As\u00a0aulas\u00a0online oferecidas pela SEDUC e gravadas pelos professores da rede municipal de ensino, t\u00eam atingido n\u00fameros significativos, com mais de 1 milh\u00e3o de visualiza\u00e7\u00f5es no Canal Juazeiro Cidade Educadora \u2013 Aula em Rede, 12 mil inscritos, alcance de mais de 66% dos alunos da sede e do interior do munic\u00edpio.<\/p>\n<p>De acordo com a superintendente pedag\u00f3gica, Cristine Hermenegildo, a partir desse semestre, as equipes escolares e da SEDUC est\u00e3o preparando o material do Aula Itinerante com as atividades, tendo os cuidados necess\u00e1rios na higieniza\u00e7\u00e3o. \u201cRealizamos o mapeamento dos alunos que n\u00e3o est\u00e3o tendo acesso \u00e0s videoaulas, atrav\u00e9s dos dados do Portal da Educa\u00e7\u00e3o. Montamos o cronograma do Aula Itinerante, atendendo primeiramente as comunidades onde os alunos est\u00e3o com dificuldades e, semanalmente vamos atend\u00ea-los com a entrega dos blocos de atividades. Os gestores, professores, coordenadores e toda equipe escolar estar\u00e3o envolvidos no Aula Itinerante, cada um com suas atribui\u00e7\u00f5es\u201d, finalizou.<\/p>\n<p>Por Emanuelle Lustosa\/SEDUC<\/p>\n","protected":false},"excerpt":{"rendered":"<p>Dando continuidade \u00e0s a\u00e7\u00f5es do Projeto Juazeiro Cidade Educadora &#8211; Aula em Rede, a Prefeitura, atrav\u00e9s da Secretaria de Educa\u00e7\u00e3o e Juventude \u2013 SEDUC, inicia a Aula Itinerante, que vai atender aos alunos da rede municipal de ensino, que n\u00e3o est\u00e3o tendo acesso \u00e0s aulas virtuais oferecidas no Portal da Educa\u00e7\u00e3o e no Canal do Youtube. Nesta ter\u00e7a-feira (14), as equipes visitam os alunos das escolas Promenor e CAIC, nos bairros Alto do Cruzeiro e Malhada da Areia respectivamente, e na quinta-feira (16), os alunos das Escolas Jo\u00e3o Neves de Almeida e Ant\u00f4nio Francisco de Oliveira, no Distrito do Junco. \u201cVamos fortalecer as a\u00e7\u00f5es do Aula em Rede, com a distribui\u00e7\u00e3o de bloco de atividades semanais, atendendo aos alunos da&hellip; <\/p>\n","protected":false},"author":1,"featured_media":262102,"comment_status":"closed","ping_status":"closed","sticky":false,"template":"","format":"standard","meta":{"_acf_changed":false,"footnotes":""},"categories":[6],"tags":[],"class_list":["post-262101","post","type-post","status-publish","format-standard","has-post-thumbnail","hentry","category-educacao"],"acf":[],"yoast_head":"<!-- This site is optimized with the Yoast SEO plugin v27.4 - https:\/\/yoast.com\/product\/yoast-seo-wordpress\/ -->\n<title>Aula Itinerante estar\u00e1 nas escolas CAIC e Promenor nesta ter\u00e7a-feira (14) - Blog do Farn\u00e9sio<\/title>\n<meta name=\"robots\" content=\"index, follow, max-snippet:-1, max-image-preview:large, max-video-preview:-1\" \/>\n<link rel=\"canonical\" href=\"https:\/\/blogdofarnesio.com.br\/?p=262101\" \/>\n<meta property=\"og:locale\" content=\"pt_BR\" \/>\n<meta property=\"og:type\" content=\"article\" \/>\n<meta property=\"og:title\" content=\"Aula Itinerante estar\u00e1 nas escolas CAIC e Promenor nesta ter\u00e7a-feira (14) - Blog do Farn\u00e9sio\" \/>\n<meta property=\"og:description\" content=\"Dando continuidade \u00e0s a\u00e7\u00f5es do Projeto Juazeiro Cidade Educadora &#8211; Aula em Rede, a Prefeitura, atrav\u00e9s da Secretaria de Educa\u00e7\u00e3o e Juventude \u2013 SEDUC, inicia a Aula Itinerante, que vai atender aos alunos da rede municipal de ensino, que n\u00e3o est\u00e3o tendo acesso \u00e0s aulas virtuais oferecidas no Portal da Educa\u00e7\u00e3o e no Canal do Youtube. Nesta ter\u00e7a-feira (14), as equipes visitam os alunos das escolas Promenor e CAIC, nos bairros Alto do Cruzeiro e Malhada da Areia respectivamente, e na quinta-feira (16), os alunos das Escolas Jo\u00e3o Neves de Almeida e Ant\u00f4nio Francisco de Oliveira, no Distrito do Junco. \u201cVamos fortalecer as a\u00e7\u00f5es do Aula em Rede, com a distribui\u00e7\u00e3o de bloco de atividades semanais, atendendo aos alunos da&hellip;\" \/>\n<meta property=\"og:url\" content=\"https:\/\/blogdofarnesio.com.br\/?p=262101\" \/>\n<meta property=\"og:site_name\" content=\"Blog do Farn\u00e9sio\" \/>\n<meta property=\"article:publisher\" content=\"https:\/\/www.facebook.com\/BlogQuerSaberPolitica\/\" \/>\n<meta property=\"article:published_time\" content=\"2020-07-14T12:42:13+00:00\" \/>\n<meta property=\"og:image\" content=\"https:\/\/blogdofarnesio.com.br\/wp-content\/uploads\/2020\/07\/Aula-Itinerante-estar\u00e1-nas-escolas-CAIC-e-Promenor-nesta-ter\u00e7a-feira-14-e1594665890899.jpeg\" \/>\n\t<meta property=\"og:image:width\" content=\"680\" \/>\n\t<meta property=\"og:image:height\" content=\"485\" \/>\n\t<meta property=\"og:image:type\" content=\"image\/jpeg\" \/>\n<meta name=\"author\" content=\"Farn\u00e9sio\" \/>\n<meta name=\"twitter:card\" content=\"summary_large_image\" \/>\n<meta name=\"twitter:label1\" content=\"Escrito por\" \/>\n\t<meta name=\"twitter:data1\" content=\"Farn\u00e9sio\" \/>\n\t<meta name=\"twitter:label2\" content=\"Est. tempo de leitura\" \/>\n\t<meta name=\"twitter:data2\" content=\"2 minutos\" \/>\n<script type=\"application\/ld+json\" class=\"yoast-schema-graph\">{\"@context\":\"https:\\\/\\\/schema.org\",\"@graph\":[{\"@type\":\"Article\",\"@id\":\"https:\\\/\\\/blogdofarnesio.com.br\\\/?p=262101#article\",\"isPartOf\":{\"@id\":\"https:\\\/\\\/blogdofarnesio.com.br\\\/?p=262101\"},\"author\":{\"name\":\"Farn\u00e9sio\",\"@id\":\"https:\\\/\\\/blogdofarnesio.com.br\\\/#\\\/schema\\\/person\\\/301c4acf522bccbfdb45af95b5b906a1\"},\"headline\":\"Aula Itinerante estar\u00e1 nas escolas CAIC e Promenor nesta ter\u00e7a-feira (14)\",\"datePublished\":\"2020-07-14T12:42:13+00:00\",\"mainEntityOfPage\":{\"@id\":\"https:\\\/\\\/blogdofarnesio.com.br\\\/?p=262101\"},\"wordCount\":394,\"publisher\":{\"@id\":\"https:\\\/\\\/blogdofarnesio.com.br\\\/#organization\"},\"image\":{\"@id\":\"https:\\\/\\\/blogdofarnesio.com.br\\\/?p=262101#primaryimage\"},\"thumbnailUrl\":\"https:\\\/\\\/blogdofarnesio.com.br\\\/wp-content\\\/uploads\\\/2020\\\/07\\\/Aula-Itinerante-estar\u00e1-nas-escolas-CAIC-e-Promenor-nesta-ter\u00e7a-feira-14-e1594665890899.jpeg\",\"articleSection\":[\"Educa\u00e7\u00e3o\"],\"inLanguage\":\"pt-BR\"},{\"@type\":\"WebPage\",\"@id\":\"https:\\\/\\\/blogdofarnesio.com.br\\\/?p=262101\",\"url\":\"https:\\\/\\\/blogdofarnesio.com.br\\\/?p=262101\",\"name\":\"Aula Itinerante estar\u00e1 nas escolas CAIC e Promenor nesta ter\u00e7a-feira (14) - Blog do Farn\u00e9sio\",\"isPartOf\":{\"@id\":\"https:\\\/\\\/blogdofarnesio.com.br\\\/#website\"},\"primaryImageOfPage\":{\"@id\":\"https:\\\/\\\/blogdofarnesio.com.br\\\/?p=262101#primaryimage\"},\"image\":{\"@id\":\"https:\\\/\\\/blogdofarnesio.com.br\\\/?p=262101#primaryimage\"},\"thumbnailUrl\":\"https:\\\/\\\/blogdofarnesio.com.br\\\/wp-content\\\/uploads\\\/2020\\\/07\\\/Aula-Itinerante-estar\u00e1-nas-escolas-CAIC-e-Promenor-nesta-ter\u00e7a-feira-14-e1594665890899.jpeg\",\"datePublished\":\"2020-07-14T12:42:13+00:00\",\"breadcrumb\":{\"@id\":\"https:\\\/\\\/blogdofarnesio.com.br\\\/?p=262101#breadcrumb\"},\"inLanguage\":\"pt-BR\",\"potentialAction\":[{\"@type\":\"ReadAction\",\"target\":[\"https:\\\/\\\/blogdofarnesio.com.br\\\/?p=262101\"]}]},{\"@type\":\"ImageObject\",\"inLanguage\":\"pt-BR\",\"@id\":\"https:\\\/\\\/blogdofarnesio.com.br\\\/?p=262101#primaryimage\",\"url\":\"https:\\\/\\\/blogdofarnesio.com.br\\\/wp-content\\\/uploads\\\/2020\\\/07\\\/Aula-Itinerante-estar\u00e1-nas-escolas-CAIC-e-Promenor-nesta-ter\u00e7a-feira-14-e1594665890899.jpeg\",\"contentUrl\":\"https:\\\/\\\/blogdofarnesio.com.br\\\/wp-content\\\/uploads\\\/2020\\\/07\\\/Aula-Itinerante-estar\u00e1-nas-escolas-CAIC-e-Promenor-nesta-ter\u00e7a-feira-14-e1594665890899.jpeg\",\"width\":680,\"height\":485},{\"@type\":\"BreadcrumbList\",\"@id\":\"https:\\\/\\\/blogdofarnesio.com.br\\\/?p=262101#breadcrumb\",\"itemListElement\":[{\"@type\":\"ListItem\",\"position\":1,\"name\":\"In\u00edcio\",\"item\":\"https:\\\/\\\/blogdofarnesio.com.br\\\/\"},{\"@type\":\"ListItem\",\"position\":2,\"name\":\"Aula Itinerante estar\u00e1 nas escolas CAIC e Promenor nesta ter\u00e7a-feira (14)\"}]},{\"@type\":\"WebSite\",\"@id\":\"https:\\\/\\\/blogdofarnesio.com.br\\\/#website\",\"url\":\"https:\\\/\\\/blogdofarnesio.com.br\\\/\",\"name\":\"Blog do Farn\u00e9sio\",\"description\":\"Quer Saber Pol\u00edtica?\",\"publisher\":{\"@id\":\"https:\\\/\\\/blogdofarnesio.com.br\\\/#organization\"},\"potentialAction\":[{\"@type\":\"SearchAction\",\"target\":{\"@type\":\"EntryPoint\",\"urlTemplate\":\"https:\\\/\\\/blogdofarnesio.com.br\\\/?s={search_term_string}\"},\"query-input\":{\"@type\":\"PropertyValueSpecification\",\"valueRequired\":true,\"valueName\":\"search_term_string\"}}],\"inLanguage\":\"pt-BR\"},{\"@type\":\"Organization\",\"@id\":\"https:\\\/\\\/blogdofarnesio.com.br\\\/#organization\",\"name\":\"Blog do Farn\u00e9sio\",\"url\":\"https:\\\/\\\/blogdofarnesio.com.br\\\/\",\"logo\":{\"@type\":\"ImageObject\",\"inLanguage\":\"pt-BR\",\"@id\":\"https:\\\/\\\/blogdofarnesio.com.br\\\/#\\\/schema\\\/logo\\\/image\\\/\",\"url\":\"https:\\\/\\\/blogdofarnesio.com.br\\\/wp-content\\\/uploads\\\/2026\\\/03\\\/cropped-logo_new-1.png\",\"contentUrl\":\"https:\\\/\\\/blogdofarnesio.com.br\\\/wp-content\\\/uploads\\\/2026\\\/03\\\/cropped-logo_new-1.png\",\"width\":881,\"height\":685,\"caption\":\"Blog do Farn\u00e9sio\"},\"image\":{\"@id\":\"https:\\\/\\\/blogdofarnesio.com.br\\\/#\\\/schema\\\/logo\\\/image\\\/\"},\"sameAs\":[\"https:\\\/\\\/www.facebook.com\\\/BlogQuerSaberPolitica\\\/\"]},{\"@type\":\"Person\",\"@id\":\"https:\\\/\\\/blogdofarnesio.com.br\\\/#\\\/schema\\\/person\\\/301c4acf522bccbfdb45af95b5b906a1\",\"name\":\"Farn\u00e9sio\",\"image\":{\"@type\":\"ImageObject\",\"inLanguage\":\"pt-BR\",\"@id\":\"https:\\\/\\\/secure.gravatar.com\\\/avatar\\\/df0c9a14567c056f8ad6876ba5bbd1e3e2c48023eb6807342fc4663adf549f38?s=96&d=mm&r=g\",\"url\":\"https:\\\/\\\/secure.gravatar.com\\\/avatar\\\/df0c9a14567c056f8ad6876ba5bbd1e3e2c48023eb6807342fc4663adf549f38?s=96&d=mm&r=g\",\"contentUrl\":\"https:\\\/\\\/secure.gravatar.com\\\/avatar\\\/df0c9a14567c056f8ad6876ba5bbd1e3e2c48023eb6807342fc4663adf549f38?s=96&d=mm&r=g\",\"caption\":\"Farn\u00e9sio\"},\"sameAs\":[\"https:\\\/\\\/quersaberpolitica.com.br\"],\"url\":\"https:\\\/\\\/blogdofarnesio.com.br\\\/?author=1\"}]}<\/script>\n<!-- \/ Yoast SEO plugin. -->","yoast_head_json":{"title":"Aula Itinerante estar\u00e1 nas escolas CAIC e Promenor nesta ter\u00e7a-feira (14) - Blog do Farn\u00e9sio","robots":{"index":"index","follow":"follow","max-snippet":"max-snippet:-1","max-image-preview":"max-image-preview:large","max-video-preview":"max-video-preview:-1"},"canonical":"https:\/\/blogdofarnesio.com.br\/?p=262101","og_locale":"pt_BR","og_type":"article","og_title":"Aula Itinerante estar\u00e1 nas escolas CAIC e Promenor nesta ter\u00e7a-feira (14) - Blog do Farn\u00e9sio","og_description":"Dando continuidade \u00e0s a\u00e7\u00f5es do Projeto Juazeiro Cidade Educadora &#8211; Aula em Rede, a Prefeitura, atrav\u00e9s da Secretaria de Educa\u00e7\u00e3o e Juventude \u2013 SEDUC, inicia a Aula Itinerante, que vai atender aos alunos da rede municipal de ensino, que n\u00e3o est\u00e3o tendo acesso \u00e0s aulas virtuais oferecidas no Portal da Educa\u00e7\u00e3o e no Canal do Youtube. Nesta ter\u00e7a-feira (14), as equipes visitam os alunos das escolas Promenor e CAIC, nos bairros Alto do Cruzeiro e Malhada da Areia respectivamente, e na quinta-feira (16), os alunos das Escolas Jo\u00e3o Neves de Almeida e Ant\u00f4nio Francisco de Oliveira, no Distrito do Junco. \u201cVamos fortalecer as a\u00e7\u00f5es do Aula em Rede, com a distribui\u00e7\u00e3o de bloco de atividades semanais, atendendo aos alunos da&hellip;","og_url":"https:\/\/blogdofarnesio.com.br\/?p=262101","og_site_name":"Blog do Farn\u00e9sio","article_publisher":"https:\/\/www.facebook.com\/BlogQuerSaberPolitica\/","article_published_time":"2020-07-14T12:42:13+00:00","og_image":[{"width":680,"height":485,"url":"https:\/\/blogdofarnesio.com.br\/wp-content\/uploads\/2020\/07\/Aula-Itinerante-estar\u00e1-nas-escolas-CAIC-e-Promenor-nesta-ter\u00e7a-feira-14-e1594665890899.jpeg","type":"image\/jpeg"}],"author":"Farn\u00e9sio","twitter_card":"summary_large_image","twitter_misc":{"Escrito por":"Farn\u00e9sio","Est. tempo de leitura":"2 minutos"},"schema":{"@context":"https:\/\/schema.org","@graph":[{"@type":"Article","@id":"https:\/\/blogdofarnesio.com.br\/?p=262101#article","isPartOf":{"@id":"https:\/\/blogdofarnesio.com.br\/?p=262101"},"author":{"name":"Farn\u00e9sio","@id":"https:\/\/blogdofarnesio.com.br\/#\/schema\/person\/301c4acf522bccbfdb45af95b5b906a1"},"headline":"Aula Itinerante estar\u00e1 nas escolas CAIC e Promenor nesta ter\u00e7a-feira (14)","datePublished":"2020-07-14T12:42:13+00:00","mainEntityOfPage":{"@id":"https:\/\/blogdofarnesio.com.br\/?p=262101"},"wordCount":394,"publisher":{"@id":"https:\/\/blogdofarnesio.com.br\/#organization"},"image":{"@id":"https:\/\/blogdofarnesio.com.br\/?p=262101#primaryimage"},"thumbnailUrl":"https:\/\/blogdofarnesio.com.br\/wp-content\/uploads\/2020\/07\/Aula-Itinerante-estar\u00e1-nas-escolas-CAIC-e-Promenor-nesta-ter\u00e7a-feira-14-e1594665890899.jpeg","articleSection":["Educa\u00e7\u00e3o"],"inLanguage":"pt-BR"},{"@type":"WebPage","@id":"https:\/\/blogdofarnesio.com.br\/?p=262101","url":"https:\/\/blogdofarnesio.com.br\/?p=262101","name":"Aula Itinerante estar\u00e1 nas escolas CAIC e Promenor nesta ter\u00e7a-feira (14) - Blog do Farn\u00e9sio","isPartOf":{"@id":"https:\/\/blogdofarnesio.com.br\/#website"},"primaryImageOfPage":{"@id":"https:\/\/blogdofarnesio.com.br\/?p=262101#primaryimage"},"image":{"@id":"https:\/\/blogdofarnesio.com.br\/?p=262101#primaryimage"},"thumbnailUrl":"https:\/\/blogdofarnesio.com.br\/wp-content\/uploads\/2020\/07\/Aula-Itinerante-estar\u00e1-nas-escolas-CAIC-e-Promenor-nesta-ter\u00e7a-feira-14-e1594665890899.jpeg","datePublished":"2020-07-14T12:42:13+00:00","breadcrumb":{"@id":"https:\/\/blogdofarnesio.com.br\/?p=262101#breadcrumb"},"inLanguage":"pt-BR","potentialAction":[{"@type":"ReadAction","target":["https:\/\/blogdofarnesio.com.br\/?p=262101"]}]},{"@type":"ImageObject","inLanguage":"pt-BR","@id":"https:\/\/blogdofarnesio.com.br\/?p=262101#primaryimage","url":"https:\/\/blogdofarnesio.com.br\/wp-content\/uploads\/2020\/07\/Aula-Itinerante-estar\u00e1-nas-escolas-CAIC-e-Promenor-nesta-ter\u00e7a-feira-14-e1594665890899.jpeg","contentUrl":"https:\/\/blogdofarnesio.com.br\/wp-content\/uploads\/2020\/07\/Aula-Itinerante-estar\u00e1-nas-escolas-CAIC-e-Promenor-nesta-ter\u00e7a-feira-14-e1594665890899.jpeg","width":680,"height":485},{"@type":"BreadcrumbList","@id":"https:\/\/blogdofarnesio.com.br\/?p=262101#breadcrumb","itemListElement":[{"@type":"ListItem","position":1,"name":"In\u00edcio","item":"https:\/\/blogdofarnesio.com.br\/"},{"@type":"ListItem","position":2,"name":"Aula Itinerante estar\u00e1 nas escolas CAIC e Promenor nesta ter\u00e7a-feira (14)"}]},{"@type":"WebSite","@id":"https:\/\/blogdofarnesio.com.br\/#website","url":"https:\/\/blogdofarnesio.com.br\/","name":"Blog do Farn\u00e9sio","description":"Quer Saber Pol\u00edtica?","publisher":{"@id":"https:\/\/blogdofarnesio.com.br\/#organization"},"potentialAction":[{"@type":"SearchAction","target":{"@type":"EntryPoint","urlTemplate":"https:\/\/blogdofarnesio.com.br\/?s={search_term_string}"},"query-input":{"@type":"PropertyValueSpecification","valueRequired":true,"valueName":"search_term_string"}}],"inLanguage":"pt-BR"},{"@type":"Organization","@id":"https:\/\/blogdofarnesio.com.br\/#organization","name":"Blog do Farn\u00e9sio","url":"https:\/\/blogdofarnesio.com.br\/","logo":{"@type":"ImageObject","inLanguage":"pt-BR","@id":"https:\/\/blogdofarnesio.com.br\/#\/schema\/logo\/image\/","url":"https:\/\/blogdofarnesio.com.br\/wp-content\/uploads\/2026\/03\/cropped-logo_new-1.png","contentUrl":"https:\/\/blogdofarnesio.com.br\/wp-content\/uploads\/2026\/03\/cropped-logo_new-1.png","width":881,"height":685,"caption":"Blog do Farn\u00e9sio"},"image":{"@id":"https:\/\/blogdofarnesio.com.br\/#\/schema\/logo\/image\/"},"sameAs":["https:\/\/www.facebook.com\/BlogQuerSaberPolitica\/"]},{"@type":"Person","@id":"https:\/\/blogdofarnesio.com.br\/#\/schema\/person\/301c4acf522bccbfdb45af95b5b906a1","name":"Farn\u00e9sio","image":{"@type":"ImageObject","inLanguage":"pt-BR","@id":"https:\/\/secure.gravatar.com\/avatar\/df0c9a14567c056f8ad6876ba5bbd1e3e2c48023eb6807342fc4663adf549f38?s=96&d=mm&r=g","url":"https:\/\/secure.gravatar.com\/avatar\/df0c9a14567c056f8ad6876ba5bbd1e3e2c48023eb6807342fc4663adf549f38?s=96&d=mm&r=g","contentUrl":"https:\/\/secure.gravatar.com\/avatar\/df0c9a14567c056f8ad6876ba5bbd1e3e2c48023eb6807342fc4663adf549f38?s=96&d=mm&r=g","caption":"Farn\u00e9sio"},"sameAs":["https:\/\/quersaberpolitica.com.br"],"url":"https:\/\/blogdofarnesio.com.br\/?author=1"}]}},"_links":{"self":[{"href":"https:\/\/blogdofarnesio.com.br\/index.php?rest_route=\/wp\/v2\/posts\/262101","targetHints":{"allow":["GET"]}}],"collection":[{"href":"https:\/\/blogdofarnesio.com.br\/index.php?rest_route=\/wp\/v2\/posts"}],"about":[{"href":"https:\/\/blogdofarnesio.com.br\/index.php?rest_route=\/wp\/v2\/types\/post"}],"author":[{"embeddable":true,"href":"https:\/\/blogdofarnesio.com.br\/index.php?rest_route=\/wp\/v2\/users\/1"}],"replies":[{"embeddable":true,"href":"https:\/\/blogdofarnesio.com.br\/index.php?rest_route=%2Fwp%2Fv2%2Fcomments&post=262101"}],"version-history":[{"count":0,"href":"https:\/\/blogdofarnesio.com.br\/index.php?rest_route=\/wp\/v2\/posts\/262101\/revisions"}],"wp:featuredmedia":[{"embeddable":true,"href":"https:\/\/blogdofarnesio.com.br\/index.php?rest_route=\/wp\/v2\/media\/262102"}],"wp:attachment":[{"href":"https:\/\/blogdofarnesio.com.br\/index.php?rest_route=%2Fwp%2Fv2%2Fmedia&parent=262101"}],"wp:term":[{"taxonomy":"category","embeddable":true,"href":"https:\/\/blogdofarnesio.com.br\/index.php?rest_route=%2Fwp%2Fv2%2Fcategories&post=262101"},{"taxonomy":"post_tag","embeddable":true,"href":"https:\/\/blogdofarnesio.com.br\/index.php?rest_route=%2Fwp%2Fv2%2Ftags&post=262101"}],"curies":[{"name":"wp","href":"https:\/\/api.w.org\/{rel}","templated":true}]}}