{"id":26190,"date":"2013-02-03T10:30:07","date_gmt":"2013-02-03T13:30:07","guid":{"rendered":"http:\/\/www.quersaberpolitica.com.br\/?p=26190"},"modified":"2013-02-03T10:30:09","modified_gmt":"2013-02-03T13:30:09","slug":"policia-federal-divulga-balanco-de-entrega-de-armas-em-pernambuco","status":"publish","type":"post","link":"https:\/\/blogdofarnesio.com.br\/2013\/02\/policia-federal-divulga-balanco-de-entrega-de-armas-em-pernambuco\/","title":{"rendered":"POL\u00cdCIA FEDERAL DIVULGA BALAN\u00c7O DE ENTREGA DE ARMAS EM PERNAMBUCO"},"content":{"rendered":"<h3 style=\"text-align: justify\"><\/h3>\n<div style=\"text-align: justify\">\n<div dir=\"ltr\">\n<div><img loading=\"lazy\" decoding=\"async\" class=\"alignleft\" alt=\"\" src=\"http:\/\/1.bp.blogspot.com\/-apR18LAnZv4\/UQrdmh6T-NI\/AAAAAAAAKk4\/EsBp56k5IpQ\/s320\/desarmamento.jpg\" width=\"288\" height=\"185\" \/><\/div>\n<div>Pol\u00edcia Federal (PF) divulgou hoje (31) o balan\u00e7o da Campanha do Desarmamento em Pernambuco. O balan\u00e7o parcial totaliza 3.312 armas e 10.200 muni\u00e7\u00f5es, o que corresponde a cinco armas entregues por dia, no per\u00edodo de 23 de maio de 2011 at\u00e9 esta quinta-feira.<\/div>\n<div style=\"text-align: justify\">O armamento mais entregue no Estado \u00e9 composto de rev\u00f3lveres, espingardas, pistolas e muni\u00e7\u00f5es de calibre 38.<\/div>\n<div style=\"text-align: justify\">A Pol\u00edcia Federal tamb\u00e9m estipulou novos valores para as armas que ser\u00e3o entregues. Pistolas de calibre 22, 32 e 28, al\u00e9m de espingardas de todos os calibres, por exemplo, s\u00e3o recompensadas com o valor de R$ 150. Rifles e Carabinas t\u00eam valor de indeniza\u00e7\u00e3o variando entre R$ 300 e R$ 450.<\/div>\n<div>Quem quiser entregar uma arma deve primeiro acessar o\u00a0<a href=\"http:\/\/www.entreguesuaarma.gov.br\/desarmamento\/\">site<!--more-->\u00a0<\/a>da campanha ou a\u00a0<a href=\"http:\/\/www.dpf.gov.br\/\">p\u00e1gina<\/a>eletr\u00f4nica da PF e preencher uma guia de tr\u00e2nsito, que permite a n\u00e3o apreens\u00e3o em caso de blitz. Ap\u00f3s este procedimento, basta procurar um dos 23 Batalh\u00f5es de Pol\u00edcia do estado, ou as Companhias Independentes, e fazer a entrega.<\/div>\n<div>Depois disso, o cidad\u00e3o cadastra uma senha de quatro d\u00edgitos e ap\u00f3s 24 horas j\u00e1 pode sacar o valor em qualquer caixa eletr\u00f4nico do Banco do Brasil.<\/div>\n<\/div>\n<\/div>\n","protected":false},"excerpt":{"rendered":"<p>Pol\u00edcia Federal (PF) divulgou hoje (31) o balan\u00e7o da Campanha do Desarmamento em Pernambuco. O balan\u00e7o parcial totaliza 3.312 armas e 10.200 muni\u00e7\u00f5es, o que corresponde a cinco armas entregues por dia, no per\u00edodo de 23 de maio de 2011 at\u00e9 esta quinta-feira. O armamento mais entregue no Estado \u00e9 composto de rev\u00f3lveres, espingardas, pistolas e muni\u00e7\u00f5es de calibre 38. A Pol\u00edcia Federal tamb\u00e9m estipulou novos valores para as armas que ser\u00e3o entregues. Pistolas de calibre 22, 32 e 28, al\u00e9m de espingardas de todos os calibres, por exemplo, s\u00e3o recompensadas com o valor de R$ 150. Rifles e Carabinas t\u00eam valor de indeniza\u00e7\u00e3o variando entre R$ 300 e R$ 450. Quem quiser entregar uma arma deve primeiro acessar o\u00a0site<\/p>\n","protected":false},"author":3,"featured_media":0,"comment_status":"open","ping_status":"open","sticky":false,"template":"","format":"standard","meta":{"_acf_changed":false,"footnotes":""},"categories":[9],"tags":[],"class_list":["post-26190","post","type-post","status-publish","format-standard","hentry","category-policia"],"acf":[],"yoast_head":"<!-- This site is optimized with the Yoast SEO plugin v27.5 - https:\/\/yoast.com\/product\/yoast-seo-wordpress\/ -->\n<title>POL\u00cdCIA FEDERAL DIVULGA BALAN\u00c7O DE ENTREGA DE ARMAS EM PERNAMBUCO - Blog do Farn\u00e9sio<\/title>\n<meta name=\"robots\" content=\"index, follow, max-snippet:-1, max-image-preview:large, max-video-preview:-1\" \/>\n<link rel=\"canonical\" href=\"https:\/\/blogdofarnesio.com.br\/2013\/02\/policia-federal-divulga-balanco-de-entrega-de-armas-em-pernambuco\/\" \/>\n<meta property=\"og:locale\" content=\"pt_BR\" \/>\n<meta property=\"og:type\" content=\"article\" \/>\n<meta property=\"og:title\" content=\"POL\u00cdCIA FEDERAL DIVULGA BALAN\u00c7O DE ENTREGA DE ARMAS EM PERNAMBUCO - Blog do Farn\u00e9sio\" \/>\n<meta property=\"og:description\" content=\"Pol\u00edcia Federal (PF) divulgou hoje (31) o balan\u00e7o da Campanha do Desarmamento em Pernambuco. O balan\u00e7o parcial totaliza 3.312 armas e 10.200 muni\u00e7\u00f5es, o que corresponde a cinco armas entregues por dia, no per\u00edodo de 23 de maio de 2011 at\u00e9 esta quinta-feira. O armamento mais entregue no Estado \u00e9 composto de rev\u00f3lveres, espingardas, pistolas e muni\u00e7\u00f5es de calibre 38. A Pol\u00edcia Federal tamb\u00e9m estipulou novos valores para as armas que ser\u00e3o entregues. Pistolas de calibre 22, 32 e 28, al\u00e9m de espingardas de todos os calibres, por exemplo, s\u00e3o recompensadas com o valor de R$ 150. Rifles e Carabinas t\u00eam valor de indeniza\u00e7\u00e3o variando entre R$ 300 e R$ 450. Quem quiser entregar uma arma deve primeiro acessar o\u00a0site\" \/>\n<meta property=\"og:url\" content=\"https:\/\/blogdofarnesio.com.br\/2013\/02\/policia-federal-divulga-balanco-de-entrega-de-armas-em-pernambuco\/\" \/>\n<meta property=\"og:site_name\" content=\"Blog do Farn\u00e9sio\" \/>\n<meta property=\"article:publisher\" content=\"https:\/\/www.facebook.com\/BlogQuerSaberPolitica\/\" \/>\n<meta property=\"article:published_time\" content=\"2013-02-03T13:30:07+00:00\" \/>\n<meta property=\"article:modified_time\" content=\"2013-02-03T13:30:09+00:00\" \/>\n<meta property=\"og:image\" content=\"http:\/\/1.bp.blogspot.com\/-apR18LAnZv4\/UQrdmh6T-NI\/AAAAAAAAKk4\/EsBp56k5IpQ\/s320\/desarmamento.jpg\" \/>\n<meta name=\"author\" content=\"teste\" \/>\n<meta name=\"twitter:card\" content=\"summary_large_image\" \/>\n<meta name=\"twitter:label1\" content=\"Escrito por\" \/>\n\t<meta name=\"twitter:data1\" content=\"teste\" \/>\n\t<meta name=\"twitter:label2\" content=\"Est. tempo de leitura\" \/>\n\t<meta name=\"twitter:data2\" content=\"1 minuto\" \/>\n<script type=\"application\/ld+json\" class=\"yoast-schema-graph\">{\"@context\":\"https:\\\/\\\/schema.org\",\"@graph\":[{\"@type\":\"Article\",\"@id\":\"https:\\\/\\\/blogdofarnesio.com.br\\\/2013\\\/02\\\/policia-federal-divulga-balanco-de-entrega-de-armas-em-pernambuco\\\/#article\",\"isPartOf\":{\"@id\":\"https:\\\/\\\/blogdofarnesio.com.br\\\/2013\\\/02\\\/policia-federal-divulga-balanco-de-entrega-de-armas-em-pernambuco\\\/\"},\"author\":{\"name\":\"teste\",\"@id\":\"https:\\\/\\\/blogdofarnesio.com.br\\\/#\\\/schema\\\/person\\\/dd1bf5eba40b687199ba45ca6b97dff9\"},\"headline\":\"POL\u00cdCIA FEDERAL DIVULGA BALAN\u00c7O DE ENTREGA DE ARMAS EM PERNAMBUCO\",\"datePublished\":\"2013-02-03T13:30:07+00:00\",\"dateModified\":\"2013-02-03T13:30:09+00:00\",\"mainEntityOfPage\":{\"@id\":\"https:\\\/\\\/blogdofarnesio.com.br\\\/2013\\\/02\\\/policia-federal-divulga-balanco-de-entrega-de-armas-em-pernambuco\\\/\"},\"wordCount\":214,\"commentCount\":0,\"publisher\":{\"@id\":\"https:\\\/\\\/blogdofarnesio.com.br\\\/#organization\"},\"image\":{\"@id\":\"https:\\\/\\\/blogdofarnesio.com.br\\\/2013\\\/02\\\/policia-federal-divulga-balanco-de-entrega-de-armas-em-pernambuco\\\/#primaryimage\"},\"thumbnailUrl\":\"http:\\\/\\\/1.bp.blogspot.com\\\/-apR18LAnZv4\\\/UQrdmh6T-NI\\\/AAAAAAAAKk4\\\/EsBp56k5IpQ\\\/s320\\\/desarmamento.jpg\",\"articleSection\":[\"Pol\u00edcia\"],\"inLanguage\":\"pt-BR\",\"potentialAction\":[{\"@type\":\"CommentAction\",\"name\":\"Comment\",\"target\":[\"https:\\\/\\\/blogdofarnesio.com.br\\\/2013\\\/02\\\/policia-federal-divulga-balanco-de-entrega-de-armas-em-pernambuco\\\/#respond\"]}]},{\"@type\":\"WebPage\",\"@id\":\"https:\\\/\\\/blogdofarnesio.com.br\\\/2013\\\/02\\\/policia-federal-divulga-balanco-de-entrega-de-armas-em-pernambuco\\\/\",\"url\":\"https:\\\/\\\/blogdofarnesio.com.br\\\/2013\\\/02\\\/policia-federal-divulga-balanco-de-entrega-de-armas-em-pernambuco\\\/\",\"name\":\"POL\u00cdCIA FEDERAL DIVULGA BALAN\u00c7O DE ENTREGA DE ARMAS EM PERNAMBUCO - Blog do Farn\u00e9sio\",\"isPartOf\":{\"@id\":\"https:\\\/\\\/blogdofarnesio.com.br\\\/#website\"},\"primaryImageOfPage\":{\"@id\":\"https:\\\/\\\/blogdofarnesio.com.br\\\/2013\\\/02\\\/policia-federal-divulga-balanco-de-entrega-de-armas-em-pernambuco\\\/#primaryimage\"},\"image\":{\"@id\":\"https:\\\/\\\/blogdofarnesio.com.br\\\/2013\\\/02\\\/policia-federal-divulga-balanco-de-entrega-de-armas-em-pernambuco\\\/#primaryimage\"},\"thumbnailUrl\":\"http:\\\/\\\/1.bp.blogspot.com\\\/-apR18LAnZv4\\\/UQrdmh6T-NI\\\/AAAAAAAAKk4\\\/EsBp56k5IpQ\\\/s320\\\/desarmamento.jpg\",\"datePublished\":\"2013-02-03T13:30:07+00:00\",\"dateModified\":\"2013-02-03T13:30:09+00:00\",\"breadcrumb\":{\"@id\":\"https:\\\/\\\/blogdofarnesio.com.br\\\/2013\\\/02\\\/policia-federal-divulga-balanco-de-entrega-de-armas-em-pernambuco\\\/#breadcrumb\"},\"inLanguage\":\"pt-BR\",\"potentialAction\":[{\"@type\":\"ReadAction\",\"target\":[\"https:\\\/\\\/blogdofarnesio.com.br\\\/2013\\\/02\\\/policia-federal-divulga-balanco-de-entrega-de-armas-em-pernambuco\\\/\"]}]},{\"@type\":\"ImageObject\",\"inLanguage\":\"pt-BR\",\"@id\":\"https:\\\/\\\/blogdofarnesio.com.br\\\/2013\\\/02\\\/policia-federal-divulga-balanco-de-entrega-de-armas-em-pernambuco\\\/#primaryimage\",\"url\":\"http:\\\/\\\/1.bp.blogspot.com\\\/-apR18LAnZv4\\\/UQrdmh6T-NI\\\/AAAAAAAAKk4\\\/EsBp56k5IpQ\\\/s320\\\/desarmamento.jpg\",\"contentUrl\":\"http:\\\/\\\/1.bp.blogspot.com\\\/-apR18LAnZv4\\\/UQrdmh6T-NI\\\/AAAAAAAAKk4\\\/EsBp56k5IpQ\\\/s320\\\/desarmamento.jpg\"},{\"@type\":\"BreadcrumbList\",\"@id\":\"https:\\\/\\\/blogdofarnesio.com.br\\\/2013\\\/02\\\/policia-federal-divulga-balanco-de-entrega-de-armas-em-pernambuco\\\/#breadcrumb\",\"itemListElement\":[{\"@type\":\"ListItem\",\"position\":1,\"name\":\"In\u00edcio\",\"item\":\"https:\\\/\\\/blogdofarnesio.com.br\\\/\"},{\"@type\":\"ListItem\",\"position\":2,\"name\":\"POL\u00cdCIA FEDERAL DIVULGA BALAN\u00c7O DE ENTREGA DE ARMAS EM PERNAMBUCO\"}]},{\"@type\":\"WebSite\",\"@id\":\"https:\\\/\\\/blogdofarnesio.com.br\\\/#website\",\"url\":\"https:\\\/\\\/blogdofarnesio.com.br\\\/\",\"name\":\"Blog do Farn\u00e9sio\",\"description\":\"Quer Saber Pol\u00edtica?\",\"publisher\":{\"@id\":\"https:\\\/\\\/blogdofarnesio.com.br\\\/#organization\"},\"potentialAction\":[{\"@type\":\"SearchAction\",\"target\":{\"@type\":\"EntryPoint\",\"urlTemplate\":\"https:\\\/\\\/blogdofarnesio.com.br\\\/?s={search_term_string}\"},\"query-input\":{\"@type\":\"PropertyValueSpecification\",\"valueRequired\":true,\"valueName\":\"search_term_string\"}}],\"inLanguage\":\"pt-BR\"},{\"@type\":\"Organization\",\"@id\":\"https:\\\/\\\/blogdofarnesio.com.br\\\/#organization\",\"name\":\"Blog do Farn\u00e9sio\",\"url\":\"https:\\\/\\\/blogdofarnesio.com.br\\\/\",\"logo\":{\"@type\":\"ImageObject\",\"inLanguage\":\"pt-BR\",\"@id\":\"https:\\\/\\\/blogdofarnesio.com.br\\\/#\\\/schema\\\/logo\\\/image\\\/\",\"url\":\"https:\\\/\\\/blogdofarnesio.com.br\\\/wp-content\\\/uploads\\\/2026\\\/03\\\/cropped-logo_new-1.png\",\"contentUrl\":\"https:\\\/\\\/blogdofarnesio.com.br\\\/wp-content\\\/uploads\\\/2026\\\/03\\\/cropped-logo_new-1.png\",\"width\":881,\"height\":685,\"caption\":\"Blog do Farn\u00e9sio\"},\"image\":{\"@id\":\"https:\\\/\\\/blogdofarnesio.com.br\\\/#\\\/schema\\\/logo\\\/image\\\/\"},\"sameAs\":[\"https:\\\/\\\/www.facebook.com\\\/BlogQuerSaberPolitica\\\/\"]},{\"@type\":\"Person\",\"@id\":\"https:\\\/\\\/blogdofarnesio.com.br\\\/#\\\/schema\\\/person\\\/dd1bf5eba40b687199ba45ca6b97dff9\",\"name\":\"teste\",\"image\":{\"@type\":\"ImageObject\",\"inLanguage\":\"pt-BR\",\"@id\":\"https:\\\/\\\/secure.gravatar.com\\\/avatar\\\/2172498d4914b51e1d89a0f97957b035ac4938723a5cac208135d389b6972a6d?s=96&d=mm&r=g\",\"url\":\"https:\\\/\\\/secure.gravatar.com\\\/avatar\\\/2172498d4914b51e1d89a0f97957b035ac4938723a5cac208135d389b6972a6d?s=96&d=mm&r=g\",\"contentUrl\":\"https:\\\/\\\/secure.gravatar.com\\\/avatar\\\/2172498d4914b51e1d89a0f97957b035ac4938723a5cac208135d389b6972a6d?s=96&d=mm&r=g\",\"caption\":\"teste\"},\"url\":\"https:\\\/\\\/blogdofarnesio.com.br\\\/author\\\/teste\\\/\"}]}<\/script>\n<!-- \/ Yoast SEO plugin. -->","yoast_head_json":{"title":"POL\u00cdCIA FEDERAL DIVULGA BALAN\u00c7O DE ENTREGA DE ARMAS EM PERNAMBUCO - Blog do Farn\u00e9sio","robots":{"index":"index","follow":"follow","max-snippet":"max-snippet:-1","max-image-preview":"max-image-preview:large","max-video-preview":"max-video-preview:-1"},"canonical":"https:\/\/blogdofarnesio.com.br\/2013\/02\/policia-federal-divulga-balanco-de-entrega-de-armas-em-pernambuco\/","og_locale":"pt_BR","og_type":"article","og_title":"POL\u00cdCIA FEDERAL DIVULGA BALAN\u00c7O DE ENTREGA DE ARMAS EM PERNAMBUCO - Blog do Farn\u00e9sio","og_description":"Pol\u00edcia Federal (PF) divulgou hoje (31) o balan\u00e7o da Campanha do Desarmamento em Pernambuco. O balan\u00e7o parcial totaliza 3.312 armas e 10.200 muni\u00e7\u00f5es, o que corresponde a cinco armas entregues por dia, no per\u00edodo de 23 de maio de 2011 at\u00e9 esta quinta-feira. O armamento mais entregue no Estado \u00e9 composto de rev\u00f3lveres, espingardas, pistolas e muni\u00e7\u00f5es de calibre 38. A Pol\u00edcia Federal tamb\u00e9m estipulou novos valores para as armas que ser\u00e3o entregues. Pistolas de calibre 22, 32 e 28, al\u00e9m de espingardas de todos os calibres, por exemplo, s\u00e3o recompensadas com o valor de R$ 150. Rifles e Carabinas t\u00eam valor de indeniza\u00e7\u00e3o variando entre R$ 300 e R$ 450. Quem quiser entregar uma arma deve primeiro acessar o\u00a0site","og_url":"https:\/\/blogdofarnesio.com.br\/2013\/02\/policia-federal-divulga-balanco-de-entrega-de-armas-em-pernambuco\/","og_site_name":"Blog do Farn\u00e9sio","article_publisher":"https:\/\/www.facebook.com\/BlogQuerSaberPolitica\/","article_published_time":"2013-02-03T13:30:07+00:00","article_modified_time":"2013-02-03T13:30:09+00:00","og_image":[{"url":"http:\/\/1.bp.blogspot.com\/-apR18LAnZv4\/UQrdmh6T-NI\/AAAAAAAAKk4\/EsBp56k5IpQ\/s320\/desarmamento.jpg","type":"","width":"","height":""}],"author":"teste","twitter_card":"summary_large_image","twitter_misc":{"Escrito por":"teste","Est. tempo de leitura":"1 minuto"},"schema":{"@context":"https:\/\/schema.org","@graph":[{"@type":"Article","@id":"https:\/\/blogdofarnesio.com.br\/2013\/02\/policia-federal-divulga-balanco-de-entrega-de-armas-em-pernambuco\/#article","isPartOf":{"@id":"https:\/\/blogdofarnesio.com.br\/2013\/02\/policia-federal-divulga-balanco-de-entrega-de-armas-em-pernambuco\/"},"author":{"name":"teste","@id":"https:\/\/blogdofarnesio.com.br\/#\/schema\/person\/dd1bf5eba40b687199ba45ca6b97dff9"},"headline":"POL\u00cdCIA FEDERAL DIVULGA BALAN\u00c7O DE ENTREGA DE ARMAS EM PERNAMBUCO","datePublished":"2013-02-03T13:30:07+00:00","dateModified":"2013-02-03T13:30:09+00:00","mainEntityOfPage":{"@id":"https:\/\/blogdofarnesio.com.br\/2013\/02\/policia-federal-divulga-balanco-de-entrega-de-armas-em-pernambuco\/"},"wordCount":214,"commentCount":0,"publisher":{"@id":"https:\/\/blogdofarnesio.com.br\/#organization"},"image":{"@id":"https:\/\/blogdofarnesio.com.br\/2013\/02\/policia-federal-divulga-balanco-de-entrega-de-armas-em-pernambuco\/#primaryimage"},"thumbnailUrl":"http:\/\/1.bp.blogspot.com\/-apR18LAnZv4\/UQrdmh6T-NI\/AAAAAAAAKk4\/EsBp56k5IpQ\/s320\/desarmamento.jpg","articleSection":["Pol\u00edcia"],"inLanguage":"pt-BR","potentialAction":[{"@type":"CommentAction","name":"Comment","target":["https:\/\/blogdofarnesio.com.br\/2013\/02\/policia-federal-divulga-balanco-de-entrega-de-armas-em-pernambuco\/#respond"]}]},{"@type":"WebPage","@id":"https:\/\/blogdofarnesio.com.br\/2013\/02\/policia-federal-divulga-balanco-de-entrega-de-armas-em-pernambuco\/","url":"https:\/\/blogdofarnesio.com.br\/2013\/02\/policia-federal-divulga-balanco-de-entrega-de-armas-em-pernambuco\/","name":"POL\u00cdCIA FEDERAL DIVULGA BALAN\u00c7O DE ENTREGA DE ARMAS EM PERNAMBUCO - Blog do Farn\u00e9sio","isPartOf":{"@id":"https:\/\/blogdofarnesio.com.br\/#website"},"primaryImageOfPage":{"@id":"https:\/\/blogdofarnesio.com.br\/2013\/02\/policia-federal-divulga-balanco-de-entrega-de-armas-em-pernambuco\/#primaryimage"},"image":{"@id":"https:\/\/blogdofarnesio.com.br\/2013\/02\/policia-federal-divulga-balanco-de-entrega-de-armas-em-pernambuco\/#primaryimage"},"thumbnailUrl":"http:\/\/1.bp.blogspot.com\/-apR18LAnZv4\/UQrdmh6T-NI\/AAAAAAAAKk4\/EsBp56k5IpQ\/s320\/desarmamento.jpg","datePublished":"2013-02-03T13:30:07+00:00","dateModified":"2013-02-03T13:30:09+00:00","breadcrumb":{"@id":"https:\/\/blogdofarnesio.com.br\/2013\/02\/policia-federal-divulga-balanco-de-entrega-de-armas-em-pernambuco\/#breadcrumb"},"inLanguage":"pt-BR","potentialAction":[{"@type":"ReadAction","target":["https:\/\/blogdofarnesio.com.br\/2013\/02\/policia-federal-divulga-balanco-de-entrega-de-armas-em-pernambuco\/"]}]},{"@type":"ImageObject","inLanguage":"pt-BR","@id":"https:\/\/blogdofarnesio.com.br\/2013\/02\/policia-federal-divulga-balanco-de-entrega-de-armas-em-pernambuco\/#primaryimage","url":"http:\/\/1.bp.blogspot.com\/-apR18LAnZv4\/UQrdmh6T-NI\/AAAAAAAAKk4\/EsBp56k5IpQ\/s320\/desarmamento.jpg","contentUrl":"http:\/\/1.bp.blogspot.com\/-apR18LAnZv4\/UQrdmh6T-NI\/AAAAAAAAKk4\/EsBp56k5IpQ\/s320\/desarmamento.jpg"},{"@type":"BreadcrumbList","@id":"https:\/\/blogdofarnesio.com.br\/2013\/02\/policia-federal-divulga-balanco-de-entrega-de-armas-em-pernambuco\/#breadcrumb","itemListElement":[{"@type":"ListItem","position":1,"name":"In\u00edcio","item":"https:\/\/blogdofarnesio.com.br\/"},{"@type":"ListItem","position":2,"name":"POL\u00cdCIA FEDERAL DIVULGA BALAN\u00c7O DE ENTREGA DE ARMAS EM PERNAMBUCO"}]},{"@type":"WebSite","@id":"https:\/\/blogdofarnesio.com.br\/#website","url":"https:\/\/blogdofarnesio.com.br\/","name":"Blog do Farn\u00e9sio","description":"Quer Saber Pol\u00edtica?","publisher":{"@id":"https:\/\/blogdofarnesio.com.br\/#organization"},"potentialAction":[{"@type":"SearchAction","target":{"@type":"EntryPoint","urlTemplate":"https:\/\/blogdofarnesio.com.br\/?s={search_term_string}"},"query-input":{"@type":"PropertyValueSpecification","valueRequired":true,"valueName":"search_term_string"}}],"inLanguage":"pt-BR"},{"@type":"Organization","@id":"https:\/\/blogdofarnesio.com.br\/#organization","name":"Blog do Farn\u00e9sio","url":"https:\/\/blogdofarnesio.com.br\/","logo":{"@type":"ImageObject","inLanguage":"pt-BR","@id":"https:\/\/blogdofarnesio.com.br\/#\/schema\/logo\/image\/","url":"https:\/\/blogdofarnesio.com.br\/wp-content\/uploads\/2026\/03\/cropped-logo_new-1.png","contentUrl":"https:\/\/blogdofarnesio.com.br\/wp-content\/uploads\/2026\/03\/cropped-logo_new-1.png","width":881,"height":685,"caption":"Blog do Farn\u00e9sio"},"image":{"@id":"https:\/\/blogdofarnesio.com.br\/#\/schema\/logo\/image\/"},"sameAs":["https:\/\/www.facebook.com\/BlogQuerSaberPolitica\/"]},{"@type":"Person","@id":"https:\/\/blogdofarnesio.com.br\/#\/schema\/person\/dd1bf5eba40b687199ba45ca6b97dff9","name":"teste","image":{"@type":"ImageObject","inLanguage":"pt-BR","@id":"https:\/\/secure.gravatar.com\/avatar\/2172498d4914b51e1d89a0f97957b035ac4938723a5cac208135d389b6972a6d?s=96&d=mm&r=g","url":"https:\/\/secure.gravatar.com\/avatar\/2172498d4914b51e1d89a0f97957b035ac4938723a5cac208135d389b6972a6d?s=96&d=mm&r=g","contentUrl":"https:\/\/secure.gravatar.com\/avatar\/2172498d4914b51e1d89a0f97957b035ac4938723a5cac208135d389b6972a6d?s=96&d=mm&r=g","caption":"teste"},"url":"https:\/\/blogdofarnesio.com.br\/author\/teste\/"}]}},"_links":{"self":[{"href":"https:\/\/blogdofarnesio.com.br\/wp-json\/wp\/v2\/posts\/26190","targetHints":{"allow":["GET"]}}],"collection":[{"href":"https:\/\/blogdofarnesio.com.br\/wp-json\/wp\/v2\/posts"}],"about":[{"href":"https:\/\/blogdofarnesio.com.br\/wp-json\/wp\/v2\/types\/post"}],"author":[{"embeddable":true,"href":"https:\/\/blogdofarnesio.com.br\/wp-json\/wp\/v2\/users\/3"}],"replies":[{"embeddable":true,"href":"https:\/\/blogdofarnesio.com.br\/wp-json\/wp\/v2\/comments?post=26190"}],"version-history":[{"count":0,"href":"https:\/\/blogdofarnesio.com.br\/wp-json\/wp\/v2\/posts\/26190\/revisions"}],"wp:attachment":[{"href":"https:\/\/blogdofarnesio.com.br\/wp-json\/wp\/v2\/media?parent=26190"}],"wp:term":[{"taxonomy":"category","embeddable":true,"href":"https:\/\/blogdofarnesio.com.br\/wp-json\/wp\/v2\/categories?post=26190"},{"taxonomy":"post_tag","embeddable":true,"href":"https:\/\/blogdofarnesio.com.br\/wp-json\/wp\/v2\/tags?post=26190"}],"curies":[{"name":"wp","href":"https:\/\/api.w.org\/{rel}","templated":true}]}}