{"id":261810,"date":"2020-07-09T14:42:08","date_gmt":"2020-07-09T17:42:08","guid":{"rendered":"http:\/\/quersaberpolitica.com.br\/2016\/?p=261810"},"modified":"2020-07-09T12:29:46","modified_gmt":"2020-07-09T15:29:46","slug":"comandante-do-cprn-visita-a-25a-cipm-casa-nova","status":"publish","type":"post","link":"https:\/\/blogdofarnesio.com.br\/?p=261810","title":{"rendered":"COMANDANTE DO CPRN VISITA A 25\u00aa CIPM \/ CASA NOVA"},"content":{"rendered":"<p>O Comandante do Comando de Policiamento da Regi\u00e3o Norte (CPRN), Coronel PM Nilton Paix\u00e3o, visitou nos dias 07 e 08 deste m\u00eas de julho, a 25\u00aa Companhia Independente de Pol\u00edcia Militar (CIPM), comandada pelo Capit\u00e3o PM Cristiano.<\/p>\n<p>Al\u00e9m da sede da Companhia, localizada em Casa Nova, foram visitados 03 (tr\u00eas) munic\u00edpios de responsabilidade da Unidade supracitada, sendo estes: Remanso, Pil\u00e3o Arcado e Campo Alegre de Lourdes. Na oportunidade, o Coronel PM Nilton Paix\u00e3o juntamente com o Capit\u00e3o PM Cristiano manteve contato com autoridades locais dos<br \/>\nmunic\u00edpios visitados.<\/p>\n<p>O Comandante do CPRN conheceu os pelot\u00f5es e conversou com o efetivo de servi\u00e7o, aproveitando para reafirmar o apoio incondicional nesse momento de pandemia a toda tropa.<\/p>\n<p>No \u00faltimo dia de inspe\u00e7\u00e3o, o Coronel PM Nilton Paix\u00e3o participou de uma apresenta\u00e7\u00e3o no audit\u00f3rio da Unidade Operacional, neste momento enfatizou que reconhece os esfor\u00e7os de Oficias e Pra\u00e7as da 25\u00aa CIPM, parabenizando todos pelo empenho.<\/p>\n<p>Aproveitou para elogiar o Capit\u00e3o PM Cristiano pelos excelentes servi\u00e7os prestados \u00e0 frente da Companhia.<\/p>\n<p>O Coronel PM Nilton Paix\u00e3o foi agraciado pela equipe da 25\u00aa CIPM com uma instru\u00e7\u00e3o de tiro. A oficina se deu com disparos de Pistola .40, SMT.40, Fuzil .556, Fuzil 762mm e Mosquefal.<\/p>\n<p>O objetivo do Comandante \u00e9 visitar, neste per\u00edodo, todas as Unidades Operacionais (UOp) subordinadas ao CPRN, a fim de conhecer, in loco, as demandas e peculiaridades de cada UOp.<\/p>\n","protected":false},"excerpt":{"rendered":"<p>O Comandante do Comando de Policiamento da Regi\u00e3o Norte (CPRN), Coronel PM Nilton Paix\u00e3o, visitou nos dias 07 e 08 deste m\u00eas de julho, a 25\u00aa Companhia Independente de Pol\u00edcia Militar (CIPM), comandada pelo Capit\u00e3o PM Cristiano. Al\u00e9m da sede da Companhia, localizada em Casa Nova, foram visitados 03 (tr\u00eas) munic\u00edpios de responsabilidade da Unidade supracitada, sendo estes: Remanso, Pil\u00e3o Arcado e Campo Alegre de Lourdes. Na oportunidade, o Coronel PM Nilton Paix\u00e3o juntamente com o Capit\u00e3o PM Cristiano manteve contato com autoridades locais dos munic\u00edpios visitados. O Comandante do CPRN conheceu os pelot\u00f5es e conversou com o efetivo de servi\u00e7o, aproveitando para reafirmar o apoio incondicional nesse momento de pandemia a toda tropa. No \u00faltimo dia de inspe\u00e7\u00e3o, o&hellip; <\/p>\n","protected":false},"author":1,"featured_media":261811,"comment_status":"closed","ping_status":"closed","sticky":false,"template":"","format":"standard","meta":{"_acf_changed":false,"footnotes":""},"categories":[9],"tags":[],"class_list":["post-261810","post","type-post","status-publish","format-standard","has-post-thumbnail","hentry","category-policia"],"acf":[],"yoast_head":"<!-- This site is optimized with the Yoast SEO plugin v27.4 - https:\/\/yoast.com\/product\/yoast-seo-wordpress\/ -->\n<title>COMANDANTE DO CPRN VISITA A 25\u00aa CIPM \/ CASA NOVA - Blog do Farn\u00e9sio<\/title>\n<meta name=\"robots\" content=\"index, follow, max-snippet:-1, max-image-preview:large, max-video-preview:-1\" \/>\n<link rel=\"canonical\" href=\"https:\/\/blogdofarnesio.com.br\/?p=261810\" \/>\n<meta property=\"og:locale\" content=\"pt_BR\" \/>\n<meta property=\"og:type\" content=\"article\" \/>\n<meta property=\"og:title\" content=\"COMANDANTE DO CPRN VISITA A 25\u00aa CIPM \/ CASA NOVA - Blog do Farn\u00e9sio\" \/>\n<meta property=\"og:description\" content=\"O Comandante do Comando de Policiamento da Regi\u00e3o Norte (CPRN), Coronel PM Nilton Paix\u00e3o, visitou nos dias 07 e 08 deste m\u00eas de julho, a 25\u00aa Companhia Independente de Pol\u00edcia Militar (CIPM), comandada pelo Capit\u00e3o PM Cristiano. Al\u00e9m da sede da Companhia, localizada em Casa Nova, foram visitados 03 (tr\u00eas) munic\u00edpios de responsabilidade da Unidade supracitada, sendo estes: Remanso, Pil\u00e3o Arcado e Campo Alegre de Lourdes. Na oportunidade, o Coronel PM Nilton Paix\u00e3o juntamente com o Capit\u00e3o PM Cristiano manteve contato com autoridades locais dos munic\u00edpios visitados. O Comandante do CPRN conheceu os pelot\u00f5es e conversou com o efetivo de servi\u00e7o, aproveitando para reafirmar o apoio incondicional nesse momento de pandemia a toda tropa. No \u00faltimo dia de inspe\u00e7\u00e3o, o&hellip;\" \/>\n<meta property=\"og:url\" content=\"https:\/\/blogdofarnesio.com.br\/?p=261810\" \/>\n<meta property=\"og:site_name\" content=\"Blog do Farn\u00e9sio\" \/>\n<meta property=\"article:publisher\" content=\"https:\/\/www.facebook.com\/BlogQuerSaberPolitica\/\" \/>\n<meta property=\"article:published_time\" content=\"2020-07-09T17:42:08+00:00\" \/>\n<meta property=\"og:image\" content=\"https:\/\/blogdofarnesio.com.br\/wp-content\/uploads\/2020\/07\/blogqspcasanova-25cipm-e1594308550152.jpg\" \/>\n\t<meta property=\"og:image:width\" content=\"724\" \/>\n\t<meta property=\"og:image:height\" content=\"407\" \/>\n\t<meta property=\"og:image:type\" content=\"image\/jpeg\" \/>\n<meta name=\"author\" content=\"Farn\u00e9sio\" \/>\n<meta name=\"twitter:card\" content=\"summary_large_image\" \/>\n<meta name=\"twitter:label1\" content=\"Escrito por\" \/>\n\t<meta name=\"twitter:data1\" content=\"Farn\u00e9sio\" \/>\n\t<meta name=\"twitter:label2\" content=\"Est. tempo de leitura\" \/>\n\t<meta name=\"twitter:data2\" content=\"1 minuto\" \/>\n<script type=\"application\/ld+json\" class=\"yoast-schema-graph\">{\"@context\":\"https:\\\/\\\/schema.org\",\"@graph\":[{\"@type\":\"Article\",\"@id\":\"https:\\\/\\\/blogdofarnesio.com.br\\\/?p=261810#article\",\"isPartOf\":{\"@id\":\"https:\\\/\\\/blogdofarnesio.com.br\\\/?p=261810\"},\"author\":{\"name\":\"Farn\u00e9sio\",\"@id\":\"https:\\\/\\\/blogdofarnesio.com.br\\\/#\\\/schema\\\/person\\\/301c4acf522bccbfdb45af95b5b906a1\"},\"headline\":\"COMANDANTE DO CPRN VISITA A 25\u00aa CIPM \\\/ CASA NOVA\",\"datePublished\":\"2020-07-09T17:42:08+00:00\",\"mainEntityOfPage\":{\"@id\":\"https:\\\/\\\/blogdofarnesio.com.br\\\/?p=261810\"},\"wordCount\":251,\"publisher\":{\"@id\":\"https:\\\/\\\/blogdofarnesio.com.br\\\/#organization\"},\"image\":{\"@id\":\"https:\\\/\\\/blogdofarnesio.com.br\\\/?p=261810#primaryimage\"},\"thumbnailUrl\":\"https:\\\/\\\/blogdofarnesio.com.br\\\/wp-content\\\/uploads\\\/2020\\\/07\\\/blogqspcasanova-25cipm-e1594308550152.jpg\",\"articleSection\":[\"Pol\u00edcia\"],\"inLanguage\":\"pt-BR\"},{\"@type\":\"WebPage\",\"@id\":\"https:\\\/\\\/blogdofarnesio.com.br\\\/?p=261810\",\"url\":\"https:\\\/\\\/blogdofarnesio.com.br\\\/?p=261810\",\"name\":\"COMANDANTE DO CPRN VISITA A 25\u00aa CIPM \\\/ CASA NOVA - Blog do Farn\u00e9sio\",\"isPartOf\":{\"@id\":\"https:\\\/\\\/blogdofarnesio.com.br\\\/#website\"},\"primaryImageOfPage\":{\"@id\":\"https:\\\/\\\/blogdofarnesio.com.br\\\/?p=261810#primaryimage\"},\"image\":{\"@id\":\"https:\\\/\\\/blogdofarnesio.com.br\\\/?p=261810#primaryimage\"},\"thumbnailUrl\":\"https:\\\/\\\/blogdofarnesio.com.br\\\/wp-content\\\/uploads\\\/2020\\\/07\\\/blogqspcasanova-25cipm-e1594308550152.jpg\",\"datePublished\":\"2020-07-09T17:42:08+00:00\",\"breadcrumb\":{\"@id\":\"https:\\\/\\\/blogdofarnesio.com.br\\\/?p=261810#breadcrumb\"},\"inLanguage\":\"pt-BR\",\"potentialAction\":[{\"@type\":\"ReadAction\",\"target\":[\"https:\\\/\\\/blogdofarnesio.com.br\\\/?p=261810\"]}]},{\"@type\":\"ImageObject\",\"inLanguage\":\"pt-BR\",\"@id\":\"https:\\\/\\\/blogdofarnesio.com.br\\\/?p=261810#primaryimage\",\"url\":\"https:\\\/\\\/blogdofarnesio.com.br\\\/wp-content\\\/uploads\\\/2020\\\/07\\\/blogqspcasanova-25cipm-e1594308550152.jpg\",\"contentUrl\":\"https:\\\/\\\/blogdofarnesio.com.br\\\/wp-content\\\/uploads\\\/2020\\\/07\\\/blogqspcasanova-25cipm-e1594308550152.jpg\",\"width\":724,\"height\":407},{\"@type\":\"BreadcrumbList\",\"@id\":\"https:\\\/\\\/blogdofarnesio.com.br\\\/?p=261810#breadcrumb\",\"itemListElement\":[{\"@type\":\"ListItem\",\"position\":1,\"name\":\"In\u00edcio\",\"item\":\"https:\\\/\\\/blogdofarnesio.com.br\\\/\"},{\"@type\":\"ListItem\",\"position\":2,\"name\":\"COMANDANTE DO CPRN VISITA A 25\u00aa CIPM \\\/ CASA NOVA\"}]},{\"@type\":\"WebSite\",\"@id\":\"https:\\\/\\\/blogdofarnesio.com.br\\\/#website\",\"url\":\"https:\\\/\\\/blogdofarnesio.com.br\\\/\",\"name\":\"Blog do Farn\u00e9sio\",\"description\":\"Quer Saber Pol\u00edtica?\",\"publisher\":{\"@id\":\"https:\\\/\\\/blogdofarnesio.com.br\\\/#organization\"},\"potentialAction\":[{\"@type\":\"SearchAction\",\"target\":{\"@type\":\"EntryPoint\",\"urlTemplate\":\"https:\\\/\\\/blogdofarnesio.com.br\\\/?s={search_term_string}\"},\"query-input\":{\"@type\":\"PropertyValueSpecification\",\"valueRequired\":true,\"valueName\":\"search_term_string\"}}],\"inLanguage\":\"pt-BR\"},{\"@type\":\"Organization\",\"@id\":\"https:\\\/\\\/blogdofarnesio.com.br\\\/#organization\",\"name\":\"Blog do Farn\u00e9sio\",\"url\":\"https:\\\/\\\/blogdofarnesio.com.br\\\/\",\"logo\":{\"@type\":\"ImageObject\",\"inLanguage\":\"pt-BR\",\"@id\":\"https:\\\/\\\/blogdofarnesio.com.br\\\/#\\\/schema\\\/logo\\\/image\\\/\",\"url\":\"https:\\\/\\\/blogdofarnesio.com.br\\\/wp-content\\\/uploads\\\/2026\\\/03\\\/cropped-logo_new-1.png\",\"contentUrl\":\"https:\\\/\\\/blogdofarnesio.com.br\\\/wp-content\\\/uploads\\\/2026\\\/03\\\/cropped-logo_new-1.png\",\"width\":881,\"height\":685,\"caption\":\"Blog do Farn\u00e9sio\"},\"image\":{\"@id\":\"https:\\\/\\\/blogdofarnesio.com.br\\\/#\\\/schema\\\/logo\\\/image\\\/\"},\"sameAs\":[\"https:\\\/\\\/www.facebook.com\\\/BlogQuerSaberPolitica\\\/\"]},{\"@type\":\"Person\",\"@id\":\"https:\\\/\\\/blogdofarnesio.com.br\\\/#\\\/schema\\\/person\\\/301c4acf522bccbfdb45af95b5b906a1\",\"name\":\"Farn\u00e9sio\",\"image\":{\"@type\":\"ImageObject\",\"inLanguage\":\"pt-BR\",\"@id\":\"https:\\\/\\\/secure.gravatar.com\\\/avatar\\\/df0c9a14567c056f8ad6876ba5bbd1e3e2c48023eb6807342fc4663adf549f38?s=96&d=mm&r=g\",\"url\":\"https:\\\/\\\/secure.gravatar.com\\\/avatar\\\/df0c9a14567c056f8ad6876ba5bbd1e3e2c48023eb6807342fc4663adf549f38?s=96&d=mm&r=g\",\"contentUrl\":\"https:\\\/\\\/secure.gravatar.com\\\/avatar\\\/df0c9a14567c056f8ad6876ba5bbd1e3e2c48023eb6807342fc4663adf549f38?s=96&d=mm&r=g\",\"caption\":\"Farn\u00e9sio\"},\"sameAs\":[\"https:\\\/\\\/quersaberpolitica.com.br\"],\"url\":\"https:\\\/\\\/blogdofarnesio.com.br\\\/?author=1\"}]}<\/script>\n<!-- \/ Yoast SEO plugin. -->","yoast_head_json":{"title":"COMANDANTE DO CPRN VISITA A 25\u00aa CIPM \/ CASA NOVA - Blog do Farn\u00e9sio","robots":{"index":"index","follow":"follow","max-snippet":"max-snippet:-1","max-image-preview":"max-image-preview:large","max-video-preview":"max-video-preview:-1"},"canonical":"https:\/\/blogdofarnesio.com.br\/?p=261810","og_locale":"pt_BR","og_type":"article","og_title":"COMANDANTE DO CPRN VISITA A 25\u00aa CIPM \/ CASA NOVA - Blog do Farn\u00e9sio","og_description":"O Comandante do Comando de Policiamento da Regi\u00e3o Norte (CPRN), Coronel PM Nilton Paix\u00e3o, visitou nos dias 07 e 08 deste m\u00eas de julho, a 25\u00aa Companhia Independente de Pol\u00edcia Militar (CIPM), comandada pelo Capit\u00e3o PM Cristiano. Al\u00e9m da sede da Companhia, localizada em Casa Nova, foram visitados 03 (tr\u00eas) munic\u00edpios de responsabilidade da Unidade supracitada, sendo estes: Remanso, Pil\u00e3o Arcado e Campo Alegre de Lourdes. Na oportunidade, o Coronel PM Nilton Paix\u00e3o juntamente com o Capit\u00e3o PM Cristiano manteve contato com autoridades locais dos munic\u00edpios visitados. O Comandante do CPRN conheceu os pelot\u00f5es e conversou com o efetivo de servi\u00e7o, aproveitando para reafirmar o apoio incondicional nesse momento de pandemia a toda tropa. No \u00faltimo dia de inspe\u00e7\u00e3o, o&hellip;","og_url":"https:\/\/blogdofarnesio.com.br\/?p=261810","og_site_name":"Blog do Farn\u00e9sio","article_publisher":"https:\/\/www.facebook.com\/BlogQuerSaberPolitica\/","article_published_time":"2020-07-09T17:42:08+00:00","og_image":[{"width":724,"height":407,"url":"https:\/\/blogdofarnesio.com.br\/wp-content\/uploads\/2020\/07\/blogqspcasanova-25cipm-e1594308550152.jpg","type":"image\/jpeg"}],"author":"Farn\u00e9sio","twitter_card":"summary_large_image","twitter_misc":{"Escrito por":"Farn\u00e9sio","Est. tempo de leitura":"1 minuto"},"schema":{"@context":"https:\/\/schema.org","@graph":[{"@type":"Article","@id":"https:\/\/blogdofarnesio.com.br\/?p=261810#article","isPartOf":{"@id":"https:\/\/blogdofarnesio.com.br\/?p=261810"},"author":{"name":"Farn\u00e9sio","@id":"https:\/\/blogdofarnesio.com.br\/#\/schema\/person\/301c4acf522bccbfdb45af95b5b906a1"},"headline":"COMANDANTE DO CPRN VISITA A 25\u00aa CIPM \/ CASA NOVA","datePublished":"2020-07-09T17:42:08+00:00","mainEntityOfPage":{"@id":"https:\/\/blogdofarnesio.com.br\/?p=261810"},"wordCount":251,"publisher":{"@id":"https:\/\/blogdofarnesio.com.br\/#organization"},"image":{"@id":"https:\/\/blogdofarnesio.com.br\/?p=261810#primaryimage"},"thumbnailUrl":"https:\/\/blogdofarnesio.com.br\/wp-content\/uploads\/2020\/07\/blogqspcasanova-25cipm-e1594308550152.jpg","articleSection":["Pol\u00edcia"],"inLanguage":"pt-BR"},{"@type":"WebPage","@id":"https:\/\/blogdofarnesio.com.br\/?p=261810","url":"https:\/\/blogdofarnesio.com.br\/?p=261810","name":"COMANDANTE DO CPRN VISITA A 25\u00aa CIPM \/ CASA NOVA - Blog do Farn\u00e9sio","isPartOf":{"@id":"https:\/\/blogdofarnesio.com.br\/#website"},"primaryImageOfPage":{"@id":"https:\/\/blogdofarnesio.com.br\/?p=261810#primaryimage"},"image":{"@id":"https:\/\/blogdofarnesio.com.br\/?p=261810#primaryimage"},"thumbnailUrl":"https:\/\/blogdofarnesio.com.br\/wp-content\/uploads\/2020\/07\/blogqspcasanova-25cipm-e1594308550152.jpg","datePublished":"2020-07-09T17:42:08+00:00","breadcrumb":{"@id":"https:\/\/blogdofarnesio.com.br\/?p=261810#breadcrumb"},"inLanguage":"pt-BR","potentialAction":[{"@type":"ReadAction","target":["https:\/\/blogdofarnesio.com.br\/?p=261810"]}]},{"@type":"ImageObject","inLanguage":"pt-BR","@id":"https:\/\/blogdofarnesio.com.br\/?p=261810#primaryimage","url":"https:\/\/blogdofarnesio.com.br\/wp-content\/uploads\/2020\/07\/blogqspcasanova-25cipm-e1594308550152.jpg","contentUrl":"https:\/\/blogdofarnesio.com.br\/wp-content\/uploads\/2020\/07\/blogqspcasanova-25cipm-e1594308550152.jpg","width":724,"height":407},{"@type":"BreadcrumbList","@id":"https:\/\/blogdofarnesio.com.br\/?p=261810#breadcrumb","itemListElement":[{"@type":"ListItem","position":1,"name":"In\u00edcio","item":"https:\/\/blogdofarnesio.com.br\/"},{"@type":"ListItem","position":2,"name":"COMANDANTE DO CPRN VISITA A 25\u00aa CIPM \/ CASA NOVA"}]},{"@type":"WebSite","@id":"https:\/\/blogdofarnesio.com.br\/#website","url":"https:\/\/blogdofarnesio.com.br\/","name":"Blog do Farn\u00e9sio","description":"Quer Saber Pol\u00edtica?","publisher":{"@id":"https:\/\/blogdofarnesio.com.br\/#organization"},"potentialAction":[{"@type":"SearchAction","target":{"@type":"EntryPoint","urlTemplate":"https:\/\/blogdofarnesio.com.br\/?s={search_term_string}"},"query-input":{"@type":"PropertyValueSpecification","valueRequired":true,"valueName":"search_term_string"}}],"inLanguage":"pt-BR"},{"@type":"Organization","@id":"https:\/\/blogdofarnesio.com.br\/#organization","name":"Blog do Farn\u00e9sio","url":"https:\/\/blogdofarnesio.com.br\/","logo":{"@type":"ImageObject","inLanguage":"pt-BR","@id":"https:\/\/blogdofarnesio.com.br\/#\/schema\/logo\/image\/","url":"https:\/\/blogdofarnesio.com.br\/wp-content\/uploads\/2026\/03\/cropped-logo_new-1.png","contentUrl":"https:\/\/blogdofarnesio.com.br\/wp-content\/uploads\/2026\/03\/cropped-logo_new-1.png","width":881,"height":685,"caption":"Blog do Farn\u00e9sio"},"image":{"@id":"https:\/\/blogdofarnesio.com.br\/#\/schema\/logo\/image\/"},"sameAs":["https:\/\/www.facebook.com\/BlogQuerSaberPolitica\/"]},{"@type":"Person","@id":"https:\/\/blogdofarnesio.com.br\/#\/schema\/person\/301c4acf522bccbfdb45af95b5b906a1","name":"Farn\u00e9sio","image":{"@type":"ImageObject","inLanguage":"pt-BR","@id":"https:\/\/secure.gravatar.com\/avatar\/df0c9a14567c056f8ad6876ba5bbd1e3e2c48023eb6807342fc4663adf549f38?s=96&d=mm&r=g","url":"https:\/\/secure.gravatar.com\/avatar\/df0c9a14567c056f8ad6876ba5bbd1e3e2c48023eb6807342fc4663adf549f38?s=96&d=mm&r=g","contentUrl":"https:\/\/secure.gravatar.com\/avatar\/df0c9a14567c056f8ad6876ba5bbd1e3e2c48023eb6807342fc4663adf549f38?s=96&d=mm&r=g","caption":"Farn\u00e9sio"},"sameAs":["https:\/\/quersaberpolitica.com.br"],"url":"https:\/\/blogdofarnesio.com.br\/?author=1"}]}},"_links":{"self":[{"href":"https:\/\/blogdofarnesio.com.br\/index.php?rest_route=\/wp\/v2\/posts\/261810","targetHints":{"allow":["GET"]}}],"collection":[{"href":"https:\/\/blogdofarnesio.com.br\/index.php?rest_route=\/wp\/v2\/posts"}],"about":[{"href":"https:\/\/blogdofarnesio.com.br\/index.php?rest_route=\/wp\/v2\/types\/post"}],"author":[{"embeddable":true,"href":"https:\/\/blogdofarnesio.com.br\/index.php?rest_route=\/wp\/v2\/users\/1"}],"replies":[{"embeddable":true,"href":"https:\/\/blogdofarnesio.com.br\/index.php?rest_route=%2Fwp%2Fv2%2Fcomments&post=261810"}],"version-history":[{"count":0,"href":"https:\/\/blogdofarnesio.com.br\/index.php?rest_route=\/wp\/v2\/posts\/261810\/revisions"}],"wp:featuredmedia":[{"embeddable":true,"href":"https:\/\/blogdofarnesio.com.br\/index.php?rest_route=\/wp\/v2\/media\/261811"}],"wp:attachment":[{"href":"https:\/\/blogdofarnesio.com.br\/index.php?rest_route=%2Fwp%2Fv2%2Fmedia&parent=261810"}],"wp:term":[{"taxonomy":"category","embeddable":true,"href":"https:\/\/blogdofarnesio.com.br\/index.php?rest_route=%2Fwp%2Fv2%2Fcategories&post=261810"},{"taxonomy":"post_tag","embeddable":true,"href":"https:\/\/blogdofarnesio.com.br\/index.php?rest_route=%2Fwp%2Fv2%2Ftags&post=261810"}],"curies":[{"name":"wp","href":"https:\/\/api.w.org\/{rel}","templated":true}]}}