{"id":261787,"date":"2020-07-09T12:31:27","date_gmt":"2020-07-09T15:31:27","guid":{"rendered":"http:\/\/quersaberpolitica.com.br\/2016\/?p=261787"},"modified":"2020-07-09T10:07:10","modified_gmt":"2020-07-09T13:07:10","slug":"cabine-de-desinfeccao-de-epis-e-instalada-no-hospital-municipal-de-sobradinho-uma-doacao-da-uniftc","status":"publish","type":"post","link":"https:\/\/blogdofarnesio.com.br\/?p=261787","title":{"rendered":"Cabine de desinfec\u00e7\u00e3o de EPIs \u00e9 instalada no Hospital Municipal de Sobradinho, uma doa\u00e7\u00e3o da UniFTC"},"content":{"rendered":"<div class=\"adM\">Nessa quarta-feira (8) o Prefeito Luiz Vicente Berti e a Secret\u00e1ria de Sa\u00fade Maysa Sanjuan, receberam a doa\u00e7\u00e3o de uma Cabine de Desinfec\u00e7\u00e3o de Equipamentos de Prote\u00e7\u00e3o Individual (EPIs), para o Hospital Municipal Maria Auxiliadora Torres, da UniFTC, conceituada institui\u00e7\u00e3o de ensino superior, que atua na regi\u00e3o.<\/div>\n<div id=\"m_3107720238872932255Signature\">\n<div>\n<div id=\"m_3107720238872932255divtagdefaultwrapper\">\n<p>A cabine foi instalada na entrada da ala de tratamento do novo coronav\u00edrus, para oferecer maior seguran\u00e7a aos profissionais de sa\u00fade que atendem aos pacientes com a Covid-19 na unidade hospitalar.<\/p>\n<div>\n<p>&#8220;A cabine de desinfec\u00e7\u00e3o dos EPIs chega para consolidar os cuidados preventivos que tanto a administra\u00e7\u00e3o do hospital, quanto a secretaria tem com todos os profissionais de sa\u00fade. A prote\u00e7\u00e3o dos nossos trabalhadores \u00e9 uma constante preocupa\u00e7\u00e3o do Prefeito Luiz Vicente. Logo quando fomos procurados pela equipe da UniFTC para a aquisi\u00e7\u00e3o da cabine vibramos com a doa\u00e7\u00e3o, pois com ela nossos profissionais estar\u00e3o mais seguros durante o trabalho&#8221; declarou a Secret\u00e1ria de Sa\u00fade, Maysa Sanjuan.<\/p>\n<p>De acordo com o diretor geral da UniFTC Petrolina, Andrei Mello, as cabines s\u00e3o constru\u00eddas por alunos e professores do curso de engenharia da institui\u00e7\u00e3o. A estrutura de desinfec\u00e7\u00e3o possui 2 metros de comprimento por 1 metro de largura, e conta com sensores de movimento na entrada e na sa\u00edda que acionam a aspers\u00e3o de uma n\u00e9voa de solu\u00e7\u00e3o desinfetante respons\u00e1vel pela higieniza\u00e7\u00e3o dos EPIs dos trabalhadores.<\/p>\n<p>&#8220;Entre alunos e professores s\u00e3o 15 pessoas envolvidas na constru\u00e7\u00e3o das cabines de desinfec\u00e7\u00e3o. Sobradinho \u00e9 o terceiro munic\u00edpio que recebe a doa\u00e7\u00e3o de uma delas. A decis\u00e3o de doar a cabine ao munic\u00edpio parte da observa\u00e7\u00e3o do bom trabalho que a Prefeitura vem realizando na gest\u00e3o da pandemia. Queremos que a chegada da cabine garanta maior preven\u00e7\u00e3o e contribua ainda mais para o sucesso das pol\u00edticas p\u00fablicas preventivas que j\u00e1 vem dando resultados positivos no munic\u00edpio&#8221; disse Andrei Mello.<\/p>\n<p>O Prefeito Luiz Vicente Berti agradeceu a doa\u00e7\u00e3o e ressaltou a import\u00e2ncia da institui\u00e7\u00e3o superior para a comunidade sanfranciscana.<\/p>\n<p>Um equipamento como esse, \u00e9 fruto de uma pesquisa cient\u00edfica desenvolvida dentro de uma universidade comprometida com a comunidade, uma prova de responsabilidade social. Sens\u00edvel a este momento de combate ao coronav\u00edrus, a universidade cria uma equipamento importante para prote\u00e7\u00e3o dos guerreiros e guerreiras que est\u00e3o na linha de frente. A universidade faz sua parte, a gest\u00e3o faz sua parte, e \u00e9 necess\u00e1rio que, cada cidad\u00e3o e cidad\u00e3 se engajem nesta luta pela vida, obedecendo as orienta\u00e7\u00f5es sanit\u00e1rias. Agradecemos a UniFTC pela escolha de Sobradinho para a realiza\u00e7\u00e3o da doa\u00e7\u00e3o e pelo reconhecimento do nosso trabalho&#8221;, agradeceu o prefeito.<\/p>\n<p>Ascom PMS<\/p>\n<\/div>\n<\/div>\n<\/div>\n<\/div>\n","protected":false},"excerpt":{"rendered":"<p>Nessa quarta-feira (8) o Prefeito Luiz Vicente Berti e a Secret\u00e1ria de Sa\u00fade Maysa Sanjuan, receberam a doa\u00e7\u00e3o de uma Cabine de Desinfec\u00e7\u00e3o de Equipamentos de Prote\u00e7\u00e3o Individual (EPIs), para o Hospital Municipal Maria Auxiliadora Torres, da UniFTC, conceituada institui\u00e7\u00e3o de ensino superior, que atua na regi\u00e3o. A cabine foi instalada na entrada da ala de tratamento do novo coronav\u00edrus, para oferecer maior seguran\u00e7a aos profissionais de sa\u00fade que atendem aos pacientes com a Covid-19 na unidade hospitalar. &#8220;A cabine de desinfec\u00e7\u00e3o dos EPIs chega para consolidar os cuidados preventivos que tanto a administra\u00e7\u00e3o do hospital, quanto a secretaria tem com todos os profissionais de sa\u00fade. A prote\u00e7\u00e3o dos nossos trabalhadores \u00e9 uma constante preocupa\u00e7\u00e3o do Prefeito Luiz Vicente. Logo&hellip; <\/p>\n","protected":false},"author":1,"featured_media":261788,"comment_status":"closed","ping_status":"closed","sticky":false,"template":"","format":"standard","meta":{"_acf_changed":false,"footnotes":""},"categories":[27],"tags":[],"class_list":["post-261787","post","type-post","status-publish","format-standard","has-post-thumbnail","hentry","category-cidades"],"acf":[],"yoast_head":"<!-- This site is optimized with the Yoast SEO plugin v27.4 - https:\/\/yoast.com\/product\/yoast-seo-wordpress\/ -->\n<title>Cabine de desinfec\u00e7\u00e3o de EPIs \u00e9 instalada no Hospital Municipal de Sobradinho, uma doa\u00e7\u00e3o da UniFTC - Blog do Farn\u00e9sio<\/title>\n<meta name=\"robots\" content=\"index, follow, max-snippet:-1, max-image-preview:large, max-video-preview:-1\" \/>\n<link rel=\"canonical\" href=\"https:\/\/blogdofarnesio.com.br\/?p=261787\" \/>\n<meta property=\"og:locale\" content=\"pt_BR\" \/>\n<meta property=\"og:type\" content=\"article\" \/>\n<meta property=\"og:title\" content=\"Cabine de desinfec\u00e7\u00e3o de EPIs \u00e9 instalada no Hospital Municipal de Sobradinho, uma doa\u00e7\u00e3o da UniFTC - Blog do Farn\u00e9sio\" \/>\n<meta property=\"og:description\" content=\"Nessa quarta-feira (8) o Prefeito Luiz Vicente Berti e a Secret\u00e1ria de Sa\u00fade Maysa Sanjuan, receberam a doa\u00e7\u00e3o de uma Cabine de Desinfec\u00e7\u00e3o de Equipamentos de Prote\u00e7\u00e3o Individual (EPIs), para o Hospital Municipal Maria Auxiliadora Torres, da UniFTC, conceituada institui\u00e7\u00e3o de ensino superior, que atua na regi\u00e3o. A cabine foi instalada na entrada da ala de tratamento do novo coronav\u00edrus, para oferecer maior seguran\u00e7a aos profissionais de sa\u00fade que atendem aos pacientes com a Covid-19 na unidade hospitalar. &#8220;A cabine de desinfec\u00e7\u00e3o dos EPIs chega para consolidar os cuidados preventivos que tanto a administra\u00e7\u00e3o do hospital, quanto a secretaria tem com todos os profissionais de sa\u00fade. A prote\u00e7\u00e3o dos nossos trabalhadores \u00e9 uma constante preocupa\u00e7\u00e3o do Prefeito Luiz Vicente. Logo&hellip;\" \/>\n<meta property=\"og:url\" content=\"https:\/\/blogdofarnesio.com.br\/?p=261787\" \/>\n<meta property=\"og:site_name\" content=\"Blog do Farn\u00e9sio\" \/>\n<meta property=\"article:publisher\" content=\"https:\/\/www.facebook.com\/BlogQuerSaberPolitica\/\" \/>\n<meta property=\"article:published_time\" content=\"2020-07-09T15:31:27+00:00\" \/>\n<meta property=\"og:image\" content=\"https:\/\/blogdofarnesio.com.br\/wp-content\/uploads\/2020\/07\/blogqspsobradinho-hospital-cabine-desinfec\u00e7\u00e3o-e1594295427192.jpg\" \/>\n\t<meta property=\"og:image:width\" content=\"680\" \/>\n\t<meta property=\"og:image:height\" content=\"453\" \/>\n\t<meta property=\"og:image:type\" content=\"image\/jpeg\" \/>\n<meta name=\"author\" content=\"Farn\u00e9sio\" \/>\n<meta name=\"twitter:card\" content=\"summary_large_image\" \/>\n<meta name=\"twitter:label1\" content=\"Escrito por\" \/>\n\t<meta name=\"twitter:data1\" content=\"Farn\u00e9sio\" \/>\n\t<meta name=\"twitter:label2\" content=\"Est. tempo de leitura\" \/>\n\t<meta name=\"twitter:data2\" content=\"2 minutos\" \/>\n<script type=\"application\/ld+json\" class=\"yoast-schema-graph\">{\"@context\":\"https:\\\/\\\/schema.org\",\"@graph\":[{\"@type\":\"Article\",\"@id\":\"https:\\\/\\\/blogdofarnesio.com.br\\\/?p=261787#article\",\"isPartOf\":{\"@id\":\"https:\\\/\\\/blogdofarnesio.com.br\\\/?p=261787\"},\"author\":{\"name\":\"Farn\u00e9sio\",\"@id\":\"https:\\\/\\\/blogdofarnesio.com.br\\\/#\\\/schema\\\/person\\\/301c4acf522bccbfdb45af95b5b906a1\"},\"headline\":\"Cabine de desinfec\u00e7\u00e3o de EPIs \u00e9 instalada no Hospital Municipal de Sobradinho, uma doa\u00e7\u00e3o da UniFTC\",\"datePublished\":\"2020-07-09T15:31:27+00:00\",\"mainEntityOfPage\":{\"@id\":\"https:\\\/\\\/blogdofarnesio.com.br\\\/?p=261787\"},\"wordCount\":488,\"publisher\":{\"@id\":\"https:\\\/\\\/blogdofarnesio.com.br\\\/#organization\"},\"image\":{\"@id\":\"https:\\\/\\\/blogdofarnesio.com.br\\\/?p=261787#primaryimage\"},\"thumbnailUrl\":\"https:\\\/\\\/blogdofarnesio.com.br\\\/wp-content\\\/uploads\\\/2020\\\/07\\\/blogqspsobradinho-hospital-cabine-desinfec\u00e7\u00e3o-e1594295427192.jpg\",\"articleSection\":[\"Cidades\"],\"inLanguage\":\"pt-BR\"},{\"@type\":\"WebPage\",\"@id\":\"https:\\\/\\\/blogdofarnesio.com.br\\\/?p=261787\",\"url\":\"https:\\\/\\\/blogdofarnesio.com.br\\\/?p=261787\",\"name\":\"Cabine de desinfec\u00e7\u00e3o de EPIs \u00e9 instalada no Hospital Municipal de Sobradinho, uma doa\u00e7\u00e3o da UniFTC - Blog do Farn\u00e9sio\",\"isPartOf\":{\"@id\":\"https:\\\/\\\/blogdofarnesio.com.br\\\/#website\"},\"primaryImageOfPage\":{\"@id\":\"https:\\\/\\\/blogdofarnesio.com.br\\\/?p=261787#primaryimage\"},\"image\":{\"@id\":\"https:\\\/\\\/blogdofarnesio.com.br\\\/?p=261787#primaryimage\"},\"thumbnailUrl\":\"https:\\\/\\\/blogdofarnesio.com.br\\\/wp-content\\\/uploads\\\/2020\\\/07\\\/blogqspsobradinho-hospital-cabine-desinfec\u00e7\u00e3o-e1594295427192.jpg\",\"datePublished\":\"2020-07-09T15:31:27+00:00\",\"breadcrumb\":{\"@id\":\"https:\\\/\\\/blogdofarnesio.com.br\\\/?p=261787#breadcrumb\"},\"inLanguage\":\"pt-BR\",\"potentialAction\":[{\"@type\":\"ReadAction\",\"target\":[\"https:\\\/\\\/blogdofarnesio.com.br\\\/?p=261787\"]}]},{\"@type\":\"ImageObject\",\"inLanguage\":\"pt-BR\",\"@id\":\"https:\\\/\\\/blogdofarnesio.com.br\\\/?p=261787#primaryimage\",\"url\":\"https:\\\/\\\/blogdofarnesio.com.br\\\/wp-content\\\/uploads\\\/2020\\\/07\\\/blogqspsobradinho-hospital-cabine-desinfec\u00e7\u00e3o-e1594295427192.jpg\",\"contentUrl\":\"https:\\\/\\\/blogdofarnesio.com.br\\\/wp-content\\\/uploads\\\/2020\\\/07\\\/blogqspsobradinho-hospital-cabine-desinfec\u00e7\u00e3o-e1594295427192.jpg\",\"width\":680,\"height\":453},{\"@type\":\"BreadcrumbList\",\"@id\":\"https:\\\/\\\/blogdofarnesio.com.br\\\/?p=261787#breadcrumb\",\"itemListElement\":[{\"@type\":\"ListItem\",\"position\":1,\"name\":\"In\u00edcio\",\"item\":\"https:\\\/\\\/blogdofarnesio.com.br\\\/\"},{\"@type\":\"ListItem\",\"position\":2,\"name\":\"Cabine de desinfec\u00e7\u00e3o de EPIs \u00e9 instalada no Hospital Municipal de Sobradinho, uma doa\u00e7\u00e3o da UniFTC\"}]},{\"@type\":\"WebSite\",\"@id\":\"https:\\\/\\\/blogdofarnesio.com.br\\\/#website\",\"url\":\"https:\\\/\\\/blogdofarnesio.com.br\\\/\",\"name\":\"Blog do Farn\u00e9sio\",\"description\":\"Quer Saber Pol\u00edtica?\",\"publisher\":{\"@id\":\"https:\\\/\\\/blogdofarnesio.com.br\\\/#organization\"},\"potentialAction\":[{\"@type\":\"SearchAction\",\"target\":{\"@type\":\"EntryPoint\",\"urlTemplate\":\"https:\\\/\\\/blogdofarnesio.com.br\\\/?s={search_term_string}\"},\"query-input\":{\"@type\":\"PropertyValueSpecification\",\"valueRequired\":true,\"valueName\":\"search_term_string\"}}],\"inLanguage\":\"pt-BR\"},{\"@type\":\"Organization\",\"@id\":\"https:\\\/\\\/blogdofarnesio.com.br\\\/#organization\",\"name\":\"Blog do Farn\u00e9sio\",\"url\":\"https:\\\/\\\/blogdofarnesio.com.br\\\/\",\"logo\":{\"@type\":\"ImageObject\",\"inLanguage\":\"pt-BR\",\"@id\":\"https:\\\/\\\/blogdofarnesio.com.br\\\/#\\\/schema\\\/logo\\\/image\\\/\",\"url\":\"https:\\\/\\\/blogdofarnesio.com.br\\\/wp-content\\\/uploads\\\/2026\\\/03\\\/cropped-logo_new-1.png\",\"contentUrl\":\"https:\\\/\\\/blogdofarnesio.com.br\\\/wp-content\\\/uploads\\\/2026\\\/03\\\/cropped-logo_new-1.png\",\"width\":881,\"height\":685,\"caption\":\"Blog do Farn\u00e9sio\"},\"image\":{\"@id\":\"https:\\\/\\\/blogdofarnesio.com.br\\\/#\\\/schema\\\/logo\\\/image\\\/\"},\"sameAs\":[\"https:\\\/\\\/www.facebook.com\\\/BlogQuerSaberPolitica\\\/\"]},{\"@type\":\"Person\",\"@id\":\"https:\\\/\\\/blogdofarnesio.com.br\\\/#\\\/schema\\\/person\\\/301c4acf522bccbfdb45af95b5b906a1\",\"name\":\"Farn\u00e9sio\",\"image\":{\"@type\":\"ImageObject\",\"inLanguage\":\"pt-BR\",\"@id\":\"https:\\\/\\\/secure.gravatar.com\\\/avatar\\\/df0c9a14567c056f8ad6876ba5bbd1e3e2c48023eb6807342fc4663adf549f38?s=96&d=mm&r=g\",\"url\":\"https:\\\/\\\/secure.gravatar.com\\\/avatar\\\/df0c9a14567c056f8ad6876ba5bbd1e3e2c48023eb6807342fc4663adf549f38?s=96&d=mm&r=g\",\"contentUrl\":\"https:\\\/\\\/secure.gravatar.com\\\/avatar\\\/df0c9a14567c056f8ad6876ba5bbd1e3e2c48023eb6807342fc4663adf549f38?s=96&d=mm&r=g\",\"caption\":\"Farn\u00e9sio\"},\"sameAs\":[\"https:\\\/\\\/quersaberpolitica.com.br\"],\"url\":\"https:\\\/\\\/blogdofarnesio.com.br\\\/?author=1\"}]}<\/script>\n<!-- \/ Yoast SEO plugin. -->","yoast_head_json":{"title":"Cabine de desinfec\u00e7\u00e3o de EPIs \u00e9 instalada no Hospital Municipal de Sobradinho, uma doa\u00e7\u00e3o da UniFTC - Blog do Farn\u00e9sio","robots":{"index":"index","follow":"follow","max-snippet":"max-snippet:-1","max-image-preview":"max-image-preview:large","max-video-preview":"max-video-preview:-1"},"canonical":"https:\/\/blogdofarnesio.com.br\/?p=261787","og_locale":"pt_BR","og_type":"article","og_title":"Cabine de desinfec\u00e7\u00e3o de EPIs \u00e9 instalada no Hospital Municipal de Sobradinho, uma doa\u00e7\u00e3o da UniFTC - Blog do Farn\u00e9sio","og_description":"Nessa quarta-feira (8) o Prefeito Luiz Vicente Berti e a Secret\u00e1ria de Sa\u00fade Maysa Sanjuan, receberam a doa\u00e7\u00e3o de uma Cabine de Desinfec\u00e7\u00e3o de Equipamentos de Prote\u00e7\u00e3o Individual (EPIs), para o Hospital Municipal Maria Auxiliadora Torres, da UniFTC, conceituada institui\u00e7\u00e3o de ensino superior, que atua na regi\u00e3o. A cabine foi instalada na entrada da ala de tratamento do novo coronav\u00edrus, para oferecer maior seguran\u00e7a aos profissionais de sa\u00fade que atendem aos pacientes com a Covid-19 na unidade hospitalar. &#8220;A cabine de desinfec\u00e7\u00e3o dos EPIs chega para consolidar os cuidados preventivos que tanto a administra\u00e7\u00e3o do hospital, quanto a secretaria tem com todos os profissionais de sa\u00fade. A prote\u00e7\u00e3o dos nossos trabalhadores \u00e9 uma constante preocupa\u00e7\u00e3o do Prefeito Luiz Vicente. Logo&hellip;","og_url":"https:\/\/blogdofarnesio.com.br\/?p=261787","og_site_name":"Blog do Farn\u00e9sio","article_publisher":"https:\/\/www.facebook.com\/BlogQuerSaberPolitica\/","article_published_time":"2020-07-09T15:31:27+00:00","og_image":[{"width":680,"height":453,"url":"https:\/\/blogdofarnesio.com.br\/wp-content\/uploads\/2020\/07\/blogqspsobradinho-hospital-cabine-desinfec\u00e7\u00e3o-e1594295427192.jpg","type":"image\/jpeg"}],"author":"Farn\u00e9sio","twitter_card":"summary_large_image","twitter_misc":{"Escrito por":"Farn\u00e9sio","Est. tempo de leitura":"2 minutos"},"schema":{"@context":"https:\/\/schema.org","@graph":[{"@type":"Article","@id":"https:\/\/blogdofarnesio.com.br\/?p=261787#article","isPartOf":{"@id":"https:\/\/blogdofarnesio.com.br\/?p=261787"},"author":{"name":"Farn\u00e9sio","@id":"https:\/\/blogdofarnesio.com.br\/#\/schema\/person\/301c4acf522bccbfdb45af95b5b906a1"},"headline":"Cabine de desinfec\u00e7\u00e3o de EPIs \u00e9 instalada no Hospital Municipal de Sobradinho, uma doa\u00e7\u00e3o da UniFTC","datePublished":"2020-07-09T15:31:27+00:00","mainEntityOfPage":{"@id":"https:\/\/blogdofarnesio.com.br\/?p=261787"},"wordCount":488,"publisher":{"@id":"https:\/\/blogdofarnesio.com.br\/#organization"},"image":{"@id":"https:\/\/blogdofarnesio.com.br\/?p=261787#primaryimage"},"thumbnailUrl":"https:\/\/blogdofarnesio.com.br\/wp-content\/uploads\/2020\/07\/blogqspsobradinho-hospital-cabine-desinfec\u00e7\u00e3o-e1594295427192.jpg","articleSection":["Cidades"],"inLanguage":"pt-BR"},{"@type":"WebPage","@id":"https:\/\/blogdofarnesio.com.br\/?p=261787","url":"https:\/\/blogdofarnesio.com.br\/?p=261787","name":"Cabine de desinfec\u00e7\u00e3o de EPIs \u00e9 instalada no Hospital Municipal de Sobradinho, uma doa\u00e7\u00e3o da UniFTC - Blog do Farn\u00e9sio","isPartOf":{"@id":"https:\/\/blogdofarnesio.com.br\/#website"},"primaryImageOfPage":{"@id":"https:\/\/blogdofarnesio.com.br\/?p=261787#primaryimage"},"image":{"@id":"https:\/\/blogdofarnesio.com.br\/?p=261787#primaryimage"},"thumbnailUrl":"https:\/\/blogdofarnesio.com.br\/wp-content\/uploads\/2020\/07\/blogqspsobradinho-hospital-cabine-desinfec\u00e7\u00e3o-e1594295427192.jpg","datePublished":"2020-07-09T15:31:27+00:00","breadcrumb":{"@id":"https:\/\/blogdofarnesio.com.br\/?p=261787#breadcrumb"},"inLanguage":"pt-BR","potentialAction":[{"@type":"ReadAction","target":["https:\/\/blogdofarnesio.com.br\/?p=261787"]}]},{"@type":"ImageObject","inLanguage":"pt-BR","@id":"https:\/\/blogdofarnesio.com.br\/?p=261787#primaryimage","url":"https:\/\/blogdofarnesio.com.br\/wp-content\/uploads\/2020\/07\/blogqspsobradinho-hospital-cabine-desinfec\u00e7\u00e3o-e1594295427192.jpg","contentUrl":"https:\/\/blogdofarnesio.com.br\/wp-content\/uploads\/2020\/07\/blogqspsobradinho-hospital-cabine-desinfec\u00e7\u00e3o-e1594295427192.jpg","width":680,"height":453},{"@type":"BreadcrumbList","@id":"https:\/\/blogdofarnesio.com.br\/?p=261787#breadcrumb","itemListElement":[{"@type":"ListItem","position":1,"name":"In\u00edcio","item":"https:\/\/blogdofarnesio.com.br\/"},{"@type":"ListItem","position":2,"name":"Cabine de desinfec\u00e7\u00e3o de EPIs \u00e9 instalada no Hospital Municipal de Sobradinho, uma doa\u00e7\u00e3o da UniFTC"}]},{"@type":"WebSite","@id":"https:\/\/blogdofarnesio.com.br\/#website","url":"https:\/\/blogdofarnesio.com.br\/","name":"Blog do Farn\u00e9sio","description":"Quer Saber Pol\u00edtica?","publisher":{"@id":"https:\/\/blogdofarnesio.com.br\/#organization"},"potentialAction":[{"@type":"SearchAction","target":{"@type":"EntryPoint","urlTemplate":"https:\/\/blogdofarnesio.com.br\/?s={search_term_string}"},"query-input":{"@type":"PropertyValueSpecification","valueRequired":true,"valueName":"search_term_string"}}],"inLanguage":"pt-BR"},{"@type":"Organization","@id":"https:\/\/blogdofarnesio.com.br\/#organization","name":"Blog do Farn\u00e9sio","url":"https:\/\/blogdofarnesio.com.br\/","logo":{"@type":"ImageObject","inLanguage":"pt-BR","@id":"https:\/\/blogdofarnesio.com.br\/#\/schema\/logo\/image\/","url":"https:\/\/blogdofarnesio.com.br\/wp-content\/uploads\/2026\/03\/cropped-logo_new-1.png","contentUrl":"https:\/\/blogdofarnesio.com.br\/wp-content\/uploads\/2026\/03\/cropped-logo_new-1.png","width":881,"height":685,"caption":"Blog do Farn\u00e9sio"},"image":{"@id":"https:\/\/blogdofarnesio.com.br\/#\/schema\/logo\/image\/"},"sameAs":["https:\/\/www.facebook.com\/BlogQuerSaberPolitica\/"]},{"@type":"Person","@id":"https:\/\/blogdofarnesio.com.br\/#\/schema\/person\/301c4acf522bccbfdb45af95b5b906a1","name":"Farn\u00e9sio","image":{"@type":"ImageObject","inLanguage":"pt-BR","@id":"https:\/\/secure.gravatar.com\/avatar\/df0c9a14567c056f8ad6876ba5bbd1e3e2c48023eb6807342fc4663adf549f38?s=96&d=mm&r=g","url":"https:\/\/secure.gravatar.com\/avatar\/df0c9a14567c056f8ad6876ba5bbd1e3e2c48023eb6807342fc4663adf549f38?s=96&d=mm&r=g","contentUrl":"https:\/\/secure.gravatar.com\/avatar\/df0c9a14567c056f8ad6876ba5bbd1e3e2c48023eb6807342fc4663adf549f38?s=96&d=mm&r=g","caption":"Farn\u00e9sio"},"sameAs":["https:\/\/quersaberpolitica.com.br"],"url":"https:\/\/blogdofarnesio.com.br\/?author=1"}]}},"_links":{"self":[{"href":"https:\/\/blogdofarnesio.com.br\/index.php?rest_route=\/wp\/v2\/posts\/261787","targetHints":{"allow":["GET"]}}],"collection":[{"href":"https:\/\/blogdofarnesio.com.br\/index.php?rest_route=\/wp\/v2\/posts"}],"about":[{"href":"https:\/\/blogdofarnesio.com.br\/index.php?rest_route=\/wp\/v2\/types\/post"}],"author":[{"embeddable":true,"href":"https:\/\/blogdofarnesio.com.br\/index.php?rest_route=\/wp\/v2\/users\/1"}],"replies":[{"embeddable":true,"href":"https:\/\/blogdofarnesio.com.br\/index.php?rest_route=%2Fwp%2Fv2%2Fcomments&post=261787"}],"version-history":[{"count":0,"href":"https:\/\/blogdofarnesio.com.br\/index.php?rest_route=\/wp\/v2\/posts\/261787\/revisions"}],"wp:featuredmedia":[{"embeddable":true,"href":"https:\/\/blogdofarnesio.com.br\/index.php?rest_route=\/wp\/v2\/media\/261788"}],"wp:attachment":[{"href":"https:\/\/blogdofarnesio.com.br\/index.php?rest_route=%2Fwp%2Fv2%2Fmedia&parent=261787"}],"wp:term":[{"taxonomy":"category","embeddable":true,"href":"https:\/\/blogdofarnesio.com.br\/index.php?rest_route=%2Fwp%2Fv2%2Fcategories&post=261787"},{"taxonomy":"post_tag","embeddable":true,"href":"https:\/\/blogdofarnesio.com.br\/index.php?rest_route=%2Fwp%2Fv2%2Ftags&post=261787"}],"curies":[{"name":"wp","href":"https:\/\/api.w.org\/{rel}","templated":true}]}}